{"id":9951,"date":"2024-01-23T00:45:05","date_gmt":"2024-01-23T00:45:05","guid":{"rendered":"https:\/\/www.affinite.fr\/index.php\/2024\/01\/23\/le-nouveau-manteau-de-tina-kunakey-est-spectaculaire\/"},"modified":"2024-01-23T00:45:05","modified_gmt":"2024-01-23T00:45:05","slug":"le-nouveau-manteau-de-tina-kunakey-est-spectaculaire","status":"publish","type":"post","link":"https:\/\/www.affinite.fr\/index.php\/2024\/01\/23\/le-nouveau-manteau-de-tina-kunakey-est-spectaculaire\/","title":{"rendered":"Le nouveau manteau de Tina Kunakey est spectaculaire"},"content":{"rendered":"<p> [ad_1]<br \/>\n<\/p>\n<p>\n                Toujours au top des tendances, la mannequin Tina Kunakey ne manque pas une occasion de porter des pi\u00e8ces d&rsquo;exception. Le manteau qu&rsquo;elle arborait lors du d\u00e9fil\u00e9 Sacai automne-hiver 2024-2025\u00a0en est la preuve formelle.            <\/p>\n<div>\n<aside class=\"ccmsummary marqueur_module ccmcss_cms_summary ccmcss_cms_summary--right\"><lt-highlighter contenteditable=\"false\" data-lt-linked=\"1\" style=\"display: none;\"><lt-div class=\"lt-highlighter__wrapper\" spellcheck=\"false\" style=\"width: 284.877px !important; height: 13.9962px !important; transform: none !important; transform-origin: 142.438px 6.99811px !important; zoom: 1 !important;\"><lt-div class=\"lt-highlighter__scroll-element\" style=\"top: 0px !important; left: 0px !important; width: 284.877px !important; height: 15px !important;\"\/><\/lt-div><\/lt-highlighter><\/p>\n<p>Sommaire<\/p>\n<p><lt-highlighter contenteditable=\"false\" data-lt-linked=\"1\" style=\"display: none;\"><lt-div class=\"lt-highlighter__wrapper\" spellcheck=\"false\" style=\"width: 350.312px !important; height: 134.176px !important; transform: none !important; transform-origin: 175.156px 67.0881px !important; zoom: 1 !important; margin-top: 2.99716px !important;\"><lt-div class=\"lt-highlighter__scroll-element\" style=\"top: 0px !important; left: 0px !important; width: 350px !important; height: 134px !important;\"><canvas class=\"lt-highlighter__canvas\" height=\"41\" style=\"display: none; top: 24px !important; left: 0px !important;\" width=\"85\"\/><\/lt-div><\/lt-div><\/lt-highlighter><\/p>\n<\/aside>\n<p><strong>Tina Kunakey <\/strong>est l&rsquo;une des mannequins les plus incontournables du moment. \u00c9g\u00e9rie du chic \u00e0 la fran\u00e7aise, la jeune femme est convi\u00e9e \u00e0 tous les\u00a0d\u00e9fil\u00e9s lorsque la Fashion Week s&rsquo;installe \u00e0 <strong>Paris<\/strong>. Elle en profite d&rsquo;ailleurs toujours pour\u00a0prouver qu&rsquo;elle ma\u00eetrise \u00e0 fond les tendances du moment.<\/p>\n<figure class=\"image\" style=\"float:left\"><a class=\"fancy\" href=\"https:\/\/img-3.journaldesfemmes.fr\/iunCyiEjNfozjKIQtRNXlQdwsQY=\/1080x\/smart\/999fe1e5653e4c249ead0b2e894466dc\/ccmcms-jdf\/39939137.jpg\"><img decoding=\"async\" alt=\"tina-kunakey-look\" src=\"https:\/\/img-3.journaldesfemmes.fr\/EkaypiRCtB31JTdKOwOdkeLzHOU=\/300x\/smart\/999fe1e5653e4c249ead0b2e894466dc\/ccmcms-jdf\/39939137.jpg\"\/><\/a><figcaption data-credit=\"Gigi Iorio\/Splash News\/ABACA\" data-legend=\"Tina Kunakey \u00e0 Paris le 21 janvier 2024 \">Tina Kunakey \u00e0 Paris le 21\u00a0janvier 2024 <small>\u00a9\u00a0Gigi Iorio\/Splash News\/ABACA<\/small><\/figcaption><\/figure>\n<p>Le dimanche 21 janvier 2024, la jeune femme a assist\u00e9 au d\u00e9fil\u00e9 de la griffe japonaise Sacai, organis\u00e9 dans le cadre de la fashion week homme\u00a0automne-hiver 2024-2025. Elle y a port\u00e9 une <strong>robe noire asym\u00e9trique<\/strong> sans manches, ainsi que des bottes en cuir \u00e0 bouts carr\u00e9s. Pour parfaire son<strong> total look<\/strong> <b>noir <\/b>avec style, la jeune mannequin avait enfil\u00e9 un long\u00a0manteau oversize ceintur\u00e9, orn\u00e9 de tr\u00e8s longs poils noirs. On adore.<\/p>\n<p><span style=\"font-size: 1rem;\">La star du moment\u00a0? La mannequin fran\u00e7aise\u00a0<\/span><strong style=\"font-size: 1rem;\">Tina Kunakey<\/strong><span style=\"font-size: 1rem;\">. La jeune femme, n\u00e9e en 1997, partage son quotidien et ses plus belles tenues avec ses<\/span><strong style=\"font-size: 1rem;\"> 1,4\u00a0million de followers<\/strong><span style=\"font-size: 1rem;\"> sur Instagram. Qu&rsquo;elle soit enceinte, en vacances au soleil ou sur le tapis rouge, la top\u00a0n&rsquo;a pas peur d&rsquo;exprimer sa personnalit\u00e9 \u00e0 travers <\/span><strong style=\"font-size: 1rem;\">ses looks audacieux<\/strong><span style=\"font-size: 1rem;\"> et toujours r\u00e9ussis. Courtis\u00e9e par les plus grand-e-s cr\u00e9ateur-rice-s, elle signe r\u00e9guli\u00e8rement de nouvelles campagnes pour des marques prestigieuses. D\u00e9cryptage de son look.<\/span><\/p>\n<figure class=\"image\" style=\"float:right\"><a class=\"fancy\" href=\"https:\/\/img-3.journaldesfemmes.fr\/qWTN0lvf23lwEvfpAe3KXik6oPU=\/1080x\/smart\/aef3a3962fde4c768114909cb506cd8e\/ccmcms-jdf\/39619393.jpg\" target=\"_blank\" rel=\"noopener\"><img decoding=\"async\" alt=\"tina-kunakey-defile-jacquemus\" src=\"https:\/\/img-3.journaldesfemmes.fr\/QJmRdlW293YDdt_Ew3OxQzBr79k=\/300x\/smart\/aef3a3962fde4c768114909cb506cd8e\/ccmcms-jdf\/39619393.jpg\"\/><\/a><lt-highlighter contenteditable=\"false\" data-lt-linked=\"1\" style=\"display: none; z-index: 2 !important;\"><lt-div class=\"lt-highlighter__wrapper\" spellcheck=\"false\" style=\"width: 300px !important; height: 72.5px !important; transform: none !important; transform-origin: 150px 36.25px !important; zoom: 1 !important; margin-top: -72.5px !important;\"><lt-div class=\"lt-highlighter__scroll-element\" style=\"top: 0px !important; left: 0px !important; width: 300px !important; height: 72.5px !important;\"><canvas class=\"lt-highlighter__canvas\" height=\"34\" style=\"display: none; top: 10px !important; left: 40px !important;\" width=\"223\"\/><\/lt-div><\/lt-div><\/lt-highlighter><figcaption data-credit=\"ABACA\" data-gramm=\"false\" data-legend=\"Tina Kunakey lors du d\u00e9fil\u00e9 Jacquemus &quot;Le Raphia&quot; le 12 d\u00e9cembe 2022 au Bourget\" data-lt-tmp-id=\"lt-347995\" spellcheck=\"false\">Tina Kunakey lors du d\u00e9fil\u00e9 Jacquemus \u00ab\u00a0Le Raphia\u00a0\u00bb le 12\u00a0d\u00e9cembe 2022\u00a0au Bourget <small>\u00a9\u00a0ABACA<\/small><\/figcaption><\/figure>\n<p>En un mot\u00a0: versatile. La mannequin\u00a0n&rsquo;h\u00e9site pas \u00e0 <strong>faire \u00e9voluer son style<\/strong> au fil des saisons et des tendances, mixant g\u00e9n\u00e9reusement textures, couleurs et imprim\u00e9s audacieux. R\u00e9sultat\u00a0? Des tenues tant\u00f4t <em>casual<\/em>, tant\u00f4t tr\u00e8s f\u00e9minines, mais toujours tr\u00e8s \u00ab\u00a0Tina\u00a0\u00bb. Pas \u00e9tonnant, d\u00e8s lors, de retrouver la griffe italienne <strong>Miu Miu<\/strong> parmi\u00a0ses marques de pr\u00e9dilection. Jupes taille basse, crop tops et vestes de tailleur structur\u00e9es font ainsi partie de son vocabulaire stylistique.<\/p>\n<h2 id=\"a-quoi-ressemblent-les-looks-casualde-tina-kunakey\">\u00c0 quoi ressemblent les looks casual\u00a0de Tina Kunakey\u00a0?\u00a0<\/h2>\n<p>\u00c0 la ville, elle opte g\u00e9n\u00e9ralement pour des<strong> tenues confortables<\/strong>, \u00e0 grand renfort de jeans, de sweats amples ou encore de chemises XXL. Tr\u00e8s cr\u00e9ative, elle ajoute souvent sa petite touche personnelle en misant sur un bon nombre d&rsquo;accessoires, comme un petit <strong>sac \u00e0 main de cr\u00e9ateur-rice<\/strong>\u00a0ou des bijoux clinquants. Foulards \u00e0 imprim\u00e9s et grands chapeaux sont, par exemple, des pi\u00e8ces ma\u00eetresses\u00a0de sa garde-robe, notamment lorsqu&rsquo;elle s&rsquo;envole en vacances.\u00a0<\/p>\n<figure class=\"image\" style=\"float:left\"><a class=\"fancy\" href=\"https:\/\/img-3.journaldesfemmes.fr\/0lU-OtRqBUdg76xNRV4PR1Eccmc=\/1080x\/smart\/4d316c4836f046ea9335333239e6a2a6\/ccmcms-jdf\/39619394.jpg\"><img decoding=\"async\" alt=\"tina-kunakey-mostra-venise\" src=\"https:\/\/img-3.journaldesfemmes.fr\/prWg4fHiiToXl_JvCkuPjeujqbQ=\/300x\/smart\/4d316c4836f046ea9335333239e6a2a6\/ccmcms-jdf\/39619394.jpg\"\/><\/a><figcaption data-credit=\"Marechal Aurore\/ABACA\" data-legend=\"Tina Kunakey \u00e0 la Mostra de Venise le 2 septembre 2022\">Tina Kunakey \u00e0 la Mostra de Venise le 2 septembre 2022 <small>\u00a9\u00a0Marechal Aurore\/ABACA<\/small><\/figcaption><\/figure>\n<p>Sur le <em>red carpet<\/em>, impossible de la manquer. Son gimmick mode pr\u00e9f\u00e9r\u00e9 ?\u00a0Enfiler de <strong>longues robes de gala<\/strong>, noires pour se la jouer femme fatale ou \u00e9clatantes pour scotcher l&rsquo;assembl\u00e9e.\u00a0Et aux pieds, des <strong>talons hauts<\/strong>, toujours, qui allongent sa silhouette.\u00a0<\/p>\n<h2 id=\"qui-a-cree-la-robe-de-mariee-de-tina-kunakey\">Qui a cr\u00e9\u00e9 la robe de mari\u00e9e de Tina Kunakey\u00a0?\u00a0<\/h2>\n<p>Le 24\u00a0ao\u00fbt 2018, <strong>Tina Kunakey et <a href=\"https:\/\/www.journaldesfemmes.fr\/people\/vincent-cassel\/\" title=\"Vincent Cassel\">Vincent Cassel<\/a> s<\/strong>e disaient oui lors d&rsquo;une c\u00e9r\u00e9monie intimiste \u00e0 Bidart, dans le\u00a0Pays basque. Pour ce grand jour, la mari\u00e9e avait choisi une robe bustier au large jupon de tulle sign\u00e9e de la cr\u00e9atrice <strong>Vera Wang.<\/strong> Pour couper le g\u00e2teau, et danser toute la nuit, elle avait opt\u00e9 pour une robe drap\u00e9e<strong> <a href=\"https:\/\/www.journaldesfemmes.fr\/mode\/conseils-mode\/2740225-les-jardins-du-chateau-de-versailles-ont-accueilli-un-defile-jacquemus-absolument-royal\/\" title=\"Simon Porte Jacquemus\">Jacquemus<\/a><\/strong> et des boucles d&rsquo;oreilles pr\u00e9cieuses.<\/p>\n<h2 id=\"quelles-sont-les-marques-preferees-de-tina-kunakey\">Quelles sont les marques pr\u00e9f\u00e9r\u00e9es de Tina Kunakey\u00a0?\u00a0<\/h2>\n<p>Si son style est versatile, ses marques de pr\u00e9dilection le sont tout autant. Sur le tapis rouge, elle mise g\u00e9n\u00e9ralement sur <strong><a href=\"https:\/\/www.journaldesfemmes.fr\/mode\/conseils-mode\/2699041-valentino-garavani-maitre-du-glamour-a-l-italienne\/\" title=\"Valentino Garavani\">Valentino<\/a><\/strong>, tandis qu&rsquo;au quotidien, elle enfile volontiers les cr\u00e9ations de <strong>Jacquemus<\/strong>, dont elle ne manque pas un d\u00e9fil\u00e9. \u00c9g\u00e9rie<strong> Superga<\/strong> depuis mars 2023, elle troque (\u00e0 la ville) ses talons hauts pour les mythiques tennis de la marque italienne. Parmi les marques qu&rsquo;elle affectionne particuli\u00e8rement, on retrouve \u00e9galement\u00a0<strong>Ralph Lauren<\/strong>, Tommy Hilfiger, <strong>Stella McCartney<\/strong> ou encore Amina Muaddi.\u00a0<\/p>\n<p>En ne suivant (pas trop) les tendances. Mixez des<strong> pi\u00e8ces d\u00e9contract\u00e9es<\/strong> avec des <strong>pi\u00e8ces plus habill\u00e9es<\/strong>, et twistez l&rsquo;ensemble de bijoux ou d&rsquo;accessoires personnels. N&rsquo;oubliez pas de porter de la <strong>couleur<\/strong>, meilleure astuce pour illuminer le quotidien !<\/p>\n<p><lt-toolbar contenteditable=\"false\" data-lt-adjust-appearance=\"true\" data-lt-force-appearance=\"light\" style=\"display: none;\"><lt-div class=\"lt-toolbar__wrapper\" style=\"left: 975px; position: absolute !important; top: 150px !important; bottom: auto !important; z-index: 1;\"><lt-div class=\"lt-toolbar__status-icon lt-toolbar__status-icon-has-errors lt-toolbar__status-icon-has-3-errors\" title=\"\"\/><lt-div class=\"lt-toolbar__premium-icon-dot\"\/><lt-div class=\"lt-toolbar__status-icon-in-progress\"\/><\/lt-div><\/lt-toolbar><lt-toolbar contenteditable=\"false\" data-lt-adjust-appearance=\"true\" data-lt-force-appearance=\"light\" style=\"display: none;\"><lt-div class=\"lt-toolbar__wrapper lt-toolbar__wrapper--hide\"><lt-div class=\"lt-toolbar__status-icon lt-toolbar__status-icon--has-no-errors\" title=\"\"\/><lt-div class=\"lt-toolbar__premium-icon-dot\"\/><\/lt-div><\/lt-toolbar><\/p><\/div>\n<p>[ad_2]<br \/>\n<br \/><a href=\"https:\/\/www.journaldesfemmes.fr\/mode\/styles-de-people\/2913657-le-nouveau-manteau-de-tina-kunakey-est-spectaculaire-la-piece-ideale-pour-survivre-a-l-hiver-en-beaute\/\">Source link <\/a><\/p>\n","protected":false},"excerpt":{"rendered":"<p>[ad_1] Toujours au top des tendances, la mannequin Tina Kunakey ne manque pas une occasion de porter des pi\u00e8ces d&rsquo;exception. &hellip; <a href=\"https:\/\/www.affinite.fr\/index.php\/2024\/01\/23\/le-nouveau-manteau-de-tina-kunakey-est-spectaculaire\/\" class=\"more-link\">Plus <span class=\"screen-reader-text\">Le nouveau manteau de Tina Kunakey est spectaculaire<\/span> <span class=\"meta-nav\">&rarr;<\/span><\/a><\/p>\n","protected":false},"author":1,"featured_media":9952,"comment_status":"","ping_status":"open","sticky":false,"template":"","format":"standard","meta":{"_sitemap_exclude":false,"_sitemap_priority":"","_sitemap_frequency":"","footnotes":""},"categories":[1],"tags":[],"class_list":["post-9951","post","type-post","status-publish","format-standard","has-post-thumbnail","hentry","category-tous"],"_links":{"self":[{"href":"https:\/\/www.affinite.fr\/index.php\/wp-json\/wp\/v2\/posts\/9951"}],"collection":[{"href":"https:\/\/www.affinite.fr\/index.php\/wp-json\/wp\/v2\/posts"}],"about":[{"href":"https:\/\/www.affinite.fr\/index.php\/wp-json\/wp\/v2\/types\/post"}],"author":[{"embeddable":true,"href":"https:\/\/www.affinite.fr\/index.php\/wp-json\/wp\/v2\/users\/1"}],"replies":[{"embeddable":true,"href":"https:\/\/www.affinite.fr\/index.php\/wp-json\/wp\/v2\/comments?post=9951"}],"version-history":[{"count":0,"href":"https:\/\/www.affinite.fr\/index.php\/wp-json\/wp\/v2\/posts\/9951\/revisions"}],"wp:featuredmedia":[{"embeddable":true,"href":"https:\/\/www.affinite.fr\/index.php\/wp-json\/wp\/v2\/media\/9952"}],"wp:attachment":[{"href":"https:\/\/www.affinite.fr\/index.php\/wp-json\/wp\/v2\/media?parent=9951"}],"wp:term":[{"taxonomy":"category","embeddable":true,"href":"https:\/\/www.affinite.fr\/index.php\/wp-json\/wp\/v2\/categories?post=9951"},{"taxonomy":"post_tag","embeddable":true,"href":"https:\/\/www.affinite.fr\/index.php\/wp-json\/wp\/v2\/tags?post=9951"}],"curies":[{"name":"wp","href":"https:\/\/api.w.org\/{rel}","templated":true}]}}