{"id":9210,"date":"2023-06-12T15:39:06","date_gmt":"2023-06-12T15:39:06","guid":{"rendered":"https:\/\/www.affinite.fr\/index.php\/2023\/06\/12\/tete-qui-tourne-le-matin-au-reveil-les-causes\/"},"modified":"2023-06-12T15:39:06","modified_gmt":"2023-06-12T15:39:06","slug":"tete-qui-tourne-le-matin-au-reveil-les-causes","status":"publish","type":"post","link":"https:\/\/www.affinite.fr\/index.php\/2023\/06\/12\/tete-qui-tourne-le-matin-au-reveil-les-causes\/","title":{"rendered":"T\u00eate qui tourne le matin au r\u00e9veil\u00a0: les causes"},"content":{"rendered":"<p> [ad_1]<br \/>\n<br \/><img decoding=\"async\" src=\"https:\/\/img-3.journaldesfemmes.fr\/j8yHHvdKZLrpbDLydp9VZouGcqE=\/1280x\/smart\/accbb9b11db34db7aad449d81ba0585e\/ccmcms-jdf\/39634742.jpg\" \/><\/p>\n<p>\n                Avoir la t\u00eate qui tourne le matin au r\u00e9veil est souvent banal et li\u00e9 \u00e0 une hypotension orthostatique. Mais lorsque les vertiges matinaux se r\u00e9p\u00e8tent, il est n\u00e9cessaire de consulter un m\u00e9decin.            <\/p>\n<div>\n<aside class=\"ccmsummary marqueur_module ccmcss_cms_summary ccmcss_cms_summary--right\">\n<p>Sommaire<\/p>\n<\/aside>\n<p>Le vertige est une sensation d\u00e9sagr\u00e9able et inconfortable de perte de l&rsquo;\u00e9quilibre. Il peut s&rsquo;agir d&rsquo;un sentiment de <strong>\u00ab\u00a0t\u00eate qui tourne\u00a0\u00bb, semblable \u00e0 l&rsquo;ivresse,<\/strong> ou d&rsquo;une impression que les objets se d\u00e9placent autour de soi. Les causes des <a href=\"https:\/\/sante.journaldesfemmes.fr\/fiches-sante-du-quotidien\/2436730-vertiges-tete-qui-tourne-causes-definition-traitements-methode-etourdissement-sensation\/\" title=\"Vertige\">vertiges<\/a> sont multiples et certains <strong>sont aggrav\u00e9s le matin, au lever, comme l&rsquo;hypotension orthostatique<\/strong>. Ce ph\u00e9nom\u00e8ne survient lors du passage de la position couch\u00e9e \u00e0 la position debout.<\/p>\n<h2 id=\"quelles-sont-les-causes-de-la-tete-qui-tourne-\">Quelles sont les causes de la t\u00eate qui tourne ?<\/h2>\n<p>La cause la plus fr\u00e9quente de vertige au r\u00e9veil est l&rsquo;<strong><a href=\"https:\/\/sante.journaldesfemmes.fr\/fiches-maladies\/2634789-hypotension-orthostatique-definition-causes-test-mesure-traitement-medicament-que-faire\/\" title=\"Hypotension orthostatique\">hypotension orthostatique<\/a><\/strong>, qui se manifeste au moment du passage de la position allong\u00e9e \u00e0 la position debout. Lors de ce mouvement, le sang va, par un ph\u00e9nom\u00e8ne gravitationnel, descendre dans les jambes. <strong>L&rsquo;organisme normal s&rsquo;adapte pour emp\u00eacher la chute de tension<\/strong>, adaptation qui ne se fait pas en cas d&rsquo;hypotension orthostatique et qui provoque une chute brutale de la tension art\u00e9rielle. Cette baisse de la tension est responsable de la sensation de vertiges ou d&rsquo;\u00e9tourdissement, pouvant parfois m\u00eame provoquer un malaise avec perte de connaissance et chute. L&rsquo;hypotension orthostatique touche pr\u00e9f\u00e9rentiellement les personnes \u00e2g\u00e9es ou les femmes enceintes.<\/p>\n<p>\u25ba La <strong><a href=\"https:\/\/sante.journaldesfemmes.fr\/fiches-maladies\/2513652-maladie-de-meniere-definition-symptomes-causes-guerison-traitement\/\" title=\"Vertige de m\u00e9ni\u00e8re\">maladie de M\u00e9ni\u00e8re<\/a> <\/strong>ou les vertiges li\u00e9s \u00e0 une atteinte de l&rsquo;oreille interne peuvent \u00e9galement \u00eatre accentu\u00e9s le matin au lever, en raison du changement de position.<\/p>\n<p>\u25ba\u00a0<strong>L&rsquo;<a href=\"https:\/\/sante.journaldesfemmes.fr\/fiches-maladies\/2512703-hypoglycemie-symptomes-causes-traitements\/\" title=\"Hypoglyc\u00e9mie\">hypoglyc\u00e9mie<\/a> peut aussi \u00eatre \u00e0 l&rsquo;origine de vertiges le matin. <\/strong><\/p>\n<p>\u25ba\u00a0L&rsquo;hypotension orthostatique est \u00e9galement fr\u00e9quente chez <strong>le sujet diab\u00e9tique.<\/strong><\/p>\n<p>\u25ba<strong> Les malaises vagaux<\/strong> peuvent aussi se manifester par des sensations de \u00ab\u00a0t\u00eate qui tourne\u00a0\u00bb au lever.<\/p>\n<h2 id=\"que-faire-quand-on-a-la-tete-qui-tourne-au-reveil-\">Que faire quand on a la t\u00eate qui tourne au r\u00e9veil ?<\/h2>\n<p>Lorsqu&rsquo;un sujet a tendance aux vertiges matinaux, le lever doit \u00eatre tr\u00e8s progressif. Le passage de la position couch\u00e9e \u00e0 la position debout doit se faire<strong> par l&rsquo;interm\u00e9diaire de la position assise, pendant quelques minutes. <\/strong>Il peut \u00e9galement \u00eatre utile de<strong> relever les jambes pour \u00e9viter l&rsquo;afflux sanguin vers les membres inf\u00e9rieurs<\/strong>. Une bonne hydratation est toujours n\u00e9cessaire.<\/p>\n<h2 id=\"quand-consulter\">Quand consulter\u00a0?<\/h2>\n<p>Lorsque les vertiges matinaux se r\u00e9p\u00e8tent, il est n\u00e9cessaire de consulter pour en faire le diagnostic. L&rsquo;hypotension orthostatique se confirme par des<strong> mesures de tension art\u00e9rielle en position allong\u00e9e<\/strong>, puis contr\u00f4l\u00e9e \u00e0 plusieurs reprises durant la station debout. Si elle est av\u00e9r\u00e9e, la recherche d&rsquo;une cause m\u00e9dicamenteuse doit avoir lieu et une r\u00e9\u00e9valuation du traitement notamment contre l&rsquo;hypertension devra \u00eatre entreprise. En cas de vertiges li\u00e9s \u00e0 une pathologie de l&rsquo;oreille interne, <strong>une consultation ORL<\/strong> pour un bilan est n\u00e9cessaire. Un <a href=\"https:\/\/sante.journaldesfemmes.fr\/fiches-anatomie-et-examens\/2919607-bilan-biologique-sanguin-quels-examens\/\" title=\"Bilan sanguin\">bilan biologique<\/a> est \u00e9galement utile, \u00e0 la recherche d&rsquo;une an\u00e9mie, de carences ou de d\u00e9s\u00e9quilibre glyc\u00e9mique.<\/p>\n<\/p><\/div>\n<p>[ad_2]<br \/>\n<br \/><a href=\"https:\/\/sante.journaldesfemmes.fr\/fiches-sante-du-quotidien\/2524917-tete-qui-tourne-le-matin-au-reveil-les-causes\/\">Source link <\/a><\/p>\n","protected":false},"excerpt":{"rendered":"<p>[ad_1] Avoir la t\u00eate qui tourne le matin au r\u00e9veil est souvent banal et li\u00e9 \u00e0 une hypotension orthostatique. Mais &hellip; <a href=\"https:\/\/www.affinite.fr\/index.php\/2023\/06\/12\/tete-qui-tourne-le-matin-au-reveil-les-causes\/\" class=\"more-link\">Plus <span class=\"screen-reader-text\">T\u00eate qui tourne le matin au r\u00e9veil\u00a0: les causes<\/span> <span class=\"meta-nav\">&rarr;<\/span><\/a><\/p>\n","protected":false},"author":1,"featured_media":9211,"comment_status":"","ping_status":"open","sticky":false,"template":"","format":"standard","meta":{"_sitemap_exclude":false,"_sitemap_priority":"","_sitemap_frequency":"","footnotes":""},"categories":[1],"tags":[],"class_list":["post-9210","post","type-post","status-publish","format-standard","has-post-thumbnail","hentry","category-tous"],"_links":{"self":[{"href":"https:\/\/www.affinite.fr\/index.php\/wp-json\/wp\/v2\/posts\/9210"}],"collection":[{"href":"https:\/\/www.affinite.fr\/index.php\/wp-json\/wp\/v2\/posts"}],"about":[{"href":"https:\/\/www.affinite.fr\/index.php\/wp-json\/wp\/v2\/types\/post"}],"author":[{"embeddable":true,"href":"https:\/\/www.affinite.fr\/index.php\/wp-json\/wp\/v2\/users\/1"}],"replies":[{"embeddable":true,"href":"https:\/\/www.affinite.fr\/index.php\/wp-json\/wp\/v2\/comments?post=9210"}],"version-history":[{"count":0,"href":"https:\/\/www.affinite.fr\/index.php\/wp-json\/wp\/v2\/posts\/9210\/revisions"}],"wp:featuredmedia":[{"embeddable":true,"href":"https:\/\/www.affinite.fr\/index.php\/wp-json\/wp\/v2\/media\/9211"}],"wp:attachment":[{"href":"https:\/\/www.affinite.fr\/index.php\/wp-json\/wp\/v2\/media?parent=9210"}],"wp:term":[{"taxonomy":"category","embeddable":true,"href":"https:\/\/www.affinite.fr\/index.php\/wp-json\/wp\/v2\/categories?post=9210"},{"taxonomy":"post_tag","embeddable":true,"href":"https:\/\/www.affinite.fr\/index.php\/wp-json\/wp\/v2\/tags?post=9210"}],"curies":[{"name":"wp","href":"https:\/\/api.w.org\/{rel}","templated":true}]}}