{"id":902,"date":"2020-03-20T17:47:00","date_gmt":"2020-03-20T17:47:00","guid":{"rendered":"https:\/\/www.affinite.fr\/index.php\/2020\/03\/20\/voici-la-nouvelle-interface-du-menu-demarrer\/"},"modified":"2020-03-20T17:47:00","modified_gmt":"2020-03-20T17:47:00","slug":"voici-la-nouvelle-interface-du-menu-demarrer","status":"publish","type":"post","link":"https:\/\/www.affinite.fr\/index.php\/2020\/03\/20\/voici-la-nouvelle-interface-du-menu-demarrer\/","title":{"rendered":"voici la nouvelle interface du menu D\u00e9marrer"},"content":{"rendered":"<p> [ad_1]<br \/>\n<br \/><img decoding=\"async\" src=\"https:\/\/img.bfmtv.com\/i\/0\/0\/8f9\/62e32f49539efd733de3fa6ec8a3d.jpg\" \/><\/p>\n<div itemprop=\"articleBody\">\n<p>Le ravalement de fa\u00e7ade du menu D\u00e9marrer est termin\u00e9. Microsoft vient de d\u00e9voiler la nouvelle interface graphique dans une vid\u00e9o promotionnelle diffus\u00e9e sur <a href=\"https:\/\/www.instagram.com\/p\/B97VqkXg0iN\/\" target=\"_blank\" rel=\"noopener noreferrer\">Instagram <\/a>par Panos Panay, directeur des produits chez Microsoft. Comme cela avait \u00e9t\u00e9 <a href=\"https:\/\/www.01net.com\/actualites\/windows-10-microsoft-devoile-la-nouvelle-interface-de-son-menu-demarrer-1868859.html\" target=\"_blank\" rel=\"noopener noreferrer\">indiqu\u00e9 pr\u00e9c\u00e9demment<\/a>, les tuiles dynamiques et bariol\u00e9es ont \u00e9t\u00e9 remplac\u00e9es par des tuiles statiques et sobres, plus agr\u00e9ables et pratiques \u00e0 utiliser.<\/p>\n<p>Dans cette vid\u00e9o, on voit \u00e9galement appara\u00eetre les nouvelles ic\u00f4nes des applications int\u00e9gr\u00e9es, de nouveaux menus contextuels, ainsi qu\u2019une nouvelle version du gestionnaire de fichiers. Malheureusement, on ne sait toujours pas quand cette nouvelle mouture sera disponible. Microsoft profite surtout de cette vid\u00e9o pour souligner le fait d\u2019avoir enfin atteint le milliard de terminaux sous Windows\u00a010, un cap qu\u2019il pensait <a href=\"https:\/\/www.01net.com\/actualites\/windows-10-l-os-de-microsoft-franchit-la-barre-des-75-millions-d-installations-909957.html\" target=\"_blank\" rel=\"noopener noreferrer\">initialement <\/a>pouvoir atteindre en 2018.<\/p>\n<p><strong>Source<\/strong>: <a href=\"https:\/\/www.theverge.com\/2020\/3\/19\/21187384\/microsoft-windows-10-new-file-explorer-start-menu-context-menu-teaser-video-changes\" target=\"_blank\" rel=\"noopener noreferrer\">The Verge<\/a><\/p>\n<\/p><\/div>\n<p><script>\n         !function(f,b,e,v,n,t,s){if(f.fbq)return;n=f.fbq=function()\n         {n.callMethod? n.callMethod.apply(n,arguments):n.queue.push(arguments)}\n         ;if(!f._fbq)f._fbq=n;\n             n.push=n;n.loaded=!0;n.version='2.0';n.queue=[];t=b.createElement(e);t.async=!0;\n             t.src=v;s=b.getElementsByTagName(e)[0];s.parentNode.insertBefore(t,s)}(window,\n                 document,'script','https:\/\/connect.facebook.net\/en_US\/fbevents.js');\n         fbq('init', '1065890633454496');\n         fbq('track', 'PageView');\n     <\/script><script async defer src=\"https:\/\/platform.instagram.com\/en_US\/embeds.js\"><\/script><br \/>\n<br \/>[ad_2]<br \/>\n<br \/><a href=\"https:\/\/www.01net.com\/actualites\/windows10-voici-la-nouvelle-interface-du-menu-demarrer-1878493.html\">Source link <\/a><\/p>\n","protected":false},"excerpt":{"rendered":"<p>[ad_1] Le ravalement de fa\u00e7ade du menu D\u00e9marrer est termin\u00e9. Microsoft vient de d\u00e9voiler la nouvelle interface graphique dans une &hellip; <a href=\"https:\/\/www.affinite.fr\/index.php\/2020\/03\/20\/voici-la-nouvelle-interface-du-menu-demarrer\/\" class=\"more-link\">Plus <span class=\"screen-reader-text\">voici la nouvelle interface du menu D\u00e9marrer<\/span> <span class=\"meta-nav\">&rarr;<\/span><\/a><\/p>\n","protected":false},"author":1,"featured_media":903,"comment_status":"open","ping_status":"open","sticky":false,"template":"","format":"standard","meta":{"_sitemap_exclude":false,"_sitemap_priority":"","_sitemap_frequency":"","footnotes":""},"categories":[1],"tags":[],"class_list":["post-902","post","type-post","status-publish","format-standard","has-post-thumbnail","hentry","category-tous"],"_links":{"self":[{"href":"https:\/\/www.affinite.fr\/index.php\/wp-json\/wp\/v2\/posts\/902"}],"collection":[{"href":"https:\/\/www.affinite.fr\/index.php\/wp-json\/wp\/v2\/posts"}],"about":[{"href":"https:\/\/www.affinite.fr\/index.php\/wp-json\/wp\/v2\/types\/post"}],"author":[{"embeddable":true,"href":"https:\/\/www.affinite.fr\/index.php\/wp-json\/wp\/v2\/users\/1"}],"replies":[{"embeddable":true,"href":"https:\/\/www.affinite.fr\/index.php\/wp-json\/wp\/v2\/comments?post=902"}],"version-history":[{"count":0,"href":"https:\/\/www.affinite.fr\/index.php\/wp-json\/wp\/v2\/posts\/902\/revisions"}],"wp:featuredmedia":[{"embeddable":true,"href":"https:\/\/www.affinite.fr\/index.php\/wp-json\/wp\/v2\/media\/903"}],"wp:attachment":[{"href":"https:\/\/www.affinite.fr\/index.php\/wp-json\/wp\/v2\/media?parent=902"}],"wp:term":[{"taxonomy":"category","embeddable":true,"href":"https:\/\/www.affinite.fr\/index.php\/wp-json\/wp\/v2\/categories?post=902"},{"taxonomy":"post_tag","embeddable":true,"href":"https:\/\/www.affinite.fr\/index.php\/wp-json\/wp\/v2\/tags?post=902"}],"curies":[{"name":"wp","href":"https:\/\/api.w.org\/{rel}","templated":true}]}}