{"id":8873,"date":"2023-02-20T19:46:26","date_gmt":"2023-02-20T19:46:26","guid":{"rendered":"https:\/\/www.affinite.fr\/index.php\/2023\/02\/20\/apres-camaieu-et-cop-copine-cette-marque-de-mode-fait-a-son-tour-faillite\/"},"modified":"2023-02-20T19:46:26","modified_gmt":"2023-02-20T19:46:26","slug":"apres-camaieu-et-cop-copine-cette-marque-de-mode-fait-a-son-tour-faillite","status":"publish","type":"post","link":"https:\/\/www.affinite.fr\/index.php\/2023\/02\/20\/apres-camaieu-et-cop-copine-cette-marque-de-mode-fait-a-son-tour-faillite\/","title":{"rendered":"Apr\u00e8s Cama\u00efeu et Cop.Copine, cette marque de mode fait \u00e0 son tour faillite"},"content":{"rendered":"<p> [ad_1]<br \/>\n<\/p>\n<p>\n                C&rsquo;est officiel, le tribunal de commerce de Marseille a annonc\u00e9 la liquidation judiciaire de la marque San Marina le lundi 20\u00a0f\u00e9vrier 2023. L&rsquo;enseigne fran\u00e7aise avait d\u00e9finitivement baiss\u00e9 le rideau de ses magasins deux jours plus t\u00f4t.            <\/p>\n<div>\n<p>C&rsquo;est une h\u00e9catombe dans le <strong>paysage mode fran\u00e7ais<\/strong>. Depuis quelques mois, les marques ferment tour \u00e0 tour boutique. D&rsquo;abord <strong>Cama\u00efeu<\/strong>, qui le 28 septembre 2022 est plac\u00e9e en liquidation judiciaire.\u00a0Puis la griffe milieu de gamme <strong>Cop.Copine <\/strong>qui, apr\u00e8s pr\u00e8s de deux mois en redressement judiciaire, est liquid\u00e9e d\u00e9but f\u00e9vrier 2023. Deux semaines plus tard, c&rsquo;est au tour de la marque de chaussures <strong>San Marina<\/strong> de baisser le rideau. Plac\u00e9e en redressement judiciaire depuis <strong>septembre 2022<\/strong>, l&rsquo;entreprise d\u00e9tenue par <strong>St\u00e9phane Collaert et Laurent Portella<\/strong> aurait, en plus d&rsquo;avoir fait une \u00ab\u00a0<em>saison estivale d\u00e9cevante<\/em>\u00ab\u00a0, rencontr\u00e9 des difficult\u00e9s dues \u00e0 \u00ab\u00a0<em>l&rsquo;arr\u00eat de la cour de cassation de juin 2022, rendant exigible le paiement des loyers des p\u00e9riodes de confinement jusqu&rsquo;alors gel\u00e9<\/em>\u00ab\u00a0, d&rsquo;apr\u00e8s les informations du site sp\u00e9cialis\u00e9 <a href=\"https:\/\/fr.fashionnetwork.com\/news\/San-marina-les-actuels-dirigeants-jettent-l-eponge-concernant-leur-offre-de-reprise,1483627.html\" target=\"_blank\" rel=\"noopener\"><em>Fashion Network<\/em><\/a>.<\/p>\n<figure class=\"image\" style=\"float:left\"><a class=\"fancy\" href=\"https:\/\/img-3.journaldesfemmes.fr\/gR7C_GFsMKjulbdEyrynPQ6rWBI=\/1080x\/smart\/004aabfd077e4aa085f7f49469818bef\/ccmcms-jdf\/39586744.jpg\"><img decoding=\"async\" alt=\"magasin-camaieu-fermeture\" src=\"https:\/\/img-3.journaldesfemmes.fr\/ZBgQlq1nET8lW_ytWKDHBWUaYpc=\/300x\/smart\/004aabfd077e4aa085f7f49469818bef\/ccmcms-jdf\/39586744.jpg\"\/><\/a><figcaption data-credit=\"Villette Pierrick\/ABACA\" data-legend=\"Un magasin Cama\u00efeu \u00e0 Paris en d\u00e9cembre 2022\">Un magasin Cama\u00efeu \u00e0 Paris en d\u00e9cembre 2022 <small>\u00a9\u00a0Villette Pierrick\/ABACA<\/small><\/figcaption><\/figure>\n<p>Ce que cela signifie concr\u00e8tement ? La fermeture de <strong>163\u00a0magasins <\/strong>r\u00e9partis partout en France et le licenciement de plus de 650 salari\u00e9s. Pour expliquer sa d\u00e9cision, le tribunal de commerce de Marseille a affirm\u00e9, d&rsquo;apr\u00e8s<em> <a href=\"https:\/\/www.francetvinfo.fr\/economie\/commerce\/l-enseigne-de-chaussures-san-marina-placee-en-liquidation-judiciaire-entrainant-la-fermeture-de-163-magasins-en-france_5669660.html\" target=\"_blank\" rel=\"noopener\">France Info<\/a><\/em>,\u00a0que : \u00ab\u00a0<em>Aucun projet de reprise s\u00e9rieux n&rsquo;a pu \u00eatre soutenu et les dirigeants actuels n&rsquo;ont pu faire aboutir leur projet d&rsquo;offre de r\u00e9serve faute d&rsquo;investisseur\u00a0\u00bb<\/em>. De son c\u00f4t\u00e9, San Marina a voulu adresser \u00e0 ses client.e.s un message visible sur son site Internet : \u00ab\u00a0<em>Nous tenions \u00e0 vous remercier pour tout l&rsquo;amour que vous nous avez t\u00e9moign\u00e9 au cours de ces 42 ann\u00e9es pass\u00e9es ensemble ! Merci<\/em>\u00ab\u00a0.<\/p>\n<h2>Go Sport, Kooka\u00ef et les Galeries Lafayette en danger ?<\/h2>\n<p>De nombreux grands noms de l&rsquo;habillement fran\u00e7ais sont actuellement<strong> en redressement judiciaire<\/strong>, comme, depuis le 1<sup>er<\/sup> f\u00e9vrier 2023, la griffe de pr\u00eat-\u00e0-porter f\u00e9minin milieu de gamme<strong> Kooka\u00ef<\/strong>, l&rsquo;enseigne de sport <strong>Go Sport <\/strong>et la licence fran\u00e7aise de<strong> Gap<\/strong>. Ces deux derni\u00e8res marques, qui cherchent des repreneurs, ont en commun d&rsquo;appartenir au groupe <strong>Hermione People and Brands<\/strong> (HPB) de <strong>Michel Ohayon<\/strong>, qui d\u00e9tenait \u00e9galement <strong>Cama\u00efeu<\/strong> jusqu&rsquo;\u00e0 sa liquidation. L&rsquo;homme d&rsquo;affaires bordelais conna\u00eet en ce moment de nombreuses difficult\u00e9s, puisque, comme le rapportait l&rsquo;<a href=\"https:\/\/fr.fashionnetwork.com\/news\/Trois-holdings-de-l-investisseur-michel-ohayon-en-redressement-judiciaire,1483715.html\" target=\"_blank\" rel=\"noopener\">AFP<\/a> d\u00e9but f\u00e9vrier, trois holdings affili\u00e9es \u00e0\u00a0sa soci\u00e9t\u00e9 la <strong>Financi\u00e8re immobili\u00e8re bordelaise<\/strong> (FIB) ont \u00e9t\u00e9 plac\u00e9es en<strong> redressement judiciaire <\/strong>pour \u00ab\u00a0<em>le non remboursement de plus de 200\u00a0millions d&rsquo;euros d&#8217;emprunts<\/em>\u00ab\u00a0, puis le 15\u00a0f\u00e9vrier, la <strong>FIB<\/strong>, dont HPB est la branche d\u00e9di\u00e9e \u00e0 la distribution,\u00a0a \u00e0 son tour \u00e9t\u00e9 plac\u00e9e en\u00a0redressement judiciaire, comme le note <em><a href=\"https:\/\/www.liberation.fr\/economie\/apres-camaieu-et-go-sport-la-fib-principale-societe-de-lhomme-daffaires-michel-ohayon-placee-en-redressement-judiciaire-20230216_SWER4UKP6RB57ESF56CCRG3HXE\/\" target=\"_blank\" rel=\"noopener\">Lib\u00e9ration<\/a><\/em>.<\/p>\n<p>Parmi les propri\u00e9t\u00e9s de Michel Ohayon \u00e0 travers HPB, il faut aussi compter une vingtaine de magasins\u00a0<strong>Galeries Lafayette <\/strong>en r\u00e9gion, qui font l&rsquo;objet d&rsquo;une proc\u00e9dure de sauvegarde initi\u00e9e\u00a0par le\u00a0tribunal de commerce de Bordeaux \u00e0 la mi-f\u00e9vrier\u00a02023 comme le rapporte <a href=\"https:\/\/fr.fashionnetwork.com\/news\/premiumContent,1488047.html\" target=\"_blank\" rel=\"noopener\"><em>Fashion Network<\/em><\/a>. Une mesure qui ne signifie pas la fermeture prochaine de ces magasins, puisque la proc\u00e9dure de sauvegarde est\u00a0une p\u00e9riode (de 12 mois maximum) pendant laquelle le tribunal aff\u00e9rent dresse\u00a0le <strong>bilan \u00e9conomique et social de l&rsquo;entreprise<\/strong>. Pour une soci\u00e9t\u00e9, cela implique, entre autres, qu&rsquo;elle n&rsquo;a plus \u00e0 payer ses dettes. \u00c0 la fin de la p\u00e9riode d&rsquo;observation, soit la sant\u00e9 de l&rsquo;entreprise s&rsquo;est am\u00e9lior\u00e9e et la <strong>proc\u00e9dure de sauvegarde s&rsquo;ach\u00e8ve<\/strong>, soit un plan de sauvegarde visant la <strong>restructuration de l&rsquo;entreprise<\/strong> est mis en place, soit celle-ci est plac\u00e9e en<strong> redressement judiciaire<\/strong>. C&rsquo;est \u00e9videmment le premier cas de figure qu&rsquo;esp\u00e8rent les quelque 750 personnes employ\u00e9es par les magasins Galeries Lafayette qui appartiennent \u00e0 HPB.<\/p>\n<\/p><\/div>\n<p>[ad_2]<br \/>\n<br \/><a href=\"https:\/\/www.journaldesfemmes.fr\/mode\/magazine-mode\/2893925-apres-camaieu-et-cop-copine-cette-marque-de-mode-fait-a-son-tour-faillite\/\">Source link <\/a><\/p>\n","protected":false},"excerpt":{"rendered":"<p>[ad_1] C&rsquo;est officiel, le tribunal de commerce de Marseille a annonc\u00e9 la liquidation judiciaire de la marque San Marina le &hellip; <a href=\"https:\/\/www.affinite.fr\/index.php\/2023\/02\/20\/apres-camaieu-et-cop-copine-cette-marque-de-mode-fait-a-son-tour-faillite\/\" class=\"more-link\">Plus <span class=\"screen-reader-text\">Apr\u00e8s Cama\u00efeu et Cop.Copine, cette marque de mode fait \u00e0 son tour faillite<\/span> <span class=\"meta-nav\">&rarr;<\/span><\/a><\/p>\n","protected":false},"author":1,"featured_media":8874,"comment_status":"","ping_status":"open","sticky":false,"template":"","format":"standard","meta":{"_sitemap_exclude":false,"_sitemap_priority":"","_sitemap_frequency":"","footnotes":""},"categories":[1],"tags":[],"class_list":["post-8873","post","type-post","status-publish","format-standard","has-post-thumbnail","hentry","category-tous"],"_links":{"self":[{"href":"https:\/\/www.affinite.fr\/index.php\/wp-json\/wp\/v2\/posts\/8873"}],"collection":[{"href":"https:\/\/www.affinite.fr\/index.php\/wp-json\/wp\/v2\/posts"}],"about":[{"href":"https:\/\/www.affinite.fr\/index.php\/wp-json\/wp\/v2\/types\/post"}],"author":[{"embeddable":true,"href":"https:\/\/www.affinite.fr\/index.php\/wp-json\/wp\/v2\/users\/1"}],"replies":[{"embeddable":true,"href":"https:\/\/www.affinite.fr\/index.php\/wp-json\/wp\/v2\/comments?post=8873"}],"version-history":[{"count":0,"href":"https:\/\/www.affinite.fr\/index.php\/wp-json\/wp\/v2\/posts\/8873\/revisions"}],"wp:featuredmedia":[{"embeddable":true,"href":"https:\/\/www.affinite.fr\/index.php\/wp-json\/wp\/v2\/media\/8874"}],"wp:attachment":[{"href":"https:\/\/www.affinite.fr\/index.php\/wp-json\/wp\/v2\/media?parent=8873"}],"wp:term":[{"taxonomy":"category","embeddable":true,"href":"https:\/\/www.affinite.fr\/index.php\/wp-json\/wp\/v2\/categories?post=8873"},{"taxonomy":"post_tag","embeddable":true,"href":"https:\/\/www.affinite.fr\/index.php\/wp-json\/wp\/v2\/tags?post=8873"}],"curies":[{"name":"wp","href":"https:\/\/api.w.org\/{rel}","templated":true}]}}