{"id":8777,"date":"2023-01-17T18:45:29","date_gmt":"2023-01-17T18:45:29","guid":{"rendered":"https:\/\/www.affinite.fr\/index.php\/2023\/01\/17\/greve-du-19-janvier-dans-les-ecoles-70-des-enseignants-mobilises\/"},"modified":"2023-01-17T18:45:29","modified_gmt":"2023-01-17T18:45:29","slug":"greve-du-19-janvier-dans-les-ecoles-70-des-enseignants-mobilises","status":"publish","type":"post","link":"https:\/\/www.affinite.fr\/index.php\/2023\/01\/17\/greve-du-19-janvier-dans-les-ecoles-70-des-enseignants-mobilises\/","title":{"rendered":"Gr\u00e8ve du 19\u00a0janvier\u00a0dans les \u00e9coles\u00a0: 70% des enseignants mobilis\u00e9s"},"content":{"rendered":"<p> [ad_1]<br \/>\n<br \/><img decoding=\"async\" src=\"https:\/\/img-3.journaldesfemmes.fr\/EqvL3UqpCoWHz8nIXnDyaqoxbNs=\/1280x\/smart\/cf8e40ab9376419d8221c8fcb7119802\/ccmcms-jdf\/39466060.jpg\" \/><\/p>\n<p>\n                Apr\u00e8s une premi\u00e8re journ\u00e9e de gr\u00e8ve ce mardi 17\u00a0janvier, les enseignants vont une nouvelle fois protester jeudi 19\u00a0janvier contre la r\u00e9forme des retraites. La mobilisation s&rsquo;annonce massive dans les \u00e9coles, avec \u00e0 Paris une \u00e9cole sur trois ferm\u00e9e. Un service d&rsquo;accueil pour les \u00e9l\u00e8ves est-il maintenu\u00a0? On fait le point.            <\/p>\n<div>\n<aside class=\"ccmsummary marqueur_module ccmcss_cms_summary ccmcss_cms_summary--right\">\n<p>Sommaire<\/p>\n<\/aside>\n<p><strong>[Mise \u00e0 jour du 17 janvier 2023 \u00e0 18h37].<\/strong>\u00a0La premi\u00e8re journ\u00e9e de mobilisation des enseignants, qui avait lieu ce mardi 17 janvier s&rsquo;ach\u00e8ve, mais la <strong>gr\u00e8ve du\u00a0jeudi\u00a019 janvier<\/strong>\u00a0s&rsquo;annonce comme une journ\u00e9e noire. L&rsquo;appel \u00e0 la gr\u00e8ve a \u00e9t\u00e9 initi\u00e9 par<strong>\u00a0<\/strong>les huit principaux syndicats fran\u00e7ais\u00a0(CFDT, CGT, CGE-CGC, CFTC, FO, FSU, Unsa et Solidaires), une premi\u00e8re depuis 12 ans, pour protester contre la r\u00e9forme des retraites qui concerne tous les secteurs. Celui de l&rsquo;\u00c9ducation nationale a \u00e9t\u00e9 l&rsquo;un des premiers \u00e0 r\u00e9pondre pr\u00e9sent.\u00a0La gr\u00e8ve de ce jeudi 19 janvier devrait \u00eatre davantage suivie que celle de mardi, avec<strong> 70% de gr\u00e9vistes dans les \u00e9tablissements scolaires<\/strong>, selon Guislaine David, secr\u00e9taire g\u00e9n\u00e9rale du Snuipp-FSU, premier syndicat du primaire.\u00a0<\/p>\n<div class=\"ccminsert\">\n<div class=\"jEmbedTagPlaceholder twitter-placeholder\"><template data-type=\"embedtag\" data-tagname=\"twitter\"><\/p>\n<blockquote class=\"twitter-tweet\">\n<p dir=\"ltr\" lang=\"fr\">Le Snuipp-FSU, premier syndicat du primaire, a pr\u00e9vu que 70% des enseignants du premier degr\u00e9 seraient gr\u00e9vistes jeudi, dans le cadre d&rsquo;une mobilisation nationale contre la r\u00e9forme des retraites <a href=\"https:\/\/twitter.com\/hashtag\/AFP?src=hash&amp;ref_src=twsrc%5Etfw\">#AFP<\/a> <a href=\"https:\/\/twitter.com\/afpfr\/status\/1615344563417190400\/photo\/1\">pic.twitter.com\/NRq82MUjpK<\/a><\/p>\n<p>\u2014 Agence France-Presse (@afpfr) <a href=\"https:\/\/twitter.com\/afpfr\/status\/1615344563417190400?ref_src=twsrc%5Etfw\">January 17, 2023<\/a><\/p><\/blockquote>\n<p><\/template><\/div>\n<\/div>\n<h2 id=\"greve-du-17-janvier-dans-les-ecoles\">Gr\u00e8ve du mardi 17 janvier dans l&rsquo;Education nationale : quelles revendications ?<\/h2>\n<p>La FSU, premi\u00e8re f\u00e9d\u00e9ration syndicale enseignante, <em>\u00ab\u00a0s&rsquo;est engag\u00e9e avant le d\u00e9part en cong\u00e9s dans <strong>une journ\u00e9e d&rsquo;action sur les salaires, la voie pro et les conditions de travail dans l&rsquo;\u00e9ducation le<\/strong><\/em><em><strong>\u00a017\u00a0janvier\u00a0\u00bb<\/strong>, <\/em>d\u00e9clare-t-elle dans un <a href=\"https:\/\/fsu.fr\/semaine-daction-mobilise-es-dans-leducation-le-17-janvier-en-greve-pour-les-retraites-le-19-janvier\/\" target=\"_blank\" rel=\"noopener\">communiqu\u00e9<\/a>. Les revendications du syndicat sont claires : ils r\u00e9clament\u00a0une vraie <strong>revalorisation du m\u00e9tier<\/strong>, avec\u00a0<em>\u00ab\u00a0une augmentation\u00a0des salaires sans contreparties pour toutes et tous, d\u00e9but, milieu et fin de carri\u00e8re\u00a0\u00bb,<\/em> <em>\u00ab\u00a0un statut de fonctionnaire de cat\u00e9gorie B pour les AESH\u00a0\u00bb <\/em>et pour leurs conditions de travail,\u00a0davantage de moyens pour faire cours aux \u00e9l\u00e8ves dans de bonnes conditions. <em>\u00ab\u00a0Le report des \u00e9preuves de sp\u00e9cialit\u00e9s en juin, l&rsquo;abrogation de la r\u00e9forme du bac et Parcoursup et la remise \u00e0 plat de celle du lyc\u00e9e\u00a0\u00bb<\/em> sont aussi souhait\u00e9s, indique le SNES-FSU dans leur <a href=\"https:\/\/www.snes.edu\/article\/communiques\/retraites-en-greve-le-19-janvier\/\" target=\"_blank\" rel=\"noopener\">tract pour la gr\u00e8ve du 17 janvier<\/a>.<\/p>\n<h2 id=\"vers-une-greve-reconductible-dans-les-ecoles-\">70% des enseignants en gr\u00e8ve ce jeudi 19 janvier<\/h2>\n<p>La<strong> journ\u00e9e de gr\u00e8ve de ce jeudi 19 janvier<\/strong> devrait \u00eatre particuli\u00e8rement suivie, pour protester contre la r\u00e9forme des retraites qui pr\u00e9voit d&rsquo;augmenter l&rsquo;\u00e2ge du d\u00e9part \u00e0 la <a href=\"https:\/\/www.affinite.fr\/index.php\/2023\/07\/29\/changer-de-vie-voyager-complement-de-retraite-devenez-vendeur-de-glace-a-litalienne\/\">retraite<\/a> de 62 \u00e0 64 ans. \u00c0\u00a0nouveau, les enseignants seront mobilis\u00e9s et les \u00e9tablissements scolaires seront d\u00e8s lors perturb\u00e9s. <strong style=\"font-size: 1rem;\">\u00c0\u00a0Paris par exemple<\/strong><span style=\"font-size: 1rem;\">, le syndicat enseignant\u00a0SNUipp-FSU a d&rsquo;ores et d\u00e9j\u00e0 annonc\u00e9\u00a0que sur 645 \u00e9tablissements, <\/span><strong style=\"font-size: 1rem;\">au moins<\/strong><span style=\"font-size: 1rem;\">\u00a0<\/span><strong style=\"font-size: 1rem;\">1\u00a0\u00e9cole sur 3\u00a0serait ferm\u00e9e.<\/strong><span style=\"font-size: 1rem;\">\u00a0<\/span><em style=\"font-size: 1rem;\"><strong>\u00ab\u00a070% des enseignants seront en gr\u00e8ve\u00a0\u00bb<\/strong>,<\/em><span style=\"font-size: 1rem;\"> indique le syndicat dans un tweet.\u00a0<\/span>\u00ab\u00a0<em>Ce chiffre de 70% de gr\u00e9vistes n&rsquo;est pas une surprise car on sent que la question de la retraite est une pr\u00e9occupation majeure pour les enseignants<\/em>\u00a0\u00bb a comment\u00e9\u00a0Guislaine David, secr\u00e9taire g\u00e9n\u00e9rale du Snuipp-FSU, premier syndicat du primaire, \u00e0 l&rsquo;AFP. Pour les parents qui souhaitent savoir si un service d&rsquo;accueil sera maintenu pour cette journ\u00e9e de gr\u00e8ve la r\u00e9ponse est oui. <em>\u00ab\u00a0<strong>Dans beaucoup d&rsquo;\u00e9coles, lorsque celle-ci n&rsquo;est pas ferm\u00e9e, seul-es quelques enseignant-es assureront la classe<\/strong>\u00ab\u00a0<\/em>, pr\u00e9cise le syndicat des enseignants dans son communiqu\u00e9. Pour l&rsquo;heure, aucune autre estimation de la mobilisation des enseignants \u00e0 l&rsquo;\u00e9chelle nationale n&rsquo;a \u00e9t\u00e9 d\u00e9voil\u00e9e.\u00a0<\/p>\n<div class=\"ccminsert\">\n<div class=\"jEmbedTagPlaceholder twitter-placeholder\"><template data-type=\"embedtag\" data-tagname=\"twitter\"><\/p>\n<blockquote class=\"twitter-tweet\">\n<p dir=\"ltr\" lang=\"fr\">La <a href=\"https:\/\/twitter.com\/hashtag\/greve19janvier?src=hash&amp;ref_src=twsrc%5Etfw\">#greve19janvier<\/a> dans les \u00e9coles parisiennes sera massive ! 70 % des enseignant-es seront en gr\u00e8ve, au moins un tiers des \u00e9coles seront compl\u00e8tement ferm\u00e9es.<\/p>\n<p>\u2014 FSU-SNUipp Paris (@SNUippFSUParis) <a href=\"https:\/\/twitter.com\/SNUippFSUParis\/status\/1615107069970980880?ref_src=twsrc%5Etfw\">January 16, 2023<\/a><\/p><\/blockquote>\n<p><\/template><\/div>\n<\/div>\n<p><span style=\"font-size: 1rem;\">Dans une autre d\u00e9claration, le secr\u00e9taire g\u00e9n\u00e9ral\u00a0de la F\u00e9d\u00e9ration syndicale unitaire, <\/span><strong style=\"font-size: 1rem;\">Benoit Teste affirme \u00e0 France 24\u00a0que la mobilisation sera forte<\/strong><span style=\"font-size: 1rem;\">.\u00a0<\/span><em style=\"font-size: 1rem;\">\u00ab\u00a0Le 19\u00a0je vous l&rsquo;assure, vu les remont\u00e9es de terrain, sera massif. Il y aura beaucoup de coll\u00e8gues dans le monde de\u00a0l&rsquo;Education<\/em><span style=\"font-size: 1rem;\">\u00a0(nationale ndlr)\u00a0<\/span><em style=\"font-size: 1rem;\">et dans la fonction publique en gr\u00e8ve et dans les manifestations.\u00a0\u00bb\u00a0<\/em><em style=\"font-size: 1rem;\"> <\/em><span style=\"font-size: 1rem;\">Dans un <\/span><a href=\"https:\/\/fsu.fr\/communique-des-organisations-syndicales-de-leducation-en-greve-des-le-19-janvier-pour-le-retrait-de-la-reforme-des-retraites\/\" style=\"font-size: 1rem; background-color: rgb(255, 255, 255);\" target=\"_blank\" rel=\"noopener\">communiqu\u00e9 commun<\/a><span style=\"font-size: 1rem;\">,<\/span><strong style=\"font-size: 1rem;\">\u00a0<\/strong><span style=\"font-size: 1rem;\">la CGT Education, la CFDT\u00a0Sgen, le Fnec FP-FO, le FSU, la Snalc, le SUD Solidaires Education, et l&rsquo;UNSA Education appellent<\/span><strong style=\"font-size: 1rem;\">\u00a0<em>\u00ab\u00a0les personnels \u00e0 se r\u00e9unir dans les \u00e9coles, les \u00e9tablissements, les services (&#8230;) \u00e0 se mobiliser fortement\u00a0\u00bb <\/em>pour le retrait de la r\u00e9forme des retraites.<\/strong><span style=\"font-size: 1rem;\"> <\/span><\/p>\n<h3>Les lyc\u00e9es seront-ils concern\u00e9s par la gr\u00e8ve ce jeudi ?<\/h3>\n<p><span style=\"font-size: 1rem;\">Pascal Vivier, le secr\u00e9taire g\u00e9n\u00e9ral du Snetaa-FO, premier syndicat de l&rsquo;enseignement professionnel, a annonc\u00e9 au journal Le\u00a0<\/span>Figaro<span style=\"font-size: 1rem;\">, que\u00a0le <\/span><strong style=\"font-size: 1rem;\">mouvement devrait \u00eatre largement suivi dans les <a href=\"https:\/\/www.journaldesfemmes.fr\/maman\/guide-des-parents\/2715839-lycee\/\" title=\"Lyc\u00e9e\">lyc\u00e9es<\/a> professionnels<\/strong><span style=\"font-size: 1rem;\">.\u00a0Certains \u00e9tablissements scolaires ont d\u00e9j\u00e0 fait savoir que leurs enseignants ont d\u00e9pos\u00e9 leur pr\u00e9avis de gr\u00e8ve. <em>\u00ab\u00a0<\/em><\/span><em>Des classes seront ferm\u00e9es, des lyc\u00e9es professionnels entiers fermeront. Et la mobilisation va durer\u00a0\u00bb, <\/em>a-t-il d\u00e9clar\u00e9.<\/p>\n<h2 id=\"vers-une-greve-reconductible-dans-les-ecoles-\">Vers une gr\u00e8ve reconductible dans les \u00e9coles\u00a0?<\/h2>\n<p><strong>Reconduire la gr\u00e8ve dans les \u00e9coles<\/strong> dans les prochains jours voire les prochaines semaines est un sujet qui est sur la table chez les syndicats enseignants. Interrog\u00e9e par <a href=\"https:\/\/www.europe1.fr\/societe\/impossible-denseigner-jusqua-64-ans-les-professeurs-mobilises-contre-la-reforme-des-retraites-4160963\" target=\"_blank\" rel=\"noopener\">Europe 1<\/a>, C\u00e9cile, syndiqu\u00e9e \u00e0\u00a0Force Ouvri\u00e8re, explique\u00a0:\u00a0<em>\u00ab\u00a0On est d\u00e9termin\u00e9. Ici, <strong>on n&rsquo;a pas obtenu ce qu&rsquo;on veut. Nous esp\u00e9rons reconduire le lendemain et les jours suivants, jusqu&rsquo;\u00e0 ce qu&rsquo;on obtienne gain de cause<\/strong>.\u00a0\u00bb<\/em><\/p>\n<h2 id=\"un-service-minimum-daccueil-est-il-prevu-dans-les-ecoles\">Un service minimum d&rsquo;accueil est-il pr\u00e9vu dans les \u00e9coles\u00a0?<\/h2>\n<p><strong>En cas de gr\u00e8ve dans les \u00e9coles, un service minimum d&rsquo;accueil est pr\u00e9vu par la loi, dans certaines conditions.<\/strong> Les \u00e9tablissements du premier degr\u00e9 (<a href=\"https:\/\/www.journaldesfemmes.fr\/maman\/guide-des-parents\/2674225-ecole-primaire-de-la-maternelle-au-cm2\/\" title=\"\u00e9cole primaire\">\u00e9coles primaires<\/a> et \u00e9l\u00e9mentaires) doivent assurer un<strong> service minimum d&rsquo;accueil pour tous leurs \u00e9l\u00e8ves<\/strong>, lorsqu&rsquo;il y a plus de 25% d&rsquo;enseignants d\u00e9clar\u00e9s en gr\u00e8ve. <em>\u00ab\u00a0Un \u00e9l\u00e8ve en \u00e9cole primaire (<a href=\"https:\/\/www.journaldesfemmes.fr\/maman\/guide-des-parents\/1032293-maternelle-rentree-2022\/\" title=\"\u00e9cole maternelle\">maternelle<\/a> ou \u00e9l\u00e9mentaire) doit \u00eatre accueilli pendant le temps de la classe, m\u00eame si son ma\u00eetre ou sa ma\u00eetresse est absent. Ce service d&rsquo;accueil est gratuit. Il est assur\u00e9 diff\u00e9remment \u00e0 l&rsquo;\u00e9cole publique et \u00e0 l&rsquo;\u00e9cole priv\u00e9e sous contrat\u00a0\u00bb<\/em>, indique le site du Service Public, selon la loi en vigueur depuis 2008. En revanche, <strong>les coll\u00e8ges ou les lyc\u00e9es ne sont pas soumis \u00e0 cette obligation.<\/strong> De m\u00eame pour les <a href=\"https:\/\/www.journaldesfemmes.fr\/maman\/guide-bebe\/1853234-mode-de-garde\/\" title=\"Cr\u00e8che\">cr\u00e8ches<\/a> et l&rsquo;accueil p\u00e9riscolaire dans les structures.\u00a0<\/p>\n<h2 id=\"les-professeurs-sont-ils-obliges-de-se-declarer-grevistes-en-avance\">Les professeurs sont-ils oblig\u00e9s de se d\u00e9clarer gr\u00e9vistes en avance\u00a0?<\/h2>\n<p>Le droit de gr\u00e8ve dans l&rsquo;\u00c9ducation nationale r\u00e9pond \u00e0 quelques obligations. <strong>Dans le premier degr\u00e9<\/strong>, <strong>les professeurs des \u00e9coles\u00a0doivent d\u00e9clarer \u00e0 l&rsquo;avance leur intention de se mettre en gr\u00e8ve, au moins 48\u00a0heures avant le mouvement<\/strong>, en respectant un jour ouvr\u00e9. Il n&rsquo;est donc pas possible de se d\u00e9clarer gr\u00e9viste le vendredi si la gr\u00e8ve a lieu le lundi. Si l&rsquo;enseignant n&rsquo;informe pas sa direction, il encoure une sanction disciplinaire, indique le site du minist\u00e8re.<\/p>\n<p><strong>Dans les coll\u00e8ges et lyc\u00e9es<\/strong>, <strong>si un pr\u00e9avis a d\u00e9j\u00e0 \u00e9t\u00e9 d\u00e9pos\u00e9 par un syndicat les enseignants n&rsquo;ont pas l&rsquo;obligation de se d\u00e9clarer gr\u00e9viste \u00e0 l&rsquo;avance.<\/strong> C&rsquo;est \u00e0 la direction de l&rsquo;\u00e9tablissement de proc\u00e9der au recensement des gr\u00e9vistes et d&rsquo;en informer les \u00e9l\u00e8ves et leurs familles en amont. Dans les faits, certains professeurs utilisent aussi les plateformes interactives avec les \u00e9l\u00e8ves et les familles pour annoncer quelques heures avant le d\u00e9but des cours leur participation ou non. Conseil : n&rsquo;h\u00e9sitez pas non plus \u00e0 joindre la direction de l&rsquo;\u00e9cole quelques jours avant ou la veille\u00a0pour conna\u00eetre les d\u00e9tails de la mobilisation \u00e0 venir.\u00a0<\/p>\n<\/p><\/div>\n<p><script async src=\"http:\/\/platform.twitter.com\/widgets.js\" charset=\"utf-8\"><\/script><br \/>\n<br \/>[ad_2]<br \/>\n<br \/><a href=\"https:\/\/www.journaldesfemmes.fr\/maman\/guide-des-parents\/2860873-greve-du-19-janvier-dans-les-ecoles-70-des-enseignants-mobilises\/\">Source link <\/a><\/p>\n","protected":false},"excerpt":{"rendered":"<p>[ad_1] Apr\u00e8s une premi\u00e8re journ\u00e9e de gr\u00e8ve ce mardi 17\u00a0janvier, les enseignants vont une nouvelle fois protester jeudi 19\u00a0janvier contre &hellip; <a href=\"https:\/\/www.affinite.fr\/index.php\/2023\/01\/17\/greve-du-19-janvier-dans-les-ecoles-70-des-enseignants-mobilises\/\" class=\"more-link\">Plus <span class=\"screen-reader-text\">Gr\u00e8ve du 19\u00a0janvier\u00a0dans les \u00e9coles\u00a0: 70% des enseignants mobilis\u00e9s<\/span> <span class=\"meta-nav\">&rarr;<\/span><\/a><\/p>\n","protected":false},"author":1,"featured_media":8778,"comment_status":"","ping_status":"open","sticky":false,"template":"","format":"standard","meta":{"_sitemap_exclude":false,"_sitemap_priority":"","_sitemap_frequency":"","footnotes":""},"categories":[1],"tags":[],"class_list":["post-8777","post","type-post","status-publish","format-standard","has-post-thumbnail","hentry","category-tous"],"_links":{"self":[{"href":"https:\/\/www.affinite.fr\/index.php\/wp-json\/wp\/v2\/posts\/8777"}],"collection":[{"href":"https:\/\/www.affinite.fr\/index.php\/wp-json\/wp\/v2\/posts"}],"about":[{"href":"https:\/\/www.affinite.fr\/index.php\/wp-json\/wp\/v2\/types\/post"}],"author":[{"embeddable":true,"href":"https:\/\/www.affinite.fr\/index.php\/wp-json\/wp\/v2\/users\/1"}],"replies":[{"embeddable":true,"href":"https:\/\/www.affinite.fr\/index.php\/wp-json\/wp\/v2\/comments?post=8777"}],"version-history":[{"count":0,"href":"https:\/\/www.affinite.fr\/index.php\/wp-json\/wp\/v2\/posts\/8777\/revisions"}],"wp:featuredmedia":[{"embeddable":true,"href":"https:\/\/www.affinite.fr\/index.php\/wp-json\/wp\/v2\/media\/8778"}],"wp:attachment":[{"href":"https:\/\/www.affinite.fr\/index.php\/wp-json\/wp\/v2\/media?parent=8777"}],"wp:term":[{"taxonomy":"category","embeddable":true,"href":"https:\/\/www.affinite.fr\/index.php\/wp-json\/wp\/v2\/categories?post=8777"},{"taxonomy":"post_tag","embeddable":true,"href":"https:\/\/www.affinite.fr\/index.php\/wp-json\/wp\/v2\/tags?post=8777"}],"curies":[{"name":"wp","href":"https:\/\/api.w.org\/{rel}","templated":true}]}}