{"id":8711,"date":"2022-12-26T18:01:14","date_gmt":"2022-12-26T18:01:14","guid":{"rendered":"https:\/\/www.affinite.fr\/index.php\/2022\/12\/26\/on-protege-bebe-en-balade\/"},"modified":"2022-12-26T18:01:14","modified_gmt":"2022-12-26T18:01:14","slug":"on-protege-bebe-en-balade","status":"publish","type":"post","link":"https:\/\/www.affinite.fr\/index.php\/2022\/12\/26\/on-protege-bebe-en-balade\/","title":{"rendered":"on prot\u00e8ge b\u00e9b\u00e9 en balade\u00a0!"},"content":{"rendered":"<p> [ad_1]<br \/>\n<\/p>\n<p>\n                Pour promener b\u00e9b\u00e9 \u00e0 l&rsquo;abri des intemp\u00e9ries ou du soleil, munissez-vous d&rsquo;une ombrelle adapt\u00e9e \u00e0 votre poussette. S\u00e9curit\u00e9, ergonomie et praticit\u00e9 d&rsquo;utilisation sont les crit\u00e8res \u00e0 retenir pour faire votre choix.            <\/p>\n<div>\n<div>\n<aside class=\"ccmcss_cms_summary ccmcss_cms_summary--right\" id=\"bloc-sommaire\">\n<h2 class=\"ccmcss_cms_summary__title\">Notre s\u00e9lection<\/h2>\n<\/aside>\n<p><input type=\"checkbox\" class=\"read-more-state\" id=\"post-1\"\/><\/p>\n<p>Quand l\u2019\u00e9t\u00e9 arrive et que les beaux jours s\u2019installent, rien de tel qu&rsquo;une balade en famille pour profiter du soleil. Pour des sorties en toute s\u00e9curit\u00e9 avec b\u00e9b\u00e9, n&rsquo;oubliez pas de la prot\u00e9ger\u00a0: cr\u00e8me solaire, chapeau, lunette de soleil&#8230; <strong>Et ombrelle pour la poussette<\/strong> ! Sachez qu&rsquo;il existe des mod\u00e8les compatibles avec la plupart des poussettes. D&rsquo;autres sont universels, c&rsquo;est-\u00e0-dire qu&rsquo;il peuvent se fixer sur tous les mod\u00e8les de poussettes. Pratique, si vous utilisez en alternance une <a href=\"https:\/\/www.journaldesfemmes.fr\/maman\/guide-bebe\/2557888-poussettes-cannes-laquelle-choisir\/\" title=\"Poussettes cannes\">poussette canne<\/a> et une poussette trois roues ! Aujourd&rsquo;hui, la majorit\u00e9 des ombrelles ont une protection anti-UV SPF 50+. Si cela n&#8217;emp\u00eache pas d&rsquo;utiliser un chapeau et de la cr\u00e8me, l&rsquo;ombrelle permet\u00a0de mieux prot\u00e9ger b\u00e9b\u00e9 du soleil,\u00a0un crit\u00e8re important \u00e0 prendre en compte. Certains mod\u00e8les d&rsquo;ombrelles ont\u00a0un tissu qui leur permet de servir aussi bien de parasol que de parapluie, ce qui peut \u00eatre pratique si vous n&rsquo;avez pas de protection pluie pour votre poussette. Il peut s&rsquo;av\u00e9rer pratique de choisir un mod\u00e8le dont le tube est flexible, car cela permettra de r\u00e9gler plus facilement l&rsquo;ombrelle pour qu&rsquo;elle prot\u00e8ge bien votre enfant en fonction de l&rsquo;orientation du soleil, sans avoir \u00e0 changer constamment sa position sur le cadre de la poussette. Enfin, le tissu est souvent fabriqu\u00e9 dans des tissus r\u00e9sistants aux d\u00e9chirures, ce qui garanti une longue dur\u00e9e de vie \u00e0 votre ombrelle. D\u00e9couvrez les diff\u00e9rentes options qui s&rsquo;offrent \u00e0 vous !<\/p>\n<p><label for=\"post-1\" class=\"read-more-trigger app_edito_btn\">\u00a0<\/label><\/div>\n<aside class=\"ads--insertor-avoid app_article_content\"><a data-insertor-excluded=\"1\" data-processed=\"1\" id=\"meilleure-ombrelle-poussette\" name=\"meilleure-ombrelle-poussette\"\/><\/p>\n<h2 class=\"main_title\" data-insertor-excluded=\"1\">Meilleure ombrelle poussette<\/h2>\n<figure data-insertor-excluded=\"1\">\n<div class=\"product_picture\" data-insertor-excluded=\"1\"><a rel=\"nofollow pass noopener\" class=\"jBlockAmazon\" data-insertor-excluded=\"1\" data-processed=\"1\" target=\"_blank\" href=\"https:\/\/www.awin1.com\/cread.php?awinmid=6948&amp;awinaffid=540299&amp;clickref=2105471f1fi&amp;p=https%3A%2F%2Fwww.cdiscount.com%2Fpret-a-porter%2Fbebe-puericulture%2Fbadabulle-ombrelle-grise%2Ff-11317350803-bad3661787099587.html%3FidOffre%3D-1\"><img decoding=\"async\" loading=\"lazy\" src=\"https:\/\/m.media-amazon.com\/images\/I\/31QxQ2lZutL._SL500_.jpg\" data-insertor-excluded=\"1\" alt=\"meilleure ombrelle poussette\"\/><\/a><\/p>\n<p><span data-insertor-excluded=\"1\">Meilleur<\/span>Choix<\/p>\n<\/div><figcaption data-insertor-excluded=\"1\">\n<h3 class=\"item_name\" data-insertor-excluded=\"1\">Ombrelle anti-UV, Badabulle<\/h3>\n<\/figcaption><\/figure>\n<ul>&#13;<\/p>\n<li>Rev\u00eatement anti UV\u00a050+\u00a0<\/li>\n<p>&#13;<\/p>\n<li>Diam\u00e8tre :\u00a080 centim\u00e8tres<\/li>\n<p>&#13;<\/p>\n<li>Disponible en trois coloris : bleu, gris et\u00a0vert anis<\/li>\n<p>&#13;\n<\/ul>\n<p>&#13;<br \/>\n&#13;<\/p>\n<p>Pratique, cette ombrelle de la marque Badabulle s&rsquo;attache et se d\u00e9tache en un seul clic. Une fixation universelle qui s&rsquo;adapte donc \u00e0 toutes les poussettes.\u00a0De plus, gr\u00e2ce \u00e0 un coude flexible qui s&rsquo;oriente facilement, vous pourrez positionner parfaitement l&rsquo;ombrelle pour prot\u00e9ger votre enfant des rayons du soleil.<\/p>\n<p>&#13;<br \/>\n<\/aside>\n<aside class=\"ads--insertor-avoid app_article_content\"><a data-insertor-excluded=\"1\" data-processed=\"1\" id=\"ombrelle-poussette-bugaboo\" name=\"ombrelle-poussette-bugaboo\"\/><\/p>\n<h2 class=\"main_title\" data-insertor-excluded=\"1\">Ombrelle poussette Bugaboo<\/h2>\n<figure data-insertor-excluded=\"1\">\n<div class=\"product_picture\" data-insertor-excluded=\"1\"><a rel=\"nofollow pass noopener\" class=\"jBlockAmazon\" data-insertor-excluded=\"1\" data-processed=\"1\" target=\"_blank\" href=\"https:\/\/www.amazon.fr\/dp\/B079FYVRZK?tag=journaldesfemmes-21&amp;linkCode=ogi&amp;th=1&amp;psc=1&amp;tag=journaldesfemmes-21&amp;ascsubtag=2105471f2fi\"><img decoding=\"async\" loading=\"lazy\" src=\"https:\/\/m.media-amazon.com\/images\/I\/31jMcdPdhuL._SL500_.jpg\" data-insertor-excluded=\"1\" alt=\"Ombrelle poussette Bugaboo\"\/><\/a><\/div><figcaption data-insertor-excluded=\"1\">\n<h3 class=\"item_name\" data-insertor-excluded=\"1\">Ombrelle+, Bugaboo<\/h3>\n<\/figcaption><\/figure>\n<ul>&#13;<\/p>\n<li>Se fixe sur toutes les poussettes Bugaboo<\/li>\n<p>&#13;<\/p>\n<li>Protection solaire UPF 50+<\/li>\n<p>&#13;<\/p>\n<li>Existe en plusieurs coloris<\/li>\n<p>&#13;\n<\/ul>\n<p>&#13;<br \/>\n&#13;<\/p>\n<p>Cette ombrelle pour poussette va prot\u00e9ger votre enfant du soleil de fa\u00e7on tr\u00e8s efficace. Elle est orientable, et le\u00a0tissu est certifi\u00e9 UPF 50+, c&rsquo;est-\u00e0-dire qu&rsquo;il filtre les UVA et les UVB. La tige est \u00e9galement extensible pour s&rsquo;adapter \u00e0 toutes les situations. On aime aussi ses diff\u00e9rents\u00a0coloris, ce qui permet d&rsquo;ajouter une petite touche de couleur \u00e0 votre poussette.<\/p>\n<p>&#13;<br \/>\n<\/aside>\n<aside class=\"ads--insertor-avoid app_article_content\"><a data-insertor-excluded=\"1\" data-processed=\"1\" id=\"ombrelle-poussette-bebe-confort\" name=\"ombrelle-poussette-bebe-confort\"\/><\/p>\n<h2 class=\"main_title\" data-insertor-excluded=\"1\">Ombrelle poussette bebe confort<\/h2>\n<figure data-insertor-excluded=\"1\">\n<div class=\"product_picture\" data-insertor-excluded=\"1\"><a rel=\"nofollow pass noopener\" class=\"jBlockAmazon\" data-insertor-excluded=\"1\" data-processed=\"1\" target=\"_blank\" href=\"https:\/\/www.amazon.fr\/dp\/B0769Z8PXR?tag=journaldesfemmes-21&amp;linkCode=ogi&amp;th=1&amp;psc=1&amp;tag=journaldesfemmes-21&amp;ascsubtag=2105471f5fi\"><img decoding=\"async\" loading=\"lazy\" src=\"https:\/\/m.media-amazon.com\/images\/I\/31SeiAmvO3L._SL500_.jpg\" data-insertor-excluded=\"1\" alt=\"ombrelle poussette bebe confort\"\/><\/a><\/div><figcaption data-insertor-excluded=\"1\">\n<h3 class=\"item_name\" data-insertor-excluded=\"1\">Ombrelle pour poussette, B\u00e9b\u00e9 Confort<\/h3>\n<\/figcaption><\/figure>\n<ul>&#13;<\/p>\n<li>Compatible avec toutes les poussettes B\u00e9b\u00e9 Confort et Maxi Cosi<\/li>\n<p>&#13;<\/p>\n<li>Protection anti-UV 40+<\/li>\n<p>&#13;<\/p>\n<li>Existe en cinq coloris<\/li>\n<p>&#13;\n<\/ul>\n<p>&#13;<br \/>\n&#13;<\/p>\n<p>Cette ombrelle pour poussette a une fixation compatible avec toutes les autres poussettes des marques B\u00e9b\u00e9 Confort et Maxi Cosi. Le tissu offre une protection ontre les rayons nocifs du soleil.<\/p>\n<p>&#13;<br \/>\n<\/aside>\n<aside class=\"ads--insertor-avoid app_article_content\"><a data-insertor-excluded=\"1\" data-processed=\"1\" id=\"ombrelle-poussette-chicco\" name=\"ombrelle-poussette-chicco\"\/><\/p>\n<h2 class=\"main_title\" data-insertor-excluded=\"1\">Ombrelle poussette chicco<\/h2>\n<figure data-insertor-excluded=\"1\">\n<div class=\"product_picture\" data-insertor-excluded=\"1\"><a rel=\"nofollow pass noopener\" class=\"jBlockAmazon\" data-insertor-excluded=\"1\" data-processed=\"1\" target=\"_blank\" href=\"https:\/\/track.effiliation.com\/servlet\/effi.redir?id_compteur=22439728&amp;effi_id=2105471f6fi&amp;url=https%3A%2F%2Ffr.shopping.rakuten.com%2Foffer%2Fbuy%2F428203199%2Fombrelle-universelle-pour-poussette-chicco-beige.html%3Ffilter%3D10\"><img decoding=\"async\" loading=\"lazy\" src=\"https:\/\/static.fnac-static.com\/multimedia\/Images\/9E\/9E\/DA\/53\/5495454-1505-1540-1\/tsp20190619114018\/Ombrelle-universelle-pour-pouette-beige-chicco.jpg#0a536d7b-af85-47c4-93be-bfdd0b8e227b\" data-insertor-excluded=\"1\" alt=\"ombrelle poussette chicco\"\/><\/a><\/div><figcaption data-insertor-excluded=\"1\">\n<h3 class=\"item_name\" data-insertor-excluded=\"1\">Ombrelle universelle pour poussette, Chicco <\/h3>\n<\/figcaption><\/figure>\n<ul>&#13;<\/p>\n<li>Dimensions\u00a0:\u00a042 x 48 x 12 centim\u00e8tres<\/li>\n<p>&#13;<\/p>\n<li>Compatible avec la plupart des poussettes<\/li>\n<p>&#13;<\/p>\n<li>Excellente protection contre les rayons UV<\/li>\n<p>&#13;\n<\/ul>\n<p>&#13;<br \/>\n&#13;<\/p>\n<p>Cette ombrelle\u00a0est compatible avec la plupart des poussettes. Son design est \u00e9l\u00e9gant et moderne, et gr\u00e2ce \u00e0 sa couleur beige, ce mod\u00e8le absorbe\u00a0peu la chaleur du soleil. De plus, le tissu utilis\u00e9 apporte une excellente protection contre les rayons ultra violets. L\u00e9g\u00e8re et tr\u00e8s maniable, elle deviendra votre accessoire indispensable pour vos balades estivales.\u00a0<\/p>\n<p>&#13;<br \/>\n<\/aside>\n<aside class=\"ads--insertor-avoid app_article_content\"><a data-insertor-excluded=\"1\" data-processed=\"1\" id=\"ombrelle-poussette-yoyo\" name=\"ombrelle-poussette-yoyo\"\/><\/p>\n<h2 class=\"main_title\" data-insertor-excluded=\"1\">Ombrelle poussette yoyo<\/h2>\n<figure data-insertor-excluded=\"1\">\n<div class=\"product_picture\" data-insertor-excluded=\"1\"><a rel=\"nofollow pass noopener\" class=\"jBlockAmazon\" data-insertor-excluded=\"1\" data-processed=\"1\" target=\"_blank\" href=\"https:\/\/track.effiliation.com\/servlet\/effi.redir?id_compteur=22439728&amp;effi_id=2105471f7fi&amp;url=https%3A%2F%2Ffr.shopping.rakuten.com%2Foffer%2Fbuy%2F6456548374%2Fombrelle-poussette-yoyo-bleu-marine-babyzen.html%3Ffilter%3D10\"><img decoding=\"async\" loading=\"lazy\" src=\"https:\/\/m.media-amazon.com\/images\/I\/21Z2C5UzUxL._SL500_.jpg\" data-insertor-excluded=\"1\" alt=\"ombrelle poussette yoyo\"\/><\/a><\/div><figcaption data-insertor-excluded=\"1\">\n<h3 class=\"item_name\" data-insertor-excluded=\"1\">Ombrelle poussette YOYO, Babyzen<\/h3>\n<div class=\"product_tabs\" data-insertor-excluded=\"1\"><input checked=\"checked\" class=\"radio_partners_neuf\" id=\"radio_partners_neuf_7\" name=\"radio_partners_7\" type=\"radio\" data-insertor-excluded=\"1\"\/> <label for=\"radio_partners_neuf_7\" data-insertor-excluded=\"1\"><strong data-insertor-excluded=\"1\">Neuf<\/strong> \u00e0 partir de 44,99\u00a0\u20ac<\/label><input class=\"radio_partners_graf\" data-insertor-excluded=\"1\" id=\"radio_partners_graf_7\" name=\"radio_partners_7\" type=\"radio\"\/> <label class=\"graf\" data-insertor-excluded=\"1\" for=\"radio_partners_graf_7\"> <svg xmlns=\"http:\/\/www.w3.org\/2000\/svg\" fill=\"none\" height=\"21\" viewbox=\"0 0 21 21\" width=\"21\"> <path d=\"M13.9983 15.5032C13.9983 15.2375 14.1054 14.9847 14.2897 14.7961C14.474 14.6076 14.7311 14.5047 14.9968 14.5047H18.9994C19.2651 14.5047 19.518 14.6118 19.7065 14.7961C19.8951 14.9804 19.9979 15.2375 19.9979 15.5032V19.5015C19.9979 19.7672 19.8908 20.02 19.7065 20.2086C19.5223 20.3971 19.2651 20.5 18.9994 20.5H15.0011C14.7354 20.5 14.4826 20.3929 14.294 20.2086C14.1054 20.0243 14.0026 19.7672 14.0026 19.5015V15.5032H13.9983ZM7.99863 11.5006C7.73293 11.5006 7.48009 11.6078 7.29153 11.7921C7.10297 11.9806 7.00012 12.2334 7.00012 12.4991V19.5015C7.00012 19.7672 7.10725 20.02 7.29153 20.2086C7.48009 20.3971 7.73293 20.5 7.99863 20.5H11.997C12.2627 20.5 12.5155 20.3929 12.7041 20.2086C12.8926 20.02 12.9955 19.7672 12.9955 19.5015V12.5034C12.9955 12.2377 12.8884 11.9849 12.7041 11.7963C12.5155 11.6078 12.2627 11.5049 11.997 11.5049L7.99863 11.5006ZM1.00046 9.50364C0.73476 9.50364 0.481918 9.61078 0.293357 9.79505C0.104796 9.97932 0.00194475 10.2364 0.00194475 10.5021V19.5015C0.00194475 19.7672 0.109082 20.02 0.293357 20.2086C0.477632 20.3971 0.73476 20.5 1.00046 20.5H4.9988C5.2645 20.5 5.51735 20.3929 5.70591 20.2086C5.89447 20.0243 5.99732 19.7672 5.99732 19.5015V10.5021C5.99732 10.2364 5.89018 9.98361 5.70591 9.79505C5.52163 9.60649 5.2645 9.50364 4.9988 9.50364H1.00046ZM19.9208 11.882C19.9722 11.7621 19.998 11.6335 20.0022 11.5006V8.50086C20.0022 8.14517 19.8137 7.81519 19.5008 7.6352C19.188 7.45522 18.8109 7.45522 18.5023 7.6352C18.1938 7.81519 18.0009 8.14517 18.0009 8.50086V9.09224L11.6713 2.79269C11.4442 2.56557 11.1185 2.45843 10.8013 2.51414C10.4842 2.56557 10.2142 2.76698 10.0728 3.0541L8.60288 5.98532L1.60043 0.701414C1.42901 0.572852 1.21473 0.5 1.00046 0.5C0.679049 0.508571 0.383352 0.667131 0.199077 0.928541C0.0405142 1.13853 -0.0280534 1.40851 0.0105159 1.66992C0.0490851 1.93133 0.18622 2.17131 0.400494 2.32987L8.40147 8.32944C8.63717 8.50514 8.94144 8.56942 9.23285 8.50086C9.52426 8.42801 9.76853 8.22231 9.89281 7.95232L11.2727 5.19252L16.591 10.5021H15.9996C15.6439 10.5021 15.3139 10.6907 15.1339 11.0035C14.954 11.3164 14.954 11.6935 15.1339 12.002C15.3139 12.3106 15.6439 12.5034 15.9996 12.5034H18.9994C19.1323 12.5034 19.2609 12.4734 19.3808 12.422C19.5008 12.3706 19.6123 12.302 19.7108 12.212C19.7965 12.1135 19.8694 12.002 19.9208 11.882Z\" fill=\"#303030\"\/> <\/svg> <\/label><\/p>\n<ul class=\"partners_list tab_partners_neuf\" data-insertor-excluded=\"1\">\n<li data-insertor-excluded=\"1\">\n<p><span data-insertor-excluded=\"1\" class=\"partner_list_logo partner_list_logo--rakuten\">Rakuten<\/span><\/p>\n<\/li>\n<li data-insertor-excluded=\"1\">\n<p><span data-insertor-excluded=\"1\" class=\"partner_list_logo partner_list_logo--cdiscount\">Cdiscount<\/span><\/p>\n<\/li>\n<li data-insertor-excluded=\"1\">\n<p><span data-insertor-excluded=\"1\" class=\"partner_list_logo partner_list_logo--amazon\">Amazon<\/span><\/p>\n<\/li>\n<li data-insertor-excluded=\"1\">\n<p><span data-insertor-excluded=\"1\" class=\"partner_list_logo partner_list_logo--fnac\">Fnac<\/span><\/p>\n<\/li>\n<li data-insertor-excluded=\"1\">\n<p><span data-insertor-excluded=\"1\" class=\"partner_list_logo partner_list_logo--laredoute\">La Redoute<\/span><\/p>\n<\/li>\n<li data-insertor-excluded=\"1\">\n<p><span data-insertor-excluded=\"1\" class=\"partner_list_logo partner_list_logo--darty\">Darty<\/span><\/p>\n<\/li>\n<\/ul>\n<div class=\"partners_list tab_partners_graf\">\n<div><span style=\"color:black\">Evolution du prix le plus bas (neuf):<\/span><\/p>\n<p>\u00a0<\/p>\n<\/div>\n<\/div>\n<\/div>\n<\/figcaption><\/figure>\n<ul>&#13;<\/p>\n<li>S&rsquo;adapte \u00e0 tous les mod\u00e8les Yoyo de Babyzen<\/li>\n<p>&#13;<\/p>\n<li>Protection UPF 50+<\/li>\n<p>&#13;<\/p>\n<li>Disponible dans de nombreux coloris<\/li>\n<p>&#13;\n<\/ul>\n<p>&#13;<br \/>\n&#13;<\/p>\n<p>Les ombrelles Babyzen s&rsquo;adaptent aux poussettes YOYO 0+ et 6+, et peuvent aussi se fixer sur le si\u00e8ge auto. Elles ont une opacit\u00e9 renforc\u00e9e pour prot\u00e9ger les yeux de b\u00e9b\u00e9 du soleil, ainsi qu&rsquo;une protection SPF 50+ pour\u00a0le prot\u00e9ger au mieux des UV. Cette ombrelle existe dans tous les coloris de la gamme, pour l&rsquo;assortir \u00e0 votre poussette ou ajouter une touche de couleur !<\/p>\n<p>&#13;<br \/>\n<\/aside>\n<aside class=\"ads--insertor-avoid app_article_content\"><a data-insertor-excluded=\"1\" data-processed=\"1\" id=\"ombrelle-poussette-canne\" name=\"ombrelle-poussette-canne\"\/><\/p>\n<h2 class=\"main_title\" data-insertor-excluded=\"1\">Ombrelle poussette canne<\/h2>\n<figure data-insertor-excluded=\"1\">\n<div class=\"product_picture\" data-insertor-excluded=\"1\"><a rel=\"nofollow pass noopener\" class=\"jBlockAmazon\" data-insertor-excluded=\"1\" data-processed=\"1\" target=\"_blank\" href=\"https:\/\/www.amazon.fr\/dp\/B08Y5M9MKM?tag=journaldesfemmes-21&amp;linkCode=ogi&amp;th=1&amp;psc=1&amp;tag=journaldesfemmes-21&amp;ascsubtag=2105471f8fi\"><img decoding=\"async\" loading=\"lazy\" src=\"https:\/\/m.media-amazon.com\/images\/I\/31amqXm6nrL._SL500_.jpg\" data-insertor-excluded=\"1\" alt=\"ombrelle poussette canne\"\/><\/a><\/div><figcaption data-insertor-excluded=\"1\">\n<h3 class=\"item_name\" data-insertor-excluded=\"1\">Ombrelle universelle, Verbaudet<\/h3>\n<\/figcaption><\/figure>\n<ul>&#13;<\/p>\n<li>Ombrelle universelle<\/li>\n<p>&#13;<\/p>\n<li>Protection UPF 50+<\/li>\n<p>&#13;<\/p>\n<li>Articul\u00e9e<\/li>\n<p>&#13;\n<\/ul>\n<p>&#13;<br \/>\n&#13;<\/p>\n<p>Cette ombrelle s&rsquo;installe sur absolument toutes les poussettes gr\u00e2ce \u00e0 son syst\u00e8me de fixation adapt\u00e9 \u00e0 toutes les formes de tubes (ronds, carr\u00e9s, ovales, etc). Elle est pivotante, mais aussi articul\u00e9e pour la placer id\u00e9alement et prot\u00e9ger b\u00e9b\u00e9 du soleil le plus efficacement possible. Elle dispose d&rsquo;une protection contre les UV.<\/p>\n<p>&#13;<br \/>\n<\/aside>\n<aside class=\"ads--insertor-avoid app_article_content\"><a data-insertor-excluded=\"1\" data-processed=\"1\" id=\"ombrelle-poussette-cybex\" name=\"ombrelle-poussette-cybex\"\/><\/p>\n<h2 class=\"main_title\" data-insertor-excluded=\"1\">Ombrelle poussette Cybex<\/h2>\n<figure data-insertor-excluded=\"1\">\n<div class=\"product_picture\" data-insertor-excluded=\"1\"><a rel=\"nofollow pass noopener\" class=\"jBlockAmazon\" data-insertor-excluded=\"1\" data-processed=\"1\" target=\"_blank\" href=\"https:\/\/www.amazon.fr\/dp\/B094H85Y4Y?tag=journaldesfemmes-21&amp;linkCode=ogi&amp;th=1&amp;psc=1&amp;tag=journaldesfemmes-21&amp;ascsubtag=2105471f10fi\"><img decoding=\"async\" loading=\"lazy\" src=\"https:\/\/m.media-amazon.com\/images\/I\/41ukpqvD0eL._SL500_.jpg\" data-insertor-excluded=\"1\" alt=\"Ombrelle poussette Cybex\"\/><\/a><\/div><figcaption data-insertor-excluded=\"1\">\n<h3 class=\"item_name\" data-insertor-excluded=\"1\">Ombrelle pour poussette et nacelle, Cybex<\/h3>\n<\/figcaption><\/figure>\n<ul>&#13;<\/p>\n<li>Se fixe sur les poussettes et les nacelles<\/li>\n<p>&#13;<\/p>\n<li>Orientable<\/li>\n<p>&#13;<\/p>\n<li>Protection solaire UPF 50+<\/li>\n<p>&#13;\n<\/ul>\n<p>&#13;<br \/>\n&#13;<\/p>\n<p>Cette ombrelle a \u00e9t\u00e9 sp\u00e9cialement con\u00e7ue pour \u00eatre fix\u00e9e sur les poussettes et les nacelles de la marque Cybex. Son installation est simple et elle se d\u00e9plie et se plie en un claquement de doigts. Avec son grand diam\u00e8tre, elle offre une ombre bienvenue pour le b\u00e9b\u00e9. Elle le prot\u00e8ge \u00e9galement des rayons nocifs du soleil gr\u00e2ce \u00e0 sa protection solaire UPF 50+.<\/p>\n<p>&#13;<br \/>\n<\/aside>\n<\/p><\/div>\n<p>[ad_2]<br \/>\n<br \/><a href=\"https:\/\/www.journaldesfemmes.fr\/maman\/guide-bebe\/2105471-meilleures-ombrelles-pour-poussettes-notre-selection-pour-des-sorties\/\">Source link <\/a><\/p>\n","protected":false},"excerpt":{"rendered":"<p>[ad_1] Pour promener b\u00e9b\u00e9 \u00e0 l&rsquo;abri des intemp\u00e9ries ou du soleil, munissez-vous d&rsquo;une ombrelle adapt\u00e9e \u00e0 votre poussette. S\u00e9curit\u00e9, ergonomie &hellip; <a href=\"https:\/\/www.affinite.fr\/index.php\/2022\/12\/26\/on-protege-bebe-en-balade\/\" class=\"more-link\">Plus <span class=\"screen-reader-text\">on prot\u00e8ge b\u00e9b\u00e9 en balade\u00a0!<\/span> <span class=\"meta-nav\">&rarr;<\/span><\/a><\/p>\n","protected":false},"author":1,"featured_media":8712,"comment_status":"","ping_status":"open","sticky":false,"template":"","format":"standard","meta":{"_sitemap_exclude":false,"_sitemap_priority":"","_sitemap_frequency":"","footnotes":""},"categories":[1],"tags":[],"class_list":["post-8711","post","type-post","status-publish","format-standard","has-post-thumbnail","hentry","category-tous"],"_links":{"self":[{"href":"https:\/\/www.affinite.fr\/index.php\/wp-json\/wp\/v2\/posts\/8711"}],"collection":[{"href":"https:\/\/www.affinite.fr\/index.php\/wp-json\/wp\/v2\/posts"}],"about":[{"href":"https:\/\/www.affinite.fr\/index.php\/wp-json\/wp\/v2\/types\/post"}],"author":[{"embeddable":true,"href":"https:\/\/www.affinite.fr\/index.php\/wp-json\/wp\/v2\/users\/1"}],"replies":[{"embeddable":true,"href":"https:\/\/www.affinite.fr\/index.php\/wp-json\/wp\/v2\/comments?post=8711"}],"version-history":[{"count":0,"href":"https:\/\/www.affinite.fr\/index.php\/wp-json\/wp\/v2\/posts\/8711\/revisions"}],"wp:featuredmedia":[{"embeddable":true,"href":"https:\/\/www.affinite.fr\/index.php\/wp-json\/wp\/v2\/media\/8712"}],"wp:attachment":[{"href":"https:\/\/www.affinite.fr\/index.php\/wp-json\/wp\/v2\/media?parent=8711"}],"wp:term":[{"taxonomy":"category","embeddable":true,"href":"https:\/\/www.affinite.fr\/index.php\/wp-json\/wp\/v2\/categories?post=8711"},{"taxonomy":"post_tag","embeddable":true,"href":"https:\/\/www.affinite.fr\/index.php\/wp-json\/wp\/v2\/tags?post=8711"}],"curies":[{"name":"wp","href":"https:\/\/api.w.org\/{rel}","templated":true}]}}