{"id":8184,"date":"2022-08-18T09:23:14","date_gmt":"2022-08-18T09:23:14","guid":{"rendered":"https:\/\/www.affinite.fr\/index.php\/2022\/08\/18\/mort-de-marion-campan-la-medecin-legiste-de-opj-a-lage-de-30-ans-news-series\/"},"modified":"2022-08-18T09:23:14","modified_gmt":"2022-08-18T09:23:14","slug":"mort-de-marion-campan-la-medecin-legiste-de-opj-a-lage-de-30-ans-news-series","status":"publish","type":"post","link":"https:\/\/www.affinite.fr\/index.php\/2022\/08\/18\/mort-de-marion-campan-la-medecin-legiste-de-opj-a-lage-de-30-ans-news-series\/","title":{"rendered":"Mort de Marion Campan, la m\u00e9decin l\u00e9giste de OPJ, \u00e0 l&rsquo;\u00e2ge de 30 ans &#8211; News S\u00e9ries"},"content":{"rendered":"<p> [ad_1]<br \/>\n<\/p>\n<p>L&rsquo;actrice fran\u00e7aise Marion Campan, qui incarnait la m\u00e9decin l\u00e9giste de la s\u00e9rie polici\u00e8re \u00ab\u00a0OPJ\u00a0\u00bb, a \u00e9t\u00e9 retrouv\u00e9e morte lundi dernier \u00e0 son domicile de Saint-Paul, \u00e0 la R\u00e9union. Elle \u00e9tait \u00e2g\u00e9e de 30 ans.<\/p>\n<div id=\"article-content\">\n<figure class=\"player player-auto-play js-player\" data-model=\"{&quot;videos&quot;:[{&quot;id&quot;:19592891,&quot;idDailymotion&quot;:&quot;x8a2uvx&quot;,&quot;sources&quot;:{&quot;high&quot;:&quot;https:\/\/fr.vid.web.acsta.net\/nmedia\/33\/21\/06\/30\/15\/19592891_hd_013.mp4&quot;,&quot;low&quot;:&quot;https:\/\/fr.vid.web.acsta.net\/nmedia\/33\/21\/06\/30\/15\/19592891_l_013.mp4&quot;,&quot;medium&quot;:&quot;https:\/\/fr.vid.web.acsta.net\/nmedia\/33\/21\/06\/30\/15\/19592891_m_013.mp4&quot;,&quot;standard&quot;:&quot;https:\/\/fr.vid.web.acsta.net\/nmedia\/33\/21\/06\/30\/15\/19592891_sd_013.mp4&quot;},&quot;image&quot;:&quot;\/videothumbnails\/21\/06\/30\/15\/15\/4095772.jpg&quot;,&quot;title&quot;:&quot;O.P.J. : la bande-annonce du prime u00e9vu00e9nement avec Olivier Marchal et Samir Boitard&quot;,&quot;trackingIdentifier&quot;:&quot;19592891-o_p_j_la_bande_annonce_du_prime_evenement_avec_olivier_marchal_et_samir_boitard&quot;,&quot;embedUrl&quot;:&quot;ACraHRACr0cHM6Ly9wbGF5ZXIuYWxsb2NpbmUuZnIvMTk1OTI4OTEuaHRtbA==&quot;,&quot;file_type&quot;:&quot;TRAILER&quot;,&quot;description&quot;:&quot;O.P.J. : la bande-annonce du prime u00e9vu00e9nement avec Olivier Marchal et Samir Boitard&quot;,&quot;duration&quot;:35,&quot;view_count&quot;:17811,&quot;added_at&quot;:{&quot;date&quot;:&quot;2021-06-30 15:10:00.000000&quot;,&quot;timezone_type&quot;:3,&quot;timezone&quot;:&quot;Europe\/Paris&quot;},&quot;metas&quot;:{&quot;id_main_show&quot;:null,&quot;name_main_show&quot;:null,&quot;image_main_show&quot;:null,&quot;id_main_movie&quot;:null,&quot;name_main_movie&quot;:null,&quot;image_main_movie&quot;:null,&quot;id_main_series&quot;:24593,&quot;name_main_series&quot;:&quot;O.P.J.&quot;,&quot;image_main_series&quot;:null,&quot;id_main_season&quot;:39787,&quot;name_main_season&quot;:null,&quot;image_main_season&quot;:null,&quot;main_season_number&quot;:2,&quot;id_main_person&quot;:null,&quot;name_main_person&quot;:null,&quot;image_main_person&quot;:null,&quot;use_portal&quot;:null,&quot;release_date_main_movie&quot;:null,&quot;nb_days_release_main_movie&quot;:null,&quot;id_meta_category&quot;:null,&quot;name_meta_category&quot;:null,&quot;localized_file_type&quot;:null,&quot;trans_file_type&quot;:null,&quot;main_movie_type&quot;:null,&quot;main_season_rating&quot;:null,&quot;main_series_rating&quot;:null,&quot;main_season_user_note_count&quot;:null,&quot;genre_main_movie&quot;:null,&quot;genre_main_series&quot;:null,&quot;release_status_movie&quot;:null,&quot;release_status_series&quot;:null},&quot;is_emergence_inhibited&quot;:false,&quot;relatedEntityType&quot;:&quot;series&quot;,&quot;relatedEntityId&quot;:24593,&quot;relatedEntityTitle&quot;:&quot;O.P.J.&quot;,&quot;entityStatus&quot;:&quot;in_progress&quot;,&quot;relatedEntityTrackingIdentifier&quot;:&quot;24593-o_p_j&quot;}],&quot;disablePreroll&quot;:false,&quot;disablePostroll&quot;:false,&quot;endScreen&quot;:true,&quot;context&quot;:&quot;newspage_news&quot;,&quot;launch&quot;:&quot;auto-play&quot;,&quot;followScroll&quot;:true,&quot;editorialContent&quot;:&quot;18712987-mort_de_marion_campan_la_medecin_legiste_de_opj_a_l_age_de_30_ans&quot;,&quot;disableAutoPause&quot;:true,&quot;player_position&quot;:&quot;playertop&quot;}\" data-thumb=\"https:\/\/fr.web.img3.acsta.net\/r_640_360\/videothumbnails\/21\/06\/30\/15\/15\/4095772.jpg\">\n<\/figure>\n<p>La s\u00e9rie\u00a0<a title=\"O.P.J. (France) (Soap,Drame)\" href=\"http:\/\/www.allocine.fr\/series\/ficheserie_gen_cserie=24593.html\">OPJ<\/a>\u00a0est en deuil. <a title=\"Marion Campan (France) (Acteur)\" href=\"http:\/\/www.allocine.fr\/personne\/fichepersonne_gen_cpersonne=938112.html\">Marion Campan<\/a>, qui incarnait la m\u00e9decin l\u00e9giste du programme policier, a \u00e9t\u00e9 retrouv\u00e9e morte lundi dernier \u00e0 son domicile de Saint-Paul, \u00e0 la R\u00e9union. Le parquet du tribunal de Saint-Denis pr\u00e9cise, selon des propos rapport\u00e9s par <span class=\"ACraHRACr0cHM6Ly93d3cubGVxdW90aWRpZW4ucmUvYWN0dWFsaXRlcy9mYWl0cy1kaXZlcnMvbGFjdHJpY2UtZGUtbGEtc2VyaWUtb3BqLW1hcmlvbi1jYW1wYW4tZXN0LWRlY2VkZWUv\" target=\"_blank\">le site Le Quotidien<\/span>, \u00ab\u00a0<i>qu\u2019une enqu\u00eate a, bien \u00e9videmment, \u00e9t\u00e9 ouverte afin d\u2019\u00e9tablir avec certitude les circonstances du d\u00e9c\u00e8s\u00a0\u00bb<\/i>.\u00a0L&rsquo;actrice fran\u00e7aise \u00e9tait \u00e2g\u00e9e de 30 ans.<\/p>\n<p>Marion Campan jouait le r\u00f4le de Jos\u00e9phine Fleury, la m\u00e9decin l\u00e9giste de OPJ, depuis la saison 2 (le r\u00f4le \u00e9tait auparavant tenu par <a title=\"Cl\u00e9mentine Julienne (France) (Acteur)\" href=\"http:\/\/www.allocine.fr\/personne\/fichepersonne_gen_cpersonne=889482.html\">Cl\u00e9mentine Julienne<\/a>). Elle venait de terminer le tournage de la quatri\u00e8me saison sur l&rsquo;\u00eele de la R\u00e9union.<\/p>\n<div class=\"article-figure-holder\">\n<figure class=\"article-figure mceNonEditable\">\n<img loading=\"lazy\" decoding=\"async\" class=\"article-figure-img\" src=\"data:image\/gif;base64,R0lGODlhAgABAPAAAAAAAAAAACH5BAEAAAAAIf8LSW1hZ2VNYWdpY2sNZ2FtbWE9MC40NTQ1NQAsAAAAAAIAAQAAAgIECgA7\" data-src=\"https:\/\/fr.web.img5.acsta.net\/r_640_256\/newsv7\/22\/08\/18\/11\/04\/0323609.jpg\" width=\"640\" height=\"320\"\/><br \/>\n<span class=\"article-figcaption-copy\">France \u00d4 \/ Capture d&rsquo;\u00e9cran<\/span><figcaption class=\"article-figcaption\">\nMarion Campan dans \u00ab\u00a0OPJ\u00a0\u00bb<br \/>\n<\/figcaption><\/figure>\n<\/div>\n<p><span>La s\u00e9rie OPJ, dont la troisi\u00e8me saison vient d&rsquo;\u00eatre diffus\u00e9e sur France 3, suit le quotidien mouvement\u00e9 de Clarissa Hoarau (<a title=\"Ya\u00eblle Trules (France) (Acteur)\" href=\"http:\/\/www.allocine.fr\/personne\/fichepersonne_gen_cpersonne=513824.html\">Ya\u00eblle Trul\u00e8s<\/a>), capitaine de police d&rsquo;origine r\u00e9unionnaise et commandante de brigade. <a title=\"Antoine Stip (France) (Acteur)\" href=\"http:\/\/www.allocine.fr\/personne\/fichepersonne_gen_cpersonne=260660.html\">Antoine Stip<\/a>,\u00a0<a title=\"Marielle Karabeu (France) (Acteur)\" href=\"http:\/\/www.allocine.fr\/personne\/fichepersonne_gen_cpersonne=867226.html\">Marielle Karabeu<\/a> et\u00a0<a title=\"Nathan Dellemme (France) (Acteur)\" href=\"http:\/\/www.allocine.fr\/personne\/fichepersonne_gen_cpersonne=776657.html\">Nathan Dellemme<\/a>\u00a0compl\u00e8tent la distribution du programme policier.<\/span><\/p>\n<p><strong>OPJ : la bande-annonce du premier \u00e9pisode de la saison 3<\/strong><\/p>\n<p>\u00a0<\/p>\n<\/div>\n<p>[ad_2]<br \/>\n<br \/><a href=\"http:\/\/www.allocine.fr\/article\/fichearticle_gen_carticle=18712987.html\">Source link <\/a><\/p>\n","protected":false},"excerpt":{"rendered":"<p>[ad_1] L&rsquo;actrice fran\u00e7aise Marion Campan, qui incarnait la m\u00e9decin l\u00e9giste de la s\u00e9rie polici\u00e8re \u00ab\u00a0OPJ\u00a0\u00bb, a \u00e9t\u00e9 retrouv\u00e9e morte lundi &hellip; <a href=\"https:\/\/www.affinite.fr\/index.php\/2022\/08\/18\/mort-de-marion-campan-la-medecin-legiste-de-opj-a-lage-de-30-ans-news-series\/\" class=\"more-link\">Plus <span class=\"screen-reader-text\">Mort de Marion Campan, la m\u00e9decin l\u00e9giste de OPJ, \u00e0 l&rsquo;\u00e2ge de 30 ans &#8211; News S\u00e9ries<\/span> <span class=\"meta-nav\">&rarr;<\/span><\/a><\/p>\n","protected":false},"author":1,"featured_media":8185,"comment_status":"","ping_status":"open","sticky":false,"template":"","format":"standard","meta":{"_sitemap_exclude":false,"_sitemap_priority":"","_sitemap_frequency":"","footnotes":""},"categories":[1],"tags":[],"class_list":["post-8184","post","type-post","status-publish","format-standard","has-post-thumbnail","hentry","category-tous"],"_links":{"self":[{"href":"https:\/\/www.affinite.fr\/index.php\/wp-json\/wp\/v2\/posts\/8184"}],"collection":[{"href":"https:\/\/www.affinite.fr\/index.php\/wp-json\/wp\/v2\/posts"}],"about":[{"href":"https:\/\/www.affinite.fr\/index.php\/wp-json\/wp\/v2\/types\/post"}],"author":[{"embeddable":true,"href":"https:\/\/www.affinite.fr\/index.php\/wp-json\/wp\/v2\/users\/1"}],"replies":[{"embeddable":true,"href":"https:\/\/www.affinite.fr\/index.php\/wp-json\/wp\/v2\/comments?post=8184"}],"version-history":[{"count":0,"href":"https:\/\/www.affinite.fr\/index.php\/wp-json\/wp\/v2\/posts\/8184\/revisions"}],"wp:featuredmedia":[{"embeddable":true,"href":"https:\/\/www.affinite.fr\/index.php\/wp-json\/wp\/v2\/media\/8185"}],"wp:attachment":[{"href":"https:\/\/www.affinite.fr\/index.php\/wp-json\/wp\/v2\/media?parent=8184"}],"wp:term":[{"taxonomy":"category","embeddable":true,"href":"https:\/\/www.affinite.fr\/index.php\/wp-json\/wp\/v2\/categories?post=8184"},{"taxonomy":"post_tag","embeddable":true,"href":"https:\/\/www.affinite.fr\/index.php\/wp-json\/wp\/v2\/tags?post=8184"}],"curies":[{"name":"wp","href":"https:\/\/api.w.org\/{rel}","templated":true}]}}