{"id":81,"date":"2020-02-16T08:50:40","date_gmt":"2020-02-16T08:50:40","guid":{"rendered":"https:\/\/www.affinite.fr\/index.php\/2020\/02\/16\/moi-deux-vies-mais-pourquoi-mon-voyage-a-malte\/"},"modified":"2020-02-16T08:50:40","modified_gmt":"2020-02-16T08:50:40","slug":"moi-deux-vies-mais-pourquoi-mon-voyage-a-malte","status":"publish","type":"post","link":"https:\/\/www.affinite.fr\/index.php\/2020\/02\/16\/moi-deux-vies-mais-pourquoi-mon-voyage-a-malte\/","title":{"rendered":"Moi, deux vies!! Mais pourquoi? Mon voyage \u00e0 Malte"},"content":{"rendered":"<p> [ad_1]<br \/>\n<\/p>\n<div>\n<p style=\"text-align:center\">Lors de mon  voyage \u00e0 Malte, je rencontre Mr S. que j\u2019accompagne pour visiter cet archipel. Un Monsieur d\u2019une cinquantaines d\u2019ann\u00e9es, charmant, plein d\u2019humour avec <strong>une vision de la vie plut\u00f4t philosophique <\/strong>\u2026 Pendant toute cette semaine j\u2019entends: <em> Moi, deux vie!! Mais pourquoi? Mon voyage \u00e0 Malte. <\/em> Ce Monsieur me fait r\u00e9fl\u00e9chir sur une certaine vision de la vie!! <\/p>\n<h2>Se reconstruire!<\/h2>\n<p style=\"text-align:center\">Mr S, a eut un accident de voiture il y a quelques ann\u00e9es, ce qui a chang\u00e9 sa vie!! Il a dut se reconstruire, se battre contre les s\u00e9quelles, accepter d\u2019avoir changer,<strong> adapter sa vie<\/strong> \u2026 Pas facile hein?! <\/p>\n<p style=\"text-align:center\">Il essai souvent , si ce n\u2019est pas tous les jours de comprendre le comment du pourquoi? Pourquoi cet accident? Quelle le\u00e7on \u00e0 retenir? Pourquoi n\u2019est -il pas mort? Pourquoi lui? Pourquoi deux vies?? Et \u2026<strong> Que doit-il faire de cette deuxi\u00e8me vie\u2026<\/strong><\/p>\n<p style=\"text-align:center\">Alors, il est vrai que <strong>se reconstruire apr\u00e8s un accident n\u2019est pas ais\u00e9<\/strong>, le processus est long et il faut bien \u00e9videmment \u00eatre bien entour\u00e9 autant au niveau familiale que psychologique et surtout m\u00e9dicalement! <\/p>\n<p style=\"text-align:center\">Mr S a acquit une certaine confiance en la vie! Le bon dieu lui a donn\u00e9 une autre chance dit-il, alors il profite! <strong>Et voyage encore encore \u2026<\/strong> Il a fr\u00f4l\u00e9 la mort, mais connais la valeur de la vie. Mais,  il lui reste une question ou il ne trouve pas de r\u00e9ponse! <strong>Pourquoi? <\/strong><\/p>\n<h3>Moi, deux vies, mais pourquoi?<\/h3>\n<p style=\"text-align:center\">Comment r\u00e9pondre a cette question, et en faite, cette question a t-elle <strong>UNE<\/strong> r\u00e9ponse?<strong> Je pense que chacun d\u2019entre nous a sa propre r\u00e9ponse<\/strong>, qu\u2019il faut d\u2019abord accepter la mort pour ne pas \u00eatre dans une illusion, pour se sentir \u00eatre, pour vivre notre vie sereinement en s\u2019aimant et en aimant les autres. Il y a une citation qui dit \u00ab\u00a0<strong>On a deux vies, et la deuxi\u00e8me commence quand on se rend compte qu\u2019on en a qu\u2019une\u00a0\u00bb!<\/strong> Alors oui, quand on vit un accident brutal c\u2019est une prise de conscience aussi brutale. <\/p>\n<h4>Qu\u2019est-ce qui fait que l\u2019on meurt ou pas? Qu\u2019on se bat pour une nouvelle vie ou qu\u2019on se laisse aller ? <\/h4>\n<div class=\"wp-block-image\">\n<figure class=\"aligncenter is-resized\"><img loading=\"lazy\" decoding=\"async\" data-attachment-id=\"8365\" data-permalink=\"https:\/\/rencontretvoyagite.com\/2019\/11\/23\/moi-deux-vies-mon-voyage-a-malte\/moi-deux-vies-pourquoi-mon-voyage-a-malte\/#main\" data-orig-file=\"https:\/\/i0.wp.com\/rencontretvoyagite.com\/wp-content\/uploads\/2019\/11\/Moi-deux-vies-Pourquoi-Mon-voyage-\u00e0-Malte.jpg?fit=1920%2C1280&amp;ssl=1\" data-orig-size=\"1920,1280\" data-comments-opened=\"1\" data-image-meta=\"{&quot;aperture&quot;:&quot;5.6&quot;,&quot;credit&quot;:&quot;&quot;,&quot;camera&quot;:&quot;ILCE-6000&quot;,&quot;caption&quot;:&quot;&quot;,&quot;created_timestamp&quot;:&quot;1568116895&quot;,&quot;copyright&quot;:&quot;&quot;,&quot;focal_length&quot;:&quot;50&quot;,&quot;iso&quot;:&quot;3200&quot;,&quot;shutter_speed&quot;:&quot;0.025&quot;,&quot;title&quot;:&quot;&quot;,&quot;orientation&quot;:&quot;1&quot;}\" data-image-title=\"Moi-deux-vies-Pourquoi-Mon-voyage-\u00e0-Malte\" data-image-description=\"\" data-medium-file=\"https:\/\/i0.wp.com\/rencontretvoyagite.com\/wp-content\/uploads\/2019\/11\/Moi-deux-vies-Pourquoi-Mon-voyage-\u00e0-Malte.jpg?fit=300%2C200&amp;ssl=1\" data-large-file=\"https:\/\/i0.wp.com\/rencontretvoyagite.com\/wp-content\/uploads\/2019\/11\/Moi-deux-vies-Pourquoi-Mon-voyage-\u00e0-Malte.jpg?fit=620%2C414&amp;ssl=1\" alt=\"Moi, deux vies!! Mais pourquoi? Mon voyage \u00e0 Malte\" class=\"wp-image-8365 jetpack-lazy-image\" width=\"447\" height=\"297\" srcset=\"https:\/\/i0.wp.com\/rencontretvoyagite.com\/wp-content\/uploads\/2019\/11\/Moi-deux-vies-Pourquoi-Mon-voyage-\u00e0-Malte.jpg?w=1920&amp;ssl=1 1920w, https:\/\/i0.wp.com\/rencontretvoyagite.com\/wp-content\/uploads\/2019\/11\/Moi-deux-vies-Pourquoi-Mon-voyage-\u00e0-Malte.jpg?resize=300%2C200&amp;ssl=1 300w, https:\/\/i0.wp.com\/rencontretvoyagite.com\/wp-content\/uploads\/2019\/11\/Moi-deux-vies-Pourquoi-Mon-voyage-\u00e0-Malte.jpg?resize=768%2C512&amp;ssl=1 768w, https:\/\/i0.wp.com\/rencontretvoyagite.com\/wp-content\/uploads\/2019\/11\/Moi-deux-vies-Pourquoi-Mon-voyage-\u00e0-Malte.jpg?resize=1024%2C683&amp;ssl=1 1024w, https:\/\/i0.wp.com\/rencontretvoyagite.com\/wp-content\/uploads\/2019\/11\/Moi-deux-vies-Pourquoi-Mon-voyage-\u00e0-Malte.jpg?resize=570%2C380&amp;ssl=1 570w, https:\/\/i0.wp.com\/rencontretvoyagite.com\/wp-content\/uploads\/2019\/11\/Moi-deux-vies-Pourquoi-Mon-voyage-\u00e0-Malte.jpg?w=1240&amp;ssl=1 1240w, https:\/\/i0.wp.com\/rencontretvoyagite.com\/wp-content\/uploads\/2019\/11\/Moi-deux-vies-Pourquoi-Mon-voyage-\u00e0-Malte.jpg?w=1860&amp;ssl=1 1860w\" data-lazy-sizes=\"(max-width: 447px) 100vw, 447px\" src=\"https:\/\/i1.wp.com\/rencontretvoyagite.com\/wp-content\/uploads\/2019\/11\/Moi-deux-vies-Pourquoi-Mon-voyage-\u00e0-Malte.jpg?fit=620%2C414&amp;ssl=1&amp;is-pending-load=1\" srcset=\"data:image\/gif;base64,R0lGODlhAQABAIAAAAAAAP\/\/\/yH5BAEAAAAALAAAAAABAAEAAAIBRAA7\"\/><noscript><img loading=\"lazy\" decoding=\"async\" data-attachment-id=\"8365\" data-permalink=\"https:\/\/rencontretvoyagite.com\/2019\/11\/23\/moi-deux-vies-mon-voyage-a-malte\/moi-deux-vies-pourquoi-mon-voyage-a-malte\/#main\" data-orig-file=\"https:\/\/i0.wp.com\/rencontretvoyagite.com\/wp-content\/uploads\/2019\/11\/Moi-deux-vies-Pourquoi-Mon-voyage-\u00e0-Malte.jpg?fit=1920%2C1280&amp;ssl=1\" data-orig-size=\"1920,1280\" data-comments-opened=\"1\" data-image-meta=\"{&quot;aperture&quot;:&quot;5.6&quot;,&quot;credit&quot;:&quot;&quot;,&quot;camera&quot;:&quot;ILCE-6000&quot;,&quot;caption&quot;:&quot;&quot;,&quot;created_timestamp&quot;:&quot;1568116895&quot;,&quot;copyright&quot;:&quot;&quot;,&quot;focal_length&quot;:&quot;50&quot;,&quot;iso&quot;:&quot;3200&quot;,&quot;shutter_speed&quot;:&quot;0.025&quot;,&quot;title&quot;:&quot;&quot;,&quot;orientation&quot;:&quot;1&quot;}\" data-image-title=\"Moi-deux-vies-Pourquoi-Mon-voyage-\u00e0-Malte\" data-image-description=\"\" data-medium-file=\"https:\/\/i0.wp.com\/rencontretvoyagite.com\/wp-content\/uploads\/2019\/11\/Moi-deux-vies-Pourquoi-Mon-voyage-\u00e0-Malte.jpg?fit=300%2C200&amp;ssl=1\" data-large-file=\"https:\/\/i0.wp.com\/rencontretvoyagite.com\/wp-content\/uploads\/2019\/11\/Moi-deux-vies-Pourquoi-Mon-voyage-\u00e0-Malte.jpg?fit=620%2C414&amp;ssl=1\" src=\"https:\/\/i1.wp.com\/rencontretvoyagite.com\/wp-content\/uploads\/2019\/11\/Moi-deux-vies-Pourquoi-Mon-voyage-\u00e0-Malte.jpg?fit=620%2C414&amp;ssl=1\" alt=\"Moi, deux vies!! Mais pourquoi? Mon voyage \u00e0 Malte\" class=\"wp-image-8365\" width=\"447\" height=\"297\" srcset=\"https:\/\/i0.wp.com\/rencontretvoyagite.com\/wp-content\/uploads\/2019\/11\/Moi-deux-vies-Pourquoi-Mon-voyage-\u00e0-Malte.jpg?w=1920&amp;ssl=1 1920w, https:\/\/i0.wp.com\/rencontretvoyagite.com\/wp-content\/uploads\/2019\/11\/Moi-deux-vies-Pourquoi-Mon-voyage-\u00e0-Malte.jpg?resize=300%2C200&amp;ssl=1 300w, https:\/\/i0.wp.com\/rencontretvoyagite.com\/wp-content\/uploads\/2019\/11\/Moi-deux-vies-Pourquoi-Mon-voyage-\u00e0-Malte.jpg?resize=768%2C512&amp;ssl=1 768w, https:\/\/i0.wp.com\/rencontretvoyagite.com\/wp-content\/uploads\/2019\/11\/Moi-deux-vies-Pourquoi-Mon-voyage-\u00e0-Malte.jpg?resize=1024%2C683&amp;ssl=1 1024w, https:\/\/i0.wp.com\/rencontretvoyagite.com\/wp-content\/uploads\/2019\/11\/Moi-deux-vies-Pourquoi-Mon-voyage-\u00e0-Malte.jpg?resize=570%2C380&amp;ssl=1 570w, https:\/\/i0.wp.com\/rencontretvoyagite.com\/wp-content\/uploads\/2019\/11\/Moi-deux-vies-Pourquoi-Mon-voyage-\u00e0-Malte.jpg?w=1240&amp;ssl=1 1240w, https:\/\/i0.wp.com\/rencontretvoyagite.com\/wp-content\/uploads\/2019\/11\/Moi-deux-vies-Pourquoi-Mon-voyage-\u00e0-Malte.jpg?w=1860&amp;ssl=1 1860w\" sizes=\"(max-width: 447px) 100vw, 447px\"\/><\/noscript><\/figure>\n<\/div>\n<p style=\"text-align:center\">Ayant beaucoup travaill\u00e9 aupr\u00e8s de personnes \u00e2g\u00e9es (Qu\u2019est ce que ces ann\u00e9es m\u2019on apporter dans ma vie personnelle!!) <strong>Merci a toutes les personnes que j\u2019ai accompagn\u00e9!!<\/strong> J\u2019ai pu observer que certaines personnes l\u00e2che et d\u2019autres s\u2019accroche, on appelle cela l\u2019instant de survie. J\u2019ai d\u00e9j\u00e0 entendu : \u00ab\u00a0J\u2019attends de voir ma fille une derni\u00e8re fois pour mourir\u00a0\u00bb Quelques jours apr\u00e8s la fille arrive, passe quelques heures aupr\u00e8s de sa maman, aussit\u00f4t celle-ci parti la vielle dame meurt \u2026 <strong>Cela fait fait r\u00e9fl\u00e9chir hein? <\/strong>J\u2019ai d\u00e9j\u00e0 entendu aussi: \u00ab\u00a0Je veux mourir, j\u2019en ai marre!\u00a0\u00bb mais rien, la personne reste dans notre monde, elle souffre mais ne l\u00e2che pas!<\/p>\n<p style=\"text-align:center\">Peut-\u00eatre que Mr S n\u2019as pas voulut l\u00e2ch\u00e9, qu\u2019il ne consid\u00e9rait pas qu\u2019il en avait fini avec la vie! Qu\u2019il avait encore \u00e0 faire ici bas. En tout cas, \u00e0 Malte, j\u2019ai bien vu que c\u2019\u00e9tait un battant pr\u00eat \u00e0 sortir de sa zone de confort, j\u2019ai bien ressenti qu\u2019il voulait rire et s\u2019\u00e9merveiller de tout,<strong> j\u2019ai bien comprit que l\u2019on avait  besoin de ce genre de personnes dans nos quotidiens!!<\/strong><\/p>\n<p style=\"text-align:center\">Et vous, vous en pensez quoi? Quel est votre rapport \u00e0 la mort, \u00e0 la vie? Vous pensez que l\u2019on \u00ab\u00a0choisi\u00a0\u00bb le moment? <strong>J\u2019ai h\u00e2te de vous lire ? .<\/strong><\/p>\n<p style=\"text-align:right\"><em>Moi, deux vies!! Mais pourquoi? Mon voyage \u00e0 Malte<\/em><\/p>\n<p><strong><em>Pour lire mes autres aventures en tant qu\u2019accompagnatrice c\u2019est par ici ? &lt;&lt; <\/em><\/strong><a href=\"https:\/\/rencontretvoyagite.com\/category\/adaptes-tes-rv\/\">https:\/\/rencontretvoyagite.com\/category\/adaptes-tes-rv\/<\/a>  <\/p>\n<p><strong><em>Ne ratez aucunes des publications en live!! Suivez moi sur<\/em><\/strong> <a rel=\"noreferrer noopener\" aria-label=\"Facebook (s\u2019ouvre dans un nouvel onglet)\" href=\"https:\/\/www.facebook.com\/rencontretvoyagite\/\" target=\"_blank\">Facebook<\/a> ?<\/p>\n<div class=\"sharedaddy sd-block sd-like jetpack-likes-widget-wrapper jetpack-likes-widget-unloaded\" id=\"like-post-wrapper-92246691-8356-5e49025f75ccf\" data-src=\"https:\/\/widgets.wp.com\/likes\/#blog_id=92246691&amp;post_id=8356&amp;origin=rencontretvoyagite.com&amp;obj_id=92246691-8356-5e49025f75ccf\" data-name=\"like-post-frame-92246691-8356-5e49025f75ccf\">\n<h3 class=\"sd-title\">WordPress:<\/h3>\n<p><span class=\"button\"><span>J&rsquo;aime<\/span><\/span> <span class=\"loading\">chargement\u2026<\/span><\/p>\n<p><span class=\"sd-text-color\"\/><a class=\"sd-link-color\"\/><\/div>\n<\/p><\/div>\n<p>[ad_2]<br \/>\n<br \/><a href=\"https:\/\/rencontretvoyagite.com\/2019\/11\/23\/moi-deux-vies-mon-voyage-a-malte\/\">Source link <\/a><\/p>\n","protected":false},"excerpt":{"rendered":"<p>[ad_1] Lors de mon voyage \u00e0 Malte, je rencontre Mr S. que j\u2019accompagne pour visiter cet archipel. Un Monsieur d\u2019une &hellip; <a href=\"https:\/\/www.affinite.fr\/index.php\/2020\/02\/16\/moi-deux-vies-mais-pourquoi-mon-voyage-a-malte\/\" class=\"more-link\">Plus <span class=\"screen-reader-text\">Moi, deux vies!! Mais pourquoi? Mon voyage \u00e0 Malte<\/span> <span class=\"meta-nav\">&rarr;<\/span><\/a><\/p>\n","protected":false},"author":1,"featured_media":82,"comment_status":"open","ping_status":"open","sticky":false,"template":"","format":"standard","meta":{"_sitemap_exclude":false,"_sitemap_priority":"","_sitemap_frequency":"","footnotes":""},"categories":[1],"tags":[],"class_list":["post-81","post","type-post","status-publish","format-standard","has-post-thumbnail","hentry","category-tous"],"_links":{"self":[{"href":"https:\/\/www.affinite.fr\/index.php\/wp-json\/wp\/v2\/posts\/81"}],"collection":[{"href":"https:\/\/www.affinite.fr\/index.php\/wp-json\/wp\/v2\/posts"}],"about":[{"href":"https:\/\/www.affinite.fr\/index.php\/wp-json\/wp\/v2\/types\/post"}],"author":[{"embeddable":true,"href":"https:\/\/www.affinite.fr\/index.php\/wp-json\/wp\/v2\/users\/1"}],"replies":[{"embeddable":true,"href":"https:\/\/www.affinite.fr\/index.php\/wp-json\/wp\/v2\/comments?post=81"}],"version-history":[{"count":0,"href":"https:\/\/www.affinite.fr\/index.php\/wp-json\/wp\/v2\/posts\/81\/revisions"}],"wp:featuredmedia":[{"embeddable":true,"href":"https:\/\/www.affinite.fr\/index.php\/wp-json\/wp\/v2\/media\/82"}],"wp:attachment":[{"href":"https:\/\/www.affinite.fr\/index.php\/wp-json\/wp\/v2\/media?parent=81"}],"wp:term":[{"taxonomy":"category","embeddable":true,"href":"https:\/\/www.affinite.fr\/index.php\/wp-json\/wp\/v2\/categories?post=81"},{"taxonomy":"post_tag","embeddable":true,"href":"https:\/\/www.affinite.fr\/index.php\/wp-json\/wp\/v2\/tags?post=81"}],"curies":[{"name":"wp","href":"https:\/\/api.w.org\/{rel}","templated":true}]}}