{"id":8021,"date":"2022-07-06T20:44:59","date_gmt":"2022-07-06T20:44:59","guid":{"rendered":"https:\/\/www.affinite.fr\/index.php\/2022\/07\/06\/ecris-ta-serie-linitiative-du-cnc-et-de-leducation-nationale-pour-encourager-les-jeunes-a-creer-news-series\/"},"modified":"2022-07-06T20:44:59","modified_gmt":"2022-07-06T20:44:59","slug":"ecris-ta-serie-linitiative-du-cnc-et-de-leducation-nationale-pour-encourager-les-jeunes-a-creer-news-series","status":"publish","type":"post","link":"https:\/\/www.affinite.fr\/index.php\/2022\/07\/06\/ecris-ta-serie-linitiative-du-cnc-et-de-leducation-nationale-pour-encourager-les-jeunes-a-creer-news-series\/","title":{"rendered":"\u00ab\u00a0Ecris ta s\u00e9rie\u00a0\u00bb : l\u2019initiative du CNC et de l\u2019Education nationale pour encourager les jeunes \u00e0 cr\u00e9er &#8211; News S\u00e9ries"},"content":{"rendered":"<p> [ad_1]<br \/>\n<br \/><img decoding=\"async\" src=\"http:\/\/fr.web.img6.acsta.net\/newsv7\/22\/07\/06\/18\/56\/3584851.jpg\" \/><\/p>\n<p>Une initiative lanc\u00e9e conjointement par les minist\u00e8res de l\u2019Education nationale, de la Culture et le CNC a permis \u00e0 des milliers de lyc\u00e9ens de se lancer dans un beau d\u00e9fi : \u00e9crire leur s\u00e9rie.<\/p>\n<div id=\"article-content\">\n<figure class=\"player player-auto-play js-player\" data-model=\"{&quot;videos&quot;:[{&quot;id&quot;:19596478,&quot;idDailymotion&quot;:&quot;x8bcb7j&quot;,&quot;sources&quot;:{&quot;high&quot;:&quot;https:\/\/fr.vid.web.acsta.net\/nmedia\/33\/22\/04\/26\/15\/19596478_hd_013.mp4&quot;,&quot;low&quot;:&quot;https:\/\/fr.vid.web.acsta.net\/nmedia\/33\/22\/04\/26\/15\/19596478_l_013.mp4&quot;,&quot;medium&quot;:&quot;https:\/\/fr.vid.web.acsta.net\/nmedia\/33\/22\/04\/26\/15\/19596478_m_013.mp4&quot;,&quot;standard&quot;:&quot;https:\/\/fr.vid.web.acsta.net\/nmedia\/33\/22\/04\/26\/15\/19596478_sd_013.mp4&quot;},&quot;image&quot;:&quot;\/videothumbnails\/22\/04\/26\/15\/06\/5431780.jpg&quot;,&quot;title&quot;:&quot;Le Visiteur du futur Teaser VF&quot;,&quot;trackingIdentifier&quot;:&quot;19596478-le_visiteur_du_futur_teaser_vf&quot;,&quot;embedUrl&quot;:&quot;ACraHRACr0cHM6Ly9wbGF5ZXIuYWxsb2NpbmUuZnIvMTk1OTY0NzguaHRtbA==&quot;,&quot;file_type&quot;:&quot;TEASER&quot;,&quot;description&quot;:&quot;Le Visiteur du futur Teaser VF&quot;,&quot;duration&quot;:59,&quot;view_count&quot;:56153,&quot;added_at&quot;:{&quot;date&quot;:&quot;2022-04-26 15:03:00.000000&quot;,&quot;timezone_type&quot;:3,&quot;timezone&quot;:&quot;Europe\/Paris&quot;},&quot;metas&quot;:{&quot;id_main_show&quot;:null,&quot;name_main_show&quot;:null,&quot;image_main_show&quot;:null,&quot;id_main_movie&quot;:268603,&quot;name_main_movie&quot;:&quot;Le Visiteur du futur&quot;,&quot;image_main_movie&quot;:&quot;\/pictures\/22\/03\/24\/14\/02\/3103260.jpg&quot;,&quot;id_main_series&quot;:null,&quot;name_main_series&quot;:null,&quot;image_main_series&quot;:null,&quot;id_main_season&quot;:null,&quot;name_main_season&quot;:null,&quot;image_main_season&quot;:null,&quot;main_season_number&quot;:null,&quot;id_main_person&quot;:null,&quot;name_main_person&quot;:null,&quot;image_main_person&quot;:null,&quot;use_portal&quot;:null,&quot;release_date_main_movie&quot;:null,&quot;nb_days_release_main_movie&quot;:null,&quot;id_meta_category&quot;:null,&quot;name_meta_category&quot;:null,&quot;localized_file_type&quot;:null,&quot;trans_file_type&quot;:null,&quot;main_movie_type&quot;:null,&quot;main_season_rating&quot;:null,&quot;main_series_rating&quot;:null,&quot;main_season_user_note_count&quot;:null,&quot;genre_main_movie&quot;:null,&quot;genre_main_series&quot;:null,&quot;release_status_movie&quot;:null,&quot;release_status_series&quot;:null},&quot;is_emergence_inhibited&quot;:false,&quot;relatedEntityType&quot;:&quot;movie&quot;,&quot;relatedEntityId&quot;:268603,&quot;relatedEntityTitle&quot;:&quot;Le Visiteur du futur&quot;,&quot;relatedEntityUrl&quot;:&quot;ACraHRACr0cHM6Ly93d3cuYWxsb2NpbmUuZnIvZmlsbS9maWNoZWZpbG1fZ2VuX2NmaWxtPTI2ODYwMy5odG1s&quot;,&quot;mediaUrl&quot;:&quot;ACraHRACr0cHM6Ly93d3cuYWxsb2NpbmUuZnIvdmlkZW8vcGxheWVyX2dlbl9jbWVkaWE9MTk1OTY0NzgmY2ZpbG09MjY4NjAzLmh0bWw=&quot;,&quot;relatedEntityTrackingIdentifier&quot;:&quot;268603-le_visiteur_du_futur&quot;,&quot;genres&quot;:[&quot;COMEDY&quot;,&quot;SCIENCE_FICTION&quot;],&quot;relatedEntityDistributor&quot;:null,&quot;relatedEntityDistributorId&quot;:null,&quot;entityStatus&quot;:null}],&quot;disablePreroll&quot;:false,&quot;disablePostroll&quot;:false,&quot;endScreen&quot;:true,&quot;context&quot;:&quot;newspage_news&quot;,&quot;launch&quot;:&quot;auto-play&quot;,&quot;followScroll&quot;:true,&quot;editorialContent&quot;:&quot;18711596-ecris_ta_serie_l_initiative_du_cnc_et_de_l_education_nationale_pour_encourager_les_jeunes_a_creer&quot;,&quot;disableAutoPause&quot;:true,&quot;player_position&quot;:&quot;playertop&quot;}\" data-thumb=\"https:\/\/fr.web.img6.acsta.net\/r_640_360\/videothumbnails\/22\/04\/26\/15\/06\/5431780.jpg\">\n<\/figure>\n<p>\u00ab\u00a0Ecris ta s\u00e9rie\u00a0!\u00a0\u00bb Mieux qu\u2019une injonction, c\u2019est un d\u00e9fi passionnant que le <span class=\"ACraHRACr0cHM6Ly93d3cuY25jLmZyLw==\" target=\"_blank\">CNC<\/span> (Centre national du cin\u00e9ma et de l\u2019image anim\u00e9e), le Minist\u00e8re de la Culture et l\u2019Education nationale ont lanc\u00e9 cette ann\u00e9e. D\u2019octobre 2021 \u00e0 mai 2022, tous les lyc\u00e9ens \u00e2g\u00e9s de 15 \u00e0 18 ans ont pu participer \u00e0 ce concours. Par groupes de 3 \u00e0 8 jeunes, ils ont pos\u00e9 sur le papier les mots et les images qui leur trottent dans la t\u00eate.<\/p>\n<p>Le but de cette initiative\u00a0? Susciter des vocations. D\u00e9velopper le go\u00fbt de l\u2019\u00e9criture et la cr\u00e9ativit\u00e9. Et commencer \u00e0 faire \u00e9merger la future g\u00e9n\u00e9ration de sc\u00e9naristes fran\u00e7ais. Pour les participants, la d\u00e9marche consiste aussi \u00e0 d\u00e9couvrir ce que tout professionnel du monde de la s\u00e9rie t\u00e9l\u00e9 doit entreprendre lorsqu\u2019il veut vendre son projet\u00a0: constituer un dossier avec un synopsis, une pr\u00e9sentation des personnages, une bible en somme. Ils ont \u00e9galement eu recours \u00e0 de la vid\u00e9o pour pitcher leur s\u00e9rie.<\/p>\n<p>Les r\u00e8gles du jeu \u00e9taient claires\u00a0: \u00e9crire \u00e0 plusieurs, laisser libre cours \u00e0 son imagination, sans restriction concernant le nombre d\u2019\u00e9pisodes, le format ou le genre choisi. Pour mener \u00e0 bien leur projet, les jeunes ont \u00e9t\u00e9 encadr\u00e9s par des professionnels qui leur ont donn\u00e9 les cl\u00e9s pour rendre un dossier le plus abouti possible.<\/p>\n<p>L\u2019op\u00e9ration a \u00e9t\u00e9 marrain\u00e9e par l\u2019actrice\u00a0<a title=\"Audrey Fleurot (France) (Acteur)\" href=\"http:\/\/www.allocine.fr\/personne\/fichepersonne_gen_cpersonne=128597.html\">Audrey Fleurot<\/a> et parrain\u00e9e par le r\u00e9alisateur et sc\u00e9nariste <a title=\"Fran\u00e7ois Descraques (France) (Sc\u00e9nariste,R\u00e9alisateur,Cr\u00e9ateur)\" href=\"http:\/\/www.allocine.fr\/personne\/fichepersonne_gen_cpersonne=543035.html\">Fran\u00e7ois Descraques<\/a>. R\u00e9sultats\u00a0: plus de <strong>2300 \u00e9l\u00e8ves<\/strong> ont particip\u00e9 \u00e0 cette premi\u00e8re \u00e9dition\u00a0! <strong>330 dossiers<\/strong> ont \u00e9t\u00e9 envoy\u00e9s et 13 ont \u00e9t\u00e9 retenus pour \u00eatre lus avec attention et \u00e9valu\u00e9s par un jury de professionnels.<\/p>\n<p>Une s\u00e9lection tr\u00e8s riche<\/p>\n<p>\u00ab\u00a0<i>On a \u00e9t\u00e9 surpris par la maturit\u00e9 sur le fond ou la forme de tous les projets. Egalement de voir les probl\u00e9matiques qui en ressortaient. On a pas mal de projets sur l\u2019\u00e9cologie, l\u2019avenir de la plan\u00e8te, l\u2019\u00e9volution de la soci\u00e9t\u00e9 par rapport aux nouvelles technologies<\/i>\u00ab\u00a0, nous confie Fran\u00e7ois Descraques. Le sc\u00e9nariste et r\u00e9alisateur, qui s\u2019est fait conna\u00eetre avec <a title=\"Le Visiteur du futur (France) - 2021 (Science fiction,Com\u00e9die)\" href=\"http:\/\/www.allocine.fr\/film\/fichefilm_gen_cfilm=268603.html\">Le Visiteur du futur<\/a>, a fait partie du jury final.<\/p>\n<p>\u00ab\u00a0<i>Ce qui m\u2019a le plus touch\u00e9, \u00e7a a \u00e9t\u00e9 de voir des jeunes ma\u00eetriser leur univers de jeunes et de voir comment ils se mettaient en sc\u00e8ne eux-m\u00eames. M\u00eame si des fois, il y avait des maladresses, il y avait beaucoup d\u2019authenticit\u00e9<\/i>\u00a0\u00bb nous dit-il en \u00e9voquant des dossiers tr\u00e8s vari\u00e9s dans les genres.<\/p>\n<p>\u00ab\u00a0<i>Ce qui est assez amusant, c\u2019est qu\u2019ils abordent des sujets s\u00e9rieux, sans se prendre trop au s\u00e9rieux donc il y a tr\u00e8s souvent une forme d\u2019humour, d\u2019ironie, de l\u00e9ger d\u00e9tachement. Ce n\u2019est pas de la com\u00e9die. On sent qu\u2019ils sont affect\u00e9s par la mani\u00e8re dont le monde ne tourne pas rond mais en revanche, ils ont suffisamment de maturit\u00e9 et d\u2019intelligence pour prendre une certaine distance par rapport \u00e0 leurs propos<\/i>\u00a0\u00bb nous confie \u00e0 son tour <a title=\"Caroline Benjo (France,Maroc) (Producteur,Producteur associ\u00e9,Producteur d\u00e9l\u00e9gu\u00e9)\" href=\"http:\/\/www.allocine.fr\/personne\/fichepersonne_gen_cpersonne=66732.html\">Caroline Benjo<\/a>, productrice et dirigeante de la soci\u00e9t\u00e9 Haut et Court.<\/p>\n<p>Cette initiative est aussi une forme de sensibilisation au m\u00e9tier de sc\u00e9nariste. M\u00e9tier qui semble souvent inaccessible et dont on ne fait pas forc\u00e9ment la pr\u00e9sentation sur tous les territoires de France. C\u2019est pleine d\u2019espoir que Caroline Benjo exprime son souhait pour les participants\u00a0:<\/p>\n<blockquote class=\"article-quote\"><p>L\u2019id\u00e9e c\u2019est surtout de faire en sorte de leur donner envie d\u2019\u00e9criture, de s\u2019emparer des r\u00e9cits qui soient LEURS r\u00e9cits. Et que si affinit\u00e9s, \u00e7a puisse devenir une pratique r\u00e9guli\u00e8re chez eux et qu\u2019ils se professionnalisent au fur et \u00e0 mesure de leur cursus scolaire et peut-\u00eatre universitaire pour devenir les sc\u00e9naristes de demain.<\/p><\/blockquote>\n<p>Le projet \u00ab\u00a0Ecris ta s\u00e9rie\u00a0\u00bb constitue ainsi un premier pied \u00e0 l\u2019\u00e9trier pour ces jeunes qui d\u00e9couvrent l\u00e0 leur potentiel. Pour les encourager \u00e0 poursuivre leurs travaux d\u2019\u00e9criture et \u00e0 s\u2019int\u00e9resser de plus pr\u00e8s \u00e0 la cr\u00e9ation s\u00e9rielle, le CNC leur propose des prix tr\u00e8s bien vus avec entre autres la visite d\u2019un tournage de s\u00e9rie et d\u2019un plateau d\u2019animation.<\/p>\n<p>C\u2019est un r\u00e9el message d\u2019ouverture envoy\u00e9 \u00e0 tous les participants qui viennent des quatre coins de la France, y compris des DOM-TOM, et dont on ne juge pas l\u2019origine g\u00e9ographique ou sociale. Leur atout dans ce concours, c\u2019est qu\u2019ils portent avec eux un imaginaire li\u00e9 \u00e0 leur contexte personnel. D\u2019o\u00f9 la diversit\u00e9, salu\u00e9e par le jury, des dossiers pr\u00e9sent\u00e9s.<\/p>\n<p>La d\u00e9marche consiste aussi \u00e0 partir \u00e0 la recherche des sc\u00e9naristes de demain de fa\u00e7on d\u00e9centralis\u00e9e, en allant \u00e0 leur rencontre. \u00ab\u00a0<i>C\u2019est un pari sur l\u2019avenir avec l\u2019id\u00e9e d\u2019arr\u00eater de penser au haut de la pyramide. Ce n\u2019est pas par le haut de la pyramide qu\u2019on va r\u00e9ussir \u00e0 renouveler la fiction fran\u00e7aise<\/i>\u00a0\u00bb explique Caroline Benjo. Fran\u00e7ois Descraques exprime le m\u00eame espoir qu\u2019elle quant aux possibles retomb\u00e9es dans les ann\u00e9es \u00e0 venir\u00a0:<\/p>\n<blockquote class=\"article-quote\"><p>Il y a une diversit\u00e9 de profils et de th\u00e8mes qui sont tellement absents des s\u00e9ries qu\u2019on voit \u00e0 la t\u00e9l\u00e9. J\u2019esp\u00e8re vraiment que \u00e7a va inspirer des gens et des producteurs.<\/p><\/blockquote>\n<p>Fort de son succ\u00e8s, le d\u00e9fi \u00ab\u00a0Ecris ta s\u00e9rie\u00a0\u00bb est renouvel\u00e9 pour une deuxi\u00e8me \u00e9dition pour l\u2019ann\u00e9e scolaire 2022-2023 et va s\u2019ouvrir aux \u00e9l\u00e8ves de 4<sup>\u00e8me<\/sup> et de 3<sup>\u00e8me<\/sup>.<\/p>\n<p>Palmar\u00e8s de la premi\u00e8re \u00e9dition<\/p>\n<p><strong>Prix du meilleur projet\u00a0: Etranger comme toi<\/strong><\/p>\n<p>El\u00e8ves du Lyc\u00e9e LPO Boissy d\u2019Anglas d\u2019Annonay (r\u00e9gion Auvergne-Rh\u00f4ne-Alpes)<br \/>Projet encadr\u00e9 par la MJC Annonay.<br \/><strong>Auteurs<\/strong>\u00a0: Lila A., Candice B., Th\u00e9vie B., Charlotte C., Aude D., Camille G., Noah L., Na\u00ebl L., Jade S., Nathan S., Est\u00e9ban S., Buncelia S., Tim T.<br \/><strong>Professeur encadrant\u00a0<\/strong>: Pascale MUSCHINOWSKI<br \/><strong>Accompagn\u00e9e dans le travail d\u2019\u00e9criture par\u00a0<\/strong>: Brice Sodini et Romain Evrard<\/p>\n<p><strong>Prix sp\u00e9cial du jury\u00a0: Eudaimonia<\/strong><\/p>\n<p>El\u00e8ves sur le hors temps scolaire encadr\u00e9s par l\u2019association La Nouvelle dimension \u00e0 Florac (r\u00e9gion Occitanie)<br \/><strong>Auteurs anonymis\u00e9s<\/strong>\u00a0: Camille A., Ella B., T\u00e9vi B., Noam P.<br \/><strong>Encadr\u00e9s par\u00a0:\u00a0<\/strong>Pierre Audebert<\/p>\n<p><strong>Prix du meilleur pitch\u00a0: Roll and Rock<\/strong><\/p>\n<p>El\u00e8ves du lyc\u00e9e Henri Poincar\u00e9 de Nancy (r\u00e9gion Grand Est)<br \/>Projet encadr\u00e9 par la structure FDMJC 54 (La F\u00e9d\u00e9ration des MJC de Meurthe-et-Moselle)<br \/><strong>Auteurs :<\/strong>\u00a0Marie B., L\u00e9a B., Marco J., Baptiste R., Emma R., Yvan S., Ninon V.,<br \/><strong>Professeures encadrantes\u00a0:\u00a0<\/strong>Marie-H\u00e9l\u00e8ne Testa et S\u00e9verine Vicari<br \/><strong>Accompagn\u00e9es par<\/strong>\u00a0: Thomas Desenne\u00a0<\/p>\n<p><strong>Mention sp\u00e9ciale du pitch\u00a0: Over heaven crew<\/strong><\/p>\n<p>El\u00e8ves du lyc\u00e9e des Ar\u00e8nes de Toulouse (r\u00e9gion Occitanie)<br \/>Projet encadr\u00e9 par l\u2019association La Trame.<br \/><strong>Auteurs\u00a0:\u00a0<\/strong>Micka\u00ebl F., Virgile M., Fantin P.<br \/><strong>Encadr\u00e9s par\u00a0:\u00a0<\/strong>Christian Dauteuille<br \/><strong>Professeur\u00a0:\u00a0<\/strong>Philippe Teissier<strong>\u00a0<\/strong><\/p>\n<p><strong>Prix des meilleurs dialogu\u00e9s, ex aequo :<\/strong><\/p>\n<p><strong>Sip\u00e8stisyon<\/strong><\/p>\n<p>El\u00e8ves du lyc\u00e9e Bellevue de Fort-de-France (Martinique)<br \/>Projet encadr\u00e9 par Cadice Cin\u00e9 Woul\u00e9.\u00a0<br \/><strong>Auteurs\u00a0:<\/strong>\u00a0Issma\u00ebl R., Abigail B. Lohann M.<br \/><strong>Professeure encadrante\u00a0<\/strong>: Marion DUBREUIL\u00a0<\/p>\n<p><strong>Viandard.e.s<\/strong><\/p>\n<p>El\u00e8ves du lyc\u00e9e g\u00e9n\u00e9ral Pierre Mend\u00e8s France de Vic en Bigorre (r\u00e9gion Occitanie)<br \/>Projet encadr\u00e9 par l\u2019association La Trame.<br \/><strong>Auteurs\u00a0:<\/strong>\u00a0Irina S., Manon B., Maurine S.<br \/><strong>Encadr\u00e9es par<\/strong>\u00a0leur professeure Isabelle Vaillon et Baptiste Martin-Bonnaire, intervenant pour La Trame<\/p>\n<p><strong>Prix coup de c\u0153ur des jeunes finalistes du d\u00e9fi\u00a0<i>Ecris ta s\u00e9rie<\/i>\u00a0: Over heaven crew<\/strong><\/p>\n<p>El\u00e8ves du lyc\u00e9e des Ar\u00e8nes de Toulouse (r\u00e9gion Occitanie)<br \/>Projet encadr\u00e9 par l\u2019association La Trame.<br \/><strong>Auteurs\u00a0:\u00a0<\/strong>Micka\u00ebl F., Virgile M., Fantin P.<br \/><strong>Encadr\u00e9s par\u00a0:\u00a0<\/strong>Christian Dauteuille<br \/><strong>Professeur\u00a0:\u00a0<\/strong>Philippe Teissier<\/p>\n<p>Composition du jury\u00a0:<\/p>\n<p><strong>Axel\u00a0Auriant<\/strong>\u00a0(com\u00e9dien),\u00a0<strong>Caroline\u00a0Benjo<\/strong>\u00a0(productrice et co-g\u00e9rante de Haut et Court),\u00a0<strong>Simon\u00a0Bouisson<\/strong>\u00a0(r\u00e9alisateur, sc\u00e9nariste),\u00a0<strong>Fran\u00e7ois\u00a0Descraques<\/strong>\u00a0(r\u00e9alisateur, sc\u00e9nariste),\u00a0<strong>Renaud\u00a0Ferreira de\u00a0Oliveira<\/strong>\u00a0(inspecteur g\u00e9n\u00e9ral de l&rsquo;\u00e9ducation, du sport et de la recherche),\u00a0<strong>Timoth\u00e9\u00a0Hochet<\/strong>\u00a0(r\u00e9alisateur, sc\u00e9nariste),\u00a0<strong>Chlo\u00e9\u00a0Jouannet<\/strong>\u00a0(com\u00e9dienne),\u00a0<strong>Carole Leberre<\/strong>\u00a0(conseill\u00e8re programmes unit\u00e9 fiction, France T\u00e9l\u00e9visions),\u00a0<strong>Julien\u00a0Neutres<\/strong>\u00a0(directeur de la cr\u00e9ation, des territoires et des publics du CNC),\u00a0<strong>Vera\u00a0Peltekian<\/strong>\u00a0(VP originals production| HBO Max France),\u00a0<strong>\u00c9ric\u00a0Rostand<\/strong>\u00a0(conseiller cin\u00e9ma\/audiovisuel, m\u00e9dias &#8211; Mission Education artistique et culturelle),\u00a0<strong>Charlotte\u00a0Servel<\/strong>\u00a0(ma\u00eetresse de conf\u00e9rence en cin\u00e9ma, auteure des outils du d\u00e9fi \u00c9cris ta s\u00e9rie),\u00a0<strong>Lorraine\u00a0Sullivan<\/strong>\u00a0(Manager, Investissement et D\u00e9veloppement des Talents EMEA, Netflix)<\/p>\n<\/div>\n<p>[ad_2]<br \/>\n<br \/><a href=\"http:\/\/www.allocine.fr\/article\/fichearticle_gen_carticle=18711596.html\">Source link <\/a><\/p>\n","protected":false},"excerpt":{"rendered":"<p>[ad_1] Une initiative lanc\u00e9e conjointement par les minist\u00e8res de l\u2019Education nationale, de la Culture et le CNC a permis \u00e0 &hellip; <a href=\"https:\/\/www.affinite.fr\/index.php\/2022\/07\/06\/ecris-ta-serie-linitiative-du-cnc-et-de-leducation-nationale-pour-encourager-les-jeunes-a-creer-news-series\/\" class=\"more-link\">Plus <span class=\"screen-reader-text\">\u00ab\u00a0Ecris ta s\u00e9rie\u00a0\u00bb : l\u2019initiative du CNC et de l\u2019Education nationale pour encourager les jeunes \u00e0 cr\u00e9er &#8211; News S\u00e9ries<\/span> <span class=\"meta-nav\">&rarr;<\/span><\/a><\/p>\n","protected":false},"author":1,"featured_media":8022,"comment_status":"","ping_status":"open","sticky":false,"template":"","format":"standard","meta":{"_sitemap_exclude":false,"_sitemap_priority":"","_sitemap_frequency":"","footnotes":""},"categories":[1],"tags":[],"class_list":["post-8021","post","type-post","status-publish","format-standard","has-post-thumbnail","hentry","category-tous"],"_links":{"self":[{"href":"https:\/\/www.affinite.fr\/index.php\/wp-json\/wp\/v2\/posts\/8021"}],"collection":[{"href":"https:\/\/www.affinite.fr\/index.php\/wp-json\/wp\/v2\/posts"}],"about":[{"href":"https:\/\/www.affinite.fr\/index.php\/wp-json\/wp\/v2\/types\/post"}],"author":[{"embeddable":true,"href":"https:\/\/www.affinite.fr\/index.php\/wp-json\/wp\/v2\/users\/1"}],"replies":[{"embeddable":true,"href":"https:\/\/www.affinite.fr\/index.php\/wp-json\/wp\/v2\/comments?post=8021"}],"version-history":[{"count":0,"href":"https:\/\/www.affinite.fr\/index.php\/wp-json\/wp\/v2\/posts\/8021\/revisions"}],"wp:featuredmedia":[{"embeddable":true,"href":"https:\/\/www.affinite.fr\/index.php\/wp-json\/wp\/v2\/media\/8022"}],"wp:attachment":[{"href":"https:\/\/www.affinite.fr\/index.php\/wp-json\/wp\/v2\/media?parent=8021"}],"wp:term":[{"taxonomy":"category","embeddable":true,"href":"https:\/\/www.affinite.fr\/index.php\/wp-json\/wp\/v2\/categories?post=8021"},{"taxonomy":"post_tag","embeddable":true,"href":"https:\/\/www.affinite.fr\/index.php\/wp-json\/wp\/v2\/tags?post=8021"}],"curies":[{"name":"wp","href":"https:\/\/api.w.org\/{rel}","templated":true}]}}