{"id":7935,"date":"2022-06-14T10:53:16","date_gmt":"2022-06-14T10:53:16","guid":{"rendered":"https:\/\/www.affinite.fr\/index.php\/2022\/06\/14\/oeufs-poches-au-yaourt-a-la-turque-cilbir\/"},"modified":"2022-06-14T10:53:16","modified_gmt":"2022-06-14T10:53:16","slug":"oeufs-poches-au-yaourt-a-la-turque-cilbir","status":"publish","type":"post","link":"https:\/\/www.affinite.fr\/index.php\/2022\/06\/14\/oeufs-poches-au-yaourt-a-la-turque-cilbir\/","title":{"rendered":"Oeufs poch\u00e9s au yaourt \u00e0 la turque (Cilbir)"},"content":{"rendered":"<p> [ad_1]<br \/>\n<\/p>\n<div id=\"post-42087\">&#13;<br \/>\n\t\t\t\t\t\t\t\t\t&#13;<\/p>\n<div class=\"post-header-inner\">\n<div class=\"post-header-title\">\n<div class=\"post-meta single-post-meta\">\n\t\t\t\t<span class=\"time\"><time class=\"post-published updated\" datetime=\"2022-06-13T14:15:00+02:00\">Publi\u00e9 le <b>13 juin 2022<\/b><\/time><\/span><br \/>\n\t\t\t<a href=\"https:\/\/www.chefnini.com\/oeufs-poches-au-yaourt-a-la-turque-cilbir\/#respond\" title=\"Laisser un commentaire sur &quot;Oeufs poch\u00e9s au yaourt \u00e0 la turque (Cilbir)&quot;\" class=\"comments\"><i class=\"fa fa-comments-o\"\/> 0<\/a><\/div>\n<\/p><\/div>\n<\/p><\/div>\n<p>&#13;<\/p>\n<div class=\"entry-content clearfix single-post-content\">\n<p><img itemprop=\"image\" class=\"aligncenter size-full wp-image-42094\" data-src=\"https:\/\/static.chefnini.com\/wp-content\/uploads\/2022\/06\/cilbir-oeufs-poches7.jpg\" alt=\"\" width=\"500\" height=\"750\" srcset=\"https:\/\/static.chefnini.com\/wp-content\/uploads\/2022\/06\/cilbir-oeufs-poches7.jpg 500w, https:\/\/static.chefnini.com\/wp-content\/uploads\/2022\/06\/cilbir-oeufs-poches7-200x300.jpg 200w\" sizes=\"(max-width: 500px) 100vw, 500px\"\/><\/p>\n<p itemprop=\"description\">Connaissez-vous le cilbir ? Il s\u2019agit d\u2019une sp\u00e9cialit\u00e9 turque, sal\u00e9e, que l\u2019on sert au petit d\u00e9jeuner mais que l\u2019on peut \u00e9galement proposer en entr\u00e9e ou comme plat pour un soir.<\/p>\n<p>Plat ultra gourmand mais qui n\u00e9cessite tout de m\u00eame une pr\u00e9paration qui peut faire peur : la cuisson des oeufs poch\u00e9s. Je vous invite \u00e0 lire mon <a href=\"https:\/\/www.chefnini.com\/technique-oeuf-poche\/\">article \u00e0 ce sujet pour r\u00e9ussir vos oeufs poch\u00e9s<\/a>. Ces oeufs sont d\u00e9pos\u00e9s sur du yaourt grec parfum\u00e9 d\u2019ail et d\u2019un peu de sel. On assaisonne d\u2019huile d\u2019olive (je la parfume au paprika fum\u00e9, c\u2019est tr\u00e8s bon) et de persil. Quelques graines de nigelle (j\u2019en suis vraiment fana de cette petite graine noire, ici \u00e7a se marie tr\u00e8s bien). On sert avec du pain \u2013 pita ou autre.<\/p>\n<p><img itemprop=\"image\" class=\"aligncenter size-full wp-image-42092\" data-src=\"https:\/\/static.chefnini.com\/wp-content\/uploads\/2022\/06\/cilbir-oeufs-poches5.jpg\" alt=\"\" width=\"730\" height=\"487\" srcset=\"https:\/\/static.chefnini.com\/wp-content\/uploads\/2022\/06\/cilbir-oeufs-poches5.jpg 730w, https:\/\/static.chefnini.com\/wp-content\/uploads\/2022\/06\/cilbir-oeufs-poches5-300x200.jpg 300w, https:\/\/static.chefnini.com\/wp-content\/uploads\/2022\/06\/cilbir-oeufs-poches5-450x300.jpg 450w\" sizes=\"(max-width: 730px) 100vw, 730px\"\/><\/p>\n<p><img itemprop=\"image\" class=\"aligncenter size-full wp-image-42090\" data-src=\"https:\/\/static.chefnini.com\/wp-content\/uploads\/2022\/06\/cilbir-oeufs-poches3.jpg\" alt=\"\" width=\"500\" height=\"750\" srcset=\"https:\/\/static.chefnini.com\/wp-content\/uploads\/2022\/06\/cilbir-oeufs-poches3.jpg 500w, https:\/\/static.chefnini.com\/wp-content\/uploads\/2022\/06\/cilbir-oeufs-poches3-200x300.jpg 200w\" sizes=\"(max-width: 500px) 100vw, 500px\"\/> <img itemprop=\"image\" class=\"aligncenter size-full wp-image-42093\" data-src=\"https:\/\/static.chefnini.com\/wp-content\/uploads\/2022\/06\/cilbir-oeufs-poches6.jpg\" alt=\"\" width=\"500\" height=\"750\" srcset=\"https:\/\/static.chefnini.com\/wp-content\/uploads\/2022\/06\/cilbir-oeufs-poches6.jpg 500w, https:\/\/static.chefnini.com\/wp-content\/uploads\/2022\/06\/cilbir-oeufs-poches6-200x300.jpg 200w\" sizes=\"(max-width: 500px) 100vw, 500px\"\/><\/p>\n<h3 itemprop=\"recipeYield\">Pour 2 personnes (entr\u00e9e ou petit d\u00e9jeuner) :<\/h3>\n<ul>\n<li itemprop=\"ingredients\">200g de yaourt grec<\/li>\n<li itemprop=\"ingredients\">1\/2 gousse d\u2019ail<\/li>\n<li itemprop=\"ingredients\">5 cl d\u2019huile d\u2019olive<\/li>\n<li itemprop=\"ingredients\">1\/2 cuill\u00e8re \u00e0 caf\u00e9 de paprika fum\u00e9<\/li>\n<li itemprop=\"ingredients\">2 oeufs<\/li>\n<li itemprop=\"ingredients\">Quelques brins de persil ou\u00a0 de menthe (selon vos pr\u00e9f\u00e9rences)<\/li>\n<li itemprop=\"ingredients\">Quelques graines de nigelle (facultatif)<\/li>\n<li itemprop=\"ingredients\">Sel<\/li>\n<\/ul>\n<div itemprop=\"recipeInstructions\">\n<p><img itemprop=\"image\" class=\"aligncenter size-full wp-image-42091\" data-src=\"https:\/\/static.chefnini.com\/wp-content\/uploads\/2022\/06\/cilbir-oeufs-poches4.jpg\" alt=\"\" width=\"500\" height=\"750\" srcset=\"https:\/\/static.chefnini.com\/wp-content\/uploads\/2022\/06\/cilbir-oeufs-poches4.jpg 500w, https:\/\/static.chefnini.com\/wp-content\/uploads\/2022\/06\/cilbir-oeufs-poches4-200x300.jpg 200w\" sizes=\"(max-width: 500px) 100vw, 500px\"\/><\/p>\n<p>1- Epluchez et d\u00e9germez la gousse d\u2019ail. Hachez-la finement.<\/p>\n<p>2- M\u00e9langez au yaourt avec un peu de sel.<\/p>\n<p>3- Versez dans des bols.<\/p>\n<p>4- M\u00e9langez l\u2019huile et le paprika et r\u00e9servez.<\/p>\n<p>5- Faites cuire les \u0153ufs \u00e0 l\u2019eau bouillante vinaigr\u00e9e pour obtenir des \u0153ufs poch\u00e9s en suivant <a href=\"https:\/\/www.chefnini.com\/technique-oeuf-poche\/\">la m\u00e9thode donn\u00e9e dans cet article<\/a>.<\/p>\n<p>6- R\u00e9partissez dans les bols. Ajoutez un filet d\u2019huile parfum\u00e9e, du persil (ou menthe) cisel\u00e9, des graines de nigelles.<\/p>\n<p>7- Servez avec du pain ou des pitas.<\/p>\n<p><img itemprop=\"image\" class=\"aligncenter size-full wp-image-42089\" data-src=\"https:\/\/static.chefnini.com\/wp-content\/uploads\/2022\/06\/cilbir-oeufs-poches2.jpg\" alt=\"\" width=\"500\" height=\"750\" srcset=\"https:\/\/static.chefnini.com\/wp-content\/uploads\/2022\/06\/cilbir-oeufs-poches2.jpg 500w, https:\/\/static.chefnini.com\/wp-content\/uploads\/2022\/06\/cilbir-oeufs-poches2-200x300.jpg 200w\" sizes=\"(max-width: 500px) 100vw, 500px\"\/><\/p>\n<\/div>\n<p> <!-- recipeInstructions --> \t\t\t\t\t\t\t\t\t<\/div>\n<p>&#13;<br \/>\n\t\t\t\t\t\t\t\t\t\t&#13;<br \/>\n\t\t&#13;\n\t\t\t\t\t\t\t\t\t\t<\/p><\/div>\n<p>[ad_2]<br \/>\n<br \/><a href=\"https:\/\/www.chefnini.com\/oeufs-poches-au-yaourt-a-la-turque-cilbir\/\">Source link <\/a><\/p>\n","protected":false},"excerpt":{"rendered":"<p>[ad_1] &#13; &#13; Publi\u00e9 le 13 juin 2022 0 &#13; Connaissez-vous le cilbir ? Il s\u2019agit d\u2019une sp\u00e9cialit\u00e9 turque, sal\u00e9e, &hellip; <a href=\"https:\/\/www.affinite.fr\/index.php\/2022\/06\/14\/oeufs-poches-au-yaourt-a-la-turque-cilbir\/\" class=\"more-link\">Plus <span class=\"screen-reader-text\">Oeufs poch\u00e9s au yaourt \u00e0 la turque (Cilbir)<\/span> <span class=\"meta-nav\">&rarr;<\/span><\/a><\/p>\n","protected":false},"author":1,"featured_media":7936,"comment_status":"","ping_status":"open","sticky":false,"template":"","format":"standard","meta":{"_sitemap_exclude":false,"_sitemap_priority":"","_sitemap_frequency":"","footnotes":""},"categories":[1],"tags":[],"class_list":["post-7935","post","type-post","status-publish","format-standard","has-post-thumbnail","hentry","category-tous"],"_links":{"self":[{"href":"https:\/\/www.affinite.fr\/index.php\/wp-json\/wp\/v2\/posts\/7935"}],"collection":[{"href":"https:\/\/www.affinite.fr\/index.php\/wp-json\/wp\/v2\/posts"}],"about":[{"href":"https:\/\/www.affinite.fr\/index.php\/wp-json\/wp\/v2\/types\/post"}],"author":[{"embeddable":true,"href":"https:\/\/www.affinite.fr\/index.php\/wp-json\/wp\/v2\/users\/1"}],"replies":[{"embeddable":true,"href":"https:\/\/www.affinite.fr\/index.php\/wp-json\/wp\/v2\/comments?post=7935"}],"version-history":[{"count":0,"href":"https:\/\/www.affinite.fr\/index.php\/wp-json\/wp\/v2\/posts\/7935\/revisions"}],"wp:featuredmedia":[{"embeddable":true,"href":"https:\/\/www.affinite.fr\/index.php\/wp-json\/wp\/v2\/media\/7936"}],"wp:attachment":[{"href":"https:\/\/www.affinite.fr\/index.php\/wp-json\/wp\/v2\/media?parent=7935"}],"wp:term":[{"taxonomy":"category","embeddable":true,"href":"https:\/\/www.affinite.fr\/index.php\/wp-json\/wp\/v2\/categories?post=7935"},{"taxonomy":"post_tag","embeddable":true,"href":"https:\/\/www.affinite.fr\/index.php\/wp-json\/wp\/v2\/tags?post=7935"}],"curies":[{"name":"wp","href":"https:\/\/api.w.org\/{rel}","templated":true}]}}