{"id":7933,"date":"2022-06-14T08:26:13","date_gmt":"2022-06-14T08:26:13","guid":{"rendered":"https:\/\/www.affinite.fr\/index.php\/2022\/06\/14\/annecy-2022-les-minions-font-le-show-pour-la-soiree-douverture-du-festival-danimation-actus-cine\/"},"modified":"2022-06-14T08:26:13","modified_gmt":"2022-06-14T08:26:13","slug":"annecy-2022-les-minions-font-le-show-pour-la-soiree-douverture-du-festival-danimation-actus-cine","status":"publish","type":"post","link":"https:\/\/www.affinite.fr\/index.php\/2022\/06\/14\/annecy-2022-les-minions-font-le-show-pour-la-soiree-douverture-du-festival-danimation-actus-cine\/","title":{"rendered":"Annecy 2022\u00a0: les Minions font le show pour la soir\u00e9e d\u2019ouverture du Festival d\u2019animation &#8211; Actus Cin\u00e9"},"content":{"rendered":"<p> [ad_1]<br \/>\n<br \/><img decoding=\"async\" src=\"http:\/\/fr.web.img5.acsta.net\/newsv7\/22\/06\/14\/08\/57\/2199776.jpg\" \/><\/p>\n<p>La 48\u00e8me \u00e9dition du Festival d\u2019animation d\u2019Annecy s\u2019est ouverte ce lundi 13 juin avec la projection en avant-premi\u00e8re du film \u00e9v\u00e9nement \u00ab\u00a0Les Minions 2\u00a0: Il \u00e9tait une fois Gru\u00a0\u00bb.<\/p>\n<div id=\"article-content\">\n<p><i>\u00ab\u00a0L\u2019histoire d\u2019Illumination a d\u00e9but\u00e9 \u00e0 Annecy il y a plus de dix ans, il \u00e9tait donc pour nous normal d\u2019\u00eatre ici ce soir.\u00a0\u00bb<\/i> C\u2019est non sans une certaine \u00e9motion que le pr\u00e9sident du studio d&rsquo;animation Illumination Entertainment\u00a0<a title=\"Christopher Meledandri (Ind\u00e9fini) (Producteur,Producteur ex\u00e9cutif,Producteur d\u00e9l\u00e9gu\u00e9)\" href=\"http:\/\/www.allocine.fr\/personne\/fichepersonne_gen_cpersonne=43191.html\">Chris Meledandri<\/a> est mont\u00e9 hier soir sur la sc\u00e8ne de Bonlieu, th\u00e9\u00e2tre des \u00e9v\u00e9nements principaux du Festival d\u2019Annecy, pour introduire la s\u00e9ance d\u2019ouverture de cette 48\u00e8me \u00e9dition avec la diffusion en avant-premi\u00e8re du film <a title=\"Les Minions 2 : Il \u00e9tait une fois Gru (U.S.A.) - 2020 (Animation,Action,Com\u00e9die,Famille)\" href=\"http:\/\/www.allocine.fr\/film\/fichefilm_gen_cfilm=248481.html\">Les Minions 2\u00a0: Il \u00e9tait une fois Gru<\/a>.<\/p>\n<p>Appelant le public \u00e0 applaudir ses principaux\u00a0collaborateurs (dont le r\u00e9alisateur <a title=\"Kyle Balda (U.S.A.) (R\u00e9alisateur,Superviseur du layout&amp;nbsp;,Co-R\u00e9alisateur)\" href=\"http:\/\/www.allocine.fr\/personne\/fichepersonne_gen_cpersonne=216888.html\">Kyle Balda<\/a>, \u00e9galement pr\u00e9sent sur la sc\u00e8ne) et les \u00e9quipes d&rsquo;Universal Pictures France, le producteur am\u00e9ricain est revenu sur la gen\u00e8se compliqu\u00e9e de ce nouveau long m\u00e9trage, ses d\u00e9lais de production impact\u00e9s par le Covid, et le combat difficile pour maintenir la sortie du film en salles, d\u00e9marche toutefois\u00a0amplement r\u00e9compens\u00e9e ce lundi soir par la salle comble de cette soir\u00e9e d\u2019ouverture.<\/p>\n<p>Pour son grand retour dans une \u00e9dition \u00ab\u00a0normale\u00a0\u00bb, c\u2019est-\u00e0-dire sans la moindre restriction sanitaire, le Festival d\u2019Annecy bat en effet d\u00e9j\u00e0 des records, avec une augmentation de 5\u00a0% de ses accr\u00e9ditations par rapport \u00e0 2019, jusqu\u2019\u00e0 alors considr\u00e9e comme une ann\u00e9e historique pour le Festival, soit un total d\u2019environ 13 000 personnes accr\u00e9dit\u00e9es. Une vraie bonne surprise pour les organisateurs, cons\u00e9quence notamment\u00a0<a title=\"Annecy 2022 : Buzz l'\u00e9clair et les Gremlins au programme de la 46\u00e8me \u00e9dition\" href=\"http:\/\/www.allocine.fr\/article\/fichearticle_gen_carticle=18710566.html\">d\u2019une programmation XXL<\/a> et du retour des d\u00e9l\u00e9gations internationales \u00e0 Annecy.<\/p>\n<p>Le cin\u00e9ma est de retour, et quel meilleur divertissement pour c\u00e9l\u00e9brer cette nouvelle \u00e9dtion du Festival de l\u2019animation que la diffusion du nouvel \u00e9pisode des Minions, d\u00e9riv\u00e9 de la franchise <a title=\"Moi, moche et m\u00e9chant (U.S.A.) - 2010 (Animation)\" href=\"http:\/\/www.allocine.fr\/film\/fichefilm_gen_cfilm=140623.html\">Moi, moche et m\u00e9chant<\/a>, initi\u00e9e par le r\u00e9alisateur fran\u00e7ais\u00a0<a title=\"Pierre Coffin (France) (R\u00e9alisateur,Producteur ex\u00e9cutif,Producteur d\u00e9l\u00e9gu\u00e9)\" href=\"http:\/\/www.allocine.fr\/personne\/fichepersonne_gen_cpersonne=241855.html\">Pierre Coffin<\/a> (\u00e9galement interpr\u00e8te de la voix des Minions). Con\u00e7u comme un prequel sur la jeunesse de Gru, r\u00e9v\u00e9lant notamment la premi\u00e8re rencontre de l&rsquo;attachant g\u00e9nie du mal avec les Minions, le long m\u00e9trage nous embarque dans une course contre la montre, face aux membres loufoques d&rsquo;une \u00e9quipe de super-m\u00e9chants : les Vicious 6 !<\/p>\n<p>Le film plaira autant aux enfants pour ses nombreux gags visuels et son rythme tr\u00e9pidant, qu&rsquo;aux adultes pour ses r\u00e9f\u00e9rences et autres clins d&rsquo;oeil \u00e0 la culture populaire, avec notamment un g\u00e9n\u00e9rique parodiant ceux de la saga James Bond. Vous avez aim\u00e9 les pr\u00e9c\u00e9dents opus de Moi, moche et m\u00e9chant et des Minions ? Nul doute alors que vous aimerez \u00e9galement ce nouveau volet de la saga d&rsquo;animation culte !<\/p>\n<p><span class=\"ACrL2ZACrpbG0vZmljaGVmaWxtX2dlbl9jZmlsbT0yNDg0ODEuaHRtbA==\" title=\"Les Minions 2 : Il \u00e9tait une fois Gru (U.S.A.) - 2020 (Animation,Action,Com\u00e9die,Famille)\">Les Minions 2\u00a0: Il \u00e9tait une fois Gru<\/span>\u00a0sortira dans nos cin\u00e9mas le 6 juillet prochain.<\/p>\n<\/div>\n<p>[ad_2]<br \/>\n<br \/><a href=\"http:\/\/www.allocine.fr\/article\/fichearticle_gen_carticle=18710765.html\">Source link <\/a><\/p>\n","protected":false},"excerpt":{"rendered":"<p>[ad_1] La 48\u00e8me \u00e9dition du Festival d\u2019animation d\u2019Annecy s\u2019est ouverte ce lundi 13 juin avec la projection en avant-premi\u00e8re du &hellip; <a href=\"https:\/\/www.affinite.fr\/index.php\/2022\/06\/14\/annecy-2022-les-minions-font-le-show-pour-la-soiree-douverture-du-festival-danimation-actus-cine\/\" class=\"more-link\">Plus <span class=\"screen-reader-text\">Annecy 2022\u00a0: les Minions font le show pour la soir\u00e9e d\u2019ouverture du Festival d\u2019animation &#8211; Actus Cin\u00e9<\/span> <span class=\"meta-nav\">&rarr;<\/span><\/a><\/p>\n","protected":false},"author":1,"featured_media":7934,"comment_status":"","ping_status":"open","sticky":false,"template":"","format":"standard","meta":{"_sitemap_exclude":false,"_sitemap_priority":"","_sitemap_frequency":"","footnotes":""},"categories":[1],"tags":[],"class_list":["post-7933","post","type-post","status-publish","format-standard","has-post-thumbnail","hentry","category-tous"],"_links":{"self":[{"href":"https:\/\/www.affinite.fr\/index.php\/wp-json\/wp\/v2\/posts\/7933"}],"collection":[{"href":"https:\/\/www.affinite.fr\/index.php\/wp-json\/wp\/v2\/posts"}],"about":[{"href":"https:\/\/www.affinite.fr\/index.php\/wp-json\/wp\/v2\/types\/post"}],"author":[{"embeddable":true,"href":"https:\/\/www.affinite.fr\/index.php\/wp-json\/wp\/v2\/users\/1"}],"replies":[{"embeddable":true,"href":"https:\/\/www.affinite.fr\/index.php\/wp-json\/wp\/v2\/comments?post=7933"}],"version-history":[{"count":0,"href":"https:\/\/www.affinite.fr\/index.php\/wp-json\/wp\/v2\/posts\/7933\/revisions"}],"wp:featuredmedia":[{"embeddable":true,"href":"https:\/\/www.affinite.fr\/index.php\/wp-json\/wp\/v2\/media\/7934"}],"wp:attachment":[{"href":"https:\/\/www.affinite.fr\/index.php\/wp-json\/wp\/v2\/media?parent=7933"}],"wp:term":[{"taxonomy":"category","embeddable":true,"href":"https:\/\/www.affinite.fr\/index.php\/wp-json\/wp\/v2\/categories?post=7933"},{"taxonomy":"post_tag","embeddable":true,"href":"https:\/\/www.affinite.fr\/index.php\/wp-json\/wp\/v2\/tags?post=7933"}],"curies":[{"name":"wp","href":"https:\/\/api.w.org\/{rel}","templated":true}]}}