{"id":791,"date":"2020-03-18T10:14:13","date_gmt":"2020-03-18T10:14:13","guid":{"rendered":"https:\/\/www.affinite.fr\/index.php\/2020\/03\/18\/apple-confirme-les-nouveaux-ipad-pro-par-erreur\/"},"modified":"2020-03-18T10:14:13","modified_gmt":"2020-03-18T10:14:13","slug":"apple-confirme-les-nouveaux-ipad-pro-par-erreur","status":"publish","type":"post","link":"https:\/\/www.affinite.fr\/index.php\/2020\/03\/18\/apple-confirme-les-nouveaux-ipad-pro-par-erreur\/","title":{"rendered":"Apple confirme les nouveaux iPad Pro&#8230; par erreur"},"content":{"rendered":"<p> [ad_1]<br \/>\n<\/p>\n<div itemprop=\"articleBody\">\n<p>Les prochains iPad Pro devraient offrir la m\u00eame diagonale d\u2019\u00e9cran que la g\u00e9n\u00e9ration actuelle.\u00a0C\u2019est ce que l\u2019on peut affirmer gr\u00e2ce \u00e0 une fuite d\u2019informations affichant quatre nouvelles r\u00e9f\u00e9rences d\u2019iPad. Elle provient, une fois n\u2019est pas coutume, d\u2019un site officiel d\u2019Apple. Pour \u00eatre plus pr\u00e9cis,\u00a0c\u2019est sur une page du support technique du site chinois que sont apparus les mod\u00e8les A2228, A2229, A2231 et A2233, les deux premiers en 11 pouces et les derniers en 12,9 pouces.<\/p>\n<figure class=\"figure text-center\"><img decoding=\"async\" class=\"article-img img-responsive-l\" src=\"https:\/\/img.bfmtv.com\/c\/797\/272\/994\/6fcea1f00fb767d643b5760ea9b0d.jpeg\" alt=\"\"\/><figcaption class=\"figure-caption figcaption color-txt-0 title-xs hidden-xs\">\n                                    MacRumors<br \/>\n                                                    &#8211;<br \/>\n                            <\/figcaption><\/figure>\n<p>Comme \u00e0 l\u2019accoutum\u00e9e, la gamme se d\u00e9clinerait en version\u00a0Wi-Fi et version avec la connectivit\u00e9 4G. Si cette fuite ne laisse rien entrevoir de ce qu\u2019il y a dans leurs entrailles, plusieurs rumeurs font \u00e9tat de l\u2019arriv\u00e9e du triple module cam\u00e9ra de l\u2019iPhone 11 Pro. Ainsi que d\u2019une cam\u00e9ra \u00ab\u00a03D\u00a0\u00bb de mesure de la profondeur int\u00e9grant un capteur ToF (Time of Flight, temps de vol) qui mesure la distance aux objets.<br \/>Si c\u2019\u00e9tait le cas, les iPad seraient les premiers appareils d\u2019Apple \u00e0 int\u00e9grer ce module qui fleurit dans tous les smartphones Android haut de gamme depuis plus d\u2019un an.<\/p>\n<aside class=\"bg-color-0 padding-inside-all-s bloc border-s\">\n<h4 class=\"box-txt-normal\">\n<div class=\"\">\n<p><strong>\u00c0 d\u00e9couvrir aussi en vid\u00e9o<\/strong><\/p>\n<\/div>\n<\/h4>\n<\/aside>\n<p>\u00c0 c\u00f4t\u00e9 de ces changements mat\u00e9riels, les iPad Pro profiteraient aussi d\u2019un clavier de nouvelle g\u00e9n\u00e9ration int\u00e9grant un touchpad afin de leur permettre de se comporter comme de vrais PC portables.<\/p>\n<p><strong>Source<\/strong>\u00a0: <a href=\"https:\/\/www.engadget.com\/2020-03-17-apple-accidentally-listed-new-ipad-pro-models.html\" target=\"_blank\" rel=\"noopener noreferrer\">Engadget<\/a><\/p>\n<\/p><\/div>\n<p><script>\n         !function(f,b,e,v,n,t,s){if(f.fbq)return;n=f.fbq=function()\n         {n.callMethod? n.callMethod.apply(n,arguments):n.queue.push(arguments)}\n         ;if(!f._fbq)f._fbq=n;\n             n.push=n;n.loaded=!0;n.version='2.0';n.queue=[];t=b.createElement(e);t.async=!0;\n             t.src=v;s=b.getElementsByTagName(e)[0];s.parentNode.insertBefore(t,s)}(window,\n                 document,'script','https:\/\/connect.facebook.net\/en_US\/fbevents.js');\n         fbq('init', '1065890633454496');\n         fbq('track', 'PageView');\n     <\/script><br \/>\n<br \/>[ad_2]<br \/>\n<br \/><a href=\"https:\/\/www.01net.com\/actualites\/les-nouveaux-ipad-pro-confirmes-par-erreur-par-apple-1876995.html\">Source link <\/a><\/p>\n","protected":false},"excerpt":{"rendered":"<p>[ad_1] Les prochains iPad Pro devraient offrir la m\u00eame diagonale d\u2019\u00e9cran que la g\u00e9n\u00e9ration actuelle.\u00a0C\u2019est ce que l\u2019on peut affirmer &hellip; <a href=\"https:\/\/www.affinite.fr\/index.php\/2020\/03\/18\/apple-confirme-les-nouveaux-ipad-pro-par-erreur\/\" class=\"more-link\">Plus <span class=\"screen-reader-text\">Apple confirme les nouveaux iPad Pro&#8230; par erreur<\/span> <span class=\"meta-nav\">&rarr;<\/span><\/a><\/p>\n","protected":false},"author":1,"featured_media":792,"comment_status":"open","ping_status":"open","sticky":false,"template":"","format":"standard","meta":{"_sitemap_exclude":false,"_sitemap_priority":"","_sitemap_frequency":"","footnotes":""},"categories":[1],"tags":[],"class_list":["post-791","post","type-post","status-publish","format-standard","has-post-thumbnail","hentry","category-tous"],"_links":{"self":[{"href":"https:\/\/www.affinite.fr\/index.php\/wp-json\/wp\/v2\/posts\/791"}],"collection":[{"href":"https:\/\/www.affinite.fr\/index.php\/wp-json\/wp\/v2\/posts"}],"about":[{"href":"https:\/\/www.affinite.fr\/index.php\/wp-json\/wp\/v2\/types\/post"}],"author":[{"embeddable":true,"href":"https:\/\/www.affinite.fr\/index.php\/wp-json\/wp\/v2\/users\/1"}],"replies":[{"embeddable":true,"href":"https:\/\/www.affinite.fr\/index.php\/wp-json\/wp\/v2\/comments?post=791"}],"version-history":[{"count":0,"href":"https:\/\/www.affinite.fr\/index.php\/wp-json\/wp\/v2\/posts\/791\/revisions"}],"wp:featuredmedia":[{"embeddable":true,"href":"https:\/\/www.affinite.fr\/index.php\/wp-json\/wp\/v2\/media\/792"}],"wp:attachment":[{"href":"https:\/\/www.affinite.fr\/index.php\/wp-json\/wp\/v2\/media?parent=791"}],"wp:term":[{"taxonomy":"category","embeddable":true,"href":"https:\/\/www.affinite.fr\/index.php\/wp-json\/wp\/v2\/categories?post=791"},{"taxonomy":"post_tag","embeddable":true,"href":"https:\/\/www.affinite.fr\/index.php\/wp-json\/wp\/v2\/tags?post=791"}],"curies":[{"name":"wp","href":"https:\/\/api.w.org\/{rel}","templated":true}]}}