{"id":7762,"date":"2022-05-02T19:59:52","date_gmt":"2022-05-02T19:59:52","guid":{"rendered":"https:\/\/www.affinite.fr\/index.php\/2022\/05\/02\/handigang-sur-tf1-theo-curin-se-confie-sur-sa-nouvelle-carriere-dacteur-actus-cine\/"},"modified":"2022-05-02T19:59:52","modified_gmt":"2022-05-02T19:59:52","slug":"handigang-sur-tf1-theo-curin-se-confie-sur-sa-nouvelle-carriere-dacteur-actus-cine","status":"publish","type":"post","link":"https:\/\/www.affinite.fr\/index.php\/2022\/05\/02\/handigang-sur-tf1-theo-curin-se-confie-sur-sa-nouvelle-carriere-dacteur-actus-cine\/","title":{"rendered":"Handigang sur TF1 : Th\u00e9o Curin se confie sur sa nouvelle carri\u00e8re d\u2019acteur &#8211; Actus Cin\u00e9"},"content":{"rendered":"<p> [ad_1]<br \/>\n<\/p>\n<p>Th\u00e9o Curin, ex-vice champion du monde handisport, interpr\u00e8te Sam dans le t\u00e9l\u00e9film TF1 \u00ab\u00a0Handigang\u00a0\u00bb. Un premier r\u00f4le tenu aux c\u00f4t\u00e9s de l\u2019ancienne pr\u00e9sentatrice Alessandra Sublet. Pour Allocin\u00e9, il se confie sur sa nouvelle carri\u00e8re d\u2019acteur.<\/p>\n<div id=\"article-content\">\n<figure class=\"player player-auto-play js-player\" data-model=\"{&quot;videos&quot;:[{&quot;id&quot;:19596452,&quot;sources&quot;:{&quot;high&quot;:&quot;https:\/\/fr.vid.web.acsta.net\/nmedia\/33\/22\/04\/25\/16\/19596452_hd_013.mp4&quot;,&quot;low&quot;:&quot;https:\/\/fr.vid.web.acsta.net\/nmedia\/33\/22\/04\/25\/16\/19596452_l_013.mp4&quot;,&quot;medium&quot;:&quot;https:\/\/fr.vid.web.acsta.net\/nmedia\/33\/22\/04\/25\/16\/19596452_m_013.mp4&quot;,&quot;standard&quot;:&quot;https:\/\/fr.vid.web.acsta.net\/nmedia\/33\/22\/04\/25\/16\/19596452_sd_013.mp4&quot;},&quot;image&quot;:&quot;\/videothumbnails\/22\/04\/25\/16\/01\/2241492.jpg&quot;,&quot;title&quot;:&quot;Handi Gang Bande-annonce VF&quot;,&quot;trackingIdentifier&quot;:&quot;19596452-handi_gang_bande_annonce_vf&quot;,&quot;embedUrl&quot;:&quot;ACraHRACr0cHM6Ly9wbGF5ZXIuYWxsb2NpbmUuZnIvMTk1OTY0NTIuaHRtbA==&quot;,&quot;file_type&quot;:&quot;TRAILER&quot;,&quot;description&quot;:&quot;Handi Gang Bande-annonce VF&quot;,&quot;duration&quot;:57,&quot;view_count&quot;:3325,&quot;added_at&quot;:{&quot;date&quot;:&quot;2022-04-25 16:00:00.000000&quot;,&quot;timezone_type&quot;:3,&quot;timezone&quot;:&quot;Europe\/Paris&quot;},&quot;metas&quot;:{&quot;id_main_show&quot;:null,&quot;name_main_show&quot;:null,&quot;image_main_show&quot;:null,&quot;id_main_movie&quot;:289314,&quot;name_main_movie&quot;:&quot;Handigang&quot;,&quot;image_main_movie&quot;:&quot;\/pictures\/22\/04\/12\/16\/17\/5681420.jpg&quot;,&quot;id_main_series&quot;:null,&quot;name_main_series&quot;:null,&quot;image_main_series&quot;:null,&quot;id_main_season&quot;:null,&quot;name_main_season&quot;:null,&quot;image_main_season&quot;:null,&quot;main_season_number&quot;:null,&quot;id_main_person&quot;:null,&quot;name_main_person&quot;:null,&quot;image_main_person&quot;:null,&quot;use_portal&quot;:null,&quot;release_date_main_movie&quot;:null,&quot;nb_days_release_main_movie&quot;:null,&quot;id_meta_category&quot;:null,&quot;name_meta_category&quot;:null,&quot;localized_file_type&quot;:null,&quot;trans_file_type&quot;:null,&quot;main_movie_type&quot;:null,&quot;main_season_rating&quot;:null,&quot;main_series_rating&quot;:null,&quot;main_season_user_note_count&quot;:null,&quot;genre_main_movie&quot;:null,&quot;genre_main_series&quot;:null,&quot;release_status_movie&quot;:null,&quot;release_status_series&quot;:null},&quot;relatedEntityType&quot;:&quot;movie&quot;,&quot;relatedEntityId&quot;:289314,&quot;relatedEntityTitle&quot;:&quot;Handigang&quot;,&quot;relatedEntityUrl&quot;:&quot;ACraHRACr0cHM6Ly93d3cuYWxsb2NpbmUuZnIvZmlsbS9maWNoZWZpbG1fZ2VuX2NmaWxtPTI4OTMxNC5odG1s&quot;,&quot;mediaUrl&quot;:&quot;ACraHRACr0cHM6Ly93d3cuYWxsb2NpbmUuZnIvdmlkZW8vcGxheWVyX2dlbl9jbWVkaWE9MTk1OTY0NTImY2ZpbG09Mjg5MzE0Lmh0bWw=&quot;,&quot;relatedEntityTrackingIdentifier&quot;:&quot;289314-handigang&quot;,&quot;genres&quot;:[&quot;DRAMA&quot;],&quot;relatedEntityDistributor&quot;:null,&quot;relatedEntityDistributorId&quot;:null,&quot;entityStatus&quot;:null}],&quot;disablePreroll&quot;:false,&quot;disablePostroll&quot;:false,&quot;endScreen&quot;:true,&quot;context&quot;:&quot;newspage_news&quot;,&quot;launch&quot;:&quot;auto-play&quot;,&quot;followScroll&quot;:true,&quot;editorialContent&quot;:&quot;18709206-handigang_sur_tf1_theo_curin_se_confie_sur_sa_nouvelle_carriere_d_acteur&quot;,&quot;disableAutoPause&quot;:true,&quot;player_position&quot;:&quot;playertop&quot;}\" data-thumb=\"https:\/\/fr.web.img4.acsta.net\/r_640_360\/videothumbnails\/22\/04\/25\/16\/01\/2241492.jpg\">\n<\/figure>\n<p>D\u00e9j\u00e0 apparu sur le petit \u00e9cran dans <a title=\"Plus belle la vie (France) (Drame,Soap)\" href=\"http:\/\/www.allocine.fr\/series\/ficheserie_gen_cserie=322.html\">Plus belle la vie<\/a>, <a title=\"Th\u00e9o Curin (France) (Acteur)\" href=\"http:\/\/www.allocine.fr\/personne\/fichepersonne_gen_cpersonne=784244.html\">Th\u00e9o Curin<\/a>\u00a0a fait ses premiers pas de com\u00e9dien pour les besoins du t\u00e9l\u00e9film <a title=\"Handigang (France) - 2021 (Drame)\" href=\"http:\/\/www.allocine.fr\/film\/fichefilm_gen_cfilm=289314.html\">Handigang<\/a>, tourn\u00e9 avant sa participation au feuilleton de France 3 mais qui arrive seulement ce soir \u00e0 21h10 sur TF1. Au micro d&rsquo;Allocin\u00e9, il se <a href=\"https:\/\/www.affinite.fr\/index.php\/2023\/08\/24\/lart-de-la-glace-transforme-en-business-la-vision-unique-de-fabien-gris\/\">livre<\/a> sur sa d\u00e9cision d\u2019arr\u00eater les comp\u00e9titions sportives pour se tourner vers de nouveaux domaines comme la com\u00e9die. Quels sont ses futurs projets ? Quelle a \u00e9t\u00e9 son exp\u00e9rience sur Handigang ? R\u00e9ponse.<\/p>\n<p><strong>Allocin\u00e9 : Nous vous connaissons tous en tant qu\u2019athl\u00e8te. Qu\u2019est-ce qui vous a motiv\u00e9 \u00e0 vous lancer dans cette nouvelle carri\u00e8re d\u2019acteur ?<\/strong><\/p>\n<p><span class=\"ACrL3BACrlcnNvbm5lL2ZpY2hlcGVyc29ubmVfZ2VuX2NwZXJzb25uZT03ODQyNDQuaHRtbA==\" title=\"Th\u00e9o Curin (France) (Acteur)\"><strong>Th\u00e9o Curin<\/strong><\/span>\u00a0: Tout simplement car l\u2019opportunit\u00e9 s\u2019est pr\u00e9sent\u00e9e. J\u2019ai commenc\u00e9 dans <a title=\"Vestiaires (France) (Com\u00e9die)\" href=\"http:\/\/www.allocine.fr\/series\/ficheserie_gen_cserie=10483.html\">Vestiaires<\/a>\u00a0sur France 2 mais j\u2019incarnais mon propre r\u00f4le. Ce n\u2019\u00e9tait pas vraiment du grand cin\u00e9ma car je devais \u00eatre moi-m\u00eame. Pendant le premier confinement, j\u2019ai \u00e9t\u00e9 contact\u00e9 par un agent de cin\u00e9ma et j\u2019ai accept\u00e9 car c\u2019\u00e9tait une chance.<\/p>\n<p>Puis il y a eu Handigang et Plus belle la vie. J\u2019ai accept\u00e9 car le cin\u00e9ma me faisait r\u00eaver et me semblait inaccessible. Je viens de la campagne, mes parents n\u2019avaient pas les moyens de m\u2019offrir des cours de th\u00e9\u00e2tre, et personne dans mon entourage n&rsquo;est artiste. Alors, quand j\u2019ai su que je devais passer des castings, j\u2019\u00e9tais content que cela se concr\u00e9tise et j\u2019ai d\u00e9couvert en ce m\u00e9tier une v\u00e9ritable passion.<\/p>\n<blockquote class=\"article-quote\"><p>On n\u2019a pas besoin d\u2019\u00eatre handicap\u00e9 pour faire passer des messages sur le handicap, pareil pour la cause LGBTQ+<\/p><\/blockquote>\n<p><strong>Qu\u2019est-ce qui vous a donn\u00e9 envie d\u2019accepter ce r\u00f4le ?<\/strong><\/p>\n<p>D\u00e9j\u00e0, l\u2019opportunit\u00e9 est extraordinaire : c\u2019est un prime-time sur TF1, en tant que premier r\u00f4le, c\u2019est incroyable. En lisant le sc\u00e9nario, m\u00eame si je n\u2019ai pas envie d\u2019\u00eatre le porte-parole des personnes en situation de handicap, le sujet m&rsquo;a touch\u00e9.<\/p>\n<p>J\u2019ai \u00e9t\u00e9 touch\u00e9 par l\u2019histoire de Sam. Je n\u2019ai jamais fait de crise d\u2019adolescence car je suis parti de chez mes parents \u00e0 13 ans pour \u00eatre en sport-\u00e9tude \u00e0 Vichy \u00e0 presque 500 kilom\u00e8tres d\u2019eux. Je n\u2019ai jamais fait de grosse b\u00eatise, et c\u2019est ce que j\u2019ai aim\u00e9 dans ce sc\u00e9nario : l\u2019opportunit\u00e9 de faire des choses que je n\u2019avais jamais faites. Ce qui me pla\u00eet dans le cin\u00e9ma, c\u2019est d\u2019incarner des personnes que je ne suis pas.<\/p>\n<p><strong>Finalement, ce film est le prolongement de ce que vous faites depuis des ann\u00e9es en utilisant un autre format&#8230;<\/strong><\/p>\n<p>C\u2019est pour cela que j\u2019ai accept\u00e9 le projet. Ce film est sur la diff\u00e9rence, on parle de handicap mais aussi d\u2019homosexualit\u00e9 par exemple. On parle de toutes les diff\u00e9rences et c\u2019est le message que je tente de faire passer depuis des ann\u00e9es. Et puis, on n\u2019a pas besoin d\u2019\u00eatre handicap\u00e9 pour faire passer des messages sur le handicap, pareil pour la cause LGBTQ+\u2026 du moment qu\u2019on est motiv\u00e9 !<\/p>\n<p>Le mieux est quand on se rassemble ! C\u2019est vraiment le message que j\u2019ai envie de faire passer et ce film en est l\u2019exemple. \u00c9videmment, il est bas\u00e9 sur l\u2019adolescence d\u2019une personne en situation de handicap mais il parle donc aussi d\u2019homosexualit\u00e9, c\u2019est une subtilit\u00e9 tr\u00e8s importante. Vincent (jou\u00e9 par <a title=\"Arthur Legrand (France) (Acteur)\" href=\"http:\/\/www.allocine.fr\/personne\/fichepersonne_gen_cpersonne=878631.html\">Arthur Legrand<\/a>) souffre plus de son homosexualit\u00e9 que de la mucoviscidose par exemple.<\/p>\n<p>C\u2019\u00e9tait aussi l\u2019opportunit\u00e9 d\u2019embrasser un homme pour la premi\u00e8re fois de ma vie [rires]. Pour l\u2019anecdote, cette sc\u00e8ne a \u00e9t\u00e9 tourn\u00e9e d\u00e8s le deuxi\u00e8me jour de tournage. Je ne connaissais pas encore Arthur, c\u2019\u00e9tait tr\u00e8s dr\u00f4le, cette s\u00e9quence nous a li\u00e9s.<\/p>\n<blockquote class=\"article-quote\"><p>J\u2019ai envie de me d\u00e9tacher de mon image de nageur<\/p><\/blockquote>\n<p><strong>Vous ne nagez pas dans le t\u00e9l\u00e9film, cela peut \u00eatre surprenant pour vos fans&#8230;<\/strong><\/p>\n<p>Justement, ce qui est sympa dans le t\u00e9l\u00e9film, c\u2019est qu\u2019il raconte l\u2019histoire de Sam et pas celle de Th\u00e9o. J\u2019ai envie de me d\u00e9tacher de mon image de nageur. Apr\u00e8s, si pour une suite on me le propose, je le ferai. Mais, il \u00e9tait important de planter le d\u00e9cor d\u2019une autre mani\u00e8re.<\/p>\n<p><strong>Sur quels points vous identifiez-vous \u00e0 Sam ?<\/strong><\/p>\n<p>Dans le fait de vouloir faire bouger les choses tout simplement et le fait d\u2019oser aussi. Sam ose, comme moi, casser les codes, dire ce qu\u2019il pense, r\u00e9pondre aux professeurs ou encore \u00eatre autonome. La premi\u00e8re chose que je souhaitais en sortant de l\u2019h\u00f4pital, c\u2019\u00e9tait d\u2019\u00eatre autonome. Je ne supportais pas que mes proches m\u2019aident car je savais que je pouvais le faire seul, m\u00eame si cela a n\u00e9cessit\u00e9 des entra\u00eenements. Sam supporte de moins en moins que sa m\u00e8re l\u2019aide.<\/p>\n<div class=\"article-figure-holder\">\n<figure class=\"article-figure mceNonEditable\">\n<img loading=\"lazy\" decoding=\"async\" class=\"article-figure-img\" src=\"data:image\/gif;base64,R0lGODlhAgABAPAAAAAAAAAAACH5BAEAAAAAIf8LSW1hZ2VNYWdpY2sNZ2FtbWE9MC40NTQ1NQAsAAAAAAIAAQAAAgIECgA7\" data-src=\"https:\/\/fr.web.img2.acsta.net\/newsv7\/22\/04\/27\/14\/09\/0905358.jpg\" width=\"640\" height=\"320\"\/><br \/>\n<span class=\"article-figcaption-copy\">JEAN-PHILIPPE BALTEL \/ 3EME OE<\/span><br \/>\n<\/figure>\n<\/div>\n<p><strong>A-t-il \u00e9t\u00e9 compliqu\u00e9 de vous exposer autant ?<\/strong><\/p>\n<p>\u00c0 aucun moment ! \u00c0 partir du moment o\u00f9 les personnes autour de toi sont bienveillantes, le tour est jou\u00e9. Le tournage peut para\u00eetre impressionnant mais les personnes qui ont particip\u00e9 \u00e0 ce projet savaient que ce n\u2019\u00e9tait pas seulement un t\u00e9l\u00e9film.<\/p>\n<p><strong>Appr\u00e9hendiez-vous la sc\u00e8ne de bagarre ?<\/strong><\/p>\n<p>Non. \u00c0 la premi\u00e8re lecture, je n&rsquo;aimais pas beaucoup cette s\u00e9quence parce que j\u2019\u00e9tais inactif. Je poussais seulement quelqu&rsquo;un \u00e0 un moment donn\u00e9. J\u2019ai donc dit \u00e0 <a title=\"St\u00e9phanie Pillonca (France) (Acteur,R\u00e9alisateur,Sc\u00e9nariste)\" href=\"http:\/\/www.allocine.fr\/personne\/fichepersonne_gen_cpersonne=425586.html\">St\u00e9phanie\u00a0Pillonca<\/a>\u00a0(la r\u00e9alisatrice du t\u00e9l\u00e9film) que je voulais me battre \u00e9galement et elle a dit \u00ab\u00a0Ok\u00a0\u00bb. Elle a fait venir un cascadeur et une \u00e9quipe qui ont \u00e9crit une chor\u00e9graphie pour moi.<\/p>\n<blockquote class=\"article-quote\"><p>C\u2019est l\u2019une des sc\u00e8nes o\u00f9 St\u00e9phanie a le moins regard\u00e9 le combo parce qu\u2019elle avait peur qu\u2019il nous arrive quelque chose<\/p><\/blockquote>\n<p>Nous avons travaill\u00e9 dessus toute une matin\u00e9e, je m\u2019en souviendrai toute ma vie. Il me semble que c\u2019est l\u2019une des sc\u00e8nes o\u00f9 St\u00e9phanie a le moins regard\u00e9 le combo parce qu\u2019elle avait peur qu\u2019il nous arrive quelque chose.<\/p>\n<p>Finalement, c\u2019est une sc\u00e8ne tr\u00e8s forte parce qu\u2019elle peut se produire dans la vraie vie. La force de St\u00e9phanie est qu\u2019elle sait jauger les choses. Pour la bagarre, on est all\u00e9 chercher quelque chose de nouveau qui n\u2019avait jamais \u00e9t\u00e9 vu.<\/p>\n<p><strong>Vous \u00eates-vous reconnu dans cette relation fusionnelle m\u00e8re-fils ?<\/strong><\/p>\n<p>Oui, et c\u2019est ce que j\u2019ai aim\u00e9 avec St\u00e9phanie car elle a ajout\u00e9 des sc\u00e8nes que je lui ai propos\u00e9e. Je trouvais qu\u2019il manquait une sc\u00e8ne de contact entre les deux personnages car mes parents m\u2019ont beaucoup aid\u00e9 quand j\u2019\u00e9tais jeune avec mes proth\u00e8ses par exemple. Quand on tournait avec <a title=\"Alessandra Sublet (France) (Acteur)\" href=\"http:\/\/www.allocine.fr\/personne\/fichepersonne_gen_cpersonne=197091.html\">Alessandra Sublet<\/a>, je voyais vraiment une maman en face de moi. Pendant les sc\u00e8nes o\u00f9 elle m\u2019aidait, c\u2019\u00e9tait simple et facile, naturel. Il y avait beau avoir plusieurs cam\u00e9ras autour de nous, c\u2019\u00e9tait tr\u00e8s naturel.<\/p>\n<div class=\"article-figure-holder\">\n<figure class=\"article-figure mceNonEditable\">\n<img loading=\"lazy\" decoding=\"async\" class=\"article-figure-img\" src=\"data:image\/gif;base64,R0lGODlhAgABAPAAAAAAAAAAACH5BAEAAAAAIf8LSW1hZ2VNYWdpY2sNZ2FtbWE9MC40NTQ1NQAsAAAAAAIAAQAAAgIECgA7\" data-src=\"https:\/\/fr.web.img2.acsta.net\/newsv7\/22\/04\/27\/14\/09\/0917838.jpg\" width=\"640\" height=\"320\"\/><br \/>\n<span class=\"article-figcaption-copy\">JEAN-PHILIPPE BALTEL \/ 3EME OE<\/span><br \/>\n<\/figure>\n<\/div>\n<p><strong>Avez-vous d\u00e9j\u00e0 fait face aux m\u00eames probl\u00e9matiques que votre personnage pendant votre scolarit\u00e9 ou ailleurs ?<\/strong><\/p>\n<p>Pas vraiment en ce qui concerne les probl\u00e8mes d\u2019accessibilit\u00e9, parce que j\u2019ai tr\u00e8s vite remarch\u00e9 avec mes proth\u00e8ses. Par contre, j\u2019ai des amis en fauteuil roulant et je vois bien les difficult\u00e9s qu\u2019ils ont \u00e0 Paris ou dans d\u2019autres villes en France. Le probl\u00e8me dont j\u2019ai souffert au d\u00e9but, mais plus maintenant, \u00e9tait le regard des autres. Pourquoi tout le monde me regardait comme \u00e7a, comme si j\u2019\u00e9tais un extraterrestre du jour au lendemain ?<\/p>\n<p>Puis un jour, j\u2019ai compris que le regard des autres \u00e9tait humain. Il m\u2019arrive aussi de regarder les autres. Par exemple, aujourd\u2019hui, si je croise une personne dans la rue avec les cheveux bleus, je vais la regarder non pas parce que je la juge mais parce que je n\u2019ai pas l\u2019habitude de voir \u00e7a. Et quand les gens me regardent dans la rue c\u2019est pareil, il n\u2019y a pas sp\u00e9cialement de jugement. Lorsque j\u2019ai compris \u00e7a, j\u2019ai recommenc\u00e9 \u00e0 vivre tout simplement.<\/p>\n<p><strong>Qu\u2019avez-vous ressenti pendant votre retour au lyc\u00e9e pour ce tournage ?<\/strong><\/p>\n<p>Honn\u00eatement, c\u2019\u00e9tait sympa. En plus, il y avait de vrais \u00e9l\u00e8ves qui faisaient les figurants. \u00c7a m\u2019a fait rire de retourner au lyc\u00e9e, m\u00eame si je d\u00e9testais \u00e7a \u00e0 l&rsquo;\u00e9poque. En fait, je crois que je pr\u00e9f\u00e8re aller au lyc\u00e9e pour les besoins d&rsquo;une fiction.<\/p>\n<blockquote class=\"article-quote\"><p>On parle de plus en plus des personnes atteintes de handicap&#8230;<\/p><\/blockquote>\n<p><strong>Parlons-nous assez de l\u2019inclusion des personnes atteintes de handicap en France ?<\/strong><\/p>\n<p>On en parle de plus en plus. Je suis tr\u00e8s positif \u00e0 ce sujet.<\/p>\n<div class=\"article-figure-holder\">\n<figure class=\"article-figure mceNonEditable\">\n<img loading=\"lazy\" decoding=\"async\" class=\"article-figure-img\" src=\"data:image\/gif;base64,R0lGODlhAgABAPAAAAAAAAAAACH5BAEAAAAAIf8LSW1hZ2VNYWdpY2sNZ2FtbWE9MC40NTQ1NQAsAAAAAAIAAQAAAgIECgA7\" data-src=\"https:\/\/fr.web.img5.acsta.net\/newsv7\/22\/04\/27\/14\/09\/0928758.jpg\" width=\"640\" height=\"320\"\/><br \/>\n<span class=\"article-figcaption-copy\">JEAN-PHILIPPE BALTEL \/ 3EME OE<\/span><br \/>\n<\/figure>\n<\/div>\n<p><strong>Il y a plusieurs mois vous traversiez le lac Titicaca, aujourd\u2019hui vous \u00eates le premier r\u00f4le dans un t\u00e9l\u00e9film. Quelle est a prochaine \u00e9tape ?<\/strong><\/p>\n<p>Il y a mon prochain d\u00e9fi sportif, la course \u00ab\u00a0Santa Fe-Coronda\u00a0\u00bb qui se d\u00e9roule en Argentine [57 km \u00e0 faire \u00e0 la nage]. J\u2019aimerais aussi d\u00e9crocher d\u2019autres r\u00f4les, et la t\u00e9l\u00e9vision me passionne aussi. J\u2019aimerais avoir un jour ma propre \u00e9mission de t\u00e9l\u00e9vision et pouvoir faire les deux : de la com\u00e9die et de l\u2019animation.<\/p>\n<p><strong>Vous avez d\u00e9clar\u00e9 arr\u00eater les comp\u00e9titions sportives. Comptez-vous vous concentrer totalement sur votre carri\u00e8re d\u2019acteur ?<\/strong><\/p>\n<p>Non, parce que je vais continuer \u00e0 me lancer des d\u00e9fis sportifs, de temps en temps. J\u2019ai d\u00e9cid\u00e9 d\u2019arr\u00eater la comp\u00e9tition parce que je faisais face \u00e0 des probl\u00e8mes de classification mais c\u2019est vrai que maintenant \u00e7a me laisse le temps pour d\u2019autres sollicitations, passer des castings, tourner un film ou une s\u00e9rie, imaginer des projets \u00e0 la t\u00e9l\u00e9vision. C\u2019est plus simple maintenant.<\/p>\n<p>Si j\u2019associais tout \u00e7a, je n\u2019avais plus une minute \u00e0 moi. J\u2019ai 22 ans, je ne veux pas m\u2019\u00e9puiser et n\u2019avoir plus go\u00fbt \u00e0 rien arriv\u00e9 \u00e0 30 ans. C\u2019est important de trouver un \u00e9quilibre. Aujourd\u2019hui, je suis tr\u00e8s \u00e9panoui, j\u2019aime la diversit\u00e9 de ma vie. Pendant un mois, j\u2019\u00e9tais en pleine promotion de mon livre, maintenant je suis sur Handigang et \u00e0 c\u00f4t\u00e9 de \u00e7a je m\u2019entra\u00eene. Actuellement, j\u2019\u00e9cris aussi un court m\u00e9trage avec un ami, il sera tourn\u00e9 cet \u00e9t\u00e9 et je jouerai dedans.<\/p>\n<blockquote class=\"article-quote\"><p>Mon r\u00eave est de d\u00e9crocher un r\u00f4le qui ne n\u00e9cessite pas d\u2019\u00eatre handicap\u00e9 et mon deuxi\u00e8me r\u00eave serait un film avec encore plus de cascades, m\u00eame si je joue une personne avec un handicap<\/p><\/blockquote>\n<p><strong>Pour finir, quel serait le r\u00f4le parfait pour vous, celui que vous r\u00eavez de jouer ?<\/strong><\/p>\n<p>Franchement, je pense qu\u2019il y a un milliard de r\u00f4les qui m\u2019int\u00e9resseraient. Petite anecdote, une fois, j\u2019ai eu une discussion avec un producteur, je disais que ce n\u2019\u00e9tait pas normal que les personnages handicap\u00e9s du film soient jou\u00e9s par des personnes valides. Et ce producteur m\u2019a dit quelque chose de tr\u00e8s int\u00e9ressant et de vrai selon moi. Il m\u2019a dit que c\u2019\u00e9tait \u00e7a aussi le travail d\u2019un com\u00e9dien, d\u2019incarner des choses et des gens que l\u2019on n\u2019est pas forc\u00e9ment. \u00catre com\u00e9dien, c\u2019est savoir jouer la com\u00e9die, la tristesse, l\u2019euphorie\u2026 mais c\u2019est aussi jouer une personne aveugle, en fauteuil roulant, parapl\u00e9gique\u2026 Puis, je me suis fait la r\u00e9flexion&#8230; Si l&rsquo;on voit les choses sous cet angle alors \u00e7a veut dire que l\u2019on peut me voir aussi incarner quelqu\u2019un de valide ou en tout cas, dans un r\u00f4le normal.<\/p>\n<p>Un de mes r\u00eaves est de passer un casting pour un homme assez grand avec les cheveux boucl\u00e9s et voil\u00e0. \u00c9videmment, mon handicap va se voir, mais je m\u2019en fiche, et il faut que le r\u00e9alisateur soit dans le m\u00eame \u00e9tat d\u2019esprit. Apr\u00e8s, il faut que j\u2019assure, que j\u2019aie les qualit\u00e9s pour jouer le r\u00f4le. Et inversement, j\u2019aime aussi incarner le r\u00f4le d\u2019une personne en situation de handicap comme on l\u2019a fait avec Handigang car cela nous permet d\u2019ajouter encore plus de v\u00e9rit\u00e9.<\/p>\n<p>Donc, mon r\u00eave est de d\u00e9crocher un r\u00f4le qui ne n\u00e9cessite pas d\u2019\u00eatre handicap\u00e9, et mon second r\u00eave serait un film avec encore plus de cascades, m\u00eame si je joue une personne avec un handicap. Le jour o\u00f9 l\u2019on a tourn\u00e9 la cascade pour le film a \u00e9t\u00e9 mon pr\u00e9f\u00e9r\u00e9 du tournage, je n\u2019avais jamais fait \u00e7a de ma vie et j\u2019ai ador\u00e9.<\/p>\n<\/div>\n<p>[ad_2]<br \/>\n<br \/><a href=\"http:\/\/www.allocine.fr\/article\/fichearticle_gen_carticle=18709206.html\">Source link <\/a><\/p>\n","protected":false},"excerpt":{"rendered":"<p>[ad_1] Th\u00e9o Curin, ex-vice champion du monde handisport, interpr\u00e8te Sam dans le t\u00e9l\u00e9film TF1 \u00ab\u00a0Handigang\u00a0\u00bb. Un premier r\u00f4le tenu aux &hellip; <a href=\"https:\/\/www.affinite.fr\/index.php\/2022\/05\/02\/handigang-sur-tf1-theo-curin-se-confie-sur-sa-nouvelle-carriere-dacteur-actus-cine\/\" class=\"more-link\">Plus <span class=\"screen-reader-text\">Handigang sur TF1 : Th\u00e9o Curin se confie sur sa nouvelle carri\u00e8re d\u2019acteur &#8211; Actus Cin\u00e9<\/span> <span class=\"meta-nav\">&rarr;<\/span><\/a><\/p>\n","protected":false},"author":1,"featured_media":7763,"comment_status":"","ping_status":"open","sticky":false,"template":"","format":"standard","meta":{"_sitemap_exclude":false,"_sitemap_priority":"","_sitemap_frequency":"","footnotes":""},"categories":[1],"tags":[],"class_list":["post-7762","post","type-post","status-publish","format-standard","has-post-thumbnail","hentry","category-tous"],"_links":{"self":[{"href":"https:\/\/www.affinite.fr\/index.php\/wp-json\/wp\/v2\/posts\/7762"}],"collection":[{"href":"https:\/\/www.affinite.fr\/index.php\/wp-json\/wp\/v2\/posts"}],"about":[{"href":"https:\/\/www.affinite.fr\/index.php\/wp-json\/wp\/v2\/types\/post"}],"author":[{"embeddable":true,"href":"https:\/\/www.affinite.fr\/index.php\/wp-json\/wp\/v2\/users\/1"}],"replies":[{"embeddable":true,"href":"https:\/\/www.affinite.fr\/index.php\/wp-json\/wp\/v2\/comments?post=7762"}],"version-history":[{"count":0,"href":"https:\/\/www.affinite.fr\/index.php\/wp-json\/wp\/v2\/posts\/7762\/revisions"}],"wp:featuredmedia":[{"embeddable":true,"href":"https:\/\/www.affinite.fr\/index.php\/wp-json\/wp\/v2\/media\/7763"}],"wp:attachment":[{"href":"https:\/\/www.affinite.fr\/index.php\/wp-json\/wp\/v2\/media?parent=7762"}],"wp:term":[{"taxonomy":"category","embeddable":true,"href":"https:\/\/www.affinite.fr\/index.php\/wp-json\/wp\/v2\/categories?post=7762"},{"taxonomy":"post_tag","embeddable":true,"href":"https:\/\/www.affinite.fr\/index.php\/wp-json\/wp\/v2\/tags?post=7762"}],"curies":[{"name":"wp","href":"https:\/\/api.w.org\/{rel}","templated":true}]}}