{"id":7737,"date":"2022-04-25T23:06:37","date_gmt":"2022-04-25T23:06:37","guid":{"rendered":"https:\/\/www.affinite.fr\/index.php\/2022\/04\/25\/scandale-miss-tatouages-animaux-gregory-lemarchal\/"},"modified":"2022-04-25T23:06:37","modified_gmt":"2022-04-25T23:06:37","slug":"scandale-miss-tatouages-animaux-gregory-lemarchal","status":"publish","type":"post","link":"https:\/\/www.affinite.fr\/index.php\/2022\/04\/25\/scandale-miss-tatouages-animaux-gregory-lemarchal\/","title":{"rendered":"Scandale, Miss, Tatouages, Animaux, Gr\u00e9gory Lemarchal&#8230;"},"content":{"rendered":"<p> [ad_1]<br \/>\n<br \/><img decoding=\"async\" src=\"https:\/\/img-3.journaldesfemmes.fr\/3DxdfgD6yQ5Yx7eLckReWg3qDLg=\/1280x\/smart\/4e8d2e6d4baf487792d1dcf5276beb0a\/ccmcms-jdf\/33849479.jpg\" \/><\/p>\n<p>\n                Karine Ferri f\u00eate ses 40\u00a0ans ce 25\u00a0avril\u00a0! Sa rencontre avec Gr\u00e9gory Lemarchal, son pass\u00e9 de Miss, ses photos scandaleuses, son \u00ab\u00a0talon d&rsquo;Achille\u00a0\u00bb, son footballeur de mari, ses enfants, sa vie loin de Paris, son \u00e9trange th\u00e9rapie&#8230; Secrets de l&rsquo;animatrice la plus souriante du PAF!            <\/p>\n<div>\n<p><strong>Karine Ferri <\/strong>f\u00eate ses 40\u00a0ans le 25\u00a0avril. Son sourire \u00e9tincelant et sa bonne humeur irradient vos \u00e9crans depuis le d\u00e9but des ann\u00e9es 2000, mais connaissez-vous r\u00e9ellement la p\u00e9tillante animatrice? Son \u00ab\u00a0talon d&rsquo;Achille\u00a0\u00bb, son parcours dans le Bachelor, sa rencontre avec Gr\u00e9gory Lemarchal, ses enfants, sa vie de famille loin de Paris, son <a href=\"https:\/\/www.journaldesfemmes.fr\/beaute\/conseils-tatouage-et-piercing\/2543330-tatouage-femme\/\" title=\"Tatou\u00e9\">tatouage<\/a>, ses animaux. Voici tout ce que vous ne saviez (peut-\u00eatre) pas:<\/p>\n<h2>Karine Ferri et ses cheveux : un d\u00e9sastre<\/h2>\n<p>Karine Jalabert, de son vrai nom, na\u00eet en 1982\u00a0\u00e0 <strong>Suresnes<\/strong>, dans les Hauts-de-Seine, et grandit non loin de l\u00e0, \u00e0 <strong>Rueil-Malmaison<\/strong>, avec son fr\u00e8re David et ses parents, qui dirigent une <strong>institution consacr\u00e9e \u00e0 la protection de l&rsquo;enfance<\/strong>.<\/p>\n<p>Comme beaucoup de femmes, Karine Ferri a connu sa propre catastrophe capillaire, mais plut\u00f4t jeune, heureusement. \u00ab\u00a0<em>A 9\u00a0ans,<strong> je me suis coup\u00e9e la frange toute seule.<\/strong> C&rsquo;\u00e9tait irrattrapable: de travers, avec un <strong>\u00e9norme trou<\/strong>\u2026 On m&rsquo;a offert des poup\u00e9es pour que je puisse leur couper les cheveux par la suite<\/em>\u00ab\u00a0, a-t-elle racont\u00e9 aupr\u00e8s de <em>MagicMaman<\/em>.<\/p>\n<h2>Son \u00ab\u00a0talon d&rsquo;Achille\u00a0\u00bb<\/h2>\n<p>Pendant ses \u00e9tudes de lettres modernes, Karine Ferri gagne sa p\u00e9cune en\u2026 <strong>gardant des <a href=\"https:\/\/www.journaldesfemmes.fr\/jardin\/animaux-domestiques\/2565392-chien\/\" title=\"Chiens\">chiens<\/a><\/strong>! \u00ab\u00a0<em>J&rsquo;ai d\u00fb arr\u00eater parce que je n&rsquo;arrivais plus \u00e0 rendre les chiens car je m&rsquo;attachais trop \u00e0 eux. <strong>Mon amour des animaux, c&rsquo;est vraiment mon talon d&rsquo;Achille<\/strong><\/em>\u00ab\u00a0, a confi\u00e9 l&rsquo;animatrice \u00e0 <a href=\"https:\/\/wamiz.com\/chiens\/actu\/exclu-interview-karine-ferri-amour-animaux-c-vraiment-talon-achille-18603.html\" target=\"_blank\" rel=\"noopener\"><em>Wamiz<\/em><\/a>.<\/p>\n<p>Apr\u00e8s ses \u00e9tudes, Karine Ferri se lance dans le mannequinat et les concours de beaut\u00e9. En 1999, elle est \u00e9lue <strong>Miss Hauts-de-Seine<\/strong> pour Miss <strong>World France<\/strong>, puis <strong>premi\u00e8re dauphine pour Miss World France 2000<\/strong>.<\/p>\n<h2>Karine Ferri, Bachelorette<\/h2>\n<p>Mais c&rsquo;est \u00e0 21\u00a0ans, en 2004, que Karine Ferri commence \u00e0 se faire un nom aupr\u00e8s des t\u00e9l\u00e9spectateurs, lorsqu&rsquo;elle participe au <strong><em>Bachelor<\/em>,<em> le Gentleman C\u00e9libataire<\/em><\/strong>, sur M6. Elle se retrouve finaliste, mais n&rsquo;est finalement pas choisie par Steven, qui donne sa rose \u00e0 Candice.\u00a0<\/p>\n<h2>Karine Ferri, nue en photo<\/h2>\n<p>Cette ann\u00e9e-l\u00e0, des <strong>photos nue\u00a0de Karine Ferri<\/strong> sont publi\u00e9es \u00e0 son insu dans les magazines <em>Entrevue <\/em>et <em>Playboy<\/em>. \u00ab\u00a0<em>J&rsquo;ai fait ces photos \u00e0 l&rsquo;\u00e2ge de 18\u00a0ans\u00a0: un \u00e2ge o\u00f9 on est na\u00eff et o\u00f9 l&rsquo;on fait confiance. Elles ont \u00e9t\u00e9 <strong>vendues \u00e0 mon insu<\/strong>, sans que je le sache, et se sont retrouv\u00e9es en une d&rsquo;un magazine et ailleurs, comme si j&rsquo;avais pos\u00e9 pour eux, ce qui est faux<\/em>\u00ab\u00a0, a-t-elle expliqu\u00e9, plus tard, \u00e0 <em>Voici<\/em>.<\/p>\n<p>Puis, Karine Ferri s&rsquo;installe durablement sur nos \u00e9crans en <strong>animant des \u00e9missions<\/strong> sur <em>Fun TV<\/em> et en <strong>pr\u00e9sentant la m\u00e9t\u00e9o<\/strong> sur M6. C&rsquo;est en 2012\u00a0qu&rsquo;elle rejoint TF1\u00a0pour co-animer <strong><em>The Voice<\/em><\/strong> avec Nikos Aliagas.<\/p>\n<h2>Karine Ferri : sa relation avec Gr\u00e9gory Lemarchal<\/h2>\n<p>Karine Ferri a v\u00e9cu une histoire d&rsquo;amour, aussi romantique que tragique, avec <strong>Gr\u00e9gory Lemarchal<\/strong>. C&rsquo;est en 2005\u00a0que la jeune animatrice rencontre le gagnant de la Star Academy 4\u2026 gr\u00e2ce \u00e0 sa maquilleuse, qui est \u00e9galement celle du chanteur. \u00ab\u00a0<em>Un jour, Gr\u00e9gory appelle Laetitia<\/em> (sa maquilleuse, ndlr)<em>, sur son portable pendant qu&rsquo;elle me maquillait. &lsquo;C&rsquo;est Gr\u00e9gory de la Star&rsquo;Ac\u00a0!&rsquo;, me dit-elle en apart\u00e9. &lsquo;Ah oui, il est <strong>pas mal<\/strong>, lui!&rsquo; ai-je r\u00e9pondu. Elle raccroche et me dit: &lsquo;Eh bien figure-toi que lui aussi vient de me dire qu&rsquo;il te trouve plut\u00f4t <strong>charmante<\/strong>.&rsquo; Mon sang n&rsquo;a fait qu&rsquo;un tour. J&rsquo;ai <strong>demand\u00e9 \u00e0 Laetitia de lui donner vite mon num\u00e9ro de t\u00e9l\u00e9phone<\/strong>. C&rsquo;\u00e9tait la premi\u00e8re fois que je faisais un truc pareil<\/em>\u00ab\u00a0, a-t-elle racont\u00e9 \u00e0 <em>Paris Match<\/em>.<\/p>\n<p>Quelques jours plus tard, <strong>Karine Ferri retrouve le jeune chanteur dans son appartement<\/strong>. D\u00e9sireux de la s\u00e9duire, il lui pr\u00e9pare du veau saut\u00e9 et des <a href=\"https:\/\/cuisine.journaldesfemmes.fr\/encyclopedie-produits\/1955940-pomme-de-terre\/\" title=\"Pomme de terre\">pommes de terre<\/a>. \u00ab\u00a0<em>En r\u00e9alit\u00e9 pr\u00e9par\u00e9 par sa m\u00e8re, je l&rsquo;ai su plus tard<\/em>\u00ab\u00a0, a-t-elle confi\u00e9 \u00e0 l&rsquo;hebdomadaire.<\/p>\n<p>Toutefois, les tourtereaux ont pris leur temps! \u00ab\u00a0<em>Il a fallu que<strong> j&rsquo;attende six mois pour qu&rsquo;il me dise &lsquo;je t&rsquo;aime&rsquo; pour la premi\u00e8re fois<\/strong>. Je n&rsquo;en pouvais plus, mais j&rsquo;aimais \u00e7a<\/em>\u00ab\u00a0, a-t-elle ajout\u00e9.<\/p>\n<p>Malheureusement, <strong>Gr\u00e9gory Lemarchal d\u00e9c\u00e8de<\/strong> des suites de la <a href=\"https:\/\/sante.journaldesfemmes.fr\/fiches-maladies\/2525818-mucoviscidose-age-bebe-adulte-definition-symptome-transmission-diagnostic-traitement-esperance-vie\/\" title=\"Fibrose kystique\">mucoviscidose<\/a>, le 30\u00a0avril 2007. \u00ab\u00a0<em>Quand il est parti, j&rsquo;aurais pu rester dans mon coin \u00e0 me lamenter, entretenir la tristesse. J&rsquo;ai <strong>choisi de me battre. De vivre.<\/strong> Quiconque a connu Gr\u00e9gory, vu la fa\u00e7on dont il luttait dans l&rsquo;adversit\u00e9 contre la maladie ne peut pas baisser les bras. Quand j&rsquo;ai le blues, j&rsquo;aime \u00e9couter son interpr\u00e9tation de Show Must Go On. Je puise en lui l&rsquo;\u00e9nergie d&rsquo;avancer<\/em>\u00ab\u00a0, avait-elle confi\u00e9 \u00e0 <em>Gala <\/em>en 2009.<\/p>\n<h2>Karine Ferri : mari et enfants, sa vie de famille loin de Paris<\/h2>\n<p>Puis, Karine Ferri retrouve l&rsquo;amour dans les bras du <strong>footballeur Yoann Gourcuff<\/strong>, qu&rsquo;elle \u00e9pouse en 2019\u00a0\u00e0 la Motte, dans le Var. Tous deux sont parents de <strong>Ma\u00ebl<\/strong>, n\u00e9 en 2016, et <strong>Claudia<\/strong>, qui a vu le jour en 2018.\u00a0<\/p>\n<p>Karine Ferri r\u00e9side <strong>avec sa famille en Bretagne<\/strong>, dans un coin paisible. La semaine, elle retrouve le tumulte parisien pour son travail. <em>\u00ab\u00a0Quand Yoann \u00e9tait sur le terrain, c&rsquo;\u00e9tait important pour moi de l&rsquo;accompagner. Donc on a \u00e9t\u00e9 <strong>tr\u00e8s cool vis-\u00e0-vis des plannings de l&rsquo;un et de l&rsquo;autre<\/strong>, et des choix de carri\u00e8re. Je pense que c&rsquo;est \u00e7a, l&rsquo;amour<\/em>\u00ab\u00a0, a-t-elle confi\u00e9 \u00e0<em> 50&prime; Inside<\/em>.<\/p>\n<div class=\"ccminsert\">\n<blockquote class=\"twitter-tweet\">\n<p dir=\"ltr\" lang=\"fr\">Elle est animatrice, m\u00e8re de famille tout en \u00e9tant tr\u00e8s impliqu\u00e9e pour le bien-\u00eatre animal : Karine Ferri raconte son quotidien bien rempli dans son nouveau <a href=\"https:\/\/www.affinite.fr\/index.php\/2023\/08\/24\/lart-de-la-glace-transforme-en-business-la-vision-unique-de-fabien-gris\/\">livre<\/a>, \u00ab\u00a0Une vie en \u00e9quilibre\u00a0\u00bb. Elle et son mari Yoann Gourcuff ont ouvert les portes de leur maison \u00e0 <a href=\"https:\/\/twitter.com\/hashtag\/50Inside?src=hash&amp;ref_src=twsrc%5Etfw\">#50Inside<\/a> RDV \u00e0 17h50 <a href=\"https:\/\/twitter.com\/TF1\/status\/1454418808190345216\/video\/1\">pic.twitter.com\/JNmN1iJ3HQ<\/a><\/p>\n<p>\u2014 TF1 (@TF1) <a href=\"https:\/\/twitter.com\/TF1\/status\/1454418808190345216?ref_src=twsrc%5Etfw\">October 30, 2021<\/a><\/p><\/blockquote>\n<\/div>\n<p>Quinze ans apr\u00e8s la mort de Gr\u00e9gory Lemarchal, Karine Ferri a toujours de tr\u00e8s bonnes relations avec les <strong>parents du d\u00e9funt chanteur<\/strong>. \u00ab\u00a0<em>Nous sommes tr\u00e8s proches. Elle nous appelle encore <strong>belle-maman et beau-papa<\/strong> (&#8230;) Nos relations n&rsquo;ont pas chang\u00e9<\/em>\u00ab\u00a0, a confi\u00e9 la m\u00e8re de Gr\u00e9gory Lemarchal \u00e0 <em>7\u00a0sur 7<\/em>.<\/p>\n<p><strong>Amoureuse des animaux, Karine Ferri poss\u00e8de deux chiens, Bella et Dolmen, et un chat pr\u00e9nomm\u00e9 Menhir.<\/strong><\/p>\n<h2>Karine Ferri : son secret contre la d\u00e9prime<\/h2>\n<p>Lorsqu&rsquo;elle a un coup de mou, l&rsquo;animatrice a une v\u00e9ritable panac\u00e9e&#8230;. la <strong>cigaloth\u00e9rapie<\/strong>! \u00ab\u00a0<em>L&rsquo;\u00e9t\u00e9 dernier, j&rsquo;ai enregistr\u00e9 sur mon t\u00e9l\u00e9phone le chant des cigales. Maintenant, d\u00e8s que je suis un peu fatigu\u00e9e, ou d\u00e9prim\u00e9e, j&rsquo;\u00e9coute cet enregistrement. \u00c0 ma surprise, il me comble de bonheur. Un vrai rem\u00e8de \u00e0 la m\u00e9lancolie<\/em>\u00ab\u00a0, a-t-elle confi\u00e9 dans son ouvrage <em>Une Vie En Equilibre<\/em>.<\/p>\n<p>F\u00e9rue de voitures et de cin\u00e9ma, la surprenante animatrice a \u00e9crit son premier livre sur ces deux passions. Nomm\u00e9<strong> <em>Les Voitures de L\u00e9gende au Cin\u00e9ma<\/em><\/strong>, l&rsquo;ouvrage a \u00e9t\u00e9 publi\u00e9 en 2019.<\/p>\n<h2>Ses Tattoos<\/h2>\n<p>Karine Ferri, qui a plusieurs <strong>tatouages sur son corps<\/strong>, en poss\u00e8de un dont la symbolique est particuli\u00e8rement touchante. L&rsquo;animatrice a fait tatouer au creux de son poignet les initiales de Gr\u00e9gory et Karine, \u00ab\u00a0<strong>GK<\/strong>\u00ab\u00a0, en hommage \u00e0 son histoire avec Gr\u00e9gory Lemarchal.<\/p>\n<\/p><\/div>\n<p><script async src=\"http:\/\/platform.twitter.com\/widgets.js\" charset=\"utf-8\"><\/script><br \/>\n<br \/>[ad_2]<br \/>\n<br \/><a href=\"https:\/\/www.journaldesfemmes.fr\/people\/evenements\/2808271-karine-ferri-age-emissions-tatouage-couple-mariage-yoann-gourcuff-gregory-lemarchal\/\">Source link <\/a><\/p>\n","protected":false},"excerpt":{"rendered":"<p>[ad_1] Karine Ferri f\u00eate ses 40\u00a0ans ce 25\u00a0avril\u00a0! Sa rencontre avec Gr\u00e9gory Lemarchal, son pass\u00e9 de Miss, ses photos scandaleuses, &hellip; <a href=\"https:\/\/www.affinite.fr\/index.php\/2022\/04\/25\/scandale-miss-tatouages-animaux-gregory-lemarchal\/\" class=\"more-link\">Plus <span class=\"screen-reader-text\">Scandale, Miss, Tatouages, Animaux, Gr\u00e9gory Lemarchal&#8230;<\/span> <span class=\"meta-nav\">&rarr;<\/span><\/a><\/p>\n","protected":false},"author":1,"featured_media":7738,"comment_status":"","ping_status":"open","sticky":false,"template":"","format":"standard","meta":{"_sitemap_exclude":false,"_sitemap_priority":"","_sitemap_frequency":"","footnotes":""},"categories":[1],"tags":[],"class_list":["post-7737","post","type-post","status-publish","format-standard","has-post-thumbnail","hentry","category-tous"],"_links":{"self":[{"href":"https:\/\/www.affinite.fr\/index.php\/wp-json\/wp\/v2\/posts\/7737"}],"collection":[{"href":"https:\/\/www.affinite.fr\/index.php\/wp-json\/wp\/v2\/posts"}],"about":[{"href":"https:\/\/www.affinite.fr\/index.php\/wp-json\/wp\/v2\/types\/post"}],"author":[{"embeddable":true,"href":"https:\/\/www.affinite.fr\/index.php\/wp-json\/wp\/v2\/users\/1"}],"replies":[{"embeddable":true,"href":"https:\/\/www.affinite.fr\/index.php\/wp-json\/wp\/v2\/comments?post=7737"}],"version-history":[{"count":0,"href":"https:\/\/www.affinite.fr\/index.php\/wp-json\/wp\/v2\/posts\/7737\/revisions"}],"wp:featuredmedia":[{"embeddable":true,"href":"https:\/\/www.affinite.fr\/index.php\/wp-json\/wp\/v2\/media\/7738"}],"wp:attachment":[{"href":"https:\/\/www.affinite.fr\/index.php\/wp-json\/wp\/v2\/media?parent=7737"}],"wp:term":[{"taxonomy":"category","embeddable":true,"href":"https:\/\/www.affinite.fr\/index.php\/wp-json\/wp\/v2\/categories?post=7737"},{"taxonomy":"post_tag","embeddable":true,"href":"https:\/\/www.affinite.fr\/index.php\/wp-json\/wp\/v2\/tags?post=7737"}],"curies":[{"name":"wp","href":"https:\/\/api.w.org\/{rel}","templated":true}]}}