{"id":7447,"date":"2022-02-09T20:57:05","date_gmt":"2022-02-09T20:57:05","guid":{"rendered":"https:\/\/www.affinite.fr\/index.php\/2022\/02\/09\/fin-du-pass-vaccinal-nouvelles-15-fevrier\/"},"modified":"2022-02-09T20:57:05","modified_gmt":"2022-02-09T20:57:05","slug":"fin-du-pass-vaccinal-nouvelles-15-fevrier","status":"publish","type":"post","link":"https:\/\/www.affinite.fr\/index.php\/2022\/02\/09\/fin-du-pass-vaccinal-nouvelles-15-fevrier\/","title":{"rendered":"fin du pass vaccinal, nouvelles, 15\u00a0f\u00e9vrier"},"content":{"rendered":"<p> [ad_1]<br \/>\n<\/p>\n<p>\n                NOUVELLES MESURES COVID. Apr\u00e8s l&rsquo;\u00e9tape du 2\u00a0f\u00e9vrier et la lev\u00e9e des premi\u00e8res restrictions, de nouvelles mesures sont pr\u00e9vues les 15\u00a0et 16\u00a0f\u00e9vrier prochains. La fin du pass vaccinal pourrait survenir au printemps. Voyage, masque, test, discoth\u00e8ques&#8230; Calendrier.            <\/p>\n<div>\n<aside class=\"ccmsummary marqueur_module ccmcss_cms_summary ccmcss_cms_summary--right\">\n<p>Sommaire<\/p>\n<\/aside>\n<p><strong>[Mis \u00e0 jour le 9 f\u00e9vrier\u00a02022 \u00e0 18h54] <\/strong>Face \u00e0 la diminution de l&rsquo;\u00e9pid\u00e9mie de Covid en France, les all\u00e8gements se multiplient.<em> \u00ab\u00a0Cette semaine marque une <strong>am\u00e9lioration tr\u00e8s nette<\/strong>, le virus est encore tr\u00e8s pr\u00e9sent, sa circulation diminue ces derniers jours de mani\u00e8re tr\u00e8s forte (&#8230;)<strong> la baisse franche nous y sommes<\/strong>\u00ab\u00a0<\/em>, a indiqu\u00e9 le porte-parole du gouvernement Gabriel Attal mercredi 9 f\u00e9vrier \u00e0 l&rsquo;issue du Conseil des ministres. <strong><em>\u00ab\u00a0La lev\u00e9e des ultimes mesures en vigueur va se poursuivre comme pr\u00e9vue\u00a0\u00bb<\/em><\/strong> a-t-il confirm\u00e9. La<strong>\u00a0fin du pass vaccinal<\/strong> pourrait arriver plus t\u00f4t que pr\u00e9vu :\u00a0\u00a0<strong>\u00ab\u00a0<\/strong><em>Il y a un d\u00e9but d&rsquo;am\u00e9lioration \u00e0 l&rsquo;h\u00f4pital et il y a des projections, des mod\u00e9lisations qui peuvent nous laisser esp\u00e9rer qu&rsquo;<strong>\u00e0 l&rsquo;horizon fin mars d\u00e9but avril, la situation soit suffisamment d\u00e9tendue \u00e0 l&rsquo;h\u00f4pital pour que nous puissions lever le pass vaccinal<\/strong><\/em>\u00ab\u00a0, a d\u00e9clar\u00e9 le porte-parole du gouvernement Gabriel Attal le mercredi\u00a09\u00a0f\u00e9vrier 2022\u00a0\u00e0 l&rsquo;issue d&rsquo;un Conseil de d\u00e9fense sanitaire.\u00a0Des \u00e9volutions concernant la validit\u00e9 du <strong>pass vaccinal<\/strong> sont attendus le <strong>15\u00a0f\u00e9vrier.<\/strong> D&rsquo;autres all\u00e8gements sont \u00e0 pr\u00e9voir le <strong>mercredi 16 f\u00e9vrier.<\/strong>\u00a0Les\u00a0<b>discoth\u00e8ques<\/b>, ferm\u00e9es depuis le 10\u00a0d\u00e9cembre,\u00a0<b>pourront rouvrir dans le respect du protocole sanitaire.\u00a0<\/b>Et le <strong>protocole devrait \u00eatre assoupli dans les \u00e9coles <\/strong>apr\u00e8s les vacances de f\u00e9vrier.<strong><em> \u00ab\u00a0Des annonces sont attendues cette fin de semaine\u00a0\u00bb<\/em><\/strong>, a pr\u00e9cis\u00e9 Gabriel Attal. Avant de rappeler que<strong><em> \u00ab\u00a0la strat\u00e9gie est de prendre le moins de restrictions possibles\u00a0\u00bb<\/em><\/strong>. Pour rappel, Jean Castex avait annonc\u00e9 <strong>un \u00ab\u00a0calendrier pr\u00e9cis\u00a0\u00bb<\/strong> <a href=\"https:\/\/www.gouvernement.fr\/info-coronavirus\" target=\"_blank\" rel=\"noopener\">des all\u00e8gements progressifs des restrictions<\/a> en France, lors d&rsquo;une conf\u00e9rence de presse\u00a0<strong>le 20 janvier, <\/strong>en pr\u00e9sence d&rsquo;Olivier V\u00e9ran.<strong>\u00a0<\/strong>Ce discours est survenue dans un contexte de\u00a0stabilisation de la situation sanitaire notamment dans<strong>\u00a0les h\u00f4pitaux <\/strong>et du nombre de\u00a0nouveaux cas positifs au coronavirus.<\/p>\n<div style=\"text-align:center\">\n<figure class=\"image\" style=\"display:inline-block\"><a class=\"fancy\" href=\"https:\/\/img-3.journaldesfemmes.fr\/0t0iEdeada1MyQLazufJpEWHN6s=\/1080x\/smart\/0be7903746774ed9ae2fa8b80a73098d\/ccmcms-jdf\/31418919.jpg\" target=\"_blank\" rel=\"noopener\"><img decoding=\"async\" alt=\"Calendrier des nouvelles mesures en France\" src=\"https:\/\/img-3.journaldesfemmes.fr\/6ZprwqTJIFiLzmxeffeQOSmNDtI=\/600x\/smart\/0be7903746774ed9ae2fa8b80a73098d\/ccmcms-jdf\/31418919.jpg\"\/><\/a><figcaption data-credit=\"Gouvernement.fr\" data-legend=\"Calendrier des nouvelles mesures en France\">Calendrier des nouvelles mesures en France <small>\u00a9\u00a0Gouvernement.fr<\/small><\/figcaption><\/figure>\n<\/div>\n<h2 id=\"quels-sont-les-allegements-du15-fevrier-\">Pass vaccinal : le 15 f\u00e9vrier, \u00e0 quand la fin\u00a0?<\/h2>\n<p><b>Le\u00a0d\u00e9lai d&rsquo;injection du rappel vaccinal\u00a0contre le Covid-19\u00a0sera r\u00e9duit de 7\u00a0\u00e0 4\u00a0mois \u00e0 partir du 15 f\u00e9vrier<\/b>, rappelle <a href=\"https:\/\/www.gouvernement.fr\/covid-19-le-calendrier-d-allegement-des-mesures-sanitaires\" target=\"_blank\" rel=\"noopener\">le site du gouvernemen<\/a>t.\u00a0Aussi, selon <a href=\"https:\/\/solidarites-sante.gouv.fr\/actualites\/actualites-du-ministere\/article\/pass-vaccinal-quels-changements-a-partir-du-15-fevrier\" target=\"_blank\" rel=\"noopener\">un communiqu\u00e9 du minist\u00e8re de la Sant\u00e9 du 27 janvier 2022<\/a>, les personnes ne pouvant r\u00e9aliser leur rappel dans les temps car elles ont \u00e9t\u00e9 infect\u00e9es par le Covid-19, pourront utiliser leur certificat de r\u00e9tablissement \u00e0 partir de 11\u00a0jours apr\u00e8s l&rsquo;infection et jusqu&rsquo;\u00e0 4\u00a0mois pour les 18\u00a0ans et plus. En effet <strong>\u00e0 partir du 15\u00a0f\u00e9vrier,<\/strong> le <strong>certificat de r\u00e9tablissement<\/strong> sera valable 4\u00a0mois et non plus 6, comme c&rsquo;est le cas actuellement. Par ailleurs,\u00a0<strong>\u00ab\u00a0<\/strong><em>des mod\u00e9lisations\u00a0peuvent nous laisser esp\u00e9rer qu&rsquo;<strong>\u00e0 l&rsquo;horizon fin mars d\u00e9but avril, la situation soit suffisamment d\u00e9tendue \u00e0 l&rsquo;h\u00f4pital pour que nous puissions lever le pass vaccinal<\/strong><\/em>\u00ab\u00a0, a d\u00e9clar\u00e9 le porte-parole du gouvernement Gabriel Attal le mercredi\u00a09\u00a0f\u00e9vrier 2022\u00a0\u00e0 l&rsquo;issue d&rsquo;un Conseil de d\u00e9fense sanitaire.\u00a0<\/p>\n<h2 id=\"quels-sont-les-allegements-du-16fevrier\">Quels sont les all\u00e8gements du 16\u00a0f\u00e9vrier\u00a0?<\/h2>\n<ul>\n<li>Les\u00a0<b>discoth\u00e8ques<\/b>, ferm\u00e9es depuis le 10\u00a0d\u00e9cembre,\u00a0<b>pourront rouvrir dans le respect du protocole sanitaire.<\/b><\/li>\n<li>Les\u00a0<b>concerts debout<\/b>\u00a0pourront reprendre dans le respect du protocole sanitaire.<\/li>\n<li><b>La consommation sera \u00e0 nouveau possible dans les stades, cin\u00e9mas et transports<\/b>, de m\u00eame que\u00a0<b>la consommation debout dans les bars<\/b>.<\/li>\n<\/ul>\n<p><u><strong>Au retour des vacances scolaires de f\u00e9vrier<\/strong><\/u>, un<strong> all\u00e8gement du protocole scolaire <\/strong>(lev\u00e9e du port du masque ou la question du nombre de test ou d&rsquo;autotests \u00e0 r\u00e9aliser)<\/p>\n<h2 id=\"quelles-sont-les-nouvelles-mesures-covid-a-lecole-\">Quelles sont les nouvelles mesures covid \u00e0 l&rsquo;\u00e9cole ?<\/h2>\n<p><strong>Depuis le lundi\u00a010\u00a0janvier 2022<\/strong>, un assouplissement du protocole \u00e0 l&rsquo;\u00e9cole a \u00e9t\u00e9 annonc\u00e9 par le Premier ministre. Trois autotests suffisent\u00a0pour les \u00e9l\u00e8ves cas contacts. Et si\u00a0un nouveau cas positif appara\u00eet dans une classe dans un d\u00e9lai inf\u00e9rieur \u00e0 7\u00a0jours, les \u00e9l\u00e8ves ne sont pas oblig\u00e9s de recommencer le parcours des trois tests. Le <strong>protocole devrait \u00eatre all\u00e9g\u00e9 au retour des vacances de f\u00e9vrier. L&rsquo;espoir est de passer au niveau 2 du protocole pour les niveaux primaires, a expliqu\u00e9 le ministre de l&rsquo;Education Jean-Michel Blanquer sur Cnews le 6 f\u00e9vrier ce qui impliquerait la fin du port du masque en ext\u00e9rieur, notamment en r\u00e9cr\u00e9ations pour les enfants.<\/strong>\u00a0Parmi les autres pistes envisag\u00e9es : un nouvel all\u00e8gement du protocole de tests en cas de cas contact dans une classe. <em>\u00ab\u00a0On peut imaginer de trois \u00e0 deux (tests, ndlr)\u00a0\u00bb<\/em> a expliqu\u00e9 le ministre.<\/p>\n<h2 id=\"quelles-sont-les-mesures-covid-pour-le-masque-\">Quelles sont les mesures covid pour le masque ?<\/h2>\n<p>En <strong>ext\u00e9rieur, le port du masque n&rsquo;est plus obligatoire<\/strong> depuis le 2 f\u00e9vrier 2022. A l&rsquo;\u00e9cole, le port du masque pourrait \u00eatre all\u00e9g\u00e9 apr\u00e8s les vacances de f\u00e9vrier. Par ailleurs, les personnes \u00e0 risque de formes graves du covid-19\u00a0et immunod\u00e9prim\u00e9es peuvent recevoir <strong>sur prescription m\u00e9dicale<\/strong> 20 masques FFP2 pour deux semaines ou 50 masques pour 5 semaines gratuitement, selon <a href=\"https:\/\/www.legifrance.gouv.fr\/jorf\/id\/JORFTEXT000045100309\" target=\"_blank\" rel=\"noopener\">un arr\u00eat\u00e9 du 1er f\u00e9vrier<\/a>.\u00a0Pour le moment, le port du masque\u00a0reste obligatoire d\u00e8s l&rsquo;\u00e2ge de 6\u00a0ans dans les lieux publics int\u00e9rieur et\u00a0dans les transports collectifs int\u00e9rieurs.<\/p>\n<div class=\"ccminsert\">\n<aside class=\"app_widget_fo app_widget_fo--call\">\n<ul>\n<li>\n                <a href=\"https:\/\/sante.journaldesfemmes.fr\/fiches-maladies\/2651345-port-masque-obligatoire-france-paris-interieur-fin-dehors-rue-restaurant-ecole-age-affiche\/\" class=\"jGTMWidgetGAEventClick\" data-gtmwidgetgaeventaction=\"clickWidgetCall\" data-gtmwidgetgaeventlabel=\"Masque obligatoire\u00a0: \u00e2ge, en ext\u00e9rieur, \u00e0 Paris, restaurant, o\u00f9\u00a0?\"><\/p>\n<figure>\n                                                                        <picture><source media=\"(max-width: 480px)\" srcset=\"https:\/\/img-3.journaldesfemmes.fr\/kHdxQAXh2ZKLCegvcW6OZKNQSeE=\/160x105\/smart\/0b3d8fcc3fa84f0ea5d97ba02ab459a5\/ccmcms-jdf\/31625284.jpg\" width=\"160\" height=\"105\"><img decoding=\"async\" src=\"https:\/\/img-3.journaldesfemmes.fr\/b45XZ2IVfRtXnOktNq1R_sx_aIQ=\/200x132\/smart\/0b3d8fcc3fa84f0ea5d97ba02ab459a5\/ccmcms-jdf\/31625284.jpg\" alt=\"\" width=\"200\" height=\"132\" loading=\"lazy\"\/><br \/>\n                            <\/source><\/picture><figcaption>\n<h3>Masque obligatoire\u00a0: \u00e2ge, en ext\u00e9rieur, \u00e0 Paris, restaurant, o\u00f9\u00a0?<\/h3>\n<p>Le port du masque est obligatoire dans les lieux clos en France, d\u00e8s l&rsquo;\u00e2ge de 6\u00a0ans. Olivier V\u00e9ran a estim\u00e9 que l&rsquo;obligation pourrait \u00eatre supprim\u00e9e au printemps. Dans quels lieux publics\u00a0? Encore \u00e0 Paris\u00a0?  Restaurant, rassemblements, cin\u00e9ma, entreprise, \u00e9cole, sanction, affiche, fin\u00a0: rappel des r\u00e8gles officielles.<\/p>\n<\/figcaption><\/figure>\n<p>                <\/a>\n            <\/li>\n<\/ul>\n<\/aside>\n<\/div>\n<h2 id=\"quelles-sont-les-nouvelles-mesures-pour-les-tests-\">Quelles sont les mesures covid pour les tests ?<\/h2>\n<p>Le d\u00e9pistage Covid est toujours r\u00e9alis\u00e9 par test PCR ou antig\u00e9nique. Parmi les derniers changements :<\/p>\n<ul>\n<li>Il n&rsquo;est\u00a0<strong>plus obligatoire de r\u00e9aliser un test PCR pour confirmer un test antig\u00e9nique positif.<\/strong><\/li>\n<li>En revanche, un test PCR reste n\u00e9cessaire apr\u00e8s un autotest positif.<\/li>\n<li>L&rsquo;isolement n&rsquo;est plus indiqu\u00e9 en attendant de se faire tester pour les personnes vaccin\u00e9s contre le covid.<\/li>\n<\/ul>\n<div class=\"ccminsert\">\n<aside class=\"app_widget_fo app_widget_fo--call\">\n<ul>\n<li>\n                <a href=\"https:\/\/sante.journaldesfemmes.fr\/fiches-maladies\/2623965-test-covid-depistage-payant-gratuit-prix-pcr-antigenique-autotest-resultat-pharmacie-positif-serologique\/\" class=\"jGTMWidgetGAEventClick\" data-gtmwidgetgaeventaction=\"clickWidgetCall\" data-gtmwidgetgaeventlabel=\"Test Covid\u00a0: antig\u00e9nique, PCR, pharmacie, positif, que faire\u00a0?\"><\/p>\n<figure>\n                                                                        <picture><source media=\"(max-width: 480px)\" srcset=\"https:\/\/img-3.journaldesfemmes.fr\/sUo70vl3LqxJSHlZrwIb8SZIdQs=\/160x105\/smart\/4630739e31974a1786dedaeccbe49eb3\/ccmcms-jdf\/31249797.jpg\" width=\"160\" height=\"105\"><img decoding=\"async\" src=\"https:\/\/img-3.journaldesfemmes.fr\/steBh3IgvtDEEuqbpKmSGb5N_oQ=\/200x132\/smart\/4630739e31974a1786dedaeccbe49eb3\/ccmcms-jdf\/31249797.jpg\" alt=\"\" width=\"200\" height=\"132\" loading=\"lazy\"\/><br \/>\n                            <\/source><\/picture><figcaption>\n<h3>Test Covid\u00a0: antig\u00e9nique, PCR, pharmacie, positif, que faire\u00a0?<\/h3>\n<p>Plus d&rsquo;un million de tests de d\u00e9pistage du Covid sont r\u00e9alis\u00e9s par jour en France, et un sur quatre est positif. Test en pharmacie par antig\u00e9nique, \u00e0 la maison via autotest (quand on n&rsquo;a pas de sympt\u00f4me), en laboratoire par PCR, quand on est cas contact, prix, positif, n\u00e9gatif, isolement\u00a0: guide pratique.<\/p>\n<\/figcaption><\/figure>\n<p>                <\/a>\n            <\/li>\n<\/ul>\n<\/aside>\n<\/div>\n<h2 id=\"quelles-sont-les-dernieres-mesures-pour-les-voyages-\">Quelles sont les mesures covid pour les voyages ?<\/h2>\n<p>Toute personne entrant sur le territoire fran\u00e7ais doit <strong>pr\u00e9senter un test PCR<\/strong> ou antig\u00e9nique n\u00e9gatif de moins de 24h ou 48h en fonction du pays de provenance. <strong>Seule exception, les personnes pr\u00e9sentant un sch\u00e9ma vaccinal complet\u00a0<\/strong>n&rsquo;ont pas \u00e0 pr\u00e9senter de test, lorsqu&rsquo;elles arrivent d&rsquo;un \u00c9tat membre de l&rsquo;Union europ\u00e9enne, d&rsquo;Andorre, d&rsquo;Islande, du Liechtenstein, de Monaco, de la Norv\u00e8ge, de Saint-Marin, du Saint-Si\u00e8ge ou de la Suisse. La France pourrait <strong>lever l&rsquo;obligation de pr\u00e9senter un test en f\u00e9vrier, m\u00eame pour les non vaccin\u00e9s.<\/strong><\/p>\n<h2 id=\"quelles-sont-les-dernieres-mesures-pour-le-pass-vaccinal-\">Quelles sont les derni\u00e8res mesures pour le t\u00e9l\u00e9travail ?<\/h2>\n<p>Depuis le 2\u00a0f\u00e9vrier, <strong>le t\u00e9l\u00e9travail n&rsquo;est plus obligatoire mais fortement recommand\u00e9<\/strong>. \u00ab\u00a0<em>Le recours au t\u00e9l\u00e9travail est recommand\u00e9\u00a0: les employeurs fixent, dans le cadre du dialogue social de proximit\u00e9, les modalit\u00e9s de recours au t\u00e9l\u00e9travail<\/em>\u00ab\u00a0, peut-on lire dans le <a href=\"https:\/\/travail-emploi.gouv.fr\/IMG\/pdf\/protocole-nationale-sante-securite-en-entreprise.pdf\" target=\"_blank\" rel=\"noopener\">protocole sanitaire au travail<\/a> mis \u00e0 jour le 25\u00a0janvier 2022.\u00a0Par ailleurs, le protocole indique<strong> les salari\u00e9s cas contacts ou ayant des sympt\u00f4mes \u00e9vocateurs de Covid doivent rester chez eux<\/strong>. Au bureau,\u00a0chaque collaborateur doit pouvoir disposer d&rsquo;un espace lui permettant de respecter la r\u00e8gle de <strong>distanciation physique d&rsquo;au moins un m\u00e8tre<\/strong> par rapport \u00e0 toute autre personne (ex. autre salari\u00e9, client, usager, prestataire, etc.) associ\u00e9e au port du masque.\u00a0Les<strong> moments de convivialit\u00e9 r\u00e9unissant les salari\u00e9s en pr\u00e9sentiel dans le cadre professionnel sont suspendus.<\/strong><\/p>\n<p>Sources\u00a0:<\/p>\n<p>Information Coronavirus &#8211; Gouvernement.fr<\/p>\n<p>Conf\u00e9rence de presse de Jean Castex, lundi 27\u00a0d\u00e9cembre 2021<\/p>\n<\/p><\/div>\n<p>[ad_2]<br \/>\n<br \/><a href=\"https:\/\/sante.journaldesfemmes.fr\/fiches-maladies\/2775059-mesures-covid-france-nouvelles-dernieres-allegement-fin-pass-vaccinal\/\">Source link <\/a><\/p>\n","protected":false},"excerpt":{"rendered":"<p>[ad_1] NOUVELLES MESURES COVID. Apr\u00e8s l&rsquo;\u00e9tape du 2\u00a0f\u00e9vrier et la lev\u00e9e des premi\u00e8res restrictions, de nouvelles mesures sont pr\u00e9vues les &hellip; <a href=\"https:\/\/www.affinite.fr\/index.php\/2022\/02\/09\/fin-du-pass-vaccinal-nouvelles-15-fevrier\/\" class=\"more-link\">Plus <span class=\"screen-reader-text\">fin du pass vaccinal, nouvelles, 15\u00a0f\u00e9vrier<\/span> <span class=\"meta-nav\">&rarr;<\/span><\/a><\/p>\n","protected":false},"author":1,"featured_media":7441,"comment_status":"","ping_status":"open","sticky":false,"template":"","format":"standard","meta":{"_sitemap_exclude":false,"_sitemap_priority":"","_sitemap_frequency":"","footnotes":""},"categories":[1],"tags":[],"class_list":["post-7447","post","type-post","status-publish","format-standard","has-post-thumbnail","hentry","category-tous"],"_links":{"self":[{"href":"https:\/\/www.affinite.fr\/index.php\/wp-json\/wp\/v2\/posts\/7447"}],"collection":[{"href":"https:\/\/www.affinite.fr\/index.php\/wp-json\/wp\/v2\/posts"}],"about":[{"href":"https:\/\/www.affinite.fr\/index.php\/wp-json\/wp\/v2\/types\/post"}],"author":[{"embeddable":true,"href":"https:\/\/www.affinite.fr\/index.php\/wp-json\/wp\/v2\/users\/1"}],"replies":[{"embeddable":true,"href":"https:\/\/www.affinite.fr\/index.php\/wp-json\/wp\/v2\/comments?post=7447"}],"version-history":[{"count":0,"href":"https:\/\/www.affinite.fr\/index.php\/wp-json\/wp\/v2\/posts\/7447\/revisions"}],"wp:featuredmedia":[{"embeddable":true,"href":"https:\/\/www.affinite.fr\/index.php\/wp-json\/wp\/v2\/media\/7441"}],"wp:attachment":[{"href":"https:\/\/www.affinite.fr\/index.php\/wp-json\/wp\/v2\/media?parent=7447"}],"wp:term":[{"taxonomy":"category","embeddable":true,"href":"https:\/\/www.affinite.fr\/index.php\/wp-json\/wp\/v2\/categories?post=7447"},{"taxonomy":"post_tag","embeddable":true,"href":"https:\/\/www.affinite.fr\/index.php\/wp-json\/wp\/v2\/tags?post=7447"}],"curies":[{"name":"wp","href":"https:\/\/api.w.org\/{rel}","templated":true}]}}