{"id":7438,"date":"2022-02-07T20:55:00","date_gmt":"2022-02-07T20:55:00","guid":{"rendered":"https:\/\/www.affinite.fr\/index.php\/2022\/02\/07\/apnee-du-sommeil-des-appareils-philips-cancerigenes\/"},"modified":"2022-02-07T20:55:00","modified_gmt":"2022-02-07T20:55:00","slug":"apnee-du-sommeil-des-appareils-philips-cancerigenes","status":"publish","type":"post","link":"https:\/\/www.affinite.fr\/index.php\/2022\/02\/07\/apnee-du-sommeil-des-appareils-philips-cancerigenes\/","title":{"rendered":"Apn\u00e9e du sommeil\u00a0: des appareils Philips canc\u00e9rig\u00e8nes\u00a0?"},"content":{"rendered":"<p> [ad_1]<br \/>\n<br \/><img decoding=\"async\" src=\"https:\/\/img-3.journaldesfemmes.fr\/6PRqNZk8R9XAV9v5WGOolbXp3yY=\/1280x\/smart\/6245b5a0fe8049018f65ca5773f92d5d\/ccmcms-jdf\/31714706.jpg\" \/><\/p>\n<p>\n                Pr\u00e8s de 400\u00a0000\u00a0appareils de respiration de la marque Philips, indiqu\u00e9s dans le traitement de l&rsquo;apn\u00e9e du sommeil ont \u00e9t\u00e9 rappel\u00e9s en raison d&rsquo;un risque d&rsquo;inhalation de particules potentiellement canc\u00e9rig\u00e8nes. Tous les usagers n&rsquo;ont pourtant pas \u00e9t\u00e9 mis au courant. Quels sont les dangers\u00a0? Quels sympt\u00f4mes\u00a0? Qui consulter\u00a0?            <\/p>\n<div>\n<aside class=\"ccmsummary marqueur_module ccmcss_cms_summary ccmcss_cms_summary--right\">\n<p>Sommaire<\/p>\n<\/aside>\n<p><strong>[Mis \u00e0 jour le 7\u00a0f\u00e9vrier 2022\u00a0\u00e0 20h10] <\/strong>Le 12 juillet 2021,<strong>\u00a0<\/strong>Philips a publi\u00e9 <a href=\"https:\/\/www.philips.com\/c-dam\/b2bhc\/fr\/resources\/landing\/experience\/Sleep\/src-update\/Informations-cliniques-complementaires-pdspsad-13Juillet2021.pdf?fbclid=IwAR2LPYaqoOteCYuFBBMwOyoQTqXLZWH02F5JmjUDdTpJlc1ErgpQ3L0483k\" target=\"_blank\" rel=\"noopener\">une notification de s\u00e9curit\u00e9<\/a>\u00a0concernant des appareils de PPC, des respirateurs<strong>\u00a0destin\u00e9s aux patients souffrant d&rsquo;apn\u00e9e du sommeil ou n\u00e9cessitant une assistance respiratoire \u00e0 domicile<\/strong>. A \u00e9t\u00e9 mis en \u00e9vidence\u00a0un risque de <strong>d\u00e9gradation de la mousse d&rsquo;insonorisation<\/strong> sous forme de particules pouvant \u00eatre ing\u00e9r\u00e9es ou inhal\u00e9es par l&rsquo;utilisateur. Probl\u00e8me : la mousse d\u00e9grad\u00e9e pourrait former <strong>des\u00a0compos\u00e9s organiques volatils (COV) potentiellement canc\u00e9rig\u00e8nes <\/strong>(azoxym\u00e9thane).\u00a0Parmi les autres dangers potentiels qui d\u00e9coulent des compos\u00e9s \u00e9mis :\u00a0<strong>c\u00e9phal\u00e9es\/vertiges, irritation<\/strong> (yeux, nez, voies respiratoires, peau), hypersensibilit\u00e9, naus\u00e9es\/ vomissements&#8230; A ce jour, Philips n&rsquo;a re\u00e7u aucun signalement concernant l&rsquo;impact des COV sur les patients. Mais par pr\u00e9caution, <strong>l&rsquo;ensemble des appareils concern\u00e9s soit 370\u00a0000 mod\u00e8les en France avaient \u00e9t\u00e9 rappel\u00e9s, <\/strong>indique l&rsquo;<a href=\"https:\/\/ansm.sante.fr\/informations-de-securite\/appareils-de-ventilation-et-de-ppc-philips-conduite-a-tenir-dans-un-contexte-de-rappel-mondial\" target=\"_blank\" rel=\"noopener\">Agence du m\u00e9dicament en novembre 2021<\/a>.\u00a0<strong>Ces appareils \u00e9taient cens\u00e9s \u00eatre remplac\u00e9s <\/strong>or certains patients ont continu\u00e9 \u00e0 utiliser les appareils en question, n&rsquo;ayant pas \u00e9t\u00e9 mis au courant de ces risques. (Seulement 6% des appareils auraient \u00e9t\u00e9 rendus \u00e0 Philips). Le 7 f\u00e9vrier 2022, <a href=\"https:\/\/rmc.bfmtv.com\/emission\/appareils-contre-l-apnee-du-sommeil-un-malade-soupconne-philips-d-etre-a-l-origine-de-son-cancer-2054395.html\" target=\"_blank\" rel=\"noopener\">RMC<\/a> a publi\u00e9 un article dans lequel il fait part des t\u00e9moignages d&rsquo;utilisateurs d&rsquo;appareils Philips contre l&rsquo;apn\u00e9e du sommeil. Parmi eux, un patient, diagnostiqu\u00e9 d&rsquo;<strong>un cancer des ganglions<\/strong>, en janvier 2022, a eu connaissance de cette affaire par hasard et souhaite aujourd&rsquo;hui savoir s&rsquo;il y a un lien entre son cancer et ces machines. D&rsquo;autres patients s&rsquo;inqui\u00e8tent et se posent aussi des questions sur ce possible lien.\u00a0En attendant les r\u00e9ponses de Philips et de l&rsquo;ANSM, u<a href=\"https:\/\/www.facebook.com\/groups\/1512967969087026\" target=\"_blank\" rel=\"noopener\">n groupe Facebook<\/a> a \u00e9t\u00e9 cr\u00e9\u00e9 pour tous les utilisateurs de ces appareils. En attendant, l&rsquo;ANSM a indiqu\u00e9 aux patients la conduite \u00e0 tenir :<\/p>\n<ul>\n<li>Nous vous recommandons, en concertation avec les professionnels de sant\u00e9, <strong>de ne pas arr\u00eater votre traitement<\/strong>, quel que soit le type d&rsquo;appareil utilis\u00e9.<\/li>\n<li>Votre pneumologue ou prestataire de sant\u00e9 \u00e0 domicile vous a contact\u00e9 ou vous contactera afin d&rsquo;organiser la r\u00e9paration ou le remplacement de vos \u00e9quipements, selon la disponibilit\u00e9 du mat\u00e9riel.<\/li>\n<li>En cas de c\u00e9phal\u00e9es, irritation (peau, yeux, voies respiratoires), de r\u00e9actions inflammatoires, de toux, de pression thoracique, d&rsquo;asthme et d&rsquo;infection des sinus, ou d&rsquo;autres sympt\u00f4mes pouvant \u00eatre li\u00e9s \u00e0 l&rsquo;utilisation du dispositif, <strong>contactez votre m\u00e9decin.<\/strong><\/li>\n<li>En cas de tels effets ind\u00e9sirables, nous vous invitons \u00e9galement \u00e0 faire <a href=\"https:\/\/ansm.sante.fr\/documents\/reference\/declarer-un-effet-indesirable\" target=\"_blank\" rel=\"noopener\"><strong>une d\u00e9claration<\/strong> sur le portail des signalements<\/a>, en y pr\u00e9cisant \u00a0le num\u00e9ro de s\u00e9rie complet de l&rsquo;appareil (votre m\u00e9decin peut vous aider \u00e0 faire cette d\u00e9claration).<\/li>\n<\/ul>\n<p>Aussi appel\u00e9e \u00ab\u00a0syndrome d&rsquo;apn\u00e9e-hypopn\u00e9e obstructive du <a href=\"https:\/\/sante.journaldesfemmes.fr\/quotidien\/2624657-sommeil-conseils-bien-dormir-nuit-medicament-solutions-naturelles-troubles-maladies-definition\/\" title=\"Sommeil\">sommeil<\/a> (SAHOS)\u00a0\u00bb, l&rsquo;apn\u00e9e du sommeil est un <strong>trouble de la respiration nocturne<\/strong>. Elle se caract\u00e9rise par la <strong>survenue de pauses respiratoires d&rsquo;au moins 10\u00a0secondes<\/strong> qui peuvent se r\u00e9p\u00e9ter parfois plus de 100\u00a0fois par nuit. Ce dysfonctionnement respiratoire est caus\u00e9 par l&rsquo;obstruction des conduits respiratoire de l&rsquo;arri\u00e8re gorge.\u00a0L&rsquo;apn\u00e9e du sommeil a \u00e9t\u00e9 d\u00e9crite pour la premi\u00e8re fois en 1972\u00a0par le professeur fran\u00e7ais Christian Guilleminault.<\/p>\n<ul>\n<li>Les sympt\u00f4mes classiques sont une <strong>fatigue anormale au r\u00e9veil <\/strong>apr\u00e8s une nuit de sommeil et des maux de t\u00eate au lever. Une <strong>somnolence anormale et fr\u00e9quente au cours de la journ\u00e9e<\/strong>, apr\u00e8s les repas, devant la t\u00e9l\u00e9vision, au cin\u00e9ma, en lisant, en r\u00e9union voire m\u00eame au volant.\u00a0<\/li>\n<li>Des troubles du comportement peuvent \u00eatre observ\u00e9s\u00a0: irritabilit\u00e9, difficult\u00e9s \u00e0 se concentrer, pertes de m\u00e9moire, manque d&rsquo;\u00e9nergie et d\u00e9pression.<\/li>\n<li><strong><a href=\"https:\/\/sante.journaldesfemmes.fr\/fiches-sexo-gyneco\/2458834-baisse-libido-symptomes-causes-que-faire\/\" target=\"_blank\" rel=\"noopener\">Baisse du d\u00e9sir<\/a> et dysfonction \u00e9rectile\u00a0<\/strong>peuvent \u00eatre observ\u00e9s.\u00a0<\/li>\n<li>La multiplication d&rsquo;apn\u00e9es provoque une diminution de l&rsquo;oxyg\u00e9nation\u00a0sanguine. Cette baisse d&rsquo;oxyg\u00e9nation entra\u00eene de s\u00e9v\u00e8res r\u00e9percussions sur la sant\u00e9 en favorisant l&rsquo;apparition d&rsquo;hypertension art\u00e9rielle, d&rsquo;infarctus du myocarde ou d&rsquo;accident vasculaire c\u00e9r\u00e9bral.<\/li>\n<li>Le <strong>ronflement <\/strong>est tr\u00e8s souvent permanent. Il commence d\u00e8s le d\u00e9but du\u00a0sommeil et est interrompu par les pauses respiratoires, souvent d\u00e9crites par le conjoint. La reprise de la respiration est bruyante et s&rsquo;accompagne de mouvements du corps.<\/li>\n<li>L&rsquo;apparition de <a href=\"https:\/\/sante.journaldesfemmes.fr\/fiches-sante-du-quotidien\/2441027-sueurs-nocturnes\/\" target=\"_blank\" rel=\"noopener\"><strong>sueurs nocturnes<\/strong><\/a> est fr\u00e9quente et des \u00e9pisodes de <strong>somnambulisme peuvent survenir dans environ 10% des cas<\/strong>.<\/li>\n<\/ul>\n<blockquote>\n<p style=\"text-align: right;\">Un risque d&rsquo;accident de la route multipli\u00e9 par 6<\/p>\n<\/blockquote>\n<p>L&rsquo;apn\u00e9e du sommeil est provoqu\u00e9e par l&rsquo;obstruction des voies sup\u00e9rieures a\u00e9riennes dont les causes peuvent \u00eatre multiples\u00a0: dilatation du pharynx, obstruction des voies nasales, augmentation de la taille des amygdales, de la langue ou de la luette. Elle est souvent accentu\u00e9e par la position allong\u00e9e sur le dos qui entra\u00eene la langue dans l&rsquo;arri\u00e8re gorge.\u00a0L&rsquo;h\u00e9r\u00e9dit\u00e9 serait \u00e9galement un facteur de risque.<\/p>\n<p>Le manque de sommeil r\u00e9parateur provoque un \u00e9tat de <strong>fatigue anormal<\/strong>. Il se manifeste par des somnolences fr\u00e9quentes au cours de la journ\u00e9e, notamment au volant. Le risque d&rsquo;accident de la route serait ainsi multipli\u00e9 par 6\u00a0chez les personnes sujettes \u00e0 l&rsquo;apn\u00e9e du sommeil. D&rsquo;apr\u00e8s le Dr Samia Tahraoui, sp\u00e9cialiste du sommeil \u00e0 Paris <em>\u00ab\u00a0l&rsquo;apn\u00e9e du sommeil peut entra\u00eener \u00e0 long terme des complications s\u00e9rieuses <\/em>(hypertension, AVC, diab\u00e8te, surpoids) <em>augmentant les risques de mortalit\u00e9 cardiovasculaire.\u00a0Il s&rsquo;agit d&rsquo;un v\u00e9ritable probl\u00e8me de sant\u00e9 public malheureusement pour l&rsquo;heure sous-diagnostiqu\u00e9\u00a0\u00bb<\/em>.\u00a0On estime en effet que <strong>pr\u00e8s de 80% des personnes qui souffrent d&rsquo;apn\u00e9e du sommeil ne seraient pas diagnostiqu\u00e9es<\/strong>. Ce serait donc plus de 20% de la population qui serait concern\u00e9e par ces troubles et non plus 5\u00a0\u00e0 10% seulement.<\/p>\n<p><em>\u00ab\u00a0Le diagnostic se fait en deux \u00e9tapes dont la premi\u00e8re indispensable est le questionnaire de Berlin, effectu\u00e9 par le m\u00e9decin,<\/em> explique le Dr Tahraoui, <em>les r\u00e9ponses \u00e0 ce questionnaire lui permettent d&rsquo;\u00e9valuer les probabilit\u00e9s d&rsquo;apn\u00e9e du sommeil, et en cas de forte probabilit\u00e9 deux types d&rsquo;examen sont alors propos\u00e9s au patient.\u00a0\u00bb <\/em>Ces examens sont :\u00a0<\/p>\n<p><a name=\"Polygraphie-ventilatoire\"><strong>Polygraphie ventilatoire<\/strong><\/a>\u00a0: examen m\u00e9dical ambulatoire qui permet d&rsquo;enregistrer le rythme respiratoire, les ronflements et les mouvements corporels pendant le sommeil gr\u00e2ce \u00e0 un petit appareil portatif appel\u00e9 polygraphe ambulatoire.<\/p>\n<p><a name=\"Polysomnographie\u00a0\"><strong>Polysomnographie<\/strong>\u00a0<\/a>: qui enregistre, en plus le rythme cardiaque, l&rsquo;\u00e9lectroenc\u00e9phalogramme (activit\u00e9 c\u00e9r\u00e9brale) et l&rsquo;\u00e9lectromyogramme (activit\u00e9 des muscles) et la temp\u00e9rature corporelle.<\/p>\n<blockquote>\n<p>30% des personnes refusent les appareils d\u00e9di\u00e9s \u00e0 l&rsquo;apn\u00e9e du sommeil<\/p>\n<\/blockquote>\n<p>Avant d&rsquo;entamer un traitement, il est indispensable d&rsquo;<strong>\u00e9liminer les facteurs qui peuvent provoquer ou aggraver l&rsquo;apn\u00e9e du sommeil<\/strong>. En cas de surpoids ou d&rsquo;ob\u00e9sit\u00e9, perdre du poids est une mesure indispensable qui doit \u00eatre prise d\u00e8s le diagnostic du syndrome d&rsquo;apn\u00e9e du sommeil. La relation entre surcharge pond\u00e9rale et\u00a0prise de poids\u00a0est en effet importante. Pr\u00e8s d&rsquo;une personne ob\u00e8se sur deux pr\u00e9sente un trouble du sommeil.<\/p>\n<ul>\n<li>Eviter la consommation de substances qui aggravent les ronflements\u00a0: alcool, tabac, prise de s\u00e9datifs ou calmants.\u00a0<\/li>\n<li>Dormir sur le c\u00f4t\u00e9 et non plus sur le dos, permet parfois de diminuer la fr\u00e9quence des apn\u00e9es du sommeil et d&rsquo;am\u00e9liorer le sommeil.<\/li>\n<\/ul>\n<table align=\"right\" border=\"1\" cellpadding=\"1\" cellspacing=\"1\" style=\"width:30%;\">\n<tbody>\n<tr>\n<td>\n<ul>\n<li><a href=\"https:\/\/www.affinite.fr\/index.php\/2022\/11\/09\/formation-de-glacier-apprenez-le-metier-de-glacier-et-changez-votre-vie\/\">Apprendre<\/a> \u00e0 bien adapter le masque.\u00a0<\/li>\n<li>Tester plusieurs masques s&rsquo;ils ne s&rsquo;adaptent pas correctement.\u00a0<\/li>\n<li>Conna\u00eetre les r\u00e8gles d&rsquo;hygi\u00e8ne et de s\u00e9curit\u00e9.<\/li>\n<\/ul>\n<\/td>\n<\/tr>\n<\/tbody>\n<\/table>\n<p>De nombreuses personnes atteintes du syndrome de l&rsquo;apn\u00e9e du sommeil se voient proposer l&rsquo;appareil permettant la Pression Positive Continue\u00a0(PPC). Malheureusement, pr\u00e8s de 30% des malades n&rsquo;acceptent pas ce traitement et un pourcentage non n\u00e9gligeable de ceux qui l&rsquo;utilisent ne le branchent pas tout au long de la nuit. Du coup, ils ne b\u00e9n\u00e9ficient pas du minimum d&rsquo;heures requises pour que le traitement soit efficace.\u00a0\u00a0<span style=\"font-size: 1rem;\">La r\u00e9ussite du traitement par la PPC repose sur une \u00e9ducation th\u00e9rapeutique rigoureuse afin que celui-ci et sa famille, notamment son conjoint, accepte cet appareillage contraignant. Le m\u00e9decin prescripteur et le prestataire qui vient installer l&rsquo;appareil doivent fournir un certain nombre d&rsquo;informations indispensables au bon d\u00e9roulement de ce traitement. Cette \u00e9tape permet de se familiariser et de mieux accepter l&rsquo;appareillage.<\/span><\/p>\n<p>Aussi appel\u00e9e goutti\u00e8re anti-ronflement, l&rsquo;orth\u00e8se d&rsquo;avanc\u00e9e mandibulaire (OAM) est utilis\u00e9e en cas d&rsquo;apn\u00e9e du sommeil mod\u00e9r\u00e9e. Ce prot\u00e8ge dents r\u00e9alis\u00e9 sur mesure par un orthodontiste doit \u00eatre port\u00e9 toute la nuit. Il a pour fonction de maintenir la langue et la m\u00e2choire inf\u00e9rieure vers l&rsquo;avant afin d&rsquo;\u00e9viter l&rsquo;obstruction des voies respiratoires.<\/p>\n<p>Elles sont rarement propos\u00e9es en traitement de l&rsquo;apn\u00e9e du sommeil, et ne le sont que pour corriger un \u00e9ventuel d\u00e9faut morphologie de la m\u00e2choire, du palais ou de la base de la langue.\u00a0Elles s&rsquo;av\u00e8rent assez douloureuses et souvent peu efficaces.<\/p>\n<p><em>Merci au\u00a0Dr Samia Tahraoui, sp\u00e9cialiste du sommeil \u00e0 Paris<\/em><\/p>\n<\/p><\/div>\n<p>[ad_2]<br \/>\n<br \/><a href=\"https:\/\/sante.journaldesfemmes.fr\/fiches-sante-du-quotidien\/2511295-apnee-du-sommeil-respirateur-philips-cancer-rappel-ansm-danger-symptomes-traitement\/\">Source link <\/a><\/p>\n","protected":false},"excerpt":{"rendered":"<p>[ad_1] Pr\u00e8s de 400\u00a0000\u00a0appareils de respiration de la marque Philips, indiqu\u00e9s dans le traitement de l&rsquo;apn\u00e9e du sommeil ont \u00e9t\u00e9 &hellip; <a href=\"https:\/\/www.affinite.fr\/index.php\/2022\/02\/07\/apnee-du-sommeil-des-appareils-philips-cancerigenes\/\" class=\"more-link\">Plus <span class=\"screen-reader-text\">Apn\u00e9e du sommeil\u00a0: des appareils Philips canc\u00e9rig\u00e8nes\u00a0?<\/span> <span class=\"meta-nav\">&rarr;<\/span><\/a><\/p>\n","protected":false},"author":1,"featured_media":7439,"comment_status":"","ping_status":"open","sticky":false,"template":"","format":"standard","meta":{"_sitemap_exclude":false,"_sitemap_priority":"","_sitemap_frequency":"","footnotes":""},"categories":[1],"tags":[],"class_list":["post-7438","post","type-post","status-publish","format-standard","has-post-thumbnail","hentry","category-tous"],"_links":{"self":[{"href":"https:\/\/www.affinite.fr\/index.php\/wp-json\/wp\/v2\/posts\/7438"}],"collection":[{"href":"https:\/\/www.affinite.fr\/index.php\/wp-json\/wp\/v2\/posts"}],"about":[{"href":"https:\/\/www.affinite.fr\/index.php\/wp-json\/wp\/v2\/types\/post"}],"author":[{"embeddable":true,"href":"https:\/\/www.affinite.fr\/index.php\/wp-json\/wp\/v2\/users\/1"}],"replies":[{"embeddable":true,"href":"https:\/\/www.affinite.fr\/index.php\/wp-json\/wp\/v2\/comments?post=7438"}],"version-history":[{"count":0,"href":"https:\/\/www.affinite.fr\/index.php\/wp-json\/wp\/v2\/posts\/7438\/revisions"}],"wp:featuredmedia":[{"embeddable":true,"href":"https:\/\/www.affinite.fr\/index.php\/wp-json\/wp\/v2\/media\/7439"}],"wp:attachment":[{"href":"https:\/\/www.affinite.fr\/index.php\/wp-json\/wp\/v2\/media?parent=7438"}],"wp:term":[{"taxonomy":"category","embeddable":true,"href":"https:\/\/www.affinite.fr\/index.php\/wp-json\/wp\/v2\/categories?post=7438"},{"taxonomy":"post_tag","embeddable":true,"href":"https:\/\/www.affinite.fr\/index.php\/wp-json\/wp\/v2\/tags?post=7438"}],"curies":[{"name":"wp","href":"https:\/\/api.w.org\/{rel}","templated":true}]}}