{"id":7368,"date":"2022-01-20T20:18:08","date_gmt":"2022-01-20T20:18:08","guid":{"rendered":"https:\/\/www.affinite.fr\/index.php\/2022\/01\/20\/variant-omicron-covid-symptomes-frequents-delai-dincubation\/"},"modified":"2022-01-20T20:18:08","modified_gmt":"2022-01-20T20:18:08","slug":"variant-omicron-covid-symptomes-frequents-delai-dincubation","status":"publish","type":"post","link":"https:\/\/www.affinite.fr\/index.php\/2022\/01\/20\/variant-omicron-covid-symptomes-frequents-delai-dincubation\/","title":{"rendered":"Variant Omicron Covid\u00a0: sympt\u00f4mes fr\u00e9quents, d\u00e9lai d&rsquo;incubation"},"content":{"rendered":"<p> [ad_1]<br \/>\n<\/p>\n<p>\n                NOUVEAU VARIANT. Le variant Omicron a touch\u00e9 plus de 5\u00a0millions de Fran\u00e7ais, a annonc\u00e9 Jean Castex le 20\u00a0janvier avant de souligner qu&rsquo;il ne s&rsquo;agit pas d&rsquo;un virus \u00ab\u00a0anodin\u00a0\u00bb responsable d&rsquo;une \u00ab\u00a0simple\u00a0\u00bb grippe. Ce variant a une dur\u00e9e d&rsquo;incubation plus courte que Delta et une charge virale qui diminuerait au bout d&rsquo;une semaine. Fatigue, toux, fi\u00e8vre&#8230; Sympt\u00f4mes les plus fr\u00e9quents, vaccin, isolement, cas contact, dangerosit\u00e9&#8230; Tout savoir.            <\/p>\n<div>\n<aside class=\"ccmsummary marqueur_module ccmcss_cms_summary ccmcss_cms_summary--right\">\n<p>Sommaire<\/p>\n<\/aside>\n<p><strong>[Mise \u00e0 jour le 20\u00a0janvier 2022 \u00e0 20h39]\u00a0<\/strong>De nombreux variants du SARS-CoV-2\u00a0circulent en France et de nouveaux variants porteurs de mutations sont r\u00e9guli\u00e8rement identifi\u00e9s. Parmi eux, le variant <strong>Omicron<\/strong> d\u00e9clar\u00e9 en Afrique du Sud\u00a0le<strong> <\/strong>24\u00a0novembre 2021 et class\u00e9 comme \u00ab\u00a0pr\u00e9occupant\u00a0\u00bb par l&rsquo;OMS deux jours plus tard. Omicron est pr\u00e9sent aujourd&rsquo;hui dans plus d&rsquo;une centaine de pays. En <strong>France<\/strong>, <em>\u00ab\u00a0il a d\u00e9j\u00e0<strong> touch\u00e9 plus de 5 millions d&rsquo;entre nous<\/strong> et probablement au moins le double si on ajoute le nombre estim\u00e9 de ceux qui ne sont pas all\u00e9s se faire tester faute de sympt\u00f4mes notables. (&#8230;) <strong>Peu de familles ont \u00e9t\u00e9 \u00e9pargn\u00e9es<\/strong>\u00a0\u00bb <\/em>a inform\u00e9 le Premier ministre Jean Castex lors de la <a href=\"https:\/\/www.gouvernement.fr\/info-coronavirus\" target=\"_blank\" rel=\"noopener\">conf\u00e9rence de presse<\/a> du 20 janvier avant d&rsquo;annoncer que <em>\u00ab\u00a0<strong>la situation commence \u00e0 \u00e9voluer plus favorablement<\/strong>\u00ab\u00a0.\u00a0\u00ab\u00a0La <strong>vague provoqu\u00e9e par le variant Omicron commence \u00e0 marquer le pas <\/strong>dans les r\u00e9gions o\u00f9 ce variant avait frapp\u00e9 en premier \u00e0 la fin d\u00e9cembre, <strong>en particulier en Ile-de-France<\/strong> o\u00f9 la d\u00e9crue est engag\u00e9e\u00a0\u00bb <\/em>a-t-il poursuivi.<strong> Jean Castex a par ailleurs confirm\u00e9 que ce variant Omicron est moins dangereux<\/strong> que ses pr\u00e9d\u00e9cesseurs.\u00a0Omicron <strong><em>\u00ab\u00a0donne des formes cliniques moins s\u00e9v\u00e8res<\/em><\/strong><em>\u00a0car il se multiplie plus dans voies a\u00e9riennes sup\u00e9rieures et moins dans les voies inf\u00e9rieures, donnant<\/em><strong><em> moins de pneumopathies <\/em><\/strong>(que Delta, ndlr)<strong><em>\u00ab\u00a0<\/em><\/strong> a expliqu\u00e9 le<strong><em>\u00a0<\/em><\/strong>Pr<strong> Arnaud Fontanet,<\/strong> membre du Conseil scientifique, sur BFM-TV lundi 10\u00a0janvier. Mais <strong>pas question pour autant de rel\u00e2cher la vigilance et la vaccination<\/strong> a martel\u00e9 Jean Castex : <em>\u00ab\u00a0<strong>M\u00eame att\u00e9nu\u00e9\u00a0ce virus n&rsquo;a rien d&rsquo;anodin, il ne s&rsquo;agit absolument pas d&rsquo;une simple grippe. <\/strong>Un seul chiffre pour le d\u00e9montrer : sur une ann\u00e9e normale, l&rsquo;\u00e9pid\u00e9mie de grippe provoque en moyenne <strong>10 000 hospitalisations sur toute la p\u00e9riode de l&rsquo;hiver<\/strong>, avec <strong>Omicron<\/strong> nous atteignons ce chiffre non pas en 3 mois mais en 5 jours seulement.\u00a0\u00bb <\/em>Si on peut facilement attraper le virus en \u00e9tant vaccin\u00e9, a confirm\u00e9 le Premier ministre, une <strong>personne<\/strong> compl\u00e8tement <strong>vaccin\u00e9e<\/strong> a<strong> 4,5 fois moins de risque d&rsquo;attraper la Covid<\/strong> et surtout\u00a0<strong>25 fois moins de risque d&rsquo;\u00eatre hospitalis\u00e9<\/strong> en soins critiques\u00a0par rapport \u00e0 une personne non vaccin\u00e9e (7% des adultes ne sont pas vaccin\u00e9s en France contre le coronavirus).\u00a0<strong>D\u00e9finition<\/strong>, <strong>sympt\u00f4mes <\/strong>sp\u00e9cifiques de covid, <strong>vaccin<\/strong>&#8230; Tout savoir sur le variant Omicron.<\/p>\n<h2 id=\"quest-ce-que-le-variant-b11529-\">C&rsquo;est quoi le nouveau variant Omicron ?<\/h2>\n<p>La variante Omicron a \u00e9t\u00e9 signal\u00e9e <strong>pour la premi\u00e8re fois \u00e0 l&rsquo;OMS par l&rsquo;Afrique du Sud le 24\u00a0novembre 2021.\u00a0<\/strong>Cette variante appartient \u00e0 la lign\u00e9e Pango <strong>B.1.1.529<\/strong>.<em>\u00ab\u00a0C&rsquo;est un variant qui a un <strong>grand nombre de mutations<\/strong> et nous savons que dans ce cas, cela peut avoir un impact sur le comportement du virus<\/em>, a expliqu\u00e9 le Dr Maria Van Kerkhove de l&rsquo;OMS le 25\u00a0novembre 2021. Dans un Avis du 17 d\u00e9cembre, le Conseil scientifique fran\u00e7ais rappelle que <em>\u00ab\u00a0la plupart des mutations sont observ\u00e9es sur la prot\u00e9ine de Spicule (<strong>30\u00a0environ<\/strong>), d&rsquo;autres mutations sont aussi observ\u00e9es dans le g\u00e8ne de la prot\u00e9ine N et dans le g\u00e8ne NSP6, mutations pouvant avoir un <strong>impact sur le niveau de multiplication du virus<\/strong>\u00ab\u00a0<\/em>. Il existe actuellement <strong>deux sous lignages <\/strong>de variant<strong> Omicron BA.1\u00a0(majoritaire) <\/strong>et BA.2\u00a0(minoritaire) qui ne pr\u00e9sentent pas de diff\u00e9rence en termes d&rsquo;impact, d&rsquo;\u00e9chappement immunitaire ou de transmission.<em>\u00a0\u00ab\u00a0L&rsquo;impact des mutations observ\u00e9es pour les virus Omicron sur la <strong>contagiosit\u00e9 <\/strong>est <strong>confirm\u00e9<\/strong>, tant du fait d&rsquo;un \u00e9chappement immunitaire li\u00e9 aux mutations localis\u00e9es sur la prot\u00e9ine de spicule, que de sa capacit\u00e9 r\u00e9plicative augment\u00e9e. La <strong>transmission est nettement augment\u00e9e par rapport au variant Delta<\/strong>.\u00a0\u00bb <\/em>Le variant Omicron a \u00e9t\u00e9 class\u00e9 comme \u00ab\u00a0pr\u00e9occupant\u00a0\u00bb par <a href=\"https:\/\/www.who.int\/publications\/m\/item\/enhancing-readiness-for-omicron-(b.1.1.529)-technical-brief-and-priority-actions-for-member-states\" target=\"_blank\" rel=\"noopener\">l&rsquo;OMS <\/a>le 26 novembre.\u00a0Il y a trois types de variants selon le\u00a0<a href=\"https:\/\/www.who.int\/en\/activities\/tracking-SARS-CoV-2-variants\/\" target=\"_blank\" rel=\"noopener\">classement de\u00a0l&rsquo;OMS<\/a> : les <strong>VOC (variant pr\u00e9occupant comme les variants Delta, Alpha, Beta, Gamma et Omicron),<\/strong> les VOI (variant \u00e0 suivre\u00a0comme le variant Mu et le variant Lambda) et les VUM (variant sous surveillance). Un variant pr\u00e9occupant a\u00a0:<\/p>\n<ul>\n<li>une<strong> augmentation de la transmissibilit\u00e9<\/strong> ou changement pr\u00e9judiciable dans l&rsquo;\u00e9pid\u00e9miologie du COVID-19 ou<\/li>\n<li>une<strong> augmentation de la virulence <\/strong>ou modification de la pr\u00e9sentation clinique de la maladie ou<\/li>\n<li>une <strong>diminution de l&rsquo;efficacit\u00e9 des mesures de sant\u00e9 publique<\/strong> et sociales ou des diagnostics, vaccins, th\u00e9rapeutiques disponibles.<\/li>\n<\/ul>\n<h2 id=\"combien-de-cas-en-france\">Combien de cas du variant Omicron en France\u00a0?<\/h2>\n<p>En France, le variant Omicron\u00a0est <strong>majoritaire<\/strong> depuis la semaine 51 (19-25 d\u00e9cembre 2021) et continue de <strong>remplacer le variant Delta<\/strong> depuis. Il repr\u00e9sente<strong>\u00a070\u00a0\u00e0 90% des contaminations selon les r\u00e9gions<\/strong>, a indiqu\u00e9 le Pr Arnaud Fontanet, membre du Conseil scientifique, sur BFM-TV lundi 10\u00a0janvier.\u00a0<em>\u00ab\u00a0Il a d\u00e9j\u00e0<strong> touch\u00e9 plus de 5\u00a0millions d&rsquo;entre nous<\/strong> et probablement au moins le double si on ajoute le nombre estim\u00e9 de ceux qui ne sont pas all\u00e9s se faire tester faute de sympt\u00f4mes notables. (&#8230;) <strong>Peu de familles ont \u00e9t\u00e9 \u00e9pargn\u00e9es<\/strong>\u00a0\u00bb <\/em>a inform\u00e9 le Premier ministre Jean Castex lors de la conf\u00e9rence de presse du 20\u00a0janvier.\u00a0<em>\u00ab\u00a0La <strong>vague provoqu\u00e9e par le variant Omicron commence \u00e0 marquer le pas <\/strong>dans les r\u00e9gions o\u00f9 ce variant avait frapp\u00e9 en premier \u00e0 la fin d\u00e9cembre, <strong>en particulier en Ile-de-France<\/strong> o\u00f9 la d\u00e9crue est engag\u00e9e\u00a0\u00bb <\/em>a-t-il poursuivi.<strong> Jean Castex a par ailleurs confirm\u00e9 que ce variant Omicron est moins dangereux<\/strong> que ses pr\u00e9d\u00e9cesseurs.\u00a0<\/p>\n<div style=\"text-align:center\">\n<figure class=\"image\" style=\"display:inline-block\"><a class=\"fancy\" href=\"https:\/\/img-3.journaldesfemmes.fr\/ZdFKIFaZfMc3aBCv1BSC7WT-Kqo=\/1080x\/smart\/be36f1cf5e7542acb6d3e405f8dbb209\/ccmcms-jdf\/31129855.jpg\"><img decoding=\"async\" alt=\"Part du variant omicron france janvier 2022\" src=\"https:\/\/img-3.journaldesfemmes.fr\/x7iElV2WMlLQrXgRTnTwhXq5AHA=\/600x\/smart\/be36f1cf5e7542acb6d3e405f8dbb209\/ccmcms-jdf\/31129855.jpg\"\/><\/a><figcaption data-credit=\"Sant\u00e9 Publique France\" data-legend=\"\u00c9volution de la part de chaque variant class\u00e9 (VOC, VOI et VUM) au cours des enqu\u00eates Flash, France m\u00e9tropolitaine, donn\u00e9es au 10 janvier 2022\">\u00c9volution de la part de chaque variant class\u00e9 (VOC, VOI et VUM) au cours des enqu\u00eates Flash, France m\u00e9tropolitaine, donn\u00e9es au 10 janvier 2022 <small>\u00a9\u00a0Sant\u00e9 Publique France<\/small><\/figcaption><\/figure>\n<\/div>\n<p>Parmi les premiers\u00a0cas identifi\u00e9s d&rsquo;Omicron en France, un cas en Vend\u00e9e, un autre\u00a0dans le<strong> Haut-Rhin confirm\u00e9\u00a0par l&rsquo;<a href=\"https:\/\/www.grand-est.ars.sante.fr\/covid-19-un-cas-de-variant-omicron-confirme-en-grand-est\" target=\"_blank\" rel=\"noopener\">ARS de la r\u00e9gion Grand Est<\/a>,<\/strong>\u00a0un <b>cas\u00a0en Ile-de-France, en Seine et Marne d\u00e9clar\u00e9 par<\/b>\u00a0l&rsquo;<a href=\"https:\/\/www.iledefrance.ars.sante.fr\/un-cas-de-variant-omicron-confirme-en-ile-de-france\" target=\"_blank\" rel=\"noopener\">Agence r\u00e9gionale de sant\u00e9 d&rsquo;Ile-de-France<\/a>.\u00a0<\/p>\n<div style=\"text-align:center\">\n<figure class=\"image\" style=\"display:inline-block\"><a class=\"fancy\" href=\"https:\/\/img-3.journaldesfemmes.fr\/rhAd_kObBw2IediyODBCWRdK1RE=\/1080x\/smart\/5ec3b923622e4471bd2a9771fab030f3\/ccmcms-jdf\/31130199.jpg\"><img decoding=\"async\" alt=\"carte omicron france \" src=\"https:\/\/img-3.journaldesfemmes.fr\/bzBs3w20Pg8KtSLqVZXvmchjq60=\/600x\/smart\/5ec3b923622e4471bd2a9771fab030f3\/ccmcms-jdf\/31130199.jpg\"\/><\/a><figcaption data-credit=\"Inserm\" data-legend=\"Carte montrant la pr\u00e9sence du code de s\u00e9quen\u00e7age D1 associ\u00e9 au variant Omicron en France-6 janvier 2022\">Carte montrant la pr\u00e9sence du code de s\u00e9quen\u00e7age D1 associ\u00e9 au variant Omicron en France-6 janvier 2022 <small>\u00a9\u00a0Inserm<\/small><\/figcaption><\/figure>\n<\/div>\n<blockquote>\n<p style=\"text-align: right;\">La charge virale diminuerait au bout de 6 jours.<\/p>\n<\/blockquote>\n<h2 id=\"quelle-est-la-contagion-domicron-\">Combien de jours est-on contagieux ?<\/h2>\n<p>C&rsquo;est incontestable aujourd&rsquo;hui : le variant Omicron se transmet beaucoup plus\u00a0que le virus originel de la Covid et ses variants pr\u00e9c\u00e9dents.\u00a0Selon des \u00e9tudes pr\u00e9liminaires rapport\u00e9es par<strong>\u00a0<\/strong><a href=\"https:\/\/www.santepubliquefrance.fr\/maladies-et-traumatismes\/maladies-et-infections-respiratoires\/infection-a-coronavirus\/documents\/bulletin-national\/covid-19-point-epidemiologique-du-16-decembre-2021\" target=\"_blank\" rel=\"noopener\">Sant\u00e9 Publique France<\/a>,<strong><em> \u00ab\u00a0Omicron est environ 3\u00a0fois plus transmissible que Delta\u00a0\u00bb<\/em><\/strong>.\u00a0\u00ab\u00a0<i><strong>Omicron\u00a0se r\u00e9plique extr\u00eamement rapidement dans les cultures primaires de cellules \u00e9pith\u00e9liales nasales<\/strong>, encore plus\u00a0que Delta, qui s&rsquo;est lui-m\u00eame r\u00e9pliqu\u00e9 plus rapidement que toutes les variantes pr\u00e9c\u00e9demment caract\u00e9ris\u00e9es\u00a0\u00bb <\/i>ont confirm\u00e9 des chercheurs anglais dans une <a href=\"https:\/\/twitter.com\/PeacockFlu\/status\/1477227925124616192\" target=\"_blank\" rel=\"noopener\">analyse publi\u00e9e fin d\u00e9cembre<\/a>.<i>\u00a0<\/i>Sa transmissibilit\u00e9\u00a0serait augment\u00e9e car il <strong>utilise une voie d&rsquo;entr\u00e9e<\/strong>\u00a0suppl\u00e9mentaire dans les cellules <i>: \u00ab\u00a0Omicron est capable d&rsquo;entrer efficacement dans les cellules d&rsquo;une mani\u00e8re ind\u00e9pendante de TMPRSS2 (voie classique, ndlr), via\u00a0la voie endosomale. Nous supposons que cela permet \u00e0 Omicron d&rsquo;infecter un plus grand nombre de cellules dans l&rsquo;\u00a0<br \/>\u00e9pith\u00e9lium respiratoire, ce qui lui permet d&rsquo;\u00eatre<strong> plus infectieux \u00e0 des doses d&rsquo;exposition plus faibles,<\/strong> et\u00a0transmissibilit\u00e9 intrins\u00e8que am\u00e9lior\u00e9e.\u00a0\u00bb<\/i> ont pr\u00e9cis\u00e9 les scientifiques. Par contre il\u00a0serait<strong><em> \u00ab\u00a0moins susceptible de se r\u00e9pliquer\u00a0dans les poumons\u00a0\u00bb <\/em><\/strong>r\u00e9duisant le risque de maladie grave. Concernant la dur\u00e9e de contagion, l&rsquo;<a href=\"https:\/\/www.niid.go.jp\/niid\/en\/2019-ncov-e\/10884-covid19-66-en.html\" target=\"_blank\" rel=\"noopener\">\u00e9tude de chercheurs japonais<\/a>\u00a0publi\u00e9e le 5 janvier sugg\u00e8re\u00a0qu&rsquo;il est <strong>peu probable que les cas vaccin\u00e9s d&rsquo;Omicron excr\u00e8tent le virus infectieux 10\u00a0jours apr\u00e8s leur diagnostic<\/strong> ou l&rsquo;apparition de leurs\u00a0sympt\u00f4mes.\u00a0La quantit\u00e9 d&rsquo;ARN viral (que l&rsquo;on peut assimiler \u00e0 la \u00ab\u00a0<strong>charge virale<\/strong>\u00ab\u00a0) \u00e9tait la plus \u00e9lev\u00e9e 3\u00a0\u00e0 6\u00a0jours apr\u00e8s le diagnostic ou <strong>3\u00a0\u00e0 6\u00a0jours apr\u00e8s l&rsquo;apparition des sympt\u00f4mes<\/strong>, puis a progressivement <strong>diminu\u00e9 au fil du temps<\/strong>.<\/p>\n<h2 id=\"quelle-est-la-duree-dincubation-domicron-\">Quelle est la dur\u00e9e d&rsquo;incubation d&rsquo;Omicron ?<\/h2>\n<p>Le variant Omicron a une p\u00e9riode d&rsquo;incubation<em><strong> \u00ab\u00a0plus rapide\u00a0\u00bb <\/strong>et \u00ab\u00a0<\/em><strong><em>se multiplie plus vite dans l&rsquo;organisme\u00a0\u00bb<\/em><\/strong>\u00a0confirmait\u00a0Gabriel Attal \u00e0 l&rsquo;issue du Conseil des ministres le 5 janvier pour justifier le<strong> raccourcissement de la dur\u00e9e d&rsquo;isolement des cas positifs<\/strong>\u00a0(7 jours au lieu de 10) et sa suppression pour les cas contacts vaccin\u00e9s.\u00a0<em><strong>\u00ab\u00a0On est devant un variant <\/strong><\/em><strong>(Omicron, ndlr) <\/strong><em><strong>qui a une dur\u00e9e<\/strong><\/em><strong> (d&rsquo;incubation, ndlr),<em> avant l&rsquo;apparition des sympt\u00f4mes, qui est pass\u00e9e de cinq \u00e0 trois jours\u00a0\u00bb<\/em>\u00a0<\/strong>a pr\u00e9cis\u00e9\u00a0le Pr Yazdan Yazdanpanah du Conseil scientifique sur BFM-TV le 2\u00a0janvier.\u00a0<\/p>\n<blockquote>\n<p>La dur\u00e9e moyenne des sympt\u00f4mes est de 4 jours.<\/p>\n<\/blockquote>\n<h2 id=\"quels-sont-les-symptomes-\">Quels sont les sympt\u00f4mes du variant Omicron\u00a0?<\/h2>\n<p>D\u00e8s les premi\u00e8res\u00a0observations, les\u00a0chercheurs sud-africains ont indiqu\u00e9 que la maladie li\u00e9e \u00e0 Omicron paraissait <strong>plus b\u00e9nigne<\/strong>. Le premier patient <em>\u00ab\u00a0avait<strong> un peu mal \u00e0 la t\u00eate, <\/strong>il n&rsquo;avait pas vraiment mal \u00e0 la gorge, pas de toux, pas de perte du go\u00fbt ou de l&rsquo;odorat\u00a0\u00bb <\/em>expliquait\u00a0le Dr Angelique Coetzee, pr\u00e9sidente de l&rsquo;Association m\u00e9dicale sud-africaine \u00e0 la <a href=\"https:\/\/www.bbc.com\/afrique\/monde-59461558\" target=\"_blank\" rel=\"noopener\">BBC<\/a>. Ses sympt\u00f4mes \u00e9taient <strong><em>\u00ab\u00a0tr\u00e8s tr\u00e8s l\u00e9gers\u00a0\u00bb. <\/em><\/strong>L&rsquo;\u00e9tude sud-africaine Discovery publi\u00e9e mi-d\u00e9cembre montrait\u00a0que les volontaires infect\u00e9s par Omicron pr\u00e9sentaient une gorge irrit\u00e9e, une congestion nasale, c&rsquo;est-\u00e0-dire\u00a0des<strong> signes de rhume<\/strong>. <strong>Omicron provoquait par ailleurs moins de d\u00e9tresse respiratoire <\/strong>que Delta ce que confirment aujourd&rsquo;hui les scientifiques. Sur BFM-TV le 10\u00a0janvier, le Pr Arnaud Fontanet a indiqu\u00e9 qu&rsquo;Omicron <strong><em>\u00ab\u00a0donne des formes cliniques moins s\u00e9v\u00e8res car il se multiplie plus dans voies a\u00e9riennes sup\u00e9rieures et moins dans les voies inf\u00e9rieures, donnant moins de pneumopathies <\/em><\/strong>(que Delta, ndlr)<strong><em>\u00ab\u00a0<\/em><\/strong>. Mais\u00a0<em>\u00ab\u00a0<strong>m\u00eame att\u00e9nu\u00e9\u00a0ce virus n&rsquo;a rien d&rsquo;anodin, il ne s&rsquo;agit absolument pas d&rsquo;une simple grippe. <\/strong>Un seul chiffre pour le d\u00e9montrer\u00a0: sur une ann\u00e9e normale, l&rsquo;\u00e9pid\u00e9mie de grippe provoque en moyenne <strong>10\u00a0000\u00a0hospitalisations sur toute la p\u00e9riode de l&rsquo;hiver<\/strong>, avec <strong>Omicron<\/strong> nous atteignons ce chiffre non pas en 3\u00a0mois mais en 5\u00a0jours seulement\u00a0\u00bb <\/em>a soulign\u00e9 Jean Castex le 20 d\u00e9cembre.<em> <\/em><\/p>\n<p>\u25ba Dans le <a href=\"https:\/\/www.santepubliquefrance.fr\/presse\/2022\/point-epidemiologique-covid-19-du-6-janvier-2021-tres-forte-progression-de-la-circulation-du-sars-cov-2-liee-a-la-diffusion-tres-rapide-du-varian\" target=\"_blank\" rel=\"noopener\">point \u00e9pid\u00e9miologique<\/a> du 7 janvier, Sant\u00e9 Publique France rapporte\u00a0les caract\u00e9ristiques des premiers cas d\u00e9tect\u00e9s d&rsquo;infection par Omicron en France (338) : la majorit\u00e9 \u00e9tait symptomatique (89%), mais de fa\u00e7on b\u00e9nigne, ce qui peut \u00eatre li\u00e9 \u00e0 l&rsquo;\u00e2ge des cas (m\u00e9diane de 32\u00a0ans) et \u00e0 la faible proportion d&rsquo;entre eux qui pr\u00e9sentaient des facteurs de risque.\u00a0L&rsquo;<strong>asth\u00e9nie (fatigue), la toux, la fi\u00e8vre, les c\u00e9phal\u00e9es, les myalgies, un mal de gorge ou un \u00e9coulement nasal \u00e9taient les sympt\u00f4mes les plus souvent signal\u00e9s<\/strong>.<\/p>\n<div style=\"text-align:center\">\n<figure class=\"image\" style=\"display:inline-block\"><a class=\"fancy\" href=\"https:\/\/img-3.journaldesfemmes.fr\/bhxxInoa1LNCt5CFpQI2qgCioQo=\/1080x\/smart\/42d45ce4f39548fd955fb7c7b7b5e75b\/ccmcms-jdf\/30954312.jpg\"><img decoding=\"async\" alt=\"Sympt\u00f4mes omicron\" src=\"https:\/\/img-3.journaldesfemmes.fr\/bhxxInoa1LNCt5CFpQI2qgCioQo=\/1080x\/smart\/42d45ce4f39548fd955fb7c7b7b5e75b\/ccmcms-jdf\/30954312.jpg\"\/><\/a><figcaption data-credit=\"Sant\u00e9 Publique France\" data-legend=\"Fr\u00e9quence des sympt\u00f4mes rapport\u00e9s par les cas d\u2019Omicron, France (donn\u00e9es au 04 janvier 2022)\">Fr\u00e9quence des sympt\u00f4mes rapport\u00e9s par les cas d\u2019Omicron, France (donn\u00e9es au 04 janvier 2022) <small>\u00a9\u00a0Sant\u00e9 Publique France<\/small><\/figcaption><\/figure>\n<\/div>\n<h2 id=\"quelle-est-la-duree-des-symptomes-\">Quelle est la dur\u00e9e des sympt\u00f4mes ?<\/h2>\n<p>La<strong> dur\u00e9e des signes variait de 1\u00a0\u00e0 30\u00a0jours <\/strong>(m\u00e9diane de 4\u00a0jours) selon les observations de cas en France par Sant\u00e9 Publique France, au 4 janvier.<\/p>\n<p>Afin de tenir compte de l&rsquo;\u00e9volution extr\u00eamement rapide de la diffusion du variant Omicron en France, les dur\u00e9es d&rsquo;isolement et de quarantaine des<strong> cas contacts Covid<\/strong> ont \u00e9volu\u00e9 le 3\u00a0janvier 2022, comme d\u00e9taill\u00e9 par le <a href=\"https:\/\/www.gouvernement.fr\/infection-ou-cas-contact-les-nouvelles-regles-d-isolement-face-au-covid-19-a-partir-du-3-janvier\" target=\"_blank\" rel=\"noopener\">gouvernement<\/a>\u00a0et actualis\u00e9es le 11 janvier par la <a href=\"https:\/\/solidarites-sante.gouv.fr\/IMG\/pdf\/reply_dgs_urgent_01_doctrines_isolement_et_40n.pdf\" target=\"_blank\" rel=\"noopener\">Direction g\u00e9n\u00e9rale de la Sant\u00e9.<\/a><\/p>\n<table border=\"1\" cellpadding=\"1\" cellspacing=\"1\" style=\"width:100%;\">\n<thead>\n<tr>\n<th scope=\"col\" style=\"text-align: center;\">Personnes avec sch\u00e9ma vaccinal complet (rappel r\u00e9alis\u00e9 conform\u00e9ment aux exigences du pass sanitaire) et enfants de moins de 12\u00a0ans* ind\u00e9pendamment de leur statut vaccinal, hors milieux scolaire et p\u00e9riscolaire<\/th>\n<th scope=\"col\" style=\"text-align: center;\">Personnes non vaccin\u00e9es ou avec un sch\u00e9ma vaccinal incomplet<\/th>\n<\/tr>\n<\/thead>\n<tbody>\n<tr>\n<td>\n<ul>\n<li>R\u00e9alisation d&rsquo;un test TAG ou RT-PCR imm\u00e9diat,<\/li>\n<li>Puis surveillance par autotests\u00a0\u00e0 J2\u00a0et J4\u00a0apr\u00e8s la date du test imm\u00e9diat.<\/li>\n<li>Pas de quarantaine,<\/li>\n<li>Application stricte des mesures barri\u00e8re dont le port du masque, limitation des contacts, en particulier avec les personnes \u00e0 risque de forme grave,<\/li>\n<li>T\u00e9l\u00e9travail si applicable<\/li>\n<\/ul>\n<\/td>\n<td>\n<ul>\n<li>Quarantaine d&rsquo;une dur\u00e9e de 7\u00a0jours apr\u00e8s la date du dernier contact avec le cas (7\u00a0jours pleins).<\/li>\n<li>Lev\u00e9e de la quarantaine avec un r\u00e9sultat de TAG ou RT-PCR n\u00e9gatif.<\/li>\n<\/ul>\n<\/td>\n<\/tr>\n<\/tbody>\n<\/table>\n<div class=\"ccminsert\">\n<aside class=\"app_widget_fo app_widget_fo--call\">\n<ul>\n<li>\n                <a href=\"https:\/\/sante.journaldesfemmes.fr\/fiches-maladies\/2692711-enfant-cas-contact-covid-definition-autotest-isolement-positif-vaccine-que-faire-protocole-ecole\/\" class=\"jGTMWidgetGAEventClick\" data-gtmwidgetgaeventaction=\"clickWidgetCall\" data-gtmwidgetgaeventlabel=\"Enfant cas contact Covid\u00a0: protocole, autotest, positif, que faire\u00a0?\"><\/p>\n<figure>\n                                                                        <picture><source media=\"(max-width: 480px)\" srcset=\"https:\/\/img-3.journaldesfemmes.fr\/ZVuTiySZbXKsZ42S-IW-u3sEjQY=\/160x105\/smart\/a77d4f0cadab49fea3ab125570528acb\/ccmcms-jdf\/30971727.jpg\" width=\"160\" height=\"105\"><img decoding=\"async\" src=\"https:\/\/img-3.journaldesfemmes.fr\/0_7x-YakCZUVX_NltioVxcCOcac=\/200x132\/smart\/a77d4f0cadab49fea3ab125570528acb\/ccmcms-jdf\/30971727.jpg\" alt=\"\" width=\"200\" height=\"132\" loading=\"lazy\"\/><br \/>\n                            <\/source><\/picture><figcaption>\n<h3>Enfant cas contact Covid\u00a0: protocole, autotest, positif, que faire\u00a0?<\/h3>\n<p>A l&rsquo;\u00e9cole ou via son entourage, l&rsquo;enfant peut \u00eatre expos\u00e9 \u00e0 la Covid-19\u00a0et \u00eatre \u00ab\u00a0cas contact\u00a0\u00bb. Fini le test PCR ou antig\u00e9nique s&rsquo;il est cas contact \u00e0 l&rsquo;\u00e9cole. D\u00e9sormais, 3\u00a0autotests sont autoris\u00e9s. Nouveau protocole, isolement, avant ou apr\u00e8s 12\u00a0ans, enfant cas contact de ses parents, autotest positif, n\u00e9gatif\u00a0: les r\u00e8gles.<\/p>\n<\/figcaption><\/figure>\n<p>                <\/a>\n            <\/li>\n<\/ul>\n<\/aside>\n<\/div>\n<h2 id=\"que-veut-dire-omicron-\">Que veut dire Omicron en grec ?<\/h2>\n<p>Comme Alpha, Beta, Delta, Gamma&#8230; Omicron est le nom d&rsquo;<strong>une lettre\u00a0de l&rsquo;alphabet grec (la 15e),<\/strong>\u00a0le syst\u00e8me de nomenclature \u00ab\u00a0<em>plus accessible \u00e0 un public non scientifique<\/em>\u00a0\u00bb et \u00ab\u00a0<em>non stigmatisant<\/em>\u00a0\u00bb mis en place pour baptiser les lign\u00e9es g\u00e9n\u00e9tiques du Sars-CoV-2, explique l&rsquo;<a href=\"https:\/\/www.who.int\/fr\/activities\/tracking-SARS-CoV-2-variants\" target=\"_blank\" rel=\"noopener\">OMS<\/a>. L&rsquo;alphabet grec compte 24 lettres.<strong> Les\u00a013e et 14e lettre\u00a0n&rsquo;ont pas \u00e9t\u00e9 attribu\u00e9es \u00e0 un variant<\/strong>, l&rsquo;OMS n&rsquo;ayant pas encore indiqu\u00e9 pour quelle raison.\u00a0<\/p>\n<table border=\"1\" cellpadding=\"1\" cellspacing=\"1\" style=\"width:100%;\">\n<thead>\n<tr>\n<th scope=\"col\" style=\"text-align: center; width: 193px;\">Num\u00e9ro des lettres<\/th>\n<th scope=\"col\" style=\"text-align: center; width: 801px;\">Nom des lettres dans l&rsquo;alphabet grec (en gras les noms utilis\u00e9s pour les variants du Covid)<\/th>\n<\/tr>\n<\/thead>\n<tbody>\n<tr>\n<td style=\"width: 193px;\">1<\/td>\n<td style=\"width: 801px;\"><strong>Alpha<\/strong><\/td>\n<\/tr>\n<tr>\n<td style=\"width: 193px;\">2<\/td>\n<td style=\"width: 801px;\"><strong>B\u00eata<\/strong><\/td>\n<\/tr>\n<tr>\n<td style=\"width: 193px;\">3<\/td>\n<td style=\"width: 801px;\"><strong>Gamma<\/strong><\/td>\n<\/tr>\n<tr>\n<td style=\"width: 193px;\">4<\/td>\n<td style=\"width: 801px;\"><strong>Delta<\/strong><\/td>\n<\/tr>\n<tr>\n<td style=\"width: 193px;\">5<\/td>\n<td style=\"width: 801px;\"><strong>Epsilon<\/strong><\/td>\n<\/tr>\n<tr>\n<td style=\"width: 193px;\">6<\/td>\n<td style=\"width: 801px;\"><strong>Z\u00eata<\/strong><\/td>\n<\/tr>\n<tr>\n<td style=\"width: 193px;\">7<\/td>\n<td style=\"width: 801px;\"><strong>Eta<\/strong><\/td>\n<\/tr>\n<tr>\n<td style=\"width: 193px;\">8<\/td>\n<td style=\"width: 801px;\"><strong>Th\u00eata<\/strong><\/td>\n<\/tr>\n<tr>\n<td style=\"width: 193px;\">9<\/td>\n<td style=\"width: 801px;\"><strong>Iota<\/strong><\/td>\n<\/tr>\n<tr>\n<td style=\"width: 193px;\">10<\/td>\n<td style=\"width: 801px;\"><strong>Kappa<\/strong><\/td>\n<\/tr>\n<tr>\n<td style=\"width: 193px;\">11<\/td>\n<td style=\"width: 801px;\"><strong>Lambda<\/strong><\/td>\n<\/tr>\n<tr>\n<td style=\"width: 193px;\">12<\/td>\n<td style=\"width: 801px;\"><strong>Mu<\/strong><\/td>\n<\/tr>\n<tr>\n<td style=\"width: 193px;\">13<\/td>\n<td style=\"width: 801px;\">Nu<\/td>\n<\/tr>\n<tr>\n<td style=\"width: 193px;\">14<\/td>\n<td style=\"width: 801px;\">KSI\/Xi<\/td>\n<\/tr>\n<tr>\n<td style=\"width: 193px;\">15<\/td>\n<td style=\"width: 801px;\"><strong>Omicron<\/strong><\/td>\n<\/tr>\n<\/tbody>\n<\/table>\n<h2 id=\"quels-sont-les-symptomes-\">Quelle est l&rsquo;efficacit\u00e9 des\u00a0vaccins ?<\/h2>\n<p>Des travaux se poursuivent\u00a0pour \u00e9tudier le potentiel d&rsquo;\u00e9chappement immunitaire du variant Omicron face au vaccin.<em> \u00ab\u00a0Sur la base de notre compr\u00e9hension des mutations dans cette lign\u00e9e, une<strong> \u00e9vasion partielle-immune est probable<\/strong>\u00a0\u00bb <\/em>ont indiqu\u00e9 d&#8217;embl\u00e9e\u00a0les\u00a0chercheurs sud-africains. La variante Omicron est la <strong>variante la plus divergente<\/strong> en terme de mutations depuis le d\u00e9but de la pand\u00e9mie.\u00a0Selon une <strong>\u00e9tude<\/strong> pr\u00e9publi\u00e9e le 16 d\u00e9cembre dans <a href=\"https:\/\/www.biorxiv.org\/content\/10.1101\/2021.12.14.472630v1\" target=\"_blank\" rel=\"noopener\">Biorxiv<\/a>\u00a0par des <strong>chercheurs de l&rsquo;<a href=\"https:\/\/www.pasteur.fr\/fr\/espace-presse\/documents-presse\/covid-19-omicron-resistant-plupart-anticorps-monoclonaux-neutralise-3e-dose\" target=\"_blank\" rel=\"noopener\">Institut Pasteur<\/a> <\/strong>et du Vaccine Research Institute, en collaboration avec la KU Leuven (Leuven, Belgique), le CHR d&rsquo;Orl\u00e9ans, l&rsquo;H\u00f4pital Europ\u00e9en Georges Pompidou (AP-HP), l&rsquo;Inserm et le <strong>CNRS<\/strong>,\u00a0 les <strong>anticorps pr\u00e9sents dans le sang de personnes ayant re\u00e7u deux doses du vaccin Pfizer <\/strong>ou du vaccin AstraZeneca ne sont plus capables de neutraliser Omicron<strong> 5 mois apr\u00e8s la vaccination<\/strong>. Invit\u00e9 sur BFM-TV le 10 janvier, le Pr Arnaud Fontanet a confirm\u00e9 qu&rsquo; <strong><em>\u00ab\u00a0\u00e0 6\u00a0mois de\u00a0deuxi\u00e8me dose, le vaccin prot\u00e8ge \u00e0 60% contre les hospitalisations Omicron\u00a0\u00bb. <\/em><\/strong>Et d&rsquo;ajouter : <em>\u00ab\u00a0La <strong>dose de rappel diminue\u00a0de 70% le risque d&rsquo;infection, de 90 \u00e0 95% le risque d&rsquo;\u00eatre hospitalis\u00e9 et on pense de 50% le risque de transmettre le virus <\/strong>mais on a beaucoup moins de chiffres pour cette donn\u00e9e.\u00a0\u00bb<\/em><em><strong>\u00a0<\/strong><\/em>Afin de contrer ce variant, <strong>l&rsquo;OMS envisage de modifier la composition du vaccin afin qu&rsquo;il devienne plus efficace<\/strong>.\u00a0Le patron du laboratoire <strong>Pfizer <\/strong>Albert Bourla a assur\u00e9 lundi 10 janvier qu&rsquo;une version du <strong>vaccin contre le\u00a0Covid-19\u00a0adapt\u00e9e au variant Omicron<\/strong> sera pr\u00eate\u00a0<strong>en mars<\/strong>\u00a0<strong>2022 <\/strong>:<em>\u00a0\u00ab\u00a0Je ne sais pas si on en aura besoin, je ne sais pas si, ni comment il sera utilis\u00e9, mais nous seront pr\u00eats. L&rsquo;usine a d\u00e9j\u00e0 commenc\u00e9 la production\u00a0\u00bb<\/em>, a-t-il d\u00e9clar\u00e9\u00a0sur la cha\u00eene am\u00e9ricaine CNBC.\u00a0Le\u00a030\u00a0novembre,\u00a0le PDG du laboratoire <strong>Moderna<\/strong>, St\u00e9phane Bancel,\u00a0interview\u00e9 dans le <a href=\"https:\/\/www.ft.com\/content\/27def1b9-b9c8-47a5-8e06-72e432e0838f\" target=\"_blank\" rel=\"noopener\">Financial Times<\/a>, soulignait que <em><strong>\u00ab\u00a0la plupart des experts pensaient qu&rsquo;une variante aussi hautement mut\u00e9e n&rsquo;\u00e9mergerait pas avant un an ou deux<\/strong><\/em>.\u00a0\u00bb<\/p>\n<h2 id=\"douvient-le-variant-omicron\">D&rsquo;o\u00f9\u00a0vient le variant Omicron\u00a0?<\/h2>\n<p>La variante Omicron a \u00e9t\u00e9 signal\u00e9e pour la premi\u00e8re fois \u00e0 l&rsquo;OMS par l&rsquo;Afrique du Sud le 24\u00a0novembre 2021.<em> <\/em>La premi\u00e8re infection confirm\u00e9e connue \u00e0 Omicron en Afrique du Sud provenait d&rsquo;un \u00e9chantillon pr\u00e9lev\u00e9 le 9\u00a0novembre 2021.\u00a0Le variant Omicron a \u00e9galement \u00e9t\u00e9 d\u00e9tect\u00e9 au <strong>Botswana <\/strong>dans des \u00e9chantillons collect\u00e9s le 11\u00a0novembre 2021.<\/p>\n<p>La strat\u00e9gie de criblage a \u00e9t\u00e9 adapt\u00e9e en France\u00a0pour pouvoir d\u00e9tecter des cas suspects d&rsquo;Omicron. Depuis juin 2021,<strong> \u00e9taient cibl\u00e9es les mutations E484K (A), E484Q (B) et L452R (C)<\/strong>. Mais <em>\u00ab\u00a0le<strong>\u00a0variant Omicron (B.1.1.529) ne pr\u00e9sente aucune des trois mutations suivies par le criblage <\/strong>(E484K, E484Q et L452)\u00a0\u00bb<\/em> explique Sant\u00e9 Publique France. Un suivi renforc\u00e9 des<strong> r\u00e9sultats de criblage A0B0C0<\/strong>\u00a0(ne portant ni E484K ni E484Q ni L452R) a d&rsquo;abord \u00e9t\u00e9 mis en place. Mais ce profil de mutation n&rsquo;\u00e9tant pas sp\u00e9cifique d&rsquo;Omicron, une<strong> nouvelle variable D a \u00e9t\u00e9 inclue <\/strong>dans la base de donn\u00e9es SI-DEP. Cette variable D combine plusieurs mutations port\u00e9es par Omicron. L&rsquo;indication<strong> D1\u00a0correspond \u00e0 l&rsquo;identification d&rsquo;une ou plusieurs de ces mutations<\/strong> et D0\u00a0\u00e0 la recherche et l&rsquo;absence d&rsquo;identification d&rsquo;une ou plusieurs de ces mutations.\u00a0Depuis le 20 d\u00e9cembre,\u00a0la mutation E484Q\u00a0n&rsquo;est plus recherch\u00e9e, et un suivi renforc\u00e9 des r\u00e9sultats A0C0\u00a0a \u00e9t\u00e9 mis en place.<\/p>\n<blockquote>\n<p>\u00ab\u00a0Delta menace nos r\u00e9animations par ses formes graves. Omicron menace nos lits de m\u00e9decine par ses formes symptomatiques nombreuses\u00a0\u00bb<\/p>\n<\/blockquote>\n<h2 id=\"de-quel-type-de-variant-sagit-il-\">Est-il moins dangereux ?<\/h2>\n<p>Jean Castex a confirm\u00e9 lors de la conf\u00e9rence de presse du 20 janvier que le variant Omicron est<strong><em> \u00ab\u00a0moins s\u00e9v\u00e8re que ses pr\u00e9d\u00e9cesseurs\u00a0\u00bb.<\/em><\/strong> Les donn\u00e9es sur la s\u00e9v\u00e9rit\u00e9 d&rsquo;Omicron sont relativement encourageantes, expliquait\u00a0l&rsquo;<a href=\"https:\/\/modelisation-covid19.pasteur.fr\/variant\/Institut_Pasteur_Impact_dOmicron_sur_lepidemie_francaise_20211227.pdf\" target=\"_blank\" rel=\"noopener\">Institut Pasteur<\/a>\u00a0le 27 d\u00e9cembre. Les donn\u00e9es Sud Africaines et \u00c9cossaises sugg\u00e8rent une<strong> r\u00e9duction de 70-80% du risque d&rsquo;hospitalisation<\/strong> pour Omicron par rapport \u00e0 Delta et les donn\u00e9es anglaises une<strong> r\u00e9duction de 50-70%. Cette moindre dangerosit\u00e9 viendrait du fait que le variant Omicron s&rsquo;attaque moins au\u00a0syst\u00e8me pulmonaire.<\/strong>\u00a0Omicron <strong><em>\u00ab\u00a0donne des formes cliniques moins s\u00e9v\u00e8res car il se multiplie plus dans voies a\u00e9riennes sup\u00e9rieures et moins dans les voies inf\u00e9rieures, donnant moins de pneumopathies <\/em><\/strong>(que Delta, ndlr)<strong><em>\u00a0\u00bb <\/em><\/strong>a confirm\u00e9<strong><em>\u00a0<\/em><\/strong>le Pr<strong> Arnaud Fontanet,<\/strong> membre du Conseil scientifique, sur BFM-TV lundi 10\u00a0janvier. <strong><em>\u00ab\u00a0Le variant Omicron envoie moins les patients en r\u00e9animation\u00a0\u00bb<\/em><\/strong>\u00a0a d\u00e9clar\u00e9 le ministre de la Sant\u00e9 Olivier V\u00e9ran ce m\u00eame jour. Il\u00a0<em>\u00ab\u00a0provoque des <strong>s\u00e9jours hospitaliers plus courts<\/strong> pour les nouveaux patients que pour ceux contamin\u00e9s par les variants pr\u00e9c\u00e9dents\u00a0\u00bb<\/em>.\u00a0 Selon lui, les personnes hospitalis\u00e9es vont avoir des <strong>besoins en oxyg\u00e8ne durant trois \u00e0 quatre jours <\/strong>avant de pouvoir sortir de l&rsquo;h\u00f4pital.\u00a0Invit\u00e9 de France Inter le 3 janvier, <a href=\"https:\/\/twitter.com\/olivierveran\/status\/1477910388536659971\" target=\"_blank\" rel=\"noopener\">Olivier V\u00e9ran<\/a>\u00a0r\u00e9sumait la situation en disant que<em>\u00a0\u00ab\u00a0Delta menace nos r\u00e9animations par ses formes graves. <strong>Omicron menace nos lits de m\u00e9decine <\/strong>par ses formes symptomatiques nombreuses\u00a0\u00bb<\/em>.<\/p>\n<div style=\"text-align:center\">\n<figure class=\"image\" style=\"display:inline-block\"><a class=\"fancy\" href=\"https:\/\/img-3.journaldesfemmes.fr\/n3UmOhkku_BVx659aiL84QFWcdw=\/1080x\/smart\/7a209c1a25744c34a6f3c3a2a7a90d3b\/ccmcms-jdf\/31130331.jpg\"><img decoding=\"async\" alt=\"Evolution de la part des variants Omicron et Delta chez les patients hospitalis\u00e9s \u00e0 l'AP-HP en soins critiques et en hospitalisation conventionnelle-1er d\u00e9cembre 2021 au 4 janvier 2022\" src=\"https:\/\/img-3.journaldesfemmes.fr\/BliHuKYXye_603pMr7s_75ypedQ=\/600x\/smart\/7a209c1a25744c34a6f3c3a2a7a90d3b\/ccmcms-jdf\/31130331.jpg\"\/><\/a><figcaption data-credit=\"AP-HP\" data-legend=\"Evolution de la part des variants Omicron et Delta chez les patients hospitalis\u00e9s \u00e0 l'AP-HP en soins critiques et en hospitalisation conventionnelle-1er d\u00e9cembre 2021 au 4 janvier 2022\">Evolution de la part des variants Omicron et Delta chez les patients hospitalis\u00e9s \u00e0 l&rsquo;AP-HP en soins critiques et en hospitalisation conventionnelle-1er d\u00e9cembre 2021 au 4 janvier 2022 <small>\u00a9\u00a0AP-HP<\/small><\/figcaption><\/figure>\n<\/div>\n<h2 id=\"quelles-differences-avec-le-variant-delta-\">Quelles diff\u00e9rences avec le variant Delta\u00a0?<\/h2>\n<p>Le variant Delta n&rsquo;est plus majoritaire en France depuis le 19 d\u00e9cembre. <em>\u00ab\u00a0Nous sommes dans une phase de transition entre deux variants, Delta et Omicron\u00a0\u00bb <\/em>a confirm\u00e9 Arnaud Fontanet le 10 janvier sur BFM-TV.\u00a0Le variant <strong>Delta est plus pr\u00e9sent d\u00e9sormais dans le sud <\/strong>de la France.\u00a0<em>\u00ab\u00a0Alors que la lign\u00e9e B.1.1.529\u00a0partage <strong>quelques mutations communes avec les variantes Delta<\/strong> mais aussi Beta et C.1.2, il a \u00e9galement un certain nombre de mutations suppl\u00e9mentaires. \u00c0 l&rsquo;heure actuelle, la lign\u00e9e B.1.1.529\u00a0est relativement distincte\u00a0des variantes C.1.2, Beta et Delta et a une voie \u00e9volutive diff\u00e9rente\u00a0\u00bb<\/em> ont expliqu\u00e9 les scientifiques sud-africains qui ont analys\u00e9 en premier le\u00a0nouveau variant Omicron.\u00a0Selon les donn\u00e9es sud-africaines et \u00e9cossaises rapport\u00e9es par l&rsquo;<a href=\"https:\/\/modelisation-covid19.pasteur.fr\/variant\/Institut_Pasteur_Impact_dOmicron_sur_lepidemie_francaise_20211227.pdf\" target=\"_blank\" rel=\"noopener\">Institut Pasteur<\/a>, <strong>Omicron est\u00a070% plus contagieux que Delta<\/strong>, mais\u00a0moins dangereux car <strong>le risque d&rsquo;\u00eatre hospitalis\u00e9 est 70-80% moindre<\/strong> par rapport \u00e0 une<strong>\u00a0<\/strong>personne est infect\u00e9e par Delta. Il s&rsquo;attaquerait moins aux poumons.\u00a0<strong>Concernant le risque de r\u00e9infection, <\/strong>\u00ab\u00a0<em>Omicron \u00e9tait associ\u00e9 \u00e0 un <strong>risque 5,4\u00a0fois plus \u00e9lev\u00e9 que Delta<\/strong>\u00ab\u00a0<\/em>\u00a0selon l&rsquo;\u00e9tude anglaise publi\u00e9e le 16 d\u00e9cembre par l&rsquo;Imperial Coll\u00e8ge de Londres.\u00a0Un nouveau variant combin\u00e9<strong> \u00ab\u00a0Delta-Omicron\u00a0\u00bb <\/strong>a \u00e9t\u00e9 rep\u00e9r\u00e9 il y a quelques jours par des scientifiques. <em>\u00ab\u00a0Probablement une erreur de contamination,<\/em> a estim\u00e9 le Pr Fontanet. <em>On va l&rsquo;\u00e9carter.\u00a0\u00bb <\/em><\/p>\n<blockquote>\n<p>\u00ab\u00a0Les anticorps monoclonaux disponibles actuellement sont pour la plupart inactifs\u00a0\u00bb<\/p>\n<\/blockquote>\n<h2 id=\"quels-traitements-\">Quels traitements ?<\/h2>\n<p>Les traitements d&rsquo;une infection par le variant Omicron ne diff\u00e8rent pas d&rsquo;une infection Covid classique. En revanche, les anticorps monoclonaux qui peuvent \u00eatre administr\u00e9s \u00e0 certains patients ne semblent pas efficaces contre Omicron. Selon les analyses de chercheurs de l&rsquo;<a href=\"https:\/\/www.pasteur.fr\/fr\/espace-presse\/documents-presse\/covid-19-omicron-resistant-plupart-anticorps-monoclonaux-neutralise-3e-dose\" target=\"_blank\" rel=\"noopener\">Institut Pasteur<\/a> publi\u00e9es en d\u00e9cembre sur\u00a0neuf <strong>anticorps monoclonaux<\/strong> utilis\u00e9s en clinique ou en phase de d\u00e9veloppement pr\u00e9clinique, <strong>six perdent totalement leur activit\u00e9 antivirale<\/strong>, et les trois autres sont de <strong>3\u00a0\u00e0 80\u00a0fois moins efficaces contre Omicron <\/strong>par rapport \u00e0 Delta. Les anticorps <strong>Bamlanivimab<\/strong>\/Etesevimab (combinaison d\u00e9velopp\u00e9e par Lilly), Casirivimab\/ Imdevimab (combinaison d\u00e9velopp\u00e9e par Roche et appel\u00e9e <strong>Ronapr\u00e8ve<\/strong>), Regdanvimab (d\u00e9velopp\u00e9 par Celtrion) perdent totalement leur effet antiviral contre Omicron. La combinaison Tixagevimab\/Cilgavimab (d\u00e9velopp\u00e9e par AstraZeneca sous le nom de <strong>Evusheld<\/strong>) est<strong> 80\u00a0fois moins efficace<\/strong> contre Omicron que contre Delta.\u00a0\u00ab\u00a0<em>Nous montrons que ce variant tr\u00e8s transmissible, a acquis une r\u00e9sistance marqu\u00e9e aux anticorps. Les anticorps monoclonaux th\u00e9rapeutiques anti-SARS-CoV-2\u00a0disponibles actuellement sont pour la plupart inactifs\u00a0\u00bb\u00a0<\/em>commente Olivier Schwartz, co-principal <a href=\"https:\/\/www.affinite.fr\/index.php\/2023\/08\/24\/lart-de-la-glace-transforme-en-business-la-vision-unique-de-fabien-gris\/\">auteur<\/a> de l&rsquo;\u00e9tude et directeur de l&rsquo;unit\u00e9 Virus et immunit\u00e9 \u00e0 l&rsquo;Institut Pasteur.<\/p>\n<p>Les r\u00e8gles de pr\u00e9vention face au nouveau variant Omicron sont identiques \u00e0 celles du Sars-Cov-2 originel :<\/p>\n<p>\u25ba <strong>La r\u00e9duction des contacts <\/strong>: \u00ab\u00a0<em><strong>Si nous diminuons tous de 20% nos contacts, on divise par deux le nombre d&rsquo;hospitalisations \u00e0 venir dans 15\u00a0jours\u00a0\u00bb<\/strong><\/em> a expliqu\u00e9 le Pr Fontanet sur BFM-TV le 10 janvier.<\/p>\n<p>\u25ba <strong>La vaccination : <\/strong>l&rsquo;OMS recommande\u00a0d&rsquo;acc\u00e9l\u00e9rer la couverture vaccinale contre le Covid le plus rapidement possible, en particulier parmi les populations\u00a0d\u00e9sign\u00e9s comme hautement prioritaires qui ne sont pas vaccin\u00e9s ou qui ne sont pas encore compl\u00e8tement vaccin\u00e9s.<\/p>\n<p>\u25ba<strong>Les gestes barri\u00e8res :<\/strong>\u00a0masques,\u00a0distanciation physique, ventilation de l&rsquo;espace int\u00e9rieur, \u00e9vitement des foules, hygi\u00e8ne des mains&#8230;<\/p>\n<p>\u25ba<strong>Le d\u00e9pistage et l&rsquo;isolement :\u00a0<\/strong>Utiliser tr\u00e8s largement les tests diagnostiques en cas de sympt\u00f4mes ou avant un \u00e9v\u00e8nement, y compris chez les personnes vaccin\u00e9es\u00a0: tests antig\u00e9niques ou autotests au plus proche de l&rsquo;\u00e9v\u00e8nement.<\/p>\n<p>\u25ba<strong> Les grands \u00e9v\u00e8nements pouvant conduire \u00e0 des clusters g\u00e9ants doivent \u00eatre \u00e9vit\u00e9s <\/strong>voire interdits provisoirement.<\/p>\n<p><u>Sources\u00a0:\u00a0<\/u><\/p>\n<p>Covid-19\u00a0: Premi\u00e8res estimations de la place des variants Delta et Omicron chez les patients hospitalis\u00e9s \u00e0 l&rsquo;AP-HP du 1er d\u00e9cembre 2021\u00a0au 4\u00a0janvier 2022. 10 janvier 2022. AP-HP.<\/p>\n<p>The SARS-CoV-2\u00a0variant, Omicron, shows rapid replication in human primary nasal epithelial cultures and efficiently uses the endosomal route of entry. Thomas P. Peacock1. Department of Infectious Disease, Imperial College London, UK, W2\u00a01PG<\/p>\n<p>Avis du Conseil scientifique COVID-19\u00a016\u00a0d\u00e9cembre 2021. 17 d\u00e9cembre 2021.<\/p>\n<p>Point sur le variant du SARS-CoV-2\u00a0Omicron (B.1.1.529). Sant\u00e9 Publique France. 26 novembre 2021<\/p>\n<p>Les autorit\u00e9s sanitaires fran\u00e7aises surveillent les cas possibles de personnes atteintes du variant Omicron sur le territoire fran\u00e7ais. Minist\u00e8re de la Sant\u00e9. 28\u00a0novembre 2021<\/p>\n<p>Enhancing Readiness for Omicron (B.1.1.529): Technical Brief and Priority Actions for Member States World Health Organization HQ 28\u00a0Novembre\u00a02021<\/p>\n<p>Un nouveau variant d\u00e9tect\u00e9 dans plusieurs pays d&rsquo;Afrique australe. Gouvernement.fr. 26\u00a0novembre 2021.<\/p>\n<p>Frequently asked questions about the B.1.1.529\u00a0mutated SARS-CoV-2\u00a0lineage in South Africa. National Institute for communicable diseases. 25\u00a0novembre 2021.<\/p>\n<p>Focused COVID-19\u00a0Media Monitoring Nepal. OMS. 26\u00a0novembre 2021.<\/p>\n<\/p><\/div>\n<p><script async src=\"http:\/\/platform.twitter.com\/widgets.js\" charset=\"utf-8\"><\/script><br \/>\n<br \/>[ad_2]<br \/>\n<br \/><a href=\"https:\/\/sante.journaldesfemmes.fr\/fiches-maladies\/2761129-nouveau-variant-omicron-covid-france-symptomes-delai-incubation-dangerosite-isolement-cas-contact\/\">Source link <\/a><\/p>\n","protected":false},"excerpt":{"rendered":"<p>[ad_1] NOUVEAU VARIANT. Le variant Omicron a touch\u00e9 plus de 5\u00a0millions de Fran\u00e7ais, a annonc\u00e9 Jean Castex le 20\u00a0janvier avant &hellip; <a href=\"https:\/\/www.affinite.fr\/index.php\/2022\/01\/20\/variant-omicron-covid-symptomes-frequents-delai-dincubation\/\" class=\"more-link\">Plus <span class=\"screen-reader-text\">Variant Omicron Covid\u00a0: sympt\u00f4mes fr\u00e9quents, d\u00e9lai d&rsquo;incubation<\/span> <span class=\"meta-nav\">&rarr;<\/span><\/a><\/p>\n","protected":false},"author":1,"featured_media":7369,"comment_status":"","ping_status":"open","sticky":false,"template":"","format":"standard","meta":{"_sitemap_exclude":false,"_sitemap_priority":"","_sitemap_frequency":"","footnotes":""},"categories":[1],"tags":[],"class_list":["post-7368","post","type-post","status-publish","format-standard","has-post-thumbnail","hentry","category-tous"],"_links":{"self":[{"href":"https:\/\/www.affinite.fr\/index.php\/wp-json\/wp\/v2\/posts\/7368"}],"collection":[{"href":"https:\/\/www.affinite.fr\/index.php\/wp-json\/wp\/v2\/posts"}],"about":[{"href":"https:\/\/www.affinite.fr\/index.php\/wp-json\/wp\/v2\/types\/post"}],"author":[{"embeddable":true,"href":"https:\/\/www.affinite.fr\/index.php\/wp-json\/wp\/v2\/users\/1"}],"replies":[{"embeddable":true,"href":"https:\/\/www.affinite.fr\/index.php\/wp-json\/wp\/v2\/comments?post=7368"}],"version-history":[{"count":0,"href":"https:\/\/www.affinite.fr\/index.php\/wp-json\/wp\/v2\/posts\/7368\/revisions"}],"wp:featuredmedia":[{"embeddable":true,"href":"https:\/\/www.affinite.fr\/index.php\/wp-json\/wp\/v2\/media\/7369"}],"wp:attachment":[{"href":"https:\/\/www.affinite.fr\/index.php\/wp-json\/wp\/v2\/media?parent=7368"}],"wp:term":[{"taxonomy":"category","embeddable":true,"href":"https:\/\/www.affinite.fr\/index.php\/wp-json\/wp\/v2\/categories?post=7368"},{"taxonomy":"post_tag","embeddable":true,"href":"https:\/\/www.affinite.fr\/index.php\/wp-json\/wp\/v2\/tags?post=7368"}],"curies":[{"name":"wp","href":"https:\/\/api.w.org\/{rel}","templated":true}]}}