{"id":7239,"date":"2021-12-19T19:17:58","date_gmt":"2021-12-19T19:17:58","guid":{"rendered":"https:\/\/www.affinite.fr\/index.php\/2021\/12\/19\/chiffres-pass-sanitaire-combien-de-morts\/"},"modified":"2021-12-19T19:17:58","modified_gmt":"2021-12-19T19:17:58","slug":"chiffres-pass-sanitaire-combien-de-morts","status":"publish","type":"post","link":"https:\/\/www.affinite.fr\/index.php\/2021\/12\/19\/chiffres-pass-sanitaire-combien-de-morts\/","title":{"rendered":"chiffres, pass sanitaire, combien de morts\u00a0?"},"content":{"rendered":"<p> [ad_1]<br \/>\n<\/p>\n<p>\n                CORONAVIRUS. 58\u00a0536\u00a0nouveaux cas de coronavirus ont \u00e9t\u00e9 confirm\u00e9s en France entre le 18\u00a0et le 19\u00a0d\u00e9cembre. La situation inqui\u00e8te \u00e0 cause du variant Omicron qui se propage \u00e0 une vitesse \u00ab\u00a0fulgurante\u00a0\u00bb. Pass vaccinal en janvier, pass sanitaire au travail, infos, courbe, carte et chiffres du jour.            <\/p>\n<div>\n<aside class=\"ccmsummary marqueur_module ccmcss_cms_summary ccmcss_cms_summary--right\">\n<p>Sommaire<\/p>\n<\/aside>\n<p><strong>[Mis\u00a0\u00e0 jour le 19<\/strong>\u00a0<strong>d\u00e9cembre 2021<\/strong>\u00a0<strong>\u00e0 20h05]<\/strong>\u00a0Cela fait presque deux ans que le Covid-19 est apparu. Le\u00a0<strong>31\u00a0d\u00e9cembre 2019,<\/strong> l&rsquo;Organisation mondiale de la Sant\u00e9 en Chine \u00e9tait inform\u00e9e de plusieurs cas de pneumonies dans la ville de Wuhan. Aujourd&rsquo;hui, en <strong>France<\/strong>, plus de<strong> 8,5 millions de cas de Covid ont \u00e9t\u00e9 confirm\u00e9s,<\/strong> plus de<strong> 58 000 nouveaux<\/strong>\u00a0<strong>cas <\/strong>ont \u00e9t\u00e9 confirm\u00e9s entre le 17 et le 18 d\u00e9cembre 2021<em>. <\/em><em>\u00ab\u00a0La cinqui\u00e8me vague Delta est l\u00e0 et bien l\u00e0 avec plus de 50\u00a0000\u00a0cas par jour\u00a0\u00bb<\/em> a confirm\u00e9 Jean Castex vendredi soir.\u00a0<strong><em>\u00ab\u00a0Le variant Omicron se diffuse \u00e0 une vitesse fulgurante\u00a0\u00bb,<\/em> plusieurs centaines de cas sont recens\u00e9s en France<\/strong> et il devrait devenir<strong> dominant au d\u00e9but de l&rsquo;ann\u00e9e 2022<\/strong>.\u00a0Le variant Omicron est signal\u00e9 \u00e0 date<strong> dans 89\u00a0pays.\u00a0<\/strong>Parmi les deux grandes annonces du Premier ministre vendredi : le<strong> raccourcissement du d\u00e9lai pour faire sa 3e dose <\/strong>de vaccin ramen\u00e9 \u00e0<strong> 4\u00a0mois<\/strong> contre 5\u00a0mois et un<strong> projet de loi<\/strong> concernant la mise en place d&rsquo;un<strong> pass vaccinal <\/strong>au lieu d&rsquo;un pass sanitaire pour pousser les <strong>6\u00a0millions de Fran\u00e7ais non vaccin\u00e9s<\/strong> \u00e0 le faire.\u00a0Invit\u00e9 de <a href=\"https:\/\/www.lci.fr\/sante\/en-direct-covid-19-pandemie-coronavirus-5e-vague-le-taux-d-incidence-en-france-au-plus-haut-depuis-le-debut-de-la-pandemie-selon-sante-publique-france-2196156.html\" target=\"_blank\" rel=\"noopener\">LCI<\/a>\u00a0dimanche 19 d\u00e9cembre, Gabriel Attal a indiqu\u00e9 que le gouvernement esp\u00e8re que le texte instaurant le pass vaccinal<strong> <em>\u00ab\u00a0soit promulgu\u00e9 d&rsquo;ici la fin du mois de janvier, <\/em><\/strong><em>et mis en application dans la foul\u00e9e\u00a0\u00bb<\/em>. La vaccination se poursuit avec 76% de Fran\u00e7ais compl\u00e8tement vaccin\u00e9s.<strong> 19 millions ont re\u00e7u leur dose de rappel.<\/strong>\u00a0<em>\u00ab\u00a0Nous vaccinons \u00e0 un rythme in\u00e9dit dans notre histoire (pr\u00e8s d&rsquo;1\u00a0million hier), l&rsquo;objectif des 20\u00a0millions de rappels \u00e0 No\u00ebl sera d\u00e9pass\u00e9, et nous allons acc\u00e9l\u00e9rer encore. En faisant appel aux secouristes, aux pompiers, aux militaires\u00a0\u00bb <\/em>a d\u00e9clar\u00e9 Olivier V\u00e9ran le 18 d\u00e9cembre sur <a href=\"https:\/\/twitter.com\/olivierveran\/status\/1472134490915057668\" target=\"_blank\" rel=\"noopener\">Twitter<\/a>.\u00a0Dans le monde, l&rsquo;<strong>\u00e9pid\u00e9mie prend de l&rsquo;ampleur au Royaume-Uni<\/strong> o\u00f9 plus de <strong>80 000 nouveaux cas de Covid<\/strong> ont \u00e9t\u00e9 recens\u00e9s entre le 18 et le 19\u00a0d\u00e9cembre, en <strong>Ecosse <\/strong>o\u00f9 le variant <strong>Omicron <\/strong>est responsable de <strong>51% des contaminations<\/strong>; en<strong> Irlande o\u00f9\u00a0 un couvre-feu<\/strong> est instaur\u00e9 dans les pubs et restaurants \u00e0 partir de dimanche ; au <strong>Danemark qui\u00a0ferment les\u00a0cin\u00e9mas, th\u00e9\u00e2tres,\u00a0salles de concert, <\/strong>parcs d&rsquo;attractions\u00a0et les <strong>mus\u00e9es <\/strong>; <strong>en\u00a0Allemagne<\/strong> o\u00f9\u00a0se pr\u00e9pare\u00a0une nouvelle<strong> \u00ab\u00a0vague massive\u00a0\u00bb li\u00e9e \u00e0 la diffusion<\/strong>\u00a0du variant Omicron\u00a0selon le ministre de la Sant\u00e9\u00a0; en <strong>Suisse o\u00f9\u00a0l&rsquo;acc\u00e8s des personnes non-vaccin\u00e9es<\/strong>\u00a0est limit\u00e9e dans certains lieux et o\u00f9 le retour\u00a0<strong>au t\u00e9l\u00e9travail est \u00e0 nouveau impos\u00e9&#8230;\u00a0<\/strong><\/p>\n<h2 id=\"actualites-du-covid\">Actualit\u00e9s du Covid<\/h2>\n<ul>\n<li><strong>Pass sanitaire au travail.\u00a0<\/strong>Olivier V\u00e9ran a \u00e9voqu\u00e9 l&rsquo;id\u00e9e dans un entretien \u00e0\u00a0<a href=\"https:\/\/www.franceinter.fr\/emissions\/l-invite-du-week-end\/l-invite-du-week-end-du-samedi-18-decembre-2021\" target=\"_blank\" title=\"\" rel=\"noopener\">France Inter<\/a>, samedi 18\u00a0d\u00e9cembre. Il juge utile de \u00ab\u00a0<em>se poser la question d&rsquo;un pass sanitaire pour aller travailler<\/em>\u00ab\u00a0.\u00a0\u00c9lisabeth Borne doit d\u00e9battre de cette possibilit\u00e9 lundi, \u00e0 11\u00a0heures, avec les partenaires sociaux. Aupr\u00e8s du JDD, la ministre du Travail a expliqu\u00e9\u00a0: <em>\u00ab\u00a0Rien n&rsquo;est tranch\u00e9 \u00e0 ce stade. [Il faut] prendre l&rsquo;avis des partenaires sociaux en amont de toute d\u00e9cision.\u00a0\u00bb<\/em>\u00a0Elle souligne qu'\u00a0\u00bbiI faudra \u00e9galement \u00e9voquer avec eux l&rsquo;ensemble des points que pourrait susciter sa mise en \u0153uvre op\u00e9rationnelle\u00a0\u00bb.<\/li>\n<li><strong>58 536 nouveaux cas <\/strong>de coronavirus ont \u00e9t\u00e9 confirm\u00e9s en France le 18 d\u00e9cembre selon les derniers chiffres de <a href=\"https:\/\/www.santepubliquefrance.fr\/dossiers\/coronavirus-covid-19\/coronavirus-chiffres-cles-et-evolution-de-la-covid-19-en-france-et-dans-le-monde\" target=\"_blank\" rel=\"noopener\">Sant\u00e9 Publique France.<\/a><\/li>\n<li>Au 18 d\u00e9cembre, la France compte<strong> 121 418 morts du Covid <\/strong>selon le <a href=\"https:\/\/dashboard.covid19.data.gouv.fr\/vue-d-ensemble?location=FRA\" target=\"_blank\" rel=\"noopener\">tableau de bord<\/a> des donn\u00e9es publi\u00e9 par le\u00a0gouvernement.<\/li>\n<li><strong>Livraisons de vaccins.<\/strong>\u00a0La Commission europ\u00e9enne a annonc\u00e9 un accord avec les groupes BioNtech et Pfizer pour livrer 20\u00a0millions de doses suppl\u00e9mentaires de leur vaccin anti-Covid aux Etats membres au premier semestre 2022.\u00a0<\/li>\n<li>Voisin de la France, le Royaume-Uni rapporte dimanche\u00a0plus de 12\u00a0000\u00a0autres cas confirm\u00e9s du <strong>variant Omicron <\/strong>du coronavirus. Ce qui porte le nombre total de <strong>cas <\/strong>confirm\u00e9s \u00e0 <strong>37\u00a0101<\/strong>.<\/li>\n<li>Face \u00e0 la diffusion du variant Omicron, Isra\u00ebl interdit \u00e0 ses habitants d&rsquo;aller dans plusieurs pays europ\u00e9ens dont la France. Sont aussi concern\u00e9s les d\u00e9placements vers la Grande-Bretagne, le Danemark,l&rsquo;Espagne, la Finlande, la France, l&rsquo;Irlande, la Norv\u00e8ge, la Su\u00e8de et les Emirats arabes unis.<\/li>\n<li><strong>Pas de report de la rentr\u00e9e scolaire, <\/strong>a annonc\u00e9 le ministre de l&rsquo;Education nationale Jean-Michel Blanquer sur BFM-TV<a href=\"https:\/\/www.leparisien.fr\/societe\/covid-19-reporter-la-rentree-scolaire-ce-nest-pas-lhypothese-privilegiee-repond-blanquer-19-12-2021-5MMAKWK55ZHDZFDS3L7Y7F2O7Y.php\" target=\"_blank\" rel=\"noopener\"> <\/a>dimanche.<em>\u00a0\u00ab\u00a0L&rsquo;\u00e9cole n&rsquo;est pas une variable d&rsquo;ajustement, c&rsquo;est la derni\u00e8re chose \u00e0 fermer\u00a0\u00bb, <\/em>a-t-il rappel\u00e9.\u00a0Le report de la rentr\u00e9e scolaire, <strong><em>\u00ab\u00a0n&rsquo;est pas une hypoth\u00e8se privil\u00e9gi\u00e9e\u00a0\u00bb.<\/em><\/strong><\/li>\n<li><strong>Omicron en Ile-de-France.\u00a0<\/strong>En se basant sur des donn\u00e9es de Sant\u00e9 publique France, le taux d&rsquo;Omicron pourrait atteindre environ <strong>20% <\/strong>dans la r\u00e9gion, a estime\u00a0Florence D\u00e9barre, <a href=\"https:\/\/twitter.com\/flodebarre\/status\/1472278036510912512\" target=\"_blank\" rel=\"noopener\">chercheuse au CNRS<\/a>. <em>\u00a0\u00bb En tant que chercheuse, assister \u00e0 un tel \u00e9chec dans la gestion d&rsquo;Omicron par la France, <strong>l&rsquo;absence d&rsquo;anticipation, de compr\u00e9hension des \u00e9chelles de temps<\/strong>, des implications, et la casse d&rsquo;outils de suivi avec les changements de criblage, provoque une profonde douleur \u00ab\u00a0,<\/em> lance-t-elle sur Twitter.<\/li>\n<\/ul>\n<p><span style=\"font-size: 1.25rem; font-weight: 700;\">Quelles sont les derni\u00e8res mesures prises par le\u00a0gouvernement ?<\/span><\/p>\n<p>Le Premier ministre <strong>Jean Castex <\/strong>s&rsquo;est exprim\u00e9 ce vendredi \u00e0 19h30\u00a0\u00e0 la suite du\u00a0Conseil de d\u00e9fense sanitaire \u00e0 une semaine du d\u00e9but des f\u00eates de fin d&rsquo;ann\u00e9e.\u00a0<em>\u00ab\u00a0La cinqui\u00e8me vague Delta est l\u00e0 et bien l\u00e0 avec plus de 50\u00a0000\u00a0cas par jour\u00a0\u00bb<\/em> a-t-il rappel\u00e9 au d\u00e9but de sa prise de parole, vendredi soir suite\u00a0au\u00a0Conseil de d\u00e9fense sanitaire. <strong><em>\u00ab\u00a0Le variant Omicron se diffuse \u00e0 une vitesse fulgurante\u00a0\u00bb,<\/em> plusieurs centaines de cas sont recens\u00e9s en France<\/strong> et il devrait devenir<strong> dominant au d\u00e9but de l&rsquo;ann\u00e9e 2022<\/strong>.\u00a0Parmi les <strong>deux grandes annonces inattendues\u00a0<\/strong>:<\/p>\n<ul>\n<li>le<strong> raccourcissement du d\u00e9lai pour faire sa 3e dose <\/strong>de vaccin ramen\u00e9 \u00e0<strong> 4\u00a0mois<\/strong> contre 5\u00a0mois<\/li>\n<li>un<strong> projet de loi<\/strong> concernant la mise en place d&rsquo;un<strong> pass vaccinal <\/strong>au lieu d&rsquo;un pass sanitaire pour pousser les 6\u00a0millions de Fran\u00e7ais non vaccin\u00e9s \u00e0 le faire.\u00a0<\/li>\n<li><strong>Pour les f\u00eates, <\/strong>le Premier ministre a appel\u00e9 les Fran\u00e7ais \u00e0 limiter le <strong>nombre de convives, <\/strong>pas de nombre maximum \u00e0 6 ou 8 personnes autour de la table mais <em>\u00ab\u00a0du bon sens\u00a0\u00bb\u00a0:<\/em>\u00a0<em>\u00ab\u00a0Moins on est nombreux, moins on prend de risque, \u00e9vitons les grandes f\u00eates, les grands rassemblements ou les grands d\u00eeners\u00a0\u00bb <\/em>a-t-il indiqu\u00e9<\/li>\n<li><strong>Nouvel An\u00a0: <\/strong><em>\u00ab\u00a0Pour les grands rassemblements en ext\u00e9rieur, les pr\u00e9fets pourront interdire ou limiter les rassemblements festifs, la consommation d&rsquo;alcool sur la voie publique\u00a0\u00bb, <\/em>les feux d&rsquo;artifice et les concerts seront annul\u00e9s par les municipalit\u00e9s.\n<\/li>\n<\/ul>\n<table align=\"right\" border=\"1\" cellpadding=\"1\" cellspacing=\"1\" style=\"width:50%;\">\n<thead>\n<tr>\n<th scope=\"row\">\n<p id=\"y-a-t-il-un-risque-deconfinementen-france\">La France a connu 3\u00a0confinements \u00e0 cause de l&rsquo;\u00e9pid\u00e9mie de Covid\u00a0:\u00a0<\/p>\n<ul>\n<li>du\u00a017\u00a0mars 2020\u00a0au\u00a011\u00a0mai 2020\u00a0(1\u00a0mois\u00a0et 23\u00a0jours)<\/li>\n<li>du\u00a030\u00a0octobre\u00a0au\u00a015\u00a0d\u00e9cembre 2020\u00a0(1\u00a0mois\u00a0et 14\u00a0jours)<\/li>\n<li>du\u00a03\u00a0avril\u00a0au\u00a03\u00a0mai 2021\u00a0(28\u00a0jours).<\/li>\n<\/ul>\n<\/th>\n<\/tr>\n<\/thead>\n<tbody>\n\t<\/tbody>\n<\/table>\n<p id=\"y-a-t-il-un-risque-deconfinementen-france\"><span style=\"font-size: 1.25rem; font-weight: 700;\">Comment \u00e9volue l&rsquo;\u00e9pid\u00e9mie de Covid en France ?<\/span><\/p>\n<p>Toutes les semaines, <a href=\"https:\/\/www.santepubliquefrance.fr\/presse\/2021\/point-epidemiologique-covid-19-du-16-decembre-2021-progression-de-la-circulation-du-sars-cov-2-pour-la-9eme-semaine-consecutive\" target=\"_blank\" rel=\"noopener\">Sant\u00e9 publique France publie un point \u00e9pid\u00e9miologique<\/a> d\u00e9crivant l&rsquo;\u00e9volution de l&rsquo;\u00e9pid\u00e9mie.\u00a0En moyenne, pr\u00e8s de 48\u00a0700\u00a0cas \u00e9taient diagnostiqu\u00e9s chaque jour. Le taux de reproduction effectif continuait \u00e0 baisser \u00e0 1,18, indiquant <strong>un l\u00e9ger ralentissement de la circulation virale.<\/strong> En semaine 49\u00a0(du 06\u00a0au 12\u00a0d\u00e9cembre 2021), la circulation du SARS-CoV-2\u00a0poursuit sa progression sur le territoire m\u00e9tropolitain. <strong>Le taux d&rsquo;incidence a d\u00e9pass\u00e9 ceux des pics \u00e9pid\u00e9miques des trois vagues pr\u00e9c\u00e9dentes<\/strong>, avec plus de <strong>500\u00a0cas pour 100\u00a0000\u00a0habitants<\/strong>. Si une tendance \u00e0 la stabilisation est observ\u00e9e chez les 60\u00a0ans et plus, ce taux continuait d&rsquo;augmenter chez les moins de 60\u00a0ans, a<strong>vec un niveau tr\u00e8s \u00e9lev\u00e9 chez les enfants de 6\u00a0\u00e0 10\u00a0ans<\/strong>. Les nouvelles hospitalisations et admissions en soins critiques \u00e9taient toujours en hausse et d\u00e9passaient le niveau de la vague pr\u00e9c\u00e9dente mais restaient inf\u00e9rieures \u00e0 celles des trois premi\u00e8res vagues.\u00a0 <strong>Le taux d&rsquo;incidence, \u00e0 515 cas pour 100\u00a0000\u00a0habitants, d\u00e9passe celui des pics des 3e et 4e vagues, comme en t\u00e9moigne la courbe ci-dessous.\u00a0<\/strong>\u00a0L&rsquo;impact diff\u00e9rent de cette 5e vague sur les admissions \u00e0 l&rsquo;h\u00f4pital et les d\u00e9c\u00e8s pourrait s&rsquo;expliquer par\u00a0:<\/p>\n<ul>\n<li>l&rsquo;efficacit\u00e9 du vaccin pour \u00e9viter les formes s\u00e9v\u00e8res qui reste tr\u00e8s importante<\/li>\n<li>une circulation du virus majoritairement chez les plus jeunes, qui pr\u00e9sentent un moindre risque d&rsquo;\u00eatre hospitalis\u00e9s<\/li>\n<li>le fait que les personnes plus \u00e2g\u00e9es respectent davantage les mesures barri\u00e8res et que la plupart d&rsquo;entre elles ont re\u00e7u leur dose de rappel, acqu\u00e9rant ainsi une meilleure protection contre l&rsquo;infection<\/li>\n<\/ul>\n<div style=\"text-align:center\">\n<figure class=\"image\" style=\"display:inline-block\"><a class=\"fancy\" href=\"https:\/\/img-3.journaldesfemmes.fr\/zkXyBqrx8vIe2W4AHgZyvmRKRf4=\/1080x\/smart\/c16400e3bf684f50b39dac7b4dc15e2b\/ccmcms-jdf\/30404929.jpg\" target=\"_blank\" rel=\"noopener\"><img decoding=\"async\" alt=\"taux incidence covid france\" src=\"https:\/\/img-3.journaldesfemmes.fr\/zkXyBqrx8vIe2W4AHgZyvmRKRf4=\/1080x\/smart\/c16400e3bf684f50b39dac7b4dc15e2b\/ccmcms-jdf\/30404929.jpg\"\/><\/a><figcaption data-credit=\"Sant\u00e9 Publique France\" data-legend=\"Taux du Covid en France\">Taux du Covid en France <small>\u00a9\u00a0Sant\u00e9 Publique France<\/small><\/figcaption><\/figure>\n<\/div>\n<h2 id=\"quels-sont-les-chiffres-du-covid-ce-jour-\">Quels sont les chiffres du Covid aujourd&rsquo;hui ?<\/h2>\n<p>Les chiffres de l&rsquo;\u00e9pid\u00e9mie de Covid-19\u00a0en\u00a0France sont publi\u00e9s quotidiennement par le\u00a0site <a href=\"http:\/\/www.gouvernement.fr\/info-coronavirus\/carte-et-donnees\" target=\"_blank\" rel=\"noopener\">Carte-et-donn\u00e9es<\/a>\u00a0et <a href=\"https:\/\/dashboard.covid19.data.gouv.fr\/vue-d-ensemble?location=FRA\" target=\"_blank\" rel=\"noopener\">Dashboard<\/a> du gouvernement et par <a href=\"https:\/\/www.santepubliquefrance.fr\/dossiers\/coronavirus-covid-19\/coronavirus-chiffres-cles-et-evolution-de-la-covid-19-en-france-et-dans-le-monde\" target=\"_blank\" rel=\"noopener\">Sant\u00e9 Publique France<\/a>. Les chiffres de la vaccination sont publi\u00e9s quotidiennement par le <a href=\"https:\/\/solidarites-sante.gouv.fr\/actualites\/presse\/communiques-de-presse\/\" target=\"_blank\" rel=\"noopener\">minist\u00e8re de la Sant\u00e9<\/a>.<\/p>\n<section>\n<table border=\"1\" cellpadding=\"1\" cellspacing=\"1\" style=\"width:100%;\">\n<thead>\n<tr>\n<th scope=\"col\" style=\"width: 205px; text-align: center;\">Nombre de cas de Covid (18 d\u00e9cembre)<\/th>\n<th scope=\"col\" style=\"width: 229px; text-align: center;\">Nombre de morts du Covid\u00a0<\/th>\n<th scope=\"col\" style=\"width: 219px; text-align: center;\">Nombre de personnes en soins critiques (16 d\u00e9cembre)<\/th>\n<th scope=\"col\" style=\"width: 125px; text-align: center;\">R0 (11 d\u00e9cembre)<\/th>\n<th scope=\"col\" style=\"width: 125px; text-align: center;\">Pourcentage de Fran\u00e7ais compl\u00e8tement vaccin\u00e9s (18 d\u00e9cembre)\u00a0<\/th>\n<\/tr>\n<\/thead>\n<tbody>\n<tr>\n<td style=\"width: 205px; text-align: center;\">8 577 376<\/td>\n<td style=\"width: 229px; text-align: center;\">121 418 (+85 en 24h)<\/td>\n<td style=\"width: 219px; text-align: center;\">2933<\/td>\n<td style=\"width: 125px; text-align: center;\">1.2\u00a0<\/td>\n<td style=\"width: 125px; text-align: center;\">76,3%<\/td>\n<\/tr>\n<\/tbody>\n<\/table>\n<h2 id=\"combien-de-cas-de-coronavirus-en-france\">Combien de cas de coronavirus en France\u00a0?<\/h2>\n<table border=\"1\" cellpadding=\"1\" cellspacing=\"1\" style=\"width:100%;\">\n<thead>\n<tr>\n<th scope=\"col\" style=\"width: 205px; text-align: center;\">Nombre de cas de Covid (18 d\u00e9cembre)<\/th>\n<th scope=\"col\" style=\"width: 229px; text-align: center;\">Evolution sur 24\u00a0heures<\/th>\n<th scope=\"col\" style=\"width: 244px; text-align: center;\">Nombre moyen de nouveaux cas confirm\u00e9s quotidiens (13 d\u00e9cembre)<\/th>\n<th scope=\"col\" style=\"width: 244px; text-align: center;\">Taux d&rsquo;incidence (15 d\u00e9cembre)<\/th>\n<th scope=\"col\" style=\"width: 197px; text-align: center;\">Evolution du taux d&rsquo;incidence sur 7\u00a0jours\u00a0<\/th>\n<\/tr>\n<tr>\n<td style=\"width: 205px; text-align: center;\">8\u00a0577\u00a0376<\/td>\n<td style=\"width: 229px; text-align: center;\"><strong>+58 536<\/strong><\/td>\n<td style=\"width: 244px; text-align: center;\">+49 330<\/td>\n<td style=\"width: 244px; text-align: center;\"><strong>526.02\u00a0<\/strong>\/100\u00a0000\u00a0habitants\u00a0<\/td>\n<td style=\"width: 197px; text-align: center;\">\n<p>+5,6<strong>%<\/strong><\/p>\n<\/td>\n<\/tr>\n<\/thead>\n<\/table>\n<h2 id=\"combien-de-nouveaux-cas-en-24-heures-\">Combien de nouveaux cas en 24\u00a0heures\u00a0?<\/h2>\n<p>Le samedi 18\u00a0d\u00e9cembre 2021, selon le <a href=\"https:\/\/dashboard.covid19.data.gouv.fr\/vue-d-ensemble?location=FRA\" target=\"_blank\" rel=\"noopener\">Tableau de bord du gouvernement<\/a>,\u00a0le nombre de nouveaux cas confirm\u00e9s de Covid est de <strong>58 536<\/strong><b>\u00a0<\/b>depuis la veille.\u00a0<\/p>\n<h2 id=\"quel-est-le-taux-dincidence-du-covid-en-france\">Quel est le taux d&rsquo;incidence du Covid en France\u00a0?<\/h2>\n<p>Le 15\u00a0d\u00e9cembre, selon les chiffres de Sant\u00e9 Publique France, le taux d&rsquo;incidence\u00a0est de <strong>526\u00a0cas pour 100\u00a0000\u00a0habitants, soit largement au-dessus du seuil d&rsquo;alerte<\/strong> qui est fix\u00e9 \u00e0 50. Il est\u00a0sup\u00e9rieur aux pics des 2e, 3e et 4e vagues \u00e0 cette p\u00e9riode.<em> \u00ab\u00a0Si une<strong> tendance \u00e0 la stabilisation <\/strong>est observ\u00e9e chez les <strong>60\u00a0ans et plus, <\/strong>ce taux continuait d&rsquo;<strong>augmenter chez les moins de 60\u00a0ans,<\/strong> avec un niveau tr\u00e8s \u00e9lev\u00e9 chez les enfants de 6\u00a0\u00e0 10\u00a0ans\u00a0\u00bb<\/em> note <a href=\"https:\/\/www.santepubliquefrance.fr\/maladies-et-traumatismes\/maladies-et-infections-respiratoires\/infection-a-coronavirus\/documents\/bulletin-national\/covid-19-point-epidemiologique-du-16-decembre-2021\" target=\"_blank\" rel=\"noopener\">Sant\u00e9 Publique France<\/a> le 16\u00a0d\u00e9cembre.<\/p>\n<div style=\"text-align:center\">\n<figure class=\"image\" style=\"display:inline-block\"><a class=\"fancy\" href=\"https:\/\/img-3.journaldesfemmes.fr\/zkXyBqrx8vIe2W4AHgZyvmRKRf4=\/1080x\/smart\/c16400e3bf684f50b39dac7b4dc15e2b\/ccmcms-jdf\/30404929.jpg\" target=\"_blank\" rel=\"noopener\"><img decoding=\"async\" alt=\"taux incidence covid france\" src=\"https:\/\/img-3.journaldesfemmes.fr\/zkXyBqrx8vIe2W4AHgZyvmRKRf4=\/1080x\/smart\/c16400e3bf684f50b39dac7b4dc15e2b\/ccmcms-jdf\/30404929.jpg\"\/><\/a><figcaption data-credit=\"Sant\u00e9 Publique France\" data-legend=\"Taux du Covid en France\">Taux du Covid en France <small>\u00a9\u00a0Sant\u00e9 Publique France<\/small><\/figcaption><\/figure>\n<\/div>\n<h2 id=\"combien-de-cas-covid-en-reanimation\">Combien de cas Covid en r\u00e9animation\u00a0?<\/h2>\n<table border=\"1\" cellpadding=\"1\" cellspacing=\"1\" style=\"width:100%;\">\n<thead>\n<tr>\n<th scope=\"col\" style=\"width: 205px; text-align: center;\">\u00a0<\/th>\n<th scope=\"col\" style=\"width: 205px; text-align: center;\">Nombre de patients Covid hospitalis\u00e9s\u00a0\u00a0<\/th>\n<th scope=\"col\" style=\"width: 229px; text-align: center;\">Evolution sur les 7\u00a0derniers jours\u00a0<\/th>\n<th scope=\"col\" style=\"width: 244px; text-align: center;\">Nombre de patients Covid en soins critiques<\/th>\n<th scope=\"col\" style=\"width: 244px; text-align: center;\">Evolution sur les 7\u00a0derniers jours\u00a0<\/th>\n<th scope=\"col\" style=\"width: 244px; text-align: center;\">Taux d&rsquo;occupation des lits en\u00a0en r\u00e9animation ou en soins intensifs\u00a0\u00a0<\/th>\n<\/tr>\n<tr>\n<td style=\"width: 205px; text-align: center;\"><strong>Au 18 d\u00e9cembre 2021<\/strong><\/td>\n<td style=\"width: 205px; text-align: center;\">15 370<\/td>\n<td style=\"width: 229px; text-align: center;\">\n<p>+10,9%<\/p>\n<\/td>\n<td style=\"width: 244px; text-align: center;\"><strong>2\u00a0933<\/strong><\/td>\n<td style=\"width: 244px; text-align: center;\">+15%<\/td>\n<td style=\"width: 244px; text-align: center;\">\n<p>57,9%\u00a0<\/p>\n<\/td>\n<\/tr>\n<\/thead>\n<\/table>\n<p><strong><u>Nombre de personnes actuellement hospitalis\u00e9es par r\u00e9gion au 18\u00a0d\u00e9cembre<\/u><u>\u00a02021\u00a0(source\u00a0: gouvernement.fr)<\/u><\/strong><\/p>\n<table align=\"center\" border=\"1\" cellpadding=\"1\" cellspacing=\"1\" style=\"width:100%;\">\n<thead>\n<tr>\n<th scope=\"col\" style=\"width: 260px;\">R\u00e9gion<\/th>\n<th scope=\"col\" style=\"width: 283px;\">Nombre de personnes actuellement hospitalis\u00e9es<\/th>\n<th scope=\"col\" style=\"width: 220px;\">Evolution en 7\u00a0jours<\/th>\n<\/tr>\n<\/thead>\n<tbody>\n<tr>\n<td style=\"width: 260px;\"><strong>Auvergne-Rh\u00f4ne-Alpes<\/strong><\/td>\n<td style=\"width: 283px;\">1\u00a0905<\/td>\n<td style=\"width: 220px;\">+13%<\/td>\n<\/tr>\n<tr>\n<td style=\"width: 260px;\"><strong>Hauts-de-France<\/strong><\/td>\n<td style=\"width: 283px;\">1\u00a0237<\/td>\n<td style=\"width: 220px;\">+9%<\/td>\n<\/tr>\n<tr>\n<td style=\"width: 260px;\"><strong>Provence-Alpes-C\u00f4te d&rsquo;Azur<\/strong><\/td>\n<td style=\"width: 283px;\">\n<p data-v-00399886=\"\">2014<\/p>\n<\/td>\n<td style=\"width: 220px;\">+17%<\/td>\n<\/tr>\n<tr>\n<td style=\"width: 260px;\"><strong>Grand Est<\/strong><\/td>\n<td style=\"width: 283px;\">1\u00a0392<\/td>\n<td style=\"width: 220px;\">+9,8%<\/td>\n<\/tr>\n<tr>\n<td style=\"width: 260px;\"><strong>Occitanie<\/strong><\/td>\n<td style=\"width: 283px;\">1\u00a0398<\/td>\n<td style=\"width: 220px;\">+14%<\/td>\n<\/tr>\n<tr>\n<td style=\"width: 260px;\"><strong><a href=\"https:\/\/www.affinite.fr\/index.php\/2024\/11\/21\/construire-votre-maison-en-normandie\/\">Normandie<\/a><\/strong><\/td>\n<td style=\"width: 283px;\">677<\/td>\n<td style=\"width: 220px;\">+12%<\/td>\n<\/tr>\n<tr>\n<td style=\"width: 260px;\"><strong>Nouvelle-Aquitaine<\/strong><\/td>\n<td style=\"width: 283px;\">1\u00a0053<\/td>\n<td style=\"width: 220px;\">+9%<\/td>\n<\/tr>\n<tr>\n<td style=\"width: 260px;\"><strong>Centre-Val de Loire<\/strong><\/td>\n<td style=\"width: 283px;\">505<\/td>\n<td style=\"width: 220px;\">+7,4%<\/td>\n<\/tr>\n<tr>\n<td style=\"width: 260px;\"><strong>Bourgogne-Franche-Comt\u00e9<\/strong><\/td>\n<td style=\"width: 283px;\">763<\/td>\n<td style=\"width: 220px;\">+20%<\/td>\n<\/tr>\n<tr>\n<td style=\"width: 260px;\"><strong>Bretagne<\/strong><\/td>\n<td style=\"width: 283px;\">456<\/td>\n<td style=\"width: 220px;\">+10%<\/td>\n<\/tr>\n<tr>\n<td style=\"width: 260px;\"><strong>Corse<\/strong><\/td>\n<td style=\"width: 283px;\">104<\/td>\n<td style=\"width: 220px;\">+14%<\/td>\n<\/tr>\n<tr>\n<td style=\"width: 260px;\"><strong>Pays de la Loire<\/strong><\/td>\n<td style=\"width: 283px;\">527<\/td>\n<td style=\"width: 220px;\">+1%\u00a0<\/td>\n<\/tr>\n<tr>\n<td style=\"width: 260px;\"><strong>\u00cele-de-France<\/strong><\/td>\n<td style=\"width: 283px;\">3007<\/td>\n<td style=\"width: 220px;\">+8%<\/td>\n<\/tr>\n<tr>\n<td style=\"width: 260px;\"><strong>Guadeloupe<\/strong><\/td>\n<td style=\"width: 283px;\">53<\/td>\n<td style=\"width: 220px;\">-1%<\/td>\n<\/tr>\n<tr>\n<td style=\"width: 260px;\"><strong>Martinique<\/strong><\/td>\n<td style=\"width: 283px;\">143<\/td>\n<td style=\"width: 220px;\">-18%<\/td>\n<\/tr>\n<tr>\n<td style=\"width: 260px;\"><strong>Guyane<\/strong><\/td>\n<td style=\"width: 283px;\">30<\/td>\n<td style=\"width: 220px;\">-3%<\/td>\n<\/tr>\n<tr>\n<td style=\"width: 260px;\"><strong>La R\u00e9union<\/strong><\/td>\n<td style=\"width: 283px;\">98<\/td>\n<td style=\"width: 220px;\">+4%<\/td>\n<\/tr>\n<tr>\n<td style=\"width: 260px;\"><strong>Mayotte<\/strong><\/td>\n<td style=\"width: 283px;\">8<\/td>\n<td style=\"width: 220px;\">\n<p>+166%<\/p>\n<\/td>\n<\/tr>\n<\/tbody>\n<\/table>\n<div style=\"text-align:center\">\n<figure class=\"image\" style=\"display:inline-block\"><a class=\"fancy\" href=\"https:\/\/img-3.journaldesfemmes.fr\/JgTkzNygKGzc1sfYZTEKOCTn2sA=\/1080x\/smart\/4425d744d58f4846b5cb594b51ea39b9\/ccmcms-jdf\/30404899.jpg\"><img decoding=\"async\" alt=\"Carte des hospitalisations par r\u00e9gion au 16 d\u00e9cembre 2021\" src=\"https:\/\/img-3.journaldesfemmes.fr\/SPKh4k8LLxS8yxBJygHkKeaPEto=\/600x\/smart\/4425d744d58f4846b5cb594b51ea39b9\/ccmcms-jdf\/30404899.jpg\"\/><\/a><figcaption data-credit=\"Dashboard du Gouvernement\" data-legend=\"Carte des hospitalisations par r\u00e9gion au 18 d\u00e9cembre 2021\">Carte des hospitalisations par r\u00e9gion au 18 d\u00e9cembre 2021 <small>\u00a9\u00a0Dashboard du Gouvernement<\/small><\/figcaption><\/figure>\n<\/div>\n<h2 id=\"quels-sont-les-chiffres-par-departement-\">Quels sont les chiffres par d\u00e9partement ?<\/h2>\n<p>La <a href=\"https:\/\/www.gouvernement.fr\/info-coronavirus\/carte-et-donnees\" target=\"_blank\" rel=\"noopener\">page Carte et Donn\u00e9es\u00a0du gouvernement<\/a> publie quotidiennement <strong>les chiffres de l&rsquo;\u00e9pid\u00e9mie par d\u00e9partement<\/strong> : les cas confirm\u00e9s, le taux d&rsquo;incidence, les nouvelles hospitalisations, les nouvelles entr\u00e9es en soins critiques, le nombre de personnes hospitalis\u00e9es ou en r\u00e9animation, le nombre de vaccin\u00e9s&#8230; <a href=\"https:\/\/www.education.gouv.fr\/covid19-mesures-pour-les-ecoles-colleges-et-lycees-modalites-pratiques-continuite-pedagogique-et-305467\" target=\"_blank\" rel=\"noopener\">Le minist\u00e8re de l&rsquo;Education nationale<\/a> publie \u00e9galement une carte des d\u00e9partements permettant de conna\u00eetre <strong>le protocole sanitaire applicable dans les \u00e9coles<\/strong>, coll\u00e8ges et lyc\u00e9es selon son d\u00e9partement.\u00a0Cette carte est mise \u00e0 jour chaque semaine,\u00a0en fonction de l&rsquo;\u00e9valuation de la circulation du virus.\u00a0Enfin, <a href=\"https:\/\/geodes.santepubliquefrance.fr\/#c=indicator&amp;i=sp_ti_tp_7j.tx_pe_gliss&amp;s=2021-10-29-2021-11-04&amp;t=a01&amp;view=map1\" target=\"_blank\" rel=\"noopener\">la plateforme G\u00e9odes de Sant\u00e9 publique France<\/a> met \u00e0 jour <strong>quotidiennement<\/strong> le taux d&rsquo;incidence par d\u00e9partement en France.\u00a0Le bleu le plus clair correspond aux taux d&rsquo;incidences les plus bas et le bleu fonc\u00e9 aux taux d&rsquo;incidence les plus \u00e9lev\u00e9s.\u00a0<\/p>\n<p><iframe loading=\"lazy\" height=\"600\" src=\"https:\/\/geodes.santepubliquefrance.fr\/?view=map2&amp;indics=sp_ti_tp_7j.tx_pe_gliss&amp;serie=2021-09-12-2021-09-18&amp;lang=fr&amp;iframe=1\" width=\"600\"><\/iframe><\/p>\n<h2 id=\"quel-est-le-taux-dincidence-du-covid-en-france\">Quel est le taux d&rsquo;incidence \u00e0 Paris ?<\/h2>\n<p>Le 15 d\u00e9cembre, selon les chiffres du gouvernement, le taux d&rsquo;incidence \u00e0 Paris est<strong> 762<\/strong>\u00a0<strong>cas<\/strong> pour 100 000 habitants, soit\u00a0<strong>en hausse de 15<\/strong><strong>%<\/strong> sur les 7 jours pr\u00e9c\u00e9dents.\u00a0<\/p>\n<div style=\"text-align:center\">\n<figure class=\"image\" style=\"display:inline-block\"><a class=\"fancy\" href=\"https:\/\/img-3.journaldesfemmes.fr\/yc-bFTCRppTLGy9QdweQulwl4kc=\/1080x\/smart\/e7e5a25310244bb880137ac0b9f8ae0c\/ccmcms-jdf\/30405008.jpg\"><img decoding=\"async\" alt=\"Courbe du taux d'incidence \u00e0 Paris au 12 d\u00e9cembre 2021\" src=\"https:\/\/img-3.journaldesfemmes.fr\/EAJdNSxaas-h2-5kvnfN9BJf6ck=\/600x\/smart\/e7e5a25310244bb880137ac0b9f8ae0c\/ccmcms-jdf\/30405008.jpg\"\/><\/a><figcaption data-credit=\"Gouvernement.fr\" data-legend=\"Courbe du taux d'incidence \u00e0 Paris au 15 d\u00e9cembre 2021\">Courbe du taux d&rsquo;incidence \u00e0 Paris au 15 d\u00e9cembre 2021 <small>\u00a9\u00a0Gouvernement.fr<\/small><\/figcaption><\/figure>\n<\/div>\n<h2 id=\"combien-de-cas-du-variant-omicron-en-france-\">Combien de cas du variant Omicron en France ?<\/h2>\n<p>De nombreux variants du SARS-CoV-2\u00a0circulent en France et de nouveaux variants porteurs de mutations sont r\u00e9guli\u00e8rement identifi\u00e9s. Parmi eux, le variant <strong>Omicron<\/strong> d\u00e9clar\u00e9 en Afrique du Sud\u00a0le<strong> 24\u00a0novembre 2021\u00a0et class\u00e9 comme \u00ab\u00a0pr\u00e9occupant\u00a0\u00bb<\/strong> par l&rsquo;OMS deux jours plus tard.\u00a0 <strong><em>\u00ab\u00a0Le variant Omicron se diffuse \u00e0 une vitesse fulgurante\u00a0\u00bb,<\/em> plusieurs centaines de cas sont recens\u00e9s en France<\/strong> et il devrait devenir<strong> dominant au d\u00e9but de l&rsquo;ann\u00e9e 2022, <\/strong>a inform\u00e9 Jean Castex le 17 d\u00e9cembre.<\/p>\n<h2 id=\"quel-est-le-taux-dincidence-en-ile-de-france-\">Que montrent les cartes de suivi de l&rsquo;\u00e9pid\u00e9mie ?<\/h2>\n<p>Les cartes permettent de\u00a0voir en un clin d&rsquo;\u0153il la situation \u00e9pid\u00e9mique par d\u00e9partement ou par commune, mais aussi la classification des pays o\u00f9 on peut <a href=\"https:\/\/www.affinite.fr\/index.php\/2023\/07\/29\/changer-de-vie-voyager-complement-de-retraite-devenez-vendeur-de-glace-a-litalienne\/\">voyager<\/a> ou pas, la couverture vaccinale, le protocole sanitaire \u00e0 l&rsquo;\u00e9cole, les zones o\u00f9 le port du masque redevient obligatoire&#8230;\u00a0<\/p>\n<h2 id=\"combien-de-francais-sont-vaccines-contre-le-covid\">Combien de Fran\u00e7ais sont vaccin\u00e9s contre le Covid\u00a0?<\/h2>\n<p>La vaccination contre le Covid-19\u00a0continue de se poursuivre en France avec les vaccins <strong>Pfizer-BioNTech,\u00a0Moderna,\u00a0AstraZeneca et Janssen<\/strong>. Au 19 d\u00e9cembre, d<strong>epuis le d\u00e9but de la campagne de rappel, 19\u00a0217\u00a0982\u00a0personnes ont re\u00e7u une dose de rappel<\/strong>.<br \/>En outre, depuis le d\u00e9but de la campagne de vaccination en France, 52\u00a0509\u00a0598\u00a0personnes ont re\u00e7u au moins une injection (soit 77,9% de la population totale) et 51\u00a0445\u00a0380\u00a0personnes ont d\u00e9sormais un sch\u00e9ma vaccinal complet (soit<strong> 76,3\u00a0% de la population totale<\/strong>).<\/p>\n<\/section>\n<h2 id=\"combien-de-morts-de-lacovid-19en-france\">Combien de morts du\u00a0Covid-19\u00a0en France\u00a0?<\/h2>\n<p><strong>121 418 d\u00e9c\u00e8s<\/strong> du Covid sont recens\u00e9s en France au 18\u00a0d\u00e9cembre 2021 dont <strong>94 404<\/strong>\u00a0\u00e0 l&rsquo;h\u00f4pital\u00a0(+85\u00a0au cours des 24\u00a0derni\u00e8res heures), selon le <a href=\"https:\/\/dashboard.covid19.data.gouv.fr\/vue-d-ensemble?location=FRA\" target=\"_blank\" rel=\"noopener\">Tableau de bord du gouvernement<\/a>. Ce chiffre ne comprend\u00a0pas les d\u00e9c\u00e8s \u00e0 domicile.<\/p>\n<\/p><\/div>\n<p><script async src=\"http:\/\/platform.twitter.com\/widgets.js\" charset=\"utf-8\"><\/script><br \/>\n<br \/>[ad_2]<br \/>\n<br \/><a href=\"https:\/\/sante.journaldesfemmes.fr\/fiches-maladies\/2605417-covid-19-france-coronavirus-nouveaux-cas-chiffres-courbe-omicron-mort-taux-incidence-pass-sanitaire\/\">Source link <\/a><\/p>\n","protected":false},"excerpt":{"rendered":"<p>[ad_1] CORONAVIRUS. 58\u00a0536\u00a0nouveaux cas de coronavirus ont \u00e9t\u00e9 confirm\u00e9s en France entre le 18\u00a0et le 19\u00a0d\u00e9cembre. La situation inqui\u00e8te \u00e0 &hellip; <a href=\"https:\/\/www.affinite.fr\/index.php\/2021\/12\/19\/chiffres-pass-sanitaire-combien-de-morts\/\" class=\"more-link\">Plus <span class=\"screen-reader-text\">chiffres, pass sanitaire, combien de morts\u00a0?<\/span> <span class=\"meta-nav\">&rarr;<\/span><\/a><\/p>\n","protected":false},"author":1,"featured_media":7240,"comment_status":"","ping_status":"open","sticky":false,"template":"","format":"standard","meta":{"_sitemap_exclude":false,"_sitemap_priority":"","_sitemap_frequency":"","footnotes":""},"categories":[1],"tags":[],"class_list":["post-7239","post","type-post","status-publish","format-standard","has-post-thumbnail","hentry","category-tous"],"_links":{"self":[{"href":"https:\/\/www.affinite.fr\/index.php\/wp-json\/wp\/v2\/posts\/7239"}],"collection":[{"href":"https:\/\/www.affinite.fr\/index.php\/wp-json\/wp\/v2\/posts"}],"about":[{"href":"https:\/\/www.affinite.fr\/index.php\/wp-json\/wp\/v2\/types\/post"}],"author":[{"embeddable":true,"href":"https:\/\/www.affinite.fr\/index.php\/wp-json\/wp\/v2\/users\/1"}],"replies":[{"embeddable":true,"href":"https:\/\/www.affinite.fr\/index.php\/wp-json\/wp\/v2\/comments?post=7239"}],"version-history":[{"count":0,"href":"https:\/\/www.affinite.fr\/index.php\/wp-json\/wp\/v2\/posts\/7239\/revisions"}],"wp:featuredmedia":[{"embeddable":true,"href":"https:\/\/www.affinite.fr\/index.php\/wp-json\/wp\/v2\/media\/7240"}],"wp:attachment":[{"href":"https:\/\/www.affinite.fr\/index.php\/wp-json\/wp\/v2\/media?parent=7239"}],"wp:term":[{"taxonomy":"category","embeddable":true,"href":"https:\/\/www.affinite.fr\/index.php\/wp-json\/wp\/v2\/categories?post=7239"},{"taxonomy":"post_tag","embeddable":true,"href":"https:\/\/www.affinite.fr\/index.php\/wp-json\/wp\/v2\/tags?post=7239"}],"curies":[{"name":"wp","href":"https:\/\/api.w.org\/{rel}","templated":true}]}}