{"id":7166,"date":"2021-12-06T06:05:08","date_gmt":"2021-12-06T06:05:08","guid":{"rendered":"https:\/\/www.affinite.fr\/index.php\/2021\/12\/06\/le-vent-de-la-plaine-quand-burt-lancaster-se-faisait-recadrer-par-lillian-gish-actus-cine\/"},"modified":"2021-12-06T06:05:08","modified_gmt":"2021-12-06T06:05:08","slug":"le-vent-de-la-plaine-quand-burt-lancaster-se-faisait-recadrer-par-lillian-gish-actus-cine","status":"publish","type":"post","link":"https:\/\/www.affinite.fr\/index.php\/2021\/12\/06\/le-vent-de-la-plaine-quand-burt-lancaster-se-faisait-recadrer-par-lillian-gish-actus-cine\/","title":{"rendered":"Le Vent de la plaine : quand Burt Lancaster se faisait recadrer par Lillian Gish &#8211; Actus Cin\u00e9"},"content":{"rendered":"<p> [ad_1]<br \/>\n<\/p>\n<p>Pour le western \u00ab\u00a0Le Vent de la plaine\u00a0\u00bb, Burt Lancaster et le r\u00e9alisateur John Huston ont cru devoir <a href=\"https:\/\/www.affinite.fr\/index.php\/2022\/11\/09\/formation-de-glacier-apprenez-le-metier-de-glacier-et-changez-votre-vie\/\">apprendre<\/a> \u00e0 tirer \u00e0 l&rsquo;actrice Lillian Gish&#8230; qui leur a donn\u00e9 une bonne le\u00e7on !<\/p>\n<div id=\"article-content\">\n<figure class=\"player player-auto-play js-player\" data-model=\"{&quot;context&quot;:&quot;newspage_news&quot;,&quot;launch&quot;:&quot;auto-play&quot;,&quot;followScroll&quot;:true,&quot;editorialContent&quot;:&quot;18704615-le_vent_de_la_plaine_quand_burt_lancaster_se_faisait_recadrer_par_lillian_gish&quot;,&quot;endScreen&quot;:true,&quot;disableAutoPause&quot;:true,&quot;player_position&quot;:&quot;playertop&quot;,&quot;videos&quot;:[{&quot;id&quot;:19415256,&quot;sources&quot;:{&quot;medium&quot;:&quot;\/\/fr.vid.web.acsta.net\/nmedia\/s3\/33\/18\/65\/82\/08\/19415256_sd_013.mp4&quot;},&quot;image&quot;:&quot;\/medias\/nmedia\/18\/65\/82\/08\/19415256_fa1_vo.jpg&quot;,&quot;title&quot;:&quot;Le Vent de la plaine Bande-annonce VO&quot;,&quot;trackingIdentifier&quot;:&quot;19415256-le_vent_de_la_plaine_bande_annonce_vo&quot;,&quot;embedUrl&quot;:&quot;ACraHRACr0cHM6Ly9wbGF5ZXIuYWxsb2NpbmUuZnIvMTk0MTUyNTYuaHRtbA==&quot;,&quot;id_type&quot;:31003,&quot;file_type&quot;:&quot;trailer&quot;,&quot;description&quot;:&quot;&lt;strong&gt;Le Vent de la plaine&lt;\/strong&gt; Bande-annonce VO&quot;,&quot;duration&quot;:267,&quot;view_count&quot;:10028,&quot;added_at&quot;:{&quot;date&quot;:&quot;2012-10-12 00:00:00.000000&quot;,&quot;timezone_type&quot;:3,&quot;timezone&quot;:&quot;Europe\/Paris&quot;},&quot;metas&quot;:{&quot;genre_main_movie&quot;:[{&quot;name&quot;:&quot;Western&quot;,&quot;id&quot;:&quot;13019&quot;},{&quot;name&quot;:&quot;Drame&quot;,&quot;id&quot;:&quot;13008&quot;},{&quot;name&quot;:&quot;Romance&quot;,&quot;id&quot;:&quot;13024&quot;}],&quot;id_main_movie&quot;:7659,&quot;image_main_movie&quot;:&quot;\/medias\/nmedia\/18\/65\/82\/08\/19249035.jpg&quot;,&quot;localized_file_type&quot;:&quot;trailer&quot;,&quot;main_movie_type&quot;:4002,&quot;name_main_movie&quot;:&quot;Le Vent de la plaine&quot;,&quot;nb_days_release_main_movie&quot;:-4310,&quot;release_date_main_movie&quot;:{&quot;date&quot;:&quot;2010-02-17 00:00:00.000000&quot;,&quot;timezone_type&quot;:3,&quot;timezone&quot;:&quot;Europe\/Paris&quot;},&quot;release_status_movie&quot;:&quot;Sortie en salle&quot;,&quot;trans_file_type&quot;:&quot;Bande-annonce&quot;},&quot;relatedEntityDistributor&quot;:&quot;Swashbuckler Films&quot;,&quot;relatedEntityDistributorId&quot;:6678,&quot;relatedEntityType&quot;:&quot;movie&quot;,&quot;relatedEntityTrackingIdentifier&quot;:&quot;7659-le_vent_de_la_plaine&quot;,&quot;relatedEntityTitle&quot;:&quot;Le Vent de la plaine&quot;,&quot;relatedEntityId&quot;:7659,&quot;genres&quot;:[{&quot;id&quot;:&quot;13019&quot;,&quot;name&quot;:&quot;Western&quot;},{&quot;id&quot;:&quot;13008&quot;,&quot;name&quot;:&quot;Drame&quot;},{&quot;id&quot;:&quot;13024&quot;,&quot;name&quot;:&quot;Romance&quot;}],&quot;relatedEntityUrl&quot;:&quot;ACraHRACr0cHM6Ly93d3cuYWxsb2NpbmUuZnIvZmlsbS9maWNoZWZpbG1fZ2VuX2NmaWxtPTc2NTkuaHRtbA==&quot;,&quot;mediaUrl&quot;:&quot;ACraHRACr0cHM6Ly93d3cuYWxsb2NpbmUuZnIvdmlkZW8vcGxheWVyX2dlbl9jbWVkaWE9MTk0MTUyNTYmY2ZpbG09NzY1OS5odG1s&quot;,&quot;entityStatus&quot;:&quot;on_tv&quot;}],&quot;disablePreroll&quot;:false,&quot;disablePostroll&quot;:false}\" data-thumb=\"https:\/\/fr.web.img6.acsta.net\/r_640_360\/medias\/nmedia\/18\/65\/82\/08\/19415256_fa1_vo.jpg\">\n<\/figure>\n<p><a title=\"Le Vent de la plaine (U.S.A.) - 1960 (Western,Drame,Romance)\" href=\"http:\/\/www.allocine.fr\/film\/fichefilm_gen_cfilm=7659.html\">Le Vent de la plaine<\/a> est un western dirig\u00e9 par\u00a0<a title=\"John Huston (U.S.A.) (R\u00e9alisateur,Acteur,Sc\u00e9nariste)\" href=\"http:\/\/www.allocine.fr\/personne\/fichepersonne_gen_cpersonne=351.html\">John Huston<\/a> et r\u00e9unissant l&rsquo;ancien acrobate et athl\u00e8te\u00a0<a title=\"Burt Lancaster (U.S.A.) (Acteur,Producteur,Coproducteur)\" href=\"http:\/\/www.allocine.fr\/personne\/fichepersonne_gen_cpersonne=823.html\">Burt Lancaster<\/a>, l&rsquo;h\u00e9ro\u00efne d&rsquo;<a title=\"Ariane (U.S.A.) - 1957 (Com\u00e9die dramatique,Romance)\" href=\"http:\/\/www.allocine.fr\/film\/fichefilm_gen_cfilm=6804.html\">Ariane<\/a>\u00a0<a title=\"Audrey Hepburn (Grande-Bretagne) (Acteur)\" href=\"http:\/\/www.allocine.fr\/personne\/fichepersonne_gen_cpersonne=760.html\">Audrey Hepburn<\/a> et le h\u00e9ros de la Seconde guerre mondiale devenu acteur\u00a0<a title=\"Audie Murphy (U.S.A.) (Acteur,Producteur,D'apr\u00e8s l'oeuvre de)\" href=\"http:\/\/www.allocine.fr\/personne\/fichepersonne_gen_cpersonne=15729.html\">Audie Murphy<\/a>. Nous sommes en 1960, et tous les trois sont d\u00e9j\u00e0 des stars.<\/p>\n<p>L&rsquo;histoire est celle d&rsquo;une famille de fermiers, les Zachary, install\u00e9e au Texas depuis deux g\u00e9n\u00e9rations. Le p\u00e8re a \u00e9t\u00e9 tu\u00e9 par les indiens Kiowas en d\u00e9fendant sa maison et un climat de haine contre les indiens s&rsquo;est depuis install\u00e9 entre les deux communaut\u00e9s. Un vagabond, Abe Kelsey, v\u00eatu d&rsquo;une vieille tenue militaire, harc\u00e8le les Zachary en les d\u00e9fiant&#8230;<\/p>\n<p>En amont du tournage, John Huston et Burt Lancaster d\u00e9cident d&rsquo;apprendre \u00e0 tirer au revolver \u00e0 <a title=\"Lillian Gish (U.S.A.) (Acteur)\" href=\"http:\/\/www.allocine.fr\/personne\/fichepersonne_gen_cpersonne=7694.html\">Lillian Gish<\/a>, actrice qui joue la m\u00e8re de la famille Zachary. Cette derni\u00e8re, 67 ans, se laisse emmener dans le d\u00e9sert pour effectuer l&rsquo;entra\u00eenement mais sur place, remet les deux hommes \u00e0 leurs places.<\/p>\n<div class=\"article-figure-holder\">\n<figure class=\"article-figure mceNonEditable\">\n<img loading=\"lazy\" decoding=\"async\" class=\"article-figure-img\" src=\"data:image\/gif;base64,R0lGODlhAgABAPAAAAAAAAAAACH5BAEAAAAAIf8LSW1hZ2VNYWdpY2sNZ2FtbWE9MC40NTQ1NQAsAAAAAAIAAQAAAgIECgA7\" data-src=\"https:\/\/fr.web.img6.acsta.net\/r_640_256\/newsv7\/21\/11\/24\/11\/19\/4317973.jpg\" width=\"640\" height=\"320\"\/><br \/>\n<span class=\"article-figcaption-copy\">M.G.M.<\/span><figcaption class=\"article-figcaption\">\nLillian Gish et Burt Lancaster<br \/>\n<\/figcaption><\/figure>\n<\/div>\n<p>Lillian Gish fait preuve d&rsquo;une maestria dans la ma\u00eetrise des armes \u00e0 feu, laissant bouches b\u00e9es Lancaster comme Huston. La com\u00e9dienne, qui a commenc\u00e9 jeune sur les planches puis \u00e0 19 ans au cin\u00e9ma dans <a title=\"L'Invisible ennemi (U.S.A.) - 1912 (Divers)\" href=\"http:\/\/www.allocine.fr\/film\/fichefilm_gen_cfilm=30302.html\">L&rsquo;Invisible ennemi<\/a>\u00a0(1912), leur raconte alors qu&rsquo;elle a appris \u00e0 tirer il y a bien longtemps en prenant des cours aupr\u00e8s d&rsquo;<a title=\"Al J. Jennings (U.S.A.)\" href=\"http:\/\/www.allocine.fr\/personne\/fichepersonne_gen_cpersonne=950416.html\">Al J. Jennings<\/a>.<\/p>\n<p>Ce dernier \u00e9tait un avocat devenu un authentique \u00ab\u00a0pistolero\u00a0\u00bb et \u00ab\u00a0desperado\u00a0\u00bb de l&rsquo;Ouest am\u00e9ricain puis, \u00e0 l&rsquo;arriv\u00e9e du cin\u00e9ma, s&rsquo;\u00e9tait reconverti en acteur et -comme du reste le vrai Frank James, fr\u00e8re de Jesse- en consultant sur les armes \u00e0 feu pour les westerns. Sacr\u00e9 parcours ! Jennings verra d&rsquo;ailleurs\u00a0son histoire\u00a0 adapt\u00e9e au cin\u00e9ma dans <a title=\"Al Jennings of Oklahoma (U.S.A.) - 1951 (Western)\" href=\"http:\/\/www.allocine.fr\/film\/fichefilm_gen_cfilm=298800.html\">Al Jennings of Oklahoma<\/a>\u00a0de <a title=\"Ray Nazarro (Ind\u00e9fini) (R\u00e9alisateur,Assistant r\u00e9alisateur,Producteur)\" href=\"http:\/\/www.allocine.fr\/personne\/fichepersonne_gen_cpersonne=186656.html\">Ray Nazarro<\/a>\u00a0en 1951.<\/p>\n<p>Lancaster et Huston, qui s&rsquo;attendaient \u00e0 donner une le\u00e7on de tir \u00e0 Lillian Gish, en ont plut\u00f4t re\u00e7u une.<\/p>\n<div class=\"article-figure-holder\">\n<figure class=\"article-figure mceNonEditable\">\n<img loading=\"lazy\" decoding=\"async\" class=\"article-figure-img\" src=\"data:image\/gif;base64,R0lGODlhAgABAPAAAAAAAAAAACH5BAEAAAAAIf8LSW1hZ2VNYWdpY2sNZ2FtbWE9MC40NTQ1NQAsAAAAAAIAAQAAAgIECgA7\" data-src=\"https:\/\/fr.web.img4.acsta.net\/r_640_256\/newsv7\/21\/11\/24\/11\/40\/5694923.jpg\" width=\"640\" height=\"320\"\/><br \/>\n<span class=\"article-figcaption-copy\">M.G.M.<\/span><figcaption class=\"article-figcaption\">\nAudrey Hepburn dans \u00ab\u00a0Le Vent de la plaine\u00a0\u00bb<br \/>\n<\/figcaption><\/figure>\n<\/div>\n<p><strong>L&rsquo;info en plus<\/strong><\/p>\n<p>Pour la petite histoire, le projet devait \u00eatre r\u00e9alis\u00e9 par <a title=\"Delbert Mann (U.S.A.) (R\u00e9alisateur,Producteur)\" href=\"http:\/\/www.allocine.fr\/personne\/fichepersonne_gen_cpersonne=54049.html\">Delbert Mann<\/a>\u00a0et \u00e9crit par <a title=\"J.P. Miller (U.S.A.) (Sc\u00e9nariste)\" href=\"http:\/\/www.allocine.fr\/personne\/fichepersonne_gen_cpersonne=267928.html\">J.P. Miller<\/a>, mais tous les deux voulaient un film sombre l\u00e0 o\u00f9 les producteurs -dont Lancaster- souhaitaient un film plus commercial. A l&rsquo;\u00e9poque, on parle de\u00a0<a title=\"Kirk Douglas (U.S.A.) (Acteur,Producteur,R\u00e9alisateur)\" href=\"http:\/\/www.allocine.fr\/personne\/fichepersonne_gen_cpersonne=2657.html\">Kirk Douglas<\/a> pour le r\u00f4le du fr\u00e8re de Lancaster puis, suite au d\u00e9part de Mann et Miller pour divergences cr\u00e9atives, les noms de\u00a0<a title=\"Tony Curtis (U.S.A.) (Acteur,Producteur d\u00e9l\u00e9gu\u00e9,Directeur artistique)\" href=\"http:\/\/www.allocine.fr\/personne\/fichepersonne_gen_cpersonne=926.html\">Tony Curtis<\/a> et\u00a0<a title=\"Richard Burton (Grande-Bretagne) (Acteur,Producteur,R\u00e9alisateur)\" href=\"http:\/\/www.allocine.fr\/personne\/fichepersonne_gen_cpersonne=1147.html\">Richard Burton<\/a> circulent.<\/p>\n<p>Le cosc\u00e9nariste\u00a0<span class=\"ACrL3BACrlcnNvbm5lL2ZpY2hlcGVyc29ubmVfZ2VuX2NwZXJzb25uZT0zNTEuaHRtbA==\" title=\"John Huston (U.S.A.) (R\u00e9alisateur,Acteur,Sc\u00e9nariste)\">John Huston<\/span> assure finalement la r\u00e9alisation, et c&rsquo;est Audie Murphy qui est finalement choisi pour le r\u00f4le de\u00a0Cash Zachary. L\u00e0 encore, des probl\u00e8mes appara\u00eetront entre le metteur en sc\u00e8ne (qui veut un film antiraciste) et la production qui souhaite un pur film d&rsquo;action. Qui a eu gain de cause dans le montage final ? A vous de trancher !<\/p>\n<p><strong>Les h\u00e9ro\u00efnes de western \u00e0 travers les \u00e9poques (cin\u00e9 et s\u00e9rie) :<\/strong><\/p>\n<figure class=\"slideshow-start-screen\">\n<img decoding=\"async\" class=\"slideshow-start-screen-img\" src=\"data:image\/gif;base64,R0lGODlhAQABAIAAAAAAAAAAACH5BAEAAAAALAAAAAABAAEAAAICRAEAOw==\" data-src=\"http:\/\/medialib.allocine.net\/c_320_320\/newsv7\/16\/01\/21\/16\/18\/4438240.jpg\" alt=\"\"\/><br \/>\n<a href=\"http:\/\/www.allocine.fr\/diaporamas\/cinema\/diaporama-18649926\/\" class=\"slideshow-start-screen-icon\"><\/p>\n<p>Voir le diaporama<\/p>\n<p><\/a><figcaption class=\"slideshow-start-caption\">\n<p>Diaporama<\/p>\n<p>Natalie Portman, Eva Green&#8230; Les visages du western au f\u00e9minin<\/p>\n<p>20 photos<\/p>\n<\/figcaption><\/figure>\n<\/div>\n<p>[ad_2]<br \/>\n<br \/><a href=\"http:\/\/www.allocine.fr\/article\/fichearticle_gen_carticle=18704615.html\">Source link <\/a><\/p>\n","protected":false},"excerpt":{"rendered":"<p>[ad_1] Pour le western \u00ab\u00a0Le Vent de la plaine\u00a0\u00bb, Burt Lancaster et le r\u00e9alisateur John Huston ont cru devoir apprendre &hellip; <a href=\"https:\/\/www.affinite.fr\/index.php\/2021\/12\/06\/le-vent-de-la-plaine-quand-burt-lancaster-se-faisait-recadrer-par-lillian-gish-actus-cine\/\" class=\"more-link\">Plus <span class=\"screen-reader-text\">Le Vent de la plaine : quand Burt Lancaster se faisait recadrer par Lillian Gish &#8211; Actus Cin\u00e9<\/span> <span class=\"meta-nav\">&rarr;<\/span><\/a><\/p>\n","protected":false},"author":1,"featured_media":7167,"comment_status":"open","ping_status":"open","sticky":false,"template":"","format":"standard","meta":{"_sitemap_exclude":false,"_sitemap_priority":"","_sitemap_frequency":"","footnotes":""},"categories":[1],"tags":[],"class_list":["post-7166","post","type-post","status-publish","format-standard","has-post-thumbnail","hentry","category-tous"],"_links":{"self":[{"href":"https:\/\/www.affinite.fr\/index.php\/wp-json\/wp\/v2\/posts\/7166"}],"collection":[{"href":"https:\/\/www.affinite.fr\/index.php\/wp-json\/wp\/v2\/posts"}],"about":[{"href":"https:\/\/www.affinite.fr\/index.php\/wp-json\/wp\/v2\/types\/post"}],"author":[{"embeddable":true,"href":"https:\/\/www.affinite.fr\/index.php\/wp-json\/wp\/v2\/users\/1"}],"replies":[{"embeddable":true,"href":"https:\/\/www.affinite.fr\/index.php\/wp-json\/wp\/v2\/comments?post=7166"}],"version-history":[{"count":0,"href":"https:\/\/www.affinite.fr\/index.php\/wp-json\/wp\/v2\/posts\/7166\/revisions"}],"wp:featuredmedia":[{"embeddable":true,"href":"https:\/\/www.affinite.fr\/index.php\/wp-json\/wp\/v2\/media\/7167"}],"wp:attachment":[{"href":"https:\/\/www.affinite.fr\/index.php\/wp-json\/wp\/v2\/media?parent=7166"}],"wp:term":[{"taxonomy":"category","embeddable":true,"href":"https:\/\/www.affinite.fr\/index.php\/wp-json\/wp\/v2\/categories?post=7166"},{"taxonomy":"post_tag","embeddable":true,"href":"https:\/\/www.affinite.fr\/index.php\/wp-json\/wp\/v2\/tags?post=7166"}],"curies":[{"name":"wp","href":"https:\/\/api.w.org\/{rel}","templated":true}]}}