{"id":7150,"date":"2021-12-02T18:45:21","date_gmt":"2021-12-02T18:45:21","guid":{"rendered":"https:\/\/www.affinite.fr\/index.php\/2021\/12\/02\/masque-et-aeration-contre-la-reprise\/"},"modified":"2021-12-02T18:45:21","modified_gmt":"2021-12-02T18:45:21","slug":"masque-et-aeration-contre-la-reprise","status":"publish","type":"post","link":"https:\/\/www.affinite.fr\/index.php\/2021\/12\/02\/masque-et-aeration-contre-la-reprise\/","title":{"rendered":"masque et a\u00e9ration contre la reprise\u00a0!"},"content":{"rendered":"<p> [ad_1]<br \/>\n<\/p>\n<p>\n                En entreprise, au restaurant, \u00e0 \u00e9cole&#8230; Les Fran\u00e7ais sont appel\u00e9s \u00e0 remettre leur masque et \u00e0 appliquer tous les autres gestes barri\u00e8res reconnus pour freiner la 5e vague du Covid qui touche la France. Rappel des essentiels \u00e0 respecter.            <\/p>\n<div>\n<aside class=\"ccmsummary marqueur_module ccmcss_cms_summary ccmcss_cms_summary--right\">\n<p>Sommaire<\/p>\n<\/aside>\n<p><strong>[Mise \u00e0 jour le 2 d\u00e9cembre\u00a02021 \u00e0 18h21] <\/strong>La vaccination ne suffit pas. Face \u00e0 la reprise de l&rsquo;\u00e9pid\u00e9mie en France pour une <strong>5e vague,<\/strong> le gouvernement appelle les Fran\u00e7ais \u00e0 <strong>reprendre les gestes barri\u00e8res<\/strong> un temps scrupuleusement respect\u00e9s mais aujourd&rsquo;hui\u00a0beaucoup trop d\u00e9laiss\u00e9s. Sur son <a href=\"https:\/\/www.gouvernement.fr\/info-coronavirus\/gestes-barrieres\" target=\"_blank\" rel=\"noopener\">site<\/a>, le gouvernement rappelle les mesures en vigueur :<\/p>\n<ul>\n<li>Le<strong> port du masque est obligatoire dans tous les \u00e9tablissements recevant du public et les lieux clos,<\/strong> y compris ceux soumis au <a href=\"https:\/\/sante.journaldesfemmes.fr\/fiches-maladies\/2700095-pass-sanitaire-3e-dose-obligatoire-date-duree-validite-ski-restaurant-mineur-desactivation-delai\/\" title=\"Passeport sanitaire\">pass sanitaire<\/a> ;<\/li>\n<li>Cette<strong> obligation de port du masque est \u00e9tendue dans tous les lieux publics ext\u00e9rieurs<\/strong> \u00e0 forte densit\u00e9 ou dans des zones d&rsquo;attroupement, sur d\u00e9cision du pr\u00e9fet.<\/li>\n<li>Il est imp\u00e9ratif de continuer scrupuleusement \u00e0 respecter les gestes barri\u00e8res\u00a0: port du <a href=\"https:\/\/sante.journaldesfemmes.fr\/fiches-maladies\/2609189-masque-covid-19-coronavirus-transparent-enfant-chirurgical-lavable-tissu-ffp2-achat-afnor-prix\/\" title=\"Masque anti-virus\">masque<\/a>,<strong> lavage des mains<\/strong>, a\u00e9ration r\u00e9guli\u00e8re, tousser ou \u00e9ternuer dans son coude, utiliser un mouchoir \u00e0 usage unique\u2026<\/li>\n<li><b>A\u00e9rer\u00a0fr\u00e9quemment <\/b>les\u00a0lieux clos. Il est recommand\u00e9 d&rsquo;a\u00e9rer chaque pi\u00e8ce\u00a0<strong>10\u00a0minutes toutes les heures<\/strong>.<\/li>\n<\/ul>\n<p><strong>Eviter la bise, porter son masque sur le nez et sur la bouche, se laver les mains, a\u00e9rer..\u00a0<\/strong><em>\u00ab\u00a0Quand nous entrons dans une <strong>p\u00e9riode tr\u00e8s propice \u00e0 la circulation du virus,<\/strong> comme aujourd&rsquo;hui, il est vraiment fondamental qu&rsquo;on fasse tous ce geste citoyen suppl\u00e9mentaire\u00a0:\u00a0porter le masque, <strong>garder ses distances,<\/strong> se laver les mains ou se faire tester au moindre doute\u00a0\u00bb <\/em>a rappel\u00e9 Olivier V\u00e9ran dans une interview pour le quotidien <a href=\"https:\/\/www.20minutes.fr\/sante\/3173215-20211116-coronavirus-evitons-hopitaux-grosse-epidemie-grippe-plus-5e-vague-appelle-olivier-veran\" target=\"_blank\" rel=\"noopener\">20minutes<\/a> le 16 novembre 2021. sont autant de r\u00e9flexes \u00e0 reprendre au quotidien pour \u00e9viter de propager le variant Delta beaucoup plus contagieux que la source original du Sars-Cov-2 de 2020. Rappel des essentiels.<\/p>\n<div class=\"ccminsert\">\n<aside class=\"app_widget_fo app_widget_fo--call\">\n<ul>\n<li>\n                <a href=\"https:\/\/sante.journaldesfemmes.fr\/fiches-maladies\/2623965-test-covid-duree-validite-payant-gratuit-france-coronavirus-prix-pcr-antigenique-positif-resultat\/\" class=\"jGTMWidgetGAEventClick\" data-gtmwidgetgaeventaction=\"clickWidgetCall\" data-gtmwidgetgaeventlabel=\"Tests Covid\u00a0: antig\u00e9nique, PCR, r\u00e9sultat, payants pour qui\u00a0?\"><\/p>\n<figure>\n                                                                        <picture><source media=\"(max-width: 480px)\" srcset=\"https:\/\/img-3.journaldesfemmes.fr\/FgmZ4i-pGnVP7wGoNPYE1DvCn2E=\/160x105\/smart\/6344eb88fc0c45c08829f70c2f994d91\/ccmcms-jdf\/29867776.jpg\" width=\"160\" height=\"105\"><img decoding=\"async\" src=\"https:\/\/img-3.journaldesfemmes.fr\/K-0KzUiTvgpUE4wYRIiYuBEeEK0=\/200x132\/smart\/6344eb88fc0c45c08829f70c2f994d91\/ccmcms-jdf\/29867776.jpg\" alt=\"\" width=\"200\" height=\"132\" loading=\"lazy\"\/><br \/>\n                            <\/source><\/picture><figcaption>\n<h3>Tests Covid\u00a0: antig\u00e9nique, PCR, r\u00e9sultat, payants pour qui\u00a0?<\/h3>\n<p>Tests privil\u00e9gi\u00e9s pour d\u00e9pister le Covid, les PCR et antig\u00e9niques ne sont valides que 24\u00a0heures d\u00e9sormais pour le pass sanitaire. M\u00eame chose pour les autotests. Prix, pour les vaccin\u00e9s, enfants, au laboratoire, en pharmacie, r\u00e9sultat, test positif, salivaire&#8230; Guide pratique.<\/p>\n<\/figcaption><\/figure>\n<p>                <\/a>\n            <\/li>\n<\/ul>\n<\/aside>\n<\/div>\n<h2 id=\"quels-sont-les-gestes-barrieres-en-vigueur-\">Quels sont les gestes barri\u00e8res en vigueur ?<\/h2>\n<p>Avec la confirmation d&rsquo;une 5e vague de Covid, les Fran\u00e7ais sont appel\u00e9s \u00e0 respecter \u00e0 nouveau les gestes barri\u00e8res. Pour rappel, ceux en vigueur sont :<\/p>\n<ul>\n<li><strong>A\u00e9ration<\/strong> des pi\u00e8ces le plus souvent possible, au moins deux fois par jour une<strong> dizaine de minutes.<\/strong><\/li>\n<li>Distance d&rsquo;au moins 2 m\u00e8tres avec les autres si on ne porte pas de masque<\/li>\n<li>Le<strong> port du masque est obligatoire dans tous les \u00e9tablissements recevant du public et les lieux clos,<\/strong> y compris ceux soumis au <a href=\"https:\/\/sante.journaldesfemmes.fr\/fiches-maladies\/2700095-pass-sanitaire-3e-dose-obligatoire-date-duree-validite-ski-restaurant-mineur-desactivation-delai\/\" title=\"Passeport sanitaire\">pass sanitaire<\/a> ;<\/li>\n<li>Cette<strong> obligation de port du masque est \u00e9tendue dans tous les lieux publics ext\u00e9rieurs<\/strong> \u00e0 forte densit\u00e9 ou dans des zones d&rsquo;attroupement, sur d\u00e9cision du pr\u00e9fet.<\/li>\n<li>Limiter les contacts sociaux<\/li>\n<li>Tousser ou \u00e9ternuer dans son coude<\/li>\n<li>Se moucher dans un mouchoir \u00e0 usage unique<\/li>\n<li>Se laver r\u00e9guli\u00e8rement les mains ou utiliser du gel hydro-alcoolique<\/li>\n<li>Se saluer sans serrer la main et \u00e9viter les embrassades<\/li>\n<li>Eviter de se toucher le visage<\/li>\n<\/ul>\n<h2 id=\"que-disent-les-affiches-\">Que disent les affiches ?<\/h2>\n<p>Le minist\u00e8re de la Sant\u00e9 actualise r\u00e9guli\u00e8rement les affiches\u00a0pr\u00e9sentant les gestes barri\u00e8res de protection \u00e0 la Covid-19 en France. La derni\u00e8re ci-dessous date d&rsquo;ao\u00fbt 2021. Dans les commerces, les \u00e9coles, sur le lieu de travail&#8230; Toutes les affiches rappelant les gestes sp\u00e9cifiques aux lieux sont\u00a0<a href=\"https:\/\/www.gouvernement.fr\/info-coronavirus\/ressources-a-partager#sub-section-sb1424\" target=\"_blank\" rel=\"noopener\">t\u00e9l\u00e9chargeables sur le site de Sant\u00e9 Publique France<\/a>. Elles confirment\u00a0les <strong>mesures diffus\u00e9es par <a href=\"https:\/\/www.who.int\/fr\/emergencies\/diseases\/novel-coronavirus-2019\/advice-for-public\" target=\"_blank\" rel=\"noopener\">l&rsquo;OMS<\/a>.\u00a0<\/strong><\/p>\n<div style=\"text-align:center\">\n<figure class=\"image\" style=\"display:inline-block\"><a class=\"fancy\" href=\"https:\/\/img-3.journaldesfemmes.fr\/K0uvWM2bN2D8zdZ4j6QYrmgqBXQ=\/1080x\/smart\/b104130b506040b798576a6c1d282e4c\/ccmcms-jdf\/29715562.jpg\"><img decoding=\"async\" alt=\"GESTES BARRIERES COVID\" src=\"https:\/\/img-3.journaldesfemmes.fr\/6O9NGpGeBT6vnzgBFnhGTA2n1yo=\/600x\/smart\/b104130b506040b798576a6c1d282e4c\/ccmcms-jdf\/29715562.jpg\"\/><\/a><figcaption data-credit=\"Minist\u00e8re de la Sant\u00e9\" data-legend=\"Affiche des gestes barri\u00e8res actualis\u00e9e en ao\u00fbt 2021.\">Affiche des gestes barri\u00e8res actualis\u00e9e en ao\u00fbt 2021. <small>\u00a9\u00a0Minist\u00e8re de la Sant\u00e9<\/small><\/figcaption><\/figure>\n<\/div>\n<h2 id=\"quelles-regles-pour-le-masque-\">Quelles r\u00e8gles pour le masque ?<\/h2>\n<p>En population g\u00e9n\u00e9rale, le port du masque, y compris par les personnes asymptomatiques,<strong> r\u00e9duit fortement la transmission du SARS-CoV-2<\/strong>, en association avec les autres mesures barri\u00e8res.<strong>\u00a0<\/strong>Le masque ne remplace pas les autres gestes barri\u00e8res. Il ajoute une barri\u00e8re physique lorsque vous \u00eates en contact avec d&rsquo;autres personnes. Il doit \u00eatre <strong>port\u00e9 sur le nez et la bouche<\/strong> pour \u00eatre r\u00e9ellement efficace.\u00a0Le masque port\u00e9 en population g\u00e9n\u00e9rale doit r\u00e9pondre \u00e0 une norme de filtration \u00e9lev\u00e9e c&rsquo;est-\u00e0-dire soit un <strong>masque en tissu de cat\u00e9gorie 1\u00a0<\/strong>(AFNOR), soit un <strong>masque\u00a0chirurgical.\u00a0Le<strong> port du masque est obligatoire dans tous les \u00e9tablissements recevant du public et les lieux clos,<\/strong> y compris ceux soumis au pass sanitaire.\u00a0Cette<strong> obligation de port du masque est \u00e9tendue dans tous les lieux publics ext\u00e9rieurs<\/strong> \u00e0 forte densit\u00e9 ou dans des zones d&rsquo;attroupement, sur d\u00e9cision du pr\u00e9fet.<\/strong><\/p>\n<div class=\"ccminsert\">\n<aside class=\"app_widget_fo app_widget_fo--gallery\">\n<ul>\n<li>\n                    <a href=\"https:\/\/sante.journaldesfemmes.fr\/fiches-maladies\/2651345-port-masque-obligatoire-restaurant-ecole-primaire-pass-sanitaire-cinema-exterieur-restaurant-macron\/\" class=\"jGTMWidgetGAEventClick\" data-gtmwidgetgaeventaction=\"clickWidgetGalleryList\" data-gtmwidgetgaeventlabel=\"Masque obligatoire\u00a0: \u00e9coles primaires, restaurant, cin\u00e9, o\u00f9\u00a0?\"><\/p>\n<figure>\n                                                                                                <picture><source media=\"(max-width: 480px)\" srcset=\"https:\/\/img-3.journaldesfemmes.fr\/T_I9u6MnEbFX0nXfaGOwCYcyIT8=\/210x140\/smart\/93303ab53ff34aca867b02bc44bb75f6\/ccmcms-jdf\/29374708.jpg\" width=\"210\" height=\"140\"><img decoding=\"async\" src=\"https:\/\/img-3.journaldesfemmes.fr\/tTz8UA9M5_hUtcBRAXIQ5naB-dI=\/225x150\/smart\/93303ab53ff34aca867b02bc44bb75f6\/ccmcms-jdf\/29374708.jpg\" alt=\"\" width=\"225\" height=\"150\" loading=\"lazy\"\/><br \/>\n                                    <\/source><\/picture><figcaption>\n<h3>Masque obligatoire\u00a0: \u00e9coles primaires, restaurant, cin\u00e9, o\u00f9\u00a0?<\/h3>\n<\/figcaption><\/figure>\n<p>                    <\/a>\n                <\/li>\n<li>\n                    <a href=\"https:\/\/sante.journaldesfemmes.fr\/fiches-maladies\/2673299-masque-tissu-covid-categorie-1-2-uns1-uns2-lavable-interdit-homologue-afnor-achat\/\" class=\"jGTMWidgetGAEventClick\" data-gtmwidgetgaeventaction=\"clickWidgetGalleryList\" data-gtmwidgetgaeventlabel=\"Masque en tissu\u00a0: lavable, achat, cat\u00e9gorie 1, normes, prix\"><\/p>\n<figure>\n                                                                                                <picture><source media=\"(max-width: 480px)\" srcset=\"https:\/\/img-3.journaldesfemmes.fr\/lYcIccf-brpOEpAZsfhTxtfGUHo=\/210x140\/smart\/c3c54620b193455fa67dbad49e2f2f98\/ccmcms-jdf\/25958034.jpg\" width=\"210\" height=\"140\"><img decoding=\"async\" src=\"https:\/\/img-3.journaldesfemmes.fr\/MPkRQCEMijFqOK6x7nUMcaDge-0=\/225x150\/smart\/c3c54620b193455fa67dbad49e2f2f98\/ccmcms-jdf\/25958034.jpg\" alt=\"\" width=\"225\" height=\"150\" loading=\"lazy\"\/><br \/>\n                                    <\/source><\/picture><figcaption>\n<h3>Masque en tissu\u00a0: lavable, achat, cat\u00e9gorie 1, normes, prix<\/h3>\n<\/figcaption><\/figure>\n<p>                    <\/a>\n                <\/li>\n<li>\n                    <a href=\"https:\/\/sante.journaldesfemmes.fr\/fiches-maladies\/2693527-masque-categorie-1-uns1-covid-tissu-lavable-jetable-afnor-achat-obligatoire-interdit-prix\/\" class=\"jGTMWidgetGAEventClick\" data-gtmwidgetgaeventaction=\"clickWidgetGalleryList\" data-gtmwidgetgaeventlabel=\"Masque de cat\u00e9gorie 1\u00a0: tissu lavable, AFNOR, UNS1, obligatoire\"><\/p>\n<figure>\n                                                                                                <picture><source media=\"(max-width: 480px)\" srcset=\"https:\/\/img-3.journaldesfemmes.fr\/1f9eJbQ9s8Nt7dlSvJ1zuS1pA20=\/210x140\/smart\/279aa62f02db40bcbb41fc26ab9c1f68\/ccmcms-jdf\/25957913.jpg\" width=\"210\" height=\"140\"><img decoding=\"async\" src=\"https:\/\/img-3.journaldesfemmes.fr\/nnEFOsJkeYpom1RmSqfGtHCBe70=\/225x150\/smart\/279aa62f02db40bcbb41fc26ab9c1f68\/ccmcms-jdf\/25957913.jpg\" alt=\"\" width=\"225\" height=\"150\" loading=\"lazy\"\/><br \/>\n                                    <\/source><\/picture><figcaption>\n<h3>Masque de cat\u00e9gorie 1\u00a0: tissu lavable, AFNOR, UNS1, obligatoire<\/h3>\n<\/figcaption><\/figure>\n<p>                    <\/a>\n                <\/li>\n<li>\n                    <a href=\"https:\/\/sante.journaldesfemmes.fr\/fiches-maladies\/2690663-masque-sportif-covid-port-salle-sport-obligatoire-salomon-decathlon-normes-afnor-prix\/\" class=\"jGTMWidgetGAEventClick\" data-gtmwidgetgaeventaction=\"clickWidgetGalleryList\" data-gtmwidgetgaeventlabel=\"Masque sportif\u00a0: Decathlon, Salomon, obligatoire en salle\u00a0?\"><\/p>\n<figure>\n                                                                                                <picture><source media=\"(max-width: 480px)\" srcset=\"https:\/\/img-3.journaldesfemmes.fr\/K4u9E1eLHDQDHCcvYaH1H-DBbVc=\/210x140\/smart\/9872b53aee2e497cbf7e6f5948484564\/ccmcms-jdf\/24762479.jpg\" width=\"210\" height=\"140\"><img decoding=\"async\" src=\"https:\/\/img-3.journaldesfemmes.fr\/ZL29peGa5-zvcaanh0FX5RPxqkw=\/225x150\/smart\/9872b53aee2e497cbf7e6f5948484564\/ccmcms-jdf\/24762479.jpg\" alt=\"\" width=\"225\" height=\"150\" loading=\"lazy\"\/><br \/>\n                                    <\/source><\/picture><figcaption>\n<h3>Masque sportif\u00a0: Decathlon, Salomon, obligatoire en salle\u00a0?<\/h3>\n<\/figcaption><\/figure>\n<p>                    <\/a>\n                <\/li>\n<li>\n                    <a href=\"https:\/\/sante.journaldesfemmes.fr\/fiches-maladies\/2609189-masque-covid-19-coronavirus-transparent-enfant-chirurgical-lavable-tissu-ffp2-achat-afnor-prix\/\" class=\"jGTMWidgetGAEventClick\" data-gtmwidgetgaeventaction=\"clickWidgetGalleryList\" data-gtmwidgetgaeventlabel=\"Masque de protection Covid\u00a0: chirurgical, lavable, enfant, choisir\"><\/p>\n<figure>\n                                                                                                <picture><source media=\"(max-width: 480px)\" srcset=\"https:\/\/img-3.journaldesfemmes.fr\/_YIpBlvfztG-mncyxkGjwdWxFV4=\/210x140\/smart\/49f9512487a845fcb1079b9096909221\/ccmcms-jdf\/25467500.jpg\" width=\"210\" height=\"140\"><img decoding=\"async\" src=\"https:\/\/img-3.journaldesfemmes.fr\/Gws-kTzjUXgHqL40slnqgYk3Fi4=\/225x150\/smart\/49f9512487a845fcb1079b9096909221\/ccmcms-jdf\/25467500.jpg\" alt=\"\" width=\"225\" height=\"150\" loading=\"lazy\"\/><br \/>\n                                    <\/source><\/picture><figcaption>\n<h3>Masque de protection Covid\u00a0: chirurgical, lavable, enfant, choisir<\/h3>\n<\/figcaption><\/figure>\n<p>                    <\/a>\n                <\/li>\n<li>\n                    <a href=\"https:\/\/sante.journaldesfemmes.fr\/fiches-maladies\/2689107-masque-ffp2-covid-biomass-graphene-achat-reutilisable-norme-valve-pharmacie-lavage-france-prix\/\" class=\"jGTMWidgetGAEventClick\" data-gtmwidgetgaeventaction=\"clickWidgetGalleryList\" data-gtmwidgetgaeventlabel=\"Masque FFP2\u00a0: rappel de mod\u00e8les toxiques, que choisir\u00a0?\"><\/p>\n<figure>\n                                                                                                <picture><source media=\"(max-width: 480px)\" srcset=\"https:\/\/img-3.journaldesfemmes.fr\/Fgxp8RH_rhwNNbp6OuwGj2jjaJk=\/210x140\/smart\/34447d99ff9f4b35b3fa87050e507a60\/ccmcms-jdf\/23024486.jpg\" width=\"210\" height=\"140\"><img decoding=\"async\" src=\"https:\/\/img-3.journaldesfemmes.fr\/Pp0XI3jSTuL-I2UA6AOEbwlunjM=\/225x150\/smart\/34447d99ff9f4b35b3fa87050e507a60\/ccmcms-jdf\/23024486.jpg\" alt=\"\" width=\"225\" height=\"150\" loading=\"lazy\"\/><br \/>\n                                    <\/source><\/picture><figcaption>\n<h3>Masque FFP2\u00a0: rappel de mod\u00e8les toxiques, que choisir\u00a0?<\/h3>\n<\/figcaption><\/figure>\n<p>                    <\/a>\n                <\/li>\n<li>\n                    <a href=\"https:\/\/sante.journaldesfemmes.fr\/fiches-maladies\/2677121-masque-transparent-covid-19-inclusif-homologue-efficacite-pour-qui-creche-sourd-entretien\/\" class=\"jGTMWidgetGAEventClick\" data-gtmwidgetgaeventaction=\"clickWidgetGalleryList\" data-gtmwidgetgaeventlabel=\"Masque transparent\u00a0: inclusif, homologu\u00e9, efficacit\u00e9, pour qui\u00a0?\"><\/p>\n<figure>\n                                                                                                <picture><source media=\"(max-width: 480px)\" srcset=\"https:\/\/img-3.journaldesfemmes.fr\/o8OWH9JeKtsrR02jRj1xGdG2gT0=\/210x140\/smart\/174e255ae3324da29447a7965b87697f\/ccmcms-jdf\/20290397.jpg\" width=\"210\" height=\"140\"><img decoding=\"async\" src=\"https:\/\/img-3.journaldesfemmes.fr\/qMMUWxLbLtVoW9t02aQxmkfxBHE=\/225x150\/smart\/174e255ae3324da29447a7965b87697f\/ccmcms-jdf\/20290397.jpg\" alt=\"\" width=\"225\" height=\"150\" loading=\"lazy\"\/><br \/>\n                                    <\/source><\/picture><figcaption>\n<h3>Masque transparent\u00a0: inclusif, homologu\u00e9, efficacit\u00e9, pour qui\u00a0?<\/h3>\n<\/figcaption><\/figure>\n<p>                    <\/a>\n                <\/li>\n<li>\n                    <a href=\"https:\/\/sante.journaldesfemmes.fr\/fiches-maladies\/2635469-comment-laver-masque-tissu-jetable-bleu-ffp2-eau-bouillante-main-machine-temperature-nombre\/\" class=\"jGTMWidgetGAEventClick\" data-gtmwidgetgaeventaction=\"clickWidgetGalleryList\" data-gtmwidgetgaeventlabel=\"Lavage masque chirurgical, tissu\u00a0: main, temp\u00e9rature, nombre\"><\/p>\n<figure>\n                                                                                                <picture><source media=\"(max-width: 480px)\" srcset=\"https:\/\/img-3.journaldesfemmes.fr\/AeLhLEwDSQL4K61wLXMdqvdpsEE=\/210x140\/smart\/f9e3daca9fa6495ebed164ef777064cd\/ccmcms-jdf\/23419769.jpg\" width=\"210\" height=\"140\"><img decoding=\"async\" src=\"https:\/\/img-3.journaldesfemmes.fr\/oDJfMgpk87E2tuTr-Qos86uVw0o=\/225x150\/smart\/f9e3daca9fa6495ebed164ef777064cd\/ccmcms-jdf\/23419769.jpg\" alt=\"\" width=\"225\" height=\"150\" loading=\"lazy\"\/><br \/>\n                                    <\/source><\/picture><figcaption>\n<h3>Lavage masque chirurgical, tissu\u00a0: main, temp\u00e9rature, nombre<\/h3>\n<\/figcaption><\/figure>\n<p>                    <\/a>\n                <\/li>\n<li>\n                    <a href=\"https:\/\/sante.journaldesfemmes.fr\/fiches-maladies\/2635947-comment-mettre-masque-covid-19-chirurgical-ffp2-tissu-avec-des-lunettes-blanc-buee\/\" class=\"jGTMWidgetGAEventClick\" data-gtmwidgetgaeventaction=\"clickWidgetGalleryList\" data-gtmwidgetgaeventlabel=\"Comment mettre un masque\u00a0: FFP2, chirurgical, tissu\u00a0?\"><\/p>\n<figure>\n                                                                                                <picture><source media=\"(max-width: 480px)\" srcset=\"https:\/\/img-3.journaldesfemmes.fr\/ydmt__H3MQB83yuKWCagA6yjGoc=\/210x140\/smart\/79510ad762e240828684b103da382bfc\/ccmcms-jdf\/21699013.jpg\" width=\"210\" height=\"140\"><img decoding=\"async\" src=\"https:\/\/img-3.journaldesfemmes.fr\/3xIrDWIwMt4UOGyPTwoF0q5y1n0=\/225x150\/smart\/79510ad762e240828684b103da382bfc\/ccmcms-jdf\/21699013.jpg\" alt=\"\" width=\"225\" height=\"150\" loading=\"lazy\"\/><br \/>\n                                    <\/source><\/picture><figcaption>\n<h3>Comment mettre un masque\u00a0: FFP2, chirurgical, tissu\u00a0?<\/h3>\n<\/figcaption><\/figure>\n<p>                    <\/a>\n                <\/li>\n<\/ul>\n<\/aside>\n<\/div>\n<h2 id=\"quels-gestes-barrieres-en-entreprise-\">Quels gestes barri\u00e8res en entreprise ?<\/h2>\n<p>La ministre du Travail, \u00c9lisabeth Borne, a appel\u00e9 lundi 22 novembre 2021 les entreprises \u00e0 se \u00ab\u00a0remobiliser\u00a0\u00bb sur le respect des gestes barri\u00e8res : \u00ab\u00a0<em>En entreprise, il faut se remobiliser sur ce respect des gestes barri\u00e8re, remettre le masque en r\u00e9union, quand on est dans des espaces partag\u00e9s&#8230; C&rsquo;est tr\u00e8s important \u00e0 un moment o\u00f9 on voit que l&rsquo;\u00e9pid\u00e9mie repart\u00a0\u00bb<\/em> a-t-elle d\u00e9clar\u00e9<em>\u00a0l<\/em>ors d&rsquo;une visite au si\u00e8ge de L&rsquo;Or\u00e9al \u00e0 Clichy (Hauts-de-Seine). Le dernier <a href=\"https:\/\/travail-emploi.gouv.fr\/IMG\/pdf\/protocole-nationale-sante-securite-en-entreprise.pdf\" target=\"_blank\" rel=\"noopener\">protocole du 29 novembre\u00a02021<\/a> rappelle l&rsquo;ensemble des r\u00e8gles \u00e0 respecter comme :<\/p>\n<ul>\n<li>Se laver r\u00e9guli\u00e8rement les mains \u00e0 l&rsquo;eau et au savon (dont l&rsquo;acc\u00e8s doit \u00eatre facilit\u00e9 avec mise \u00e0 disposition de serviettes \u00e0 usage unique) ou par une friction hydro-alcoolique<\/li>\n<li>A\u00e9rer r\u00e9guli\u00e8rement les pi\u00e8ces ferm\u00e9es par une ventilation m\u00e9canique ou naturelle (le HCSP recommande d&rsquo;a\u00e9rer durant cing minutes au minimum toutes les heures) ou s&rsquo;assurer d&rsquo;un apport d&rsquo;air neuf ad\u00e9quat par le syst\u00e8me de ventilation r\u00e9guli\u00e8rement v\u00e9rifi\u00e9 et conforme \u00e0 la r\u00e9glementation.<\/li>\n<li>Syst\u00e9matiser le port du masque dans les lieux clos et partag\u00e9s.<\/li>\n<li>Respecter une distance physique d&rsquo;au moins 1\u00a0m\u00e8tre<\/li>\n<li>Nettoyer r\u00e9guli\u00e8rement avec un produit actif sur le virus SARS-CoV-2\u00a0les objets manipul\u00e9s et les surfaces y compris les sanitaires<\/li>\n<li>Rester chez soi si le salari\u00e9 est cas contact ou en cas de sympt\u00f4mes \u00e9vocateurs du Covid-19\u00a0(toux, difficult\u00e9s respiratoires, etc.) et contacter son m\u00e9decin traitant (en cas de sympt\u00f4mes graves, appeler le 15)<\/li>\n<\/ul>\n<h2 id=\"quels-gestes-barrieres-au-restaurant-\">Quels gestes barri\u00e8res au restaurant ?<\/h2>\n<p>Selon le dernier <a href=\"https:\/\/www.economie.gouv.fr\/files\/files\/directions_services\/covid19-soutien-entreprises\/20211019_Protocole_sanitaire_secteur_HCR_Traiteurs.pdf\" target=\"_blank\" rel=\"noopener\">protocole publi\u00e9 pour les bars et restaurants en octobre 2021<\/a>\u00a0:\u00a0<\/p>\n<ul>\n<li>Sauf disposition l\u00e9gislative ou r\u00e8glementaire contraire,<strong> le port du masque n&rsquo;est pas obligatoire dans l&rsquo;\u00e9tablissement,<\/strong> mais il reste fortement recommand\u00e9 d\u00e8s l&rsquo;\u00e2ge de six ans.\u00a0L&rsquo;exploitant de l&rsquo;\u00e9tablissement peut \u00e9galement d\u00e9cider de le rendre obligatoire.<\/li>\n<li><strong>Du gel hydro-alcoolique est mis \u00e0 disposition du public <\/strong>au sein de l&rsquo;\u00e9tablissement, et obligatoirement \u00e0 l&rsquo;entr\u00e9e et \u00e0 la sortie, y compris en terrasse et \u00e9galement aux toilettes. Ils doivent \u00eatre positionn\u00e9s afin de s&rsquo;assurer qu&rsquo;ils sont effectivement utilis\u00e9s par les usagers.<\/li>\n<li>Dans la mesure du possible, <strong>les menus seront pr\u00e9sent\u00e9s sous une forme \u00e9vitant tout contact<\/strong> (par exemple\u00a0: ardoise, oralement, QR code). Les menus plastifi\u00e9s seront nettoy\u00e9s entre chaque manipulation et les menus papiers seront \u00e0 usage unique.<\/li>\n<li><strong>Tout mode de paiement sans contact (pr\u00e9paiement, virement, cartes bancaires, QR code&#8230;) est privil\u00e9gi\u00e9.<\/strong> Il est recommand\u00e9 d&rsquo;effectuer le paiement \u00e0 la table des consommateurs afin d&rsquo;\u00e9viter leurs d\u00e9placements au sein des \u00e9tablissements et de limiter les all\u00e9es et venues en terrasse.<\/li>\n<li>L&rsquo;organisation du<strong> flux du public \u00e0 l&rsquo;ext\u00e9rieur et \u00e0 l&rsquo;int\u00e9rieur de l&rsquo;\u00e9tablissement doit permettre de limiter les croisements<\/strong> et interactions sociales<\/li>\n<\/ul>\n<h2 id=\"quels-gestes-barrieres-a-lecole\">Quels gestes barri\u00e8res \u00e0 l&rsquo;\u00e9cole\u00a0?<\/h2>\n<p>Quatre niveaux sont d\u00e9finis pour l&rsquo;ann\u00e9e scolaire 2021-2022\u00a0afin d&rsquo;organiser et de mettre en\u00a0\u0153uvre\u00a0les <a href=\"https:\/\/www.education.gouv.fr\/covid19-mesures-pour-les-ecoles-colleges-et-lycees-modalites-pratiques-continuite-pedagogique-et-305467\" target=\"_blank\" rel=\"noopener\">protocoles sanitaires<\/a> et les mesures les plus justes possibles.\u00a0Le protocole sanitaire en vigueur dans les \u00e9coles, coll\u00e8ges et lyc\u00e9es est de niveau 2. Il comprend :<\/p>\n<ul>\n<li>le maintien des mesures renforc\u00e9es d&rsquo;a\u00e9ration et lavage des mains<\/li>\n<li>le port du masque obligatoire en int\u00e9rieur pour les personnels et les \u00e9l\u00e8ves d\u00e8s l&rsquo;\u00e9l\u00e9mentaire<\/li>\n<li>la limitation du brassage par niveau<\/li>\n<li>la d\u00e9sinfection des surfaces les plus fr\u00e9quemment touch\u00e9es plusieurs fois par jour et des tables du r\u00e9fectoire apr\u00e8s chaque service<\/li>\n<\/ul><\/div>\n<p>[ad_2]<br \/>\n<br \/><a href=\"https:\/\/sante.journaldesfemmes.fr\/fiches-maladies\/2619739-gestes-barrieres-covid-en-vigueur-2021-entreprise-restaurant-ecole-affiche-respect\/\">Source link <\/a><\/p>\n","protected":false},"excerpt":{"rendered":"<p>[ad_1] En entreprise, au restaurant, \u00e0 \u00e9cole&#8230; Les Fran\u00e7ais sont appel\u00e9s \u00e0 remettre leur masque et \u00e0 appliquer tous les &hellip; <a href=\"https:\/\/www.affinite.fr\/index.php\/2021\/12\/02\/masque-et-aeration-contre-la-reprise\/\" class=\"more-link\">Plus <span class=\"screen-reader-text\">masque et a\u00e9ration contre la reprise\u00a0!<\/span> <span class=\"meta-nav\">&rarr;<\/span><\/a><\/p>\n","protected":false},"author":1,"featured_media":7151,"comment_status":"open","ping_status":"open","sticky":false,"template":"","format":"standard","meta":{"_sitemap_exclude":false,"_sitemap_priority":"","_sitemap_frequency":"","footnotes":""},"categories":[1],"tags":[],"class_list":["post-7150","post","type-post","status-publish","format-standard","has-post-thumbnail","hentry","category-tous"],"_links":{"self":[{"href":"https:\/\/www.affinite.fr\/index.php\/wp-json\/wp\/v2\/posts\/7150"}],"collection":[{"href":"https:\/\/www.affinite.fr\/index.php\/wp-json\/wp\/v2\/posts"}],"about":[{"href":"https:\/\/www.affinite.fr\/index.php\/wp-json\/wp\/v2\/types\/post"}],"author":[{"embeddable":true,"href":"https:\/\/www.affinite.fr\/index.php\/wp-json\/wp\/v2\/users\/1"}],"replies":[{"embeddable":true,"href":"https:\/\/www.affinite.fr\/index.php\/wp-json\/wp\/v2\/comments?post=7150"}],"version-history":[{"count":0,"href":"https:\/\/www.affinite.fr\/index.php\/wp-json\/wp\/v2\/posts\/7150\/revisions"}],"wp:featuredmedia":[{"embeddable":true,"href":"https:\/\/www.affinite.fr\/index.php\/wp-json\/wp\/v2\/media\/7151"}],"wp:attachment":[{"href":"https:\/\/www.affinite.fr\/index.php\/wp-json\/wp\/v2\/media?parent=7150"}],"wp:term":[{"taxonomy":"category","embeddable":true,"href":"https:\/\/www.affinite.fr\/index.php\/wp-json\/wp\/v2\/categories?post=7150"},{"taxonomy":"post_tag","embeddable":true,"href":"https:\/\/www.affinite.fr\/index.php\/wp-json\/wp\/v2\/tags?post=7150"}],"curies":[{"name":"wp","href":"https:\/\/api.w.org\/{rel}","templated":true}]}}