{"id":6681,"date":"2021-07-20T22:21:22","date_gmt":"2021-07-20T22:21:22","guid":{"rendered":"https:\/\/www.affinite.fr\/index.php\/2021\/07\/20\/18-000-contaminations-debut-de-la-4e-vague\/"},"modified":"2021-07-20T22:21:22","modified_gmt":"2021-07-20T22:21:22","slug":"18-000-contaminations-debut-de-la-4e-vague","status":"publish","type":"post","link":"https:\/\/www.affinite.fr\/index.php\/2021\/07\/20\/18-000-contaminations-debut-de-la-4e-vague\/","title":{"rendered":"18\u00a0000\u00a0contaminations, d\u00e9but de la 4e vague"},"content":{"rendered":"<p> [ad_1]<br \/>\n<\/p>\n<p>\n                CORONAVIRUS DIRECT &#8211;  \u00ab\u00a0Nous n&rsquo;avions jamais connu cela\u00a0\u00bb, s&rsquo;est inqui\u00e9t\u00e9 Olivier V\u00e9ran alors qu&rsquo;il annon\u00e7ait plus de 18\u00a0000\u00a0nouvelles contaminations. Alors que l&rsquo;entr\u00e9e dans la quatri\u00e8me vague est proche, l&rsquo;extension du pass sanitaire a \u00e9t\u00e9 adopt\u00e9e en Conseil des ministres. Derniers chiffres et actualit\u00e9s.            <\/p>\n<div>\n<aside class=\"ccmsummary marqueur_module ccmcss_cms_summary ccmcss_cms_summary--right\">\n<p>\u00a0Sommaire<\/p>\n<\/aside>\n<p><strong>[Mis\u00a0\u00e0 jour le mardi 20 juillet \u00e0 21h18<\/strong><b>]<\/b>\u00a0L&rsquo;entr\u00e9e dans <strong>la quatri\u00e8me vague<\/strong> est l\u00e0.\u00a0Ce lundi, Olivier V\u00e9ran, ministre de la Sant\u00e9, a annonc\u00e9 plus de 18\u00a0000 contaminations.\u00a0<em>\u00ab\u00a0Nous n&rsquo;avions jamais connu cela\u00a0\u00bb, <\/em>a-t-il dit. Cela laisse\u00a0pr\u00e9sager un\u00a0retour des restrictions comme dans d&rsquo;autres pays europ\u00e9ens\u00a0(<strong>couvre-feu en Espagne, en Gr\u00e8ce<\/strong> sur l&rsquo;\u00eele\u00a0de Mykonos). \u00ab\u00a0<em>On est entre 100\u00a0et 130% d&rsquo;augmentation des cas en une semaine [&#8230;]\u00a0Aujourd&rsquo;hui c&rsquo;est une \u00e9pid\u00e9mie de jeunes <\/em>(20-30 ans)\u00a0\u00bb, argue Olivier V\u00e9ran. Parmi les responsables de cette reprise \u00e9pid\u00e9mique : le variant delta qui repr\u00e9sente\u00a0<strong>d\u00e9sormais 55% <\/strong>des contaminations selon la derni\u00e8re enqu\u00eate Flash de Sant\u00e9 Publique France.\u00a0<em>\u00ab\u00a0Cela fait maintenant trois semaines qu&rsquo;on voit les d\u00e9g\u00e2ts du Delta dans les pays autour de nous.\u00a0Le virus circule beaucoup plus vite chez les jeunes\u00a0\u00bb<\/em>, a alert\u00e9 le ministre de la Sant\u00e9. De ce fait,<strong>\u00a0l&rsquo;extension du pass sanitaire<\/strong> a \u00e9t\u00e9 adopt\u00e9e en Conseil des ministres, avant\u00a0d&rsquo;\u00eatre d\u00e9battu \u00e0 l&rsquo;Assembl\u00e9e puis au S\u00e9nat dans la\u00a0semaine. Quels sont les derniers <strong>chiffres de l&rsquo;\u00e9pid\u00e9mie<\/strong>\u00a0?\u00a0<span style=\"font-size: 1rem;\">Que disent les\u00a0<\/span><a data-auth=\"NotApplicable\" href=\"https:\/\/sante.journaldesfemmes.fr\/fiches-maladies\/2667643-carte-covid-19-france-monde-europe-pays-couleur-zone-rouge-departement-contamination-incidence\/\" rel=\"noopener noreferrer\" style=\"font-size: 1rem; background-color: rgb(255, 255, 255);\" target=\"_blank\">cartes<\/a><span style=\"font-size: 1rem;\"> de suivi de l&rsquo;\u00e9pid\u00e9mie\u00a0? Quels sont les <\/span><a href=\"https:\/\/sante.journaldesfemmes.fr\/fiches-maladies\/2630075-symptomes-coronavirus-covid-19-mal-gorge-rhume-que-faire-variant-premier-apparition-duree\/\" style=\"font-size: 1rem; background-color: rgb(255, 255, 255);\" target=\"_blank\" rel=\"noopener noreferrer\">sympt\u00f4mes du coronavirus<\/a><span style=\"font-size: 1rem;\"> ? Quand <\/span><a href=\"https:\/\/sante.journaldesfemmes.fr\/fiches-maladies\/2621211-isolement-covid-19-variant-anglais-7-10-jours-cas-contact-duree-declarer-certificat-attestation\/\" style=\"font-size: 1rem; background-color: rgb(255, 255, 255);\" target=\"_blank\" rel=\"noopener noreferrer\">s&rsquo;isoler et combien de temps<\/a><span style=\"font-size: 1rem;\"> ?\u00a0<\/span><a data-auth=\"NotApplicable\" href=\"https:\/\/sante.journaldesfemmes.fr\/fiches-maladies\/2629823-taux-de-reproduction-covid-france-coronavirus-r0-r-effectif-calcul-definition-2021-aujourd-hui-courbe\/\" rel=\"noopener noreferrer\" style=\"font-size: 1rem; background-color: rgb(255, 255, 255);\" target=\"_blank\">Quel est le taux de R0\u00a0du virus<\/a><span style=\"font-size: 1rem;\">\u00a0? Quand est-on <\/span><a href=\"https:\/\/sante.journaldesfemmes.fr\/fiches-maladies\/2679521-contagion-covid-19-combien-de-temps-jours-duree-asymptomatique-symptomes-incubation-contagieux\/\" style=\"font-size: 1rem; background-color: rgb(255, 255, 255);\" target=\"_blank\" rel=\"noopener noreferrer\">contagieux<\/a><span style=\"font-size: 1rem;\"> ? Que sait-on des\u00a0<\/span><a href=\"https:\/\/sante.journaldesfemmes.fr\/fiches-maladies\/2620433-vaccin-coronavirus-covid-19-france-pfizer-dose-moderna-astrazeneca-janssen-meilleur-choisir-nom-arnm\/\" style=\"font-size: 1rem; background-color: rgb(255, 255, 255);\" target=\"_blank\" rel=\"noopener noreferrer\">vaccins<\/a><span style=\"font-size: 1rem;\">\u00a0? Des\u00a0<\/span><a href=\"https:\/\/sante.journaldesfemmes.fr\/fiches-maladies\/2686947-effet-secondaire-vaccin-covid-pfizer-moderna-astrazeneca-janssen-duree-france-myocardite-ado-injection\/\" style=\"font-size: 1rem; background-color: rgb(255, 255, 255);\" target=\"_blank\" rel=\"noopener noreferrer\">effets secondaires<\/a><span style=\"font-size: 1rem;\">\u00a0apr\u00e8s la vaccination\u00a0? Chiffres et infos du jour.<\/span><\/p>\n<section>\n<ul>\n<li><strong>18.000\u00a0cas de contaminations lundi.\u00a0<\/strong><em>\u00ab\u00a0Nous n&rsquo;avions jamais connu cela\u00a0\u00bb<\/em>,\u00a0a alert\u00e9 Olivier V\u00e9ran.\u00a0D&rsquo;apr\u00e8s le ministre de la Sant\u00e9,\u00a018.000\u00a0cas de contaminations ont \u00e9t\u00e9 d\u00e9tect\u00e9s durant la journ\u00e9e de lundi.\u00a0Il s&rsquo;agit d&rsquo;une\u00a0hausse de la circulation du Covid de l&rsquo;ordre de 150% sur une semaine. <em>\u00ab\u00a0Cela fait maintenant trois semaines qu&rsquo;on voit les d\u00e9g\u00e2ts du Delta dans les pays autour de nous.\u00a0Le virus circule beaucoup plus vite chez les jeunes\u00a0\u00bb<\/em>, a-t-il pr\u00e9cis\u00e9, reconnaissant que la 4eme vague \u00e9tait l\u00e0.\u00a0\u00a0<\/li>\n<li><strong>Vaccination : d\u00e8s le d\u00e9but de la grossesse ? <\/strong>Actuellement d\u00e9conseill\u00e9 aux femmes en d\u00e9but de grossesse \u00e0 cause d&rsquo;un manque d&rsquo;informations, le vaccin n&rsquo;aurait a priori aucun risque pour cette population.\u00a0C&rsquo;est ce qu&rsquo;a assur\u00e9 Olivier V\u00e9ran, ministre de la Sant\u00e9.\u00a0Les femmes enceintes peuvent recevoir le vaccin <em>\u00ab\u00a0d\u00e8s le premier trimestre\u00a0de grossesse\u00a0\u00bb.<\/em><\/li>\n<li><strong>Retour du masque en ext\u00e9rieur \u00e0 Toulouse.<\/strong> Le Pr\u00e9fet de Haute (Garonne a d\u00e9cid\u00e9, suite \u00e0 la reprise \u00e9pid\u00e9mique, de restaurer le port du masque \u00e0 l&rsquo;ext\u00e9rieur, de 9h \u00e0 3h du matin \u00ab\u00a0sur la voie publique et dans les espaces publics, dans le centre-ville de Toulouse, \u00e0 compter du mercredi 21\u00a0juillet\u00a0\u00bb, indique ainsi la mairie de Toulouse sur ses r\u00e9seaux sociaux.<\/li>\n<li>\n<\/li>\n<li><strong>Haute-Corse : le taux d&rsquo;incidence augmente encore. <\/strong>La Haute-Corse<strong>\u00a0<\/strong>est le d\u00e9partement le plus touch\u00e9 de France m\u00e9tropolitaine apr\u00e8s les Pyr\u00e9n\u00e9es-Orientales (taux d&rsquo;incidence de 372,7\u00a0sur la semaine du 11\u00a0au 17\u00a0juillet contre 155,5 la semaine pr\u00e9c\u00e9dente).\u00a0Son taux d&rsquo;incidence continue d&rsquo;augmenter et d\u00e9passe d\u00e9sormais les\u00a0300\u00a0pour 100.000\u00a0habitants durant la semaine du 11\u00a0au 17\u00a0juillet. Il a d\u00e9sormais atteint 304,5, contre 266,1\u00a0lundi<\/li>\n<\/ul>\n<ul>\n<li><strong>Examen de Sanofi.\u00a0<\/strong>Dans <a href=\"https:\/\/www.ema.europa.eu\/en\/news\/ema-starts-rolling-review-covid-19-vaccine-vidprevtyn\" target=\"_blank\" rel=\"noopener noreferrer\">un avis publi\u00e9 ce mardi<\/a>, l&rsquo;Agence europ\u00e9enne du m\u00e9dicament (EMA) a annonc\u00e9 le lancement de la proc\u00e9dure d&rsquo;examen continu du vaccin contre le Covid-19\u00a0<strong>Vidprevtyn<\/strong>. Un vaccin\u00a0d\u00e9velopp\u00e9 conjointement par Sanofi et l&rsquo;institut Pasteur.\u00a0Les premiers r\u00e9sultats des essais cliniques sont encourageants et \u00ab\u00a0sugg\u00e8rent que le vaccin d\u00e9clenche la production d&rsquo;anticorps qui ciblent le virus du Covid-19\u00a0\u00bb.\u00a0<\/li>\n<li><strong>D\u00e9cret sur le pass sanitaire.<\/strong>\u00a0Lundi 19\u00a0juillet, le Conseil des ministres a adopt\u00e9 le projet de loi comprenant l&rsquo;extension du pass sanitaire. Par cons\u00e9quent, selon <a href=\"https:\/\/www.legifrance.gouv.fr\/jorf\/id\/JORFTEXT000043806125\" target=\"_blank\" rel=\"noopener noreferrer\">un d\u00e9cret<\/a> paru le 20\u00a0juillet 2021\u00a0dans le Journal Officiel, il doit \u00eatre pr\u00e9sent\u00e9 pour l&rsquo;acc\u00e8s aux \u00e9tablissements pr\u00e9vus pour des \u00ab\u00a0activit\u00e9s culturelles, ludiques, sportives ou festives ainsi que les foires ou salons professionnels\u00a0\u00bb\u00a0lorsqu&rsquo;ils accueillent un nombre de visiteurs, spectateurs, clients ou passagers au moins \u00e9gal \u00e0 50\u00a0personnes\u00a0comme par exemple <strong>les \u00e9tablissements sportifs couverts (salles de sport), les lieux de culte, les mus\u00e9es, les cin\u00e9mas\u00a0ou les biblioth\u00e8ques<\/strong>.<\/li>\n<li><strong>Port du masque obligatoire en Charente-Maritime.<\/strong> Depuis ce mardi 20 juillet, le port du masque est de nouveau obligatoire dans 45 communes \u00ab\u00a0touristiques\u00a0\u00bb de Charente-Maritime. Sont notamment concern\u00e9s : l&rsquo;\u00eele de R\u00e9, La Rochelle, l&rsquo;\u00cele d&rsquo;Ol\u00e9ron, Royan, Ch\u00e2tellaillon-Plage&#8230; La Charente-Maritime est d\u00e9sormais le d\u00e9partement de Nouvelle-Aquitaine le plus touch\u00e9 par le Covid-19.\u00a0<\/li>\n<li><strong>Isolement de 10\u00a0jours pour les personnes positives.<\/strong>\u00a0L&rsquo;isolement de 10\u00a0jours pour les personnes contamin\u00e9es par la Covid-19\u00a0a \u00e9t\u00e9 valid\u00e9 par le Conseil d&rsquo;\u00c9tat ce lundi 19\u00a0juillet.\u00a0Dans son avis sur le projet de loi examin\u00e9 en Conseil des ministres, le Conseil d&rsquo;\u00c9tat <em>\u00ab\u00a0recommande de pr\u00e9ciser express\u00e9ment que les contr\u00f4les ne peuvent avoir lieu en p\u00e9riode nocturne\u00a0\u00bb<\/em>, retenant ainsi <em>\u00ab\u00a0la borne horaire de 21h00\u00a0\u00bb<\/em>, d&rsquo;apr\u00e8s l&rsquo;AFP.\u00a0<\/li>\n<li><strong>Obligation de contr\u00f4le dans les centre commerciaux.<\/strong>\u00a0Le Conseil d&rsquo;\u00c9tat a retoqu\u00e9 lundi l&rsquo;obligation de pr\u00e9senter un pass sanitaire dans les grands centres commerciaux.\u00a0Il a notamment soulign\u00e9 que cela pourrait <em>\u00ab\u00a0concerner l&rsquo;acquisition de biens de premi\u00e8re n\u00e9cessit\u00e9 notamment alimentaires\u00a0\u00bb<\/em> et donc porter <em>\u00ab\u00a0une atteinte disproportionn\u00e9e aux libert\u00e9s\u00a0\u00bb.\u00a0<\/em><\/li>\n<li><strong>Discours de Castex mercredi.<\/strong>\u00a0Le Premier ministre, Jean Castex, devra s&rsquo;exprimer\u00a0ce mercredi 21\u00a0juillet au Journal T\u00e9l\u00e9vis\u00e9 de 13h de TF1, apr\u00e8s le Conseil de d\u00e9fense sanitaire, a confirm\u00e9 une source gouvernementale \u00e0 FranceInfo. Cette prise de parole aura lieu juste avant l&rsquo;examen du projet de loi \u00e0 l&rsquo;Assembl\u00e9e nationale.\u00a0Il abordera le sujet de l&rsquo;extension du pass sanitaire en France, ainsi que la circulation du variant delta.<\/li>\n<\/ul>\n<p><a id=\"chiffres-covid-france-gouvernement\" name=\"chiffres-covid-france-gouvernement\" style=\"font-size: 1.125rem; background-color: rgb(255, 255, 255);\">Quels sont les chiffres de l&rsquo;\u00e9pid\u00e9mie de Covid en France ?<\/a><\/section>\n<p>Les chiffres de l&rsquo;\u00e9pid\u00e9mie de Covid-19 en\u00a0France sont publi\u00e9s quotidiennement par le\u00a0site <a href=\"http:\/\/www.gouvernement.fr\/info-coronavirus\/carte-et-donnees\" target=\"_blank\" rel=\"noopener noreferrer\">Carte-et-donn\u00e9es<\/a> du gouvernement et par <a href=\"https:\/\/www.santepubliquefrance.fr\/dossiers\/coronavirus-covid-19\/coronavirus-chiffres-cles-et-evolution-de-la-covid-19-en-france-et-dans-le-monde\" target=\"_blank\" rel=\"noopener noreferrer\">Sant\u00e9 Publique France<\/a>.<\/p>\n<p><a id=\"covid-france-chiffre-du-jour-bilan\" name=\"covid-france-chiffre-du-jour-bilan\" style=\"font-size: 1.125rem; background-color: rgb(255, 255, 255);\" target=\"_blank\" rel=\"noopener noreferrer\">Quels sont les chiffres du jour ?<\/a><\/p>\n<section>\n<table border=\"1\" cellpadding=\"1\" cellspacing=\"1\" style=\"width:100%;\">\n<thead>\n<tr>\n<th scope=\"col\" style=\"width: 205px; text-align: center;\">Nombre de cas de Covid (20 juillet)<\/th>\n<th scope=\"col\" style=\"width: 229px; text-align: center;\">Nombre de morts du Covid\u00a0<\/th>\n<th scope=\"col\" style=\"width: 244px; text-align: center;\">Nombre de personnes en soins critiques\u00a0<\/th>\n<th scope=\"col\" style=\"width: 119px; text-align: center;\">R0 (17 juillet)<\/th>\n<\/tr>\n<\/thead>\n<tbody>\n<tr>\n<td style=\"width: 205px; text-align: center;\">5 890\u00a0062<\/td>\n<td style=\"width: 229px; text-align: center;\">111 554 (+33 en 24h)<\/td>\n<td style=\"width: 244px; text-align: center;\">876<\/td>\n<td style=\"width: 119px; text-align: center;\">2 (+32.3% en 7 jours)<\/td>\n<\/tr>\n<\/tbody>\n<\/table>\n<table border=\"1\" cellpadding=\"1\" cellspacing=\"1\" style=\"width:100%;\">\n<thead>\n<tr>\n<th scope=\"col\" style=\"width: 205px; text-align: center;\">Nombre de cas de Covid (20 juillet)<\/th>\n<th scope=\"col\" style=\"width: 229px; text-align: center;\"><a id=\"cas-covid-24-heures\" name=\"cas-covid-24-heures\">Evolution sur 24 heures<\/a><\/th>\n<th scope=\"col\" style=\"width: 244px; text-align: center;\">Nombre moyen de nouveaux cas confirm\u00e9s quotidiens (17 juillet)<\/th>\n<th scope=\"col\" style=\"width: 244px; text-align: center;\">Taux d&rsquo;incidence (17 juillet)<\/th>\n<th scope=\"col\" style=\"width: 197px; text-align: center;\">Evolution du taux d&rsquo;incidence sur 7 jrs<\/th>\n<\/tr>\n<tr>\n<td style=\"width: 205px; text-align: center;\">5\u00a0890\u00a0062<\/td>\n<td style=\"width: 229px; text-align: center;\">+ 18\u00a0181<\/td>\n<td style=\"width: 244px; text-align: center;\">7\u00a0917<\/td>\n<td style=\"width: 244px; text-align: center;\">83.99\/100 000 habitants<\/td>\n<td style=\"width: 197px; text-align: center;\"><strong>+111.1<\/strong><\/td>\n<\/tr>\n<\/thead>\n<\/table>\n<p>On observe\u00a0une<strong> augmentation des nouvelles hospitalisations, notamment en \u00cele-de-France, <a href=\"https:\/\/www.affinite.fr\/index.php\/2024\/11\/21\/construire-votre-maison-en-normandie\/\">Normandie<\/a>, et Martinique<\/strong>, ainsi que des nouvelles admissions en services de soins critiques en Martinique, rapporte Sant\u00e9 Publique France le 16 juillet 2021. Une vigilance est \u00e0 maintenir \u00e9galement en <strong>Occitanie<\/strong> du fait de l&rsquo;augmentation des nouvelles hospitalisations observ\u00e9es par date d&rsquo;admission, \u00e0 consolider les semaines suivantes.\u00a0Voici les chiffres \u00e0 jour selon\u00a0le <a href=\"https:\/\/www.gouvernement.fr\/info-coronavirus\/carte-et-donnees\" target=\"_blank\" rel=\"noopener noreferrer\">site du\u00a0gouvernement<\/a>\u00a0et\u00a0<a href=\"https:\/\/dashboard.covid19.data.gouv.fr\/vue-d-ensemble?location=FRA\" target=\"_blank\" rel=\"noopener noreferrer\">Data-gouv.fr<\/a>.\u00a0<\/p>\n<table border=\"1\" cellpadding=\"1\" cellspacing=\"1\" style=\"width:100%;\">\n<thead>\n<tr>\n<th scope=\"col\" style=\"width: 205px; text-align: center;\">\u00a0<\/th>\n<th scope=\"col\" style=\"width: 205px; text-align: center;\">Nombre de patients Covid hospitalis\u00e9s\u00a0<\/th>\n<th scope=\"col\" style=\"width: 229px; text-align: center;\">Nombre moyen de nouvelles hospitalisations quotidiennes<\/th>\n<th scope=\"col\" style=\"width: 244px; text-align: center;\">Nombre de patients Covid en soins critiques<\/th>\n<th scope=\"col\" style=\"width: 244px; text-align: center;\">Nombre moyen de nouvelles entr\u00e9es en soins critiques quotidiennes\u00a0<\/th>\n<\/tr>\n<tr>\n<td style=\"width: 205px; text-align: center;\"><strong>Au 20 juillet<\/strong><\/td>\n<td style=\"width: 205px; text-align: center;\">6 912\u00a0<\/td>\n<td style=\"width: 229px; text-align: center;\">200 (+37% en 7 jours)<\/td>\n<td style=\"width: 244px; text-align: center;\">876<\/td>\n<td style=\"width: 244px; text-align: center;\">36 (+33.3% en 7 jours)<\/td>\n<\/tr>\n<\/thead>\n<\/table>\n<h3><u>Nombre de personnes actuellement hospitalis\u00e9es par r\u00e9gion au 20\u00a0juillet<\/u><u>\u00a02021 (source : gouvernement.fr)<\/u><\/h3>\n<table align=\"center\" border=\"1\" cellpadding=\"1\" cellspacing=\"1\" style=\"width:100%;\">\n<thead>\n<tr>\n<th scope=\"col\" style=\"width: 260px;\">R\u00e9gion<\/th>\n<th scope=\"col\" style=\"width: 283px;\">Nombre de personnes actuellement hospitalis\u00e9es<\/th>\n<th scope=\"col\" style=\"width: 220px;\">Evolution en 7 jours<\/th>\n<\/tr>\n<\/thead>\n<tbody>\n<tr>\n<td style=\"width: 260px;\"><strong>Auvergne-Rh\u00f4ne-Alpes<\/strong><\/td>\n<td style=\"width: 283px;\">538<\/td>\n<td style=\"width: 220px;\">-11.9%<\/td>\n<\/tr>\n<tr>\n<td style=\"width: 260px;\"><strong>Hauts-de-France<\/strong><\/td>\n<td style=\"width: 283px;\">934<\/td>\n<td style=\"width: 220px;\">-14%<\/td>\n<\/tr>\n<tr>\n<td style=\"width: 260px;\"><strong>Provence-Alpes-C\u00f4te d&rsquo;Azur<\/strong><\/td>\n<td style=\"width: 283px;\">696<\/td>\n<td style=\"width: 220px;\"><strong>+3.6%<\/strong><\/td>\n<\/tr>\n<tr>\n<td style=\"width: 260px;\"><strong>Grand Est<\/strong><\/td>\n<td style=\"width: 283px;\">441<\/td>\n<td style=\"width: 220px;\">-3.5%<\/td>\n<\/tr>\n<tr>\n<td style=\"width: 260px;\"><strong>Occitanie<\/strong><\/td>\n<td style=\"width: 283px;\">473<\/td>\n<td style=\"width: 220px;\"><strong>+6.3%<\/strong><\/td>\n<\/tr>\n<tr>\n<td style=\"width: 260px;\"><strong>Normandie<\/strong><\/td>\n<td style=\"width: 283px;\">453<\/td>\n<td style=\"width: 220px;\">-3.2%<\/td>\n<\/tr>\n<tr>\n<td style=\"width: 260px;\"><strong>Nouvelle-Aquitaine<\/strong><\/td>\n<td style=\"width: 283px;\">406<\/td>\n<td style=\"width: 220px;\"><strong>+5.7%<\/strong><\/td>\n<\/tr>\n<tr>\n<td style=\"width: 260px;\"><strong>Centre-Val de Loire<\/strong><\/td>\n<td style=\"width: 283px;\">223<\/td>\n<td style=\"width: 220px;\">-0.9%<\/td>\n<\/tr>\n<tr>\n<td style=\"width: 260px;\"><strong>Bourgogne-Franche-Comt\u00e9<\/strong><\/td>\n<td style=\"width: 283px;\">296<\/td>\n<td style=\"width: 220px;\">-0.3%\u00a0<\/td>\n<\/tr>\n<tr>\n<td style=\"width: 260px;\"><strong>Bretagne<\/strong><\/td>\n<td style=\"width: 283px;\">271<\/td>\n<td style=\"width: 220px;\">-2.9%<\/td>\n<\/tr>\n<tr>\n<td style=\"width: 260px;\"><strong>Corse<\/strong><\/td>\n<td style=\"width: 283px;\">32<\/td>\n<td style=\"width: 220px;\"><strong>+10.3%<\/strong><\/td>\n<\/tr>\n<tr>\n<td style=\"width: 260px;\"><strong>Pays de la Loire<\/strong><\/td>\n<td style=\"width: 283px;\">125<\/td>\n<td style=\"width: 220px;\">-4.6%<\/td>\n<\/tr>\n<tr>\n<td style=\"width: 260px;\"><strong>\u00cele-de-France<\/strong><\/td>\n<td style=\"width: 283px;\">1 591<\/td>\n<td style=\"width: 220px;\">-0.9%<\/td>\n<\/tr>\n<tr>\n<td style=\"width: 260px;\"><strong>Guadeloupe<\/strong><\/td>\n<td style=\"width: 283px;\">105<\/td>\n<td style=\"width: 220px;\">-1.9%<\/td>\n<\/tr>\n<tr>\n<td style=\"width: 260px;\"><strong>Martinique<\/strong><\/td>\n<td style=\"width: 283px;\">81<\/td>\n<td style=\"width: 220px;\"><strong>+9.9%<\/strong><\/td>\n<\/tr>\n<tr>\n<td style=\"width: 260px;\"><strong>Guyane<\/strong><\/td>\n<td style=\"width: 283px;\">106<\/td>\n<td style=\"width: 220px;\"><strong>+15.2%<\/strong><\/td>\n<\/tr>\n<tr>\n<td style=\"width: 260px;\"><strong>La R\u00e9union<\/strong><\/td>\n<td style=\"width: 283px;\">141<\/td>\n<td style=\"width: 220px;\">-7.2%<\/td>\n<\/tr>\n<tr>\n<td style=\"width: 260px;\"><strong>Mayotte<\/strong><\/td>\n<td style=\"width: 283px;\">0<\/td>\n<td style=\"width: 220px;\">NC<\/td>\n<\/tr>\n<\/tbody>\n<\/table>\n<\/section>\n<p>La mortalit\u00e9 li\u00e9e \u00e0 la COVID-19 a faibli. <strong>111\u00a0554 d\u00e9c\u00e8s sont recens\u00e9s au 20<\/strong>\u00a0<strong>juillet\u00a0<\/strong>dont 85\u00a0049 \u00e0 l&rsquo;h\u00f4pital\u00a0(+33\u00a0au cours des 24\u00a0derni\u00e8res heures), selon les chiffres de <a href=\"https:\/\/www.santepubliquefrance.fr\/dossiers\/coronavirus-covid-19\/coronavirus-chiffres-cles-et-evolution-de-la-covid-19-en-france-et-dans-le-monde\" target=\"_blank\" rel=\"noopener noreferrer\">Sant\u00e9 Publique France<\/a>. Ce chiffre ne comprend pas les d\u00e9c\u00e8s \u00e0 domicile.\u00a0<\/p>\n<p>\u25baLes d\u00e9c\u00e8s de patients COVID-19\u00a0hospitalis\u00e9s \u00e9taient toujours en diminution en semaine 26<strong>\u00a0(-24%) <\/strong>et ceux survenus dans les \u00e9tablissements sociaux et m\u00e9dico-sociaux (ESMS) restaient \u00e0 un niveau tr\u00e8s faible.<\/p>\n<div style=\"text-align:center\">\n<figure class=\"image\" style=\"display:inline-block\"><a class=\"fancy\" href=\"https:\/\/img-3.journaldesfemmes.fr\/dPZmWk0j55r5_E2zNbWH7GSirZQ=\/1080x\/smart\/6e12c83ab34544888baee5e0a846c84a\/ccmcms-jdf\/26138739.jpg\"><img decoding=\"async\" alt=\"courbe-covid-deces-morts-france\" src=\"https:\/\/img-3.journaldesfemmes.fr\/dPZmWk0j55r5_E2zNbWH7GSirZQ=\/1080x\/smart\/6e12c83ab34544888baee5e0a846c84a\/ccmcms-jdf\/26138739.jpg\"\/><\/a><figcaption data-credit=\"Sant\u00e9 Publique France\"><small>\u00a9\u00a0Sant\u00e9 Publique France<\/small><\/figcaption><\/figure>\n<\/div>\n<p>En semaine 27 (5-11 juillet), la d\u00e9gradation de la situation s&rsquo;est acc\u00e9l\u00e9r\u00e9e. La valeur du R effectif (SI-DEP) \u00e0 1,5\u00a0t\u00e9moigne du tr\u00e8s fort dynamisme de la transmission de l&rsquo;infection. Le taux d&rsquo;incidence \u00e9tait en augmentation dans toutes les classes d&rsquo;\u00e2ge. Cette <strong>augmentation \u00e9tait la plus \u00e9lev\u00e9e chez les 10-39\u00a0ans<\/strong> et touchait toutes les r\u00e9gions.<\/p>\n<div style=\"text-align:center\">\n<figure class=\"image\" style=\"display:inline-block\"><a class=\"fancy\" href=\"https:\/\/img-3.journaldesfemmes.fr\/omb2ORvHzBS-qjjT3qE0iQUX29s=\/1080x\/smart\/274aefc3a3164e8a8dcfc00b8c63c949\/ccmcms-jdf\/26320267.jpg\"><img decoding=\"async\" alt=\"taux incidence covid\" src=\"https:\/\/img-3.journaldesfemmes.fr\/omb2ORvHzBS-qjjT3qE0iQUX29s=\/1080x\/smart\/274aefc3a3164e8a8dcfc00b8c63c949\/ccmcms-jdf\/26320267.jpg\"\/><\/a><figcaption data-credit=\"Sant\u00e9 Publique France\"><small>\u00a9\u00a0Sant\u00e9 Publique France<\/small><\/figcaption><\/figure>\n<\/div>\n<p><strong>Pour rappel, la France a connu trois \u00ab\u00a0vagues\u00a0\u00bb \u00e9pid\u00e9miques depuis janvier 2020 :\u00a0<\/strong><\/p>\n<p>\u2192 Une premi\u00e8re vague marqu\u00e9e par un\u00a0<strong>pic \u00e9pid\u00e9mique<\/strong>\u00a0au cours de la\u00a0<strong>semaine du 6\u00a0au 12\u00a0avril 2020<\/strong>, soit 15\u00a0jours\u00a0apr\u00e8s la mise en \u0153uvre du premier\u00a0confinement de la population (le 17\u00a0mars 2020).<\/p>\n<p>\u2192 Une deuxi\u00e8me vague marqu\u00e9e par un\u00a0<strong>pic au cours de la semaine du<\/strong>\u00a0<strong>16\u00a0au 20\u00a0novembre 2020,\u00a0<\/strong>trois semaines apr\u00e8s le deuxi\u00e8me confinement (29 octobre 2020).<\/p>\n<p>\u2192 Une troisi\u00e8me vague dont le <strong>pic \u00e9pid\u00e9mique a \u00e9t\u00e9 estim\u00e9 \u00e0 la mi-avril 2021.<\/strong>\u00a0<\/p>\n<p>Le<strong> variant Delta est devenu majoritaire <\/strong>sur le territoire m\u00e9tropolitain, annonce Sant\u00e9 Publique France dans son point \u00e9pid\u00e9miologique du 16 juillet. La mutation L452R (port\u00e9e principalement par le variant Delta) \u00e9tait retrouv\u00e9e dans 63% des pr\u00e9l\u00e8vements positifs cribl\u00e9s (43% en S26) et ce variant repr\u00e9sentait <strong>55%<\/strong> des virus s\u00e9quenc\u00e9s interpr\u00e9tables dans l&rsquo;enqu\u00eate Flash #13\u00a0du 29\u00a0juin.\u00a0<\/p>\n<p>Il n&rsquo;y a plus de<strong> couvre-feu <\/strong>en France depuis le 20 juin. Le <strong>port du masque en ext\u00e9rieur <\/strong>n&rsquo;est aussi plus obligatoire au niveau national depuis cette date mais des villes ont recommenc\u00e9 \u00e0 l&rsquo;imposer d\u00e9but juillet \u00e0 cause de la diffusion du variant indien (Lille, Saint-Malo, Touquet&#8230;). Il n&rsquo;y a plus de jauge impos\u00e9e dans les restaurants, bars et salles de sport. Le pass sanitaire est \u00e9tendu le 21 juillet aux lieux de loisirs et cultures de plus de 50 personnes puis d\u00e9but ao\u00fbt aux caf\u00e9s, restaurants&#8230;<\/p>\n<p>Clients, usagers, salari\u00e9s\u2026\u00a0<strong>seules les personnes vaccin\u00e9es ou test\u00e9es n\u00e9gatives pourront acc\u00e9der aux lieux d\u00e9finis plus bas.<\/strong><\/p>\n<p>La r\u00e8gle g\u00e9n\u00e9rale pour l&rsquo;extension du \u00ab\u00a0pass sanitaire\u00a0\u00bb va se d\u00e9rouler en 2\u00a0\u00e9tapes\u00a0:<\/p>\n<p><strong>\u25ba D\u00e8s le 21\u00a0juillet aux lieux de loisirs et de culture lorsqu&rsquo;ils accueillent plus de 50 personnes :\u00a0\u00a0<\/strong>spectacles, parcs d&rsquo;attraction, concerts, festivals, cin\u00e9mas, lieux de culte, mus\u00e9es, biblioth\u00e8ques, chapiteaux&#8230;\u00a0<br \/><strong>\u25ba \u00c0\u00a0partir du d\u00e9but du mois d&rsquo;ao\u00fbt<\/strong>\u00a0\u2013 \u00a0apr\u00e8s le vote d&rsquo;un texte de loi\u00a0\u2013 dans\u00a0:<\/p>\n<ol>\n<li>les caf\u00e9s, les\u00a0restaurants, les \u00ab\u00a0grands\u00a0\u00bb centres commerciaux ;<\/li>\n<li>les h\u00f4pitaux, les maisons de retraites, les\u00a0\u00e9tablissements m\u00e9dicosociaux ;<\/li>\n<li>les avions, trains et cars pour les longs trajets. D\u00e8s cette semaine, les contr\u00f4les aux fronti\u00e8res seront renforc\u00e9s pour les ressortissants en provenance de pays \u00e0 risques avec isolement contraint pour les voyageurs non-vaccin\u00e9s.<\/li>\n<\/ol>\n<p><strong>\u25baL&rsquo;obligation du \u00ab\u00a0pass sanitaire\u00a0\u00bb est repouss\u00e9e au 30\u00a0ao\u00fbt pour<\/strong>\u00a0:<\/p>\n<ul>\n<li><strong>Les jeunes de 12\u00a0\u00e0 17\u00a0ans.\u00a0<\/strong>La raison en est que la vaccination n&rsquo;ayant \u00e9t\u00e9 ouverte, pour cette cat\u00e9gorie d&rsquo;\u00e2ge, qu&rsquo;au mois de juin, des millions de jeunes auraient \u00e9t\u00e9 contraints d&rsquo;effectuer des tests \u00e0 r\u00e9p\u00e9tition pour toutes leurs activit\u00e9s estivales, \u00e0 partir du 21\u00a0juillet. Cet am\u00e9nagement permettra, d&rsquo;ici au 30\u00a0ao\u00fbt, aux 12-17\u00a0ans d&rsquo;\u00eatre vaccin\u00e9s.<\/li>\n<li><strong>Les salari\u00e9s des lieux et \u00e9tablissements recevant du public.\u00a0<\/strong>La raison en est que pour ces salari\u00e9s, n&rsquo;ayant pas encore re\u00e7u deux doses de vaccin devraient se faire tester presque chaque jour pour aller travailler. Pr\u00e9cision\u00a0:\u00a0<strong>leur 1e injection devra \u00eatre r\u00e9alis\u00e9e au plus tard le 1<sup>er<\/sup>\u00a0ao\u00fbt<\/strong>. Attention\u00a0! le \u00ab\u00a0pass sanitaire\u00a0\u00bb reste exigible pour les clients qui fr\u00e9quenteront ces lieux aux dates des 21\u00a0juillet et 1<sup>er<\/sup>\u00a0ao\u00fbt 2021.<\/li>\n<\/ul>\n<p><strong>En fonction de l&rsquo;\u00e9valuation de la situation, l&rsquo;extension du \u00a0\u00bb pass sanitaire \u00a0\u00bb\u00a0\u00e0 d&rsquo;autres activit\u00e9s sera \u00e9tudi\u00e9e.\u00a0<\/strong>Pour rappel, le \u00ab\u00a0pass sanitaire\u00a0\u00bb est disponible sur\u00a0l&rsquo;application TousAntiCovid\u00a0ou sur la version papier remise au moment de la\u00a0vaccination.<\/p>\n<div class=\"ccminsert\">\n<aside class=\"app_widget_fo app_widget_fo--call\">\n<ul>\n<li>\n                <a href=\"https:\/\/sante.journaldesfemmes.fr\/fiches-maladies\/2700095-pass-sanitaire-covid-france-comment-obtenir-si-dep-ameli-decret-camping-culte-restaurant-validite\/\" class=\"jGTMWidgetGAEventClick\" data-gtmwidgetgaeventaction=\"clickWidgetCall\" data-gtmwidgetgaeventlabel=\"Pass sanitaire\u00a0: d\u00e9cret, lieux, comment le t\u00e9l\u00e9charger\u00a0?\"><\/p>\n<figure><picture><source media=\"(max-width: 480px)\" srcset=\"https:\/\/img-3.journaldesfemmes.fr\/Rc6PxSd-q1etgwYOw5a_RJ9nFkA=\/160x105\/smart\/bcc3e0f48d8e4652a886ab9828327cc1\/ccmcms-jdf\/26417917.jpg\" width=\"160\" height=\"105\"><img decoding=\"async\" src=\"https:\/\/img-3.journaldesfemmes.fr\/a9mf7UPlc85iAg6Gxkjs6NV9sFA=\/200x132\/smart\/bcc3e0f48d8e4652a886ab9828327cc1\/ccmcms-jdf\/26417917.jpg\" alt=\"\" width=\"200\" height=\"132\" loading=\"lazy\"\/><\/source><\/picture><figcaption>\n<h3>Pass sanitaire\u00a0: d\u00e9cret, lieux, comment le t\u00e9l\u00e9charger\u00a0?<\/h3>\n<p>Centre commercial, restaurant, camping, train, salle de sport, mus\u00e9e&#8230; Le pass sanitaire est \u00e9tendu \u00e0 partir du 21\u00a0juillet \u00e0 de nouveaux lieux.  Un d\u00e9cret a \u00e9t\u00e9 publi\u00e9 au Journal Officiel. Age, test valide, d\u00e9lai apr\u00e8s le vaccin, QR Code&#8230; Comment l&rsquo;obtenir\u00a0? Pour voyager\u00a0? Sur Ameli\u00a0? Si-Dep\u00a0? Guide pratique.<\/p>\n<\/figcaption><\/figure>\n<p><\/a>\n            <\/li>\n<\/ul>\n<\/aside>\n<\/div>\n<p>La vaccination contre la Covid-19\u00a0se poursuit en France avec les vaccins Pfizer-BioNTech,\u00a0Moderna,\u00a0AstraZeneca et Janssen (chez les m\u00e9decins g\u00e9n\u00e9ralistes,\u00a0au travail et en pharmacie). Selon les <a href=\"https:\/\/solidarites-sante.gouv.fr\/actualites\/presse\/communiques-de-presse\/article\/vaccination-contre-la-covid-19-en-france-au-8-juillet-2021-plus-de-59-000-000\" target=\"_blank\" rel=\"noopener noreferrer\">chiffres du minist\u00e8re de la Sant\u00e9<\/a>, au 20\u00a0juillet, 38 184 499\u00a0personnes ont re\u00e7u au moins une injection (soit 56,6% de la population totale) et<strong> 31 310 025\u00a0personnes ont d\u00e9sormais un sch\u00e9ma vaccinal complet <\/strong>(soit 46,4% de la population totale). Les \u00e9pid\u00e9miologistes recommandent un taux de vaccination de 90% de la population pour atteindre l&rsquo;immunit\u00e9 collective. La prise de<strong> rendez-vous<\/strong> est possible sur les sites Internet <strong>Doctolib, Maiia et KelDoc<\/strong> et peut aussi se faire en contactant par t\u00e9l\u00e9phone le <strong>centre de vaccination<\/strong> le plus proche de chez soi (liste disponible sur\u00a0<a href=\"https:\/\/www.sante.fr\/centres-vaccination-covid.html\" target=\"_blank\" rel=\"noopener noreferrer\">Sante.fr<\/a>).\u00a0En cas de difficult\u00e9, le num\u00e9ro vert national\u00a0:<strong> 0\u00a0800\u00a0009\u00a0110<\/strong>,\u00a0permet d&rsquo;\u00eatre redirig\u00e9 vers le standard t\u00e9l\u00e9phonique d&rsquo;un centre ou d&rsquo;obtenir un accompagnement \u00e0 la prise de rendez-vous.<\/p>\n<div style=\"text-align:center\">\n<figure class=\"image\" style=\"display:inline-block\"><a class=\"fancy\" href=\"https:\/\/img-3.journaldesfemmes.fr\/Mnis9LHuTmyY4-CiFJH4oCdBR9I=\/1080x\/smart\/b4703300397f415f8dc63b81f4c542de\/ccmcms-jdf\/26418253.jpg\"><img decoding=\"async\" alt=\"Nombre de personnes vaccin\u00e9es en France au 15 juillet\" src=\"https:\/\/img-3.journaldesfemmes.fr\/Ne2i2w-Yv3rJQqT53qmNAaXx5nU=\/600x\/smart\/b4703300397f415f8dc63b81f4c542de\/ccmcms-jdf\/26418253.jpg\"\/><\/a><figcaption data-credit=\"Gouvernement.fr\" data-legend=\"Nombre de personnes vaccin\u00e9es en France au 15 juillet\">Nombre de personnes vaccin\u00e9es en France au 15 juillet <small>\u00a9\u00a0Gouvernement.fr<\/small><\/figcaption><\/figure>\n<\/div>\n<aside id=\"NL_252479902\" class=\"newsletter_subscription jNlBlock\"><noscript><br \/>\n            <\/noscript><\/p>\n<h3 class=\"newsletter_subscription-title\">Newsletter <\/h3>\n<p><a href=\"\/\/mailing.ccmbg.com\/archive\/last-85\" target=\"_blank\" class=\"a_hover\" rel=\"noopener noreferrer\">Voir un exemple<\/a><\/p>\n<\/aside>\n<p>Les<strong> Europ\u00e9ens vaccin\u00e9s<\/strong> contre le Covid-19\u00a0peuvent entrer en France sans test PCR<strong> depuis le 9\u00a0juin. <\/strong>Une\u00a0preuve de test n\u00e9gatif (PCR ou antig\u00e9nique) sera toujours exig\u00e9e pour les voyageurs en provenance du Royaume-Uni et des Etats-Unis. A partir du 9\u00a0juin \u00e9galement, les flux de voyageurs entre la France et les <strong>pays \u00e9trangers <\/strong>seront rouverts selon des modalit\u00e9s de chaque\u00a0pays\u00a0et de la vaccination. Le pass sanitaire europ\u00e9en est entr\u00e9 en vigueur le 1er juillet pour pouvoir <a href=\"https:\/\/www.affinite.fr\/index.php\/2023\/07\/29\/changer-de-vie-voyager-complement-de-retraite-devenez-vendeur-de-glace-a-litalienne\/\">voyager<\/a> en Europe.<\/p>\n<div class=\"ccminsert\">\n<aside class=\"app_widget_fo app_widget_fo--call\">\n<ul>\n<li>\n                <a href=\"https:\/\/sante.journaldesfemmes.fr\/fiches-maladies\/2608487-voyage-covid-19-retour-france-carte-pays-condition-portugal-corse-espagne-grece-test-pass-sanitaire\/\" class=\"jGTMWidgetGAEventClick\" data-gtmwidgetgaeventaction=\"clickWidgetCall\" data-gtmwidgetgaeventlabel=\"Voyage et Covid\u00a0: nouvelle carte, conditions Espagne, Portugal, Gr\u00e8ce...\"><\/p>\n<figure><picture><source media=\"(max-width: 480px)\" srcset=\"https:\/\/img-3.journaldesfemmes.fr\/zYztZz5-pxmnwALU9kyArgKQSVo=\/160x105\/smart\/d7f162e4b1034e93a21ad3b412e46ecf\/ccmcms-jdf\/26420282.jpg\" width=\"160\" height=\"105\"><img decoding=\"async\" src=\"https:\/\/img-3.journaldesfemmes.fr\/twB4hf8nKqqXqSkkfXJY4pmG82Y=\/200x132\/smart\/d7f162e4b1034e93a21ad3b412e46ecf\/ccmcms-jdf\/26420282.jpg\" alt=\"\" width=\"200\" height=\"132\" loading=\"lazy\"\/><\/source><\/picture><figcaption>\n<h3>Voyage et Covid\u00a0: nouvelle carte, conditions Espagne, Portugal, Gr\u00e8ce&#8230;<\/h3>\n<p>VOYAGE COVID &#8211; La nouvelle carte des pays en vert, rouge et orange a \u00e9t\u00e9 publi\u00e9e le 18\u00a0juillet. L&rsquo;Espagne, le Portugal, Chypre, les Pays-Bas et la Gr\u00e8ce exigent un test au d\u00e9part de moins de 24h pour les non vaccin\u00e9s. Les voyages au sein de la France sont possibles, sans restriction pour la m\u00e9tropole et avec le pass sanitaire pour la Corse et l&rsquo;Outre-mer. Pays \u00e0 risque, assurance voyage, carte et modalit\u00e9s par pays verts, rouges, orange&#8230;<\/p>\n<\/figcaption><\/figure>\n<p><\/a>\n            <\/li>\n<\/ul>\n<\/aside>\n<\/div>\n<section>\n<p>Le d\u00e9pistage du Covid-19 est r\u00e9alis\u00e9 en France par <strong>RT-PCT<\/strong> et par tests <strong>antig\u00e9niques (sans avance de frais et 100% pris en charge par la S\u00e9curit\u00e9 sociale)<\/strong>. Ces <strong>deux tests sont reconnus par le pass sanitaire.<\/strong> Depuis le 11 f\u00e9vrier 2021, les <strong>tests salivaires<\/strong> sont d\u00e9ploy\u00e9s dans les\u00a0\u00e9tablissements scolaires et peuvent \u00eatre utilis\u00e9s en premi\u00e8re intention pour d\u00e9pister la Covid-19, conform\u00e9ment aux recommandations de la <a href=\"https:\/\/www.has-sante.fr\/maintenance\/index.html\" target=\"_blank\" rel=\"noopener noreferrer\">HAS<\/a>. Depuis le 12 avril, des <strong>autotests <\/strong>Covid sont aussi disponibles en vente libre dans les pharmacies fran\u00e7aises (non rembours\u00e9) et peuvent \u00eatre utilis\u00e9s dans les \u00e9coles. Enfin, des <strong>tests s\u00e9rologiques <\/strong>peuvent \u00eatre r\u00e9alis\u00e9s en laboratoires (moins en pharmacie) pour avoir connaissance d&rsquo;une infection pass\u00e9e au Covid (ils ne sont pas rembours\u00e9s par la S\u00e9curit\u00e9 sociale).\u00a0<em>\u00ab\u00a0Il reste d\u00e9terminant que chaque personne pr\u00e9sentant des sympt\u00f4mes \u00e9vocateurs de COVID-19\u00a0s&rsquo;isole imm\u00e9diatement et r\u00e9alise un test diagnostique dans les plus brefs d\u00e9lais\u00a0\u00bb<\/em> rappelle Sant\u00e9 Publique France dans ses bulletins hebdomadaires.<\/p>\n<div class=\"ccminsert\">\n<aside class=\"app_widget_fo app_widget_fo--call\">\n<ul>\n<li>\n                <a href=\"https:\/\/sante.journaldesfemmes.fr\/fiches-maladies\/2623965-test-covid-pcr-salivaire-antigenique-pharmacie-sans-rdv-delai-resultats-serologique-payant-trod\/\" class=\"jGTMWidgetGAEventClick\" data-gtmwidgetgaeventaction=\"clickWidgetCall\" data-gtmwidgetgaeventlabel=\"Test Covid-19\u00a0: PCR payant, d\u00e9lai de r\u00e9sultat, rapide, antig\u00e9nique, salivaire...\"><\/p>\n<figure><picture><source media=\"(max-width: 480px)\" srcset=\"https:\/\/img-3.journaldesfemmes.fr\/F_aDL7vErHcLxWAmx-CULuZKhv4=\/160x105\/smart\/f28351d46bec4409becfdf210237516d\/ccmcms-jdf\/25936534.jpg\" width=\"160\" height=\"105\"><img decoding=\"async\" src=\"https:\/\/img-3.journaldesfemmes.fr\/mozSlFvoQZK42R9whuoClSrjtTA=\/200x132\/smart\/f28351d46bec4409becfdf210237516d\/ccmcms-jdf\/25936534.jpg\" alt=\"\" width=\"200\" height=\"132\" loading=\"lazy\"\/><\/source><\/picture><figcaption>\n<h3>Test Covid-19\u00a0: PCR payant, d\u00e9lai de r\u00e9sultat, rapide, antig\u00e9nique, salivaire&#8230;<\/h3>\n<p>PCR, antig\u00e9nique, salivaire, autotest&#8230; Plusieurs tests de d\u00e9pistage de la Covid-19\u00a0sont disponibles en France. Le plus fiable est le test PCR nasal. Il sera payant \u00e0 partir de cet automne a annonc\u00e9 Emmanuel Macron. Prix, test pour savoir si on a eu le Covid, en pharmacie, au laboratoire, d\u00e9lai de r\u00e9sultats&#8230; Guide.<\/p>\n<\/figcaption><\/figure>\n<p><\/a>\n            <\/li>\n<\/ul>\n<\/aside>\n<\/div>\n<p>Si au d\u00e9but, on ne parlait que de <strong>fi\u00e8vre<\/strong>, toux s\u00e8che, rhume, \u00e9tat grippal et de fatigue, les sympt\u00f4mes de l&rsquo;infection par le coronavirus ont \u00e9volu\u00e9. On sait d\u00e9sormais que le virus peut avoir des <strong>effets sur la peau<\/strong> (urticaire, l\u00e9sions inflammatoires sur les orteils), la sph\u00e8re digestive (vomissements, diarrh\u00e9es&#8230;), <strong>l&rsquo;odorat<\/strong>, le <strong>go\u00fbt <\/strong>et m\u00eame le cerveau.<em> <\/em><\/p>\n<p>\u2192<strong> Chaque personne pr\u00e9sentant des sympt\u00f4mes \u00e9vocateurs de COVID-19 doit s&rsquo;isoler imm\u00e9diatement et r\u00e9aliser un test diagnostique<\/strong> dans les plus brefs d\u00e9lais (sans avoir d&rsquo;ordonnance).<\/p>\n<p>\u2192<strong> <\/strong><strong>Appeler le\u00a015\u00a0en cas de\u00a0difficult\u00e9s respiratoires\u00a0: \u00ab\u00a0<\/strong><em>Si la toux et la\u00a0fi\u00e8vre s&rsquo;accompagnent d&rsquo;une g\u00eane respiratoire qui devient permanente avec souffle court, difficult\u00e9 \u00e0 inspirer et \u00e0 expirer, d&rsquo;une aggravation importante de la toux, cela peut signifier une \u00e9volution de la maladie sous la forme d&rsquo;une pneumopathie. Il s&rsquo;agit alors d&rsquo;une urgence respiratoire potentielle et comme dans tous les cas d&rsquo;urgence, il faut alors appeler le 15\u00a0qui prendra les meilleures dispositions pour r\u00e9pondre \u00e0 la situation\u00a0\u00bb, <\/em>pr\u00e9vient le Dr\u00a0Patrick Aub\u00e9, m\u00e9decin g\u00e9n\u00e9raliste. \u00a0<\/p>\n<div class=\"ccminsert\">\n<aside class=\"app_widget_fo app_widget_fo--list app_widget_fo--list-2-col\">\n<ul>\n<li>\n<h3>\n                    <a href=\"https:\/\/sante.journaldesfemmes.fr\/fiches-maladies\/2696267-covid-long-c-est-quoi-symptomes-contagieux-fatigue-prise-en-charge-france-traitement-vaccination\/\" class=\"jGTMWidgetGAEventClick\" data-gtmwidgetgaeventaction=\"clickWidgetListOnTwoColumns\" data-gtmwidgetgaeventlabel=\"Covid long\u00a0: sympt\u00f4mes, vaccination, contagieux ou pas\u00a0?\"><br \/>\n                        Covid long\u00a0: sympt\u00f4mes, vaccination, contagieux ou pas\u00a0?<br \/>\n                    <\/a><br \/>\n                <\/h3>\n<\/li>\n<li>\n<h3>\n                    <a href=\"https:\/\/sante.journaldesfemmes.fr\/fiches-sante-du-quotidien\/2627657-perte-odorat-anosmie-symptome-covid-19-duree-definition-cause-traitement-reeducation\/\" class=\"jGTMWidgetGAEventClick\" data-gtmwidgetgaeventaction=\"clickWidgetListOnTwoColumns\" data-gtmwidgetgaeventlabel=\"Perte de l'odorat\u00a0(anosmie)\u00a0: sympt\u00f4mes du Covid, dur\u00e9e, r\u00e9\u00e9ducation\"><br \/>\n                        Perte de l&rsquo;odorat\u00a0(anosmie)\u00a0: sympt\u00f4mes du Covid, dur\u00e9e, r\u00e9\u00e9ducation<br \/>\n                    <\/a><br \/>\n                <\/h3>\n<\/li>\n<li>\n<h3>\n                    <a href=\"https:\/\/sante.journaldesfemmes.fr\/fiches-maladies\/2625903-porteur-sain-covid-19-coronavirus-asymptomatique-definition-duree-isolement-anticorps-isolement-test\/\" class=\"jGTMWidgetGAEventClick\" data-gtmwidgetgaeventaction=\"clickWidgetListOnTwoColumns\" data-gtmwidgetgaeventlabel=\"Porteur sain Covid\u00a0(asymptomatique)\u00a0: d\u00e9finition, test, isolement\"><br \/>\n                        Porteur sain Covid\u00a0(asymptomatique)\u00a0: d\u00e9finition, test, isolement<br \/>\n                    <\/a><br \/>\n                <\/h3>\n<\/li>\n<li>\n<h3>\n                    <a href=\"https:\/\/sante.journaldesfemmes.fr\/fiches-maladies\/2665621-angine-ou-covid-19-symptomes-signes-fievre-mal-gorge-test-difference-contagion\/\" class=\"jGTMWidgetGAEventClick\" data-gtmwidgetgaeventaction=\"clickWidgetListOnTwoColumns\" data-gtmwidgetgaeventlabel=\"Angine ou Covid-19\u00a0: sympt\u00f4mes, diff\u00e9rences, test, contagion\"><br \/>\n                        Angine ou Covid-19\u00a0: sympt\u00f4mes, diff\u00e9rences, test, contagion<br \/>\n                    <\/a><br \/>\n                <\/h3>\n<\/li>\n<li>\n<h3>\n                    <a href=\"https:\/\/sante.journaldesfemmes.fr\/fiches-maladies\/2701631-probleme-maladie-foie-covid-atteinte-cancer-complication-sequelles-symptomes-risque-vaccination\/\" class=\"jGTMWidgetGAEventClick\" data-gtmwidgetgaeventaction=\"clickWidgetListOnTwoColumns\" data-gtmwidgetgaeventlabel=\"Probl\u00e8me au foie et Covid\u00a0: risques, s\u00e9quelles, vaccination\"><br \/>\n                        Probl\u00e8me au foie et Covid\u00a0: risques, s\u00e9quelles, vaccination<br \/>\n                    <\/a><br \/>\n                <\/h3>\n<\/li>\n<li>\n<h3>\n                    <a href=\"https:\/\/sante.journaldesfemmes.fr\/fiches-maladies\/2701633-fievre-covid-duree-obligatoire-que-faire-que-prendre-combien-temperature\/\" class=\"jGTMWidgetGAEventClick\" data-gtmwidgetgaeventaction=\"clickWidgetListOnTwoColumns\" data-gtmwidgetgaeventlabel=\"Fi\u00e8vre et Covid\u00a0: dur\u00e9e, temp\u00e9rature, est-ce obligatoire\u00a0?\"><br \/>\n                        Fi\u00e8vre et Covid\u00a0: dur\u00e9e, temp\u00e9rature, est-ce obligatoire\u00a0?<br \/>\n                    <\/a><br \/>\n                <\/h3>\n<\/li>\n<li>\n<h3>\n                    <a href=\"https:\/\/sante.journaldesfemmes.fr\/fiches-maladies\/2661241-rhume-ou-covid-19-symptomes-tableau-differences-ecole-que-faire-comment-savoir-travail\/\" class=\"jGTMWidgetGAEventClick\" data-gtmwidgetgaeventaction=\"clickWidgetListOnTwoColumns\" data-gtmwidgetgaeventlabel=\"Rhume ou Covid-19\u00a0: sympt\u00f4mes, tableau, \u00e9cole, que faire\u00a0?\"><br \/>\n                        Rhume ou Covid-19\u00a0: sympt\u00f4mes, tableau, \u00e9cole, que faire\u00a0?<br \/>\n                    <\/a><br \/>\n                <\/h3>\n<\/li>\n<li>\n<h3>\n                    <a href=\"https:\/\/sante.journaldesfemmes.fr\/fiches-maladies\/2626825-covid-ou-allergie-pollen-coronavirus-asthme-symptomes-toux-yeux-traitement\/\" class=\"jGTMWidgetGAEventClick\" data-gtmwidgetgaeventaction=\"clickWidgetListOnTwoColumns\" data-gtmwidgetgaeventlabel=\"Covid ou allergie au pollen\u00a0: sympt\u00f4mes, diff\u00e9rences, traitements\"><br \/>\n                        Covid ou allergie au pollen\u00a0: sympt\u00f4mes, diff\u00e9rences, traitements<br \/>\n                    <\/a><br \/>\n                <\/h3>\n<\/li>\n<li>\n<h3>\n                    <a href=\"https:\/\/sante.journaldesfemmes.fr\/fiches-maladies\/2676955-covid-19-ou-gastro-enterite-difference-symptomes-fievre-diarrhee-que-faire-complications\/\" class=\"jGTMWidgetGAEventClick\" data-gtmwidgetgaeventaction=\"clickWidgetListOnTwoColumns\" data-gtmwidgetgaeventlabel=\"Covid\u00a0ou gastro-ent\u00e9rite\u00a0: sympt\u00f4mes, quelles diff\u00e9rences\u00a0?\"><br \/>\n                        Covid\u00a0ou gastro-ent\u00e9rite\u00a0: sympt\u00f4mes, quelles diff\u00e9rences\u00a0?<br \/>\n                    <\/a><br \/>\n                <\/h3>\n<\/li>\n<li>\n<h3>\n                    <a href=\"https:\/\/sante.journaldesfemmes.fr\/fiches-sante-du-quotidien\/2627543-perte-gout-agueusie-covid-19-def-duree-cause-partielle-traitement-soigner\/\" class=\"jGTMWidgetGAEventClick\" data-gtmwidgetgaeventaction=\"clickWidgetListOnTwoColumns\" data-gtmwidgetgaeventlabel=\"Perte du go\u00fbt (agueusie)\u00a0: dur\u00e9e, Covid, comment soigner\u00a0?\"><br \/>\n                        Perte du go\u00fbt (agueusie)\u00a0: dur\u00e9e, Covid, comment soigner\u00a0?<br \/>\n                    <\/a><br \/>\n                <\/h3>\n<\/li>\n<\/ul>\n<\/aside>\n<\/div>\n<table border=\"1\" cellpadding=\"1\" cellspacing=\"1\" style=\"width:100%;\">\n<thead>\n<tr>\n<th scope=\"col\" style=\"text-align: center;\"><a id=\"date-cle-epidemie-covid-france-confinement\" name=\"date-cle-epidemie-covid-france-confinement\"><strong>DATES CL\u00c9S DE L&rsquo;\u00c9PID\u00c9MIE EN FRANCE<\/strong><\/a><\/th>\n<\/tr>\n<\/thead>\n<tbody>\n<tr>\n<td>\n<p><u><strong>2019<\/strong><\/u><\/p>\n<ul>\n<li><strong>31\u00a0d\u00e9cembre 2019,<\/strong> l&rsquo;Organisation mondiale de la Sant\u00e9 en Chine est inform\u00e9e de plusieurs cas de pneumonies dans la ville de Wuhan. 44\u00a0personnes sont infect\u00e9es entre cette date et le 3\u00a0janvier 2020.<\/li>\n<\/ul>\n<p><u><strong>2020<\/strong><\/u><\/p>\n<ul>\n<li><strong>7\u00a0janvier 2020, <\/strong>les autorit\u00e9s chinoises identifient un \u00ab\u00a0nouveau type de coronavirus\u00a0\u00bb.<\/li>\n<li><strong>13\u00a0janvier, <\/strong>un cas import\u00e9 est recens\u00e9 en Tha\u00eflande.<\/li>\n<li><strong>15\u00a0janvier<\/strong>, le virus cause\u00a0la mort d&rsquo;<strong>une premi\u00e8re\u00a0personne \u00e0 Wuhan<\/strong>, un homme de 69\u00a0ans.\u00a0<\/li>\n<li><strong>23\u00a0janvier,<\/strong> trois villes chinoises dont Wuhan sont plac\u00e9es en quarantaine.<\/li>\n<li><strong>25\u00a0janvier, trois personnes\u00a0contamin\u00e9es sont recens\u00e9es en France<\/strong>, deux \u00e0 Paris et une Bordeaux. Ce sont les premiers cas enregistr\u00e9s sur le continent europ\u00e9en.<\/li>\n<li><strong>30\u00a0janvier, <\/strong>l&rsquo;Organisation mondiale de la Sant\u00e9 <strong>d\u00e9cr\u00e8te\u00a0l&rsquo;<a href=\"https:\/\/sante.journaldesfemmes.fr\/fiches-maladies\/2608035-urgence-de-sante-publique-de-portee-internationale-definition-oms-coronavirus\/\" target=\"_blank\" rel=\"noopener noreferrer\">urgence de sant\u00e9 mondiale<\/a><\/strong>.\u00a0Cette mesure n&rsquo;avait \u00e9t\u00e9 d\u00e9cr\u00e9t\u00e9e que 5\u00a0fois depuis sa cr\u00e9ation (pour Ebola (deux fois), la grippe H1N1, Zika et la poliomy\u00e9lite).\u00a0<\/li>\n<li><strong>23\u00a0f\u00e9vrier, <\/strong>la France d\u00e9clenche le <a href=\"https:\/\/sante.journaldesfemmes.fr\/fiches-maladies\/2622449-plan-orsan-reb-definition-signification-qui-declenche-coronavirus-definition-duree\/\" target=\"_blank\" rel=\"noopener noreferrer\">plan ORSAN<\/a>, un dispositif exceptionnel d&rsquo;organisation des soins.<\/li>\n<li><strong>28\u00a0f\u00e9vrier,<\/strong> la France passe en stade 2\u00a0de l&rsquo;\u00e9pid\u00e9mie.<\/li>\n<li><strong>11\u00a0mars, <\/strong>l&rsquo;OMS classifie de <strong>pand\u00e9mie <\/strong>la diffusion de la maladie \u00e0 coronavirus Covid-19\u00a0dans le monde.<\/li>\n<li><strong>12\u00a0mars<\/strong>, le pr\u00e9sident de la R\u00e9publique Emmanuel Macron annonce la fermeture nationale des cr\u00e8ches et \u00e9tablissements scolaires de France \u00e0 compter du 16\u00a0mars et \u00ab\u00a0jusqu&rsquo;\u00e0 nouvel ordre\u00a0\u00bb.<\/li>\n<li><strong>14\u00a0mars<\/strong>, la France passe au <a href=\"https:\/\/sante.journaldesfemmes.fr\/fiches-maladies\/2625289-coronavirus-covid-19-stade-1-2-3-4-duree-mesure-france-signification-quand\/\" target=\"_blank\" rel=\"noopener noreferrer\"><strong>stade 3 <\/strong><\/a>de l&rsquo;\u00e9pid\u00e9mie.<\/li>\n<li><strong>16\u00a0mars\u00a0:\u00a0la France met en place un premier\u00a0confinement interdisant les d\u00e9placements.<\/strong><\/li>\n<li><strong>26\u00a0mars<\/strong>, un premier cas jeune meurt en France, une adolescente de 16\u00a0ans, en Ile-de-France originaire de Morsang-sur-Orge.<\/li>\n<li><strong>27\u00a0mars,<\/strong> le confinement de la population fran\u00e7aise est renouvel\u00e9 jusqu&rsquo;au 15\u00a0avril.<\/li>\n<li><strong>13\u00a0avril,<\/strong> Emmanuel Macron annonce le prolongement du confinement jusqu&rsquo;au 11\u00a0mai.<\/li>\n<li><strong>11\u00a0mai, la France commence son d\u00e9confinement.<\/strong><\/li>\n<li><strong>20\u00a0juillet,<\/strong>\u00a0le <strong>port du masque est rendu obligatoire <\/strong>dans les lieux publics clos en France.<\/li>\n<li><strong>17 octobre,<\/strong>\u00a0un <strong>couvre-feu <\/strong>est instaur\u00e9 dans 9 territoires fran\u00e7ais (Paris-Ile-de-France, Rouen, Grenoble, Lille, Lyon, Aix-Marseille, Montpellier, Saint-Etienne, Toulouse).<\/li>\n<li><strong>29 octobre<\/strong>\u00a0:<strong> un deuxi\u00e8me confinement est instaur\u00e9 en France.<\/strong><\/li>\n<li><strong>28 novembre : <\/strong>r\u00e9ouverture des commerces non essentiels un mois avant les f\u00eates de fin d&rsquo;ann\u00e9e.<\/li>\n<li><strong>15 d\u00e9cembre : d\u00e9confinement <\/strong>avec\u00a0couvre-feu de 20 heures \u00e0 6 heures du matin.<\/li>\n<li><strong>24 d\u00e9cembre<\/strong> <strong>: autorisation du vaccin Pfizer-BioNTech en France.<\/strong><\/li>\n<li><strong>27 d\u00e9cembre :<\/strong> d\u00e9but de la vaccination en France avec le vaccin Pfizer BioNTech.<\/li>\n<\/ul>\n<p><u><strong>2021<\/strong><\/u><\/p>\n<ul>\n<li><strong>8 janvier 2021<\/strong> <strong>:\u00a0autorisation du vaccin Moderna en France.<\/strong><\/li>\n<li><strong>31 janvier\u00a0<\/strong>: fermeture des fronti\u00e8res de la France\u00a0aux pays ext\u00e9rieurs \u00e0 l&rsquo;Union europ\u00e9enne<\/li>\n<li><strong>2 f\u00e9vrier<\/strong>\u00a0<strong>:\u00a0autorisation du vaccin AstraZeneca en France<\/strong>.<\/li>\n<li><strong>11 f\u00e9vrier : <\/strong>d\u00e9ploiement des tests salivaires dans les \u00e9tablissements scolaires.<\/li>\n<li><strong>12 mars :\u00a0autorisation du\u00a0vaccin\u00a0Johnson&amp;Johnson.<\/strong><\/li>\n<li><strong>16 mars <\/strong>: autorisation des autotests en France.<\/li>\n<li><strong>19 mars :<\/strong> confinement de 16 d\u00e9partements pour une dur\u00e9e de 4 semaines. Le couvre-feu repasse \u00e0 19 heures dans toute la France au lieu de 18 heures.<\/li>\n<li><strong>25 mars<\/strong> :\u00a0confinement de 3 nouveaux d\u00e9partements pour une dur\u00e9e de 4\u00a0semaines.<\/li>\n<li><strong>3 avril\u00a0: la France met en place son troisi\u00e8me confinement,<\/strong>\u00a0les \u00e9coles ferment pour trois semaines, les d\u00e9placements sont limit\u00e9s \u00e0 10 km.<\/li>\n<li><strong>12 avril :<\/strong> ouverture de la vaccination\u00a0\u00e0 tous les Fran\u00e7ais \u00e2g\u00e9s de\u00a055\u00a0ans ou plus.<\/li>\n<li><strong>3 mai : premi\u00e8re \u00e9tape du d\u00e9confinement <\/strong>avec la<strong>\u00a0<\/strong>fin de l&rsquo;attestation de d\u00e9placement et de la limitation des d\u00e9placements \u00e0 10 km. Le couvre-feu est en vigueur de 19h \u00e0 6h.<\/li>\n<li><strong>10 mai <\/strong>: ouverture de la vaccination aux plus de 50 ans.<\/li>\n<li><strong>19 mai :<\/strong>\u00a0deuxi\u00e8me \u00e9tape du d\u00e9confinement avec la r\u00e9ouverture des lieux essentiels ferm\u00e9s (terrasses des bars et restaurants, mus\u00e9es, cin\u00e9mas, th\u00e9\u00e2tres, commerces&#8230;) et couvre-feu de 21 h \u00e0 6 h.\u00a0<\/li>\n<li><strong>31 mai :<\/strong> ouverture de la vaccination \u00e0 toutes les personnes majeures, sans aucune condition.\u00a0<\/li>\n<li><strong>9 juin : <\/strong>troisi\u00e8me \u00e9tape du d\u00e9confinement avec la r\u00e9ouverture de plusieurs lieux (piscines, salles de sport, restaurants, bars, parcs d&rsquo;attractions&#8230;), la mise en place d&rsquo;un couvre-feu de 23h \u00e0 6h et du pass sanitaire national.\u00a0<\/li>\n<li><strong>17 juin <\/strong>: fin de l&rsquo;obligation de porter le masque en ext\u00e9rieur.<\/li>\n<li><strong>20 juin :<\/strong> fin du couvre-feu.<\/li>\n<li><strong>30 juin<\/strong> : d\u00e9confinement total de la France, suppression des jauges.<\/li>\n<li><strong>21\u00a0juillet<\/strong>\u00a0: Extension du<em>\u00a0<\/em>pass sanitaire \u00e0 tous les lieux de loisirs et de culture r\u00e9unissant plus de 50\u00a0personnes<\/li>\n<\/ul>\n<\/td>\n<\/tr>\n<\/tbody>\n<\/table>\n<p><em>Cet article est mis \u00e0 jour quotidiennement par <a href=\"https:\/\/www.journaldesfemmes.fr\/account\/ablaize-11409696\" target=\"_blank\" rel=\"noopener noreferrer\">Aur\u00e9lie Blaize<\/a>\u00a0et\u00a0<a href=\"https:\/\/www.journaldesfemmes.fr\/account\/anaisthiebaux-10573564\" target=\"_blank\" rel=\"noopener noreferrer\">Ana\u00efs Thi\u00e9baux<\/a>.<\/em><\/p>\n<\/section>\n<\/div>\n<p>[ad_2]<br \/>\n<br \/><a href=\"https:\/\/sante.journaldesfemmes.fr\/fiches-maladies\/2605417-covid-19-france-chiffres-nombre-cas-incidence-mort-vaccination-decret-pass-sanitaire-sanofi\/\">Source link <\/a><\/p>\n","protected":false},"excerpt":{"rendered":"<p>[ad_1] CORONAVIRUS DIRECT &#8211; \u00ab\u00a0Nous n&rsquo;avions jamais connu cela\u00a0\u00bb, s&rsquo;est inqui\u00e9t\u00e9 Olivier V\u00e9ran alors qu&rsquo;il annon\u00e7ait plus de 18\u00a0000\u00a0nouvelles contaminations. &hellip; <a href=\"https:\/\/www.affinite.fr\/index.php\/2021\/07\/20\/18-000-contaminations-debut-de-la-4e-vague\/\" class=\"more-link\">Plus <span class=\"screen-reader-text\">18\u00a0000\u00a0contaminations, d\u00e9but de la 4e vague<\/span> <span class=\"meta-nav\">&rarr;<\/span><\/a><\/p>\n","protected":false},"author":1,"featured_media":6682,"comment_status":"open","ping_status":"open","sticky":false,"template":"","format":"standard","meta":{"_sitemap_exclude":false,"_sitemap_priority":"","_sitemap_frequency":"","footnotes":""},"categories":[1],"tags":[],"class_list":["post-6681","post","type-post","status-publish","format-standard","has-post-thumbnail","hentry","category-tous"],"_links":{"self":[{"href":"https:\/\/www.affinite.fr\/index.php\/wp-json\/wp\/v2\/posts\/6681"}],"collection":[{"href":"https:\/\/www.affinite.fr\/index.php\/wp-json\/wp\/v2\/posts"}],"about":[{"href":"https:\/\/www.affinite.fr\/index.php\/wp-json\/wp\/v2\/types\/post"}],"author":[{"embeddable":true,"href":"https:\/\/www.affinite.fr\/index.php\/wp-json\/wp\/v2\/users\/1"}],"replies":[{"embeddable":true,"href":"https:\/\/www.affinite.fr\/index.php\/wp-json\/wp\/v2\/comments?post=6681"}],"version-history":[{"count":0,"href":"https:\/\/www.affinite.fr\/index.php\/wp-json\/wp\/v2\/posts\/6681\/revisions"}],"wp:featuredmedia":[{"embeddable":true,"href":"https:\/\/www.affinite.fr\/index.php\/wp-json\/wp\/v2\/media\/6682"}],"wp:attachment":[{"href":"https:\/\/www.affinite.fr\/index.php\/wp-json\/wp\/v2\/media?parent=6681"}],"wp:term":[{"taxonomy":"category","embeddable":true,"href":"https:\/\/www.affinite.fr\/index.php\/wp-json\/wp\/v2\/categories?post=6681"},{"taxonomy":"post_tag","embeddable":true,"href":"https:\/\/www.affinite.fr\/index.php\/wp-json\/wp\/v2\/tags?post=6681"}],"curies":[{"name":"wp","href":"https:\/\/api.w.org\/{rel}","templated":true}]}}