{"id":6631,"date":"2021-07-07T22:09:25","date_gmt":"2021-07-07T22:09:25","guid":{"rendered":"https:\/\/www.affinite.fr\/index.php\/2021\/07\/07\/jean-le-tout-jeune-fils-des-accuses-au-coeur-du-proces\/"},"modified":"2021-07-07T22:09:25","modified_gmt":"2021-07-07T22:09:25","slug":"jean-le-tout-jeune-fils-des-accuses-au-coeur-du-proces","status":"publish","type":"post","link":"https:\/\/www.affinite.fr\/index.php\/2021\/07\/07\/jean-le-tout-jeune-fils-des-accuses-au-coeur-du-proces\/","title":{"rendered":"Jean, le tout jeune fils des accus\u00e9s, au c\u0153ur du proc\u00e8s"},"content":{"rendered":"<p> [ad_1]<br \/>\n<br \/><img decoding=\"async\" src=\"https:\/\/img-3.journaldesfemmes.fr\/izJgk_7DOkmmkChCTJEhbNap6Ss=\/1280x\/smart\/5439ac2236fe421eaa58f2bf4d707ed6\/ccmcms-jdf\/26089077.jpg\" \/><\/p>\n<p>\n                Le fils d&rsquo;Hubert Caouissin et Lydie Troadec, d\u00e9sormais \u00e2g\u00e9 de 13\u00a0ans, est au c\u0153ur du proc\u00e8s de l&rsquo;affaire Troadec. Le petit Jean a v\u00e9cu isol\u00e9 et marginalis\u00e9 par ses parents durant son enfance, et il avait \u00e9t\u00e9 mis dans la confidence apr\u00e8s le quadruple-meurtre de son p\u00e8re&#8230;            <\/p>\n<div>\n<p>Il \u00e9tait absent du <strong>proc\u00e8s<\/strong>, et pourtant, son souvenir a souvent \u00e9t\u00e9 rappel\u00e9 au cours des audiences o\u00f9 l&rsquo;on le surnomme \u00ab\u00a0<strong>l&rsquo;enfant de l&rsquo;affaire Troadec<\/strong>\u00ab\u00a0. Jean (son pr\u00e9nom a \u00e9t\u00e9 modifi\u00e9), <strong>fils des accus\u00e9s Hubert Caouissin et Lydie Troadec<\/strong>, n&rsquo;a que 13\u00a0ans et il est un personnage-cl\u00e9 dans l&rsquo;affaire.\u00a0Sa vie a bascul\u00e9 \u00e0 jamais en f\u00e9vrier 2017, lorsque <strong>son p\u00e8re a tu\u00e9 Pascal Troadec, son beau-fr\u00e8re, ainsi que l&rsquo;\u00e9pouse et les enfants de ce dernier.<\/strong> Lydie Troadec, la femme du meurtrier et m\u00e8re du petit Jean, l&rsquo;avait aid\u00e9 \u00e0<strong> dissimuler les corps<\/strong>.\u00a0Les jours qui ont suivi le<strong> quadruple-meurtre<\/strong>, le jeune gar\u00e7on est <strong>rest\u00e9 isol\u00e9 dans la <a href=\"https:\/\/www.affinite.fr\/index.php\/2022\/10\/22\/la-creme-glacee-la-nouvelle-culture-commerciale\/\">ferme<\/a> de ses parents<\/strong> de Pont-de-Buis, dans le Finist\u00e8re, le temps que ses parents parach\u00e8vent leur macabre besogne et effacent toutes traces des corps.<br \/>Puis, peu avant d&rsquo;\u00eatre arr\u00eat\u00e9, Hubert Caouissin s&rsquo;\u00e9tait <strong>confi\u00e9 \u00e0 son fils<\/strong>, qui n&rsquo;avait que 8 ans \u00e0 l&rsquo;\u00e9poque. Il lui avait demand\u00e9 de le tenir au courant s&rsquo;il entendait parler de <strong>l&rsquo;affaire Troadec<\/strong> \u00e0 la t\u00e9l\u00e9vision. Et lorsque le drame a \u00e9t\u00e9 m\u00e9diatis\u00e9, il lui a souffl\u00e9, selon <em>Le Monde<\/em>:\u00a0\u00ab\u00a0<em>Tu vois, le monstre que tout le monde recherche, eh bien, c&rsquo;est papa. <strong>Papa a perdu son contr\u00f4le<\/strong><\/em>\u00ab\u00a0.<br \/>C&rsquo;est alors qu&rsquo;il lui a demand\u00e9 s&rsquo;il pr\u00e9f\u00e9rait <strong>un <em>\u00ab\u00a0papa mort<\/em>\u00a0\u00bb ou un \u00ab\u00a0<em>papa en prison \u00e0 vie<\/em>\u00ab\u00a0. <\/strong>Une terrible question qui hante encore le jeune gar\u00e7on, selon le t\u00e9moignage des \u00e9ducatrices.<\/p>\n<h2>Un \u00ab\u00a0enfant qui exprime peu d&rsquo;\u00e9motions\u00a0\u00bb<\/h2>\n<p>Le 8 mars 2017, ses parents venaient d&rsquo;\u00eatre <strong>plac\u00e9s en garde \u00e0 vue<\/strong>.\u00a0D&rsquo;apr\u00e8s <em>20 Minutes<\/em>, lorsque Tiffany Blondel, cheffe d&rsquo;\u00e9quipe au conseil d\u00e9partemental du Finist\u00e8re, \u00e9tait venue chercher l&rsquo;enfant, celui-ci dessinait sous la v\u00e9randa de sa grand-m\u00e8re.\u00a0Son \u0153uvre \u00e9tait \u00ab\u00a0<strong><em>assez morbide<\/em><\/strong>\u00a0\u00bb et repr\u00e9sentait des <em>\u00ab\u00a0<strong>tuyaux avec du sang qui coule<\/strong><\/em>\u00ab\u00a0, s&rsquo;est-elle rem\u00e9mor\u00e9e. Et de pr\u00e9ciser: \u00ab\u00a0<em>C&rsquo;est un enfant qui exprime peu d&rsquo;\u00e9motions. Il n&rsquo;a pas pleur\u00e9, il \u00e9tait dans son monde<\/em>\u00ab\u00a0. Un petit gar\u00e7on f\u00e9ru d&rsquo;histoire, de chevaliers et de Moyen-\u00c2ge.\u00a0<\/p>\n<div class=\"ccminsert\">\n<blockquote class=\"twitter-tweet\">\n<p dir=\"ltr\" lang=\"fr\">\u00ab\u00a0Il a tout racont\u00e9 \u00e0 son fils de 8 ans.\u00a0\u00bb<br \/>Affaire Troadec : le proc\u00e8s souvre demain, Hubert Caouissin sera jug\u00e9. Il a reconnu avoir d\u00e9membr\u00e9 les corps de Pascal, Brigitte, S\u00e9bastien et Charlotte Troadec.<\/p>\n<p>On en parle avec <a href=\"https:\/\/twitter.com\/FrRousseaux?ref_src=twsrc%5Etfw\">@FrRousseaux<\/a> dans <a href=\"https:\/\/twitter.com\/hashtag\/Quotidien?src=hash&amp;ref_src=twsrc%5Etfw\">#Quotidien<\/a> <a href=\"https:\/\/twitter.com\/Qofficiel\/status\/1407049452716802048\/video\/1\">pic.twitter.com\/mbSgEZl820<\/a><\/p>\n<p>\u2014 Quotidien (@Qofficiel) <a href=\"https:\/\/twitter.com\/Qofficiel\/status\/1407049452716802048?ref_src=twsrc%5Etfw\">June 21, 2021<\/a><\/p><\/blockquote>\n<\/div>\n<h2>Son \u00e9tonnant t\u00e9moignage<\/h2>\n<p>Puis, Jean a \u00e9t\u00e9 <strong>entendu par le juge des enfants<\/strong>. <em>\u00ab\u00a0Papa m&rsquo;avait dit un secret le 2\u00a0mars\u00a0: que c&rsquo;\u00e9tait lui qui avait tu\u00e9 la famille Troadec, et l\u00e0<strong>, j&rsquo;ai pleur\u00e9<\/strong>. Qu&rsquo;il avait<strong> tu\u00e9 les quatre membres<\/strong>. Il a parl\u00e9 de la voiture, qu&rsquo;il avait <strong>effac\u00e9 les traces avec un peu l&rsquo;aide de maman<\/strong> et qu&rsquo;ils avaient fait dispara\u00eetre les corps. C&rsquo;est papa qui m&rsquo;a racont\u00e9 tout \u00e7a. Je me souviens bien que c&rsquo;\u00e9tait le 2\u00a0mars, car j&rsquo;enregistre tout<\/em>\u00ab\u00a0, avait-il expliqu\u00e9 au juge, rapporte <em>Le Point<\/em>.<br \/>Tr\u00e8s \u00e9veill\u00e9 malgr\u00e9 son jeune\u00a0\u00e2ge, le petit gar\u00e7on avait poursuivi son t\u00e9moignage: \u00ab\u00a0<em>C&rsquo;est surtout <strong>papa qui a fait le principal<\/strong>. Maman a <strong>aid\u00e9 un peu<\/strong>. Elle a juste nettoy\u00e9 un peu le pantalon de papa et les taches de sang dans la voiture de S\u00e9bastien. C&rsquo;est papa qui me l&rsquo;a dit. <strong>Papa fera beaucoup plus d&rsquo;ann\u00e9es de prison que maman<\/strong><\/em>\u00ab\u00a0.<\/p>\n<h2>Un gar\u00e7on isol\u00e9, d\u00e9scolaris\u00e9, marginalis\u00e9<\/h2>\n<p>Au d\u00e9part, Jean n&rsquo;exprimait pas ou peu ses \u00e9motions. Il aura fallu attendre environ un mois pour que celui-ci comprenne, au moins en partie, la <strong>gravit\u00e9 de la situation<\/strong> et se <strong>mette \u00e0 pleurer<\/strong>.\u00a0Mais depuis qu&rsquo;il a \u00e9t\u00e9 plac\u00e9 en foyer,\u00a0le petit gar\u00e7on a \u00e9galement eu l&rsquo;occasion de vivre des choses \u00ab\u00a0<em>merveilleuses<\/em>\u00ab\u00a0, selon ses mots, gr\u00e2ce aux \u00e9ducatrices qui l&#8217;emmenaient en balade \u00e0 la mer et acheter des v\u00eatements.\u00a0Autant de moments qui \u00e9taient \u00ab\u00a0<em><strong>des premi\u00e8res<\/strong> <strong>fois<\/strong><\/em>\u00a0\u00bb pour Jean, qui a toujours <strong>v\u00e9cu de mani\u00e8re isol\u00e9e<\/strong> avec ses parents, et qui avait \u00e9t\u00e9 tr\u00e8s t\u00f4t <strong>d\u00e9scolaris\u00e9<\/strong> par son p\u00e8re.<br \/>Une <strong>solitude<\/strong> qui a affect\u00e9 le jeune gar\u00e7on.\u00a0\u00ab\u00a0<em>\u00c0 la ferme, l&rsquo;enfant<strong> s&rsquo;\u00e9tait li\u00e9 d&rsquo;amiti\u00e9 avec une poule<\/strong> qui s&rsquo;appelait Heidi et qu&rsquo;il consid\u00e9rait <strong>comme sa s\u0153u<\/strong><\/em><strong>r<\/strong>\u00ab\u00a0, a notamment expliqu\u00e9 une psychiatre \u00e0 qui il a parl\u00e9 de longues heures.\u00a0<\/p>\n<h2>Un avenir \u00e0 construire<\/h2>\n<aside id=\"NL_1244465534\" class=\"newsletter_subscription jNlBlock\"><noscript><br \/>\n            <\/noscript><\/p>\n<h3 class=\"newsletter_subscription-title\">Newsletter <\/h3>\n<p><a href=\"\/\/mailing.ccmbg.com\/archive\/last-85\" target=\"_blank\" class=\"a_hover\" rel=\"noopener noreferrer\">Voir un exemple<\/a><\/p>\n<\/aside>\n<p>\u00ab\u00a0<em>Aujourd&rsquo;hui, c&rsquo;est un mineur qui ne se pr\u00e9sente plus du tout en lien avec l&rsquo;affaire, qui a bien compris ce qui se passe aujourd&rsquo;hui, qu&rsquo;il est un <strong>individu \u00e0 part enti\u00e8re<\/strong>, qu&rsquo;il a le droit d&rsquo;\u00e9voluer, d&rsquo;avoir une<strong> vie future<\/strong><\/em>\u00ab\u00a0, a ass\u00e9n\u00e9 une \u00e9ducatrice. Il commence m\u00eame \u00e0 songer \u00e0 sa future <strong>vie professionnelle<\/strong>, en tant que m\u00e9decin, chercheur ou \u00e9crivain.\u00a0<br \/>Jean a charg\u00e9 son administratrice de dire \u00e0 ses parents qu&rsquo;il<strong> les aime<\/strong>, mais qu&rsquo;il pr\u00e9f\u00e8re la <em>\u00ab\u00a0relation \u00e0 distance<\/em>\u00ab\u00a0.<\/p>\n<\/p><\/div>\n<p><script async src=\"http:\/\/platform.twitter.com\/widgets.js\" charset=\"utf-8\"><\/script><br \/>\n<br \/>[ad_2]<br \/>\n<br \/><a href=\"https:\/\/www.journaldesfemmes.fr\/societe\/actu\/2729885-affaire-troadec-proces-fils-accuses-meurtre-hubert-caouissin\/\">Source link <\/a><\/p>\n","protected":false},"excerpt":{"rendered":"<p>[ad_1] Le fils d&rsquo;Hubert Caouissin et Lydie Troadec, d\u00e9sormais \u00e2g\u00e9 de 13\u00a0ans, est au c\u0153ur du proc\u00e8s de l&rsquo;affaire Troadec. &hellip; <a href=\"https:\/\/www.affinite.fr\/index.php\/2021\/07\/07\/jean-le-tout-jeune-fils-des-accuses-au-coeur-du-proces\/\" class=\"more-link\">Plus <span class=\"screen-reader-text\">Jean, le tout jeune fils des accus\u00e9s, au c\u0153ur du proc\u00e8s<\/span> <span class=\"meta-nav\">&rarr;<\/span><\/a><\/p>\n","protected":false},"author":1,"featured_media":6632,"comment_status":"open","ping_status":"open","sticky":false,"template":"","format":"standard","meta":{"_sitemap_exclude":false,"_sitemap_priority":"","_sitemap_frequency":"","footnotes":""},"categories":[1],"tags":[],"class_list":["post-6631","post","type-post","status-publish","format-standard","has-post-thumbnail","hentry","category-tous"],"_links":{"self":[{"href":"https:\/\/www.affinite.fr\/index.php\/wp-json\/wp\/v2\/posts\/6631"}],"collection":[{"href":"https:\/\/www.affinite.fr\/index.php\/wp-json\/wp\/v2\/posts"}],"about":[{"href":"https:\/\/www.affinite.fr\/index.php\/wp-json\/wp\/v2\/types\/post"}],"author":[{"embeddable":true,"href":"https:\/\/www.affinite.fr\/index.php\/wp-json\/wp\/v2\/users\/1"}],"replies":[{"embeddable":true,"href":"https:\/\/www.affinite.fr\/index.php\/wp-json\/wp\/v2\/comments?post=6631"}],"version-history":[{"count":0,"href":"https:\/\/www.affinite.fr\/index.php\/wp-json\/wp\/v2\/posts\/6631\/revisions"}],"wp:featuredmedia":[{"embeddable":true,"href":"https:\/\/www.affinite.fr\/index.php\/wp-json\/wp\/v2\/media\/6632"}],"wp:attachment":[{"href":"https:\/\/www.affinite.fr\/index.php\/wp-json\/wp\/v2\/media?parent=6631"}],"wp:term":[{"taxonomy":"category","embeddable":true,"href":"https:\/\/www.affinite.fr\/index.php\/wp-json\/wp\/v2\/categories?post=6631"},{"taxonomy":"post_tag","embeddable":true,"href":"https:\/\/www.affinite.fr\/index.php\/wp-json\/wp\/v2\/tags?post=6631"}],"curies":[{"name":"wp","href":"https:\/\/api.w.org\/{rel}","templated":true}]}}