{"id":6629,"date":"2021-07-07T17:35:25","date_gmt":"2021-07-07T17:35:25","guid":{"rendered":"https:\/\/www.affinite.fr\/index.php\/2021\/07\/07\/salade-de-nectarines-et-billes-de-mozzarella\/"},"modified":"2021-07-07T17:35:25","modified_gmt":"2021-07-07T17:35:25","slug":"salade-de-nectarines-et-billes-de-mozzarella","status":"publish","type":"post","link":"https:\/\/www.affinite.fr\/index.php\/2021\/07\/07\/salade-de-nectarines-et-billes-de-mozzarella\/","title":{"rendered":"Salade de nectarines et billes de mozzarella"},"content":{"rendered":"<p> [ad_1]<br \/>\n<\/p>\n<div id=\"post-38881\">&#13;<\/p>\n<div class=\"post-header-inner\">\n<div class=\"post-header-title\">\n<div class=\"post-meta single-post-meta\">\n\t\t\t\t<span class=\"time\"><time class=\"post-published updated\" datetime=\"2021-07-06T14:15:00+02:00\">Publi\u00e9 le <b>6 juillet 2021<\/b><\/time><\/span><br \/>\n\t\t\t<a href=\"https:\/\/www.chefnini.com\/salade-de-nectarines-et-billes-de-mozzarella\/#comments\" title=\"Laisser un commentaire sur &quot;Salade de nectarines et billes de mozzarella&quot;\" class=\"comments\"><i class=\"fa fa-comments-o\"\/> 5<\/a><\/div>\n<\/p><\/div>\n<\/p><\/div>\n<p>&#13;<\/p>\n<div class=\"entry-content clearfix single-post-content\">\n<p><img itemprop=\"image\" class=\"aligncenter size-full wp-image-38882\" data-src=\"https:\/\/static.chefnini.com\/wp-content\/uploads\/2020\/08\/salade-nectarines-mozzarella.jpg\" alt=\"\" width=\"500\" height=\"750\" srcset=\"https:\/\/static.chefnini.com\/wp-content\/uploads\/2020\/08\/salade-nectarines-mozzarella.jpg 500w, https:\/\/static.chefnini.com\/wp-content\/uploads\/2020\/08\/salade-nectarines-mozzarella-200x300.jpg 200w\" sizes=\"(max-width: 500px) 100vw, 500px\"\/><\/p>\n<p itemprop=\"description\">Me voil\u00e0 de retour parmi vous apr\u00e8s quelques semaines de vacances. Ca a fait beaucoup de bien !<\/p>\n<p>Je vous retrouve avec cette salade que j\u2019avais pr\u00e9par\u00e9e l\u2019ann\u00e9e derni\u00e8re et qui est tr\u00e8s rafra\u00eechissante \u00e0 base de nectarines et billes de mozzarella. J\u2019adore utiliser la nectarine dans les salades. Celle-ci est tout simple et la met bien en valeur.<\/p>\n<p>Le basilic pourrait \u00eatre remplac\u00e9 par de la menthe par exemple pour encore plus de fra\u00eecheur.<\/p>\n<p><span id=\"more-38881\"\/> <img itemprop=\"image\" class=\"aligncenter size-full wp-image-38883\" data-src=\"https:\/\/static.chefnini.com\/wp-content\/uploads\/2020\/08\/salade-nectarines-mozzarella2.jpg\" alt=\"\" width=\"730\" height=\"487\" srcset=\"https:\/\/static.chefnini.com\/wp-content\/uploads\/2020\/08\/salade-nectarines-mozzarella2.jpg 730w, https:\/\/static.chefnini.com\/wp-content\/uploads\/2020\/08\/salade-nectarines-mozzarella2-300x200.jpg 300w, https:\/\/static.chefnini.com\/wp-content\/uploads\/2020\/08\/salade-nectarines-mozzarella2-450x300.jpg 450w\" sizes=\"(max-width: 730px) 100vw, 730px\"\/><\/p>\n<p><img itemprop=\"image\" class=\"aligncenter size-full wp-image-38887\" data-src=\"https:\/\/static.chefnini.com\/wp-content\/uploads\/2020\/08\/salade-nectarines-mozzarella6.jpg\" alt=\"\" width=\"500\" height=\"750\" srcset=\"https:\/\/static.chefnini.com\/wp-content\/uploads\/2020\/08\/salade-nectarines-mozzarella6.jpg 500w, https:\/\/static.chefnini.com\/wp-content\/uploads\/2020\/08\/salade-nectarines-mozzarella6-200x300.jpg 200w\" sizes=\"(max-width: 500px) 100vw, 500px\"\/><\/p>\n<p><img itemprop=\"image\" class=\"aligncenter size-full wp-image-38884\" data-src=\"https:\/\/static.chefnini.com\/wp-content\/uploads\/2020\/08\/salade-nectarines-mozzarella3.jpg\" alt=\"\" width=\"500\" height=\"750\" srcset=\"https:\/\/static.chefnini.com\/wp-content\/uploads\/2020\/08\/salade-nectarines-mozzarella3.jpg 500w, https:\/\/static.chefnini.com\/wp-content\/uploads\/2020\/08\/salade-nectarines-mozzarella3-200x300.jpg 200w\" sizes=\"(max-width: 500px) 100vw, 500px\"\/><\/p>\n<h3\/>\n<h3 itemprop=\"recipeYield\">Pour 4 personnes :<\/h3>\n<ul>\n<li itemprop=\"ingredients\">3 nectarines<\/li>\n<li itemprop=\"ingredients\">Un pot de 150 g (poids \u00e9goutt\u00e9) de billes de mozzarella de bufflonne<\/li>\n<li itemprop=\"ingredients\">1 cuill\u00e8re \u00e0 soupe d\u2019oignon rouge hach\u00e9<\/li>\n<li itemprop=\"ingredients\">1 filet d\u2019huile d\u2019olive<\/li>\n<li itemprop=\"ingredients\">10 dizaines de mini feuilles de basilic (ou 4 feuilles cisel\u00e9es)<\/li>\n<li itemprop=\"ingredients\">1 trait de jus de citron<\/li>\n<li itemprop=\"ingredients\">Sel, poivre<\/li>\n<\/ul>\n<h3\/>\n<div itemprop=\"recipeInstructions\">\n<p><img itemprop=\"image\" class=\"aligncenter size-full wp-image-38886\" data-src=\"https:\/\/static.chefnini.com\/wp-content\/uploads\/2020\/08\/salade-nectarines-mozzarella5.jpg\" alt=\"\" width=\"500\" height=\"750\" srcset=\"https:\/\/static.chefnini.com\/wp-content\/uploads\/2020\/08\/salade-nectarines-mozzarella5.jpg 500w, https:\/\/static.chefnini.com\/wp-content\/uploads\/2020\/08\/salade-nectarines-mozzarella5-200x300.jpg 200w\" sizes=\"(max-width: 500px) 100vw, 500px\"\/><\/p>\n<p>1- Lavez les nectarines (ou \u00e9pluchez les p\u00eaches) et coupez-les en 8.<\/p>\n<p>2- Dressez dans une assiette de service. R\u00e9partissez les billes de mozzarella et parsemez de basilic et d\u2019oignon.<\/p>\n<p>3- Arrosez d\u2019un filet d\u2019huile d\u2019olive et d\u2019un trait de jus de citron. Salez l\u00e9g\u00e8rement et poivrez.<\/p>\n<p>4- Placez au frais 1 heure pour que les saveurs s\u2019impr\u00e8gnent.<\/p>\n<p><img itemprop=\"image\" class=\"aligncenter size-full wp-image-38888\" data-src=\"https:\/\/static.chefnini.com\/wp-content\/uploads\/2020\/08\/salade-nectarines-mozzarella4-1.jpg\" alt=\"\" width=\"500\" height=\"750\" srcset=\"https:\/\/static.chefnini.com\/wp-content\/uploads\/2020\/08\/salade-nectarines-mozzarella4-1.jpg 500w, https:\/\/static.chefnini.com\/wp-content\/uploads\/2020\/08\/salade-nectarines-mozzarella4-1-200x300.jpg 200w\" sizes=\"(max-width: 500px) 100vw, 500px\"\/><\/p>\n<\/div>\n<p> <!-- recipeInstructions --> \t\t\t\t\t\t\t\t\t<\/div>\n<p>&#13;<\/p>\n<p>\t\t&#13;\n\t\t\t\t\t\t\t\t\t\t<\/p><\/div>\n<p>[ad_2]<br \/>\n<br \/><a href=\"https:\/\/www.chefnini.com\/salade-de-nectarines-et-billes-de-mozzarella\/\">Source link <\/a><\/p>\n","protected":false},"excerpt":{"rendered":"<p>[ad_1] &#13; Publi\u00e9 le 6 juillet 2021 5 &#13; Me voil\u00e0 de retour parmi vous apr\u00e8s quelques semaines de vacances. &hellip; <a href=\"https:\/\/www.affinite.fr\/index.php\/2021\/07\/07\/salade-de-nectarines-et-billes-de-mozzarella\/\" class=\"more-link\">Plus <span class=\"screen-reader-text\">Salade de nectarines et billes de mozzarella<\/span> <span class=\"meta-nav\">&rarr;<\/span><\/a><\/p>\n","protected":false},"author":1,"featured_media":6630,"comment_status":"open","ping_status":"open","sticky":false,"template":"","format":"standard","meta":{"_sitemap_exclude":false,"_sitemap_priority":"","_sitemap_frequency":"","footnotes":""},"categories":[1],"tags":[],"class_list":["post-6629","post","type-post","status-publish","format-standard","has-post-thumbnail","hentry","category-tous"],"_links":{"self":[{"href":"https:\/\/www.affinite.fr\/index.php\/wp-json\/wp\/v2\/posts\/6629"}],"collection":[{"href":"https:\/\/www.affinite.fr\/index.php\/wp-json\/wp\/v2\/posts"}],"about":[{"href":"https:\/\/www.affinite.fr\/index.php\/wp-json\/wp\/v2\/types\/post"}],"author":[{"embeddable":true,"href":"https:\/\/www.affinite.fr\/index.php\/wp-json\/wp\/v2\/users\/1"}],"replies":[{"embeddable":true,"href":"https:\/\/www.affinite.fr\/index.php\/wp-json\/wp\/v2\/comments?post=6629"}],"version-history":[{"count":0,"href":"https:\/\/www.affinite.fr\/index.php\/wp-json\/wp\/v2\/posts\/6629\/revisions"}],"wp:featuredmedia":[{"embeddable":true,"href":"https:\/\/www.affinite.fr\/index.php\/wp-json\/wp\/v2\/media\/6630"}],"wp:attachment":[{"href":"https:\/\/www.affinite.fr\/index.php\/wp-json\/wp\/v2\/media?parent=6629"}],"wp:term":[{"taxonomy":"category","embeddable":true,"href":"https:\/\/www.affinite.fr\/index.php\/wp-json\/wp\/v2\/categories?post=6629"},{"taxonomy":"post_tag","embeddable":true,"href":"https:\/\/www.affinite.fr\/index.php\/wp-json\/wp\/v2\/tags?post=6629"}],"curies":[{"name":"wp","href":"https:\/\/api.w.org\/{rel}","templated":true}]}}