{"id":6627,"date":"2021-07-06T22:08:44","date_gmt":"2021-07-06T22:08:44","guid":{"rendered":"https:\/\/www.affinite.fr\/index.php\/2021\/07\/06\/ceremonie-douverture-et-premiers-moments-forts-du-74e-festival-de-cannes\/"},"modified":"2021-07-06T22:08:44","modified_gmt":"2021-07-06T22:08:44","slug":"ceremonie-douverture-et-premiers-moments-forts-du-74e-festival-de-cannes","status":"publish","type":"post","link":"https:\/\/www.affinite.fr\/index.php\/2021\/07\/06\/ceremonie-douverture-et-premiers-moments-forts-du-74e-festival-de-cannes\/","title":{"rendered":"C\u00e9r\u00e9monie d&rsquo;Ouverture et premiers moments forts du 74e Festival de Cannes"},"content":{"rendered":"<p> [ad_1]<br \/>\n<br \/><img decoding=\"async\" src=\"https:\/\/img-3.journaldesfemmes.fr\/qbY2WppPKt_s0todxZlLLyo2FaM=\/1280x\/smart\/f610835e36a2419698c4167516a7d42e\/ccmcms-jdf\/26065049.jpg\" \/><\/p>\n<p>\n                \u00c7a y est, le 74e Festival de Cannes\u00a0est lanc\u00e9 avec Doria Tillier en maitresse de c\u00e9r\u00e9monie et Spike Lee en pr\u00e9sident du jury. Revivez les grands instants de cette premi\u00e8re soir\u00e9e cannoise.            <\/p>\n<div>\n<p>Cela faisait plus de deux ans que les stars n&rsquo;avaient pas foul\u00e9 le tapis rouge cannois et que des films du monde entier n&rsquo;avaient pas \u00e9t\u00e9 projet\u00e9s dans l&rsquo;enceinte du Palais des Festivals de Cannes.\u00a0Pour f\u00eater ce retour \u00e0 une vie un peu plus normale et le\u00a0retour dans les salles de cin\u00e9ma, <strong>le <a href=\"https:\/\/www.journaldesfemmes.fr\/loisirs\/cinema\/2518350-festival-de-cannes-2021-jury-stars-ceremonie-ouverture\/\" title=\"Festival de Cannes\">Festival de Cannes 2021<\/a> s&rsquo;est ouvert<\/strong> ce mardi 6\u00a0juillet avec <strong>Doria Tillier en ma\u00eetresse de c\u00e9r\u00e9monie.<\/strong>\u00a0<\/p>\n<div class=\"ccminsert\">\n<blockquote class=\"twitter-tweet\">\n<p dir=\"ltr\" lang=\"fr\">\u00ab\u00a0C&rsquo;est vraiment un retour au cin\u00e9ma dans le sens premier du terme. On est au cin\u00e9ma pour voir, comme n&rsquo;importe spectateur du monde\u00a0\u00bb Doria Tillier ma\u00eetresse de c\u00e9r\u00e9monie de <a href=\"https:\/\/twitter.com\/hashtag\/Cannes2021?src=hash&amp;ref_src=twsrc%5Etfw\">#Cannes2021<\/a> <a href=\"https:\/\/twitter.com\/CanalplusCinema\/status\/1412466480877297669\/video\/1\">pic.twitter.com\/E9SngYY1s2<\/a><\/p>\n<p>\u2014 CANAL+ Cin\u00e9ma (@CanalplusCinema) <a href=\"https:\/\/twitter.com\/CanalplusCinema\/status\/1412466480877297669?ref_src=twsrc%5Etfw\">July 6, 2021<\/a><\/p><\/blockquote>\n<\/div>\n<h2>Le festival du renouveau<\/h2>\n<p>Lorsque Doria Tillier est arriv\u00e9 sur la grande sc\u00e8ne du Palais des Festivals, elle a imm\u00e9diatement exprim\u00e9 cette<strong> joie collective de se retrouver<\/strong>.\u00a0Consid\u00e9r\u00e9 comme <strong>le Festival du renouveau<\/strong>, elle a insist\u00e9 sur le bonheur\u00a0que le cin\u00e9ma\u00a0procure, sur tout le travail fait en amont des films pour \u00ab\u00a0<em>arriver aux 5% restant qui provoquent la <strong>magie du Cin\u00e9ma<\/strong><\/em>\u00ab\u00a0.<\/p>\n<h2>Une Palme d&rsquo;honneur pour Jodie Foster<\/h2>\n<p>Doria Tillier a ensuite accueillit\u00a0<strong><a href=\"https:\/\/www.journaldesfemmes.fr\/people\/jodie-foster\/\" title=\"Jodie Foster\">Jodie Foster<\/a><\/strong> qui s&rsquo;est exprim\u00e9\u00a0dans son fran\u00e7ais impeccable. \u00ab\u00a0<em>Alors \u00e7a fait du bien de sortir hein\u00a0?\u00a0\u00bb <\/em>s&rsquo;est-elle amus\u00e9e \u00e0 dire en s&rsquo;adressant au parterre de c\u00e9l\u00e9brit\u00e9s.<br \/><strong>Celle a qui l&rsquo;on remettait une Palme d&rsquo;Or d&rsquo;honneur<\/strong>\u00a0a ensuite insist\u00e9 sur la fa\u00e7on dont le cin\u00e9ma avait \u00e9t\u00e9 \u00ab\u00a0<em>une bou\u00e9e de sauvetage pendant cette ann\u00e9e particuli\u00e8re<\/em>\u00ab\u00a0, et a assur\u00e9 qu&rsquo;elle ne perdrait jamais son \u00e9merveillement pour le cin\u00e9ma.<\/p>\n<p>Plus tard, <strong>Pedro Almodovar <\/strong>a \u00e9t\u00e9 appel\u00e9 pour lui remettre cette Palme d&rsquo;Or d&rsquo;honneur en rappelant que l&rsquo;actrice\u00a0a \u00e9t\u00e9 connue du monde entier<strong> il y a 45\u00a0ans \u00e0 Cannes lorsqu&rsquo;elle \u00e9tait venue pour <em>Taxi Driver<\/em><\/strong>. Il en a profit\u00e9 pour louer\u00a0une actrice \u00ab\u00a0<em>qui sait montrer sa force sans cacher ses faiblesses\u00a0\u00bb.<\/em><br \/>L&rsquo;actrice am\u00e9ricaine de 58\u00a0ans a accept\u00e9 cette palme <strong>en rappelant sa fiert\u00e9 de toujours faire partir de la grande communaut\u00e9 du Cin\u00e9ma.<\/strong><\/p>\n<h2>Un jury h\u00e9t\u00e9roclite pr\u00e9sid\u00e9 par Spike Lee<\/h2>\n<p>Doria Tillier a ensuite invit\u00e9 le jury \u00e0 venir s&rsquo;assoir pour assister \u00e0 la fin de la c\u00e9r\u00e9monie en les appelant un par un: <strong>Mati Diop, Myl\u00e8ne Farmer, Maggie Gyllenhaal, Jessica Hausner, M\u00e9lanie Laurent, Kleber Mendon\u00e7a Filho, Tahar Rahim<\/strong> et\u00a0<strong>Song Kang-ho<\/strong> ont \u00e9t\u00e9 rejoint par <strong>Spike\u00a0Lee<\/strong>, impeccable dans son costume rose qui est arriv\u00e9 sur sc\u00e8ne en criant\u00a0: \u00ab\u00a0<em>Vive la France !<\/em>\u00ab\u00a0. Le fran\u00e7ais du r\u00e9alisateur culte de New York \u00e9tant limit\u00e9, il a confess\u00e9\u00a0qu&rsquo;il\u00a0aimerait parler fran\u00e7ais comme Jodie Foster.<\/p>\n<aside id=\"NL_460861735\" class=\"newsletter_subscription jNlBlock\"><noscript><br \/>\n            <\/noscript><\/p>\n<h3 class=\"newsletter_subscription-title\">Newsletter <\/h3>\n<p><a href=\"\/\/mailing.ccmbg.com\/archive\/last-85\" target=\"_blank\" class=\"a_hover\" rel=\"noopener noreferrer\">Voir un exemple<\/a><\/p>\n<\/aside>\n<p>Un long montage d&rsquo;une quinzaine de minutes a pr\u00e9sent\u00e9 tous les films d&rsquo;une <strong>comp\u00e9tition <\/strong>qui s&rsquo;annonce<strong> riche en univers et en talents<\/strong>.\u00a0<br \/>Puis <strong>Bon\u00a0Joon-ho<\/strong>, le r\u00e9alisateur de <em>Parasite<\/em> (la Palme d&rsquo;or 2019)\u00a0est venu faire la liaison entre l&rsquo;\u00e9dition de 2019\u00a0et celle de cette ann\u00e9e et semblait <strong>visiblement tr\u00e8s heureux que le 7e Art\u00a0reprenne sa route<\/strong> et que la 74e \u00e9dition du festival de Cannes soit ouverte, en espagnol fran\u00e7ais, cor\u00e9en et anglais par les protagonistes de cette soir\u00e9e du renouveau.\u00a0<\/p>\n<p>Place au film d&rsquo;ouverture, le tr\u00e8s attendu et musical\u00a0<strong><em>Annette<\/em> de<\/strong> <strong>Leos Carax!<\/strong><\/p>\n<\/p><\/div>\n<p><script async src=\"http:\/\/platform.twitter.com\/widgets.js\" charset=\"utf-8\"><\/script><br \/>\n<br \/>[ad_2]<br \/>\n<br \/><a href=\"https:\/\/www.journaldesfemmes.fr\/loisirs\/cinema\/2729621-ceremonie-ouverture-festival-cannes-doria-tillier-jodie-foster-spike-lee\/\">Source link <\/a><\/p>\n","protected":false},"excerpt":{"rendered":"<p>[ad_1] \u00c7a y est, le 74e Festival de Cannes\u00a0est lanc\u00e9 avec Doria Tillier en maitresse de c\u00e9r\u00e9monie et Spike Lee &hellip; <a href=\"https:\/\/www.affinite.fr\/index.php\/2021\/07\/06\/ceremonie-douverture-et-premiers-moments-forts-du-74e-festival-de-cannes\/\" class=\"more-link\">Plus <span class=\"screen-reader-text\">C\u00e9r\u00e9monie d&rsquo;Ouverture et premiers moments forts du 74e Festival de Cannes<\/span> <span class=\"meta-nav\">&rarr;<\/span><\/a><\/p>\n","protected":false},"author":1,"featured_media":6628,"comment_status":"open","ping_status":"open","sticky":false,"template":"","format":"standard","meta":{"_sitemap_exclude":false,"_sitemap_priority":"","_sitemap_frequency":"","footnotes":""},"categories":[1],"tags":[],"class_list":["post-6627","post","type-post","status-publish","format-standard","has-post-thumbnail","hentry","category-tous"],"_links":{"self":[{"href":"https:\/\/www.affinite.fr\/index.php\/wp-json\/wp\/v2\/posts\/6627"}],"collection":[{"href":"https:\/\/www.affinite.fr\/index.php\/wp-json\/wp\/v2\/posts"}],"about":[{"href":"https:\/\/www.affinite.fr\/index.php\/wp-json\/wp\/v2\/types\/post"}],"author":[{"embeddable":true,"href":"https:\/\/www.affinite.fr\/index.php\/wp-json\/wp\/v2\/users\/1"}],"replies":[{"embeddable":true,"href":"https:\/\/www.affinite.fr\/index.php\/wp-json\/wp\/v2\/comments?post=6627"}],"version-history":[{"count":0,"href":"https:\/\/www.affinite.fr\/index.php\/wp-json\/wp\/v2\/posts\/6627\/revisions"}],"wp:featuredmedia":[{"embeddable":true,"href":"https:\/\/www.affinite.fr\/index.php\/wp-json\/wp\/v2\/media\/6628"}],"wp:attachment":[{"href":"https:\/\/www.affinite.fr\/index.php\/wp-json\/wp\/v2\/media?parent=6627"}],"wp:term":[{"taxonomy":"category","embeddable":true,"href":"https:\/\/www.affinite.fr\/index.php\/wp-json\/wp\/v2\/categories?post=6627"},{"taxonomy":"post_tag","embeddable":true,"href":"https:\/\/www.affinite.fr\/index.php\/wp-json\/wp\/v2\/tags?post=6627"}],"curies":[{"name":"wp","href":"https:\/\/api.w.org\/{rel}","templated":true}]}}