{"id":6615,"date":"2021-07-03T22:05:49","date_gmt":"2021-07-03T22:05:49","guid":{"rendered":"https:\/\/www.affinite.fr\/index.php\/2021\/07\/03\/covid-france-les-derniers-chiffres-6\/"},"modified":"2021-07-03T22:05:49","modified_gmt":"2021-07-03T22:05:49","slug":"covid-france-les-derniers-chiffres-6","status":"publish","type":"post","link":"https:\/\/www.affinite.fr\/index.php\/2021\/07\/03\/covid-france-les-derniers-chiffres-6\/","title":{"rendered":"Covid France\u00a0: les derniers chiffres"},"content":{"rendered":"<p> [ad_1]<br \/>\n<\/p>\n<p>\n                CORONAVIRUS DIRECT &#8211; Les chiffres de l&rsquo;\u00e9pid\u00e9mie de Covid restent bas\u00a0en France avec 3006\u00a0nouveaux cas confirm\u00e9s entre le 2\u00a0juillet et le 3\u00a0juillet. Mais les autorit\u00e9s sanitaires notent un ralentissement de la baisse des indicateurs \u00e9pid\u00e9miologiques. Variant Delta, quatri\u00e8me vague, vaccination obligatoire des soignants, pour tous\u00a0: actualit\u00e9s et bilan chiffr\u00e9 du Covid en France.            <\/p>\n<div>\n<aside class=\"ccmsummary marqueur_module ccmcss_cms_summary ccmcss_cms_summary--right\">\n<p>\u00a0Sommaire<\/p>\n<\/aside>\n<p><strong>[Mis\u00a0\u00e0 jour le samedi 3 juillet \u00e0 21h03<\/strong><b>]<\/b>\u00a0Les chiffres de l&rsquo;\u00e9pid\u00e9mie de Covid restent bas<strong>\u00a0<\/strong>en <strong>France <\/strong>avec<strong> 3006 nouveaux cas de Covid<\/strong> confirm\u00e9s entre le 2 juillet\u00a0et le 3\u00a0juillet mais la <strong>diminution <\/strong>des cas observ\u00e9e ces derni\u00e8res semaines est<em> <strong>\u00ab\u00a0moins marqu\u00e9e\u00a0\u00bb <\/strong><\/em><strong>depuis le 21 juin, <\/strong>souligne Sant\u00e9 Publique France dans son <a href=\"https:\/\/www.santepubliquefrance.fr\/maladies-et-traumatismes\/maladies-et-infections-respiratoires\/infection-a-coronavirus\/documents\/bulletin-national\/covid-19-point-epidemiologique-du-1er-juillet-2021\" target=\"_blank\" rel=\"noopener noreferrer\">bulletin \u00e9pid\u00e9miologique du 1er juillet<\/a>.<em> \u00ab\u00a0Nous constatons depuis quelques jours que le taux d&rsquo;incidence ne diminue plus\u00a0\u00bb<\/em>\u00a0a confirm\u00e9 Gabriel Attal lors d&rsquo;un d\u00e9placement dans un centre de vaccination d&rsquo;Argel\u00e8s-sur-Mer.<em> \u00ab\u00a0Il faut<strong> tout faire pour \u00e9viter une reprise de l&rsquo;\u00e9pid\u00e9mie\u00a0\u00bb<\/strong><\/em><strong>\u00a0<\/strong>a-t-il insist\u00e9. Le\u00a0ministre de la Sant\u00e9 Olivier V\u00e9ran\u00a0a\u00a0annonc\u00e9\u00a0qu&rsquo;il serait possible, \u00e0 compter de lundi, d&rsquo;<strong>effectuer sa deuxi\u00e8me injection dans un autre centre de vaccination que le premier<\/strong>.\u00a0Jean Castex\u00a0a expliqu\u00e9 dans un courrier adress\u00e9 aux parlementaires, dont nos confr\u00e8res ont eu connaissance, qu&rsquo;il souhaitait\u00a0<em>\u00ab\u00a0que le d\u00e9bat sur l&rsquo;obligation vaccinale puisse \u00eatre pos\u00e9\u00a0\u00bb. <\/em>Le Premier ministre r\u00e9fl\u00e9chit aussi<strong>\u00a0\u00e0 l&rsquo;extension du\u00a0<em>\u00ab\u00a0champ d&rsquo;application du pass sanitaire\u00a0\u00bb<\/em>.\u00a0<\/strong>Le pass sanitaire est<strong> obligatoire en France<\/strong> pour assister aux \u00e9v\u00e8nements de plus de 1000 personnes et pour<strong> <a href=\"https:\/\/www.affinite.fr\/index.php\/2023\/07\/29\/changer-de-vie-voyager-complement-de-retraite-devenez-vendeur-de-glace-a-litalienne\/\">voyager<\/a> en Europe.<\/strong>\u00a0Quels sont les derniers chiffres de l&rsquo;\u00e9pid\u00e9mie ?\u00a0<span style=\"font-size: 1rem;\">Que disent les\u00a0<\/span><a data-auth=\"NotApplicable\" href=\"https:\/\/sante.journaldesfemmes.fr\/fiches-maladies\/2667643-carte-covid-19-france-departement-direct-monde-europe-vaccination-voyage-monde-pays-verts\/\" rel=\"noopener noreferrer\" style=\"font-size: 1rem; background-color: rgb(255, 255, 255);\" target=\"_blank\">cartes<\/a><span style=\"font-size: 1rem;\"> de suivi de l&rsquo;\u00e9pid\u00e9mie\u00a0? Quels sont les <\/span><a href=\"https:\/\/sante.journaldesfemmes.fr\/fiches-maladies\/2630075-symptomes-coronavirus-covid-19-mal-gorge-rhume-que-faire-variant-premier-apparition-duree\/\" style=\"font-size: 1rem; background-color: rgb(255, 255, 255);\" target=\"_blank\" rel=\"noopener noreferrer\">sympt\u00f4mes du coronavirus<\/a><span style=\"font-size: 1rem;\"> ? Quand <\/span><a href=\"https:\/\/sante.journaldesfemmes.fr\/fiches-maladies\/2621211-isolement-covid-19-variant-anglais-7-10-jours-cas-contact-duree-declarer-certificat-attestation\/\" style=\"font-size: 1rem; background-color: rgb(255, 255, 255);\" target=\"_blank\" rel=\"noopener noreferrer\">s&rsquo;isoler et combien de temps<\/a><span style=\"font-size: 1rem;\"> ?\u00a0<\/span><a data-auth=\"NotApplicable\" href=\"https:\/\/sante.journaldesfemmes.fr\/fiches-maladies\/2629823-taux-de-reproduction-covid-france-coronavirus-r0-r-effectif-calcul-definition-2021-aujourd-hui-courbe\/\" rel=\"noopener noreferrer\" style=\"font-size: 1rem; background-color: rgb(255, 255, 255);\" target=\"_blank\">Quel est le taux de R0\u00a0du virus<\/a><span style=\"font-size: 1rem;\">\u00a0? Quand est-on <\/span><a href=\"https:\/\/sante.journaldesfemmes.fr\/fiches-maladies\/2679521-contagion-covid-19-combien-de-temps-jours-duree-asymptomatique-symptomes-incubation-contagieux\/\" style=\"font-size: 1rem; background-color: rgb(255, 255, 255);\" target=\"_blank\" rel=\"noopener noreferrer\">contagieux<\/a><span style=\"font-size: 1rem;\"> ? Que sait-on des\u00a0<\/span><a href=\"https:\/\/sante.journaldesfemmes.fr\/fiches-maladies\/2620433-vaccin-coronavirus-covid-19-france-pfizer-moderna-astrazeneca-janssen-variant-delta\/\" style=\"font-size: 1rem; background-color: rgb(255, 255, 255);\" target=\"_blank\" rel=\"noopener noreferrer\">vaccins<\/a><span style=\"font-size: 1rem;\">\u00a0? Des\u00a0<\/span><a href=\"https:\/\/sante.journaldesfemmes.fr\/fiches-maladies\/2686947-effet-secondaire-vaccin-covid-pfizer-moderna-astrazeneca-janssen-2-e-dose-duree-france-myocardite\/\" style=\"font-size: 1rem; background-color: rgb(255, 255, 255);\" target=\"_blank\" rel=\"noopener noreferrer\">effets secondaires<\/a><span style=\"font-size: 1rem;\">\u00a0apr\u00e8s la vaccination\u00a0? Chiffres et infos du jour.<\/span><\/p>\n<ul>\n<li><strong>Hausse des rendez-vous de vaccination. <\/strong>La prise de rendez-vous quotidienne pour la vaccination anti-Covid sur\u00a0Doctolib a augment\u00e9 pour le 7\u00e8me jour cons\u00e9cutif, rapporte <a href=\"https:\/\/www.leparisien.fr\/societe\/sante\/covid-19-les-rendez-vous-pour-les-premieres-vaccinations-reprennent-doucement-30-06-2021-MFED27PNERG5TEFOYVEAPLAM7Y.php\" target=\"_blank\" rel=\"noopener noreferrer\">Le Parisien<\/a> samedi. Selon la plateforme m\u00e9dicale, les r\u00e9servations de cr\u00e9neaux ont augment\u00e9 de 8,7% en une semaine.\u00a0<\/li>\n<li><strong data-original-fontsize=\"20px\" data-original-lineheight=\"30px\">\u00ab\u00a0<em>Personne n&rsquo;\u00e9chappera<\/em>\u00a0\u00bb au variant Delta. <\/strong>Interrog\u00e9 par <a href=\"https:\/\/twitter.com\/BFMTV\/status\/1411253072697901059?ref_src=twsrc%5Etfw%7Ctwcamp%5Etweetembed%7Ctwterm%5E1411253072697901059%7Ctwgr%5E%7Ctwcon%5Es1_&amp;ref_url=https%3A%2F%2Fwww.leparisien.fr%2Fsociete%2Fsante%2Fcovid-19-une-nouvelle-vague-redoutee-des-cet-ete-en-france-leurope-sur-le-qui-vive-face-au-variant-delta-suivez-notre-direct-03-07-2021-FKYMUUDXB5AXTIJTIS5DA6T4VM.php\" target=\"_blank\" rel=\"noopener noreferrer\">BFMTV<\/a>, le\u00a0directeur de l&rsquo;Agence r\u00e9gion de sant\u00e9 (ARS) de Nouvelle-Aquitaine Beno\u00eet Elleboode, a affirm\u00e9 que progression du variant Delta \u00e9tait in\u00e9vitable. \u00ab\u00a0<em>Toute personne non vaccin\u00e9e sera contamin\u00e9e par le variant Delta, toutes les exp\u00e9riences internationales nous le montrent<\/em>\u00ab\u00a0, a-t-il avanc\u00e9 sur BFMTV. \u00ab\u00a0<em>Ce qui se passe dans les Landes va se passer dans toute la r\u00e9gion, va se passer en France<\/em>\u00ab\u00a0, a-t-il ajout\u00e9, en r\u00e9f\u00e9rence \u00e0 la pr\u00e9sence tr\u00e8s importante du variant dans le d\u00e9partement.\u00a0<\/li>\n<\/ul>\n<section>\n<ul>\n<li><strong>Menace de reprise \u00e9pid\u00e9mique cet \u00e9t\u00e9<\/strong>.\u00a0<b data-original-fontsize=\"20px\" data-original-lineheight=\"30px\">\u00ab\u00a0Il y a une menace potentielle de reprise \u00e9pid\u00e9mique d\u00e8s cet \u00e9t\u00e9\u00a0\u00bb a d\u00e9clar\u00e9 Olivier V\u00e9ran <\/b>lors d&rsquo;une visite dans un centre de vaccination de Villeneuve-la-Garenne vendredi midi<b data-original-fontsize=\"20px\" data-original-lineheight=\"30px\">.\u00a0<\/b>\u00ab\u00a0Il faut poursuivre et amplifier cette campagne de vaccination\u00a0\u00bb \u00e0 cause de la\u00a0\u00ab\u00a0menace r\u00e9elle du variant Delta\u00a0\u00bb, qui \u00ab\u00a0pourrait venir nous g\u00e2cher l&rsquo;\u00e9t\u00e9\u00a0\u00bb. Il repr\u00e9sente d\u00e9j\u00e0 un tiers des cas positifs, a-t-il rappel\u00e9.<\/li>\n<\/ul>\n<\/section>\n<ul>\n<li><strong>2\u00e8me dose dans un autre centre.<\/strong>\u00a0Le\u00a0ministre de la Sant\u00e9 Olivier V\u00e9ran\u00a0a\u00a0annonc\u00e9\u00a0qu&rsquo;il serait possible, \u00e0 compter de lundi, d&rsquo;<strong>effectuer sa deuxi\u00e8me injection dans un autre centre de vaccination que le premier<\/strong>.<\/li>\n<li><strong>Vaccination obligatoire pour tout le monde.<em> <\/em><\/strong><em>\u00ab\u00a0Nous ne contraindrons pas les Fran\u00e7ais \u00e0 se faire vacciner\u00a0\u00bb,<\/em> a d\u00e9clar\u00e9 Olivier V\u00e9ran vendredi apr\u00e8s-midi alors que le matin la pr\u00e9sidente de la Haute autorit\u00e9 de Sant\u00e9, Dominique Le Guludec a estim\u00e9 sur BFM-TV qu&rsquo;\u00a0<em style=\"font-size: 1rem;\">\u00ab\u00a0il faudra envisager la vaccination obligatoire aux plus de 12\u00a0ans en France\u00a0\u00bb<\/em><em style=\"font-size: 1rem;\">.<\/em><em style=\"font-size: 1rem;\"> Pour le ministre de la Sant\u00e9<\/em><em>\u00a0\u00ab\u00a0si ce d\u00e9bat vaut pour les soignants il ne vaut pas pour la population g\u00e9n\u00e9rale\u00a0\u00bb<\/em>.\u00a0<\/li>\n<\/ul>\n<ul>\n<li><strong>Vaccination obligatoire des soignants.<\/strong>\u00a0Selon <a href=\"https:\/\/www.francetvinfo.fr\/sante\/maladie\/coronavirus\/vaccin\/covid-19-le-gouvernement-prepare-une-loi-sur-la-vaccination-obligatoire-des-soignants_4686205.html\" target=\"_blank\" rel=\"noopener noreferrer\">FranceInfo<\/a>, le <strong>gouvernement pr\u00e9pare un projet de loi permettant de rendre obligatoire la vaccination aux\u00a0soignants<\/strong>.\u00a0Jean Castex\u00a0a expliqu\u00e9 dans un courrier adress\u00e9 aux parlementaires, dont franceinfo a eu connaissance, qu&rsquo;il souhaitait\u00a0<em>\u00ab\u00a0que le d\u00e9bat sur l&rsquo;obligation vaccinale puisse \u00eatre pos\u00e9\u00a0\u00bb. <\/em>Le Premier ministre r\u00e9fl\u00e9chit aussi<strong>\u00a0\u00e0 l&rsquo;extension du\u00a0<em>\u00ab\u00a0champ d&rsquo;application du pass sanitaire\u00a0\u00bb<\/em>.\u00a0<\/strong><\/li>\n<\/ul>\n<p>Les chiffres de l&rsquo;\u00e9pid\u00e9mie de Covid-19 en France sont publi\u00e9s quotidiennement par le site <a href=\"http:\/\/www.gouvernement.fr\/info-coronavirus\/carte-et-donnees\" target=\"_blank\" rel=\"noopener noreferrer\">Carte-et-donn\u00e9es<\/a> du gouvernement et par <a href=\"https:\/\/www.santepubliquefrance.fr\/dossiers\/coronavirus-covid-19\/coronavirus-chiffres-cles-et-evolution-de-la-covid-19-en-france-et-dans-le-monde\" target=\"_blank\" rel=\"noopener noreferrer\">Sant\u00e9 Publique France<\/a>.<\/p>\n<p><a id=\"covid-france-chiffre-du-jour-bilan\" name=\"covid-france-chiffre-du-jour-bilan\" style=\"font-size: 1.125rem; background-color: rgb(255, 255, 255);\" target=\"_blank\" rel=\"noopener noreferrer\">Quels sont les chiffres du jour ?<\/a><\/p>\n<section>\n<table border=\"1\" cellpadding=\"1\" cellspacing=\"1\" style=\"width:100%;\">\n<thead>\n<tr>\n<th scope=\"col\" style=\"width: 205px; text-align: center;\">\u00a0<\/th>\n<th scope=\"col\" style=\"width: 205px; text-align: center;\">Nombre de cas de Covid<\/th>\n<th scope=\"col\" style=\"width: 229px; text-align: center;\">Nombre de morts du Covid<\/th>\n<th scope=\"col\" style=\"width: 244px; text-align: center;\">Nombre de personnes en soins critiques (2 juillet)<\/th>\n<th scope=\"col\" style=\"width: 119px; text-align: center;\">R0 (26 juin)<\/th>\n<\/tr>\n<\/thead>\n<tbody>\n<tr>\n<td style=\"width: 205px;\"><strong>Au 3 juillet 2021<\/strong><\/td>\n<td style=\"width: 205px; text-align: center;\"><span style=\"font-size: 1rem;\">5\u00a0783 654<\/span><\/td>\n<td style=\"width: 229px; text-align: center;\">111 181 (84 708 \u00e0 l&rsquo;h\u00f4pital)<\/td>\n<td style=\"width: 244px; text-align: center;\">1123<\/td>\n<td style=\"width: 119px; text-align: center;\">0,7<\/td>\n<\/tr>\n<\/tbody>\n<\/table>\n<table border=\"1\" cellpadding=\"1\" cellspacing=\"1\" style=\"width:100%;\">\n<thead>\n<tr>\n<th scope=\"col\" style=\"width: 205px; text-align: center;\">Nombre de cas de Covid (3 juillet)<\/th>\n<th scope=\"col\" style=\"width: 229px; text-align: center;\"><a id=\"cas-covid-24-heures\" name=\"cas-covid-24-heures\">Evolution sur 24 heures<\/a><\/th>\n<th scope=\"col\" style=\"width: 244px; text-align: center;\">Nombre moyen de nouveaux cas confirm\u00e9s quotidiens (29 juin)<\/th>\n<th scope=\"col\" style=\"width: 244px; text-align: center;\">Taux d&rsquo;incidence (29 juin)<\/th>\n<th scope=\"col\" style=\"width: 197px; text-align: center;\">Evolution du taux d&rsquo;incidence sur 7 jrs<\/th>\n<\/tr>\n<tr>\n<td style=\"width: 205px; text-align: center;\"><span style=\"font-size: 1rem;\">5\u00a0783\u00a0654<\/span><\/td>\n<td style=\"width: 229px; text-align: center;\">+3 006<\/td>\n<td style=\"width: 244px; text-align: center;\">1786<\/td>\n<td style=\"width: 244px; text-align: center;\">19,3\/100 000 habitants<\/td>\n<td style=\"width: 197px; text-align: center;\">-8.9%<\/td>\n<\/tr>\n<\/thead>\n<\/table>\n<p>La diminution du nombre de d\u00e9clarations de nouvelles hospitalisations et admissions en services de soins critiques, constat\u00e9e depuis la semaine 15 (12-18 avril), s&rsquo;est poursuivie en semaine 25 (21-27 juin)\u00a0(respectivement -28% et -26% par rapport \u00e0 la semaine 24), mais cette<strong> baisse \u00e9tait moins marqu\u00e9e que celle de la semaine pr\u00e9c\u00e9dente.<\/strong> Le nombre de patients COVID-19\u00a0en cours d&rsquo;hospitalisation est toujours en diminution au 1er juillet. Voici les chiffres \u00e0 jour selon\u00a0le <a href=\"https:\/\/www.gouvernement.fr\/info-coronavirus\/carte-et-donnees\" target=\"_blank\" rel=\"noopener noreferrer\">site du\u00a0gouvernement<\/a>\u00a0et\u00a0<a href=\"https:\/\/dashboard.covid19.data.gouv.fr\/vue-d-ensemble?location=FRA\" target=\"_blank\" rel=\"noopener noreferrer\">Data-gouv.fr<\/a>.\u00a0<\/p>\n<table border=\"1\" cellpadding=\"1\" cellspacing=\"1\" style=\"width:100%;\">\n<thead>\n<tr>\n<th scope=\"col\" style=\"width: 205px; text-align: center;\">\u00a0<\/th>\n<th scope=\"col\" style=\"width: 205px; text-align: center;\">Nombre de patients Covid hospitalis\u00e9s\u00a0<\/th>\n<th scope=\"col\" style=\"width: 229px; text-align: center;\">Nombre moyen de nouvelles hospitalisations quotidiennes<\/th>\n<th scope=\"col\" style=\"width: 244px; text-align: center;\">Nombre de patients Covid en soins critiques<\/th>\n<th scope=\"col\" style=\"width: 244px; text-align: center;\">Nombre moyen de nouvelles entr\u00e9es en soins critiques quotidiennes<\/th>\n<\/tr>\n<tr>\n<td style=\"width: 205px; text-align: center;\"><strong>Au 2 juillet<\/strong><\/td>\n<td style=\"width: 205px; text-align: center;\">8 044<\/td>\n<td style=\"width: 229px; text-align: center;\">117 (-18.8% en 7 jours)<\/td>\n<td style=\"width: 244px; text-align: center;\">1123<\/td>\n<td style=\"width: 244px; text-align: center;\">25 (-28.6% en 7 jours)<\/td>\n<\/tr>\n<\/thead>\n<\/table>\n<h3><u>Nombre de personnes actuellement hospitalis\u00e9es par r\u00e9gion au 2 juillet<\/u><u>\u00a02021 (source : gouvernement.fr)<\/u><\/h3>\n<table align=\"center\" border=\"1\" cellpadding=\"1\" cellspacing=\"1\" style=\"width:100%;\">\n<thead>\n<tr>\n<th scope=\"col\" style=\"width: 260px;\">R\u00e9gion<\/th>\n<th scope=\"col\" style=\"width: 283px;\">Nombre de personnes actuellement hospitalis\u00e9es<\/th>\n<th scope=\"col\" style=\"width: 220px;\">Evolution en 7 jours<\/th>\n<\/tr>\n<\/thead>\n<tbody>\n<tr>\n<td style=\"width: 260px;\"><strong>Auvergne-Rh\u00f4ne-Alpes<\/strong><\/td>\n<td style=\"width: 283px;\">787<\/td>\n<td style=\"width: 220px;\">-13,2 %<\/td>\n<\/tr>\n<tr>\n<td style=\"width: 260px;\"><strong>Hauts-de-France<\/strong><\/td>\n<td style=\"width: 283px;\">1 175<\/td>\n<td style=\"width: 220px;\">-7,8 %<\/td>\n<\/tr>\n<tr>\n<td style=\"width: 260px;\"><strong>Provence-Alpes-C\u00f4te d&rsquo;Azur<\/strong><\/td>\n<td style=\"width: 283px;\">806<\/td>\n<td style=\"width: 220px;\">-10 %<\/td>\n<\/tr>\n<tr>\n<td style=\"width: 260px;\"><strong>Grand Est<\/strong><\/td>\n<td style=\"width: 283px;\">559<\/td>\n<td style=\"width: 220px;\">-24,1 %<\/td>\n<\/tr>\n<tr>\n<td style=\"width: 260px;\"><strong>Occitanie<\/strong><\/td>\n<td style=\"width: 283px;\">454<\/td>\n<td style=\"width: 220px;\">-13.4 %<\/td>\n<\/tr>\n<tr>\n<td style=\"width: 260px;\"><strong><a href=\"https:\/\/www.affinite.fr\/index.php\/2024\/11\/21\/construire-votre-maison-en-normandie\/\">Normandie<\/a><\/strong><\/td>\n<td style=\"width: 283px;\">475<\/td>\n<td style=\"width: 220px;\">-23,6 %<\/td>\n<\/tr>\n<tr>\n<td style=\"width: 260px;\"><strong>Nouvelle-Aquitaine<\/strong><\/td>\n<td style=\"width: 283px;\">426<\/td>\n<td style=\"width: 220px;\">-7.6%<\/td>\n<\/tr>\n<tr>\n<td style=\"width: 260px;\"><strong>Centre-Val de Loire<\/strong><\/td>\n<td style=\"width: 283px;\">263<\/td>\n<td style=\"width: 220px;\">-6.7%<\/td>\n<\/tr>\n<tr>\n<td style=\"width: 260px;\"><strong>Bourgogne-Franche-Comt\u00e9<\/strong><\/td>\n<td style=\"width: 283px;\">359<\/td>\n<td style=\"width: 220px;\">-10,9 %\u00a0<\/td>\n<\/tr>\n<tr>\n<td style=\"width: 260px;\"><strong>Bretagne<\/strong><\/td>\n<td style=\"width: 283px;\">315<\/td>\n<td style=\"width: 220px;\">-7.6 %<\/td>\n<\/tr>\n<tr>\n<td style=\"width: 260px;\"><strong>Corse<\/strong><\/td>\n<td style=\"width: 283px;\">26<\/td>\n<td style=\"width: 220px;\">-3.7%<\/td>\n<\/tr>\n<tr>\n<td style=\"width: 260px;\"><strong>Pays de la Loire<\/strong><\/td>\n<td style=\"width: 283px;\">162<\/td>\n<td style=\"width: 220px;\">-20.6%<\/td>\n<\/tr>\n<tr>\n<td style=\"width: 260px;\"><strong>\u00cele-de-France<\/strong><\/td>\n<td style=\"width: 283px;\">1849<\/td>\n<td style=\"width: 220px;\">-13.5%<\/td>\n<\/tr>\n<tr>\n<td style=\"width: 260px;\"><strong>Guadeloupe<\/strong><\/td>\n<td style=\"width: 283px;\">107<\/td>\n<td style=\"width: 220px;\"><strong>+10.3%<\/strong>\u00a0<\/td>\n<\/tr>\n<tr>\n<td style=\"width: 260px;\"><strong>Martinique<\/strong><\/td>\n<td style=\"width: 283px;\">18<\/td>\n<td style=\"width: 220px;\"><strong>+20 %<\/strong><\/td>\n<\/tr>\n<tr>\n<td style=\"width: 260px;\"><strong>Guyane<\/strong><\/td>\n<td style=\"width: 283px;\">108<\/td>\n<td style=\"width: 220px;\">-6.1%<\/td>\n<\/tr>\n<tr>\n<td style=\"width: 260px;\"><strong>La R\u00e9union<\/strong><\/td>\n<td style=\"width: 283px;\">155<\/td>\n<td style=\"width: 220px;\"><strong>+6,9 %<\/strong><\/td>\n<\/tr>\n<tr>\n<td style=\"width: 260px;\"><strong>Mayotte<\/strong><\/td>\n<td style=\"width: 283px;\">0<\/td>\n<td style=\"width: 220px;\">-100 %<\/td>\n<\/tr>\n<\/tbody>\n<\/table>\n<\/section>\n<p>La mortalit\u00e9 li\u00e9e \u00e0 la COVID-19 a faibli. <strong>111 181\u00a0d\u00e9c\u00e8s sont recens\u00e9s au 2 juillet\u00a0<\/strong>dont 84 708 \u00e0 l&rsquo;h\u00f4pital\u00a0(+24\u00a0au cours des 24\u00a0derni\u00e8res heures), selon les chiffres de <a href=\"https:\/\/www.santepubliquefrance.fr\/dossiers\/coronavirus-covid-19\/coronavirus-chiffres-cles-et-evolution-de-la-covid-19-en-france-et-dans-le-monde\" target=\"_blank\" rel=\"noopener noreferrer\">Sant\u00e9 Publique France<\/a>. Ce chiffre ne comprend pas les d\u00e9c\u00e8s \u00e0 domicile.\u00a0<\/p>\n<p>\u25baLes d\u00e9c\u00e8s de patients COVID-19\u00a0hospitalis\u00e9s \u00e9taient toujours en diminution en semaine 25 du 21 au 27 juin <strong>(-29%) <\/strong>et ceux survenus dans les \u00e9tablissements sociaux et m\u00e9dico-sociaux (ESMS) restaient \u00e0 un niveau tr\u00e8s faible.<\/p>\n<ul>\n<li>L&rsquo;\u00e2ge m\u00e9dian au d\u00e9c\u00e8s est de 85\u00a0ans<\/li>\n<li>93% des personnes d\u00e9c\u00e9d\u00e9es du Covid \u00e0 l&rsquo;h\u00f4pital avaient 65\u00a0ans et plus.<\/li>\n<li>Les hommes repr\u00e9sentent 55% de ces d\u00e9c\u00e8s.<\/li>\n<\/ul>\n<div style=\"text-align:center\">\n<figure class=\"image\" style=\"display:inline-block\"><a class=\"fancy\" href=\"https:\/\/img-3.journaldesfemmes.fr\/M1CLnU4TYGmDxQ7qHYWlS43msV0=\/1080x\/smart\/dc0fd4ec74094e968a642040f5654442\/ccmcms-jdf\/25956478.jpg\"><img decoding=\"async\" alt=\"courbe-covid-deces-morts-france\" src=\"https:\/\/img-3.journaldesfemmes.fr\/M1CLnU4TYGmDxQ7qHYWlS43msV0=\/1080x\/smart\/dc0fd4ec74094e968a642040f5654442\/ccmcms-jdf\/25956478.jpg\"\/><\/a><figcaption data-credit=\"Sant\u00e9 Publique France\"><small>\u00a9\u00a0Sant\u00e9 Publique France<\/small><\/figcaption><\/figure>\n<\/div>\n<p>En semaine 25 (21-27 juin), une diminution des indicateurs \u00e9pid\u00e9miologiques est encore observ\u00e9e au niveau national, mais de mani\u00e8re moindre que les semaines pr\u00e9c\u00e9dentes. Cette diminution concernait toutes les classes d&rsquo;\u00e2ge ainsi que l&rsquo;ensemble des r\u00e9gions m\u00e9tropolitaines, indique Sant\u00e9 Publique France le 1er juillet. Le<strong> taux d&rsquo;incidence diminue<\/strong> <strong>de m\u00eame que le nombre de d\u00e9clarations de nouvelles hospitalisations et admissions en soins critiques.<\/strong><\/p>\n<div style=\"text-align:center\">\n<figure class=\"image\" style=\"display:inline-block\"><a class=\"fancy\" href=\"https:\/\/img-3.journaldesfemmes.fr\/hH0HnTQtQgMEiuDvfgGpZW_nHz8=\/1080x\/smart\/8956938b09cf4575bb4065ec812a06fb\/ccmcms-jdf\/25956278.jpg\"><img decoding=\"async\" alt=\"courbe-covid-nombre-de-cas-france\" src=\"https:\/\/img-3.journaldesfemmes.fr\/hH0HnTQtQgMEiuDvfgGpZW_nHz8=\/1080x\/smart\/8956938b09cf4575bb4065ec812a06fb\/ccmcms-jdf\/25956278.jpg\"\/><\/a><figcaption data-credit=\"Sant\u00e9 Publique France\"><small>\u00a9\u00a0Sant\u00e9 Publique France<\/small><\/figcaption><\/figure>\n<\/div>\n<p><strong>Pour rappel, la France a connu trois \u00ab\u00a0vagues\u00a0\u00bb \u00e9pid\u00e9miques depuis janvier 2020 :\u00a0<\/strong><\/p>\n<p>\u2192 Une premi\u00e8re vague marqu\u00e9e par un\u00a0<strong>pic \u00e9pid\u00e9mique<\/strong>\u00a0au cours de la\u00a0<strong>semaine du 6\u00a0au 12\u00a0avril 2020<\/strong>, soit 15\u00a0jours\u00a0apr\u00e8s la mise en \u0153uvre du premier\u00a0confinement de la population (le 17\u00a0mars 2020).<\/p>\n<p>\u2192 Une deuxi\u00e8me vague marqu\u00e9e par un\u00a0<strong>pic au cours de la semaine du<\/strong>\u00a0<strong>16\u00a0au 20\u00a0novembre 2020,\u00a0<\/strong>trois semaines apr\u00e8s le deuxi\u00e8me confinement (29 octobre 2020).<\/p>\n<p>\u2192 Une troisi\u00e8me vague dont le <strong>pic \u00e9pid\u00e9mique a \u00e9t\u00e9 estim\u00e9 \u00e0 la mi-avril 2021.<\/strong>\u00a0<\/p>\n<p>\u00c0 ce jour, la France compte cinq variants\u00a0qualifi\u00e9s de pr\u00e9occupants (VOC) en raison de leur transmissibilit\u00e9 augment\u00e9e et\/ou d&rsquo;un risque d&rsquo;\u00e9chappement \u00e0 la r\u00e9ponse immunitaire. Trois d&rsquo;entre eux, les variants Alpha\u00a0(ayant \u00e9merg\u00e9 au <strong>Royaume-Uni),<\/strong>\u00a0Beta\u00a0(ayant \u00e9merg\u00e9 en<strong> Afrique du Sud<\/strong>) et Gamma (ayant \u00e9merg\u00e9 au<strong> Br\u00e9sil)<\/strong>, circulent en France depuis le d\u00e9but de l&rsquo;ann\u00e9e 2021. Le quatri\u00e8me VOC (20I\/484K ou 20I\/484Q selon le type de mutation), ayant \u00e9merg\u00e9 au Royaume-Uni d\u00e9but 2021, \u00e9tait peu d\u00e9tect\u00e9 en France jusqu&rsquo;\u00e0 la mi-mars, mais les donn\u00e9es de s\u00e9quen\u00e7age montrent une transmission communautaire dans plusieurs r\u00e9gions. Le<strong> variant Delta,<\/strong> initialement d\u00e9tect\u00e9<strong> en Inde<\/strong> en d\u00e9cembre 2020, a \u00e9t\u00e9 class\u00e9 VOC le 11\u00a0mai par l&rsquo;OMS et le 12\u00a0mai 2021\u00a0par l&rsquo;analyse de risque conjointe CNR\/SpFrance.\u00a0Les<strong> r\u00e9sultats de l&rsquo;enqu\u00eate Flash #11\u00a0du 08\u00a0juin 2021\u00a0<\/strong>montrent que le<strong> variant pr\u00e9occupant Alpha restait pr\u00e9dominant,<\/strong> mais en diminution.<strong> Le variant Delta (21A\/478K) a fortement augment\u00e9<\/strong>, passant de 0,8% dans Flash #10\u00a0\u00e0 8,2% dans Flash #11. L&rsquo;augmentation de la circulation du variant Delta en France m\u00e9tropolitaine se traduit par une<strong> multiplication des situations de transmissions communautaires<\/strong> et une circulation plus soutenue du virus dans certaines r\u00e9gions. La diffusion croissante de ce variant est suivie avec la plus grande attention, compte tenu de sa transmissibilit\u00e9 accrue par rapport aux souches virales de r\u00e9f\u00e9rence et au VOC Alpha, d&rsquo;une possible augmentation de la s\u00e9v\u00e9rit\u00e9 de l&rsquo;infection et de donn\u00e9es pr\u00e9liminaires en faveur d&rsquo;une moindre efficacit\u00e9 vaccinale lors d&rsquo;un sch\u00e9ma vaccinal incomplet.<\/p>\n<div class=\"ccminsert\">\n<aside class=\"app_widget_fo app_widget_fo--call\">\n<ul>\n<li>\n                <a href=\"https:\/\/sante.journaldesfemmes.fr\/fiches-maladies\/2667643-carte-covid-19-france-departement-direct-monde-europe-vaccination-voyage-monde-pays-verts\/\" class=\"jGTMWidgetGAEventClick\" data-gtmwidgetgaeventaction=\"clickWidgetCall\" data-gtmwidgetgaeventlabel=\"CARTE COVID\u00a0: vaccination, incidence, France, r\u00e9gion, Europe\"><\/p>\n<figure><picture><source media=\"(max-width: 480px)\" srcset=\"https:\/\/img-3.journaldesfemmes.fr\/Ec4JyvigjF9AbaovZpSn3c7h9fc=\/160x105\/smart\/5006f9321361498e86f8c9eccb80e7e7\/ccmcms-jdf\/25960304.jpg\" width=\"160\" height=\"105\"><img decoding=\"async\" src=\"https:\/\/img-3.journaldesfemmes.fr\/tTypPm3AnYxJJwgjYMSf387gZl8=\/200x132\/smart\/5006f9321361498e86f8c9eccb80e7e7\/ccmcms-jdf\/25960304.jpg\" alt=\"\" width=\"200\" height=\"132\" loading=\"lazy\"\/><\/source><\/picture><figcaption>\n<h3>CARTE COVID\u00a0: vaccination, incidence, France, r\u00e9gion, Europe<\/h3>\n<p>CARTE CORONAVIRUS &#8211; Les cartes confirment la baisse de circulation du Covid-19\u00a0en France, en Europe et dans le monde.\u00a0Incidence par r\u00e9gion, ville, d\u00e9partement, zone rouge, par couleur des pays pour voyager (verts, orange-rouges)&#8230; Les derni\u00e8res images en direct.<\/p>\n<\/figcaption><\/figure>\n<p><\/a>\n            <\/li>\n<\/ul>\n<\/aside>\n<\/div>\n<p>Le Premier ministre a annonc\u00e9 le 16 juin\u00a0la lev\u00e9e du<strong>\u00a0couvre-feu dimanche\u00a020\u00a0juin<\/strong>\u00a0<strong>ainsi que<\/strong><strong>\u00a0celle de l&rsquo;obligation du port du masque en ext\u00e9rieur <\/strong>sauf <em>\u00ab\u00a0quand on se regroupe, qu&rsquo;on se trouve dans un march\u00e9, dans une file d&rsquo;attente ou encore dans la tribune d&rsquo;un stade\u00a0\u00bb.<\/em> Il est aussi<strong>\u00a0lev\u00e9\u00a0dans les cours d&rsquo;\u00e9cole jeudi 17\u00a0juin<\/strong>, mais pas dans les classes. Le port du masque reste obligatoire dans les lieux clos.<strong> Depuis le 30 juin :\u00a0<\/strong><\/p>\n<ul>\n<li>Fin des limites de jauge dans les lieux recevant du public (selon la situation sanitaire locale).<\/li>\n<li>Reprise des concerts debout (jauge de 75% et pr\u00e9sentation du pass sanitaire) et des festivals de plein air o\u00f9 le public se tient debout\u00a0avec une jauge de 4m<sup>2<\/sup>\u00a0par festivalier et le pass sanitaire sera exig\u00e9 au-del\u00e0 de 1\u00a0000\u00a0personnes.<\/li>\n<li>Possibilit\u00e9 de participer \u00e0 un \u00e9v\u00e9nement rassemblant plus de 1\u00a0000\u00a0personnes en ext\u00e9rieur et en int\u00e9rieur avec le pass sanitaire.<\/li>\n<li>Reprise des comp\u00e9titions sportives de plein air pour les pratiquants amateurs\u00a0dans la limite de 2\u00a0500\u00a0personnes (pass sanitaire\u00a0exig\u00e9 au-del\u00e0 de 1\u00a0000\u00a0personnes)<\/li>\n<\/ul>\n<p><strong>Le 9 juillet : r\u00e9ouverture des discoth\u00e8ques <\/strong>(jauge de 75% en int\u00e9rieur et pass sanitaire)<\/p>\n<p>La vaccination contre la Covid-19\u00a0se poursuit en France avec les vaccins Pfizer-BioNTech,\u00a0Moderna,\u00a0AstraZeneca et Janssen (chez les m\u00e9decins g\u00e9n\u00e9ralistes,\u00a0au travail et en pharmacie). Selon les <a href=\"https:\/\/solidarites-sante.gouv.fr\/actualites\/presse\/communiques-de-presse\/article\/vaccination-contre-la-covid-en-france-au-1er-juillet-2021-plus-de-55-050-000-d\" target=\"_blank\" rel=\"noopener noreferrer\">chiffres du minist\u00e8re de la Sant\u00e9<\/a>, <strong>au 1er juillet,\u00a0<\/strong>34\u00a0103\u00a0180\u00a0personnes ont re\u00e7u au moins une injection de vaccin Covid (soit <strong>50,6% de la population totale) <\/strong>et 23\u00a0270\u00a0971\u00a0personnes ont d\u00e9sormais un <strong>sch\u00e9ma vaccinal complet<\/strong> (soit 34,5% de la population totale).\u00a0La prise de<strong> rendez-vous<\/strong> est possible sur les sites Internet <strong>Doctolib, Maiia et KelDoc<\/strong> et peut aussi se faire en contactant par t\u00e9l\u00e9phone le <strong>centre de vaccination<\/strong> le plus proche de chez soi (liste disponible sur\u00a0<a href=\"https:\/\/www.sante.fr\/centres-vaccination-covid.html\" target=\"_blank\" rel=\"noopener noreferrer\">Sante.fr<\/a>).\u00a0En cas de difficult\u00e9, le num\u00e9ro vert national\u00a0:<strong> 0\u00a0800\u00a0009\u00a0110<\/strong>,\u00a0permet d&rsquo;\u00eatre redirig\u00e9 vers le standard t\u00e9l\u00e9phonique d&rsquo;un centre ou d&rsquo;obtenir un accompagnement \u00e0 la prise de rendez-vous.<\/p>\n<div style=\"text-align:center\">\n<figure class=\"image\" style=\"display:inline-block\"><a class=\"fancy\" href=\"https:\/\/img-3.journaldesfemmes.fr\/TYZVxsR4VK6Ad0cyrlR1khUkta0=\/1080x\/smart\/ae3682a9d7594e72b366e06cc81310a5\/ccmcms-jdf\/25996559.png\"><img decoding=\"async\" alt=\"Nombre quotidien de personnes compl\u00e8tement vaccin\u00e9es\" src=\"https:\/\/img-3.journaldesfemmes.fr\/uhwyqTV_hYaErYTs_y2S1KrCjls=\/600x\/smart\/ae3682a9d7594e72b366e06cc81310a5\/ccmcms-jdf\/25996559.png\"\/><\/a><figcaption data-credit=\"Gouvernement.fr\" data-legend=\"Nombre de personnes vaccin\u00e9es contre le Covid en France\">Nombre de personnes vaccin\u00e9es contre le Covid en France <small>\u00a9\u00a0Gouvernement.fr<\/small><\/figcaption><\/figure>\n<\/div>\n<aside id=\"NL_2116119310\" class=\"newsletter_subscription jNlBlock\"><noscript><br \/>\n            <\/noscript><\/p>\n<h3 class=\"newsletter_subscription-title\">Newsletter <\/h3>\n<p><a href=\"\/\/mailing.ccmbg.com\/archive\/last-85\" target=\"_blank\" class=\"a_hover\" rel=\"noopener noreferrer\">Voir un exemple<\/a><\/p>\n<\/aside>\n<p>Les<strong> Europ\u00e9ens vaccin\u00e9s<\/strong> contre le Covid-19\u00a0peuvent entrer en France sans test PCR<strong> depuis le 9\u00a0juin. <\/strong>Une\u00a0preuve de test n\u00e9gatif (PCR ou antig\u00e9nique) sera toujours exig\u00e9e pour les voyageurs en provenance du Royaume-Uni et des Etats-Unis. A partir du 9\u00a0juin \u00e9galement, les flux de voyageurs entre la France et les <strong>pays \u00e9trangers <\/strong>seront rouverts selon des modalit\u00e9s de chaque\u00a0pays\u00a0et de la vaccination. Le pass sanitaire europ\u00e9en est entr\u00e9 en vigueur le 1er juillet pour pouvoir voyager en Europe.<\/p>\n<section>\n<p>Le d\u00e9pistage du Covid-19 est r\u00e9alis\u00e9 en France par <strong>RT-PCT<\/strong> et par tests <strong>antig\u00e9niques<\/strong>. Depuis le 11 f\u00e9vrier, les <strong>tests salivaires<\/strong> sont d\u00e9ploy\u00e9s dans les\u00a0\u00e9tablissements scolaires et peuvent \u00eatre utilis\u00e9s en premi\u00e8re intention pour d\u00e9pister la Covid-19, conform\u00e9ment aux recommandations de la <a href=\"https:\/\/www.has-sante.fr\/jcms\/p_3237053\/fr\/tests-rt-pcr-salivaires-la-has-etend-leur-utilisation-et-definit-les-modalites-pratiques-de-realisation\" target=\"_blank\" rel=\"noopener noreferrer\">HAS<\/a>. Depuis le 12 avril, des <strong>autotests <\/strong>Covid sont aussi disponibles en vente libre dans les pharmacies fran\u00e7aises (non rembours\u00e9) et peuvent \u00eatre utilis\u00e9s dans les \u00e9coles. Enfin, des t<strong>ests s\u00e9rologiques <\/strong>peuvent \u00eatre r\u00e9alis\u00e9s en laboratoires (moins en pharmacie) pour avoir connaissance d&rsquo;une infection pass\u00e9e au Covid.\u00a0<em>\u00ab\u00a0Il reste d\u00e9terminant que chaque personne pr\u00e9sentant des sympt\u00f4mes \u00e9vocateurs de COVID-19\u00a0s&rsquo;isole imm\u00e9diatement et r\u00e9alise un test diagnostique dans les plus brefs d\u00e9lais\u00a0\u00bb<\/em> rappelle Sant\u00e9 Publique France dans ses bulletins hebdomadaires.<\/p>\n<div class=\"ccminsert\">\n<aside class=\"app_widget_fo app_widget_fo--call\">\n<ul>\n<li>\n                <a href=\"https:\/\/sante.journaldesfemmes.fr\/fiches-maladies\/2623965-coronavirus-test-covid-pcr-salivaire-antigenique-pharmacie-sans-rdv-resultats-ou-faire-serologique-payant\/\" class=\"jGTMWidgetGAEventClick\" data-gtmwidgetgaeventaction=\"clickWidgetCall\" data-gtmwidgetgaeventlabel=\"Test Covid-19\u00a0: PCR, salivaire, antig\u00e9nique, payant ou gratuit\u00a0?\"><\/p>\n<figure><picture><source media=\"(max-width: 480px)\" srcset=\"https:\/\/img-3.journaldesfemmes.fr\/F_aDL7vErHcLxWAmx-CULuZKhv4=\/160x105\/smart\/f28351d46bec4409becfdf210237516d\/ccmcms-jdf\/25936534.jpg\" width=\"160\" height=\"105\"><img decoding=\"async\" src=\"https:\/\/img-3.journaldesfemmes.fr\/mozSlFvoQZK42R9whuoClSrjtTA=\/200x132\/smart\/f28351d46bec4409becfdf210237516d\/ccmcms-jdf\/25936534.jpg\" alt=\"\" width=\"200\" height=\"132\" loading=\"lazy\"\/><\/source><\/picture><figcaption>\n<h3>Test Covid-19\u00a0: PCR, salivaire, antig\u00e9nique, payant ou gratuit\u00a0?<\/h3>\n<p>PCR, antig\u00e9nique, salivaire, autotest&#8230; Plusieurs tests de d\u00e9pistage de la Covid-19\u00a0sont disponibles en France. Le plus fiable est le test PCR nasal. A partir du 7\u00a0juillet,\u00a0les tests PCR et antig\u00e9niques seront payants pour les touristes \u00e9trangers pr\u00e9sents sur le sol fran\u00e7ais. Prix, test pour savoir si on a eu le Covid, en pharmacie, au laboratoire, d\u00e9lai de r\u00e9sultats&#8230; Guide.<\/p>\n<\/figcaption><\/figure>\n<p><\/a>\n            <\/li>\n<\/ul>\n<\/aside>\n<\/div>\n<p>Si au d\u00e9but, on ne parlait que de <strong>fi\u00e8vre<\/strong>, toux s\u00e8che, rhume, \u00e9tat grippal et de fatigue, les sympt\u00f4mes de l&rsquo;infection par le coronavirus ont \u00e9volu\u00e9. On sait d\u00e9sormais que le virus peut avoir des <strong>effets sur la peau<\/strong> (urticaire, l\u00e9sions inflammatoires sur les orteils), la sph\u00e8re digestive (vomissements, diarrh\u00e9es&#8230;), <strong>l&rsquo;odorat<\/strong>, le <strong>go\u00fbt <\/strong>et m\u00eame le cerveau.<em> <\/em><\/p>\n<p>\u2192<strong> Chaque personne pr\u00e9sentant des sympt\u00f4mes \u00e9vocateurs de COVID-19 doit s&rsquo;isoler imm\u00e9diatement et r\u00e9aliser un test diagnostique<\/strong> dans les plus brefs d\u00e9lais (sans avoir d&rsquo;ordonnance).<\/p>\n<p>\u2192<strong> <\/strong><strong>Appeler le\u00a015\u00a0en cas de\u00a0difficult\u00e9s respiratoires\u00a0: \u00ab\u00a0<\/strong><em>Si la toux et la\u00a0fi\u00e8vre s&rsquo;accompagnent d&rsquo;une g\u00eane respiratoire qui devient permanente avec souffle court, difficult\u00e9 \u00e0 inspirer et \u00e0 expirer, d&rsquo;une aggravation importante de la toux, cela peut signifier une \u00e9volution de la maladie sous la forme d&rsquo;une pneumopathie. Il s&rsquo;agit alors d&rsquo;une urgence respiratoire potentielle et comme dans tous les cas d&rsquo;urgence, il faut alors appeler le 15\u00a0qui prendra les meilleures dispositions pour r\u00e9pondre \u00e0 la situation\u00a0\u00bb, <\/em>pr\u00e9vient le Dr\u00a0Patrick Aub\u00e9, m\u00e9decin g\u00e9n\u00e9raliste. \u00a0<\/p>\n<div class=\"ccminsert\">\n<aside class=\"app_widget_fo app_widget_fo--list app_widget_fo--list-2-col\">\n<ul>\n<li>\n<h3>\n                    <a href=\"https:\/\/sante.journaldesfemmes.fr\/fiches-maladies\/2696267-covid-long-c-est-quoi-symptomes-contagieux-fatigue-prise-en-charge-france-traitement-vaccination\/\" class=\"jGTMWidgetGAEventClick\" data-gtmwidgetgaeventaction=\"clickWidgetListOnTwoColumns\" data-gtmwidgetgaeventlabel=\"Covid long\u00a0: sympt\u00f4mes, vaccination, contagieux ou pas\u00a0?\"><br \/>\n                        Covid long\u00a0: sympt\u00f4mes, vaccination, contagieux ou pas\u00a0?<br \/>\n                    <\/a><br \/>\n                <\/h3>\n<\/li>\n<li>\n<h3>\n                    <a href=\"https:\/\/sante.journaldesfemmes.fr\/fiches-sante-du-quotidien\/2627657-perte-odorat-anosmie-symptome-covid-19-duree-definition-cause-traitement-reeducation\/\" class=\"jGTMWidgetGAEventClick\" data-gtmwidgetgaeventaction=\"clickWidgetListOnTwoColumns\" data-gtmwidgetgaeventlabel=\"Perte de l'odorat\u00a0(anosmie)\u00a0: sympt\u00f4mes du Covid, dur\u00e9e, r\u00e9\u00e9ducation\"><br \/>\n                        Perte de l&rsquo;odorat\u00a0(anosmie)\u00a0: sympt\u00f4mes du Covid, dur\u00e9e, r\u00e9\u00e9ducation<br \/>\n                    <\/a><br \/>\n                <\/h3>\n<\/li>\n<li>\n<h3>\n                    <a href=\"https:\/\/sante.journaldesfemmes.fr\/fiches-maladies\/2625903-porteur-sain-covid-19-coronavirus-asymptomatique-definition-duree-isolement-anticorps-isolement-test\/\" class=\"jGTMWidgetGAEventClick\" data-gtmwidgetgaeventaction=\"clickWidgetListOnTwoColumns\" data-gtmwidgetgaeventlabel=\"Porteur sain Covid\u00a0(asymptomatique)\u00a0: d\u00e9finition, test, isolement\"><br \/>\n                        Porteur sain Covid\u00a0(asymptomatique)\u00a0: d\u00e9finition, test, isolement<br \/>\n                    <\/a><br \/>\n                <\/h3>\n<\/li>\n<li>\n<h3>\n                    <a href=\"https:\/\/sante.journaldesfemmes.fr\/fiches-maladies\/2665621-angine-ou-covid-19-symptomes-signes-fievre-mal-gorge-test-difference-contagion\/\" class=\"jGTMWidgetGAEventClick\" data-gtmwidgetgaeventaction=\"clickWidgetListOnTwoColumns\" data-gtmwidgetgaeventlabel=\"Angine ou Covid-19\u00a0: sympt\u00f4mes, diff\u00e9rences, test, contagion\"><br \/>\n                        Angine ou Covid-19\u00a0: sympt\u00f4mes, diff\u00e9rences, test, contagion<br \/>\n                    <\/a><br \/>\n                <\/h3>\n<\/li>\n<li>\n<h3>\n                    <a href=\"https:\/\/sante.journaldesfemmes.fr\/fiches-maladies\/2701631-probleme-maladie-foie-covid-atteinte-cancer-complication-sequelles-symptomes-risque-vaccination\/\" class=\"jGTMWidgetGAEventClick\" data-gtmwidgetgaeventaction=\"clickWidgetListOnTwoColumns\" data-gtmwidgetgaeventlabel=\"Probl\u00e8me au foie et Covid\u00a0: risques, s\u00e9quelles, vaccination\"><br \/>\n                        Probl\u00e8me au foie et Covid\u00a0: risques, s\u00e9quelles, vaccination<br \/>\n                    <\/a><br \/>\n                <\/h3>\n<\/li>\n<li>\n<h3>\n                    <a href=\"https:\/\/sante.journaldesfemmes.fr\/fiches-maladies\/2701633-fievre-covid-duree-obligatoire-que-faire-que-prendre-combien-temperature\/\" class=\"jGTMWidgetGAEventClick\" data-gtmwidgetgaeventaction=\"clickWidgetListOnTwoColumns\" data-gtmwidgetgaeventlabel=\"Fi\u00e8vre et Covid\u00a0: dur\u00e9e, temp\u00e9rature, est-ce obligatoire\u00a0?\"><br \/>\n                        Fi\u00e8vre et Covid\u00a0: dur\u00e9e, temp\u00e9rature, est-ce obligatoire\u00a0?<br \/>\n                    <\/a><br \/>\n                <\/h3>\n<\/li>\n<li>\n<h3>\n                    <a href=\"https:\/\/sante.journaldesfemmes.fr\/fiches-maladies\/2661241-rhume-ou-covid-19-symptomes-tableau-differences-ecole-que-faire-comment-savoir-travail\/\" class=\"jGTMWidgetGAEventClick\" data-gtmwidgetgaeventaction=\"clickWidgetListOnTwoColumns\" data-gtmwidgetgaeventlabel=\"Rhume ou Covid-19\u00a0: sympt\u00f4mes, tableau, \u00e9cole, que faire\u00a0?\"><br \/>\n                        Rhume ou Covid-19\u00a0: sympt\u00f4mes, tableau, \u00e9cole, que faire\u00a0?<br \/>\n                    <\/a><br \/>\n                <\/h3>\n<\/li>\n<li>\n<h3>\n                    <a href=\"https:\/\/sante.journaldesfemmes.fr\/fiches-maladies\/2626825-covid-ou-allergie-pollen-coronavirus-asthme-symptomes-toux-yeux-traitement\/\" class=\"jGTMWidgetGAEventClick\" data-gtmwidgetgaeventaction=\"clickWidgetListOnTwoColumns\" data-gtmwidgetgaeventlabel=\"Covid ou allergie au pollen\u00a0: sympt\u00f4mes, diff\u00e9rences, traitements\"><br \/>\n                        Covid ou allergie au pollen\u00a0: sympt\u00f4mes, diff\u00e9rences, traitements<br \/>\n                    <\/a><br \/>\n                <\/h3>\n<\/li>\n<li>\n<h3>\n                    <a href=\"https:\/\/sante.journaldesfemmes.fr\/fiches-maladies\/2676955-covid-19-ou-gastro-enterite-difference-symptomes-fievre-diarrhee-que-faire-complications\/\" class=\"jGTMWidgetGAEventClick\" data-gtmwidgetgaeventaction=\"clickWidgetListOnTwoColumns\" data-gtmwidgetgaeventlabel=\"Covid\u00a0ou gastro-ent\u00e9rite\u00a0: sympt\u00f4mes, quelles diff\u00e9rences\u00a0?\"><br \/>\n                        Covid\u00a0ou gastro-ent\u00e9rite\u00a0: sympt\u00f4mes, quelles diff\u00e9rences\u00a0?<br \/>\n                    <\/a><br \/>\n                <\/h3>\n<\/li>\n<li>\n<h3>\n                    <a href=\"https:\/\/sante.journaldesfemmes.fr\/fiches-sante-du-quotidien\/2627543-perte-gout-agueusie-covid-19-def-duree-cause-partielle-traitement-soigner\/\" class=\"jGTMWidgetGAEventClick\" data-gtmwidgetgaeventaction=\"clickWidgetListOnTwoColumns\" data-gtmwidgetgaeventlabel=\"Perte du go\u00fbt (agueusie)\u00a0: dur\u00e9e, Covid, comment soigner\u00a0?\"><br \/>\n                        Perte du go\u00fbt (agueusie)\u00a0: dur\u00e9e, Covid, comment soigner\u00a0?<br \/>\n                    <\/a><br \/>\n                <\/h3>\n<\/li>\n<\/ul>\n<\/aside>\n<\/div>\n<table border=\"1\" cellpadding=\"1\" cellspacing=\"1\" style=\"width:100%;\">\n<thead>\n<tr>\n<th scope=\"col\" style=\"text-align: center;\"><a id=\"date-cle-epidemie-covid-france-confinement\" name=\"date-cle-epidemie-covid-france-confinement\"><strong>DATES CL\u00c9S DE L&rsquo;\u00c9PID\u00c9MIE EN FRANCE<\/strong><\/a><\/th>\n<\/tr>\n<\/thead>\n<tbody>\n<tr>\n<td>\n<p><u><strong>2019<\/strong><\/u><\/p>\n<ul>\n<li><strong>31\u00a0d\u00e9cembre 2019,<\/strong> l&rsquo;Organisation mondiale de la Sant\u00e9 en Chine est inform\u00e9e de plusieurs cas de pneumonies dans la ville de Wuhan. 44\u00a0personnes sont infect\u00e9es entre cette date et le 3\u00a0janvier 2020.<\/li>\n<\/ul>\n<p><u><strong>2020<\/strong><\/u><\/p>\n<ul>\n<li><strong>7\u00a0janvier 2020, <\/strong>les autorit\u00e9s chinoises identifient un \u00ab\u00a0nouveau type de coronavirus\u00a0\u00bb.<\/li>\n<li><strong>13\u00a0janvier, <\/strong>un cas import\u00e9 est recens\u00e9 en Tha\u00eflande.<\/li>\n<li><strong>15\u00a0janvier<\/strong>, le virus cause\u00a0la mort d&rsquo;<strong>une premi\u00e8re\u00a0personne \u00e0 Wuhan<\/strong>, un homme de 69\u00a0ans.\u00a0<\/li>\n<li><strong>23\u00a0janvier,<\/strong> trois villes chinoises dont Wuhan sont plac\u00e9es en quarantaine.<\/li>\n<li><strong>25\u00a0janvier, trois personnes\u00a0contamin\u00e9es sont recens\u00e9es en France<\/strong>, deux \u00e0 Paris et une Bordeaux. Ce sont les premiers cas enregistr\u00e9s sur le continent europ\u00e9en.<\/li>\n<li><strong>30\u00a0janvier, <\/strong>l&rsquo;Organisation mondiale de la Sant\u00e9 <strong>d\u00e9cr\u00e8te\u00a0l&rsquo;<a href=\"https:\/\/sante.journaldesfemmes.fr\/fiches-maladies\/2608035-urgence-de-sante-publique-de-portee-internationale-definition-oms-coronavirus\/\" target=\"_blank\" rel=\"noopener noreferrer\">urgence de sant\u00e9 mondiale<\/a><\/strong>.\u00a0Cette mesure n&rsquo;avait \u00e9t\u00e9 d\u00e9cr\u00e9t\u00e9e que 5\u00a0fois depuis sa cr\u00e9ation (pour Ebola (deux fois), la grippe H1N1, Zika et la poliomy\u00e9lite).\u00a0<\/li>\n<li><strong>23\u00a0f\u00e9vrier, <\/strong>la France d\u00e9clenche le <a href=\"https:\/\/sante.journaldesfemmes.fr\/fiches-maladies\/2622449-plan-orsan-reb-definition-signification-qui-declenche-coronavirus-definition-duree\/\" target=\"_blank\" rel=\"noopener noreferrer\">plan ORSAN<\/a>, un dispositif exceptionnel d&rsquo;organisation des soins.<\/li>\n<li><strong>28\u00a0f\u00e9vrier,<\/strong> la France passe en stade 2\u00a0de l&rsquo;\u00e9pid\u00e9mie.<\/li>\n<li><strong>11\u00a0mars, <\/strong>l&rsquo;OMS classifie de <strong>pand\u00e9mie <\/strong>la diffusion de la maladie \u00e0 coronavirus Covid-19\u00a0dans le monde.<\/li>\n<li><strong>12\u00a0mars<\/strong>, le pr\u00e9sident de la R\u00e9publique Emmanuel Macron annonce la fermeture nationale des cr\u00e8ches et \u00e9tablissements scolaires de France \u00e0 compter du 16\u00a0mars et \u00ab\u00a0jusqu&rsquo;\u00e0 nouvel ordre\u00a0\u00bb.<\/li>\n<li><strong>14\u00a0mars<\/strong>, la France passe au <a href=\"https:\/\/sante.journaldesfemmes.fr\/fiches-maladies\/2625289-coronavirus-covid-19-stade-1-2-3-4-duree-mesure-france-signification-quand\/\" target=\"_blank\" rel=\"noopener noreferrer\"><strong>stade 3 <\/strong><\/a>de l&rsquo;\u00e9pid\u00e9mie.<\/li>\n<li><strong>16\u00a0mars\u00a0:\u00a0la France met en place un premier\u00a0confinement interdisant les d\u00e9placements.<\/strong><\/li>\n<li><strong>26\u00a0mars<\/strong>, un premier cas jeune meurt en France, une adolescente de 16\u00a0ans, en Ile-de-France originaire de Morsang-sur-Orge.<\/li>\n<li><strong>27\u00a0mars,<\/strong> le confinement de la population fran\u00e7aise est renouvel\u00e9 jusqu&rsquo;au 15\u00a0avril.<\/li>\n<li><strong>13\u00a0avril,<\/strong> Emmanuel Macron annonce le prolongement du confinement jusqu&rsquo;au 11\u00a0mai.<\/li>\n<li><strong>11\u00a0mai, la France commence son d\u00e9confinement.<\/strong><\/li>\n<li><strong>20\u00a0juillet,<\/strong>\u00a0le <strong>port du masque est rendu obligatoire <\/strong>dans les lieux publics clos en France.<\/li>\n<li><strong>17 octobre,<\/strong>\u00a0un <strong>couvre-feu <\/strong>est instaur\u00e9 dans 9 territoires fran\u00e7ais (Paris-Ile-de-France, Rouen, Grenoble, Lille, Lyon, Aix-Marseille, Montpellier, Saint-Etienne, Toulouse).<\/li>\n<li><strong>29 octobre<\/strong>\u00a0:<strong> un deuxi\u00e8me confinement est instaur\u00e9 en France.<\/strong><\/li>\n<li><strong>28 novembre : <\/strong>r\u00e9ouverture des commerces non essentiels un mois avant les f\u00eates de fin d&rsquo;ann\u00e9e.<\/li>\n<li><strong>15 d\u00e9cembre : d\u00e9confinement <\/strong>avec\u00a0couvre-feu de 20 heures \u00e0 6 heures du matin.<\/li>\n<li><strong>24 d\u00e9cembre<\/strong> <strong>: autorisation du vaccin Pfizer-BioNTech en France.<\/strong><\/li>\n<li><strong>27 d\u00e9cembre :<\/strong> d\u00e9but de la vaccination en France avec le vaccin Pfizer BioNTech.<\/li>\n<\/ul>\n<p><u><strong>2021<\/strong><\/u><\/p>\n<ul>\n<li><strong>8 janvier 2021<\/strong> <strong>:\u00a0autorisation du vaccin Moderna en France.<\/strong><\/li>\n<li><strong>31 janvier\u00a0<\/strong>: fermeture des fronti\u00e8res de la France\u00a0aux pays ext\u00e9rieurs \u00e0 l&rsquo;Union europ\u00e9enne<\/li>\n<li><strong>2 f\u00e9vrier<\/strong>\u00a0<strong>:\u00a0autorisation du vaccin AstraZeneca en France<\/strong>.<\/li>\n<li><strong>11 f\u00e9vrier : <\/strong>d\u00e9ploiement des tests salivaires dans les \u00e9tablissements scolaires.<\/li>\n<li><strong>12 mars :\u00a0autorisation du\u00a0vaccin\u00a0Johnson&amp;Johnson.<\/strong><\/li>\n<li><strong>16 mars <\/strong>: autorisation des autotests en France.<\/li>\n<li><strong>19 mars :<\/strong> confinement de 16 d\u00e9partements pour une dur\u00e9e de 4 semaines. Le couvre-feu repasse \u00e0 19 heures dans toute la France au lieu de 18 heures.<\/li>\n<li><strong>25 mars<\/strong> :\u00a0confinement de 3 nouveaux d\u00e9partements pour une dur\u00e9e de 4\u00a0semaines.<\/li>\n<li><strong>3 avril\u00a0: la France met en place son troisi\u00e8me confinement,<\/strong>\u00a0les \u00e9coles ferment pour trois semaines, les d\u00e9placements sont limit\u00e9s \u00e0 10 km.<\/li>\n<li><strong>12 avril :<\/strong> ouverture de la vaccination\u00a0\u00e0 tous les Fran\u00e7ais \u00e2g\u00e9s de\u00a055\u00a0ans ou plus.<\/li>\n<li><strong>3 mai : premi\u00e8re \u00e9tape du d\u00e9confinement <\/strong>avec la<strong>\u00a0<\/strong>fin de l&rsquo;attestation de d\u00e9placement et de la limitation des d\u00e9placements \u00e0 10 km. Le couvre-feu est en vigueur de 19h \u00e0 6h.<\/li>\n<li><strong>10 mai <\/strong>: ouverture de la vaccination aux plus de 50 ans.<\/li>\n<li><strong>19 mai :<\/strong>\u00a0deuxi\u00e8me \u00e9tape du d\u00e9confinement avec la r\u00e9ouverture des lieux essentiels ferm\u00e9s (terrasses des bars et restaurants, mus\u00e9es, cin\u00e9mas, th\u00e9\u00e2tres, commerces&#8230;) et couvre-feu de 21 h \u00e0 6 h.\u00a0<\/li>\n<li><strong>31 mai :<\/strong> ouverture de la vaccination \u00e0 toutes les personnes majeures, sans aucune condition.\u00a0<\/li>\n<li><strong>9 juin : <\/strong>troisi\u00e8me \u00e9tape du d\u00e9confinement avec la r\u00e9ouverture de plusieurs lieux (piscines, salles de sport, restaurants, bars, parcs d&rsquo;attractions&#8230;), la mise en place d&rsquo;un couvre-feu de 23h \u00e0 6h et du pass sanitaire national.\u00a0<\/li>\n<li><strong>17 juin <\/strong>: fin de l&rsquo;obligation de porter le masque en ext\u00e9rieur.<\/li>\n<li><strong>20 juin :<\/strong> fin du couvre-feu.<\/li>\n<li><strong>30 juin<\/strong> : d\u00e9confinement total de la France, suppression des jauges.<\/li>\n<\/ul>\n<\/td>\n<\/tr>\n<\/tbody>\n<\/table>\n<p><em>Cet article est mis \u00e0 jour quotidiennement par <a href=\"https:\/\/www.journaldesfemmes.fr\/account\/ablaize-11409696\" target=\"_blank\" rel=\"noopener noreferrer\">Aur\u00e9lie Blaize<\/a>, <a href=\"https:\/\/www.journaldesfemmes.fr\/account\/anaisthiebaux-10573564\" target=\"_blank\" rel=\"noopener noreferrer\">Ana\u00efs Thi\u00e9baux<\/a>.\u00a0<\/em><\/p>\n<\/section>\n<\/div>\n<p><script async src=\"http:\/\/platform.twitter.com\/widgets.js\" charset=\"utf-8\"><\/script><br \/>\n<br \/>[ad_2]<br \/>\n<br \/><a href=\"https:\/\/sante.journaldesfemmes.fr\/fiches-maladies\/2605417-covid-19-france-chiffres-nouveaux-cas-courbe-aujourd-hui-deces-vaccination-soignant-obligatoire\/\">Source link <\/a><\/p>\n","protected":false},"excerpt":{"rendered":"<p>[ad_1] CORONAVIRUS DIRECT &#8211; Les chiffres de l&rsquo;\u00e9pid\u00e9mie de Covid restent bas\u00a0en France avec 3006\u00a0nouveaux cas confirm\u00e9s entre le 2\u00a0juillet &hellip; <a href=\"https:\/\/www.affinite.fr\/index.php\/2021\/07\/03\/covid-france-les-derniers-chiffres-6\/\" class=\"more-link\">Plus <span class=\"screen-reader-text\">Covid France\u00a0: les derniers chiffres<\/span> <span class=\"meta-nav\">&rarr;<\/span><\/a><\/p>\n","protected":false},"author":1,"featured_media":6616,"comment_status":"open","ping_status":"open","sticky":false,"template":"","format":"standard","meta":{"_sitemap_exclude":false,"_sitemap_priority":"","_sitemap_frequency":"","footnotes":""},"categories":[1],"tags":[],"class_list":["post-6615","post","type-post","status-publish","format-standard","has-post-thumbnail","hentry","category-tous"],"_links":{"self":[{"href":"https:\/\/www.affinite.fr\/index.php\/wp-json\/wp\/v2\/posts\/6615"}],"collection":[{"href":"https:\/\/www.affinite.fr\/index.php\/wp-json\/wp\/v2\/posts"}],"about":[{"href":"https:\/\/www.affinite.fr\/index.php\/wp-json\/wp\/v2\/types\/post"}],"author":[{"embeddable":true,"href":"https:\/\/www.affinite.fr\/index.php\/wp-json\/wp\/v2\/users\/1"}],"replies":[{"embeddable":true,"href":"https:\/\/www.affinite.fr\/index.php\/wp-json\/wp\/v2\/comments?post=6615"}],"version-history":[{"count":0,"href":"https:\/\/www.affinite.fr\/index.php\/wp-json\/wp\/v2\/posts\/6615\/revisions"}],"wp:featuredmedia":[{"embeddable":true,"href":"https:\/\/www.affinite.fr\/index.php\/wp-json\/wp\/v2\/media\/6616"}],"wp:attachment":[{"href":"https:\/\/www.affinite.fr\/index.php\/wp-json\/wp\/v2\/media?parent=6615"}],"wp:term":[{"taxonomy":"category","embeddable":true,"href":"https:\/\/www.affinite.fr\/index.php\/wp-json\/wp\/v2\/categories?post=6615"},{"taxonomy":"post_tag","embeddable":true,"href":"https:\/\/www.affinite.fr\/index.php\/wp-json\/wp\/v2\/tags?post=6615"}],"curies":[{"name":"wp","href":"https:\/\/api.w.org\/{rel}","templated":true}]}}