{"id":6611,"date":"2021-07-03T15:21:22","date_gmt":"2021-07-03T15:21:22","guid":{"rendered":"https:\/\/www.affinite.fr\/index.php\/2021\/07\/03\/sauver-lisa-sur-salto-cest-quoi-cette-serie-haletante-avec-caroline-anglade-victoria-abril-et-deborah-francois-news-series-a-la-tv\/"},"modified":"2021-07-03T15:21:22","modified_gmt":"2021-07-03T15:21:22","slug":"sauver-lisa-sur-salto-cest-quoi-cette-serie-haletante-avec-caroline-anglade-victoria-abril-et-deborah-francois-news-series-a-la-tv","status":"publish","type":"post","link":"https:\/\/www.affinite.fr\/index.php\/2021\/07\/03\/sauver-lisa-sur-salto-cest-quoi-cette-serie-haletante-avec-caroline-anglade-victoria-abril-et-deborah-francois-news-series-a-la-tv\/","title":{"rendered":"Sauver Lisa sur Salto : c&rsquo;est quoi cette s\u00e9rie haletante avec Caroline Anglade, Victoria Abril, et D\u00e9borah Fran\u00e7ois ? &#8211; News S\u00e9ries \u00e0 la TV"},"content":{"rendered":"<p> [ad_1]<br \/>\n<\/p>\n<p>Avant son arriv\u00e9e sur M6, \u00ab\u00a0Sauver Lisa\u00a0\u00bb, avec Caroline Anglade, Victoria Abril, Cristiana Reali, et D\u00e9borah Fran\u00e7ois, est disponible aujourd&rsquo;hui sur Salto. Le r\u00e9cit de la cavale d&rsquo;une enseignante pour prot\u00e9ger une fillette victime de maltraitance.<\/p>\n<div id=\"article-content\">\n<figure class=\"article-figure article-main-figure\"><img loading=\"lazy\" decoding=\"async\" class=\"article-figure-img\" width=\"654\" height=\"368\" src=\"https:\/\/fr.web.img3.acsta.net\/r_654_368\/newsv7\/21\/07\/01\/17\/24\/2430434.jpg\"\/><figcaption class=\"article-figcaption-copy\">Incognita\/M6<\/figcaption><\/figure>\n<p>De quoi \u00e7a parle ?<\/p>\n<p>Rose Keller, 35 ans, fait des remplacements dans des \u00e9coles primaires. Lors d\u2019une mission de quelques semaines, elle rencontre Lisa, 8 ans, une de ses \u00e9l\u00e8ves particuli\u00e8rement attachantes. Rose comprend rapidement que Lisa est victime de maltraitance chez elle, et qu\u2019elle est en danger de mort si personne ne fait rien.<\/p>\n<p>Face \u00e0 l\u2019impuissance des services sociaux, elle d\u00e9cide d\u2019enlever la petite fille. Recherch\u00e9e par la police et par la m\u00e8re biologique de Lisa, Rose n&rsquo;a alors pas d&rsquo;autres solutions que de se r\u00e9fugier chez sa propre m\u00e8re adoptive.<\/p>\n<p><strong>Disponible d\u00e8s le 3 juillet sur Salto et prochainement sur M6<\/strong><\/p>\n<p>Une cavale haletante sur fond de maltraitance et de maternit\u00e9<\/p>\n<p>Si Salto mise, depuis son lancement, sur les avant-premi\u00e8res de s\u00e9ries et d&rsquo;unitaires quelques semaines ou quelques jours avant leur arriv\u00e9e \u00e0 l&rsquo;antenne (<a title=\"La Promesse (France) (Policier,Drame)\" href=\"http:\/\/www.allocine.fr\/series\/ficheserie_gen_cserie=26006.html\">La Promesse<\/a>, <a title=\"HPI (France) (Policier,Com\u00e9die)\" href=\"http:\/\/www.allocine.fr\/series\/ficheserie_gen_cserie=25616.html\">HPI<\/a>, <a title=\"Le Saut du diable (France) - 2020 (Drame,Policier)\" href=\"http:\/\/www.allocine.fr\/film\/fichefilm_gen_cfilm=287239.html\">Le Saut du diable<\/a>, <a title=\"L'Ecole de la vie (France) (Drame,Com\u00e9die)\" href=\"http:\/\/www.allocine.fr\/series\/ficheserie_gen_cserie=27142.html\">L&rsquo;\u00e9cole de la vie<\/a>, <a title=\"Harcel\u00e9s (France) - 2021 (Thriller,Drame)\" href=\"http:\/\/www.allocine.fr\/film\/fichefilm_gen_cfilm=284419.html\">Harcel\u00e9s<\/a>, <a title=\"Demain nous appartient (France) (Drame,Thriller)\" href=\"http:\/\/www.allocine.fr\/series\/ficheserie_gen_cserie=22125.html\">Demain nous appartient<\/a>, &#8230;), la plateforme de streaming fran\u00e7aise propose \u00e9galement de temps en temps des fictions \u00e9v\u00e9nement plusieurs mois en amont de leur diffusion t\u00e9l\u00e9.<\/p>\n<p>A l&rsquo;image de <a title=\"Ils \u00e9taient 10 (France) (Policier,Drame)\" href=\"http:\/\/www.allocine.fr\/series\/ficheserie_gen_cserie=23793.html\">Ils \u00e9taient dix<\/a>, l&rsquo;adaptation du roman d&rsquo;Agatha Christie par <a title=\"Pascal Laugier (France) (R\u00e9alisateur,Sc\u00e9nariste,Acteur)\" href=\"http:\/\/www.allocine.fr\/personne\/fichepersonne_gen_cpersonne=88705.html\">Pascal Laugier<\/a>, disponible sur Salto depuis la fin d&rsquo;ann\u00e9e derni\u00e8re et qui se fait toujours attendre sur M6. Ou de <a title=\"Sauver Lisa (France) (Drame)\" href=\"http:\/\/www.allocine.fr\/series\/ficheserie_gen_cserie=27148.html\">Sauver Lisa<\/a>, une autre s\u00e9rie de la Six, mise en ligne aujourd&rsquo;hui sur la plateforme et qui sera, dans un second temps, l&rsquo;un des temps forts de la saison 2021-2022 de la cha\u00eene.<\/p>\n<p>Adapt\u00e9e de la s\u00e9rie japonaise Mother, d\u00e9j\u00e0 remak\u00e9e en Cor\u00e9e du Sud notamment, par les sc\u00e9naristes <a title=\"Anna Fregonese (France) (Sc\u00e9nariste,Cr\u00e9ateur,Auteur)\" href=\"http:\/\/www.allocine.fr\/personne\/fichepersonne_gen_cpersonne=134522.html\">Anna Fr\u00e9gon\u00e8se<\/a>\u00a0et <a title=\"Sylvie Audcoeur (France) (Acteur,Sc\u00e9nariste,Cr\u00e9ateur)\" href=\"http:\/\/www.allocine.fr\/personne\/fichepersonne_gen_cpersonne=3957.html\">Sylvie Audcoeur<\/a>, et le r\u00e9alisateur <a title=\"Yann Samuell (France) (R\u00e9alisateur,Sc\u00e9nariste,Adaptateur)\" href=\"http:\/\/www.allocine.fr\/personne\/fichepersonne_gen_cpersonne=77631.html\">Yann Samuel<\/a>\u00a0(<a title=\"Grand H\u00f4tel (2020) (France) (Drame,Soap)\" href=\"http:\/\/www.allocine.fr\/series\/ficheserie_gen_cserie=26001.html\">Grand H\u00f4tel<\/a>), Sauver Lisa \u00a0(qui a connu plusieurs titres de travail successifs, dont Tout pour Lisa et Cavale) suit la tentative d\u00e9sesp\u00e9r\u00e9e d&rsquo;une enseignante, Rose Keller (<a title=\"Caroline Anglade (France) (Acteur)\" href=\"http:\/\/www.allocine.fr\/personne\/fichepersonne_gen_cpersonne=196381.html\">Caroline Anglade<\/a>) pour prot\u00e9ger l&rsquo;une de ses \u00e9l\u00e8ves victime de maltraitance.<\/p>\n<div class=\"article-figure-holder\">\n<figure class=\"article-figure mceNonEditable\"><img loading=\"lazy\" decoding=\"async\" class=\"article-figure-img\" src=\"data:image\/gif;base64,R0lGODlhAgABAPAAAAAAAAAAACH5BAEAAAAAIf8LSW1hZ2VNYWdpY2sNZ2FtbWE9MC40NTQ1NQAsAAAAAAIAAQAAAgIECgA7\" data-src=\"https:\/\/fr.web.img2.acsta.net\/r_640_256\/newsv7\/21\/07\/03\/12\/17\/5593946.jpg\" width=\"640\" height=\"320\"\/><span class=\"article-figcaption-copy\">Incognita \/ M6<\/span><\/p>\n<\/figure>\n<\/div>\n<p>Haletants et charg\u00e9s en \u00e9motion, les six \u00e9pisodes de 52 minutes dessinent rapidement le th\u00e8me principal de la s\u00e9rie : la maternit\u00e9. En effet, le t\u00e9l\u00e9spectateur ne tarde pas \u00e0 comprendre que l&rsquo;attachement de l&rsquo;h\u00e9ro\u00efne pour sa jeune \u00e9l\u00e8ve est li\u00e9 au pass\u00e9 de Rose, qui a \u00e9t\u00e9 abandonn\u00e9e \u00e0 l&rsquo;\u00e2ge de quatre ans et recueillie par une famille adoptive. Un pass\u00e9 auquel elle va devoir se confronter au cours de sa cavale, alors que les sc\u00e9naristes croisent plusieurs portraits de femmes et de m\u00e8res poignants, de la m\u00e8re de substitution \u00e0 la m\u00e8re adoptive, en passant par la m\u00e8re n\u00e9gligente.<\/p>\n<p>Aux c\u00f4t\u00e9s de Caroline Anglade (<a title=\"Lebowitz contre Lebowitz (France) (Com\u00e9die dramatique)\" href=\"http:\/\/www.allocine.fr\/series\/ficheserie_gen_cserie=18913.html\">Lebowitz contre Lebowitz<\/a>, <a title=\"Divorce Club (France) - 2019 (Com\u00e9die)\" href=\"http:\/\/www.allocine.fr\/film\/fichefilm_gen_cfilm=265572.html\">Divorce Club<\/a>), excellente dans la peau de cette institutrice pr\u00eate \u00e0 prendre tous les risques, les abonn\u00e9s de Salto retrouveront avec plaisir <a title=\"Cristiana R\u00e9ali (France) (Acteur)\" href=\"http:\/\/www.allocine.fr\/personne\/fichepersonne_gen_cpersonne=19875.html\">Cristiana Reali<\/a>\u00a0(<a title=\"Les Bracelets rouges (France) (Drame)\" href=\"http:\/\/www.allocine.fr\/series\/ficheserie_gen_cserie=21640.html\">Les Bracelets rouges<\/a>), <a title=\"Victoria Abril (Espagne) (Acteur)\" href=\"http:\/\/www.allocine.fr\/personne\/fichepersonne_gen_cpersonne=2990.html\">Victoria Abril<\/a>, qui n&rsquo;avait pas tenu de r\u00f4le de premier plan dans une s\u00e9rie fran\u00e7aise depuis son d\u00e9part de <a title=\"Clem (France) (Com\u00e9die)\" href=\"http:\/\/www.allocine.fr\/series\/ficheserie_gen_cserie=8724.html\">Clem<\/a>, et <a title=\"D\u00e9borah Fran\u00e7ois (Belgique) (Acteur)\" href=\"http:\/\/www.allocine.fr\/personne\/fichepersonne_gen_cpersonne=126825.html\">D\u00e9borah Fran\u00e7ois<\/a>\u00a0(L&rsquo;\u00e9cole de la vie), \u00e9tonnante en m\u00e8re abusive.<\/p>\n<p>Sans oublier <a title=\"Olivia Bonamy (France) (Acteur)\" href=\"http:\/\/www.allocine.fr\/personne\/fichepersonne_gen_cpersonne=24875.html\">Olivia Bonamy<\/a>\u00a0et <a title=\"Noom Diawara (France) (Acteur,Directeur artistique,Sc\u00e9nariste)\" href=\"http:\/\/www.allocine.fr\/personne\/fichepersonne_gen_cpersonne=213029.html\">Noom Diawara<\/a>, qui pr\u00eatent leurs traits aux flics en charge de l&rsquo;enqu\u00eate sur la disparition de Lisa, <a title=\"Oscar Copp (France) (Acteur)\" href=\"http:\/\/www.allocine.fr\/personne\/fichepersonne_gen_cpersonne=69927.html\">Oscar Copp<\/a>, remarqu\u00e9 r\u00e9cemment dans La Promesse, <a title=\"Tom Novembre (France) (Acteur,Compositeur)\" href=\"http:\/\/www.allocine.fr\/personne\/fichepersonne_gen_cpersonne=2610.html\">Tom Novembre<\/a>, et la jeune <a title=\"Capucine Sainson-Fabresse (France)\" href=\"http:\/\/www.allocine.fr\/personne\/fichepersonne_gen_cpersonne=937897.html\">Capucine Sainson-Fabresse<\/a>, qui fait des \u00e9tincelles dans le r\u00f4le de la petite Lisa. Une jolie distribution pour une s\u00e9rie entre drame et thriller qui devrait ravir les amateurs de fictions fran\u00e7aises.<\/p>\n<\/p><\/div>\n<p>[ad_2]<br \/>\n<br \/><a href=\"http:\/\/rss.allocine.fr\/~r\/ac\/actualites\/~3\/OIJ5I-08afg\/fichearticle_gen_carticle=18700820.html\">Source link <\/a><\/p>\n","protected":false},"excerpt":{"rendered":"<p>[ad_1] Avant son arriv\u00e9e sur M6, \u00ab\u00a0Sauver Lisa\u00a0\u00bb, avec Caroline Anglade, Victoria Abril, Cristiana Reali, et D\u00e9borah Fran\u00e7ois, est disponible &hellip; <a href=\"https:\/\/www.affinite.fr\/index.php\/2021\/07\/03\/sauver-lisa-sur-salto-cest-quoi-cette-serie-haletante-avec-caroline-anglade-victoria-abril-et-deborah-francois-news-series-a-la-tv\/\" class=\"more-link\">Plus <span class=\"screen-reader-text\">Sauver Lisa sur Salto : c&rsquo;est quoi cette s\u00e9rie haletante avec Caroline Anglade, Victoria Abril, et D\u00e9borah Fran\u00e7ois ? &#8211; News S\u00e9ries \u00e0 la TV<\/span> <span class=\"meta-nav\">&rarr;<\/span><\/a><\/p>\n","protected":false},"author":1,"featured_media":6612,"comment_status":"open","ping_status":"open","sticky":false,"template":"","format":"standard","meta":{"_sitemap_exclude":false,"_sitemap_priority":"","_sitemap_frequency":"","footnotes":""},"categories":[1],"tags":[],"class_list":["post-6611","post","type-post","status-publish","format-standard","has-post-thumbnail","hentry","category-tous"],"_links":{"self":[{"href":"https:\/\/www.affinite.fr\/index.php\/wp-json\/wp\/v2\/posts\/6611"}],"collection":[{"href":"https:\/\/www.affinite.fr\/index.php\/wp-json\/wp\/v2\/posts"}],"about":[{"href":"https:\/\/www.affinite.fr\/index.php\/wp-json\/wp\/v2\/types\/post"}],"author":[{"embeddable":true,"href":"https:\/\/www.affinite.fr\/index.php\/wp-json\/wp\/v2\/users\/1"}],"replies":[{"embeddable":true,"href":"https:\/\/www.affinite.fr\/index.php\/wp-json\/wp\/v2\/comments?post=6611"}],"version-history":[{"count":0,"href":"https:\/\/www.affinite.fr\/index.php\/wp-json\/wp\/v2\/posts\/6611\/revisions"}],"wp:featuredmedia":[{"embeddable":true,"href":"https:\/\/www.affinite.fr\/index.php\/wp-json\/wp\/v2\/media\/6612"}],"wp:attachment":[{"href":"https:\/\/www.affinite.fr\/index.php\/wp-json\/wp\/v2\/media?parent=6611"}],"wp:term":[{"taxonomy":"category","embeddable":true,"href":"https:\/\/www.affinite.fr\/index.php\/wp-json\/wp\/v2\/categories?post=6611"},{"taxonomy":"post_tag","embeddable":true,"href":"https:\/\/www.affinite.fr\/index.php\/wp-json\/wp\/v2\/tags?post=6611"}],"curies":[{"name":"wp","href":"https:\/\/api.w.org\/{rel}","templated":true}]}}