{"id":6593,"date":"2021-06-29T22:01:52","date_gmt":"2021-06-29T22:01:52","guid":{"rendered":"https:\/\/www.affinite.fr\/index.php\/2021\/06\/29\/variant-delta-indien-origine-vaccination-haute-savoie\/"},"modified":"2021-06-29T22:01:52","modified_gmt":"2021-06-29T22:01:52","slug":"variant-delta-indien-origine-vaccination-haute-savoie","status":"publish","type":"post","link":"https:\/\/www.affinite.fr\/index.php\/2021\/06\/29\/variant-delta-indien-origine-vaccination-haute-savoie\/","title":{"rendered":"Variant Delta (indien)\u00a0: origine, vaccination, Haute-Savoie"},"content":{"rendered":"<p> [ad_1]<br \/>\n<\/p>\n<p>\n                VARIANT DELTA &#8211; Le variant Delta (indien) devient \u00ab\u00a0progressivement dominant\u00a0\u00bb, serait d\u00e9sormais responsable de 20\u00a0% des nouvelles contaminations en France, alerte Olivier V\u00e9ran et pr\u00e9sent dans 85\u00a0pays du monde. Quelle est son origine\u00a0? Ses\u00a0sympt\u00f4mes\u00a0? L&rsquo;efficacit\u00e9 des vaccins (Pfizer, AstraZeneca&#8230;) contre lui\u00a0? Cas et infos \u00e0 date.            <\/p>\n<div>\n<aside class=\"ccmsummary marqueur_module ccmcss_cms_summary ccmcss_cms_summary--right\">\n<p>Sommaire<\/p>\n<\/aside>\n<p><strong>[Mis \u00e0 jour le mardi 29 juin \u00e0 23h48] <\/strong>Le variant delta devient dominant dans le monde. 85 y sont d\u00e9sormais confront\u00e9s, indique l&rsquo;OMS.<strong>\u00a0<\/strong><b data-original-fontsize=\"20px\" data-original-lineheight=\"30px\">Il devrait repr\u00e9senter 90\u00a0% des nouveaux cas dans l&rsquo;UE d&rsquo;ici fin ao\u00fbt,\u00a0<\/b>estime l<a data-original-fontsize=\"20px\" data-original-lineheight=\"30px\" href=\"https:\/\/www.ecdc.europa.eu\/en\/publications-data\/threat-assessment-emergence-and-impact-sars-cov-2-delta-variant\" target=\"_blank\" rel=\"noopener noreferrer\">e Centre europ\u00e9en de pr\u00e9vention et de contr\u00f4le des maladies<\/a>. Il repr\u00e9senterait d\u00e9sormais 20% des nouveaux diagnostics, alerte le ministre de la Sant\u00e9 Olivier V\u00e9ran ce mardi 29 juin sur France Info. Deux zones sont particuli\u00e8rement touch\u00e9es\u00a0: le <strong>Bas-Rhin<\/strong> avec <strong>60\u00a0cas<\/strong> et plusieurs foyers de contamination ainsi que\u00a0<strong>les Landes<\/strong> o\u00f9 il repr\u00e9sente <strong>30% des cas positifs<\/strong>, selon <a href=\"https:\/\/www.nouvelle-aquitaine.ars.sante.fr\/communique-de-presse-covid-19-la-necessite-de-se-faire-vacciner-rapidement-pour-eviter-la\" target=\"_blank\" rel=\"noopener noreferrer\">un communiqu\u00e9<\/a> du 23 juin de l&rsquo;Agence r\u00e9gionale de Sant\u00e9 de la Nouvelle-Aquitaine.<strong> <\/strong><strong>En Ile-de-France, il repr\u00e9senterait 13% des nouveaux cas.\u00a0<\/strong>Plusieurs cas ont \u00e9t\u00e9 enregistr\u00e9s dans la commune de Ballaison, proche de Gen\u00e8ve, selon la pr\u00e9fecture de Haute-Savoie. Mais aussi dans le Morbihan et en Loire-Atlantique. Le variant delta serait <strong>60 fois plus contagieux que son homologue anglais<\/strong>. Il s\u00e9vit dans de nombreux pays dans le monde. Pour rappel, il a \u00e9t\u00e9 identifi\u00e9 pour la premi\u00e8re fois <strong>en Inde<\/strong> o\u00f9 il a fait des milliers de morts. Comme ses homologues anglais, br\u00e9silien et sud-africains, une sous-lign\u00e9e de ce variant a \u00e9t\u00e9 class\u00e9e\u00a0comme <strong>\u00ab\u00a0pr\u00e9occupante\u00a0\u00bb<\/strong> (VOC) par l&rsquo;OMS. O\u00f9 est-il pr\u00e9sent exactement\u00a0? En Europe\u00a0? En France\u00a0? Quels sont ses sympt\u00f4mes\u00a0? Ses dangers sur le long terme\u00a0? Les vaccins nous prot\u00e8gent-ils contre lui\u00a0? Ce que l&rsquo;on sait \u00e0 date.\u00a0<\/p>\n<p>Le<strong>\u00a0variant indien ou \u00ab\u00a0Delta\u00a0\u00bb\u00a0<\/strong>a \u00e9t\u00e9 <em>\u00ab\u00a0rep\u00e9r\u00e9 pour la premi\u00e8re fois <strong>le 5\u00a0octobre 2020\u00a0pr\u00e8s de Nagpur<\/strong>\u00ab\u00a0, <\/em>une ville du centre de l&rsquo;<wbr\/>Inde situ\u00e9e dans le <strong>Maharashtra<\/strong>, rapporte <a href=\"https:\/\/www.lemonde.fr\/planete\/article\/2021\/04\/19\/b-1-617-le-double-mutant-indien-qui-commence-a-inquieter-les-scientifiques_6077245_3244.html\" target=\"_blank\" rel=\"noopener noreferrer\">un article du Monde<\/a> du 19 avril 2021. Il s&rsquo;agit d&rsquo;un nouveau mutant\u00a0du Sars-CoV-2, le virus responsable de la pand\u00e9mie de la Covid-19, qui r\u00e9sulte de \u00ab\u00a0<em><strong>quinze mutations sp\u00e9cifiques<\/strong>\u00ab\u00a0<\/em>, d\u00e9taille Anurag Agrawal, directeur de l&rsquo;Institut de g\u00e9nomique et de biologie int\u00e9grative de New Delhi.\u00a0<\/p>\n<p>La variant indien porte le nom scientifique\u00a0<strong>B.1.617<\/strong>.\u00a0Le lignage B.1.617\u00a0comprend 3\u00a0sous-lignages, caract\u00e9ris\u00e9s par les mutations L452R et P681R :<\/p>\n<ul>\n<li><strong>B.1.617.1 (Kappa)<\/strong><\/li>\n<li><strong>B.617.2 <\/strong>(<strong>Delta<\/strong>, le plus fr\u00e9quent en France) : c&rsquo;est ce sous-lignage qui a \u00e9t\u00e9 class\u00e9 comme \u00ab\u00a0pr\u00e9occupant\u00a0\u00bb par l&rsquo;Organisation mondiale de la Sant\u00e9.\u00a0<em>\u00ab\u00a0Il est devenu \u00e9vident que davantage de risques pour le public sont associ\u00e9s au B.1.617.2, tandis que des taux de transmission moindres ont \u00e9t\u00e9 observ\u00e9s avec les autres sous-lign\u00e9es\u00a0\u00bb<\/em>, pr\u00e9cise l&rsquo;OMS dans son point \u00e9pid\u00e9miologique hebdomadaire sur la pand\u00e9mie.<\/li>\n<li><strong>B.1.617.3<\/strong><\/li>\n<\/ul>\n<p>Dans un communiqu\u00e9 publi\u00e9 le 22\u00a0juin, le minist\u00e8re indien de la Sant\u00e9 a indiqu\u00e9 avoir plac\u00e9 les \u00c9tats du Maharashtra, du Kerala et du Madhya Pradesh <strong>en alerte<\/strong>, \u00e0 cause d&rsquo;<strong>une nouvelle mutation du variant indien<\/strong>.\u00a0Baptis\u00e9e\u00a0\u00ab\u00a0delta plus\u00a0\u00bb,\u00a0\u00a0cette variante aurait \u00e9t\u00e9 d\u00e9tect\u00e9e\u00a0chez <strong>22 personnes et serait encore plus contagieuse que son cousin<\/strong>.\u00a0D&rsquo;apr\u00e8s le communiqu\u00e9, le delta plus a \u00e9t\u00e9 d\u00e9couvert \u00ab\u00a0<em>dans le s\u00e9quen\u00e7age g\u00e9nomique d&rsquo;\u00e9chantillons pr\u00e9lev\u00e9s dans les districts de Ratnagiri et de Jalgaon au Maharashtra, dans les districts de Palakkad et de Pathanamthitta au Kerala, et dans les districts de Shivpuri au Madhya Pradesh<\/em>\u00ab\u00a0. Selon <a href=\"http:\/\/dbtindia.gov.in\/insacog\" target=\"_blank\" rel=\"noopener noreferrer\">le\u00a0Consortium g\u00e9nomique indien sur le SARS-CoV-2<\/a>\u00a0(INSACOG), le variant delta plus serait li\u00e9\u00a0\u00e0 :<\/p>\n<ul>\n<li>une transmission plus accrue,<\/li>\n<li>une liaison plus solide aux r\u00e9cepteurs des cellules pulmonaires<\/li>\n<li>une diminution possible de la r\u00e9ponse des anticorps monoclonaux.<\/li>\n<\/ul>\n<blockquote>\n<p style=\"text-align: right;\">Le variant Delta ressemblerait \u00e0 <strong>\u00ab\u00a0un mauvais rhume\u00a0\u00bb.<\/strong><\/p>\n<\/blockquote>\n<p>Si le variant indien semble\u00a0plus contagieux que les autres souches, il entra\u00eenerait des <strong>sympt\u00f4mes typiques<\/strong> de la Covid-19. Le directeur de l&rsquo;Institut de g\u00e9nomique et de biologie int\u00e9grative de Delhi indique que les malades souffrent de :<\/p>\n<ul>\n<li><strong>maux de t\u00eate, <\/strong><\/li>\n<li><strong>congestion nasale,<\/strong><\/li>\n<li><strong>maux de gorge,<\/strong><\/li>\n<li><strong>douleurs musculaire<\/strong>,<em> <\/em><\/li>\n<li><strong>diarrh\u00e9e<\/strong><\/li>\n<\/ul>\n<p><em>\u00ab\u00a0Et le climat \u00e9tant chaud et sec cette saison, certains <strong>saignent du nez ou de la gorge<\/strong> parce qu&rsquo;i<strong>ls toussent ou \u00e9ternuent davantage<\/strong><\/em>\u00ab\u00a0. Les donn\u00e9es recueillies dans le cadre de l&rsquo;\u00e9tude des sympt\u00f4mes de l&rsquo;application\u00a0<a href=\"http:\/\/Headaches,%20a%20sore%20throat%20and%20a%20runny%20nose%20are%20the%20most%20common%20symptoms%20associated%20with%20the%20UK%E2%80%99s%20most%20widely%20established%20Covid%20variant,%20researchers%20have%20said.%20%20The%20data,%20collected%20as%20part%20of%20the%20app-based%20Zoe%20Covid%20symptom%20study,%20suggests%20that%20the%20Delta%20variant%20first%20detected%20in%20India%20feels%20like%20a%20%E2%80%9Cbad%20cold%E2%80%9D,%20according%20to%20Tim%20Spector,%20a%20professor%20of%20genetic%20epidemiology%20at%20King%E2%80%99s%20College%20London,%20who%20is%20leading%20the%20work.%20%20%E2%80%9CCovid%20is%20%E2%80%A6%20acting%20differently%20now,%20it%E2%80%99s%20more%20like%20a%20bad%20cold,%E2%80%9D%20he%20said.%20%E2%80%9CPeople%20might%20think%20they%E2%80%99ve%20just%20got%20some%20sort%20of%20seasonal%20cold,%20and%20they%20still%20go%20out%20to%20parties%20%E2%80%A6%20we%20think%20this%20is%20fuelling%20a%20lot%20of%20the%20problem.%20So,%20what%E2%80%99s%20really%20important%20to%20realise%20is%20that%20since%20the%20start%20of%20May,%20we%E2%80%99ve%20been%20looking%20at%20the%20top%20symptoms%20in%20all%20the%20app%20users,%20and%20they%E2%80%99re%20not%20the%20same%20as%20they%20were.%20So,%20the%20number%20one%20symptom%20is%20headache%20%E2%80%A6%20followed%20by%20sore%20throat,%20runny%20nose%20and%20fever.%E2%80%9D\" target=\"_blank\" rel=\"noopener noreferrer\">Zoe Covid<\/a> sugg\u00e8rent que le variant Delta ressemblerait \u00e0 <strong>\u00ab\u00a0un mauvais rhume\u00a0\u00bb <\/strong>chez les personnes jeunes \u00ab\u00a0qui ont de toute mani\u00e8re des sympt\u00f4mes plus l\u00e9gers\u00a0\u00bb.<strong> <\/strong>Ainsi, le premier sympt\u00f4me serait le mal de t\u00eate, suivi d&rsquo;un mal de gorge, d&rsquo;un \u00e9coulement nasal et de la fi\u00e8vre. La toux semblerait \u00eatre le 5e sympt\u00f4me le plus courant lors d&rsquo;une contamination au variant Delta et la perte d&rsquo;odorat n&rsquo;appara\u00eet pas dans le top 10 des sympt\u00f4mes les plus fr\u00e9quents.\u00a0Quiconque pense avoir des sympt\u00f4mes \u00e9vocateurs du Covid doit passer un test et s&rsquo;isoler dans l&rsquo;attente des r\u00e9sultats.<\/p>\n<table align=\"center\" border=\"1\" cellpadding=\"1\" cellspacing=\"1\" style=\"width:40%;\">\n<thead>\n<tr>\n<th scope=\"col\">\n<p style=\"text-align: center;\">Top 10 des sympt\u00f4mes les plus courants pour le variant Delta :<\/p>\n<ol>\n<li>\u00a0Mal de t\u00eate<\/li>\n<li>Mal de gorge<\/li>\n<li>Ecoulement nasal<\/li>\n<li>Fi\u00e8vre<\/li>\n<li>Toux (continue)<\/li>\n<li>Fatigue<\/li>\n<li>\u00a0Frissons<\/li>\n<li>\u00a0Perte d&rsquo;app\u00e9tit<\/li>\n<li>Douleurs musculaires<\/li>\n<li>Modification\/Perte du go\u00fbt<\/li>\n<\/ol>\n<\/th>\n<\/tr>\n<\/thead>\n<tbody\/><\/table>\n<blockquote>\n<p style=\"text-align: right;\">Le variant indien circule en France m\u00e9tropolitaine depuis avril.<\/p>\n<\/blockquote>\n<p>Le variant indien\u00a0a \u00e9t\u00e9 officiellement signal\u00e9 dans plus de\u00a0<strong>85 territoires<\/strong>, selon les derni\u00e8res donn\u00e9es de l&rsquo;Organisation mondiale de la sant\u00e9 (OMS).\u00a0Selon les donn\u00e9es de GISAID, la <strong>majorit\u00e9 des cas <\/strong>de B.1.617\u00a0sont actuellement identifi\u00e9s<strong> en Inde, au Royaume-Uni, aux Etats-Unis, en Allemagne et \u00e0 Singapour<\/strong>. Il est possible que ce lignage ait diffus\u00e9 dans d&rsquo;autres pays, notamment les pays limitrophes, pour lesquels il n&rsquo;y a pas de s\u00e9quences dans GISAID (N\u00e9pal et Bangladesh notamment). Parmi les cas li\u00e9s au variant B.1.617\u00a0d\u00e9tect\u00e9s en Europe, le <strong>sous-lignage B.1.617.2\u00a0(Delta) est pr\u00e9dominant.<\/strong><\/p>\n<figure class=\"image\" style=\"float:right\"><a class=\"fancy\" href=\"https:\/\/img-3.journaldesfemmes.fr\/W4ZdTH5ln-HWqPXYpMgmOmXFiBo=\/1080x\/smart\/9e90bdf4b5ac4aff8293f7165ff12321\/ccmcms-jdf\/25751165.png\" target=\"_blank\" rel=\"noopener noreferrer\"><img decoding=\"async\" alt=\"Nombre de pr\u00e9l\u00e8vements positifs au SARS-CoV-2 confirmant une infection par le variant Delta, France enti\u00e8re, par d\u00e9partements, donn\u00e9es EMERGEN (toutes indications de s\u00e9quen\u00e7age confondues) depuis le 13 avril 2021, au 22 juin 2021.*\" src=\"https:\/\/img-3.journaldesfemmes.fr\/m6HWaMZlZs67pLvmnADcyDLwfXU=\/450x\/smart\/9e90bdf4b5ac4aff8293f7165ff12321\/ccmcms-jdf\/25751165.png\"\/><\/a><figcaption data-credit=\"Sant\u00e9 publique France\" data-legend=\"Nombre de pr\u00e9l\u00e8vements positifs au SARS-CoV-2 confirmant une infection par le variant Delta, France enti\u00e8re, par d\u00e9partements, donn\u00e9es EMERGEN (toutes indications de s\u00e9quen\u00e7age confondues) depuis le 13 avril 2021, au 22 juin 2021.*\">Nombre de pr\u00e9l\u00e8vements positifs au SARS-CoV-2\u00a0confirmant une infection par le variant Delta, France enti\u00e8re, par d\u00e9partements, donn\u00e9es EMERGEN (toutes indications de s\u00e9quen\u00e7age confondues) depuis le 13\u00a0avril 2021, au 22\u00a0juin 2021.* <small>\u00a9\u00a0Sant\u00e9 publique France<\/small><\/figcaption><\/figure>\n<p>\u25ba<strong> <a name=\"variant-indien-france\" target=\"_blank\" rel=\"noopener noreferrer\">En France<\/a><\/strong><em><strong> <\/strong><\/em>: selon les informations du 29 juin d&rsquo;Olivier V\u00e9ran, ministre de la Sant\u00e9, le variant delta repr\u00e9senterait\u00a0<strong>20% des nouvelles contaminations en France <\/strong>(au 29\u00a0juin).\u00a0Dans les Landes, il repr\u00e9sente 30% des cas de Covid.\u00a0Selon le <a href=\"https:\/\/www.santepubliquefrance.fr\/maladies-et-traumatismes\/maladies-et-infections-respiratoires\/infection-a-coronavirus\/documents\/bulletin-national\/covid-19-point-epidemiologique-du-24-juin-2021\" target=\"_blank\" rel=\"noopener noreferrer\">dernier bulletin hebdomadaire de Sant\u00e9 publique France<\/a> du 24 juin,\u00a0entre les semaines 15\u00a0et 24, <strong>287\u00a0cas d&rsquo;infection par le variant Delta<\/strong> ont \u00e9t\u00e9 confirm\u00e9s par s\u00e9quen\u00e7age dans le cadre des enqu\u00eates Flash (surveillance de la circulation des variants) ou lors de situations sp\u00e9cifiques investigu\u00e9es, dont 276\u00a0cas en France m\u00e9tropolitaine.\u00a0<strong>Des cas sporadiques<\/strong> sont maintenant rapport\u00e9s <strong>dans la majorit\u00e9 des r\u00e9gions m\u00e9tropolitaines<\/strong>, et on observe en cons\u00e9quence une augmentation du nombre de clusters et de foyers de transmission localis\u00e9e (<strong>\u00cele-de-France, Provence-Alpes-C\u00f4te d&rsquo;Azur<\/strong>), mais \u00e9galement des zones de diffusion plus soutenue comme en <strong>Nouvelle-Aquitaine (Landes)<\/strong>, dans <strong>le Grand Est (Bas-Rhin)<\/strong> et en <strong>Auvergne-Rh\u00f4ne-Alpes (Is\u00e8re)<\/strong>. La situation \u00e9pid\u00e9miologique reste favorable dans l&rsquo;ensemble des r\u00e9gions, mais il est n\u00e9cessaire de maintenir un niveau de vigilance \u00e9lev\u00e9, notamment dans les Landes, o\u00f9 une augmentation du taux d&rsquo;incidence est not\u00e9e en semaine 24. Dans les r\u00e9gions d&rsquo;outre-mer, \u00e0 ce jour, <strong>seule la Guadeloupe<\/strong> rapportait une cha\u00eene de transmission limit\u00e9e li\u00e9e au variant Delta, confirm\u00e9 par s\u00e9quen\u00e7age.<\/p>\n<p><strong>&gt;&gt;<\/strong> Les trois r\u00e9gions ayant le nombre de cas de variant Delta confirm\u00e9s le plus \u00e9lev\u00e9 \u00e9taient la <strong>Nouvelle-Aquitaine<\/strong> (85), l&rsquo;<strong>\u00cele-de-France <\/strong>(52) et la <strong>Provence-Alpes-C\u00f4te d&rsquo;Azur <\/strong>(51).<\/p>\n<p><span style=\"font-size: 1rem;\">\u25ba <\/span><strong style=\"font-size: 1rem;\"><a id=\"variant-indien-angleterre\" name=\"variant-indien-angleterre\" target=\"_blank\" rel=\"noopener noreferrer\">Au Royaume-Uni<\/a>, <\/strong><span style=\"font-size: 1rem;\">depuis d\u00e9but avril, il est<\/span><strong style=\"font-size: 1rem;\"> identifi\u00e9 plus fr\u00e9quemment que le variant anglais<\/strong><span style=\"font-size: 1rem;\"> 20I\/501Y.V1. Au moins de\u00a0juin, le variant Delta repr\u00e9sente plus de 90% des nouveaux cas identifi\u00e9s au Royaume-Uni, selon les autorit\u00e9s britanniques. Dans ce contexte, le Premier ministre Boris Johnson d\u00e9cide de <\/span><strong style=\"font-size: 1rem;\">d\u00e9caler de 4\u00a0semaines le d\u00e9confinement en Angleterre<\/strong><span style=\"font-size: 1rem;\">.\u00a0<\/span><em style=\"font-size: 1rem;\">\u00ab\u00a0Dans les zones les plus touch\u00e9es, les contaminations doublent chaque semaine et le nombre d&rsquo;admissions dans les h\u00f4pitaux anglais a augment\u00e9 de 50% en une semaine\u00a0\u00bb,<\/em><span style=\"font-size: 1rem;\">\u00a0s&rsquo;inqui\u00e8te\u00a0le Premier ministre, alors que le nombre de contaminations est pass\u00e9 de 2000\u00a0\u00e0 7000\u00a0par jour ces derni\u00e8res semaines.<\/span><\/p>\n<p><strong>Afin de limiter la diffusion de variants en France, un isolement obligatoire des voyageurs allant au\u00a0Royaume-Uni <\/strong>est mis en place a annonc\u00e9 le porte-parole du gouvernement le 26\u00a0mai. Depuis samedi 24\u00a0avril pour les voyageurs arrivant d&rsquo;Inde\u00a0: le dispositif de test avant l&#8217;embarquement a \u00e9t\u00e9 renforc\u00e9, avec l&rsquo;obligation d&rsquo;un test PCR n\u00e9gatif de moins de 36h ou un r\u00e9sultat de test PCR n\u00e9gatif de moins de 72h accompagn\u00e9 d&rsquo;un test antig\u00e9nique n\u00e9gatif de moins de 24h. <strong>De plus, la r\u00e9alisation d&rsquo;un test antig\u00e9nique a \u00e9t\u00e9 rendue syst\u00e9matique \u00e0 l&rsquo;arriv\u00e9e en France, avant de quitter l&rsquo;a\u00e9roport.<\/strong> Enfin, chaque personne en provenance de ces pays fait dor\u00e9navant l&rsquo;objet d&rsquo;une mise en quarantaine obligatoire et contr\u00f4l\u00e9e pour <strong>10\u00a0jours<\/strong>, d\u00e9cid\u00e9e par arr\u00eat\u00e9 pr\u00e9fectoral. Un test PCR n\u00e9gatif au 9<sup>\u00e8me<\/sup>\u00a0jour permet de sortir de la quarantaine le 10<sup>\u00e8me<\/sup>\u00a0jour.<\/p>\n<p>\u25ba\u00a0<strong>Aux Etats-Unis\u00a0:\u00a0<\/strong>le variant indien\u00a0repr\u00e9sente plus de 6\u00a0% des \u00e9chantillons de virus s\u00e9quenc\u00e9s, selon les donn\u00e9es des Centers for Disease Control and Prevention (CDC). Il s&rsquo;agit d&rsquo;un bond d&rsquo;environ 1% il y a un mois.<\/p>\n<p>\u25ba<strong> En Russie\u00a0:<\/strong>\u00a084% des s\u00e9quences d\u00e9pos\u00e9es ces quatre derni\u00e8res semaines correspondent au variant delta. pr\u00e8s de 90% des nouveaux cas (89.3%) recens\u00e9s de Covid-19\u00a0\u00e0 Moscou sont dus au variant Delta du coronavirus, annonce le maire de la capitale russe. Moscou a d\u00e9j\u00e0 port\u00e9 de\u00a013\u00a0000\u00a0\u00e0 17\u00a0000\u00a0le nombre de lits destin\u00e9s aux patients du Covid cette semaine et compte porter ses capacit\u00e9s \u00e0 20\u00a0000\u00a0dans les prochains jours.<\/p>\n<p>\u25ba <strong>En Isra\u00ebl :<\/strong> le variant delta repr\u00e9sente 70% des personnes infect\u00e9es dans le pays. La moiti\u00e9 des contaminations en Isra\u00ebl concerne des enfants. Face \u00e0 l&rsquo;\u00e9mergence du variant delta,\u00a0\u00ab\u00a0le gouvernement d\u00e9cide de reporter l&rsquo;entr\u00e9e des touristes d&rsquo;un mois, au <strong>1er\u00a0ao\u00fbt<\/strong>\u00ab\u00a0, a affirm\u00e9 le minist\u00e8re isra\u00e9lien du Tourisme.<\/p>\n<p>\u25ba <strong>En Espagne :<\/strong>\u00a0le variant delta repr\u00e9sente 10% des cas positifs.\u00a0<\/p>\n<p>\u25ba\u00a0<strong>En Australie<\/strong>\u00a0: le 26 juin, la ville de Sydney s&rsquo;est reconfin\u00e9e pour deux semaines \u00e0 cause de la propagation du variant delta. Les autorit\u00e9s ont d\u00e9cid\u00e9 un confinement de quatre jours \u00e0 Perth (ouest), troisi\u00e8me ville \u00e0 limiter les d\u00e9placements apr\u00e8s Sydney (sud-est) et Darwin (nord). La Nouvelle-Z\u00e9lande a d\u00e9cid\u00e9 de suspendre pour trois jours ses vols avec l&rsquo;Australie.<\/p>\n<p>Le variant indien\u00a0inclut 3\u00a0sous-lignages (B.1.617.1, B.1.617.2\u00a0et B.1.617.3) qui diff\u00e8rent l\u00e9g\u00e8rement en termes de mutations d&rsquo;int\u00e9r\u00eat. Les mutations caract\u00e9ristiques du lignage B.1.617\u00a0incluent les<strong> mutations L452R, P681R, <\/strong>et la<strong> mutation E484Q<\/strong> (observ\u00e9e uniquement dans les sous-lignages B.1.617.1\u00a0et B.1.617.3). Cette derni\u00e8re -qui ressemble \u00e0 une mutation pr\u00e9sente dans les variants identifi\u00e9s en Afrique du Sud et au Br\u00e9sil.- pourrait \u00eatre associ\u00e9e \u00e0 un impact significatif en termes d<strong>&lsquo;\u00e9chappement immunitaire<\/strong> (postinfection et post-vaccinal), bien que cela ne soit pas d\u00e9montr\u00e9 \u00e0 ce stade, rapporte Sant\u00e9 Publique France dans son\u00a0<a data-saferedirecturl=\"https:\/\/www.google.com\/url?q=https:\/\/anws.co\/bYz7k\/%257B83b3a2fe-549a-4664-bd72-a1523d7df7d1%257D&amp;source=gmail&amp;ust=1620487060335000&amp;usg=AFQjCNHa0j1LX2usyf0GIUt3zjalPRyEkg\" href=\"https:\/\/anws.co\/bYz7k\/%7B83b3a2fe-549a-4664-bd72-a1523d7df7d1%7D\" target=\"_blank\" rel=\"noopener noreferrer\">Analyse de risque li\u00e9e aux variants \u00e9mergents de SARS-CoV-2\u00a0r\u00e9alis\u00e9e conjointement par le CNR des virus des infections respiratoires et Sant\u00e9 publique France<\/a>\u00a0au 5\u00a0mai 2021.\u00a0 En semaine 24 (du 14 au 20 juin 2021) :<\/p>\n<ul>\n<li><strong>La mutation L452R<\/strong> serait associ\u00e9e \u00e0 un risque d&rsquo;augmentation de la transmissibilit\u00e9 du virus, et \u00e0 un possible \u00e9chappement immunitaire, d\u00e9tect\u00e9e dans 10,5% des pr\u00e9l\u00e8vements positifs cribl\u00e9s.<\/li>\n<li><strong>La<\/strong>\u00a0<strong>mutation E484Q <\/strong>pourrait avoir<strong>\u00a0<\/strong>un impact significatif en termes d<strong>&lsquo;\u00e9chappement immunitaire<\/strong> (postinfection et post-vaccinal), d\u00e9tect\u00e9e dans 0,9% des pr\u00e9l\u00e8vements positifs cribl\u00e9s.<\/li>\n<li><strong>La mutation E484K<\/strong>, d\u00e9tect\u00e9e dans 16,9% des pr\u00e9l\u00e8vements positifs cribl\u00e9s.\u00a0<\/li>\n<\/ul>\n<p>Dans <a href=\"https:\/\/www.pasteur.fr\/fr\/espace-presse\/documents-presse\/covid-19-analyse-sensibilite-du-variant-indien-b16172-aux-anticorps-monoclonaux-aux-serums-personnes\" target=\"_blank\" rel=\"noopener noreferrer\">une \u00e9tude<\/a> publi\u00e9e le 28\u00a0mai 2021, les chercheurs de l&rsquo;Institut Pasteur, en collaboration avec l&rsquo;H\u00f4pital Europ\u00e9en Georges Pompidou AP-HP, le CHR d&rsquo;Orl\u00e9ans et le CHU de Strasbourg, ont \u00e9tudi\u00e9 la sensibilit\u00e9 du variant indien\u00a0aux anticorps monoclonaux utilis\u00e9s en clinique pour pr\u00e9venir les formes graves de la maladie chez les personnes \u00e0 risque, ainsi qu&rsquo;aux anticorps neutralisants pr\u00e9sents dans les s\u00e9rums de personnes pr\u00e9c\u00e9demment infect\u00e9es par le SARS-CoV-2\u00a0ou vaccin\u00e9es. Puis, ils ont compar\u00e9 cette sensibilit\u00e9 \u00e0 celles des variants anglais et sud-africains. Au terme des r\u00e9sultats\u00a0:<\/p>\n<ul>\n<li>Le variant indien est moins sensible aux anticorps neutralisants que anglais. Toutefois, trois des 4\u00a0anticorps monoclonaux th\u00e9rapeutiques test\u00e9s restent efficaces contre le variant indien.\u00a0<\/li>\n<li>Ce variant \u00e0 propagation plus rapide, a acquis une r\u00e9sistance partielle aux anticorps. Par exemple, les s\u00e9rums de patients ayant eu un COVID-19\u00a0et recueillis jusqu&rsquo;\u00e0 12\u00a0mois apr\u00e8s les sympt\u00f4mes ainsi que les personnes ayant re\u00e7u le\u00a0 vaccin Pfizer restent neutralisants, mais sont 3\u00a0\u00e0 6\u00a0fois moins puissants contre B.1.617.2, par rapport \u00e0 B.1.1.7\u00a0(anglais)<\/li>\n<li>Les s\u00e9rums d&rsquo;individus ayant re\u00e7u une dose d&rsquo;AstraZeneca Vaxzevria sont peu ou pas du tout efficaces contre B.1.617.2\u00a0(l&rsquo;une des mutations du variant indien)<\/li>\n<\/ul>\n<p>Dans <a href=\"https:\/\/www.has-sante.fr\/jcms\/p_3273017\/fr\/covid-19-face-aux-variants-emergents-vacciner-de-maniere-reactive\" target=\"_blank\" rel=\"noopener noreferrer\">un avis rendu le 21 juin 2021<\/a>, la HAS (Haute Autorit\u00e9 de Sant\u00e9) pr\u00e9conise une<strong>\u00a0\u00ab\u00a0strat\u00e9gie de vaccination r\u00e9active\u00a0\u00bb,<\/strong> c&rsquo;est-\u00e0-dire\u00a0de <strong>vacciner l&rsquo;entourage des personnes infect\u00e9es <em>\u00ab\u00a0tr\u00e8s rapidement, d\u00e8s la d\u00e9tection du premier cas<\/em><\/strong>\u00ab\u00a0, pour\u00a0limiter l&rsquo;impact et la diffusion des variants \u00e9mergents. A quels vaccins est-il r\u00e9sistant ?<\/p>\n<blockquote>\n<p style=\"text-align: right;\">Le variant indien diviserait par trois le nombre d&rsquo;anticorps produits par les vaccins Moderna et Pfizer<\/p>\n<\/blockquote>\n<p><em>\u25ba <\/em><strong><a id=\"variant-delta-indien-astrazeneca\" name=\"variant-delta-indien-astrazeneca\">Au vaccin AstraZeneca<\/a> :<\/strong><em> \u00ab\u00a0Deux positions <\/em>(les\u00a0mutations pr\u00e9alablement d\u00e9crites)<em> semblent \u00eatre particuli\u00e8rement puissantes, parce qu&rsquo;elles peuvent <strong>\u00e9chapper aux anticorps<\/strong>\u00ab\u00a0, <\/em>confie le directeur de l&rsquo;Institut de g\u00e9nomique et de biologie int\u00e9grative de New Delhi au Monde. Toutefois, une \u00e9tude, r\u00e9alis\u00e9e notamment par l&rsquo;Universit\u00e9 d&rsquo;Oxford et dont l&rsquo;objectif \u00e9tait d&rsquo;\u00e9tudier l&rsquo;efficacit\u00e9 des vaccins COMIRNATY\u00ae (Pfizer) et VAXZEVRIA\u00ae (AstraZeneca) contre le variant delta, a montr\u00e9 que l&rsquo;efficacit\u00e9 vaccinale contre les formes symptomatiques de l&rsquo;infection reste \u00e9lev\u00e9e apr\u00e8s l&rsquo;administration de 2\u00a0doses de vaccin.\u00a0<strong>Ainsi, la <a href=\"https:\/\/www.has-sante.fr\/jcms\/p_3269832\/fr\/covid-19-maintien-de-l-intervalle-entre-deux-doses-du-vaccin-astrazeneca-face-a-l-emergence-du-variant-indien\" target=\"_blank\" rel=\"noopener noreferrer\">Haute Autorit\u00e9 de Sant\u00e9<\/a> recommande de ne pas modifier, \u00e0 ce stade, l&rsquo;intervalle actuellement pr\u00e9vu entre deux doses de vaccin VAXZEVRIA\u00ae,\u00a0soit 9\u00a0\u00e0 12\u00a0semaines.\u00a0<\/strong>L&rsquo;\u00e9tude de Public Health England (PHE) du 14 juin montre une protection \u00e0 <strong>92 % contre les hospitalisations<\/strong>\u00a0dues au variant Delta apr\u00e8s deux doses du vaccin AstraZeneca.<\/p>\n<p><strong><em>\u25ba <\/em><a name=\"variant-delta-indien-pfizer-moderna\">Aux vaccins Pfizer et Moderna<\/a> :<\/strong>\u00a0Selon un avis de la HAS du 21 juin 2021, l&rsquo;efficacit\u00e9 des vaccins \u00e0 ARNm (Pfizer et Moderna) appara\u00eet <strong>globalement conserv\u00e9e <\/strong>contre le\u00a0variant\u00a0delta (B.1.617.2).\u00a0Les\u00a0vaccins\u00a0de <strong>Moderna <\/strong>et de <strong>Pfizer-BioNTech<\/strong> se seraient montr\u00e9s\u00a0efficaces contre le variant indien, confirment\u00a0les chercheurs d&rsquo;\u00e9tude pr\u00e9liminaire am\u00e9ricaine rendue publique le 17\u00a0mai. Ces r\u00e9sultats doivent toutefois \u00eatre valid\u00e9s avant d&rsquo;\u00eatre publi\u00e9s dans une revue scientifique.\u00a0\u00ab\u00a0<em>Nous avons conclu que les anticorps produits par\u00a0les vaccins\u00a0sont un peu affaiblis contre ces variants <\/em>(le variant indien diviserait par trois le nombre d&rsquo;anticorps produits par les vaccins Moderna et Pfizer, ndlr)<em>, <\/em>a expliqu\u00e9 Nathaniel Landau, <a href=\"https:\/\/www.affinite.fr\/index.php\/2023\/08\/24\/lart-de-la-glace-transforme-en-business-la-vision-unique-de-fabien-gris\/\">auteur<\/a> principal de l&rsquo;\u00e9tude. <em>Mais pas assez pour nous laisser penser que cela aura un grand effet sur la protection conf\u00e9r\u00e9e par les vaccins.<\/em>\u00a0\u00bb\u00a0L&rsquo;\u00e9tude de Public Health England (PHE) du 14 juin montre une protection \u00e0 <strong>96\u00a0% contre les hospitalisations<\/strong> dues au variant Delta\u00a0apr\u00e8s deux doses du vaccin Pfizer\/BioNTech.<\/p>\n<div class=\"ccminsert\">\n<aside class=\"app_widget_fo app_widget_fo--call\">\n<ul>\n<li>\n                <a href=\"https:\/\/sante.journaldesfemmes.fr\/fiches-maladies\/2620433-vaccin-coronavirus-covid-19-pfizer-moderna-astrazeneca-johnson-janssen-commande-3eme-dose-efficacite\/\" class=\"jGTMWidgetGAEventClick\" data-gtmwidgetgaeventaction=\"clickWidgetCall\" data-gtmwidgetgaeventlabel=\"Vaccin Covid-19\u00a0: info Pfizer, Moderna, AstraZeneca, Janssen\"><\/p>\n<figure><picture><source media=\"(max-width: 480px)\" srcset=\"https:\/\/img-3.journaldesfemmes.fr\/oCagW1-xCt2g-eXLeopHhWrb8mc=\/160x105\/smart\/76170ddfafe6477a99aa60e3af7a0d11\/ccmcms-jdf\/25871590.jpg\" width=\"160\" height=\"105\"><img decoding=\"async\" src=\"https:\/\/img-3.journaldesfemmes.fr\/qfpW_hOOxXOCdFbYR1H_GfVzGaU=\/200x132\/smart\/76170ddfafe6477a99aa60e3af7a0d11\/ccmcms-jdf\/25871590.jpg\" alt=\"\" width=\"200\" height=\"132\" loading=\"lazy\"\/><\/source><\/picture><figcaption>\n<h3>Vaccin Covid-19\u00a0: info Pfizer, Moderna, AstraZeneca, Janssen<\/h3>\n<p>Quatre vaccins sont administr\u00e9s en Europe (et en France) pour pr\u00e9venir les formes graves de la Covid-19. Celui de\u00a0Pfizer-BioNTech, de Moderna, d&rsquo;AstraZeneca\u00a0(Vaxzevria) et de Johnson&amp;Johnson (Janssen). Commandes, efficacit\u00e9, contre le variant Delta, diff\u00e9rences, ARN messager, quel vaccin choisir&#8230; Les derni\u00e8res infos.<\/p>\n<\/figcaption><\/figure>\n<p><\/a>\n            <\/li>\n<\/ul>\n<\/aside>\n<\/div>\n<p>Selon le minist\u00e8re de la Sant\u00e9, lors des d\u00e9pistages :<\/p>\n<p>\u25ba Il est demand\u00e9\u00a0<strong>aux laboratoires et aux professionnels de sant\u00e9<\/strong> r\u00e9alisant un d\u00e9pistage du SARS-CoV-2\u00a0de questionner syst\u00e9matiquement toute personne venant se faire tester sur un potentiel s\u00e9jour en Inde dans <strong>les 14\u00a0jours pr\u00e9c\u00e9dant<\/strong> la date des sympt\u00f4mes ou du pr\u00e9l\u00e8vement ou sur un potentiel contact \u00e0 risque avec une personne y ayant s\u00e9journ\u00e9. En cas de r\u00e9ponse positive, cette mention fera l&rsquo;objet d&rsquo;un renseignement obligatoire de SIDEP (champ \u00ab\u00a0pays de provenance\u00a0\u00bb).<\/p>\n<p>\u25ba Il est demand\u00e9 aux laboratoires et aux professionnels de sant\u00e9 d&rsquo;orienter toute personne ayant s\u00e9journ\u00e9 en Inde dans les 14\u00a0derniers jours ou ayant eu un contact \u00e0 risque avec une personne y ayant s\u00e9journ\u00e9 et se pr\u00e9sentant pour la r\u00e9alisation d&rsquo;un d\u00e9pistage du SARS-CoV-2\u00a0vers la r\u00e9alisation d&rsquo;<strong>un test RT-PCR<\/strong> (y compris si elle se pr\u00e9sente pour la r\u00e9alisation d&rsquo;un test antig\u00e9nique).<\/p>\n<p>\u25ba Il est demand\u00e9 de r\u00e9aliser de fa\u00e7on prioritaire et <strong>acc\u00e9l\u00e9r\u00e9e le s\u00e9quen\u00e7age de tout pr\u00e9l\u00e8vement positif pour le SARS-CoV-2\u00a0<\/strong>pour une personne ayant s\u00e9journ\u00e9 en Inde dans les 14\u00a0jours pr\u00e9c\u00e9dant la date des sympt\u00f4mes ou du pr\u00e9l\u00e8vement ou ayant eu un contact \u00e0 risque avec une personne y ayant s\u00e9journ\u00e9 dans les 14\u00a0jours suivant son retour. Les pr\u00e9l\u00e8vements \u00e0 s\u00e9quencer seront \u00e0 adresser \u00e0 un laboratoire du r\u00e9seau ANRS-MIE en premi\u00e8re intention. Les s\u00e9quen\u00e7ages devront faire l&rsquo;objet d&rsquo;une remont\u00e9e obligatoire de la s\u00e9quence et des m\u00e9tadonn\u00e9es dans la base de donn\u00e9es nationale EMERGEN.<\/p>\n<p>Le variant indien serait donc porteur de <strong>plusieurs mutations sp\u00e9cifiques<\/strong> : dont\u00a0la substitution <strong>L452R <\/strong>qui serait<strong>\u00a0<\/strong>\u00ab\u00a0<em>pr\u00e9sente dans deux lignages qui circulent aux \u00c9tats-Unis et qui entra\u00eenerait <strong>une l\u00e9g\u00e8re augmentation de la transmissibilit\u00e9 <\/strong><\/em>[du virus]<em>, aux alentours de 20\u00a0\u00e0 30\u00a0%\u00a0\u00bb,\u00a0<\/em>explique\u00a0Bruno Lina, virologue au CHU de Lyon, dans <a href=\"https:\/\/www.la-croix.com\/Sciences-et-ethique\/Covid-19-doit-sinquieter-variant-indien-qualifie-double-mutant-2021-04-20-1201151781\" target=\"_blank\" rel=\"noopener noreferrer\">un article de La Croix<\/a>.\u00a0Une deuxi\u00e8me, la substitution <strong>E484K<\/strong>, qui a d\u00e9j\u00e0 \u00e9t\u00e9 retrouv\u00e9e chez des variants pr\u00e9occupants (br\u00e9silien et sud-africain), aurait \u00ab\u00a0<em>un impact significatif\u00a0en termes d&rsquo;<strong>\u00e9chappement immunitaire<\/strong>\u00ab\u00a0, <\/em>alerte Sant\u00e9 publique France dans son analyse du 8 avril, en pr\u00e9cisant que cela n&rsquo;a pas encore \u00e9t\u00e9 formellement d\u00e9montr\u00e9.\u00a0Autrement dit,\u00a0<em>\u00ab\u00a0si cela se confirme, cela pourrait poser des soucis \u00e0 moyen terme, car cela <strong>fragiliserait l&rsquo;immunit\u00e9 de la population<\/strong>, vu que les personnes d\u00e9j\u00e0 infect\u00e9es et celles vaccin\u00e9es par les vaccins qui utilisent un vecteur type ad\u00e9novirus \u2013 comme le vaccin AstraZeneca, Johnson &amp; Johnson ou celui de Chine \u2013 sont bien <strong>moins prot\u00e9g\u00e9es face \u00e0 ces mutations<\/strong>\u00ab\u00a0, <\/em>d\u00e9taille<em>\u00a0<\/em>Samuel Alizon, directeur de recherche au laboratoire des maladies infectieuses et vecteurs du CNRS, au <a data-click-value=\"content::link-in-content::article::https:\/\/www.huffingtonpost.fr\/entry\/ce-que-lon-sait-du-variant-indien-apres-le-confinement-a-new-delhi_fr_607d93abe4b058846f277a77\" href=\"https:\/\/www.huffingtonpost.fr\/entry\/ce-que-lon-sait-du-variant-indien-apres-le-confinement-a-new-delhi_fr_607d93abe4b058846f277a77\" rel=\"noopener noreferrer\" target=\"_blank\">HuffPost<\/a>.<\/p>\n<blockquote>\n<p style=\"text-align: right;\"><strong>Il y a \u00ab\u00a0pas mal de cas chez des sujets jeunes et m\u00eame chez des enfants\u00a0\u00bb<\/strong><\/p>\n<\/blockquote>\n<p>La double mutation pr\u00e9sente sur le variant indien\u00a0<strong>augmenterait\u00a0sa capacit\u00e9 de transmission<\/strong>, notamment chez <strong>les jeunes et les enfants<\/strong>.\u00a0En Inde, en mai 2021, 65% des nouveaux malades\u00a0avaient <strong>moins de 45\u00a0ans<\/strong>, selon le chef du gouvernement local de New Delhi. Le variant touche ainsi les personnes jeunes, voire les enfants :\u00a0<em>\u00ab\u00a0l&rsquo;ann\u00e9e derni\u00e8re il n&rsquo;y avait pratiquement pas d&rsquo;enfants hospitalis\u00e9s<\/em>\u00ab\u00a0, ce qui n&rsquo;est d\u00e9sormais plus le cas, signale Khusrav Bakan consultant \u00e0 l&rsquo;h\u00f4pital P. D. Hinduja National de Bombay. En Europe, il y a \u00ab\u00a0<em>pas mal de cas chez des sujets jeunes et m\u00eame chez des enfants<\/em>, ajoute le Pr Patrick Berche, microbiologiste et membre de l&rsquo;Acad\u00e9mie de m\u00e9decine.\u00a0<em>Cela est assez inqui\u00e9tant. Mais \u00e7a demande v\u00e9rification. Pour le moment, ce\u00a0n&rsquo;est pas \u00e9tay\u00e9 par des publications. On a des indications qui pourraient sugg\u00e9rer que le virus devient plus virulent, mais ce\u00a0n&rsquo;est pas confirm\u00e9<\/em>\u00ab\u00a0.<\/p>\n<p><u>Sources :<\/u><\/p>\n<aside id=\"NL_1494199286\" class=\"newsletter_subscription jNlBlock\"><noscript><br \/>\n            <\/noscript><\/p>\n<h3 class=\"newsletter_subscription-title\">Newsletter <\/h3>\n<p><a href=\"\/\/mailing.ccmbg.com\/archive\/last-85\" target=\"_blank\" class=\"a_hover\" rel=\"noopener noreferrer\">Voir un exemple<\/a><\/p>\n<\/aside>\n<p>&#8211;\u00a0Analyse de risque li\u00e9e aux variants \u00e9mergents de SARS-CoV-2\u00a0r\u00e9alis\u00e9e conjointement par le CNR des virus des infections respiratoires et Sant\u00e9 publique France, 5 mai 2021.\u00a0<\/p>\n<p>&#8211; Gisaid : banque\u00a0de donn\u00e9es et r\u00e9seau de surveillance des variants\u00a0<\/p>\n<\/p><\/div>\n<p>[ad_2]<br \/>\n<br \/><a href=\"https:\/\/sante.journaldesfemmes.fr\/fiches-maladies\/2712479-variant-indien-delta-covid-france-origine-landes-haute-savoie-angleterre-symptome-efficacite-vaccination\/\">Source link <\/a><\/p>\n","protected":false},"excerpt":{"rendered":"<p>[ad_1] VARIANT DELTA &#8211; Le variant Delta (indien) devient \u00ab\u00a0progressivement dominant\u00a0\u00bb, serait d\u00e9sormais responsable de 20\u00a0% des nouvelles contaminations en &hellip; <a href=\"https:\/\/www.affinite.fr\/index.php\/2021\/06\/29\/variant-delta-indien-origine-vaccination-haute-savoie\/\" class=\"more-link\">Plus <span class=\"screen-reader-text\">Variant Delta (indien)\u00a0: origine, vaccination, Haute-Savoie<\/span> <span class=\"meta-nav\">&rarr;<\/span><\/a><\/p>\n","protected":false},"author":1,"featured_media":6594,"comment_status":"open","ping_status":"open","sticky":false,"template":"","format":"standard","meta":{"_sitemap_exclude":false,"_sitemap_priority":"","_sitemap_frequency":"","footnotes":""},"categories":[1],"tags":[],"class_list":["post-6593","post","type-post","status-publish","format-standard","has-post-thumbnail","hentry","category-tous"],"_links":{"self":[{"href":"https:\/\/www.affinite.fr\/index.php\/wp-json\/wp\/v2\/posts\/6593"}],"collection":[{"href":"https:\/\/www.affinite.fr\/index.php\/wp-json\/wp\/v2\/posts"}],"about":[{"href":"https:\/\/www.affinite.fr\/index.php\/wp-json\/wp\/v2\/types\/post"}],"author":[{"embeddable":true,"href":"https:\/\/www.affinite.fr\/index.php\/wp-json\/wp\/v2\/users\/1"}],"replies":[{"embeddable":true,"href":"https:\/\/www.affinite.fr\/index.php\/wp-json\/wp\/v2\/comments?post=6593"}],"version-history":[{"count":0,"href":"https:\/\/www.affinite.fr\/index.php\/wp-json\/wp\/v2\/posts\/6593\/revisions"}],"wp:featuredmedia":[{"embeddable":true,"href":"https:\/\/www.affinite.fr\/index.php\/wp-json\/wp\/v2\/media\/6594"}],"wp:attachment":[{"href":"https:\/\/www.affinite.fr\/index.php\/wp-json\/wp\/v2\/media?parent=6593"}],"wp:term":[{"taxonomy":"category","embeddable":true,"href":"https:\/\/www.affinite.fr\/index.php\/wp-json\/wp\/v2\/categories?post=6593"},{"taxonomy":"post_tag","embeddable":true,"href":"https:\/\/www.affinite.fr\/index.php\/wp-json\/wp\/v2\/tags?post=6593"}],"curies":[{"name":"wp","href":"https:\/\/api.w.org\/{rel}","templated":true}]}}