{"id":6581,"date":"2021-06-26T03:18:36","date_gmt":"2021-06-26T03:18:36","guid":{"rendered":"https:\/\/www.affinite.fr\/index.php\/2021\/06\/26\/plus-belle-la-vie-du-lundi-28-juin-2021-resume-en-avance-de-lepisode-4311-spoilers-news-series-a-la-tv\/"},"modified":"2021-06-26T03:18:36","modified_gmt":"2021-06-26T03:18:36","slug":"plus-belle-la-vie-du-lundi-28-juin-2021-resume-en-avance-de-lepisode-4311-spoilers-news-series-a-la-tv","status":"publish","type":"post","link":"https:\/\/www.affinite.fr\/index.php\/2021\/06\/26\/plus-belle-la-vie-du-lundi-28-juin-2021-resume-en-avance-de-lepisode-4311-spoilers-news-series-a-la-tv\/","title":{"rendered":"Plus belle la vie du lundi 28 juin 2021 : r\u00e9sum\u00e9 en avance de l&rsquo;\u00e9pisode 4311 [SPOILERS] &#8211; News S\u00e9ries \u00e0 la TV"},"content":{"rendered":"<p> [ad_1]<br \/>\n<\/p>\n<div id=\"article-container\">\n<p class=\"article-lead\">Dans le prochain \u00e9pisode de \u00ab\u00a0Plus belle la vie\u00a0\u00bb&#8230; Tandis que L\u00e9a doit accepter la grossesse de Babeth, celle-ci nage en plein d\u00e9ni. De leur c\u00f4t\u00e9, C\u00e9line et Laetitia font connaissance et listent leurs diff\u00e9rences.<\/p>\n<div id=\"article-content\">\n<figure class=\"article-figure article-main-figure\"><img loading=\"lazy\" decoding=\"async\" class=\"article-figure-img\" width=\"654\" height=\"368\" src=\"https:\/\/fr.web.img5.acsta.net\/r_654_368\/newsv7\/21\/06\/24\/15\/23\/5090061.jpg\"\/><figcaption class=\"article-figcaption-copy\">Capture d&rsquo;\u00e9cran\/FTV<\/figcaption><\/figure>\n<p><strong>Attention, les paragraphes qui suivent contiennent des spoilers sur l&rsquo;\u00e9pisode de\u00a0<a title=\"Plus belle la vie (France) (Drame,Soap)\" href=\"http:\/\/www.allocine.fr\/series\/ficheserie_gen_cserie=322.html\">Plus Belle la vie<\/a><\/strong><strong>\u00a0diffus\u00e9 lundi soir sur France 3 !<\/strong><\/p>\n<p>Ciss\u00e9 r\u00e9v\u00e8le son identit\u00e9 \u00e0 Robin<\/p>\n<p>Jacob avoue \u00e0 Camille qu\u2019il est l\u2019auteur des crimes qui ont r\u00e9cemment agit\u00e9 le Mistral. Il explique que les trois victimes ont toutes humili\u00e9 Camille dont il surveillait les faits et gestes : Sabine Lambert l\u2019a m\u00e9pris\u00e9, Serge Bonnet l\u2019a agress\u00e9 et Enzo Richard lui a vol\u00e9 son portable. Pour ces actes, Jacob a d\u00e9cid\u00e9 de les punir, en pr\u00e9textant vouloir la prot\u00e9ger. Mais Camille remet sa logique en question. Avant de partir, Jacob lui offre un bracelet en lui laissant le choix de le d\u00e9noncer ou non \u00e0 la police\u2026<\/p>\n<p>De son c\u00f4t\u00e9, Ariane interroge Robin et se rend compte qu\u2019il n\u2019\u00e9tait pas au courant de la mort de Sabine. Convaincue de son innocence, la Lieutenant pr\u00e9f\u00e8re laisser Ciss\u00e9 se d\u00e9brouiller seul plut\u00f4t que de continuer \u00e0 s\u2019acharner sur lui. Le Commissaire finit alors par r\u00e9v\u00e9ler \u00e0 Robin qu\u2019il est son p\u00e8re\u2026<\/p>\n<p>Vidal et Fanny se r\u00e9concilient<\/p>\n<p>Les passagers de la croisi\u00e8re GTS accostent sur une plage pour en ramasser les d\u00e9chets. Fanny et Laetitia remarquent tout de suite le traitement de faveur que C\u00e9line accorde \u00e0 Romain avec lequel elle choisit d\u2019\u00eatre en bin\u00f4me. D\u00e9go\u00fbt\u00e9 d\u2019\u00eatre en bin\u00f4me avec Rochat, Bilal tente de lui faire peur en r\u00e9v\u00e9lant \u00eatre proche de Karim Fedala. De leur c\u00f4t\u00e9, Fanny et Laetitia deviennent complices. Elles se moquent de C\u00e9line et Romain, puis se confient sur leurs \u00e9tats d\u2019\u00e2me. Laetitia avoue \u00eatre perdue par rapport \u00e0 ses sentiments pour S\u00e9bastien depuis qu\u2019elle a revu Valentin. Peu apr\u00e8s, Vidal pr\u00e9sente ses excuses \u00e0 Fanny pour le comportement irrespectueux qu\u2019il a eu lors de leur dernier rendez-vous, esp\u00e9rant qu\u2019ils puissent se r\u00e9concilier pour le reste de leur s\u00e9jour. Fanny les accepte avant d\u2019\u00eatre interrompue par C\u00e9line, qui pr\u00e9tend faire une allergie au soleil pour attirer l\u2019attention de Romain.<\/p>\n<p>Babeth n\u2019assume pas sa grossesse<\/p>\n<p>L\u00e9a se plaint aupr\u00e8s de Jean-Paul car depuis l\u2019annonce de la grossesse de Babeth, il n\u2019y en a plus que pour sa m\u00e8re. Pourtant, cette derni\u00e8re ne se sent toujours pas pr\u00eate \u00e0 avoir un enfant, contrairement \u00e0 son mari qui est persuad\u00e9 qu\u2019elle changera d\u2019avis \u00e0 la naissance. De retour chez elle, L\u00e9a a h\u00e2te de montrer les images de sa premi\u00e8re \u00e9chographie \u00e0 ses parents. Face \u00e0 l\u2019indiff\u00e9rence de Babeth, elle se vexe. Patrick prend alors les choses en main : il sollicite l\u2019aide des amies de sa femme pour qu\u2019elles puissent la soutenir, puis rassure sa fille sur l\u2019importance de sa propre grossesse. Babeth, quant \u00e0 elle, annonce \u00e0 Luna et Jeanne qu\u2019elle est enceinte, ce qui ne l\u2019emp\u00eache pas de boire.<\/p>\n<p><iframe loading=\"lazy\" src=\"http:\/\/embedftv-a.akamaihd.net\/ef77a1c7484ca9f13b836c471bbf6567\" width=\"560\" height=\"315\" frameborder=\"0\" allowfullscreen=\"\" scrolling=\"no\"><\/iframe><\/p>\n<p>\u00a0<\/p>\n<\/p><\/div>\n<\/p><\/div>\n<p>[ad_2]<br \/>\n<br \/><a href=\"http:\/\/rss.allocine.fr\/~r\/ac\/actualites\/~3\/SSuRYgQKkvU\/fichearticle_gen_carticle=18700211.html\">Source link <\/a><\/p>\n","protected":false},"excerpt":{"rendered":"<p>[ad_1] Dans le prochain \u00e9pisode de \u00ab\u00a0Plus belle la vie\u00a0\u00bb&#8230; Tandis que L\u00e9a doit accepter la grossesse de Babeth, celle-ci &hellip; <a href=\"https:\/\/www.affinite.fr\/index.php\/2021\/06\/26\/plus-belle-la-vie-du-lundi-28-juin-2021-resume-en-avance-de-lepisode-4311-spoilers-news-series-a-la-tv\/\" class=\"more-link\">Plus <span class=\"screen-reader-text\">Plus belle la vie du lundi 28 juin 2021 : r\u00e9sum\u00e9 en avance de l&rsquo;\u00e9pisode 4311 [SPOILERS] &#8211; News S\u00e9ries \u00e0 la TV<\/span> <span class=\"meta-nav\">&rarr;<\/span><\/a><\/p>\n","protected":false},"author":1,"featured_media":6582,"comment_status":"open","ping_status":"open","sticky":false,"template":"","format":"standard","meta":{"_sitemap_exclude":false,"_sitemap_priority":"","_sitemap_frequency":"","footnotes":""},"categories":[1],"tags":[],"class_list":["post-6581","post","type-post","status-publish","format-standard","has-post-thumbnail","hentry","category-tous"],"_links":{"self":[{"href":"https:\/\/www.affinite.fr\/index.php\/wp-json\/wp\/v2\/posts\/6581"}],"collection":[{"href":"https:\/\/www.affinite.fr\/index.php\/wp-json\/wp\/v2\/posts"}],"about":[{"href":"https:\/\/www.affinite.fr\/index.php\/wp-json\/wp\/v2\/types\/post"}],"author":[{"embeddable":true,"href":"https:\/\/www.affinite.fr\/index.php\/wp-json\/wp\/v2\/users\/1"}],"replies":[{"embeddable":true,"href":"https:\/\/www.affinite.fr\/index.php\/wp-json\/wp\/v2\/comments?post=6581"}],"version-history":[{"count":0,"href":"https:\/\/www.affinite.fr\/index.php\/wp-json\/wp\/v2\/posts\/6581\/revisions"}],"wp:featuredmedia":[{"embeddable":true,"href":"https:\/\/www.affinite.fr\/index.php\/wp-json\/wp\/v2\/media\/6582"}],"wp:attachment":[{"href":"https:\/\/www.affinite.fr\/index.php\/wp-json\/wp\/v2\/media?parent=6581"}],"wp:term":[{"taxonomy":"category","embeddable":true,"href":"https:\/\/www.affinite.fr\/index.php\/wp-json\/wp\/v2\/categories?post=6581"},{"taxonomy":"post_tag","embeddable":true,"href":"https:\/\/www.affinite.fr\/index.php\/wp-json\/wp\/v2\/tags?post=6581"}],"curies":[{"name":"wp","href":"https:\/\/api.w.org\/{rel}","templated":true}]}}