{"id":6535,"date":"2021-06-16T03:14:27","date_gmt":"2021-06-16T03:14:27","guid":{"rendered":"https:\/\/www.affinite.fr\/index.php\/2021\/06\/16\/plus-belle-la-vie-du-mercredi-16-juin-2021-resume-en-avance-de-lepisode-4303-spoilers-news-series-a-la-tv\/"},"modified":"2021-06-16T03:14:27","modified_gmt":"2021-06-16T03:14:27","slug":"plus-belle-la-vie-du-mercredi-16-juin-2021-resume-en-avance-de-lepisode-4303-spoilers-news-series-a-la-tv","status":"publish","type":"post","link":"https:\/\/www.affinite.fr\/index.php\/2021\/06\/16\/plus-belle-la-vie-du-mercredi-16-juin-2021-resume-en-avance-de-lepisode-4303-spoilers-news-series-a-la-tv\/","title":{"rendered":"Plus belle la vie du mercredi 16 juin 2021 : r\u00e9sum\u00e9 en avance de l&rsquo;\u00e9pisode 4303 [SPOILERS] &#8211; News S\u00e9ries \u00e0 la TV"},"content":{"rendered":"<p> [ad_1]<br \/>\n<\/p>\n<p>Dans le prochain \u00e9pisode de \u00ab\u00a0Plus belle la vie\u00a0\u00bb&#8230; Alors que les tensions se poursuivent entre Ciss\u00e9 et Ariane comme entre Alice et Emma, Thomas fait un premier pas vers Roland. Sacha et les Mistraliens font face \u00e0 de nouveaux coups durs.<\/p>\n<div id=\"article-content\">\n<figure class=\"article-figure article-main-figure\"><img loading=\"lazy\" decoding=\"async\" class=\"article-figure-img\" width=\"654\" height=\"368\" src=\"https:\/\/fr.web.img6.acsta.net\/r_654_368\/newsv7\/21\/06\/14\/12\/57\/4658734.jpg\"\/><figcaption class=\"article-figcaption-copy\">Capture d&rsquo;\u00e9cran\/FTV<\/figcaption><\/figure>\n<p><strong>Attention, les paragraphes qui suivent contiennent des spoilers sur l&rsquo;\u00e9pisode de\u00a0<a title=\"Plus belle la vie (France) (Drame,Soap)\" href=\"http:\/\/www.allocine.fr\/series\/ficheserie_gen_cserie=322.html\">Plus Belle la vie<\/a><\/strong><strong>\u00a0diffus\u00e9 mercredi soir sur France 3 !<\/strong><\/p>\n<p>Alice porte plainte contre Emma<\/p>\n<p>Un SDF a retrouv\u00e9 le sac \u00e0 main de Sabine Lambert et l\u2019a fourni \u00e0 la police. Dans l\u2019attente de l\u2019analyse des empreintes, Ariane et Ciss\u00e9 retournent \u00e0 son domicile avec l\u2019intention d\u2019y d\u00e9couvrir de nouveaux indices. Le Commissaire se rappelle en effet que Sabine avait l\u2019air de craindre une menace quand ils se sont revus. Sur place, Ciss\u00e9 retrouve une ancienne bo\u00eete \u00e0 musique qu\u2019il lui avait offerte. De son c\u00f4t\u00e9, Ariane tombe sur de nombreuses photos d\u00e9chir\u00e9es. Ciss\u00e9 reconna\u00eet des clich\u00e9s qu\u2019il avait pris avec elle \u00e0 l\u2019\u00e9poque o\u00f9 ils \u00e9taient en couple.<\/p>\n<p>Pendant ce temps, Alice passe voir Camille pour lui donner un collier qui appartenait \u00e0 son arri\u00e8re-grand-m\u00e8re avec des photos d\u2019elle b\u00e9b\u00e9 \u00e0 l\u2019int\u00e9rieur. Emma d\u00e9barque et les s\u00e9pare, criant sur Camille avant de mettre violemment sa m\u00e8re dehors. F\u00e2ch\u00e9e contre sa soeur, Camille aimerait comprendre ce qui s\u2019est pass\u00e9 pour qu\u2019Emma et sa m\u00e8re se d\u00e9testent autant. Elle se vexe quand Emma refuse de lui raconter.<\/p>\n<p>Au Celeste, Alice se frappe la t\u00eate contre le miroir de sa salle de bain. Une plaie ouverte sur le front, elle se rend dans le bureau de Ciss\u00e9 afin de porter plainte contre Emma et de demander la tutelle de Camille\u2026<\/p>\n<p>Gabriel et Roland sont complices d\u2019un mensonge<\/p>\n<p>Thomas passe au Celeste afin de prendre des nouvelles de Roland. Il croise Mirta qui l\u2019oblige \u00e0 lui pr\u00e9senter des excuses. Face \u00e0 son p\u00e8re, Thomas s\u2019assure simplement qu\u2019il va bien, puis discute bri\u00e8vement avec lui. Apr\u00e8s avoir inform\u00e9 Fanny et Barbara qu\u2019il compte apaiser sa relation avec Roland, Thomas se rend \u00e0 l\u2019h\u00f4pital afin de se renseigner sur sa maladie aupr\u00e8s de Gabriel. Ce dernier explique que le coeur de Roland est faible et qu\u2019il peut l\u00e2cher \u00e0 tout moment. Thomas le remercie d\u2019avoir \u00e9t\u00e9 franc avec lui, esp\u00e9rant soutenir son p\u00e8re du mieux qu\u2019il peut.<\/p>\n<p>Gabriel r\u00e9v\u00e8le alors \u00e0 Roland avoir fait croire \u00e0 Thomas qu\u2019il \u00e9tait mourant. Roland insiste pour faire perdurer le mensonge le temps qu\u2019ils se r\u00e9concilient, \u00e0 condition qu\u2019ils soient les deux seuls au courant. Mais Mirta surprend une partie de leur conversation et pense ainsi que Roland est sur le point de mourir\u2026<\/p>\n<p>Sacha fait face \u00e0 son agresseur<\/p>\n<p>Malgr\u00e9 l\u2019inqui\u00e9tude de Victoire qui pr\u00e9f\u00e9rerait qu\u2019il se repose, Sacha obtient un parloir avec son agresseur. Ce dernier, qui n\u2019a m\u00eame pas lu son article, affirme regretter de ne pas l\u2019avoir tu\u00e9. \u00c0 la sortie, Sacha retrouve Luna, \u00e0 laquelle il confie sa d\u00e9ception et son d\u00e9sespoir. Elle l\u2019accompagne ensuite sur la place du Mistral, o\u00f9 il raconte son exp\u00e9rience au groupe de d\u00e9bat qu\u2019il a form\u00e9 autour de lui. En tant que premi\u00e8re adjointe au maire, L\u00e9a annonce que l\u2019occupation de la place est ill\u00e9gale mais les Mistraliens refusent de partir.<\/p>\n<p><iframe loading=\"lazy\" src=\"http:\/\/embedftv-a.akamaihd.net\/40d105ede73f825bf2ae1c06e3956c0f\" width=\"560\" height=\"315\" frameborder=\"0\" allowfullscreen=\"\" scrolling=\"no\"><\/iframe><\/p>\n<p>\u00a0<\/p>\n<\/p><\/div>\n<p>[ad_2]<br \/>\n<br \/><a href=\"http:\/\/rss.allocine.fr\/~r\/ac\/actualites\/~3\/7UpvIwIeeQg\/fichearticle_gen_carticle=18700017.html\">Source link <\/a><\/p>\n","protected":false},"excerpt":{"rendered":"<p>[ad_1] Dans le prochain \u00e9pisode de \u00ab\u00a0Plus belle la vie\u00a0\u00bb&#8230; Alors que les tensions se poursuivent entre Ciss\u00e9 et Ariane &hellip; <a href=\"https:\/\/www.affinite.fr\/index.php\/2021\/06\/16\/plus-belle-la-vie-du-mercredi-16-juin-2021-resume-en-avance-de-lepisode-4303-spoilers-news-series-a-la-tv\/\" class=\"more-link\">Plus <span class=\"screen-reader-text\">Plus belle la vie du mercredi 16 juin 2021 : r\u00e9sum\u00e9 en avance de l&rsquo;\u00e9pisode 4303 [SPOILERS] &#8211; News S\u00e9ries \u00e0 la TV<\/span> <span class=\"meta-nav\">&rarr;<\/span><\/a><\/p>\n","protected":false},"author":1,"featured_media":6536,"comment_status":"open","ping_status":"open","sticky":false,"template":"","format":"standard","meta":{"_sitemap_exclude":false,"_sitemap_priority":"","_sitemap_frequency":"","footnotes":""},"categories":[1],"tags":[],"class_list":["post-6535","post","type-post","status-publish","format-standard","has-post-thumbnail","hentry","category-tous"],"_links":{"self":[{"href":"https:\/\/www.affinite.fr\/index.php\/wp-json\/wp\/v2\/posts\/6535"}],"collection":[{"href":"https:\/\/www.affinite.fr\/index.php\/wp-json\/wp\/v2\/posts"}],"about":[{"href":"https:\/\/www.affinite.fr\/index.php\/wp-json\/wp\/v2\/types\/post"}],"author":[{"embeddable":true,"href":"https:\/\/www.affinite.fr\/index.php\/wp-json\/wp\/v2\/users\/1"}],"replies":[{"embeddable":true,"href":"https:\/\/www.affinite.fr\/index.php\/wp-json\/wp\/v2\/comments?post=6535"}],"version-history":[{"count":0,"href":"https:\/\/www.affinite.fr\/index.php\/wp-json\/wp\/v2\/posts\/6535\/revisions"}],"wp:featuredmedia":[{"embeddable":true,"href":"https:\/\/www.affinite.fr\/index.php\/wp-json\/wp\/v2\/media\/6536"}],"wp:attachment":[{"href":"https:\/\/www.affinite.fr\/index.php\/wp-json\/wp\/v2\/media?parent=6535"}],"wp:term":[{"taxonomy":"category","embeddable":true,"href":"https:\/\/www.affinite.fr\/index.php\/wp-json\/wp\/v2\/categories?post=6535"},{"taxonomy":"post_tag","embeddable":true,"href":"https:\/\/www.affinite.fr\/index.php\/wp-json\/wp\/v2\/tags?post=6535"}],"curies":[{"name":"wp","href":"https:\/\/api.w.org\/{rel}","templated":true}]}}