{"id":6344,"date":"2021-05-07T02:58:28","date_gmt":"2021-05-07T02:58:28","guid":{"rendered":"https:\/\/www.affinite.fr\/index.php\/2021\/05\/07\/cendrillon-cette-star-dune-grande-saga-qui-aurait-du-incarner-lheroine-actus-cine\/"},"modified":"2021-05-07T02:58:28","modified_gmt":"2021-05-07T02:58:28","slug":"cendrillon-cette-star-dune-grande-saga-qui-aurait-du-incarner-lheroine-actus-cine","status":"publish","type":"post","link":"https:\/\/www.affinite.fr\/index.php\/2021\/05\/07\/cendrillon-cette-star-dune-grande-saga-qui-aurait-du-incarner-lheroine-actus-cine\/","title":{"rendered":"Cendrillon : cette star d&rsquo;une grande saga qui aurait d\u00fb incarner l&rsquo;h\u00e9ro\u00efne &#8211; Actus Cin\u00e9"},"content":{"rendered":"<p> [ad_1]<br \/>\n<br \/><img decoding=\"async\" src=\"http:\/\/fr.web.img6.acsta.net\/newsv7\/21\/04\/29\/10\/06\/0571249.jpg\" \/><\/p>\n<div id=\"article-container\">\n<p class=\"article-lead\">Le r\u00f4le principal de \u00ab\u00a0Cendrillon\u00a0\u00bb, diffus\u00e9 ce jeudi soir sur M6, est tenu par la jeune Lily James. Mais saviez-vous que le personnage aurait d\u00fb \u00eatre jou\u00e9 par une autre actrice, star d&rsquo;une saga culte du grand \u00e9cran ?<\/p>\n<div id=\"article-content\">\n<figure class=\"player player-auto-play js-player\" data-model=\"{&quot;context&quot;:&quot;newspage_news&quot;,&quot;launch&quot;:&quot;auto-play&quot;,&quot;followScroll&quot;:true,&quot;editorialContent&quot;:&quot;18699092-cendrillon_cette_star_d_une_grande_saga_qui_aurait_du_incarner_l_heroine&quot;,&quot;endScreen&quot;:true,&quot;disableAutoPause&quot;:true,&quot;player_position&quot;:&quot;playertop&quot;,&quot;videos&quot;:[{&quot;id&quot;:19551294,&quot;sources&quot;:{&quot;medium&quot;:&quot;\/\/fr.vid.web.acsta.net\/nmedia\/33\/15\/02\/11\/10\/19551294_sd_013.mp4&quot;,&quot;high&quot;:&quot;\/\/fr.vid.web.acsta.net\/nmedia\/33\/15\/02\/11\/10\/19551294_hd_013.mp4&quot;},&quot;image&quot;:&quot;\/videothumbnails\/15\/02\/11\/10\/37\/536601.jpg&quot;,&quot;title&quot;:&quot;Cendrillon Bande-annonce (2) VF&quot;,&quot;trackingIdentifier&quot;:&quot;19551294-cendrillon_bande_annonce_2_vf&quot;,&quot;embedUrl&quot;:&quot;ACraHRACr0cHM6Ly9wbGF5ZXIuYWxsb2NpbmUuZnIvMTk1NTEyOTQuaHRtbA==&quot;,&quot;id_type&quot;:31003,&quot;file_type&quot;:&quot;trailer&quot;,&quot;description&quot;:&quot;Cendrillon Bande-annonce (2) VF&quot;,&quot;duration&quot;:117,&quot;view_count&quot;:798793,&quot;added_at&quot;:{&quot;date&quot;:&quot;2015-02-11 10:35:00.000000&quot;,&quot;timezone_type&quot;:3,&quot;timezone&quot;:&quot;Europe\/Paris&quot;},&quot;metas&quot;:{&quot;genre_main_movie&quot;:[{&quot;name&quot;:&quot;Fantastique&quot;,&quot;id&quot;:&quot;13012&quot;},{&quot;name&quot;:&quot;Romance&quot;,&quot;id&quot;:&quot;13024&quot;}],&quot;id_main_movie&quot;:182022,&quot;image_main_movie&quot;:&quot;\/pictures\/14\/11\/19\/15\/31\/350162.jpg&quot;,&quot;localized_file_type&quot;:&quot;trailer&quot;,&quot;main_movie_type&quot;:4002,&quot;name_main_movie&quot;:&quot;Cendrillon&quot;,&quot;nb_days_release_main_movie&quot;:-2235,&quot;release_date_main_movie&quot;:{&quot;date&quot;:&quot;2015-03-25 00:00:00.000000&quot;,&quot;timezone_type&quot;:3,&quot;timezone&quot;:&quot;Europe\/Paris&quot;},&quot;release_status_movie&quot;:&quot;Sortie en salle&quot;,&quot;trans_file_type&quot;:&quot;Bande-annonce&quot;},&quot;relatedEntityDistributor&quot;:&quot;The Walt Disney Company France&quot;,&quot;relatedEntityDistributorId&quot;:24110,&quot;relatedEntityType&quot;:&quot;movie&quot;,&quot;relatedEntityTrackingIdentifier&quot;:&quot;182022-cendrillon&quot;,&quot;relatedEntityTitle&quot;:&quot;Cendrillon&quot;,&quot;relatedEntityId&quot;:182022,&quot;genres&quot;:[{&quot;id&quot;:&quot;13012&quot;,&quot;name&quot;:&quot;Fantastique&quot;},{&quot;id&quot;:&quot;13024&quot;,&quot;name&quot;:&quot;Romance&quot;}],&quot;relatedEntityUrl&quot;:&quot;ACraHRACr0cHM6Ly93d3cuYWxsb2NpbmUuZnIvZmlsbS9maWNoZWZpbG1fZ2VuX2NmaWxtPTE4MjAyMi5odG1s&quot;,&quot;mediaUrl&quot;:&quot;ACraHRACr0cHM6Ly93d3cuYWxsb2NpbmUuZnIvdmlkZW8vcGxheWVyX2dlbl9jbWVkaWE9MTk1NTEyOTQmY2ZpbG09MTgyMDIyLmh0bWw=&quot;}],&quot;disablePreroll&quot;:false,&quot;disablePostroll&quot;:false}\" data-thumb=\"https:\/\/fr.web.img5.acsta.net\/r_640_360\/videothumbnails\/15\/02\/11\/10\/37\/536601.jpg\">\n<\/figure>\n<p>Diffus\u00e9 ce jeudi soir sur M6, le long m\u00e9trage <a title=\"Cendrillon (U.S.A.) - 2015 (Fantastique,Romance)\" href=\"http:\/\/www.allocine.fr\/film\/fichefilm_gen_cfilm=182022.html\">Cendrillon<\/a>\u00a0met en sc\u00e8ne la jeune actrice britannique <a title=\"Lily James (Grande-Bretagne) (Acteur)\" href=\"http:\/\/www.allocine.fr\/personne\/fichepersonne_gen_cpersonne=505959.html\">Lily James<\/a>\u00a0dans le r\u00f4le principal. Mais cette derni\u00e8re n&rsquo;a pas \u00e9t\u00e9 le premier choix des studios Disney qui, pour ce personnage de conte l\u00e9gendaire en version live, lorgnaient plut\u00f4t du c\u00f4t\u00e9 de&#8230; Poudlard !<\/p>\n<p>Le r\u00f4le de Cendrillon\u00a0a en effet, dans un premier temps, \u00e9t\u00e9 propos\u00e9 \u00e0 <a title=\"Emma Watson (Grande-Bretagne) (Acteur)\" href=\"http:\/\/www.allocine.fr\/personne\/fichepersonne_gen_cpersonne=65003.html\">Emma Watson<\/a>. Mais\u00a0la Hermione Granger de <a title=\"Harry Potter et les reliques de la mort - partie 2 (U.S.A.,Grande-Bretagne) - 2011 (Fantastique,Aventure)\" href=\"http:\/\/www.allocine.fr\/film\/fichefilm_gen_cfilm=134925.html\">la saga Harry Potter<\/a>\u00a0d\u00e9clina l&rsquo;offre et dut attendre 2017, avec <a title=\"La Belle et la B\u00eate (U.S.A.) - 2017 (Fantastique,Romance,Com\u00e9die musicale)\" href=\"http:\/\/www.allocine.fr\/film\/fichefilm_gen_cfilm=228322.html\">La Belle et la B\u00eate<\/a>, pour finalement tenir la vedette d&rsquo;un classique Disney en prises de vues r\u00e9elles.<\/p>\n<p>Pourquoi Emma Watson a-t-elle refus\u00e9 de jouer Cendrillon ? Parce que ce personnage iconique ne correspond tout simplement pas assez aux valeurs que l&rsquo;actrice souhaite v\u00e9hiculer. <span class=\"ACraHRACr0cDovL3d3dy50ZWxlZ3JhcGguY28udWsvbmV3cy8yMDE3LzAxLzE3L2VtbWEtd2F0c29uLWNvbmZpcm1zLXR1cm5lZC1jaW5kZXJlbGxhLXRha2luZy1yb2xlLW1vZGVsLWJlbGxlLw==\" target=\"_blank\">Au micro du site Total Film<\/span>, celle qui a \u00e9t\u00e9 nomm\u00e9e en 2014\u00a0ambassadrice de bonne volont\u00e9\u00a0par l&rsquo;ONU Femmes s&rsquo;\u00e9tait exprim\u00e9e sur le sujet.<\/p>\n<p><a class=\"cms-see-also\" data-title=\"\u00c0 lire aussi\" href=\"http:\/\/www.allocine.fr\/article\/fichearticle_gen_carticle=18695112.html\">7 bonnes f\u00e9es \u00e0 voir sur Disney+ : Marraine ou presque, Cendrillon\u2026<\/a><\/p>\n<p><i>\u00ab\u00a0Je ne savais pas qu&rsquo;un film\u00a0La Belle et la B\u00eate\u00a0se pr\u00e9parait quand j&rsquo;ai refus\u00e9 Cendrillon.\u00a0Mais quand on m&rsquo;a propos\u00e9 de jouer Belle, j&rsquo;ai juste senti que le personnage resonnait bien davantage en moi que celui de Cendrillon\u00a0\u00bb<\/i>, d\u00e9clarait la com\u00e9dienne. <i>\u00ab\u00a0Belle reste curieuse, fait preuve de compassion, est ouverte d&rsquo;esprit. Si je peux servir de mod\u00e8le aux autres avec un r\u00f4le, c&rsquo;est le genre de femme que je veux jouer.\u00a0\u00bb<\/i><\/p>\n<p><strong>Faux Raccord &#8211; Les gaffes et erreurs des Disney live :<\/strong><\/p>\n<p>\u00a0<\/p>\n<\/p><\/div>\n<\/p><\/div>\n<p>[ad_2]<br \/>\n<br \/><a href=\"http:\/\/rss.allocine.fr\/~r\/ac\/actualites\/~3\/sxaxTRTjk0I\/fichearticle_gen_carticle=18699092.html\">Source link <\/a><\/p>\n","protected":false},"excerpt":{"rendered":"<p>[ad_1] Le r\u00f4le principal de \u00ab\u00a0Cendrillon\u00a0\u00bb, diffus\u00e9 ce jeudi soir sur M6, est tenu par la jeune Lily James. Mais &hellip; <a href=\"https:\/\/www.affinite.fr\/index.php\/2021\/05\/07\/cendrillon-cette-star-dune-grande-saga-qui-aurait-du-incarner-lheroine-actus-cine\/\" class=\"more-link\">Plus <span class=\"screen-reader-text\">Cendrillon : cette star d&rsquo;une grande saga qui aurait d\u00fb incarner l&rsquo;h\u00e9ro\u00efne &#8211; Actus Cin\u00e9<\/span> <span class=\"meta-nav\">&rarr;<\/span><\/a><\/p>\n","protected":false},"author":1,"featured_media":6345,"comment_status":"open","ping_status":"open","sticky":false,"template":"","format":"standard","meta":{"_sitemap_exclude":false,"_sitemap_priority":"","_sitemap_frequency":"","footnotes":""},"categories":[1],"tags":[],"class_list":["post-6344","post","type-post","status-publish","format-standard","has-post-thumbnail","hentry","category-tous"],"_links":{"self":[{"href":"https:\/\/www.affinite.fr\/index.php\/wp-json\/wp\/v2\/posts\/6344"}],"collection":[{"href":"https:\/\/www.affinite.fr\/index.php\/wp-json\/wp\/v2\/posts"}],"about":[{"href":"https:\/\/www.affinite.fr\/index.php\/wp-json\/wp\/v2\/types\/post"}],"author":[{"embeddable":true,"href":"https:\/\/www.affinite.fr\/index.php\/wp-json\/wp\/v2\/users\/1"}],"replies":[{"embeddable":true,"href":"https:\/\/www.affinite.fr\/index.php\/wp-json\/wp\/v2\/comments?post=6344"}],"version-history":[{"count":0,"href":"https:\/\/www.affinite.fr\/index.php\/wp-json\/wp\/v2\/posts\/6344\/revisions"}],"wp:featuredmedia":[{"embeddable":true,"href":"https:\/\/www.affinite.fr\/index.php\/wp-json\/wp\/v2\/media\/6345"}],"wp:attachment":[{"href":"https:\/\/www.affinite.fr\/index.php\/wp-json\/wp\/v2\/media?parent=6344"}],"wp:term":[{"taxonomy":"category","embeddable":true,"href":"https:\/\/www.affinite.fr\/index.php\/wp-json\/wp\/v2\/categories?post=6344"},{"taxonomy":"post_tag","embeddable":true,"href":"https:\/\/www.affinite.fr\/index.php\/wp-json\/wp\/v2\/tags?post=6344"}],"curies":[{"name":"wp","href":"https:\/\/api.w.org\/{rel}","templated":true}]}}