{"id":6276,"date":"2021-04-22T20:50:39","date_gmt":"2021-04-22T20:50:39","guid":{"rendered":"https:\/\/www.affinite.fr\/index.php\/2021\/04\/22\/stephanie-frappart-1ere-femme-arbitre-a-un-euro-de-football\/"},"modified":"2021-04-22T20:50:39","modified_gmt":"2021-04-22T20:50:39","slug":"stephanie-frappart-1ere-femme-arbitre-a-un-euro-de-football","status":"publish","type":"post","link":"https:\/\/www.affinite.fr\/index.php\/2021\/04\/22\/stephanie-frappart-1ere-femme-arbitre-a-un-euro-de-football\/","title":{"rendered":"St\u00e9phanie Frappart, 1\u00e8re femme arbitre \u00e0 un Euro de football"},"content":{"rendered":"<p> [ad_1]<br \/>\n<br \/><img decoding=\"async\" src=\"https:\/\/img-3.journaldesfemmes.fr\/8bSvmWan2errAwVa9IfJsOdl89I=\/1280x\/smart\/da9fdcb52081423ea4699b23a09c0e08\/ccmcms-jdf\/24086473.jpg\" \/><\/p>\n<p>\n                La fran\u00e7aise St\u00e9phanie Frappart a \u00e9t\u00e9 choisie par l&rsquo;UEFA pour \u00eatre quatri\u00e8me arbitre \u00e0 l&rsquo;Euro de football qui doit se d\u00e9rouler cet \u00e9t\u00e9. Retour sur le parcours d&rsquo;une femme qui d\u00e9tonne dans un milieu tr\u00e8s masculin.            <\/p>\n<div>\n<p>L&rsquo;<em><strong>UEFA<\/strong><\/em> a d\u00e9voil\u00e9, mercredi 21\u00a0avril, la liste des 18\u00a0arbitres principaux qui officieront lors du prochain Euro de football, du 11\u00a0juin au 11\u00a0juillet.\u00a0Et parmi la liste des hommes en noir figure le nom d&rsquo;une femme: <strong>St\u00e9phanie Frappart<\/strong>.<br \/>N\u00e9e en 1983\u00a0au Plessis-Bouchard dans le Val-d&rsquo;Oise, St\u00e9phanie Frappart est <strong>la premi\u00e8re femme dans \u00e0 peu pr\u00e8s toutes les cat\u00e9gories d&rsquo;arbitrage du football masculin<\/strong>.\u00a0Et elle remplit \u00e0 merveille son r\u00f4le de locomotive pour les 1000\u00a0autres arbitres femmes de France.\u00a0<\/p>\n<h2>Une joueuse technique qui a d\u00fb\u00a0se faire sa place en rusant<\/h2>\n<p>Fascin\u00e9e par le football qui est sa grande passion de l&rsquo;enfance, St\u00e9phanie Frappart commence \u00e0 taper dans un ballon \u00e0 l&rsquo;\u00e2ge de 6\u00a0ans.<\/p>\n<p>Elle joue pour les \u00e9quipes r\u00e9gionales en jeune, participe \u00e0 une coupe nationale et effectue quelques matchs avec l&rsquo;\u00e9quipe premi\u00e8re d&rsquo;Herblay.\u00a0<strong>Elle joue en num\u00e9ro 10<\/strong>, le poste le plus technique sur le terrain.<\/p>\n<p>Parall\u00e8lement, elle se passionne pour les r\u00e8gles de ce sport et <strong>commence \u00e0 les <a href=\"https:\/\/www.affinite.fr\/index.php\/2022\/11\/09\/formation-de-glacier-apprenez-le-metier-de-glacier-et-changez-votre-vie\/\">apprendre<\/a> minutieusement \u00e0 13\u00a0ans<\/strong>.\u00a0<\/p>\n<p>Six ans plus tard, elle est arbitre en division d&rsquo;honneur r\u00e9gionale en \u00cele-de-France.\u00a0C&rsquo;est \u00e0 ce moment qu&rsquo;elle d\u00e9cide d&rsquo;arr\u00eater d&rsquo;\u00eatre joueuse.\u00a0<\/p>\n<p>Elle d\u00e9clare d&rsquo;ailleurs \u00e0 l&rsquo;<em><strong>AFP<\/strong><\/em>: \u00ab\u00a0<em>J&rsquo;\u00e9tais devenue jeune arbitre de la F\u00e9d\u00e9ration et j&rsquo;ai estim\u00e9 que j&rsquo;avais plus de chances d&rsquo;\u00e9voluer dans l&rsquo;arbitrage que dans le foot f\u00e9minin, qui \u00e9tait alors beaucoup moins d\u00e9velopp\u00e9 qu&rsquo;aujourd&rsquo;hui.<\/em>\u00ab\u00a0<\/p>\n<p>Pour se faire sa place dans un milieu qui ne laisse que tr\u00e8s peu de place aux femmes, <strong>elle demande\u00a0les ballons pour les tester avant chaque match<\/strong>. Dans un premier temps, elle les fait\u00a0rebondir \u00e0 la main, puis\u00a0se met \u00e0 jongler au pied. <strong>Histoire de montrer qu&rsquo;au niveau technique, elle n&rsquo;a\u00a0pas grand-chose \u00e0 envier<\/strong> aux joueurs sur la pelouse.<\/p>\n<h2>Un mod\u00e8le pour toutes les autres femmes arbitres<\/h2>\n<p>Aujourd&rsquo;hui, St\u00e9phanie Frappart peu se targuer d&rsquo;\u00eatre <strong>un mod\u00e8le \u00e0 suivre <\/strong>pour toutes les jeunes femmes qui r\u00eavent de rev\u00eatir la tunique noire.\u00a0<strong>Elle est d&rsquo;ailleurs la seule femme arbitre de femme en France<\/strong> <strong>\u00e0 pouvoir vivre de son m\u00e9tier<\/strong>.\u00a0<\/p>\n<p>Et pour que cela \u00e9volue dans le bon sens, elle s&rsquo;est notamment engag\u00e9e dans les \u00e9lections pour la Ligue de football de Paris-\u00cele-de-France,\u00a0qui auront lieu le 19\u00a0d\u00e9cembre 2021.\u00a0<\/p>\n<div class=\"ccminsert\">\n<blockquote class=\"twitter-tweet\">\n<p dir=\"ltr\" lang=\"fr\">St\u00e9phanie Frappart<\/p>\n<p>2014- 1\u00e8re femme arbitre en Ligue 2<br \/>2019- 1\u00e8re femme arbitre en Ligue 1<br \/>2019- 1\u00e8re femme arbitre en Finale de Supercoupe<br \/>2020- 1\u00e8re femme arbitre en match international masculin<br \/>2020- 1\u00e8re femme arbitre en Ligue des Champions masculine <a href=\"https:\/\/t.co\/iKPwN92dPW\">pic.twitter.com\/iKPwN92dPW<\/a><\/p>\n<p>\u2014 FFF (@FFF) <a href=\"https:\/\/twitter.com\/FFF\/status\/1333477828164194304?ref_src=twsrc%5Etfw\">November 30, 2020<\/a><\/p><\/blockquote>\n<\/div>\n<p>St\u00e9phanie Frappart esp\u00e8re pouvoir continuer \u00e0 faire entendre la voix des femmes dans le sport, <strong>elle qui n&rsquo;avait pas h\u00e9sit\u00e9 \u00e0 parler\u00a0apr\u00e8s les affaires de <a href=\"https:\/\/www.journaldesfemmes.fr\/societe\/guide-pratique\/2687935-violences-sexuelles\/\" title=\"Agression sexuelle\">violences sexuelles<\/a><\/strong> dans le sport.\u00a0<\/p>\n<p>Sur <em><strong>RTL<\/strong><\/em>, elle se r\u00e9jouissait que la parole se lib\u00e8re, et souhaitait que les victimes \u00ab\u00a0<em>s&rsquo;expriment et puissent \u00eatre accompagn\u00e9es<\/em>\u00ab\u00a0.<\/p>\n<aside id=\"NL_1590581621\" class=\"newsletter_subscription jNlBlock\"><noscript><br \/>\n            <\/noscript><\/p>\n<h3 class=\"newsletter_subscription-title\">Newsletter <\/h3>\n<p><a href=\"\/\/mailing.ccmbg.com\/archive\/last-85\" target=\"_blank\" class=\"a_hover\" rel=\"noopener noreferrer\">Voir un exemple<\/a><\/p>\n<\/aside>\n<p>Parall\u00e8lement,\u00a0elle a \u00e9t\u00e9 en 2020 marraine de l&rsquo;op\u00e9ration \u00ab\u00a0<strong><em>Sport f\u00e9minin toujours<\/em><\/strong>\u00ab\u00a0, qui vise \u00e0 inciter les m\u00e9dias audiovisuels \u00e0 diffuser du sport f\u00e9minin.<\/p>\n<\/p><\/div>\n<p><script async src=\"http:\/\/platform.twitter.com\/widgets.js\" charset=\"utf-8\"><\/script><br \/>\n<br \/>[ad_2]<br \/>\n<br \/><a href=\"https:\/\/www.journaldesfemmes.fr\/societe\/agir\/2712815-stephanie-frappart-premiere-femme-arbitre-euro-football\/\">Source link <\/a><\/p>\n","protected":false},"excerpt":{"rendered":"<p>[ad_1] La fran\u00e7aise St\u00e9phanie Frappart a \u00e9t\u00e9 choisie par l&rsquo;UEFA pour \u00eatre quatri\u00e8me arbitre \u00e0 l&rsquo;Euro de football qui doit &hellip; <a href=\"https:\/\/www.affinite.fr\/index.php\/2021\/04\/22\/stephanie-frappart-1ere-femme-arbitre-a-un-euro-de-football\/\" class=\"more-link\">Plus <span class=\"screen-reader-text\">St\u00e9phanie Frappart, 1\u00e8re femme arbitre \u00e0 un Euro de football<\/span> <span class=\"meta-nav\">&rarr;<\/span><\/a><\/p>\n","protected":false},"author":1,"featured_media":6277,"comment_status":"open","ping_status":"open","sticky":false,"template":"","format":"standard","meta":{"_sitemap_exclude":false,"_sitemap_priority":"","_sitemap_frequency":"","footnotes":""},"categories":[1],"tags":[],"class_list":["post-6276","post","type-post","status-publish","format-standard","has-post-thumbnail","hentry","category-tous"],"_links":{"self":[{"href":"https:\/\/www.affinite.fr\/index.php\/wp-json\/wp\/v2\/posts\/6276"}],"collection":[{"href":"https:\/\/www.affinite.fr\/index.php\/wp-json\/wp\/v2\/posts"}],"about":[{"href":"https:\/\/www.affinite.fr\/index.php\/wp-json\/wp\/v2\/types\/post"}],"author":[{"embeddable":true,"href":"https:\/\/www.affinite.fr\/index.php\/wp-json\/wp\/v2\/users\/1"}],"replies":[{"embeddable":true,"href":"https:\/\/www.affinite.fr\/index.php\/wp-json\/wp\/v2\/comments?post=6276"}],"version-history":[{"count":0,"href":"https:\/\/www.affinite.fr\/index.php\/wp-json\/wp\/v2\/posts\/6276\/revisions"}],"wp:featuredmedia":[{"embeddable":true,"href":"https:\/\/www.affinite.fr\/index.php\/wp-json\/wp\/v2\/media\/6277"}],"wp:attachment":[{"href":"https:\/\/www.affinite.fr\/index.php\/wp-json\/wp\/v2\/media?parent=6276"}],"wp:term":[{"taxonomy":"category","embeddable":true,"href":"https:\/\/www.affinite.fr\/index.php\/wp-json\/wp\/v2\/categories?post=6276"},{"taxonomy":"post_tag","embeddable":true,"href":"https:\/\/www.affinite.fr\/index.php\/wp-json\/wp\/v2\/tags?post=6276"}],"curies":[{"name":"wp","href":"https:\/\/api.w.org\/{rel}","templated":true}]}}