{"id":6264,"date":"2021-04-20T20:48:44","date_gmt":"2021-04-20T20:48:44","guid":{"rendered":"https:\/\/www.affinite.fr\/index.php\/2021\/04\/20\/michel-drucker-en-pleurs-sa-peur-detre-mort-vivant\/"},"modified":"2021-04-20T20:48:44","modified_gmt":"2021-04-20T20:48:44","slug":"michel-drucker-en-pleurs-sa-peur-detre-mort-vivant","status":"publish","type":"post","link":"https:\/\/www.affinite.fr\/index.php\/2021\/04\/20\/michel-drucker-en-pleurs-sa-peur-detre-mort-vivant\/","title":{"rendered":"Michel Drucker, en pleurs\u00a0: sa peur d&rsquo;\u00eatre \u00ab\u00a0mort-vivant\u00a0\u00bb"},"content":{"rendered":"<p> [ad_1]<br \/>\n<br \/><img decoding=\"async\" src=\"https:\/\/img-3.journaldesfemmes.fr\/oG1vsTp0LV8ruEEI3OrRVKBSUjA=\/1280x\/smart\/aa397a5f8ec240d0a153c89cbb8c7fa1\/ccmcms-jdf\/24032122.jpg\" \/><\/p>\n<p>\n                Michel Drucker a \u00e9clat\u00e9 en sanglots avant son op\u00e9ration \u00e0 c\u0153ur ouvert. L&rsquo;animateur craignait de devenir un \u00ab\u00a0l\u00e9gume\u00a0\u00bb, un poids pour sa femme Dany&#8230;            <\/p>\n<div>\n<p><strong>Michel Drucker <\/strong>revient de loin.\u00a0Op\u00e9r\u00e9 \u00e0 <a href=\"https:\/\/sante.journaldesfemmes.fr\/fiches-anatomie-et-examens\/2526844-coeur-anatomie-role-operation-maladies-cardiovasculaires\/\" title=\"Coeur\">c\u0153ur<\/a> ouvert apr\u00e8s la rentr\u00e9e 2020,<strong> l&rsquo;animateur de 78 ans<\/strong> a vu la mort en face.\u00a0Il a d&rsquo;abord \u00e9t\u00e9 atteint d&rsquo;une<strong> <a href=\"https:\/\/sante.journaldesfemmes.fr\/fiches-maladies\/2676461-endocardite-infectieuse-definition-symptomes-traitement-esperance-de-vie-guerison\/\" title=\"Endocardite\">endocardite<\/a> infectieuse,<\/strong> puis a d\u00fb subir un triple pontage et a m\u00eame risqu\u00e9 l&rsquo;amputation de sa jambe. Toutes ces m\u00e9saventures se sont produites \u00e0 cause d&rsquo;un <strong>streptocoque<\/strong>, une bact\u00e9rie responsable, la plupart du temps, d&rsquo;infections b\u00e9nignes, mais qui peut \u00e9galement causer des <strong>infections mortelles<\/strong>, dans de cas plus rares.\u00a0<br \/>\u00ab\u00a0<em>J&rsquo;ai probablement attrap\u00e9 un <strong>streptocoque<\/strong> <strong>au cours d&rsquo;un soin dentaire.<\/strong> J&rsquo;aurais d\u00fb prendre des <a href=\"https:\/\/sante.journaldesfemmes.fr\/fiches-sante-du-quotidien\/2617329-antibiotique-definition-indications-effets-secondaires\/\" title=\"Antibiotique\">antibiotiques<\/a> avant et apr\u00e8s. C&rsquo;est imp\u00e9ratif, surtout si l&rsquo;on a d\u00e9j\u00e0 eu des petits soucis cardiaques comme moi. R\u00e9sistant, le <a href=\"https:\/\/sante.journaldesfemmes.fr\/fiches-maladies\/2664861-streptocoque-a-b-definition-infection-symptomes-contagion-traitement\/\" title=\"Streptocoque\">streptocoque a<\/a> attaqu\u00e9 tous mes organes<\/em>\u00ab\u00a0, a expliqu\u00e9 \u00e0 <em>Paris Match<\/em> le pr\u00e9sentateur de <em>Vivement Dimanche<\/em>, qui a (enfin) pu revenir sur son fauteuil rouge depuis quelques semaines.<\/p>\n<h2>Michel Drucker, en pleurs : sa grande peur<\/h2>\n<p>Un simple soin qui lui a donc caus\u00e9 bien des d\u00e9sagr\u00e9ments.\u00a0Avant de se faire <strong>op\u00e9rer \u00e0 c\u0153ur ouvert<\/strong>, l&rsquo;animateur a \u00e9t\u00e9 \u00e9pris d&rsquo;effroi \u00e0 l&rsquo;\u00e9ventualit\u00e9 de quitter ce monde ou pire, de se retrouver \u00ab\u00a0<em>comme un <strong>l\u00e9gume<\/strong><\/em>\u00ab\u00a0.<\/p>\n<p>\u00ab\u00a0<em><strong>Je fonds en larmes.<\/strong> Je n&rsquo;avais pas pleur\u00e9 de cette fa\u00e7on depuis dix-huit ans et la mort de mon fr\u00e8re Jean, le grand drame de ma vie. Cette fois, j&rsquo;ai tout fait pour <strong>cacher mes pleurs<\/strong> sous le <a href=\"https:\/\/sante.journaldesfemmes.fr\/fiches-maladies\/2609189-masque-covid-19-coronavirus-transparent-nasal-chirurgical-lavable-tissu-ffp2-achat-afnor-prix\/\" title=\"Masque anti-virus\">masque<\/a>, pour <strong>prot\u00e9ger Dany<\/strong>, qu&rsquo;elle ne s&rsquo;effondre pas<\/em>\u00ab\u00a0, s&rsquo;est-il souvenu dans l&rsquo;hebdomadaire.<\/p>\n<p>Et de pr\u00e9ciser: \u00ab\u00a0<em><strong>Il valait mieux que j&rsquo;y passe<\/strong> plut\u00f4t que ma femme, mon pilier, St\u00e9phanie, notre fille, et Rebecca, notre petite-fille, me voient comme un l\u00e9gume. Plus que la peur de mourir, j&rsquo;ai v\u00e9cu la <strong>peur d&rsquo;\u00eatre un mort-vivant<\/strong><\/em>\u00ab\u00a0.<\/p>\n<h2>Michel Drucker, &#8211; 11 kg<\/h2>\n<p>Apr\u00e8s ce<strong> long s\u00e9jour \u00e0 l&rsquo;h\u00f4pital <\/strong>et une convalescence relativement compliqu\u00e9e,\u00a0<strong>Michel Drucker<\/strong>\u00a0a presque retrouv\u00e9 son aplomb d&rsquo;antan.\u00a0\u00ab\u00a0<i>Dany<\/i>\u00a0<em>a vite dit que je recommen\u00e7ais \u00e0 la saouler de paroles, je devine que c&rsquo;est bon signe<\/em>\u00ab\u00a0, a plaisant\u00e9 l&rsquo;ind\u00e9boulonnable pr\u00e9sentateur de <em>Vivement Dimanche<\/em>.<\/p>\n<aside id=\"NL_509599235\" class=\"newsletter_subscription jNlBlock\"><noscript><br \/>\n            <\/noscript><\/p>\n<h3 class=\"newsletter_subscription-title\">Newsletter <\/h3>\n<p><a href=\"\/\/mailing.ccmbg.com\/archive\/last-85\" target=\"_blank\" class=\"a_hover\" rel=\"noopener noreferrer\">Voir un exemple<\/a><\/p>\n<\/aside>\n<p>Toutefois, Michel Drucker a confi\u00e9 dans son \u00e9mission avoir <strong>drastiquement maigri <\/strong>apr\u00e8s son s\u00e9jour \u00e0 l&rsquo;h\u00f4pital: \u00ab\u00a0<em>J&rsquo;ai perdu <strong>onze kilos;<\/strong> onze kilos quand on en p\u00e8se soixante-douze c&rsquo;est consid\u00e9rable. Et quand je me suis vu pour la premi\u00e8re fois, plus que maigre, comme une esp\u00e8ce de pantin, de marionnette, j&rsquo;ai vu ce qu&rsquo;\u00e9tait la<strong> maigreur<\/strong> et je me suis fait peur<\/em>\u00ab\u00a0.<\/p>\n<\/p><\/div>\n<p>[ad_2]<br \/>\n<br \/><a href=\"https:\/\/www.journaldesfemmes.fr\/people\/actus\/2712469-michel-drucker-operation-coeur-ouvert-sante-peur-mort-dany-saval\/\">Source link <\/a><\/p>\n","protected":false},"excerpt":{"rendered":"<p>[ad_1] Michel Drucker a \u00e9clat\u00e9 en sanglots avant son op\u00e9ration \u00e0 c\u0153ur ouvert. L&rsquo;animateur craignait de devenir un \u00ab\u00a0l\u00e9gume\u00a0\u00bb, un &hellip; <a href=\"https:\/\/www.affinite.fr\/index.php\/2021\/04\/20\/michel-drucker-en-pleurs-sa-peur-detre-mort-vivant\/\" class=\"more-link\">Plus <span class=\"screen-reader-text\">Michel Drucker, en pleurs\u00a0: sa peur d&rsquo;\u00eatre \u00ab\u00a0mort-vivant\u00a0\u00bb<\/span> <span class=\"meta-nav\">&rarr;<\/span><\/a><\/p>\n","protected":false},"author":1,"featured_media":6265,"comment_status":"open","ping_status":"open","sticky":false,"template":"","format":"standard","meta":{"_sitemap_exclude":false,"_sitemap_priority":"","_sitemap_frequency":"","footnotes":""},"categories":[1],"tags":[],"class_list":["post-6264","post","type-post","status-publish","format-standard","has-post-thumbnail","hentry","category-tous"],"_links":{"self":[{"href":"https:\/\/www.affinite.fr\/index.php\/wp-json\/wp\/v2\/posts\/6264"}],"collection":[{"href":"https:\/\/www.affinite.fr\/index.php\/wp-json\/wp\/v2\/posts"}],"about":[{"href":"https:\/\/www.affinite.fr\/index.php\/wp-json\/wp\/v2\/types\/post"}],"author":[{"embeddable":true,"href":"https:\/\/www.affinite.fr\/index.php\/wp-json\/wp\/v2\/users\/1"}],"replies":[{"embeddable":true,"href":"https:\/\/www.affinite.fr\/index.php\/wp-json\/wp\/v2\/comments?post=6264"}],"version-history":[{"count":0,"href":"https:\/\/www.affinite.fr\/index.php\/wp-json\/wp\/v2\/posts\/6264\/revisions"}],"wp:featuredmedia":[{"embeddable":true,"href":"https:\/\/www.affinite.fr\/index.php\/wp-json\/wp\/v2\/media\/6265"}],"wp:attachment":[{"href":"https:\/\/www.affinite.fr\/index.php\/wp-json\/wp\/v2\/media?parent=6264"}],"wp:term":[{"taxonomy":"category","embeddable":true,"href":"https:\/\/www.affinite.fr\/index.php\/wp-json\/wp\/v2\/categories?post=6264"},{"taxonomy":"post_tag","embeddable":true,"href":"https:\/\/www.affinite.fr\/index.php\/wp-json\/wp\/v2\/tags?post=6264"}],"curies":[{"name":"wp","href":"https:\/\/api.w.org\/{rel}","templated":true}]}}