{"id":6208,"date":"2021-04-11T07:01:46","date_gmt":"2021-04-11T07:01:46","guid":{"rendered":"https:\/\/www.affinite.fr\/index.php\/2021\/04\/11\/recette-de-tortillas-au-mais-sans-gluten\/"},"modified":"2021-04-11T07:01:46","modified_gmt":"2021-04-11T07:01:46","slug":"recette-de-tortillas-au-mais-sans-gluten","status":"publish","type":"post","link":"https:\/\/www.affinite.fr\/index.php\/2021\/04\/11\/recette-de-tortillas-au-mais-sans-gluten\/","title":{"rendered":"Recette de tortillas au ma\u00efs sans gluten"},"content":{"rendered":"<p> [ad_1]<br \/>\n<\/p>\n<div>\n\t\t\t\t\t<!-- Rate my Post Plugin - Results Widget --><\/p>\n<p itemprop=\"description\">Les tortillas sont g\u00e9n\u00e9ralement faites \u00e0 partir de bl\u00e9 ou un m\u00e9lange de bl\u00e9 et de ma\u00efs. Pour cette <strong>version de tortillas sans gluten<\/strong>, nous allons remplacer la farine de ma\u00efs par un m\u00e9lange de farine de ma\u00efs et de f\u00e9cule de ma\u00efs et la farine de bl\u00e9 par un m\u00e9lange de farine de teff compl\u00e8te et de la farine de riz. La dominante sera la farine de teff pour diminuer l\u2019index glyc\u00e9mique global de la recette.<\/p>\n<p>Si vous n\u2019avez pas de <strong>farine de teff<\/strong> chez vous, vous pouvez utiliser uniquement de la farine de riz, vous aurez un rendu plus proche des tortillas classiques au niveau de la couleur. La farine de teff compl\u00e8te donne la couleur brune \u00e0 la p\u00e2te.<\/p>\n<p>Avec ces tortillas sans gluten vous pourrez <strong>r\u00e9aliser des tacos, des fajitas, des wraps, des qu\u00e9sadillas, des burritos, des enchiladas<\/strong>\u2026 A ne pas confondre avec la <a href=\"https:\/\/cuisine-saine.fr\/recette-bio\/recette-bio-recette-de-la-tortilla-traditionnelle\/\">tortilla espagnole<\/a> qui est une omelette aux pommes de terre. <\/p>\n<p>J\u2019ai choisi de faire des <strong>mini tortillas sans gluten<\/strong> pour une version de tacos ap\u00e9ro, mais si vous en voulez des plus grandes, faites exactement la m\u00eame recette mais en doublant les doses indiqu\u00e9es.<\/p>\n<p>Pour faire des tortillas parfaitement rondes, utilisez par exemple un cercle \u00e0 p\u00e2tisserie \u00e0 la taille que vous souhaitez, ou un saladier. Mais vous pouvez les laisser avec des bords bruts et elles feront plus rustiques.<\/p>\n<p>J\u2019ajoute un peu de <strong>psyllium blond<\/strong> pour que la tortillas se plie plus facilement. Cela donne plus de tenue et la rend moins cassante.<\/p>\n<p>Je vous proposerai prochainement une <strong>recette de tortillas sans gluten mais aussi sans ma\u00efs<\/strong> car je sais que nombre d\u2019entre vous ne consomme pas non plus de farine de ma\u00efs dans le cadre du r\u00e9gime Seignalet.<\/p>\n<h2>Recette de tortillas sans gluten<\/h2>\n<ul class=\"typerect\" itemprop=\"recipeCuisine\">\n<li class=\"ssgluten\" itemprop=\"suitableForDiet\"><span>Recette sans gluten<\/span><\/li>\n<li class=\"sslait\" itemprop=\"suitableForDiet\"><span>Recette sans lactose<\/span><\/li>\n<li class=\"ssoeuf\" itemprop=\"suitableForDiet\"><span>Recette sans oeuf<\/span><\/li>\n<\/ul>\n<div id=\"attachment_110959\" style=\"width: 1010px\" class=\"wp-caption alignnone\"><noscript><img loading=\"lazy\" decoding=\"async\" aria-describedby=\"caption-attachment-110959\" src=\"https:\/\/cuisine-saine.fr\/wp-content\/uploads\/2021\/04\/recette-tortillas-sans-gluten.jpg\" alt=\"Recette de tortillas sans gluten\" width=\"1000\" height=\"1273\" itemprop=\"image\"\/><\/noscript><img loading=\"lazy\" decoding=\"async\" class=\"lazyload\" aria-describedby=\"caption-attachment-110959\" src=\"data:image\/svg+xml,%3Csvg%20xmlns=%22http:\/\/www.w3.org\/2000\/svg%22%20viewBox=%220%200%201000%201273%22%3E%3C\/svg%3E\" data-src=\"https:\/\/cuisine-saine.fr\/wp-content\/uploads\/2021\/04\/recette-tortillas-sans-gluten.jpg\" alt=\"Recette de tortillas sans gluten\" width=\"1000\" height=\"1273\" itemprop=\"image\"\/><\/p>\n<p id=\"caption-attachment-110959\" class=\"wp-caption-text\">Recette de tortillas sans gluten<\/p>\n<\/div>\n<div class=\"intro\">\n<p itemprop=\"recipeCategory\">Plat de base<\/p>\n<p class=\"temps\"><strong class=\"yield\" itemprop=\"recipeYield\">Pour 6 mini tortillas<\/strong><br \/><strong>Temps de pr\u00e9paration<\/strong> : <time datetime=\"PT10M\" itemprop=\"prepTime\">10 min<\/time><br \/><strong>Temps de cuisson<\/strong> : <time datetime=\"PT2M\" itemprop=\"cookTime\">2 min<\/time><\/p>\n<\/div>\n<div class=\"ingredient\">\n<h3 class=\"listetitre\">Ingr\u00e9dients<\/h3>\n<ul class=\"listeingredient\">\n<li class=\"ingredient\" itemprop=\"recipeIngredient\">70 g de farine de teff compl\u00e8te<\/li>\n<li class=\"ingredient\" itemprop=\"recipeIngredient\">30 g de farine de ma\u00efs<\/li>\n<li class=\"ingredient\" itemprop=\"recipeIngredient\">30 g de f\u00e9cule de ma\u00efs<\/li>\n<li class=\"ingredient\" itemprop=\"recipeIngredient\">20 g de farine de riz<\/li>\n<li class=\"ingredient\" itemprop=\"recipeIngredient\">1 cuil. \u00e0 caf\u00e9 de psyllium blond<\/li>\n<li class=\"ingredient\" itemprop=\"recipeIngredient\">1\/2 cuil. \u00e0 caf\u00e9 de sel<\/li>\n<li class=\"ingredient\" itemprop=\"recipeIngredient\">100 ml d\u2019eau<\/li>\n<li class=\"ingredient\" itemprop=\"recipeIngredient\">2 cuil. \u00e0 soupe d\u2019huile d\u2019olive<\/li>\n<\/ul>\n<\/div>\n<ol class=\"recette\" itemprop=\"recipeInstructions\">\n<li itemprop=\"step\">M\u00e9langez la farine de teff, la farine de ma\u00efs, la f\u00e9cule de ma\u00efs et la farine de riz. Ajoutez le sel et le psyllium, r\u00e9servez.<\/li>\n<li itemprop=\"step\">Faites chauffer l\u2019eau avec l\u2019huile d\u2019olive jusqu\u2019\u00e0 \u00e9bullition. Versez sur les farines et m\u00e9langez aussit\u00f4t.<\/li>\n<li itemprop=\"step\">Formez une boule de p\u00e2te. Coupez-la en 6 morceaux \u00e9gaux et laissez reposer 30 minutes sous un torchon propre.<\/li>\n<li itemprop=\"step\">\u00c9talez chaque morceau entre deux feuilles de papier sulfuris\u00e9 \u00e0 l\u2019aide d\u2019un rouleau \u00e0 p\u00e2tisserie. Vous pouvez utiliser un cercle \u00e0 p\u00e2tisserie ou un saladier pour l\u2019utiliser comme un emporte pi\u00e8ce pour r\u00e9aliser des tortillas bien rondes. <\/li>\n<li itemprop=\"step\">Faites chauffer une po\u00eale anti adh\u00e9sive et faites cuire vos tortillas de 40 \u00e0 50 secondes de chaque c\u00f4t\u00e9 sans ajout de mati\u00e8re grasse.<\/li>\n<li itemprop=\"step\">Vous pourrez les faire r\u00e9chauffer au moment de pr\u00e9parer tacos ou fajitas.<\/li>\n<\/ol>\n<h3 class=\"conseil\">Le conseil de Karen<\/h3>\n<p><!-- Rate my Post Plugin --><br \/>\n<span class=\"et_bloom_bottom_trigger\"\/>                    <\/p>\n<p itemprop=\"keywords\" class=\"keywords\">Mots cl\u00e9s : <a href=\"https:\/\/cuisine-saine.fr\/tag\/farine-de-mais\/\" rel=\"tag\">farine de ma\u00efs<\/a>,\u00a0<a href=\"https:\/\/cuisine-saine.fr\/tag\/farine-de-riz\/\" rel=\"tag\">farine de riz<\/a>,\u00a0<a href=\"https:\/\/cuisine-saine.fr\/tag\/farine-de-teff\/\" rel=\"tag\">farine de teff<\/a>,\u00a0<a href=\"https:\/\/cuisine-saine.fr\/tag\/fecule-de-mais\/\" rel=\"tag\">f\u00e9cule de ma\u00efs<\/a>,\u00a0<a href=\"https:\/\/cuisine-saine.fr\/tag\/huile-dolive\/\" rel=\"tag\">huile d&rsquo;olive<\/a>,\u00a0<a href=\"https:\/\/cuisine-saine.fr\/tag\/psyllium\/\" rel=\"tag\">psyllium<\/a><\/p>\n<\/p><\/div>\n<p>[ad_2]<br \/>\n<br \/><a href=\"https:\/\/cuisine-saine.fr\/recette-sans-gluten\/recette-tortillas-sans-gluten\/\">Source link <\/a><\/p>\n","protected":false},"excerpt":{"rendered":"<p>[ad_1] Les tortillas sont g\u00e9n\u00e9ralement faites \u00e0 partir de bl\u00e9 ou un m\u00e9lange de bl\u00e9 et de ma\u00efs. Pour cette &hellip; <a href=\"https:\/\/www.affinite.fr\/index.php\/2021\/04\/11\/recette-de-tortillas-au-mais-sans-gluten\/\" class=\"more-link\">Plus <span class=\"screen-reader-text\">Recette de tortillas au ma\u00efs sans gluten<\/span> <span class=\"meta-nav\">&rarr;<\/span><\/a><\/p>\n","protected":false},"author":1,"featured_media":6209,"comment_status":"open","ping_status":"open","sticky":false,"template":"","format":"standard","meta":{"_sitemap_exclude":false,"_sitemap_priority":"","_sitemap_frequency":"","footnotes":""},"categories":[1],"tags":[],"class_list":["post-6208","post","type-post","status-publish","format-standard","has-post-thumbnail","hentry","category-tous"],"_links":{"self":[{"href":"https:\/\/www.affinite.fr\/index.php\/wp-json\/wp\/v2\/posts\/6208"}],"collection":[{"href":"https:\/\/www.affinite.fr\/index.php\/wp-json\/wp\/v2\/posts"}],"about":[{"href":"https:\/\/www.affinite.fr\/index.php\/wp-json\/wp\/v2\/types\/post"}],"author":[{"embeddable":true,"href":"https:\/\/www.affinite.fr\/index.php\/wp-json\/wp\/v2\/users\/1"}],"replies":[{"embeddable":true,"href":"https:\/\/www.affinite.fr\/index.php\/wp-json\/wp\/v2\/comments?post=6208"}],"version-history":[{"count":0,"href":"https:\/\/www.affinite.fr\/index.php\/wp-json\/wp\/v2\/posts\/6208\/revisions"}],"wp:featuredmedia":[{"embeddable":true,"href":"https:\/\/www.affinite.fr\/index.php\/wp-json\/wp\/v2\/media\/6209"}],"wp:attachment":[{"href":"https:\/\/www.affinite.fr\/index.php\/wp-json\/wp\/v2\/media?parent=6208"}],"wp:term":[{"taxonomy":"category","embeddable":true,"href":"https:\/\/www.affinite.fr\/index.php\/wp-json\/wp\/v2\/categories?post=6208"},{"taxonomy":"post_tag","embeddable":true,"href":"https:\/\/www.affinite.fr\/index.php\/wp-json\/wp\/v2\/tags?post=6208"}],"curies":[{"name":"wp","href":"https:\/\/api.w.org\/{rel}","templated":true}]}}