{"id":62,"date":"2020-02-15T19:18:03","date_gmt":"2020-02-15T19:18:03","guid":{"rendered":"https:\/\/www.affinite.fr\/index.php\/2020\/02\/15\/breil-sur-roya-entre-mer-et-montagnes-aux-portes-du-parc-national-du-mercantour\/"},"modified":"2020-02-15T19:18:03","modified_gmt":"2020-02-15T19:18:03","slug":"breil-sur-roya-entre-mer-et-montagnes-aux-portes-du-parc-national-du-mercantour","status":"publish","type":"post","link":"https:\/\/www.affinite.fr\/index.php\/2020\/02\/15\/breil-sur-roya-entre-mer-et-montagnes-aux-portes-du-parc-national-du-mercantour\/","title":{"rendered":"Breil sur Roya, Entre mer et montagnes, aux portes du Parc National du Mercantour"},"content":{"rendered":"<p> [ad_1]<br \/>\n<\/p>\n<div>\n<p class=\"has-text-align-center\">Depuis peu, je me suis install\u00e9e \u00e0 Breil sur Roya, un village de la vall\u00e9e de la Roya aux portes du Mercantour!!  Habiter au milieu de montagnes, vallons et lieux historiques, est un v\u00e9ritable plaisir!! Fini les embouteillages et le stress de la ville, \u00e0 moi la nature et la s\u00e9r\u00e9nit\u00e9 ? . Dans cet article je vous dis que faire, que voir \u00e0 Breil sur Roya. Entre villages perch\u00e9s et villages m\u00e9di\u00e9vaux, la Vall\u00e9e de la Roya est un v\u00e9ritable terrain de jeux! Aller, vous venez!? Je vous emm\u00e8ne \u00e0 Breil sur Roya entre mer et montagnes aux portes de Parc National du Mercantour<\/p>\n<h2>Breil sur Roya, village entre mer et montagnes<\/h2>\n<p class=\"has-text-align-center\">Breil sur Roya est un village de 2 200 habitants, situ\u00e9 \u00e0 61 Km de Nice, 34Km de Menton et 24 Km de Vintimille en Italie! A 300 M d\u2019altitude, il a la particularit\u00e9 d\u2019\u00eatre \u00e0 mi chemin entre mer m\u00e9diterran\u00e9e et parc National du Mercantour. <\/p>\n<p class=\"has-text-align-center\">Plusieurs activit\u00e9s s\u2019offrent \u00e0 vous! Que vous aimiez l\u2019histoire ou la nature Breil est le lieu id\u00e9al pour de petites balades culturels ou ressour\u00e7antes : <\/p>\n<ul>\n<li><strong>Les ruelles de Breil sur Roya<\/strong> : D\u00e9dale de petites rues \u00e9troites qui t\u00e9moignent du plan m\u00e9di\u00e9val ou l\u2019on peut voir diff\u00e9rentes maisons du XVIIe si\u00e8cles. Des arcs, des lavoirs, des passages couverts, des couleurs \u2026. Vous saviez que Louis XII a v\u00e9cu ici!? en 1507 ? . En vous baladant dans ce charmant village, vous trouverez une ambiance entre Italie et France, entre monuments m\u00e9di\u00e9vaux et couleurs proven\u00e7ales.<\/li>\n<\/ul>\n<figure class=\"wp-block-gallery columns-3 is-cropped\"><figcaption class=\"blocks-gallery-caption\">Ruelles de Breil sur Roya<\/figcaption><\/figure>\n<ul>\n<li><strong>Les monuments de Breil sur Roya<\/strong> : Plusieurs monuments sont \u00e0 voir dont<strong> La Chapelle Saint-Catherine<\/strong> qui est maintenant une salle d\u2019exposition au d\u00e9cor Baroque, class\u00e9e au Monuments Historique depuis 1979. Ses statues repr\u00e9sentent La Foi, L\u2019Esp\u00e9rance et La Charit\u00e9. Son clocher, recouvert de tuiles verniss\u00e9es color\u00e9es, est surmont\u00e9 d\u2019une girouette repr\u00e9sentant un ange soufflant dans une trompette.   <strong>l\u2019Eglise Sancta-Maria in Albis<\/strong>, protectrice de Breil sur Roya ? . Battis en forme de croix grecque avec une coupole \u00e9cras\u00e9e \u00e0 la crois\u00e9e, <strong>l\u2019ancienne Chapelle de la Mis\u00e9ricorde<\/strong>, construite par la confr\u00e9rie des P\u00e9nitents Noirs. <\/li>\n<\/ul>\n<figure class=\"wp-block-gallery columns-3 is-cropped\"\/>\n<h2>Les balades et randon\u00e9es Breil sur Roya entre mer et montagnes aux portes de Parc National du Mercantour<\/h2>\n<p class=\"has-text-align-center\">Amoureuse de balades en nature, j\u2019ai trouv\u00e9 mon terrain de jeux \u00e0 Breil sur Roya!! Evidemment, je n\u2019ai pas encore tout visit\u00e9 mais cela ne serait tarder!! Je vous propose des balades \u00e0 faire en quelques heures :). <\/p>\n<p class=\"has-text-align-center\"><strong>Les Crott\u00e9s<\/strong>:  30 mins. D\u00e9part au pont sup\u00e9rieur, en haut du Bd ROUVIER prendre \u00e0 droite et continuer sur le sentier \u00e0 gauche.  Petits abris couverts qui servaient de s\u00e9choir pour les figues et les prunes. Une promenade sympa \u00e0 faire pour d\u00e9couvrir le village avec une vue a\u00e9rienne! <\/p>\n<p class=\"has-text-align-center\"><strong>La Tour de la Cruella<\/strong>: 1h30 A\/R. M\u00eame chemin que pour les Crott\u00e9s. D\u00e9j\u00e0, le nom m\u2019a plu!! Un peu intriguant comme nom!? Pourquoi Cruella? Vous pensez que cela a un rapport avec les 101 Dalmatiens!? Non \u2026. cela a un rapport avec les oiseaux ? . Oui, oui des sortes d\u2019\u00e9perviers qui nichaient ici dans le temps \u2026 Cette tour \u00e9tait aussi gardienne vigilante de Breil sur Roya! Une mont\u00e9e courte mais soutenue pour arriver sur les ruines et admirer cette tour qui s\u2019illumine touts les soirs ? . <\/p>\n<p class=\"has-text-align-center\"><strong> Le Vallon de la Carleva:<\/strong> 1hA\/R. M\u00eame d\u00e9part que pour les Crott\u00e9s.  Une promenade entre nature sauvage, falaise, terrasse d\u2019Oliviers et cirque! C\u2019est ma pr\u00e9f\u00e9r\u00e9!! Tellement jolie!! Vous arriverez sur une vasque qui, quand le temps le permet, invite \u00e0 la baignade \u2026 Un moment suspendu \u2026. <\/p>\n<p class=\"has-text-align-center\"><strong>Notre Dame du Mont des Oliviers:<\/strong> 1h A\/R.  Traverser le lac par le pont Charabot, passer sous  le viaduc sur 150M , tourner \u00e0 gauche vers la voie ferr\u00e9 et prendre le sentier sur la droite.  Une balade facile, qui longe la rivi\u00e8re et les plantations d\u2019Oliviers. Entour\u00e9e d\u2019Oliviers, Notre Dame du Mont domine la Vall\u00e9e de la Roya et de la Lavina !<\/p>\n<figure class=\"wp-block-gallery columns-3 is-cropped\"\/>\n<p> <strong>Le chemin de Bancao<\/strong> :   2h30 D\u00e9part \u00e0 l\u2019entr\u00e9e sud du village, sur la gauche, avant le pont inf\u00e9rieur. Une balade tr\u00e8s sympa \u00e0 faire si vous voulez \u00ab\u00a0survoler\u00a0\u00bb Breil Sur Roya! <\/p>\n<p><strong>Le lac des Cygnes:<\/strong> Breil sur Roya poss\u00e8de un lac! Le c\u0153ur du village ? . Un lieu incontournable! Vous pouvez y observer les Cygnes et oui! ici les cygnes sont prot\u00e9g\u00e9s dans leur environnement naturel  ? . <\/p>\n<p><strong>L\u2019Ecomus\u00e9e<\/strong>: Ce mus\u00e9e rassemble  des pi\u00e8ces rares sur l\u2019histoire des transports. <\/p>\n<p>COTE PRATIQUE :<\/p>\n<\/div>\n<p>[ad_2]<br \/>\n<br \/><a href=\"https:\/\/rencontretvoyagite.com\/2020\/01\/19\/breil-sur-roya-mer-montagnes-parc-national-mercantour\/\">Source link <\/a><\/p>\n","protected":false},"excerpt":{"rendered":"<p>[ad_1] Depuis peu, je me suis install\u00e9e \u00e0 Breil sur Roya, un village de la vall\u00e9e de la Roya aux &hellip; <a href=\"https:\/\/www.affinite.fr\/index.php\/2020\/02\/15\/breil-sur-roya-entre-mer-et-montagnes-aux-portes-du-parc-national-du-mercantour\/\" class=\"more-link\">Plus <span class=\"screen-reader-text\">Breil sur Roya, Entre mer et montagnes, aux portes du Parc National du Mercantour<\/span> <span class=\"meta-nav\">&rarr;<\/span><\/a><\/p>\n","protected":false},"author":1,"featured_media":63,"comment_status":"open","ping_status":"open","sticky":false,"template":"","format":"standard","meta":{"_sitemap_exclude":false,"_sitemap_priority":"","_sitemap_frequency":"","footnotes":""},"categories":[1],"tags":[],"class_list":["post-62","post","type-post","status-publish","format-standard","has-post-thumbnail","hentry","category-tous"],"_links":{"self":[{"href":"https:\/\/www.affinite.fr\/index.php\/wp-json\/wp\/v2\/posts\/62"}],"collection":[{"href":"https:\/\/www.affinite.fr\/index.php\/wp-json\/wp\/v2\/posts"}],"about":[{"href":"https:\/\/www.affinite.fr\/index.php\/wp-json\/wp\/v2\/types\/post"}],"author":[{"embeddable":true,"href":"https:\/\/www.affinite.fr\/index.php\/wp-json\/wp\/v2\/users\/1"}],"replies":[{"embeddable":true,"href":"https:\/\/www.affinite.fr\/index.php\/wp-json\/wp\/v2\/comments?post=62"}],"version-history":[{"count":0,"href":"https:\/\/www.affinite.fr\/index.php\/wp-json\/wp\/v2\/posts\/62\/revisions"}],"wp:featuredmedia":[{"embeddable":true,"href":"https:\/\/www.affinite.fr\/index.php\/wp-json\/wp\/v2\/media\/63"}],"wp:attachment":[{"href":"https:\/\/www.affinite.fr\/index.php\/wp-json\/wp\/v2\/media?parent=62"}],"wp:term":[{"taxonomy":"category","embeddable":true,"href":"https:\/\/www.affinite.fr\/index.php\/wp-json\/wp\/v2\/categories?post=62"},{"taxonomy":"post_tag","embeddable":true,"href":"https:\/\/www.affinite.fr\/index.php\/wp-json\/wp\/v2\/tags?post=62"}],"curies":[{"name":"wp","href":"https:\/\/api.w.org\/{rel}","templated":true}]}}