{"id":6174,"date":"2021-04-04T20:32:21","date_gmt":"2021-04-04T20:32:21","guid":{"rendered":"https:\/\/www.affinite.fr\/index.php\/2021\/04\/04\/miliboo-et-stephane-plaza-devoilent-leur-collection-deco\/"},"modified":"2021-04-04T20:32:21","modified_gmt":"2021-04-04T20:32:21","slug":"miliboo-et-stephane-plaza-devoilent-leur-collection-deco","status":"publish","type":"post","link":"https:\/\/www.affinite.fr\/index.php\/2021\/04\/04\/miliboo-et-stephane-plaza-devoilent-leur-collection-deco\/","title":{"rendered":"Miliboo et St\u00e9phane Plaza d\u00e9voilent leur collection d\u00e9co"},"content":{"rendered":"<p> [ad_1]<br \/>\n<\/p>\n<p>\n                Quand la marque Miliboo et le c\u00e9l\u00e8bre agent immobilier St\u00e9phane Plaza collaborent pour une collection de meubles \u00ab\u00a0Essentiels\u00a0\u00bb pour la maison, le r\u00e9sultat est forc\u00e9ment convaincant. D\u00e9couvrez les pi\u00e8ces phares en images de la gamme Miliboo &amp; St\u00e9phane Plaza\u00a0!            <\/p>\n<div>\n<aside class=\"ads--insertor-avoid app_article_content\"><a id=\"canape-harrison\" name=\"canape-harrison\"\/><\/p>\n<h2 class=\"main_title\">Canap\u00e9 Harrison<\/h2>\n<figure>\n<div class=\"product_picture\"><a rel=\"nofollow pass noopener noreferrer\" class=\"jBlockAmazon\" target=\"_blank\" href=\"https:\/\/www.awin1.com\/cread.php?awinmid=6968&amp;awinaffid=540299&amp;clickref=2670287f1fi&amp;p=https%3A%2F%2Fwww.laredoute.fr%2Fppdp%2Fprod-540804888.aspx\"><img decoding=\"async\" src=\"https:\/\/cdn.laredoute.com\/products\/1200by1200\/b\/1\/8\/b1863fa82ebae2087f4188cc986b1aee.jpg\" alt=\"Canap\u00e9 Harrison\"\/><\/a><\/p>\n<p><span>Meilleur<\/span>Choix<\/p>\n<\/div><figcaption>\n<h3 class=\"item_name\">Canap\u00e9 3 places design chin\u00e9 velours HARRISON<\/h3>\n<p><span class=\"item_price\">695,99 \u20ac<\/span><a rel=\"nofollow pass noopener noreferrer\" class=\"item_cta_bottom jBlockAmazon\" name=\"btn_see_1\" target=\"_blank\" href=\"https:\/\/www.awin1.com\/cread.php?awinmid=6968&amp;awinaffid=540299&amp;clickref=2670287f1fb&amp;p=https%3A%2F%2Fwww.laredoute.fr%2Fppdp%2Fprod-540804888.aspx\">VOIR LE PRODUIT<\/a><span class=\"partner_sign\">sur\u00a0La Redoute<\/span><\/figcaption><\/figure>\n<ul>\n<li>Fabriqu\u00e9 en France<\/li>\n<p>&#13;<\/p>\n<li>L178 x L92 x H84 cm<\/li>\n<p>&#13;<\/p>\n<li>D\u00e9houssable<\/li>\n<p>&#13;\n<\/ul>\n<p>Sobri\u00e9t\u00e9, \u00e9l\u00e9gance et raffinement : trois qualit\u00e9s essentielles que St\u00e9phane Plaza voulait mettre en avant \u00e0 travers une pi\u00e8ce de mobilier au look intemporel. En polyester, le canap\u00e9 est sublim\u00e9 par un passepoil en velours qui souligne le design de l&rsquo;ensemble.\u00a0Ce canap\u00e9 est disponible en plusieurs coloris et m\u00eame avec des motifs pour trouver sa place au mieux dans votre int\u00e9rieur.<\/p>\n<p>&#13;<br \/>\n<a rel=\"nofollow pass noopener noreferrer\" target=\"_blank\" class=\"item_cta_bottom jBlockAmazon\" name=\"btn_see_2\" href=\"https:\/\/www.awin1.com\/cread.php?awinmid=6968&amp;awinaffid=540299&amp;clickref=2670287f1fp&amp;p=https%3A%2F%2Fwww.laredoute.fr%2Fppdp%2Fprod-540804888.aspx\">VOIR LE PRODUIT<\/a><\/aside>\n<aside class=\"ads--insertor-avoid app_article_content\"><a id=\"chevet-galon\" name=\"chevet-galon\"\/><\/p>\n<h2 class=\"main_title\">Chevet Galon<\/h2>\n<figure>\n<div class=\"product_picture\"><a rel=\"nofollow pass noopener noreferrer\" class=\"jBlockAmazon\" target=\"_blank\" href=\"https:\/\/www.amazon.fr\/dp\/B084T1SSX8?tag=journaldesfemmes-21&amp;ascsubtag=2670287f2fi\"><img decoding=\"async\" src=\"https:\/\/m.media-amazon.com\/images\/I\/41HlTg8VpEL.jpg\" alt=\"Chevet Galon\"\/><\/a><\/div><figcaption>\n<h3 class=\"item_name\">Table de chevet en rotin GALON<\/h3>\n<ul class=\"partners_list\">\n<li>\n<p><span class=\"partner_list_logo partner_list_logo--amazon\">Amazon<\/span><\/p>\n<\/li>\n<li>\n<p><span class=\"partner_list_logo partner_list_logo--fnac\">Fnac<\/span><\/p>\n<\/li>\n<li>\n<p><span class=\"partner_list_logo partner_list_logo--laredoute\">La Redoute<\/span><\/p>\n<\/li>\n<\/ul>\n<\/figcaption><\/figure>\n<ul>\n<li>En rotin<\/li>\n<p>&#13;<\/p>\n<li>Avec un tiroir<\/li>\n<p>&#13;<\/p>\n<li>L40 x P35 x H53 cm<\/li>\n<p>&#13;\n<\/ul>\n<p>Pour une touche vintage dans la chambre, Miliboo &amp; St\u00e9phane Plaza ont imagin\u00e9 une table de chevet en rotin. Avec ses formes arrondies et ses nervures inspir\u00e9es des feuillages, elle sera la pi\u00e8ce originale de votre d\u00e9cor. Elle peut \u00eatre compl\u00e9t\u00e9e par les autres pi\u00e8ces de mobilier de la gamme.<\/p>\n<p>&#13;<br \/>\n<\/aside>\n<aside class=\"ads--insertor-avoid app_article_content\"><a id=\"bibliotheque-azteque\" name=\"bibliotheque-azteque\"\/><\/p>\n<h2 class=\"main_title\">Biblioth\u00e8que Azteque<\/h2>\n<figure>\n<div class=\"product_picture\"><a rel=\"nofollow pass noopener noreferrer\" class=\"jBlockAmazon\" target=\"_blank\" href=\"https:\/\/www.amazon.fr\/dp\/B0845PFTZR?tag=journaldesfemmes-21&amp;ascsubtag=2670287f4fi\"><img decoding=\"async\" src=\"https:\/\/m.media-amazon.com\/images\/I\/31lgbL3hhuL.jpg\" alt=\"Biblioth\u00e8que Azteque\"\/><\/a><\/div><figcaption>\n<h3 class=\"item_name\">Miliboo &#8211; Biblioth\u00e8que design fr\u00eane 60 cm AZTEQUE &#8211; Miliboo &amp; St\u00e9phane Plaza<\/h3>\n<ul class=\"partners_list\">\n<li>\n<p><span class=\"partner_list_logo partner_list_logo--amazon\">Amazon<\/span><\/p>\n<\/li>\n<li>\n<p><span class=\"partner_list_logo partner_list_logo--fnac\">Fnac<\/span><\/p>\n<\/li>\n<\/ul>\n<\/figcaption><\/figure>\n<ul>\n<li>Design fr\u00eane<\/li>\n<p>&#13;<\/p>\n<li>Panneaux de fibres de bois<\/li>\n<p>&#13;<\/p>\n<li>L60 x P38 x H165 cm<\/li>\n<p>&#13;\n<\/ul>\n<p>Pens\u00e9e pour s&rsquo;installer dans les petits espace gr\u00e2ce \u00e0 sa faible largeur, cette biblioth\u00e8que sera ultra pratique pour le rangement. Elle ajoutera une touche d\u00e9co de caract\u00e8re dans la pi\u00e8ce qui l&rsquo;accueille gr\u00e2ce \u00e0 son design d\u00e9structur\u00e9. Elle existe \u00e9galement en d&rsquo;autres dimensions pour r\u00e9pondre \u00e0 vos besoins.<\/p>\n<p>&#13;<br \/>\n<\/aside>\n<aside class=\"ads--insertor-avoid app_article_content\"><a id=\"tete-de-lit-galon\" name=\"tete-de-lit-galon\"\/><\/p>\n<h2 class=\"main_title\">T\u00eate de lit Galon<\/h2>\n<figure>\n<div class=\"product_picture\"><a rel=\"nofollow pass noopener noreferrer\" class=\"jBlockAmazon\" target=\"_blank\" href=\"https:\/\/www.amazon.fr\/dp\/B084RQ1ZPV?tag=journaldesfemmes-21&amp;ascsubtag=2670287f6fi\"><img decoding=\"async\" src=\"https:\/\/m.media-amazon.com\/images\/I\/51LxfSFj1xL.jpg\" alt=\"T\u00eate de lit Galon\"\/><\/a><\/div><figcaption>\n<h3 class=\"item_name\">T\u00eate de lit 160 en rotin GALON<\/h3>\n<ul class=\"partners_list\">\n<li>\n<p><span class=\"partner_list_logo partner_list_logo--amazon\">Amazon<\/span><\/p>\n<\/li>\n<li>\n<p><span class=\"partner_list_logo partner_list_logo--fnac\">Fnac<\/span><\/p>\n<\/li>\n<li>\n<p><span class=\"partner_list_logo partner_list_logo--laredoute\">La Redoute<\/span><\/p>\n<\/li>\n<\/ul>\n<\/figcaption><\/figure>\n<ul>\n<li>En rotin<\/li>\n<p>&#13;<\/p>\n<li>Pour lit en 160 cm<\/li>\n<p>&#13;<\/p>\n<li>L162 x P5 x H130 cm<\/li>\n<p>&#13;\n<\/ul>\n<p>St\u00e9phane Plaza et Myl\u00e8ne Podvin, designer Miliboo, ont cr\u00e9\u00e9 cette t\u00eate de lit \u00e0 la fois graphique et naturelle. Elle permettra de mettre en sc\u00e8ne le lit pour qu&rsquo;il devienne la pi\u00e8ce ma\u00eetresse de la chambre. Elle peut \u00eatre associ\u00e9e aux autres pi\u00e8ces de la collection Galon.<\/p>\n<p>&#13;<br \/>\n<\/aside>\n<aside class=\"ads--insertor-avoid app_article_content\"><a id=\"bibliotheque-galon\" name=\"bibliotheque-galon\"\/><\/p>\n<h2 class=\"main_title\">Biblioth\u00e8que Galon<\/h2>\n<figure>\n<div class=\"product_picture\"><a rel=\"nofollow pass noopener noreferrer\" class=\"jBlockAmazon\" target=\"_blank\" href=\"https:\/\/www.amazon.fr\/dp\/B09138MBSW?tag=journaldesfemmes-21&amp;ascsubtag=2670287f8fi\"><img decoding=\"async\" src=\"https:\/\/m.media-amazon.com\/images\/I\/31d8sPj481L.jpg\" alt=\"Biblioth\u00e8que Galon\"\/><\/a><\/div><figcaption>\n<h3 class=\"item_name\">Biblioth\u00e8que en rotin H180 cm GALON<\/h3>\n<ul class=\"partners_list\">\n<li>\n<p><span class=\"partner_list_logo partner_list_logo--amazon\">Amazon<\/span><\/p>\n<\/li>\n<li>\n<p><span class=\"partner_list_logo partner_list_logo--laredoute\">La Redoute<\/span><\/p>\n<\/li>\n<li>\n<p><span class=\"partner_list_logo partner_list_logo--fnac\">Fnac<\/span><\/p>\n<\/li>\n<\/ul>\n<\/figcaption><\/figure>\n<ul>\n<li>En rotin<\/li>\n<p>&#13;<\/p>\n<li>Style exotique<\/li>\n<p>&#13;<\/p>\n<li>L80 x P35 x H180 cm<\/li>\n<p>&#13;\n<\/ul>\n<p>Dans la collection Galon, je demande la biblioth\u00e8que ! Avec son style exotique et son inspiration r\u00e9tro, elle ne manquera pas d&rsquo;attirer l&rsquo;oeil dans votre int\u00e9rieur. Esth\u00e9tique, elle est aussi tr\u00e8s pratique gr\u00e2ce \u00e0 trois espaces de rangement ouverts et un espace de rangement avec une \u00e9tag\u00e8re ferm\u00e9e par des portes en relief. Elle r\u00e9pond aussi aux autres \u00e9l\u00e9ments de la collection.<\/p>\n<p>&#13;<br \/>\n<\/aside>\n<aside class=\"ads--insertor-avoid app_article_content\"><a id=\"table-basse-lace\" name=\"table-basse-lace\"\/><\/p>\n<h2 class=\"main_title\">Table basse Lace<\/h2>\n<figure>\n<div class=\"product_picture\"><a rel=\"nofollow pass noopener noreferrer\" class=\"jBlockAmazon\" target=\"_blank\" href=\"https:\/\/www.amazon.fr\/dp\/B07VY36X5Q?tag=journaldesfemmes-21&amp;ascsubtag=2670287f9fi\"><img decoding=\"async\" src=\"https:\/\/m.media-amazon.com\/images\/I\/31h4dZu5ZrL.jpg\" alt=\"Table basse Lace\"\/><\/a><\/div><figcaption>\n<h3 class=\"item_name\">Table d&rsquo;appoint bois et m\u00e9tal  D42 x H40 cm LACE<\/h3>\n<ul class=\"partners_list\">\n<li>\n<p><span class=\"partner_list_logo partner_list_logo--amazon\">Amazon<\/span><\/p>\n<\/li>\n<li>\n<p><span class=\"partner_list_logo partner_list_logo--laredoute\">La Redoute<\/span><\/p>\n<\/li>\n<li>\n<p><span class=\"partner_list_logo partner_list_logo--fnac\">Fnac<\/span><\/p>\n<\/li>\n<\/ul>\n<\/figcaption><\/figure>\n<ul>\n<li>En m\u00e9tal et panneaux de fibres de bois placage ch\u00eane<\/li>\n<p>&#13;<\/p>\n<li>Epaisseur plateau 1,5 cm<\/li>\n<p>&#13;<\/p>\n<li>L42 x L42 x H40 cm<\/li>\n<p>&#13;\n<\/ul>\n<p>Avec son design \u00e9tonnant, cette\u00a0table d&rsquo;appoint saura faire la diff\u00e9rence dans votre int\u00e9rieur. Moderne et graphique, elle trouve aussi bien sa place en bout de canap\u00e9 qu&rsquo;en petite table d&rsquo;appoint dans la chambre ou l&rsquo;entr\u00e9e. A noter qu&rsquo;elle existe en quatre couleurs pour s&rsquo;int\u00e9grer au mieux chez vous.<\/p>\n<p>&#13;<br \/>\n<\/aside>\n<\/div>\n<p>[ad_2]<br \/>\n<br \/><a href=\"https:\/\/deco.journaldesfemmes.fr\/styles-et-tendances\/2670287-miliboo-stephane-plaza\/\">Source link <\/a><\/p>\n","protected":false},"excerpt":{"rendered":"<p>[ad_1] Quand la marque Miliboo et le c\u00e9l\u00e8bre agent immobilier St\u00e9phane Plaza collaborent pour une collection de meubles \u00ab\u00a0Essentiels\u00a0\u00bb pour &hellip; <a href=\"https:\/\/www.affinite.fr\/index.php\/2021\/04\/04\/miliboo-et-stephane-plaza-devoilent-leur-collection-deco\/\" class=\"more-link\">Plus <span class=\"screen-reader-text\">Miliboo et St\u00e9phane Plaza d\u00e9voilent leur collection d\u00e9co<\/span> <span class=\"meta-nav\">&rarr;<\/span><\/a><\/p>\n","protected":false},"author":1,"featured_media":6175,"comment_status":"open","ping_status":"open","sticky":false,"template":"","format":"standard","meta":{"_sitemap_exclude":false,"_sitemap_priority":"","_sitemap_frequency":"","footnotes":""},"categories":[1],"tags":[],"class_list":["post-6174","post","type-post","status-publish","format-standard","has-post-thumbnail","hentry","category-tous"],"_links":{"self":[{"href":"https:\/\/www.affinite.fr\/index.php\/wp-json\/wp\/v2\/posts\/6174"}],"collection":[{"href":"https:\/\/www.affinite.fr\/index.php\/wp-json\/wp\/v2\/posts"}],"about":[{"href":"https:\/\/www.affinite.fr\/index.php\/wp-json\/wp\/v2\/types\/post"}],"author":[{"embeddable":true,"href":"https:\/\/www.affinite.fr\/index.php\/wp-json\/wp\/v2\/users\/1"}],"replies":[{"embeddable":true,"href":"https:\/\/www.affinite.fr\/index.php\/wp-json\/wp\/v2\/comments?post=6174"}],"version-history":[{"count":0,"href":"https:\/\/www.affinite.fr\/index.php\/wp-json\/wp\/v2\/posts\/6174\/revisions"}],"wp:featuredmedia":[{"embeddable":true,"href":"https:\/\/www.affinite.fr\/index.php\/wp-json\/wp\/v2\/media\/6175"}],"wp:attachment":[{"href":"https:\/\/www.affinite.fr\/index.php\/wp-json\/wp\/v2\/media?parent=6174"}],"wp:term":[{"taxonomy":"category","embeddable":true,"href":"https:\/\/www.affinite.fr\/index.php\/wp-json\/wp\/v2\/categories?post=6174"},{"taxonomy":"post_tag","embeddable":true,"href":"https:\/\/www.affinite.fr\/index.php\/wp-json\/wp\/v2\/tags?post=6174"}],"curies":[{"name":"wp","href":"https:\/\/api.w.org\/{rel}","templated":true}]}}