{"id":6170,"date":"2021-04-03T20:31:26","date_gmt":"2021-04-03T20:31:26","guid":{"rendered":"https:\/\/www.affinite.fr\/index.php\/2021\/04\/03\/debut-du-3e-confinement-la-situation-se-degrade\/"},"modified":"2021-04-03T20:31:26","modified_gmt":"2021-04-03T20:31:26","slug":"debut-du-3e-confinement-la-situation-se-degrade","status":"publish","type":"post","link":"https:\/\/www.affinite.fr\/index.php\/2021\/04\/03\/debut-du-3e-confinement-la-situation-se-degrade\/","title":{"rendered":"d\u00e9but du 3e confinement, la situation se d\u00e9grade"},"content":{"rendered":"<p> [ad_1]<br \/>\n<\/p>\n<p>\n                CORONAVIRUS DIRECT &#8211; La situation se d\u00e9grade nettement. En France, 187\u00a0d\u00e9c\u00e8s et 399\u00a0nouvelles admissions en services de r\u00e9animation ont \u00e9t\u00e9 enregistr\u00e9s ces derni\u00e8res 24\u00a0heures. Autotests, nouveaux cas de thromboses li\u00e9s au vaccin d&rsquo;AstraZeneca, tol\u00e9rance aux d\u00e9placements entre r\u00e9gions durant le week-end de P\u00e2ques pour \u00ab\u00a0s&rsquo;isoler\u00a0\u00bb. Derniers chiffres et infos.            <\/p>\n<div>\n<aside class=\"ccmsummary marqueur_module ccmcss_cms_summary ccmcss_cms_summary--right\">\n<p>\u00a0Sommaire<\/p>\n<\/aside>\n<p><strong>[Mis\u00a0\u00e0 jour le samedi 3\u00a0avril\u00a0\u00e0 21h05<\/strong><b>]<\/b>\u00a0La pand\u00e9mie s&rsquo;est acc\u00e9l\u00e9r\u00e9e en France, comme presque partout dans le monde cette semaine. Les indicateurs de l&rsquo;\u00e9pid\u00e9mie dans l&rsquo;Hexagone se sont tous d\u00e9grad\u00e9s. Au total, 96 493 personnes sont mortes des suites du Covid-19 en France depuis le d\u00e9but de l&rsquo;\u00e9pid\u00e9mie. Le nombre de patients en r\u00e9animation continue de progresser et atteint d\u00e9sormais 5 273. Face \u00e0 ces mauvais chiffres, le gouvernement a annonc\u00e9 de nouvelles <strong>restrictions <\/strong>pour tout le territoire <strong>du samedi 3 avril au 2 mai. En Ile-de-France, 6 600 gendarmes et policiers <\/strong>seront d\u00e9ploy\u00e9s ce week-end pour faire respecter les mesures<strong>.<\/strong> Toutefois, les <strong>d\u00e9placements pour aller \u00ab\u00a0s&rsquo;isoler\u00a0\u00bb dans une autre r\u00e9gion seront tol\u00e9r\u00e9s jusqu&rsquo;\u00e0 lundi\u00a0<\/strong>sur l&rsquo;ensemble de l&rsquo;hexagone. Cette <strong>d\u00e9rogation <\/strong>de d\u00e9placement sera valable en journ\u00e9e, hors p\u00e9riode de couvre-feu. <em>\u00ab\u00a0<strong>Aller f\u00eater P\u00e2ques n&rsquo;est pas un motif d\u00e9rogatoire. <\/strong>Mais si vous voulez changer de r\u00e9gion pour vous confiner, c&rsquo;est possible ce week-end, lundi inclus\u00a0\u00bb<\/em> a rappel\u00e9 le ministre d\u00e9l\u00e9gu\u00e9 aux Transports, Jean-Baptiste Djebbari, a expliqu\u00e9 vendredi sur <a href=\"https:\/\/twitter.com\/Djebbari_JB\/status\/1377898030498729985\" target=\"_blank\" rel=\"noopener noreferrer\">Twitter<\/a>.\u00a0<em>\u00ab\u00a0Apr\u00e8s la fin du week-end de P\u00e2ques, les d\u00e9placements inter-r\u00e9gionaux seront restreints \u00e0 quelques motifs imp\u00e9rieux\u00a0\u00bb,<\/em> qui incluront <em>\u00ab\u00a0les d\u00e9placements professionnels mais aussi ceux li\u00e9s \u00e0 un motif familial, comme par exemple <strong>accompagner ou aller chercher un enfant chez un parent, un grand-parent<\/strong> ou un proche\u00a0\u00bb, <\/em>a d\u00e9clar\u00e9 Jean Castex jeudi devant l&rsquo;Assembl\u00e9e nationale. En dehors de ces motifs, il faudra se d\u00e9placer uniquement dans un<strong> rayon de 10 km de son domicile<\/strong> (sans attestation)<strong>. <\/strong>Dans son dernier bulletin, <strong>Sant\u00e9 Publique France<\/strong> confirme qu&rsquo;en semaine 12\u00a0(du 22\u00a0au 28\u00a0mars 2021), <strong>l&rsquo;incidence <\/strong>des cas de Covid-19 a\u00a0<strong>augment\u00e9<\/strong>\u00a0de +12% dans toutes les classes d&rsquo;\u00e2ge, plus <strong>particuli\u00e8rement chez les 0-14\u00a0ans (+31%)<\/strong>, chez qui le d\u00e9pistage a progress\u00e9\u00a0fortement. Une <strong>moyenne de 37 000 nouveaux cas <\/strong>sont confirm\u00e9s chaque jour. La d\u00e9gradation de la situation sanitaire est observ\u00e9e dans toutes les r\u00e9gions m\u00e9tropolitaines et la tension sur le syst\u00e8me hospitalier, d\u00e9j\u00e0 tr\u00e8s forte, s&rsquo;est accentu\u00e9e en semaine 12.\u00a0Le taux hebdomadaire d&rsquo;hospitalisation a augment\u00e9 de +16% par rapport \u00e0 la semaine d&rsquo;avant et <strong>+13% en r\u00e9animation<\/strong>. Le nombre de <strong>d\u00e9c\u00e8s <\/strong>est reparti\u00a0en l\u00e9g\u00e8re <strong>hausse<\/strong> apr\u00e8s 7 semaines cons\u00e9cutives de diminution.\u00a0Les personnes les<strong> plus fragiles<\/strong> face \u00e0 cette \u00e9pid\u00e9mie restent celles \u00e2g\u00e9es de <strong>65\u00a0ans <\/strong>et plus, ainsi que celles pr\u00e9sentant des <strong>comorbidit\u00e9s<\/strong>.\u00a0<span style=\"font-size: 1rem;\">Que disent les\u00a0<\/span><a data-auth=\"NotApplicable\" href=\"https:\/\/sante.journaldesfemmes.fr\/fiches-maladies\/2667643-carte-covid-19-france-departement-zone-rouge-2021-monde-europe-rayon-10-km-incidence\/\" rel=\"noopener noreferrer\" style=\"font-size: 1rem; background-color: rgb(255, 255, 255);\" target=\"_blank\">cartes<\/a><span style=\"font-size: 1rem;\"> de suivi de l&rsquo;\u00e9pid\u00e9mie ? Quels sont les <\/span><a href=\"https:\/\/sante.journaldesfemmes.fr\/fiches-maladies\/2630075-symptomes-coronavirus-covid-19-mal-gorge-rhume-que-faire-variant-premier-apparition-nouveaux-duree\/\" style=\"font-size: 1rem; background-color: rgb(255, 255, 255);\" target=\"_blank\" rel=\"noopener noreferrer\">sympt\u00f4mes du coronavirus<\/a><span style=\"font-size: 1rem;\"> ? Quand <\/span><a href=\"https:\/\/sante.journaldesfemmes.fr\/fiches-maladies\/2621211-isolement-covid-19-coronavirus-duree-10-jours-positif-cas-contact-variant-certificat-attestation\/\" style=\"font-size: 1rem; background-color: rgb(255, 255, 255);\" target=\"_blank\" rel=\"noopener noreferrer\">s&rsquo;isoler et combien de temps<\/a><span style=\"font-size: 1rem;\"> ?\u00a0<\/span><a data-auth=\"NotApplicable\" href=\"https:\/\/sante.journaldesfemmes.fr\/fiches-maladies\/2629823-taux-de-reproduction-covid-france-coronavirus-r0-r-effectif-calcul-carte-region-evolution-aujourd-hui-definition\/\" rel=\"noopener noreferrer\" style=\"font-size: 1rem; background-color: rgb(255, 255, 255);\" target=\"_blank\">Quel est le taux de R0 du virus<\/a><span style=\"font-size: 1rem;\">\u00a0? Quand est-on <\/span><a href=\"https:\/\/sante.journaldesfemmes.fr\/fiches-maladies\/2679521-contagion-covid-19-combien-de-temps-jours-duree-asymptomatique-symptomes-incubation-contagieux\/\" style=\"font-size: 1rem; background-color: rgb(255, 255, 255);\" target=\"_blank\" rel=\"noopener noreferrer\">contagieux<\/a><span style=\"font-size: 1rem;\"> ? Que sait-on des\u00a0<\/span><a href=\"https:\/\/sante.journaldesfemmes.fr\/fiches-maladies\/2620433-vaccin-coronavirus-covid-19-pfizer-moderna-sanofi-spoutnik-johnson-astrazeneca-france-cubain\/\" style=\"font-size: 1rem; background-color: rgb(255, 255, 255);\" target=\"_blank\" rel=\"noopener noreferrer\">vaccins<\/a><span style=\"font-size: 1rem;\">\u00a0? Des\u00a0<\/span><a href=\"https:\/\/sante.journaldesfemmes.fr\/fiches-maladies\/2686947-effets-secondaires-indesirable-vaccin-covid-ansm-france-pfizer-moderna-astrazeneca-2-eme-injection\/\" style=\"font-size: 1rem; background-color: rgb(255, 255, 255);\" target=\"_blank\" rel=\"noopener noreferrer\">effets secondaires<\/a><span style=\"font-size: 1rem;\">\u00a0apr\u00e8s la vaccination ? Chiffres et infos du jour.<\/span><\/p>\n<ul>\n<li><strong>Pr\u00e8s de 7 000 forces de l&rsquo;ordre en Ile-de-France. <\/strong>La pr\u00e9fecture de Police a annonc\u00e9 <a href=\"https:\/\/twitter.com\/prefpolice\/status\/1378271543118209027\" target=\"_blank\" rel=\"noopener noreferrer\">sur Twitter<\/a> que 6 600 policiers et gendarmes seront d\u00e9ploy\u00e9s ce week-end pascal sur l&rsquo;ensemble de la r\u00e9gion francilienne afin de faire respecter les mesures de restrictions.\u00a0<\/li>\n<li><strong>Les autotests en vente en pharmacie d\u00e8s le 12\u00a0avril. <\/strong>\u00ab\u00a0A partir du 12\u00a0avril, les pharmacies pourront vendre des autotests \u00e0 ceux qui souhaitent en acheter\u00a0\u00bb, a indiqu\u00e9 le ministre des Solidarit\u00e9s et de la Sant\u00e9 Olivier V\u00e9ran dans un entretien accord\u00e9 au m\u00e9dia Brut, vendredi. Ce nouveau dispositif, autoris\u00e9 par la Haute autorit\u00e9 de sant\u00e9 (HAS) le 16\u00a0mars dernier, a pour but de faciliter\u00a0le d\u00e9pistage du Covid-19\u00a0chez le grand public.\u00a0<\/li>\n<li><strong>AstraZeneca: nouveaux cas de thromboses.<\/strong> <a href=\"https:\/\/ansm.sante.fr\/actualites\/point-de-situation-sur-la-surveillance-des-vaccins-contre-la-covid-19-periode-du-19-03-2021-au-25-03-2021\" target=\"_blank\" rel=\"noopener noreferrer\">L&rsquo;Agence nationale de s\u00e9curit\u00e9 du m\u00e9dicament et des produits de sant\u00e9 (ANSM)<\/a> a annonc\u00e9 vendredi que trois nouveaux cas de thromboses, dont deux d\u00e9c\u00e8s, sont survenus apr\u00e8s une injection du vaccin d&rsquo;AstraZeneca en France entre le 19\u00a0et le 25\u00a0mars. Depuis le d\u00e9but de la vaccination, l&rsquo;ANSM a enregistr\u00e9 \u00ab\u00a0<em>douze cas, dont quatre d\u00e9c\u00e8s au total<\/em>\u00a0\u00bb de thromboses.<\/li>\n<li><strong>Restrictions \u00e0 La R\u00e9union.<\/strong> Les bars, restaurants, lieux culturels et salles de sports sur l&rsquo;\u00eele de La R\u00e9union seront ferm\u00e9s \u00e0 compter de mardi et pour au moins 15\u00a0jours, a pr\u00e9cis\u00e9 le pr\u00e9fet de l&rsquo;\u00eele Jacques Billant. L&rsquo;\u00eele pourrait conna\u00eetre le m\u00eame confinement que la m\u00e9tropole, a-t-il pr\u00e9venu. Le taux d&rsquo;incidence est de 120\u00a0cas de contaminations pour 100.000\u00a0habitants, \u00ab\u00a0ce qui n&rsquo;\u00e9tait jamais arriv\u00e9\u00a0\u00bb, a affirm\u00e9 Xavier Deparis, directeur de l&rsquo;ARS.<\/li>\n<li><strong>Assistantes maternelles.<\/strong> Les assistantes maternelles sont autoris\u00e9es \u00e0 garder les enfants durant les prochaines semaines, a indiqu\u00e9 vendredi la Conf\u00e9d\u00e9ration des Syndicats d&rsquo;Assistants Familiaux et Assistants Maternels (CSAFAM), apr\u00e8s une d\u00e9cision prise au minist\u00e8re de la Sant\u00e9.<\/li>\n<li><strong>Professions prioritaires.<\/strong> La Caisse nationale des Allocations familiales (Cnaf) a list\u00e9 les professions consid\u00e9r\u00e9es comme prioritaires \u00e0 l&rsquo;accueil de leurs enfants en cr\u00e8ches, \u00e0 domicile o\u00f9 aupr\u00e8s d&rsquo;une assistante maternelle, sur le site <a href=\"https:\/\/monenfant.fr\/\" target=\"_blank\" rel=\"noopener noreferrer\">monenfant.fr<\/a>. Un questionnaire leur est ouvert pour recueillir leurs besoins, et un autre indique les offres d&rsquo;accueil disponible en cr\u00e8ches ou chez les assistants maternels.<\/li>\n<li><strong>Hausse des cas \u00e0 l&rsquo;\u00e9cole.<\/strong> Le nombre d&rsquo;\u00e9l\u00e8ves contamin\u00e9s a bondi au cours des sept derniers jours, passant de plus de 21\u00a0000\u00a0\u00e0 pr\u00e8s de 29\u00a0000, selon les derniers chiffres de l&rsquo;\u00c9ducation nationale. Et le nombre de fermetures de classes a \u00e9t\u00e9 multipli\u00e9 par 3,5\u00a0passant de 3\u00a0256\u00a0\u00e0 11\u00a0272. Par ailleurs, 229\u00a0\u00e9tablissements ont ferm\u00e9 contre 148\u00a0vendredi dernier, en France, depuis les annonces de Jean-Michel Blanquer vendredi dernier, de fermer une classe d\u00e8s le premier cas positif.<\/li>\n<li><strong>Motifs d\u00e9rogatoires. <\/strong>Sur Twitter, le\u00a0ministre d\u00e9l\u00e9gu\u00e9 aux Transports, Jean-Baptiste Djebbari a d\u00e9clar\u00e9 vendredi :\u00a0<em>\u00ab\u00a0<strong>Aller f\u00eater P\u00e2ques n&rsquo;est pas un motif d\u00e9rogatoire. <\/strong>Mais si vous voulez changer de r\u00e9gion pour vous confiner, c&rsquo;est possible ce week-end, lundi inclus\u00a0\u00bb<\/em>\u00a0.Il a rappel\u00e9 ensuite ces motifs :\u00a0les rendez-vous m\u00e9dicaux, les concours et examens, les d\u00e9m\u00e9nagements, les d\u00e9placements professionnels, les d\u00e9placements pour garde d&rsquo;enfants ou pour assistance \u00e0 personne vuln\u00e9rable.<\/li>\n<li><strong>De la \u00ab\u00a0souplesse\u00a0\u00bb sur les dates de cong\u00e9s au travail.<\/strong>\u00a0La ministre du Travail \u00c9lisabeth Borne<em> \u00ab\u00a0demande clairement de la souplesse aux employeurs\u00a0\u00bb\u00a0 <\/em>concernant le d\u00e9calage des dates de cong\u00e9s des salari\u00e9s suite aux nouvelles annonces de restrictions,<em>\u00a0<\/em>a-t-elle d\u00e9clar\u00e9 sur BFM-TV, vendredi. Par exemple, pour un parent de la zone C (initialement en vacances du 17\u00a0avril au 3\u00a0mai), le salari\u00e9 pourra demander d&rsquo;avancer sa semaine de cong\u00e9s si elle \u00e9tait pr\u00e9vue du 25\u00a0avril au 3\u00a0mai.<\/li>\n<li><strong>Le \u00ab\u00a0pic\u00a0\u00bb des contaminations dans 7 \u00e0 10 jours. <\/strong>Oliver V\u00e9ran a indiqu\u00e9 jeudi sur France Inter que le pic \u00e9pid\u00e9mique de la 3e vague pourrait \u00eatre atteint d&rsquo;ici \u00ab\u00a07 \u00e0 10 jours\u00a0\u00bb et deux semaines plus tard dans les services de r\u00e9animation.<\/li>\n<\/ul>\n<p>Du samedi 3 avril au soir au dimanche 2 mai, les mesures de freinage d\u00e9j\u00e0 en vigueur dans 19\u00a0d\u00e9partements seront \u00e9tendues \u00e0 tout le territoire m\u00e9tropolitain. Si les \u00e9coles ferment vendredi 3 avril,\u00a0des <strong>p\u00f4les d&rsquo;accueil vont \u00eatre mis en place dans les villes <\/strong>pour les enfants dont les <strong>deux parents font partie des professions mobilis\u00e9es pour g\u00e9rer la crise sanitaire <\/strong>(domaine m\u00e9dical, secr\u00e9tariat de pr\u00e9fecture, police, gendarmerie, personnel m\u00e9dico-social, m\u00e9dico-\u00e9ducatif, pharmacien pour la campagne de vaccination) et <strong>n&rsquo;ayant pas de solution alternative de garde.<\/strong><\/p>\n<div style=\"text-align:center\">\n<figure class=\"image\" style=\"display:inline-block\"><a class=\"fancy\" href=\"https:\/\/img-3.journaldesfemmes.fr\/_JDxfBWuELJJ0fiNp62yauWn94A=\/1080x\/smart\/e82f2d371edd49d9a73738392a675a2b\/ccmcms-jdf\/23613008.jpg\" target=\"_blank\" rel=\"noopener noreferrer\"><img decoding=\"async\" alt=\"Nouvelles restrictions en vigueur \u00e0 compter du 3 avril au soir.\" src=\"https:\/\/img-3.journaldesfemmes.fr\/4AwJ8HZL_zLK3bhaJrc38bGPdzw=\/600x\/smart\/e82f2d371edd49d9a73738392a675a2b\/ccmcms-jdf\/23613008.jpg\"\/><\/a><figcaption data-credit=\"Minist\u00e8re de la Sant\u00e9\" data-legend=\"Nouvelles restrictions en France en vigueur \u00e0 compter du 3 avril au soir.\">Nouvelles restrictions en France en vigueur \u00e0 compter du 3\u00a0avril au soir. <small>\u00a9\u00a0Minist\u00e8re de la Sant\u00e9<\/small><\/figcaption><\/figure>\n<\/div>\n<div style=\"text-align:center\">\n<figure class=\"image\" style=\"display:inline-block\"><a class=\"fancy\" href=\"https:\/\/img-3.journaldesfemmes.fr\/KuTtMf706qnr2Ne2ln11TvKQp_0=\/1080x\/smart\/3f06c04cb34446da8d5a597906ac7467\/ccmcms-jdf\/23612210.jpg\" target=\"_blank\" rel=\"noopener noreferrer\"><img decoding=\"async\" alt=\"mesure covid\" src=\"https:\/\/img-3.journaldesfemmes.fr\/DXudfHcjOXFnQ4Bf-exob_pe30U=\/600x\/smart\/3f06c04cb34446da8d5a597906ac7467\/ccmcms-jdf\/23612210.jpg\"\/><\/a><figcaption data-credit=\"Minist\u00e8re de l'Education nationale\" data-legend=\"Mesures pour les \u00e9coles \u00e0 partir du 5 avril 2021\">Mesures pour les \u00e9coles \u00e0 partir du 5\u00a0avril 2021 <small>\u00a9\u00a0Minist\u00e8re de l&rsquo;Education nationale<\/small><\/figcaption><\/figure>\n<\/div>\n<figure class=\"image\" style=\"float:right\"><a class=\"fancy\" href=\"https:\/\/img-3.journaldesfemmes.fr\/lJsuMFDJcU5AVjj_Fdoh_YVffH0=\/1080x\/smart\/cc5cadcbd610442ab527c9f02e1b86d6\/ccmcms-jdf\/23619910.jpg\" target=\"_blank\" rel=\"noopener noreferrer\"><img decoding=\"async\" alt=\"covid incidence\" src=\"https:\/\/img-3.journaldesfemmes.fr\/oHizmqULZVKboCyp6CHil9wYoIQ=\/450x\/smart\/cc5cadcbd610442ab527c9f02e1b86d6\/ccmcms-jdf\/23619910.jpg\"\/><\/a><figcaption data-credit=\"AFP\" data-legend=\"Carte de l'incidence du Covid en France\">Carte de l&rsquo;incidence du Covid en France <small>\u00a9\u00a0AFP<\/small><\/figcaption><\/figure>\n<p>Du<strong>\u00a0samedi 3\u00a0avril et jusqu&rsquo;au 2\u00a0mai sur tout le territoire fran\u00e7ais :\u00a0<\/strong><\/p>\n<ul>\n<li>Seuls les commerces de premi\u00e8re n\u00e9cessit\u00e9 peuvent ouvrir (voir plus bas).<\/li>\n<li>Les d\u00e9placements sont autoris\u00e9s dans une limite de 10\u00a0km, sans limite de dur\u00e9e et sans motif \u00e0 justifier par une attestation.<\/li>\n<li>Le couvre-feu est appliqu\u00e9 de 19h \u00e0 6h du matin.\u00a0<\/li>\n<li>Les cr\u00e8ches, \u00e9coles maternelles, \u00e9l\u00e9mentaires,\u00a0les coll\u00e8ges et lyc\u00e9es\u00a0seront ferm\u00e9s.<\/li>\n<li>Les cours en \u00e9coles maternelles, \u00e9l\u00e9mentaires, coll\u00e8ges et lyc\u00e9es seront organis\u00e9s \u00e0 distance pendant une semaine, \u00e0 compter de vendredi 2\u00a0avril.<\/li>\n<li>A partir du 12\u00a0avril, la France m\u00e9tropolitaine, quelle que soit la zone, sera plac\u00e9e en vacances de printemps. La rentr\u00e9e aura lieu\u00a0le 26\u00a0avril\u00a0: physiquement pour les maternelles et les primaires, \u00e0 distance pour les coll\u00e8ges et les lyc\u00e9es. Le 3\u00a0mai, les coll\u00e9giens et les lyc\u00e9ens pourront retrouver physiquement leur \u00e9tablissement, le cas \u00e9ch\u00e9ant avec des jauges adapt\u00e9es.<\/li>\n<li>Les universit\u00e9s et enseignements sup\u00e9rieurs continuent \u00e0 fonctionner selon le rythme en vigueur\u00a0: ils peuvent continuer durant toute la p\u00e9riode de confinement \u00e0 se rendre \u00e0 l&rsquo;universit\u00e9 pour une journ\u00e9e de cours par semaine.<\/li>\n<li>Les lieux de culte restent accessibles dans les m\u00eames conditions. Les fid\u00e8les doivent respecter une r\u00e8gle d&rsquo;un si\u00e8ge sur trois et d&rsquo;une rang\u00e9e sur deux pour y assister.<\/li>\n<li>Les d\u00e9placements inter-r\u00e9gionaux sont interdits sauf motifs imp\u00e9rieux ou professionnels.<\/li>\n<li>La consommation d&rsquo;alcool dans la rue est interdite.<\/li>\n<li>Toutes les activit\u00e9s, tous les \u00e9tablissements, tous les \u00e9quipements qui sont aujourd&rsquo;hui ferm\u00e9s, le resteront encore au cours des prochaines semaines<strong>.<\/strong>\u00a0C&rsquo;est le cas des<strong> cin\u00e9mas, des th\u00e9\u00e2tres, des salles de spectacle, des \u00e9quipements sportifs ou de loisirs.<\/strong> C&rsquo;est \u00e9galement le cas pour les bars et les restaurants.<\/li>\n<\/ul>\n<p>Un <strong>couvre-feu s&rsquo;applique de 19h \u00e0 6h<\/strong> et des mesures renforc\u00e9es sont en vigueur tous les jours de la<strong> semaine de 6h \u00e0 19h <\/strong>sur l&rsquo;ensemble du territoire m\u00e9tropolitain du 3 avril au 2 mai. L&rsquo;attestation est <strong>obligatoire sur ces cr\u00e9neaux pour les d\u00e9placements de plus de 10\u00a0km.<\/strong> Les d\u00e9placements entre r\u00e9gions sont interdits sauf motif imp\u00e9rieux.<\/p>\n<p>&gt; <a href=\"https:\/\/media.interieur.gouv.fr\/attestation-deplacement-derogatoire-covid-19\/\" target=\"_blank\" rel=\"noopener noreferrer\">T\u00e9l\u00e9charger\/Remplir l&rsquo;attestation<\/a>\u00a0<\/p>\n<p><strong>Sont des motifs d\u00e9rogatoires\u00a0:<\/strong><\/p>\n<ul>\n<li>Les rendez-vous m\u00e9dicaux<\/li>\n<li>Les concours et examens<\/li>\n<li>Les d\u00e9m\u00e9nagements<\/li>\n<li>Les d\u00e9placements professionnels<\/li>\n<li>Les d\u00e9placements pour garde d&rsquo;enfants ou pour assistance \u00e0 personne vuln\u00e9rable.<\/li>\n<\/ul>\n<table align=\"right\" border=\"1\" cellpadding=\"1\" cellspacing=\"1\" style=\"width:50%;\">\n<thead>\n<tr>\n<th scope=\"col\">\n<p>Moins de 10\u00a0km\u00a0: pas d&rsquo;attestation (carte d&rsquo;identit\u00e9 ou justificatif de domicile).<\/p>\n<p>Plus de 10\u00a0km\u00a0: attestation + motif d\u00e9rogatoire<\/p>\n<\/th>\n<\/tr>\n<\/thead>\n<tbody\/><\/table>\n<p>Le minist\u00e8re de l&rsquo;\u00c9conomie, des Finances et de la Relance a allong\u00e9 la liste des commerces jug\u00e9s essentiels et qui peuvent \u00eatre ouverts dans le cadre des mesures renforc\u00e9es qui s&rsquo;appliquent, \u00e0 partir du 3\u00a0avril 2021, \u00e0 tout le territoire :\u00a0<a href=\"https:\/\/www.gouvernement.fr\/mesures-renforcees-la-liste-des-commerces-autorises-a-ouvrir\" target=\"_blank\" rel=\"noopener noreferrer\">Liste des commerces pouvant ouvrir<\/a>.<\/p>\n<p><strong>Selon les derniers chiffres publi\u00e9s par <a href=\"https:\/\/www.gouvernement.fr\/info-coronavirus\/carte-et-donnees\" target=\"_blank\" rel=\"noopener noreferrer\">le gouvernement<\/a>,\u00a0au samedi 3 avril<\/strong><strong>, en France\u00a0:<\/strong><\/p>\n<p>\u2022 4 741 759\u00a0personnes ont \u00e9t\u00e9 contamin\u00e9es par le coronavirus\u00a0<strong>(+46 677\u00a0<\/strong><strong>en 24\u00a0heures)\u00a0<\/strong>au<strong> vendredi 2 avril. <\/strong>Exceptionnellement, le nombre de nouvelles contaminations sur les derni\u00e8res 24 heures n&rsquo;est\u00a0pas disponible en raison d'\u00a0\u00bb<em>un incident sur le flux des donn\u00e9es<\/em>\u00ab\u00a0, a indiqu\u00e9 Sant\u00e9 Publique France ce samedi.<\/p>\n<p>\u2022 96 493\u00a0personnes sont d\u00e9c\u00e9d\u00e9es en France\u00a0<strong>(+187\u00a0en 24\u00a0heures),<\/strong><strong>\u00a0<\/strong>dont 70 417\u00a0\u00e0 l&rsquo;h\u00f4pital, au <strong>samedi 3\u00a0avril, <\/strong>auxquels se\u00a0sont ajout\u00e9s 32 d\u00e9c\u00e8s en Ephad et ESMS entre\u00a0le 30\u00a0mars et le 2 avril.\u00a0<\/p>\n<p>\u2022<strong>\u00a05\u00a0273 patients Covid-19\u00a0sont en r\u00e9animation<\/strong> (+19 en 24\u00a0heures) au <strong>samedi 3 avril<\/strong>.<\/p>\n<p>\u2022 28\u00a0886 patients Covid-19 \u00e9taient\u00a0hospitalis\u00e9s (+157 en 24\u00a0heures) au <strong>samedi 3\u00a0avril<\/strong>.<\/p>\n<blockquote>\n<p><iframe loading=\"lazy\" height=\"600\" src=\"https:\/\/geodes.santepubliquefrance.fr\/?view=map2&amp;indics=sp_ti_tp_7j.tx_pe_gliss&amp;serie=2021-02-15-2021-02-21&amp;lang=fr&amp;iframe=1\" width=\"600\"><\/iframe><\/p>\n<\/blockquote>\n<p>Dans son dernier bilan hebdomadaire du 1er avril, <a href=\"https:\/\/www.santepubliquefrance.fr\/maladies-et-traumatismes\/maladies-et-infections-respiratoires\/infection-a-coronavirus\/documents\/bulletin-national\/covid-19-point-epidemiologique-du-1er-avril-2021\" target=\"_blank\" rel=\"noopener noreferrer\">Sant\u00e9 Publique France<\/a> confirme la d\u00e9gradation de tous les indicateurs \u00e9pid\u00e9miologiques pour la semaine du 22 au 28 mars :<\/p>\n<ul>\n<li><strong>L&rsquo;incidence <\/strong>des cas de Covid-19\u00a0a\u00a0<strong>augment\u00e9<\/strong>\u00a0de +12% dans toutes les classes d&rsquo;\u00e2ge, plus <strong>particuli\u00e8rement chez les 0-14\u00a0ans (+31%<\/strong>.<\/li>\n<li>Une <strong>moyenne de 37\u00a0000\u00a0nouveaux cas <\/strong>sont confirm\u00e9s chaque jour.<\/li>\n<li>La d\u00e9gradation de la situation sanitaire est observ\u00e9e dans toutes les r\u00e9gions m\u00e9tropolitaines et la tension sur le syst\u00e8me hospitalier, d\u00e9j\u00e0 tr\u00e8s forte, s&rsquo;est accentu\u00e9e en semaine 12.\u00a0<\/li>\n<li>Le <strong>taux hebdomadaire d&rsquo;hospitalisation a augment\u00e9 de +16% <\/strong>par rapport \u00e0 la semaine d&rsquo;avant et <strong>+13% en r\u00e9animation<\/strong>.<\/li>\n<li>Augmentation du nombre de cas et des hospitalisations chez les personnes de 75\u00a0ans et plus<\/li>\n<\/ul>\n<h3 style=\"text-align: center;\">\u00c9volution des taux d&rsquo;incidence et taux de d\u00e9pistage par semaine, depuis la semaine 23-2020, France (donn\u00e9es au 1er avril\u00a02021)<\/h3>\n<div style=\"text-align:center\">\n<figure class=\"image\" style=\"display:inline-block\"><a class=\"fancy\" href=\"https:\/\/img-3.journaldesfemmes.fr\/AEp5cRVRBHsXzm_foDlhWyVWBsE=\/1080x\/smart\/1327384583234d359fcc77df8cef4585\/ccmcms-jdf\/23645876.jpg\"><img decoding=\"async\" alt=\"\u00c9volution des taux d\u2019incidence et taux de d\u00e9pistage covid france\" src=\"https:\/\/img-3.journaldesfemmes.fr\/5u0MsFDNbHndv_i4z16BZAS9HuE=\/600x\/smart\/1327384583234d359fcc77df8cef4585\/ccmcms-jdf\/23645876.jpg\"\/><\/a><figcaption data-credit=\"Sant\u00e9 Publique France\" data-legend=\"6. \u00c9volution des taux d\u2019incidence et de d\u00e9pistage par semaine, depuis la semaine 23-2020, France (donn\u00e9es au 1 er avril 2021)\">6. \u00c9volution des taux d\u2019incidence et de d\u00e9pistage par semaine, depuis la semaine 23-2020, France (donn\u00e9es au 1 er avril 2021) <small>\u00a9\u00a0Sant\u00e9 Publique France<\/small><\/figcaption><\/figure>\n<\/div>\n<p>Le gouvernement suit \u00e9galement l&rsquo;\u00e9volution du taux d&rsquo;occupation des lits en r\u00e9animation par des patients Covid-19 (sur les capacit\u00e9s initiales). Ce taux met en lumi\u00e8re une \u00e9ventuelle tension hospitali\u00e8re.\u00a0<\/p>\n<div style=\"text-align:center\">\n<figure class=\"image\" style=\"display:inline-block\"><a class=\"fancy\" href=\"https:\/\/img-3.journaldesfemmes.fr\/4QoscacHTfc-l9foGD-0QtGPtyQ=\/1080x\/smart\/a358f6190b5746c19e1ceb89657a78b8\/ccmcms-jdf\/23660343.png\"><img decoding=\"async\" alt=\"Taux d'occupation des lits en r\u00e9animation au 2 avril par des patients Covid-19\" src=\"https:\/\/img-3.journaldesfemmes.fr\/PIXTGdaXFIAKDpouOFmRT0dPpu0=\/450x\/smart\/a358f6190b5746c19e1ceb89657a78b8\/ccmcms-jdf\/23660343.png\"\/><\/a><figcaption data-credit=\"Gouvernement.fr\" data-legend=\"Taux d'occupation des lits en r\u00e9animation au 2 avril par des patients Covid-19\">Taux d&rsquo;occupation des lits en r\u00e9animation au 2 avril par des patients Covid-19 <small>\u00a9\u00a0Gouvernement.fr<\/small><\/figcaption><\/figure>\n<\/div>\n<p>\u2192 Le\u00a0<strong>pic \u00e9pid\u00e9mique<\/strong>\u00a0de la premi\u00e8re vague a \u00e9t\u00e9 observ\u00e9 la\u00a0<strong>semaine du 6\u00a0au 12\u00a0avril 2020<\/strong>, soit 15\u00a0jours\u00a0apr\u00e8s la mise en \u0153uvre des mesures de confinement de la population g\u00e9n\u00e9rale, le 17\u00a0mars 2020.<\/p>\n<p>\u2192 Le <strong>pic de la deuxi\u00e8me vague <\/strong>a eu lieu\u00a0du <strong>16\u00a0au 20\u00a0novembre,\u00a0<\/strong>trois semaines apr\u00e8s le deuxi\u00e8me confinement.<\/p>\n<blockquote>\n<p style=\"text-align: right;\">Le taux de d\u00e9pistage est en forte augmentation chez les 0-14\u00a0ans (+41%).<\/p>\n<\/blockquote>\n<p>Au vendredi 2\u00a0avril\u00a02021, un total de<strong>\u00a04 741 759\u00a0<\/strong><strong>cas\u00a0confirm\u00e9s\u00a0<\/strong>de coronavirus est rapport\u00e9 depuis le d\u00e9but de la pand\u00e9mie.<\/p>\n<p><strong>Sur la semaine 12 (22-28\u00a0mars) :<\/strong><\/p>\n<ul>\n<li>Les nouveaux cas de Covid ont augment\u00e9 de +12%.<\/li>\n<li>Le<strong> taux d&rsquo;incidence<\/strong> \u00e9tait en forte hausse dans toutes les classes d&rsquo;\u00e2ge. L&rsquo;augmentation la plus importante \u00e9tait observ\u00e9e chez les 0-14\u00a0ans (+31%), suivis par les 15-44\u00a0ans (+22%), les 45-64\u00a0ans (+21%), les 65-74\u00a0ans (+16%) et les 75\u00a0ans et plus (+13%).<\/li>\n<li>Le<strong> taux de d\u00e9pistage<\/strong> \u00e9tait en forte augmentation par rapport \u00e0 la semaine 11\u00a0dans toutes les classes d&rsquo;\u00e2ge. L&rsquo;augmentation la plus importante \u00e9tait observ\u00e9e chez les 0-14\u00a0ans (+30%), les 15-44\u00a0ans (+18%), les 45-64\u00a0ans (+16%), les 65-74\u00a0ans (+12%) et les 75\u00a0ans et plus (+7%) (Figure 7b).<\/li>\n<li>Le<strong> taux de positivit\u00e9<\/strong> des personnes test\u00e9es \u00e9tait en en l\u00e9g\u00e8re augmentation par rapport \u00e0 S11\u00a0dans toutes les classes d&rsquo;\u00e2ge, sauf pour les 0-14\u00a0ans o\u00f9 il restait stable \u00e0 6,2%.<\/li>\n<\/ul>\n<h3 style=\"text-align: center;\">NNombre incident de cas confirm\u00e9s de COVID-19\u00a0par semaine (date de pr\u00e9l\u00e8vement) rapport\u00e9s \u00e0 Sant\u00e9 publique France du 11\u00a0mai 2020\u00a0au 28\u00a0mars 2021, France (donn\u00e9es au 1\u00a0er avril 2021)<\/h3>\n<div style=\"text-align:center\">\n<figure class=\"image\" style=\"display:inline-block\"><a class=\"fancy\" href=\"https:\/\/img-3.journaldesfemmes.fr\/XlMOpKz0xP-aRR6LU0dbJpQ_nv8=\/1080x\/smart\/5b1f2b48ff8f4b328937bc989276b0f3\/ccmcms-jdf\/23645835.jpg\"><img decoding=\"async\" alt=\"courbe cas covid france\" src=\"https:\/\/img-3.journaldesfemmes.fr\/Dm1_lz1fFULUylqbRsz-XP3namU=\/600x\/smart\/5b1f2b48ff8f4b328937bc989276b0f3\/ccmcms-jdf\/23645835.jpg\"\/><\/a><figcaption data-credit=\"Sant\u00e9 publique France\" data-legend=\"Nombre incident de cas confirm\u00e9s de COVID-19 par semaine (date de pr\u00e9l\u00e8vement) rapport\u00e9s \u00e0 Sant\u00e9 publique France du 11 mai 2020 au 28 mars 2021, France (donn\u00e9es au 1 er avril 2021)\">Nombre incident de cas confirm\u00e9s de COVID-19 par semaine (date de pr\u00e9l\u00e8vement) rapport\u00e9s \u00e0 Sant\u00e9 publique France du 11 mai 2020 au 28 mars 2021, France (donn\u00e9es au 1 er avril 2021) <small>\u00a9\u00a0Sant\u00e9 publique France<\/small><\/figcaption><\/figure>\n<\/div>\n<h3 style=\"text-align: center;\">\u00c9volution du taux d&rsquo;incidence Covid-19 sur une semaine glissante du 21 au 27 mars &#8211; tous \u00e2ges<\/h3>\n<div style=\"text-align:center\">\n<figure class=\"image\" style=\"display:inline-block\"><a class=\"fancy\" href=\"https:\/\/img-3.journaldesfemmes.fr\/2HeJk6r314Zl8WTJb-5IUytVnzE=\/1080x\/smart\/6042391aef38405cbffc649ed84b2f29\/ccmcms-jdf\/23593192.jpg\"><img decoding=\"async\" alt=\"Taux d'incidence covid - hebdomadaire - tous \u00e2ges\" src=\"https:\/\/img-3.journaldesfemmes.fr\/2HeJk6r314Zl8WTJb-5IUytVnzE=\/1080x\/smart\/6042391aef38405cbffc649ed84b2f29\/ccmcms-jdf\/23593192.jpg\"\/><\/a><figcaption data-credit=\"G\u00e9odes\" data-legend=\"Taux d'incidence Covid-19 - hebdomadaire - tous \u00e2ges \">Taux d&rsquo;incidence Covid-19 &#8211; hebdomadaire &#8211; tous \u00e2ges <small>\u00a9\u00a0G\u00e9odes<\/small><\/figcaption><\/figure>\n<\/div>\n<p>Vendredi 2\u00a0avril,<strong>\u00a046 677\u00a0nouvelles personnes<\/strong>\u00a0ont re\u00e7u un test positif au Covid-19 par rapport \u00e0 la veille.<\/p>\n<h3 style=\"text-align: center;\">Taux d&rsquo;incidence &#8211; quotidien &#8211; tous \u00e2ges jusqu&rsquo;au 27 mars<\/h3>\n<div style=\"text-align:center\">\n<figure class=\"image\" style=\"display:inline-block\"><a class=\"fancy\" href=\"https:\/\/img-3.journaldesfemmes.fr\/hB1yY3ETpYintFClsLn5eDg5M9A=\/1080x\/smart\/d3ebeeacefc846189e8c2fe0d7be13b1\/ccmcms-jdf\/23593272.jpg\"><img decoding=\"async\" alt=\"Taux d'incidence - quotidien - tous \u00e2ges\" src=\"https:\/\/img-3.journaldesfemmes.fr\/hB1yY3ETpYintFClsLn5eDg5M9A=\/1080x\/smart\/d3ebeeacefc846189e8c2fe0d7be13b1\/ccmcms-jdf\/23593272.jpg\"\/><\/a><figcaption data-credit=\"G\u00e9odes\" data-legend=\"Taux d'incidence - quotidien - tous \u00e2ges jusqu'au 27 mars\">Taux d&rsquo;incidence &#8211; quotidien &#8211; tous \u00e2ges jusqu&rsquo;au 27 mars <small>\u00a9\u00a0G\u00e9odes<\/small><\/figcaption><\/figure>\n<\/div>\n<p><strong>Samedi 3\u00a0avril, 5 273 personnes sont\u00a0hospitalis\u00e9es\u00a0en\u00a0r\u00e9animation (+19 au cours des derni\u00e8res 24 heures).<\/strong>\u00a0Le\u00a0nombre de patients COVID-19\u00a0hospitalis\u00e9s en France est tr\u00e8s \u00e9lev\u00e9 et en progression sur la semaine du 15 au 21 mars.<strong> <\/strong><\/p>\n<p><strong>Sur la semaine du 22-28\u00a0mars :\u00a0<\/strong><\/p>\n<ul>\n<li>Le\u00a0taux hebdomadaire d&rsquo;hospitalisations et le taux d&rsquo;admissions en services de soins critiques ont augment\u00e9 respectivement de 16% et 13% par rapport \u00e0 la semaine pr\u00e9c\u00e9dente.<\/li>\n<li>En France m\u00e9tropolitaine, le taux d&rsquo;admission en services de soins critiques \u00e9tait en augmentation dans toutes les r\u00e9gions, except\u00e9 en Bourgogne-Franche-Comt\u00e9 (-15%), en Nouvelle-Aquitaine (-6%) et en Corse (-50%, soit -3\u00a0admissions). Une part de l&rsquo;augmentation des admissions en services de soins critiques dans les r\u00e9gions Pays de la Loire (+46%), Occitanie (+37%) et Bretagne (+33%), est attribuable aux \u00e9vacuations sanitaires en provenance de Provence-Alpes-C\u00f4te d&rsquo;Azur, Hauts-de-France et \u00cele-de-France.<\/li>\n<li><strong>Les plus forts taux hebdomadaires d&rsquo;admission en services de soins critiques<\/strong> en m\u00e9tropole \u00e9taient encore rapport\u00e9s en<strong> \u00cele-de-France (7,4\/100\u00a0000\u00a0habitants), Hauts-de-France (5,8), et Provence-Alpes-C\u00f4te d&rsquo;Azur (5,3).<\/strong><\/li>\n<\/ul>\n<div style=\"text-align:center\">\n<figure class=\"image\" style=\"display:inline-block\"><a class=\"fancy\" href=\"https:\/\/img-3.journaldesfemmes.fr\/G-qxDz-G7CpqJc9xkKvNhtDckZw=\/1080x\/smart\/fc5d01b8a30c463ba6c592476e4cb40f\/ccmcms-jdf\/23646078.jpg\"><img decoding=\"async\" alt=\"Nombre de patients COVID-19 en services de r\u00e9animation, par date de d\u00e9claration, depuis le 23 mars 2020, France (donn\u00e9es au 16 mars 2021)\" src=\"https:\/\/img-3.journaldesfemmes.fr\/ae_ziWxgaZ8UBjl7QXUkxHPnifc=\/600x\/smart\/fc5d01b8a30c463ba6c592476e4cb40f\/ccmcms-jdf\/23646078.jpg\"\/><\/a><figcaption data-credit=\"Sant\u00e9 publique France\" data-legend=\"Nombre de patients COVID-19 en services de soins critiques, par date de d\u00e9claration, depuis le 23 mars 2020, France (donn\u00e9es au 30 mars 2021)\">Nombre de patients COVID-19 en services de soins critiques, par date de d\u00e9claration, depuis le 23 mars 2020, France (donn\u00e9es au 30 mars 2021) <small>\u00a9\u00a0Sant\u00e9 publique France<\/small><\/figcaption><\/figure>\n<\/div>\n<p>Selon les <a href=\"https:\/\/www.gouvernement.fr\/info-coronavirus\/carte-et-donnees\" target=\"_blank\" rel=\"noopener noreferrer\">chiffres communiqu\u00e9s par le gouvernement<\/a>, consolid\u00e9s avec l&rsquo;Agence Sant\u00e9 Publique France et\u00a0les ARS (Agences r\u00e9gionales de Sant\u00e9), voici l&rsquo;\u00e9volution des hospitalisations (dont la r\u00e9animation) et des d\u00e9c\u00e8s\u00a0en France par r\u00e9gion.<\/p>\n<h3><a id=\"cas-covid-19-tableau-par-region\" name=\"cas-covid-19-tableau-par-region\">Evolution des hospitalisations (dont en r\u00e9animation) et d\u00e9c\u00e8s \u00e0 l&rsquo;h\u00f4pital du Covid-19\u00a0par r\u00e9gion au 2\u00a0avril<\/a><\/h3>\n<table border=\"1\" cellpadding=\"1\" cellspacing=\"1\" style=\"width:100%;\">\n<thead>\n<tr>\n<th scope=\"col\" style=\"width: 199px;\">R\u00e9gions<\/th>\n<th scope=\"col\" style=\"width: 162px; text-align: center;\">Hospitalisations en cours<\/th>\n<th scope=\"col\" style=\"width: 143px; text-align: center;\">Evolution des nouveaux patients sur les\u00a0 derni\u00e8res 24\u00a0H<\/th>\n<th scope=\"col\" style=\"width: 149px; text-align: center;\">R\u00e9animation Soins intensif<\/th>\n<th scope=\"col\" style=\"width: 155px; text-align: center;\">Evolution des nouveaux patients sur les\u00a0 derni\u00e8res 24\u00a0H<\/th>\n<th scope=\"col\" style=\"width: 220px; text-align: center;\">D\u00e9c\u00e8s<\/th>\n<\/tr>\n<tr>\n<td style=\"width: 199px;\"><b>\u00cele-de-France<\/b><\/td>\n<td style=\"width: 162px;\">7 455<\/td>\n<td style=\"width: 143px;\">+19<\/td>\n<td style=\"width: 149px;\">1 613<\/td>\n<td style=\"width: 155px;\">+22<\/td>\n<td style=\"width: 220px;\">16 923<\/td>\n<\/tr>\n<tr>\n<td style=\"width: 199px;\"><strong>Grand Est<\/strong><\/td>\n<td style=\"width: 162px;\">2 475<\/td>\n<td style=\"width: 143px;\">-10<\/td>\n<td style=\"width: 149px;\">449<\/td>\n<td style=\"width: 155px;\">-18<\/td>\n<td style=\"width: 220px;\">8 911<\/td>\n<\/tr>\n<tr>\n<td style=\"width: 199px;\"><strong>Auvergne-Rh\u00f4ne-Alpes<\/strong><\/td>\n<td style=\"width: 162px;\">3 437<\/td>\n<td style=\"width: 143px;\">-57<\/td>\n<td style=\"width: 149px;\">552<\/td>\n<td style=\"width: 155px;\">-11<\/td>\n<td style=\"width: 220px;\">10 016<\/td>\n<\/tr>\n<tr>\n<td style=\"width: 199px;\"><strong>Hauts-de-France<\/strong><\/td>\n<td style=\"width: 162px;\">3 489<\/td>\n<td style=\"width: 143px;\">+74<\/td>\n<td style=\"width: 149px;\">651<\/td>\n<td style=\"width: 155px;\">+13<\/td>\n<td style=\"width: 220px;\">7 367<\/td>\n<\/tr>\n<tr>\n<td style=\"width: 199px;\"><strong>Bourgogne-Franche-Comt\u00e9<\/strong><\/td>\n<td style=\"width: 162px;\">1 275<\/td>\n<td style=\"width: 143px;\">+12<\/td>\n<td style=\"width: 149px;\">\n<p>161<\/p>\n<\/td>\n<td style=\"width: 155px;\">+5<\/td>\n<td style=\"width: 220px;\">4 133<\/td>\n<\/tr>\n<tr>\n<td style=\"width: 199px;\"><strong>Provence-Alpes-C\u00f4te d&rsquo;Azur<\/strong><\/td>\n<td style=\"width: 162px;\">3 138<\/td>\n<td style=\"width: 143px;\">-25<\/td>\n<td style=\"width: 149px;\">534<\/td>\n<td style=\"width: 155px;\">-10<\/td>\n<td style=\"width: 220px;\">6 745<\/td>\n<\/tr>\n<tr>\n<td style=\"width: 199px;\"><strong>Occitanie<\/strong><\/td>\n<td style=\"width: 162px;\">1 651<\/td>\n<td style=\"width: 143px;\">+57<\/td>\n<td style=\"width: 149px;\">335<\/td>\n<td style=\"width: 155px;\">+18<\/td>\n<td style=\"width: 220px;\">3 638<\/td>\n<\/tr>\n<tr>\n<td style=\"width: 199px;\"><strong>Bretagne<\/strong><\/td>\n<td style=\"width: 162px;\">781<\/td>\n<td style=\"width: 143px;\">+4<\/td>\n<td style=\"width: 149px;\">118<\/td>\n<td style=\"width: 155px;\">-2<\/td>\n<td style=\"width: 220px;\">1 331<\/td>\n<\/tr>\n<tr>\n<td style=\"width: 199px;\"><strong>Nouvelle-Aquitaine<\/strong><\/td>\n<td style=\"width: 162px;\">1 161<\/td>\n<td style=\"width: 143px;\">-12<\/td>\n<td style=\"width: 149px;\">228<\/td>\n<td style=\"width: 155px;\">-9<\/td>\n<td style=\"width: 220px;\">3 189<\/td>\n<\/tr>\n<tr>\n<td style=\"width: 199px;\"><strong><a href=\"https:\/\/www.affinite.fr\/index.php\/2024\/11\/21\/construire-votre-maison-en-normandie\/\">Normandie<\/a><\/strong><\/td>\n<td style=\"width: 162px;\">1 500<\/td>\n<td style=\"width: 143px;\">\n<p>+3<\/p>\n<\/td>\n<td style=\"width: 149px;\">198<\/td>\n<td style=\"width: 155px;\">+12<\/td>\n<td style=\"width: 220px;\">2 646<\/td>\n<\/tr>\n<tr>\n<td style=\"width: 199px;\"><strong>Centre Val-de-Loire<\/strong><\/td>\n<td style=\"width: 162px;\">1 044<\/td>\n<td style=\"width: 143px;\">+24<\/td>\n<td style=\"width: 149px;\">176<\/td>\n<td style=\"width: 155px;\">+9<\/td>\n<td style=\"width: 220px;\">2 248<\/td>\n<\/tr>\n<tr>\n<td style=\"width: 199px;\"><strong>Pays de la Loire<\/strong><\/td>\n<td style=\"width: 162px;\">866<\/td>\n<td style=\"width: 143px;\">-6<\/td>\n<td style=\"width: 149px;\">124<\/td>\n<td style=\"width: 155px;\">-10<\/td>\n<td style=\"width: 220px;\">2 292<\/td>\n<\/tr>\n<tr>\n<td style=\"width: 199px;\"><strong>Corse<\/strong><\/td>\n<td style=\"width: 162px;\">87<\/td>\n<td style=\"width: 143px;\">+1<\/td>\n<td style=\"width: 149px;\">15<\/td>\n<td style=\"width: 155px;\">+2<\/td>\n<td style=\"width: 220px;\">170<\/td>\n<\/tr>\n<tr>\n<td style=\"width: 199px;\"><strong>Martinique<\/strong><\/td>\n<td style=\"width: 162px;\">76<\/td>\n<td style=\"width: 143px;\">-3<\/td>\n<td style=\"width: 149px;\">19<\/td>\n<td style=\"width: 155px;\">NC<\/td>\n<td style=\"width: 220px;\">54<\/td>\n<\/tr>\n<tr>\n<td style=\"width: 199px;\"><strong>Guadeloupe<\/strong><\/td>\n<td style=\"width: 162px;\">81<\/td>\n<td style=\"width: 143px;\">-21<\/td>\n<td style=\"width: 149px;\">15<\/td>\n<td style=\"width: 155px;\">+2<\/td>\n<td style=\"width: 220px;\">202<\/td>\n<\/tr>\n<tr>\n<td style=\"width: 199px;\"><strong>La R\u00e9union<\/strong><\/td>\n<td style=\"width: 162px;\">162<\/td>\n<td style=\"width: 143px;\">+3<\/td>\n<td style=\"width: 149px;\">47<\/td>\n<td style=\"width: 155px;\">+2<\/td>\n<td style=\"width: 220px;\">129<\/td>\n<\/tr>\n<tr>\n<td style=\"width: 199px;\"><strong>Guyane<\/strong><\/td>\n<td style=\"width: 162px;\">20<\/td>\n<td style=\"width: 143px;\">-1<\/td>\n<td style=\"width: 149px;\">\n<p>6<\/p>\n<\/td>\n<td style=\"width: 155px;\">NC<\/td>\n<td style=\"width: 220px;\">89<\/td>\n<\/tr>\n<tr>\n<td style=\"width: 199px;\"><strong>Mayotte<\/strong><\/td>\n<td style=\"width: 162px;\">31<\/td>\n<td style=\"width: 143px;\">-5<\/td>\n<td style=\"width: 149px;\">13<\/td>\n<td style=\"width: 155px;\">\n<p>NC<\/p>\n<\/td>\n<td style=\"width: 220px;\">121<\/td>\n<\/tr>\n<tr>\n<td style=\"width: 199px;\"><strong>TOTAL<\/strong><\/td>\n<td style=\"width: 162px;\"><strong>28 729<\/strong><\/td>\n<td style=\"width: 143px;\">+57<\/td>\n<td style=\"width: 149px;\"><b>5 254<\/b><\/td>\n<td style=\"width: 155px;\">+25<\/td>\n<td style=\"width: 220px;\">\n<p><b>70 204<\/b><\/p>\n<\/td>\n<\/tr>\n<\/thead>\n<\/table>\n<p><strong>96 493\u00a0d\u00e9c\u00e8s sont recens\u00e9s au 3\u00a0avril\u00a0<\/strong>dont 70 417\u00a0\u00e0 l&rsquo;h\u00f4pital\u00a0(+187 au cours des 24 derni\u00e8res heures), selon les chiffres du gouvernement. Sur la semaine du 22 au 28 mars (derniers chiffres hebdomadaires de Sant\u00e9 Publique France), le nombre de <strong>d\u00e9c\u00e8s <\/strong>est <strong>reparti\u00a0en l\u00e9g\u00e8re hausse<\/strong> apr\u00e8s 7\u00a0semaines cons\u00e9cutives de diminution.\u00a0En France, depuis le d\u00e9but de l&rsquo;\u00e9pid\u00e9mie, 1\u00a0personne sur 1000\u00a0est morte du fait de la Covid-19, indique la <a href=\"https:\/\/www.has-sante.fr\/jcms\/p_3234447\/fr\/covid-19-se-vacciner-decider-avec-son-medecin\" target=\"_blank\" rel=\"noopener noreferrer\">Haute Autorit\u00e9 de Sant\u00e9<\/a> le 29 janvier.\u00a0Les personnes<em> <\/em><strong>les plus fragiles<\/strong> face \u00e0 cette \u00e9pid\u00e9mie restent celles \u00e2g\u00e9es de<strong> 65\u00a0ans et plus,<\/strong> ainsi que celles pr\u00e9sentant des comorbidit\u00e9s. Cependant, une modification de l&rsquo;\u00e2ge des nouveaux cas ainsi que des nouveaux patients hospitalis\u00e9s est observ\u00e9e depuis quelques semaines, avec notamment un<strong> rajeunissement de l&rsquo;\u00e2ge des patients.<\/strong> 93% des cas de Covid-19\u00a0d\u00e9c\u00e9d\u00e9s \u00e9taient \u00e2g\u00e9s de 65\u00a0ans ou plus. Par ailleurs, la part des d\u00e9c\u00e8s Covid\u00a0est de 55% chez les hommes.<\/p>\n<div style=\"text-align:center\">\n<figure class=\"image\" style=\"display:inline-block\"><a class=\"fancy\" href=\"https:\/\/img-3.journaldesfemmes.fr\/nEFygeaM9NXr8FNV1SDGNjH6C_U=\/1080x\/smart\/d2365d49485c477cb2d9bc4dcd1b95e6\/ccmcms-jdf\/23646214.jpg\"><img decoding=\"async\" alt=\"Nombre hebdomadaire de nouveaux d\u00e9c\u00e8s de patients COVID-19 selon la date de d\u00e9claration, depuis le 23 mars 2020, France (donn\u00e9es au 28 f\u00e9vrier 2021)\" src=\"https:\/\/img-3.journaldesfemmes.fr\/7JzorS5ffCvhEaTJH9LMmT-TaZ4=\/600x\/smart\/d2365d49485c477cb2d9bc4dcd1b95e6\/ccmcms-jdf\/23646214.jpg\"\/><\/a><figcaption data-credit=\"Sant\u00e9 publique France\" data-legend=\"Nombre hebdomadaire de nouveaux d\u00e9c\u00e8s de patients COVID-19 selon la date de d\u00e9claration, depuis le 23 mars 2020, France (donn\u00e9es au 28 mars 2021)\">Nombre hebdomadaire de nouveaux d\u00e9c\u00e8s de patients COVID-19 selon la date de d\u00e9claration, depuis le 23 mars 2020, France (donn\u00e9es au 28 mars 2021) <small>\u00a9\u00a0Sant\u00e9 publique France<\/small><\/figcaption><\/figure>\n<\/div>\n<aside id=\"NL_1205517397\" class=\"newsletter_subscription jNlBlock\"><noscript><br \/>\n            <\/noscript><\/p>\n<h3 class=\"newsletter_subscription-title\">Newsletter <\/h3>\n<p><a href=\"\/\/mailing.ccmbg.com\/archive\/last-85\" target=\"_blank\" class=\"a_hover\" rel=\"noopener noreferrer\">Voir un exemple<\/a><\/p>\n<\/aside>\n<p>La France a franchi la barre des 40 000 morts samedi 7 novembre 2020,\u00a0celle des 50 000 le 24 novembre,\u00a0celle des 60 000 le 18 d\u00e9cembre et celle des 90 000 le 12 mars 2021.\u00a0<strong>Un pic de mortalit\u00e9 a \u00e9t\u00e9 atteint\u00a0le 9\u00a0novembre 2020\u00a0<\/strong>(40 987\u00a0morts, dont 548 en 24 heures).\u00a0<\/p>\n<p><iframe loading=\"lazy\" height=\"1000\" src=\"https:\/\/mapthenews.maps.arcgis.com\/apps\/opsdashboard\/index.html#\/bae8aaa7a0b14261b4621c31db410c44\" style=\"border: 0px\" width=\"600\"><\/iframe><\/p>\n<section>\n<blockquote>\n<p style=\"text-align: right;\">\u00a0<\/p>\n<\/blockquote>\n<p>Le taux de reproduction du virus est toujours sup\u00e9rieur \u00e0\u00a0<strong>1 : 1.18 le 27\u00a0mars. <\/strong>Au 27\u00a0mars, Sant\u00e9 Publique France informe que les estimations du R\u00a0obtenues \u00e0 partir des trois sources de donn\u00e9es \u00e9taient significativement sup\u00e9rieures \u00e0 1\u00a0dans<strong> 9 r\u00e9gions <\/strong>m\u00e9tropolitaines\u00a0: <strong>Auvergne-Rh\u00f4ne-Alpes, Bourgogne-Franche-Comt\u00e9, Bretagne, Centre-Val de Loire, Grand Est, \u00cele-de-France, Normandie, Occitanie et Pays de la Loire<\/strong>. Les taux de reproduction du virus appel\u00e9s \u00ab\u00a0R-effectifs\u00a0\u00bb ou \u00ab\u00a0Reff\u00a0\u00bb\u00a0permettent de d\u00e9crire la dynamique de l&rsquo;\u00e9pid\u00e9mie\u00a0: lorsque le Reff est significativement sup\u00e9rieur \u00e0 1, ceci signifie que l&rsquo;\u00e9pid\u00e9mie est en progression car un malade contamine plus d&rsquo;une autre personne, lorsqu&rsquo;il est \u00e9gal \u00e0 1, l&rsquo;\u00e9pid\u00e9mie se stabilise, lorsqu&rsquo;il est significativement inf\u00e9rieur \u00e0 1, l&rsquo;\u00e9pid\u00e9mie r\u00e9gresse.\u00a0<\/p>\n<p>Le d\u00e9pistage du Covid-19 est r\u00e9alis\u00e9 en France par RT-PCT et par tests antig\u00e9niques. Depuis le 11 f\u00e9vrier, les tests salivaires sont d\u00e9ploy\u00e9s dans les\u00a0\u00e9tablissements scolaires et peuvent \u00eatre utilis\u00e9s en premi\u00e8re intention pour d\u00e9pister la Covid-19, conform\u00e9ment aux recommandations de la <a href=\"https:\/\/www.has-sante.fr\/jcms\/p_3237053\/fr\/tests-rt-pcr-salivaires-la-has-etend-leur-utilisation-et-definit-les-modalites-pratiques-de-realisation\" target=\"_blank\" rel=\"noopener noreferrer\">HAS<\/a>. Au 2 avril, le taux de positivit\u00e9 national s&rsquo;\u00e9tablit \u00e0<strong>\u00a08,18%.<\/strong>\u00a0<em>\u00ab\u00a0Il reste d\u00e9terminant que chaque personne pr\u00e9sentant des sympt\u00f4mes \u00e9vocateurs de COVID-19\u00a0s&rsquo;isole imm\u00e9diatement et r\u00e9alise un test diagnostique dans les plus brefs d\u00e9lais\u00a0\u00bb<\/em> rappelle Sant\u00e9 Publique France dans ses bulletins hebdomadaires.<\/p>\n<p>Si au d\u00e9but, on ne parlait que de fi\u00e8vre, toux s\u00e8che, rhume, \u00e9tat grippal et de fatigue, les sympt\u00f4mes de l&rsquo;infection par le coronavirus ont \u00e9volu\u00e9. On sait d\u00e9sormais que le virus peut avoir des <strong>effets sur la peau<\/strong> (urticaire, l\u00e9sions inflammatoires sur les orteils), la sph\u00e8re digestive (vomissements, diarrh\u00e9es&#8230;), <strong>l&rsquo;odorat<\/strong>, le <strong>go\u00fbt <\/strong>et m\u00eame le cerveau.<em> <\/em><\/p>\n<p>\u2192<strong> Chaque personne pr\u00e9sentant des sympt\u00f4mes \u00e9vocateurs de COVID-19 doit s&rsquo;isoler imm\u00e9diatement et r\u00e9aliser un test diagnostique<\/strong> dans les plus brefs d\u00e9lais (sans avoir d&rsquo;ordonnance).<\/p>\n<p>\u2192<strong> <\/strong><strong>Appeler le\u00a015\u00a0en cas de\u00a0difficult\u00e9s respiratoires\u00a0: \u00ab\u00a0<\/strong><em>Si la toux et la\u00a0fi\u00e8vre s&rsquo;accompagnent d&rsquo;une g\u00eane respiratoire qui devient permanente avec souffle court, difficult\u00e9 \u00e0 inspirer et \u00e0 expirer, d&rsquo;une aggravation importante de la toux, cela peut signifier une \u00e9volution de la maladie sous la forme d&rsquo;une pneumopathie. Il s&rsquo;agit alors d&rsquo;une urgence respiratoire potentielle et comme dans tous les cas d&rsquo;urgence, il faut alors appeler le 15\u00a0qui prendra les meilleures dispositions pour r\u00e9pondre \u00e0 la situation\u00a0\u00bb, <\/em>pr\u00e9vient le Dr\u00a0Patrick Aub\u00e9, m\u00e9decin g\u00e9n\u00e9raliste. \u00a0<\/p>\n<div class=\"ccminsert\">\n<aside class=\"app_widget_fo app_widget_fo--list app_widget_fo--list-2-col\">\n<ul>\n<li>\n<h3>\n                    <a href=\"https:\/\/sante.journaldesfemmes.fr\/fiches-maladies\/2665621-angine-ou-covid-19-symptomes-signes-fievre-mal-gorge-test-difference-contagion\/\" class=\"jGTMWidgetGAEventClick\" data-gtmwidgetgaeventaction=\"clickWidgetListOnTwoColumns\" data-gtmwidgetgaeventlabel=\"Angine ou Covid-19\u00a0: sympt\u00f4mes, diff\u00e9rences, test, contagion\"><br \/>\n                        Angine ou Covid-19\u00a0: sympt\u00f4mes, diff\u00e9rences, test, contagion<br \/>\n                    <\/a><br \/>\n                <\/h3>\n<\/li>\n<li>\n<h3>\n                    <a href=\"https:\/\/sante.journaldesfemmes.fr\/fiches-maladies\/2701631-probleme-maladie-foie-covid-atteinte-cancer-complication-sequelles-symptomes-risque-vaccination\/\" class=\"jGTMWidgetGAEventClick\" data-gtmwidgetgaeventaction=\"clickWidgetListOnTwoColumns\" data-gtmwidgetgaeventlabel=\"Probl\u00e8me au foie et Covid\u00a0: risques, s\u00e9quelles, vaccination\"><br \/>\n                        Probl\u00e8me au foie et Covid\u00a0: risques, s\u00e9quelles, vaccination<br \/>\n                    <\/a><br \/>\n                <\/h3>\n<\/li>\n<li>\n<h3>\n                    <a href=\"https:\/\/sante.journaldesfemmes.fr\/fiches-maladies\/2701633-fievre-covid-duree-obligatoire-que-faire-que-prendre-combien-temperature\/\" class=\"jGTMWidgetGAEventClick\" data-gtmwidgetgaeventaction=\"clickWidgetListOnTwoColumns\" data-gtmwidgetgaeventlabel=\"Fi\u00e8vre et Covid\u00a0: dur\u00e9e, temp\u00e9rature, est-ce obligatoire\u00a0?\"><br \/>\n                        Fi\u00e8vre et Covid\u00a0: dur\u00e9e, temp\u00e9rature, est-ce obligatoire\u00a0?<br \/>\n                    <\/a><br \/>\n                <\/h3>\n<\/li>\n<li>\n<h3>\n                    <a href=\"https:\/\/sante.journaldesfemmes.fr\/fiches-maladies\/2696267-covid-long-c-est-quoi-symptomes-contagieux-fatigue-prise-en-charge-france-traitement\/\" class=\"jGTMWidgetGAEventClick\" data-gtmwidgetgaeventaction=\"clickWidgetListOnTwoColumns\" data-gtmwidgetgaeventlabel=\"Covid long\u00a0: sympt\u00f4mes, est-on contagieux, quel traitement\u00a0?\"><br \/>\n                        Covid long\u00a0: sympt\u00f4mes, est-on contagieux, quel traitement\u00a0?<br \/>\n                    <\/a><br \/>\n                <\/h3>\n<\/li>\n<li>\n<h3>\n                    <a href=\"https:\/\/sante.journaldesfemmes.fr\/fiches-maladies\/2661241-rhume-ou-covid-19-symptomes-tableau-differences-ecole-que-faire-comment-savoir-travail\/\" class=\"jGTMWidgetGAEventClick\" data-gtmwidgetgaeventaction=\"clickWidgetListOnTwoColumns\" data-gtmwidgetgaeventlabel=\"Rhume ou Covid-19\u00a0: sympt\u00f4mes, tableau, \u00e9cole, que faire\u00a0?\"><br \/>\n                        Rhume ou Covid-19\u00a0: sympt\u00f4mes, tableau, \u00e9cole, que faire\u00a0?<br \/>\n                    <\/a><br \/>\n                <\/h3>\n<\/li>\n<li>\n<h3>\n                    <a href=\"https:\/\/sante.journaldesfemmes.fr\/fiches-maladies\/2626825-covid-ou-allergie-pollen-coronavirus-asthme-symptomes-toux-yeux-traitement\/\" class=\"jGTMWidgetGAEventClick\" data-gtmwidgetgaeventaction=\"clickWidgetListOnTwoColumns\" data-gtmwidgetgaeventlabel=\"Covid ou allergie au pollen\u00a0: sympt\u00f4mes, diff\u00e9rences, traitements\"><br \/>\n                        Covid ou allergie au pollen\u00a0: sympt\u00f4mes, diff\u00e9rences, traitements<br \/>\n                    <\/a><br \/>\n                <\/h3>\n<\/li>\n<li>\n<h3>\n                    <a href=\"https:\/\/sante.journaldesfemmes.fr\/fiches-maladies\/2676955-covid-19-ou-gastro-enterite-difference-symptomes-fievre-diarrhee-que-faire-complications\/\" class=\"jGTMWidgetGAEventClick\" data-gtmwidgetgaeventaction=\"clickWidgetListOnTwoColumns\" data-gtmwidgetgaeventlabel=\"Covid\u00a0ou gastro-ent\u00e9rite\u00a0: sympt\u00f4mes, quelles diff\u00e9rences\u00a0?\"><br \/>\n                        Covid\u00a0ou gastro-ent\u00e9rite\u00a0: sympt\u00f4mes, quelles diff\u00e9rences\u00a0?<br \/>\n                    <\/a><br \/>\n                <\/h3>\n<\/li>\n<li>\n<h3>\n                    <a href=\"https:\/\/sante.journaldesfemmes.fr\/fiches-sante-du-quotidien\/2627543-perte-gout-agueusie-covid-19-def-duree-cause-partielle-traitement-soigner\/\" class=\"jGTMWidgetGAEventClick\" data-gtmwidgetgaeventaction=\"clickWidgetListOnTwoColumns\" data-gtmwidgetgaeventlabel=\"Perte du go\u00fbt (agueusie)\u00a0: dur\u00e9e, Covid, comment soigner\u00a0?\"><br \/>\n                        Perte du go\u00fbt (agueusie)\u00a0: dur\u00e9e, Covid, comment soigner\u00a0?<br \/>\n                    <\/a><br \/>\n                <\/h3>\n<\/li>\n<li>\n<h3>\n                    <a href=\"https:\/\/sante.journaldesfemmes.fr\/fiches-maladies\/2683439-symptomes-covid-19-coronavirus-boutons-visage-corps-dermatologiques-peau-bras-pieds-engelure\/\" class=\"jGTMWidgetGAEventClick\" data-gtmwidgetgaeventaction=\"clickWidgetListOnTwoColumns\" data-gtmwidgetgaeventlabel=\"Sympt\u00f4mes Covid sur la peau\u00a0: engelures, boutons, quand consulter\u00a0?\"><br \/>\n                        Sympt\u00f4mes Covid sur la peau\u00a0: engelures, boutons, quand consulter\u00a0?<br \/>\n                    <\/a><br \/>\n                <\/h3>\n<\/li>\n<li>\n<h3>\n                    <a href=\"https:\/\/sante.journaldesfemmes.fr\/fiches-maladies\/2630069-coronavirus-covid-19-cerveau-symptomes-sequelles-odorat-effet-lesion-attaque\/\" class=\"jGTMWidgetGAEventClick\" data-gtmwidgetgaeventaction=\"clickWidgetListOnTwoColumns\" data-gtmwidgetgaeventlabel=\"Coronavirus\u00a0et cerveau\u00a0: effets, quels sympt\u00f4mes\u00a0?\"><br \/>\n                        Coronavirus\u00a0et cerveau\u00a0: effets, quels sympt\u00f4mes\u00a0?<br \/>\n                    <\/a><br \/>\n                <\/h3>\n<\/li>\n<\/ul>\n<\/aside>\n<\/div>\n<p>La vaccination contre la Covid-19 se poursuit en France avec les vaccins Pfizer-BioNTech,\u00a0Moderna et AstraZeneca (chez les m\u00e9decins g\u00e9n\u00e9ralistes,\u00a0au travail et en pharmacie). La prise de<strong> rendez-vous<\/strong> est ouverte<b> <\/b>sur les sites Internet <strong>Doctolib, Maiia et KelDoc<\/strong> et peut aussi se faire en contactant par t\u00e9l\u00e9phone le <strong>centre de vaccination<\/strong> le plus proche de chez soi (liste disponible sur\u00a0<a href=\"https:\/\/www.sante.fr\/centres-vaccination-covid.html\" target=\"_blank\" rel=\"noopener noreferrer\">Sante.fr<\/a>).\u00a0En cas de difficult\u00e9, le num\u00e9ro vert national :<strong> 0\u00a0800\u00a0009\u00a0110<\/strong>,\u00a0permet d&rsquo;\u00eatre redirig\u00e9 vers le standard t\u00e9l\u00e9phonique d&rsquo;un centre ou d&rsquo;obtenir un accompagnement \u00e0 la prise de rendez-vous.<\/p>\n<div class=\"ccminsert\">\n<aside class=\"app_widget_fo app_widget_fo--call\">\n<ul>\n<li>\n                <a href=\"https:\/\/sante.journaldesfemmes.fr\/fiches-maladies\/2620433-vaccin-coronavirus-covid-19-pfizer-moderna-sanofi-spoutnik-johnson-astrazeneca-france-cubain\/\" class=\"jGTMWidgetGAEventClick\" data-gtmwidgetgaeventaction=\"clickWidgetCall\" data-gtmwidgetgaeventlabel=\"Vaccin Covid-19\u00a0: Pfizer, AstraZeneca, Moderna, et cubain\u00a0?\"><\/p>\n<figure><picture><source media=\"(max-width: 480px)\" srcset=\"https:\/\/img-3.journaldesfemmes.fr\/HztUm63eiNzSmOK4cdkFLDv2z4A=\/160x105\/smart\/4e3fbe1cc2c140c7a7105e3420310917\/ccmcms-jdf\/23654054.jpg\"><img decoding=\"async\" src=\"https:\/\/img-3.journaldesfemmes.fr\/CbOj_d06ie70hTM7puPiTpN898Y=\/200x132\/smart\/4e3fbe1cc2c140c7a7105e3420310917\/ccmcms-jdf\/23654054.jpg\" alt=\"\"\/><\/source><\/picture><figcaption>\n<h3>Vaccin Covid-19\u00a0: Pfizer, AstraZeneca, Moderna, et cubain\u00a0?<\/h3>\n<p>Pfizer-BioNTech, Moderna, AstraZeneca\u00a0et Johnson&amp;Johnson sont les quatre vaccins autoris\u00e9s en Europe. Trois sont en cours d&rsquo;\u00e9valuation dont le vaccin russe Spoutnik. Un vaccin cubain est aussi en phase 3\u00a0de test. Principe, efficacit\u00e9, diff\u00e9rences, noms des vaccins, effets secondaires, doses, \u00e2ge, choix&#8230; Derni\u00e8res infos.<\/p>\n<\/figcaption><\/figure>\n<p><\/a>\n            <\/li>\n<\/ul>\n<\/aside>\n<\/div>\n<p>Tous les d\u00e9placements depuis l&rsquo;\u00e9tranger vers la France et de France vers l&rsquo;\u00e9tranger, m\u00eame lorsqu&rsquo;ils sont autoris\u00e9s, restent totalement et strictement d\u00e9conseill\u00e9s jusqu&rsquo;\u00e0 nouvel ordre. A <strong>l&rsquo;int\u00e9rieur de l&rsquo;espace europ\u00e9en, les fronti\u00e8res ne sont pas ferm\u00e9es <\/strong>mais chaque pays a mis en place ses restrictions (test obligatoire, quarantaine \u00e0 l&rsquo;arriv\u00e9e&#8230;). Les<strong> fronti\u00e8res ext\u00e9rieures \u00e0 l&rsquo;espace europ\u00e9en restent ferm\u00e9es<\/strong> et tout d\u00e9placement international est totalement et strictement d\u00e9conseill\u00e9 jusqu&rsquo;\u00e0 nouvel ordre. La sortie du territoire fran\u00e7ais est soumise au r\u00e9gime des motifs imp\u00e9rieux, \u00e0 l&rsquo;exception des voyages \u00e0 destination de l&rsquo;Australie, la Cor\u00e9e du Sud, Isra\u00ebl, le Japon, la Nouvelle-Z\u00e9lande, le Royaume-Uni et Singapour.<\/p>\n<p>\u2192<strong> Tout voyageur de 11 ans ou plus souhaitant venir en France\u00a0en provenance d&rsquo;un pays de l&rsquo;espace europ\u00e9en<\/strong>\u00a0(Union europ\u00e9enne, Andorre, Islande, Liechtenstein, Monaco, Norv\u00e8ge, Saint-Marin, Saint-Si\u00e8ge et Suisse) a l&rsquo;obligation de pr\u00e9senter le r\u00e9sultat d&rsquo;un examen biologique de d\u00e9pistage virologique (RT-PCR) ne concluant pas \u00e0 une contamination par le Covid-19\u00a0r\u00e9alis\u00e9 72\u00a0heures avant le d\u00e9part.\u00a0<\/p>\n<table border=\"1\" cellpadding=\"1\" cellspacing=\"1\" style=\"width:100%;\">\n<thead>\n<tr>\n<th scope=\"col\" style=\"text-align: center;\"><strong>DATES CL\u00c9S DE L&rsquo;\u00c9PID\u00c9MIE EN FRANCE<\/strong><\/th>\n<\/tr>\n<\/thead>\n<tbody>\n<tr>\n<td>\n<ul>\n<li><strong>31\u00a0d\u00e9cembre 2019,<\/strong> l&rsquo;Organisation mondiale de la Sant\u00e9 en Chine est inform\u00e9e de plusieurs cas de pneumonies dans la ville de Wuhan. 44\u00a0personnes sont infect\u00e9es entre cette date et le 3\u00a0janvier 2020.<\/li>\n<li><strong>7\u00a0janvier 2020, <\/strong>les autorit\u00e9s chinoises identifient un \u00ab\u00a0nouveau type de coronavirus\u00a0\u00bb.<\/li>\n<li><strong>13\u00a0janvier, <\/strong>un cas import\u00e9 est recens\u00e9 en Tha\u00eflande.<\/li>\n<li><strong>15\u00a0janvier<\/strong>, le virus cause\u00a0la mort d&rsquo;<strong>une premi\u00e8re\u00a0personne \u00e0 Wuhan<\/strong>, un homme de 69\u00a0ans.\u00a0<\/li>\n<li><strong>23\u00a0janvier,<\/strong> trois villes chinoises dont Wuhan sont plac\u00e9es en quarantaine.<\/li>\n<li><strong>25\u00a0janvier, trois personnes\u00a0contamin\u00e9es sont recens\u00e9es en France<\/strong>, deux \u00e0 Paris et une Bordeaux. Ce sont les premiers cas enregistr\u00e9s sur le continent europ\u00e9en.<\/li>\n<li><strong>30\u00a0janvier, <\/strong>l&rsquo;Organisation mondiale de la Sant\u00e9 <strong>d\u00e9cr\u00e8te\u00a0l&rsquo;<a href=\"https:\/\/sante.journaldesfemmes.fr\/fiches-maladies\/2608035-urgence-de-sante-publique-de-portee-internationale-definition-oms-coronavirus\/\" target=\"_blank\" rel=\"noopener noreferrer\">urgence de sant\u00e9 mondiale<\/a><\/strong>.\u00a0Cette mesure n&rsquo;avait \u00e9t\u00e9 d\u00e9cr\u00e9t\u00e9e que 5\u00a0fois depuis sa cr\u00e9ation (pour Ebola (deux fois), la grippe H1N1, Zika et la poliomy\u00e9lite).\u00a0<\/li>\n<li><strong>23\u00a0f\u00e9vrier, <\/strong>la France d\u00e9clenche le <a href=\"https:\/\/sante.journaldesfemmes.fr\/fiches-maladies\/2622449-plan-orsan-reb-definition-signification-qui-declenche-coronavirus-definition-duree\/\" target=\"_blank\" rel=\"noopener noreferrer\">plan ORSAN<\/a>, un dispositif exceptionnel d&rsquo;organisation des soins.<\/li>\n<li><strong>28\u00a0f\u00e9vrier,<\/strong> la France passe en stade 2\u00a0de l&rsquo;\u00e9pid\u00e9mie.<\/li>\n<li><strong>11\u00a0mars, <\/strong>l&rsquo;OMS classifie de <strong>pand\u00e9mie <\/strong>la diffusion de la maladie \u00e0 coronavirus Covid-19\u00a0dans le monde.<\/li>\n<li><strong>12\u00a0mars<\/strong>, le pr\u00e9sident de la R\u00e9publique Emmanuel Macron annonce la fermeture nationale des cr\u00e8ches et \u00e9tablissements scolaires de France \u00e0 compter du 16\u00a0mars et \u00ab\u00a0jusqu&rsquo;\u00e0 nouvel ordre\u00a0\u00bb.<\/li>\n<li><strong>14\u00a0mars<\/strong>, la France passe au <a href=\"https:\/\/sante.journaldesfemmes.fr\/fiches-maladies\/2625289-coronavirus-covid-19-stade-1-2-3-4-duree-mesure-france-signification-quand\/\" target=\"_blank\" rel=\"noopener noreferrer\"><strong>stade 3 <\/strong><\/a>de l&rsquo;\u00e9pid\u00e9mie.<\/li>\n<li><strong>16\u00a0mars\u00a0:<\/strong>\u00a0la France met en place un dispositif de confinement interdisant les d\u00e9placements.<\/li>\n<li><strong>18\u00a0mars<\/strong> le premier transfert de patients Covid-19\u00a0en France est r\u00e9alis\u00e9\u00a0gr\u00e2ce \u00e0 l&rsquo;Arm\u00e9e, par voie terrestre et a\u00e9rienne.\u00a0<\/li>\n<li><strong>26\u00a0mars<\/strong>, un premier cas jeune meurt en France, une adolescente de 16\u00a0ans, en Ile-de-France originaire de Morsang-sur-Orge.<\/li>\n<li><strong>27\u00a0mars,<\/strong> le confinement de la population fran\u00e7aise est renouvel\u00e9 jusqu&rsquo;au 15\u00a0avril.<\/li>\n<li><strong>13\u00a0avril,<\/strong> Emmanuel Macron annonce le prolongement du confinement jusqu&rsquo;au 11\u00a0mai.<\/li>\n<li><strong>11\u00a0mai, <\/strong>la France commence son d\u00e9confinement.<\/li>\n<li><strong>\u00a015\u00a0juin<\/strong>, toute la France passe en zone verte, sauf Mayotte et la Guyane. \u00c0\u00a0Paris, les restaurants et bars peuvent rouvrir compl\u00e8tement.<\/li>\n<li><strong>22\u00a0juin, <\/strong>les \u00e9coles sont de nouveaux obligatoires en France pour tous les \u00e9l\u00e8ves. Les cin\u00e9mas, salles de jeux, casinos rouvrent. Les sports collectifs peuvent \u00eatre autoris\u00e9s tout en respectant certaines conditions sanitaires.<\/li>\n<li><strong>10\u00a0juillet<\/strong>, la <strong>France <\/strong>a franchi la barre des 30\u00a0000\u00a0morts. Dans la nuit du 10\u00a0au 11\u00a0juillet \u00e0 minuit, l&rsquo;\u00e9tat d&rsquo;urgence sanitaire prend fin en France.<\/li>\n<li><strong>\u00a020\u00a0juillet,<\/strong>\u00a0le <strong>port du masque est obligatoire <\/strong>dans les lieux publics clos en France.<\/li>\n<li><strong>8 octobre, <\/strong>le<strong> plan blanc est r\u00e9activ\u00e9 <\/strong>dans les h\u00f4pitaux d&rsquo;Ile-de-France.<\/li>\n<li><strong>17 octobre \u00e0 0h01<\/strong>, la France repasse en \u00e9tat d&rsquo;urgence sanitaire et un <strong>couvre-feu <\/strong>est instaur\u00e9 dans 9 territoires\u00a0(Paris-Ile-de-France, Rouen, Grenoble, Lille, Lyon, Aix-Marseille, Montpellier, Saint-Etienne, Toulouse).<\/li>\n<li><strong>24 octobre \u00e0 0h01 :<\/strong> extension des mesures de couvre-feu \u00e0 38 nouveaux d\u00e9partements fran\u00e7ais.<\/li>\n<li><strong>29 octobre \u00e0 0h01<\/strong> : reconfinement national pour 4 semaines, jusqu&rsquo;au 1er d\u00e9cembre au minimum.<\/li>\n<li><strong>28 novembre : <\/strong>premi\u00e8re \u00e9tape d&rsquo;all\u00e8gement du confinement avec la r\u00e9ouverture des commerces non essentiels.<\/li>\n<li><strong>15 d\u00e9cembre : <\/strong>seconde \u00e9tape\u00a0d&rsquo;all\u00e8gement du confinement avec le passage \u00e0 un couvre-feu de 20 heures \u00e0 6 heures du matin.<\/li>\n<li><strong>31 d\u00e9cembre<\/strong> : couvre-feu impos\u00e9 le soir du 31 d\u00e9cembre, de 20 heures \u00e0 6 heures du matin.<\/li>\n<li><strong>21 d\u00e9cembre<\/strong> : autorisation du vaccin Pfizer en Europe.<\/li>\n<li><strong>24 d\u00e9cembre<\/strong> : autorisation du vaccin Pfizer BioNTech en France.<\/li>\n<li><strong>27 d\u00e9cembre :<\/strong> d\u00e9but de la vaccination en France et dans l&rsquo;Union europ\u00e9enne avec le vaccin Pfizer BioNTech.<\/li>\n<li><strong>8 janvier 2021<\/strong> :\u00a0autorisation du vaccin Moderna en France.<\/li>\n<li><strong>24 janvier 2021<\/strong> : un test PCR n\u00e9gatif est obligatoire pour rentrer en France par avion pour les voyageurs venant d&rsquo;un pays europ\u00e9en (sauf pour les travailleurs transfrontaliers et le transport terrestre).<\/li>\n<li><strong>31 janvier 2021<\/strong> : fermeture des fronti\u00e8res en France aux pays ext\u00e9rieurs \u00e0 l&rsquo;Union europ\u00e9enne<\/li>\n<li><strong>2 f\u00e9vrier 2021<\/strong> :\u00a0autorisation du vaccin de l&rsquo;Universit\u00e9 d&rsquo;Oxford et AstraZeneca en France, uniquement pour les personnes \u00e2g\u00e9es de moins de 65\u00a0ans.<\/li>\n<li><strong>11 f\u00e9vrier : <\/strong>d\u00e9ploiement des tests salivaires dans les \u00e9tablissements scolaires.<\/li>\n<li><strong>12 mars :\u00a0<\/strong>autorisation du\u00a0vaccin\u00a0Johnson&amp;Johnson,\u00a0\u00e0 injection unique, le 4e vaccin \u00e0 \u00eatre autoris\u00e9 en France.<\/li>\n<li><strong>16 mars <\/strong>: autorisation des autotests en France.<\/li>\n<li><strong>19 mars :<\/strong> confinement de 16 d\u00e9partements pour une dur\u00e9e de 4 semaines. Le couvre-feu repasse \u00e0 19 heures dans toute la France au lieu de 18 heures.<\/li>\n<li><strong>25 mars<\/strong> :\u00a0confinement de 3 nouveaux d\u00e9partements pour une dur\u00e9e de 4\u00a0semaines.<\/li>\n<li><strong>3 avril\u00a0 : <\/strong>la France m\u00e9tropolitaine est reconfin\u00e9e 7 jours\/7, les \u00e9coles ferment pour trois semaines, et les vacances scolaires sont uniformis\u00e9es\u00a0pour toutes les zones.<\/li>\n<li><strong>12 avril<\/strong> : vente des autotests en pharmacie.<\/li>\n<\/ul>\n<\/td>\n<\/tr>\n<\/tbody>\n<\/table>\n<p><em>Cet article est mis \u00e0 jour quotidiennement par <a href=\"https:\/\/www.journaldesfemmes.fr\/account\/ablaize-11409696\" target=\"_blank\" rel=\"noopener noreferrer\">Aur\u00e9lie Blaize<\/a>, <a href=\"https:\/\/www.journaldesfemmes.fr\/account\/anaisthiebaux-10573564\" target=\"_blank\" rel=\"noopener noreferrer\">Ana\u00efs Thi\u00e9baux<\/a> et <a href=\"https:\/\/www.journaldesfemmes.fr\/account\/samanthapages-11598093\" target=\"_blank\" rel=\"noopener noreferrer\">Samantha Pag\u00e8s<\/a>.\u00a0<\/em><\/p>\n<\/section>\n<\/div>\n<p><script async src=\"http:\/\/platform.twitter.com\/widgets.js\" charset=\"utf-8\"><\/script><br \/>\n<br \/>[ad_2]<br \/>\n<br \/><a href=\"https:\/\/sante.journaldesfemmes.fr\/fiches-maladies\/2605417-covid-19-france-nombre-cas-chiffres-bilan-morts-reanimation-deplacement-autotest-astrazeneca\/\">Source link <\/a><\/p>\n","protected":false},"excerpt":{"rendered":"<p>[ad_1] CORONAVIRUS DIRECT &#8211; La situation se d\u00e9grade nettement. En France, 187\u00a0d\u00e9c\u00e8s et 399\u00a0nouvelles admissions en services de r\u00e9animation ont &hellip; <a href=\"https:\/\/www.affinite.fr\/index.php\/2021\/04\/03\/debut-du-3e-confinement-la-situation-se-degrade\/\" class=\"more-link\">Plus <span class=\"screen-reader-text\">d\u00e9but du 3e confinement, la situation se d\u00e9grade<\/span> <span class=\"meta-nav\">&rarr;<\/span><\/a><\/p>\n","protected":false},"author":1,"featured_media":6171,"comment_status":"open","ping_status":"open","sticky":false,"template":"","format":"standard","meta":{"_sitemap_exclude":false,"_sitemap_priority":"","_sitemap_frequency":"","footnotes":""},"categories":[1],"tags":[],"class_list":["post-6170","post","type-post","status-publish","format-standard","has-post-thumbnail","hentry","category-tous"],"_links":{"self":[{"href":"https:\/\/www.affinite.fr\/index.php\/wp-json\/wp\/v2\/posts\/6170"}],"collection":[{"href":"https:\/\/www.affinite.fr\/index.php\/wp-json\/wp\/v2\/posts"}],"about":[{"href":"https:\/\/www.affinite.fr\/index.php\/wp-json\/wp\/v2\/types\/post"}],"author":[{"embeddable":true,"href":"https:\/\/www.affinite.fr\/index.php\/wp-json\/wp\/v2\/users\/1"}],"replies":[{"embeddable":true,"href":"https:\/\/www.affinite.fr\/index.php\/wp-json\/wp\/v2\/comments?post=6170"}],"version-history":[{"count":0,"href":"https:\/\/www.affinite.fr\/index.php\/wp-json\/wp\/v2\/posts\/6170\/revisions"}],"wp:featuredmedia":[{"embeddable":true,"href":"https:\/\/www.affinite.fr\/index.php\/wp-json\/wp\/v2\/media\/6171"}],"wp:attachment":[{"href":"https:\/\/www.affinite.fr\/index.php\/wp-json\/wp\/v2\/media?parent=6170"}],"wp:term":[{"taxonomy":"category","embeddable":true,"href":"https:\/\/www.affinite.fr\/index.php\/wp-json\/wp\/v2\/categories?post=6170"},{"taxonomy":"post_tag","embeddable":true,"href":"https:\/\/www.affinite.fr\/index.php\/wp-json\/wp\/v2\/tags?post=6170"}],"curies":[{"name":"wp","href":"https:\/\/api.w.org\/{rel}","templated":true}]}}