{"id":6163,"date":"2021-04-02T02:44:20","date_gmt":"2021-04-02T02:44:20","guid":{"rendered":"https:\/\/www.affinite.fr\/index.php\/2021\/04\/02\/gloria-sur-tf1-que-pourrait-raconter-leventuelle-saison-2-news-series-a-la-tv\/"},"modified":"2021-04-02T02:44:20","modified_gmt":"2021-04-02T02:44:20","slug":"gloria-sur-tf1-que-pourrait-raconter-leventuelle-saison-2-news-series-a-la-tv","status":"publish","type":"post","link":"https:\/\/www.affinite.fr\/index.php\/2021\/04\/02\/gloria-sur-tf1-que-pourrait-raconter-leventuelle-saison-2-news-series-a-la-tv\/","title":{"rendered":"Gloria sur TF1 : que pourrait raconter l&rsquo;\u00e9ventuelle saison 2 ? &#8211; News S\u00e9ries \u00e0 la TV"},"content":{"rendered":"<p> [ad_1]<br \/>\n<\/p>\n<p>Alors que \u00ab\u00a0Gloria\u00a0\u00bb s&rsquo;est achev\u00e9e ce soir, TF1 n&rsquo;a pas encore pris de d\u00e9cision au sujet d&rsquo;une \u00e9ventuelle saison 2. Mais \u00e0 quoi pourrait ressembler cette suite ? Premiers \u00e9l\u00e9ments de r\u00e9ponse gr\u00e2ce \u00e0 la saison 2 de la s\u00e9rie originale \u00ab\u00a0Keeping Faith\u00a0\u00bb.<\/p>\n<div id=\"article-content\">\n<figure class=\"player player-auto-play js-player\" data-model=\"{&quot;context&quot;:&quot;newspage_news&quot;,&quot;launch&quot;:&quot;auto-play&quot;,&quot;followScroll&quot;:true,&quot;editorialContent&quot;:&quot;18698348-gloria_sur_tf1_que_pourrait_raconter_l_eventuelle_saison_2&quot;,&quot;endScreen&quot;:true,&quot;disableAutoPause&quot;:true,&quot;player_position&quot;:&quot;playertop&quot;,&quot;videos&quot;:[{&quot;id&quot;:19591555,&quot;sources&quot;:{&quot;medium&quot;:&quot;\/\/fr.vid.web.acsta.net\/nmedia\/33\/21\/03\/08\/10\/19591555_sd_013.mp4&quot;,&quot;high&quot;:&quot;\/\/fr.vid.web.acsta.net\/nmedia\/33\/21\/03\/08\/10\/19591555_hd_013.mp4&quot;},&quot;image&quot;:&quot;\/videothumbnails\/21\/03\/08\/10\/23\/4135248.jpg&quot;,&quot;title&quot;:&quot;Gloria - saison 1 Bande-annonce VF&quot;,&quot;trackingIdentifier&quot;:&quot;19591555-gloria_saison_1_bande_annonce_vf&quot;,&quot;embedUrl&quot;:&quot;ACraHRACr0cHM6Ly9wbGF5ZXIuYWxsb2NpbmUuZnIvMTk1OTE1NTUuaHRtbA==&quot;,&quot;id_type&quot;:31003,&quot;file_type&quot;:&quot;trailer&quot;,&quot;description&quot;:&quot;Gloria - saison 1 Bande-annonce VF&quot;,&quot;duration&quot;:65,&quot;view_count&quot;:50312,&quot;added_at&quot;:{&quot;date&quot;:&quot;2021-03-08 10:21:00.000000&quot;,&quot;timezone_type&quot;:3,&quot;timezone&quot;:&quot;Europe\/Paris&quot;},&quot;metas&quot;:{&quot;genre_main_series&quot;:[{&quot;name&quot;:&quot;Drame&quot;,&quot;id&quot;:&quot;13008&quot;},{&quot;name&quot;:&quot;Policier&quot;,&quot;id&quot;:&quot;13018&quot;},{&quot;name&quot;:&quot;Thriller&quot;,&quot;id&quot;:&quot;13023&quot;}],&quot;id_main_season&quot;:37562,&quot;id_main_series&quot;:26034,&quot;image_main_series&quot;:&quot;\/pictures\/21\/02\/23\/16\/46\/3982039.jpg&quot;,&quot;localized_file_type&quot;:&quot;trailer&quot;,&quot;main_season_number&quot;:1,&quot;main_season_rating&quot;:3.0999999,&quot;main_season_user_note_count&quot;:3,&quot;main_series_rating&quot;:2.75286746,&quot;name_main_season&quot;:&quot;Gloria - Saison 1&quot;,&quot;name_main_series&quot;:&quot;Gloria&quot;,&quot;release_status_series&quot;:&quot;Terminu00e9e&quot;,&quot;trans_file_type&quot;:&quot;Bande-annonce&quot;},&quot;relatedEntityType&quot;:&quot;series&quot;,&quot;relatedEntityTrackingIdentifier&quot;:&quot;26034-gloria&quot;,&quot;relatedEntityTitle&quot;:&quot;Gloria&quot;,&quot;relatedEntityId&quot;:26034,&quot;relatedEntityUrl&quot;:&quot;ACraHRACr0cHM6Ly93d3cuYWxsb2NpbmUuZnIvc2VyaWVzL2ZpY2hlc2VyaWVfZ2VuX2NzZXJpZT0yNjAzNC5odG1s&quot;,&quot;mediaUrl&quot;:&quot;ACraHRACr0cHM6Ly93d3cuYWxsb2NpbmUuZnIvdmlkZW8vcGxheWVyX2dlbl9jbWVkaWE9MTk1OTE1NTUmY3NlcmllPTI2MDM0Lmh0bWw=&quot;}],&quot;disablePreroll&quot;:false,&quot;disablePostroll&quot;:false}\" data-thumb=\"https:\/\/fr.web.img4.acsta.net\/r_640_360\/videothumbnails\/21\/03\/08\/10\/23\/4135248.jpg\">\n<\/figure>\n<p>La qu\u00eate de v\u00e9rit\u00e9 de\u00a0<a title=\"Gloria (France,Belgique) (Drame,Policier,Thriller)\" href=\"http:\/\/www.allocine.fr\/series\/ficheserie_gen_cserie=26034.html\">Gloria<\/a> est arriv\u00e9e \u00e0 son terme ce soir sur TF1. Le final de la s\u00e9rie \u00e9v\u00e9nement port\u00e9e par <a title=\"C\u00e9cile Bois (France) (Acteur)\" href=\"http:\/\/www.allocine.fr\/personne\/fichepersonne_gen_cpersonne=20983.html\">C\u00e9cile Bois<\/a>, <a title=\"Barbara Schulz (France) (Acteur)\" href=\"http:\/\/www.allocine.fr\/personne\/fichepersonne_gen_cpersonne=18676.html\">Barbara Schulz<\/a>, et\u00a0<a title=\"JoeyStarr (France) (Acteur,Compositeur,Sur une id\u00e9e de)\" href=\"http:\/\/www.allocine.fr\/personne\/fichepersonne_gen_cpersonne=35236.html\">JoeyStarr<\/a> a en effet vu David Meyers (<a title=\"Micha\u00ebl Cohen (France) (Acteur,Sc\u00e9nariste,R\u00e9alisateur)\" href=\"http:\/\/www.allocine.fr\/personne\/fichepersonne_gen_cpersonne=42239.html\">Micha\u00ebl Cohen<\/a>) r\u00e9appara\u00eetre dans la vie de sa famille et raconter en d\u00e9tail \u00e0 son \u00e9pouse les raisons de sa disparition et de son association malheureuse avec les Brak.<\/p>\n<p>Incapable de lui pardonner, Gloria d\u00e9cide de le quitter et apprend de la bouche de Clarisse (<a title=\"Mariama Gueye (France) (Acteur)\" href=\"http:\/\/www.allocine.fr\/personne\/fichepersonne_gen_cpersonne=540047.html\">Mariama Gueye<\/a>) que le dossier incriminant David a \u00e9t\u00e9 envoy\u00e9 au procureur et que ce n&rsquo;est plus qu&rsquo;une question de temps avant que son mari paye pour ses erreurs et soit envoy\u00e9 en prison.<\/p>\n<p>Cette fin boucl\u00e9e, qui r\u00e9sout tous les myst\u00e8res de la saison, laisse donc seulement en suspens l&rsquo;avenir de David Meyers. Gloria parviendra-t-elle, gr\u00e2ce \u00e0 ses talents d&rsquo;avocate, \u00e0 lui \u00e9viter une lourde condamnation et \u00e0 lui permettre de voir ses filles grandir ? Et surtout, aura-t-elle envie d&rsquo;assurer sa d\u00e9fense apr\u00e8s tout ce qu&rsquo;il lui a fait endurer ? \u00ab\u00a0On verra\u00a0\u00bb, avoue l&rsquo;h\u00e9ro\u00efne camp\u00e9e par C\u00e9cile Bois \u00e0 Clarisse dans les toutes derni\u00e8res secondes du final.<\/p>\n<p>\u00c0 l&rsquo;heure actuelle, malgr\u00e9 les tr\u00e8s bonnes audiences r\u00e9alis\u00e9es par les quatre premiers \u00e9pisodes, <span class=\"ACraHRACr0cHM6Ly93d3cuYWxsb2NpbmUuZnIvYXJ0aWNsZS9maWNoZWFydGljbGVfZ2VuX2NhcnRpY2xlPTE4Njk4MzAzLmh0bWw=\">aucune d\u00e9cision ne semble avoir encore \u00e9t\u00e9 prise par TF1 au sujet d&rsquo;une possible deuxi\u00e8me saison<\/span>. Mais si la cha\u00eene et la production avaient envie de poursuivre les aventures de Gloria Meyers, ils n&rsquo;auraient pas \u00e0 chercher l&rsquo;inspiration trop loin puisque <a title=\"Keeping Faith (Grande-Bretagne) (Thriller,Drame)\" href=\"http:\/\/www.allocine.fr\/series\/ficheserie_gen_cserie=24292.html\">Keeping Faith<\/a>, la s\u00e9rie britannique dont Gloria est l&rsquo;adaptation, a connu trois saisons depuis 2017.<\/p>\n<p>Une saison 2 \u00e0 la Broadchurch pour la s\u00e9rie originale dont est adapt\u00e9e Gloria<\/p>\n<p>Alors, que pourrait bien raconter une \u00e9ventuelle saison 2 ? Ce qu&rsquo;on peut dire c&rsquo;est que la seconde salve d&rsquo;\u00e9pisodes de Keeping Faith suit quelque peu les traces de <a title=\"Broadchurch (Grande-Bretagne) (Policier,Drame)\" href=\"http:\/\/www.allocine.fr\/series\/ficheserie_gen_cserie=11230.html\">Broadchurch<\/a>, en proposant un nouveau myst\u00e8re et une nouvelle intrigue polici\u00e8re. L&rsquo;action reprend 18 mois apr\u00e8s les \u00e9v\u00e9nements du dernier \u00e9pisode de la saison 1. Evan (David), le mari de l&rsquo;h\u00e9ro\u00efne &#8211; qui s&rsquo;appelle Faith dans cette version d&rsquo;origine &#8211; a \u00e9t\u00e9 condamn\u00e9 \u00e0 quatre ans de prison pour avoir blanchi de l&rsquo;argent pour le compte de la famille Reardon.<\/p>\n<p>De son c\u00f4t\u00e9, Faith h\u00e9rite donc d&rsquo;une nouvelle affaire en tant qu&rsquo;avocate. Un fermier du coin, Will Vaughan, a \u00e9t\u00e9 retrouv\u00e9 mort, abattu de deux balles. Et tout semble accuser son \u00e9pouse, Madlen. Contre l&rsquo;avis de son beau-p\u00e8re, qui lui rappelle que la victime \u00e9tait l&rsquo;un de leurs plus gros clients, Faith d\u00e9cide de d\u00e9fendre Madlen et de prouver, co\u00fbte que co\u00fbte, son innocence. Mais y parviendra-t-elle ?<\/p>\n<p>Evan, qui pourrait bien \u00eatre lib\u00e9r\u00e9 pour bonne conduite et qui connaissait Will, va lui aussi se retrouver m\u00eal\u00e9 \u00e0 cette histoire d&rsquo;homicide. Tandis qu&rsquo;en parall\u00e8le Faith, qui continue de se rapprocher de Steve Baldini (Stan), va comprendre qu&rsquo;elle n&rsquo;a pas fini de payer pour les erreurs de son mari. En effet, Gael Reardon (Ga\u00eblle Brak dans la version fran\u00e7aise), la mafieuse locale avec qui Evan avait fait affaire, va ressurgir dans la vie de l&rsquo;h\u00e9ro\u00efne et lui demander un \u00ab\u00a0service\u00a0\u00bb qui pourrait lui permettre d&rsquo;\u00e9ponger enfin sa dette.<\/p>\n<p>\u00c9videmment, rien ne dit que les sc\u00e9naristes de Gloria d\u00e9cideront de suivre l&rsquo;intrigue de Keeping Faith en cas de saison 2. Ils pourraient tout aussi bien imaginer une suite totalement originale, \u00e0 l&rsquo;image de ce qu&rsquo;avaient propos\u00e9 les auteurs de la saison 2 d&rsquo;<a title=\"Infid\u00e8le (France) (Drame,Thriller)\" href=\"http:\/\/www.allocine.fr\/series\/ficheserie_gen_cserie=23599.html\">Infid\u00e8le<\/a>. Mais si TF1 et Quad T\u00e9l\u00e9vision optent pour une transposition assez fid\u00e8le, alors la suite des (m\u00e9s)aventures de Gloria et de David Meyers pourraient ressembler \u00e0 \u00e7a. L&rsquo;avenir nous le dira.<\/p>\n<p><strong>Gloria : \u00e0 quoi ressemblent les acteurs de la s\u00e9rie originale Keeping Faith ?<\/strong><\/p>\n<figure class=\"slideshow-start-screen\"><img decoding=\"async\" class=\"slideshow-start-screen-img\" src=\"data:image\/gif;base64,R0lGODlhAQABAIAAAAAAAAAAACH5BAEAAAAALAAAAAABAAEAAAICRAEAOw==\" data-src=\"http:\/\/medialib.allocine.net\/c_320_320\/newsv7\/21\/03\/25\/17\/13\/47442520.jpg\" alt=\"\"\/><a href=\"http:\/\/www.allocine.fr\/diaporamas\/series\/diaporama-18698110\/\" class=\"slideshow-start-screen-icon\"><\/p>\n<p>Voir le diaporama<\/p>\n<p>    <\/a><figcaption class=\"slideshow-start-caption\">\n<p>Diaporama<\/p>\n<p>Gloria sur TF1 : \u00e0 quoi ressemblent les acteurs de la s\u00e9rie originale Keeping Faith ?<\/p>\n<p>10 photos<\/p>\n<\/figcaption><\/figure>\n<\/div>\n<p>[ad_2]<br \/>\n<br \/><a href=\"http:\/\/rss.allocine.fr\/~r\/ac\/actualites\/~3\/zQoWtU1eWi0\/fichearticle_gen_carticle=18698348.html\">Source link <\/a><\/p>\n","protected":false},"excerpt":{"rendered":"<p>[ad_1] Alors que \u00ab\u00a0Gloria\u00a0\u00bb s&rsquo;est achev\u00e9e ce soir, TF1 n&rsquo;a pas encore pris de d\u00e9cision au sujet d&rsquo;une \u00e9ventuelle saison &hellip; <a href=\"https:\/\/www.affinite.fr\/index.php\/2021\/04\/02\/gloria-sur-tf1-que-pourrait-raconter-leventuelle-saison-2-news-series-a-la-tv\/\" class=\"more-link\">Plus <span class=\"screen-reader-text\">Gloria sur TF1 : que pourrait raconter l&rsquo;\u00e9ventuelle saison 2 ? &#8211; News S\u00e9ries \u00e0 la TV<\/span> <span class=\"meta-nav\">&rarr;<\/span><\/a><\/p>\n","protected":false},"author":1,"featured_media":6164,"comment_status":"open","ping_status":"open","sticky":false,"template":"","format":"standard","meta":{"_sitemap_exclude":false,"_sitemap_priority":"","_sitemap_frequency":"","footnotes":""},"categories":[1],"tags":[],"class_list":["post-6163","post","type-post","status-publish","format-standard","has-post-thumbnail","hentry","category-tous"],"_links":{"self":[{"href":"https:\/\/www.affinite.fr\/index.php\/wp-json\/wp\/v2\/posts\/6163"}],"collection":[{"href":"https:\/\/www.affinite.fr\/index.php\/wp-json\/wp\/v2\/posts"}],"about":[{"href":"https:\/\/www.affinite.fr\/index.php\/wp-json\/wp\/v2\/types\/post"}],"author":[{"embeddable":true,"href":"https:\/\/www.affinite.fr\/index.php\/wp-json\/wp\/v2\/users\/1"}],"replies":[{"embeddable":true,"href":"https:\/\/www.affinite.fr\/index.php\/wp-json\/wp\/v2\/comments?post=6163"}],"version-history":[{"count":0,"href":"https:\/\/www.affinite.fr\/index.php\/wp-json\/wp\/v2\/posts\/6163\/revisions"}],"wp:featuredmedia":[{"embeddable":true,"href":"https:\/\/www.affinite.fr\/index.php\/wp-json\/wp\/v2\/media\/6164"}],"wp:attachment":[{"href":"https:\/\/www.affinite.fr\/index.php\/wp-json\/wp\/v2\/media?parent=6163"}],"wp:term":[{"taxonomy":"category","embeddable":true,"href":"https:\/\/www.affinite.fr\/index.php\/wp-json\/wp\/v2\/categories?post=6163"},{"taxonomy":"post_tag","embeddable":true,"href":"https:\/\/www.affinite.fr\/index.php\/wp-json\/wp\/v2\/tags?post=6163"}],"curies":[{"name":"wp","href":"https:\/\/api.w.org\/{rel}","templated":true}]}}