{"id":6147,"date":"2021-03-29T16:13:10","date_gmt":"2021-03-29T16:13:10","guid":{"rendered":"https:\/\/www.affinite.fr\/index.php\/2021\/03\/29\/quatre-quarts-marbre-au-the-vert-matcha\/"},"modified":"2021-03-29T16:13:10","modified_gmt":"2021-03-29T16:13:10","slug":"quatre-quarts-marbre-au-the-vert-matcha","status":"publish","type":"post","link":"https:\/\/www.affinite.fr\/index.php\/2021\/03\/29\/quatre-quarts-marbre-au-the-vert-matcha\/","title":{"rendered":"Quatre-quarts marbr\u00e9 au th\u00e9 vert matcha"},"content":{"rendered":"<p> [ad_1]<br \/>\n<\/p>\n<div>\n<p><img itemprop=\"image\" class=\"aligncenter size-full wp-image-40069\" data-src=\"https:\/\/static.chefnini.com\/wp-content\/uploads\/2021\/03\/quatre-quart-marbre6.jpg\" alt=\"\" width=\"500\" height=\"750\" srcset=\"https:\/\/static.chefnini.com\/wp-content\/uploads\/2021\/03\/quatre-quart-marbre6.jpg 500w, https:\/\/static.chefnini.com\/wp-content\/uploads\/2021\/03\/quatre-quart-marbre6-200x300.jpg 200w\" sizes=\"(max-width: 500px) 100vw, 500px\"\/><\/p>\n<p itemprop=\"description\"><span style=\"font-size: inherit;\">Rien de tel qu\u2019un bon classique pour commencer la semaine. J\u2019avais envie d\u2019un quatre-quarts et d\u2019y apporter une petite touche visuelle et gustative en parfumant la moiti\u00e9 de la p\u00e2te avec du th\u00e9 vert matcha. Je ne sais pas si vous avez connu cette fr\u00e9n\u00e9sie autour de ce th\u00e9. C\u2019\u00e9tait il y a quelques ann\u00e9es d\u00e9j\u00e0, on le voyait un peu partout. <\/span><\/p>\n<p><span style=\"font-size: inherit;\">Son go\u00fbt est indescriptible, il faut le go\u00fbter pour savoir si on aime ou pas. Moi, je l\u2019appr\u00e9cie dans les p\u00e2tisseries (moins en boisson). Je l\u2019appr\u00e9cie particuli\u00e8rement en cette saison en l\u2019associant avec des <a href=\"https:\/\/www.affinite.fr\/index.php\/2023\/07\/29\/valoriser-ses-invendus-une-demarche-ecologique-et-rentable-pour-les-marchands-de-fruits\/\">fruits<\/a> rouges.\u00a0<\/span><\/p>\n<p><span style=\"font-size: inherit;\">Si vous n\u2019en avez pas (ou que vous n\u2019aimez pas \u00e7a), vous pouvez r\u00e9aliser cette recette avec du cacao en poudre.<\/span><\/p>\n<p><img itemprop=\"image\" class=\"aligncenter size-full wp-image-40067\" data-src=\"https:\/\/static.chefnini.com\/wp-content\/uploads\/2021\/03\/quatre-quart-marbre4.jpg\" alt=\"\" width=\"500\" height=\"750\" srcset=\"https:\/\/static.chefnini.com\/wp-content\/uploads\/2021\/03\/quatre-quart-marbre4.jpg 500w, https:\/\/static.chefnini.com\/wp-content\/uploads\/2021\/03\/quatre-quart-marbre4-200x300.jpg 200w\" sizes=\"(max-width: 500px) 100vw, 500px\"\/><\/p>\n<p><img itemprop=\"image\" class=\"aligncenter size-full wp-image-40064\" data-src=\"https:\/\/static.chefnini.com\/wp-content\/uploads\/2021\/03\/quatre-quart-marbre.jpg\" alt=\"\" width=\"730\" height=\"487\" srcset=\"https:\/\/static.chefnini.com\/wp-content\/uploads\/2021\/03\/quatre-quart-marbre.jpg 730w, https:\/\/static.chefnini.com\/wp-content\/uploads\/2021\/03\/quatre-quart-marbre-300x200.jpg 300w, https:\/\/static.chefnini.com\/wp-content\/uploads\/2021\/03\/quatre-quart-marbre-450x300.jpg 450w\" sizes=\"(max-width: 730px) 100vw, 730px\"\/><\/p>\n<p><img itemprop=\"image\" class=\"aligncenter size-full wp-image-40066\" data-src=\"https:\/\/static.chefnini.com\/wp-content\/uploads\/2021\/03\/quatre-quart-marbre3.jpg\" alt=\"\" width=\"500\" height=\"750\" srcset=\"https:\/\/static.chefnini.com\/wp-content\/uploads\/2021\/03\/quatre-quart-marbre3.jpg 500w, https:\/\/static.chefnini.com\/wp-content\/uploads\/2021\/03\/quatre-quart-marbre3-200x300.jpg 200w\" sizes=\"(max-width: 500px) 100vw, 500px\"\/><\/p>\n<h3 itemprop=\"recipeYield\">Pour 6 personnes :<\/h3>\n<ul>\n<li itemprop=\"ingredients\">2 \u0153ufs<\/li>\n<li itemprop=\"ingredients\">100 g de beurre<\/li>\n<li itemprop=\"ingredients\">100 g de farine<\/li>\n<li itemprop=\"ingredients\">100 g de sucre<\/li>\n<li itemprop=\"ingredients\">1\/2 cuill\u00e8re \u00e0 caf\u00e9 de levure chimique<\/li>\n<li itemprop=\"ingredients\">1 cuill\u00e8re \u00e0 caf\u00e9 l\u00e9g\u00e8rement bomb\u00e9e de th\u00e9 vert matcha<\/li>\n<\/ul>\n<div itemprop=\"recipeInstructions\">\n<p><img itemprop=\"image\" class=\"aligncenter size-full wp-image-40068\" data-src=\"https:\/\/static.chefnini.com\/wp-content\/uploads\/2021\/03\/quatre-quart-marbre5.jpg\" alt=\"\" width=\"500\" height=\"750\" srcset=\"https:\/\/static.chefnini.com\/wp-content\/uploads\/2021\/03\/quatre-quart-marbre5.jpg 500w, https:\/\/static.chefnini.com\/wp-content\/uploads\/2021\/03\/quatre-quart-marbre5-200x300.jpg 200w\" sizes=\"(max-width: 500px) 100vw, 500px\"\/><\/p>\n<p>1- S\u00e9parez les blancs des jaunes.<\/p>\n<p>2- Versez les jaunes et le sucre ensemble dans un saladier et fouettez jusqu\u2019\u00e0 ce que le m\u00e9lange blanchisse.<\/p>\n<p>3- Faites fondre le beurre sur feu doux puis versez-le dans le m\u00e9lange jaune\/sucre. M\u00e9langez doucement avec le fouet.<\/p>\n<p>4- Dans un saladier, montez les blancs en neige fermement.<\/p>\n<p>5- Ajoutez-les d\u00e9licatement \u00e0 la pr\u00e9paration pr\u00e9c\u00e9dente.<\/p>\n<p>6- Versez enfin la farine et la levure et m\u00e9langez \u00e0 la spatule.<\/p>\n<p>7- Divisez la p\u00e2te et ajoutez le th\u00e9 vert matcha dans une moiti\u00e9 de p\u00e2te.<\/p>\n<p>8- Alternez les cuill\u00e8res de p\u00e2te dans un moule \u00e0 cake pr\u00e9alablement beurr\u00e9 et farin\u00e9.<\/p>\n<p>8- Enfournez pour 45 minutes.<\/p>\n<p>9- Laissez refroidir avant de d\u00e9mouler.<\/p>\n<p><img itemprop=\"image\" class=\"aligncenter size-full wp-image-40070\" data-src=\"https:\/\/static.chefnini.com\/wp-content\/uploads\/2021\/03\/quatre-quart-marbre7.jpg\" alt=\"\" width=\"500\" height=\"750\" srcset=\"https:\/\/static.chefnini.com\/wp-content\/uploads\/2021\/03\/quatre-quart-marbre7.jpg 500w, https:\/\/static.chefnini.com\/wp-content\/uploads\/2021\/03\/quatre-quart-marbre7-200x300.jpg 200w\" sizes=\"(max-width: 500px) 100vw, 500px\"\/><\/p>\n<\/div>\n<p> <!-- recipeInstructions --> \t\t\t\t\t\t\t\t\t<\/div>\n<p>[ad_2]<br \/>\n<br \/><a href=\"https:\/\/www.chefnini.com\/quatre-quart-marbre-au-the-vert-matcha\/\">Source link <\/a><\/p>\n","protected":false},"excerpt":{"rendered":"<p>[ad_1] Rien de tel qu\u2019un bon classique pour commencer la semaine. J\u2019avais envie d\u2019un quatre-quarts et d\u2019y apporter une petite &hellip; <a href=\"https:\/\/www.affinite.fr\/index.php\/2021\/03\/29\/quatre-quarts-marbre-au-the-vert-matcha\/\" class=\"more-link\">Plus <span class=\"screen-reader-text\">Quatre-quarts marbr\u00e9 au th\u00e9 vert matcha<\/span> <span class=\"meta-nav\">&rarr;<\/span><\/a><\/p>\n","protected":false},"author":1,"featured_media":6148,"comment_status":"open","ping_status":"open","sticky":false,"template":"","format":"standard","meta":{"_sitemap_exclude":false,"_sitemap_priority":"","_sitemap_frequency":"","footnotes":""},"categories":[1],"tags":[],"class_list":["post-6147","post","type-post","status-publish","format-standard","has-post-thumbnail","hentry","category-tous"],"_links":{"self":[{"href":"https:\/\/www.affinite.fr\/index.php\/wp-json\/wp\/v2\/posts\/6147"}],"collection":[{"href":"https:\/\/www.affinite.fr\/index.php\/wp-json\/wp\/v2\/posts"}],"about":[{"href":"https:\/\/www.affinite.fr\/index.php\/wp-json\/wp\/v2\/types\/post"}],"author":[{"embeddable":true,"href":"https:\/\/www.affinite.fr\/index.php\/wp-json\/wp\/v2\/users\/1"}],"replies":[{"embeddable":true,"href":"https:\/\/www.affinite.fr\/index.php\/wp-json\/wp\/v2\/comments?post=6147"}],"version-history":[{"count":0,"href":"https:\/\/www.affinite.fr\/index.php\/wp-json\/wp\/v2\/posts\/6147\/revisions"}],"wp:featuredmedia":[{"embeddable":true,"href":"https:\/\/www.affinite.fr\/index.php\/wp-json\/wp\/v2\/media\/6148"}],"wp:attachment":[{"href":"https:\/\/www.affinite.fr\/index.php\/wp-json\/wp\/v2\/media?parent=6147"}],"wp:term":[{"taxonomy":"category","embeddable":true,"href":"https:\/\/www.affinite.fr\/index.php\/wp-json\/wp\/v2\/categories?post=6147"},{"taxonomy":"post_tag","embeddable":true,"href":"https:\/\/www.affinite.fr\/index.php\/wp-json\/wp\/v2\/tags?post=6147"}],"curies":[{"name":"wp","href":"https:\/\/api.w.org\/{rel}","templated":true}]}}