{"id":6041,"date":"2021-03-08T20:05:07","date_gmt":"2021-03-08T20:05:07","guid":{"rendered":"https:\/\/www.affinite.fr\/index.php\/2021\/03\/08\/camille-lellouche-chante-ninsiste-pas-et-denonce-les-violences-conjugales-clip\/"},"modified":"2021-03-08T20:05:07","modified_gmt":"2021-03-08T20:05:07","slug":"camille-lellouche-chante-ninsiste-pas-et-denonce-les-violences-conjugales-clip","status":"publish","type":"post","link":"https:\/\/www.affinite.fr\/index.php\/2021\/03\/08\/camille-lellouche-chante-ninsiste-pas-et-denonce-les-violences-conjugales-clip\/","title":{"rendered":"Camille Lellouche chante \u00ab\u00a0N&rsquo;Insiste Pas\u00a0\u00bb et d\u00e9nonce les violences conjugales [CLIP]"},"content":{"rendered":"<p> [ad_1]<br \/>\n<br \/><img decoding=\"async\" src=\"https:\/\/img-3.journaldesfemmes.fr\/w-6GOFlfkQPYiTLa_SivTvMk81Y=\/1280x\/smart\/7cddca4e2ff840b9b837e4209e019bb1\/ccmcms-jdf\/22962434.jpg\" \/><\/p>\n<p>\n                A l&rsquo;occasion de la Journ\u00e9e internationale des Droits des Femmes ce 8\u00a0mars, Camille Lellouche a partag\u00e9 un nouveau titre in\u00e9dit intitul\u00e9 \u00ab\u00a0N&rsquo;insiste Pas\u00a0\u00bb. Regardez la vid\u00e9o de cette chanson engag\u00e9e\u00a0!            <\/p>\n<div>\n<p>\u00a0Afin d&rsquo;alerter sur les <a href=\"https:\/\/www.journaldesfemmes.fr\/societe\/guide-pratique\/2677899-violence-conjugale\/\" title=\"Violence conjugale\">violences conjugales<\/a> pour la <strong>Journ\u00e9e internationale des Droits des Femmes<\/strong>,<strong>\u00a0Camille Lellouche<\/strong> a d\u00e9voil\u00e9 une nouvelle\u00a0chanson bouleversante&#8230;<br \/>Apr\u00e8s une premi\u00e8re interpr\u00e9tation sur le plateau de l&rsquo;\u00e9mission <em>20h30 le dimanche <\/em>sur <em>France 2<\/em> le 7 mars,\u00a0l&rsquo;artiste\u00a0a r\u00e9v\u00e9l\u00e9 le clip de\u00a0<strong><em>N&rsquo;insiste Pas<\/em><\/strong>\u00a0dans\u00a0une vid\u00e9o brute et remplie d&rsquo;\u00e9motions, ce 8 mars.<br \/>Accompagn\u00e9e par Yaacov Salah au piano, Camille Lellouche rend <strong>un vibrant hommage aux victimes,<\/strong> tout en <strong>d\u00e9non\u00e7ant les violences faites aux femmes<\/strong>&#8230;<\/p>\n<h2>D\u00e9couvrez\u00a0<em>N&rsquo;insiste Pas,\u00a0<\/em>le nouveau clip de Camille Lellouche :<\/h2>\n<p><iframe loading=\"lazy\" allow=\"accelerometer; autoplay; clipboard-write; encrypted-media; gyroscope; picture-in-picture\" allowfullscreen=\"\" frameborder=\"0\" height=\"315\" src=\"https:\/\/www.youtube.com\/embed\/wv6OpQJACUk\" width=\"560\"><\/iframe><\/p>\n<aside id=\"NL_181529126\" class=\"newsletter_subscription jNlBlock\"><noscript><br \/>\n            <\/noscript><\/p>\n<h3 class=\"newsletter_subscription-title\">Newsletter <\/h3>\n<p><a href=\"\/\/mailing.ccmbg.com\/archive\/last-85\" target=\"_blank\" class=\"a_hover\" rel=\"noopener noreferrer\">Voir un exemple<\/a><\/p>\n<\/aside>\n<p><strong>Sacr\u00e9e aux Victoires de la Musique<\/strong> pour <em>Mais je t&rsquo;aime<\/em>, son duo avec <a href=\"https:\/\/www.journaldesfemmes.fr\/people\/grand-corps-malade\/\" title=\"Grand Corps Malade\">Grand Corps Malade<\/a>, la talentueuse chanteuse d\u00e9ploie \u00e0 nouveau ses talents&#8230; Et vient toucher en plein c\u0153ur avec <em>N&rsquo;insiste Pas<\/em>, son nouveau titre in\u00e9dit.\u00a0<\/p>\n<\/p><\/div>\n<p>[ad_2]<br \/>\n<br \/><a href=\"https:\/\/www.journaldesfemmes.fr\/loisirs\/musique\/2701473-camille-lellouche-chanson-n-insiste-pas-et-denonce-les-violences-conjugales-clip\/\">Source link <\/a><\/p>\n","protected":false},"excerpt":{"rendered":"<p>[ad_1] A l&rsquo;occasion de la Journ\u00e9e internationale des Droits des Femmes ce 8\u00a0mars, Camille Lellouche a partag\u00e9 un nouveau titre &hellip; <a href=\"https:\/\/www.affinite.fr\/index.php\/2021\/03\/08\/camille-lellouche-chante-ninsiste-pas-et-denonce-les-violences-conjugales-clip\/\" class=\"more-link\">Plus <span class=\"screen-reader-text\">Camille Lellouche chante \u00ab\u00a0N&rsquo;Insiste Pas\u00a0\u00bb et d\u00e9nonce les violences conjugales [CLIP]<\/span> <span class=\"meta-nav\">&rarr;<\/span><\/a><\/p>\n","protected":false},"author":1,"featured_media":6042,"comment_status":"open","ping_status":"open","sticky":false,"template":"","format":"standard","meta":{"_sitemap_exclude":false,"_sitemap_priority":"","_sitemap_frequency":"","footnotes":""},"categories":[1],"tags":[],"class_list":["post-6041","post","type-post","status-publish","format-standard","has-post-thumbnail","hentry","category-tous"],"_links":{"self":[{"href":"https:\/\/www.affinite.fr\/index.php\/wp-json\/wp\/v2\/posts\/6041"}],"collection":[{"href":"https:\/\/www.affinite.fr\/index.php\/wp-json\/wp\/v2\/posts"}],"about":[{"href":"https:\/\/www.affinite.fr\/index.php\/wp-json\/wp\/v2\/types\/post"}],"author":[{"embeddable":true,"href":"https:\/\/www.affinite.fr\/index.php\/wp-json\/wp\/v2\/users\/1"}],"replies":[{"embeddable":true,"href":"https:\/\/www.affinite.fr\/index.php\/wp-json\/wp\/v2\/comments?post=6041"}],"version-history":[{"count":0,"href":"https:\/\/www.affinite.fr\/index.php\/wp-json\/wp\/v2\/posts\/6041\/revisions"}],"wp:featuredmedia":[{"embeddable":true,"href":"https:\/\/www.affinite.fr\/index.php\/wp-json\/wp\/v2\/media\/6042"}],"wp:attachment":[{"href":"https:\/\/www.affinite.fr\/index.php\/wp-json\/wp\/v2\/media?parent=6041"}],"wp:term":[{"taxonomy":"category","embeddable":true,"href":"https:\/\/www.affinite.fr\/index.php\/wp-json\/wp\/v2\/categories?post=6041"},{"taxonomy":"post_tag","embeddable":true,"href":"https:\/\/www.affinite.fr\/index.php\/wp-json\/wp\/v2\/tags?post=6041"}],"curies":[{"name":"wp","href":"https:\/\/api.w.org\/{rel}","templated":true}]}}