{"id":6011,"date":"2021-03-02T03:50:32","date_gmt":"2021-03-02T03:50:32","guid":{"rendered":"https:\/\/www.affinite.fr\/index.php\/2021\/03\/02\/creme-caramel-aux-pommes-chefnini\/"},"modified":"2021-03-02T03:50:32","modified_gmt":"2021-03-02T03:50:32","slug":"creme-caramel-aux-pommes-chefnini","status":"publish","type":"post","link":"https:\/\/www.affinite.fr\/index.php\/2021\/03\/02\/creme-caramel-aux-pommes-chefnini\/","title":{"rendered":"Cr\u00e8me caramel aux pommes &#8211; chefNini"},"content":{"rendered":"<p> [ad_1]<br \/>\n<\/p>\n<div id=\"post-39912\">&#13;<br \/>\n\t\t\t\t\t\t\t\t\t\t\t\t\t\t\t\t\t\t&#13;<\/p>\n<div class=\"entry-content clearfix single-post-content\">\n<p><img itemprop=\"image\" class=\"aligncenter size-full wp-image-39913\" data-src=\"https:\/\/static.chefnini.com\/wp-content\/uploads\/2021\/03\/creme-caramel-pomme.jpg\" alt=\"\" width=\"500\" height=\"750\" srcset=\"https:\/\/static.chefnini.com\/wp-content\/uploads\/2021\/03\/creme-caramel-pomme.jpg 500w, https:\/\/static.chefnini.com\/wp-content\/uploads\/2021\/03\/creme-caramel-pomme-200x300.jpg 200w\" sizes=\"(max-width: 500px) 100vw, 500px\"\/><\/p>\n<p itemprop=\"description\">Voil\u00e0 une d\u00e9licieuse recette de cr\u00e8me caramel qui rendra vos petits d\u00e9jeuners encore plus gourmands. J\u2019ai ajout\u00e9 \u00e0 <a href=\"https:\/\/www.chefnini.com\/creme-caramel-a-la-fleur-de-sel\/\">ma recette classique de cr\u00e8me caramel<\/a> des d\u00e9s de pommes Royal Gala cuits et mix\u00e9s dans la cr\u00e8me liquide.<\/p>\n<p>Elle est parfaite pour des cr\u00eapes, des gaufres ou des tranches de brioche toast\u00e9es.<\/p>\n<p>Cette cr\u00e8me se conserve 3-4 jours au frais.<\/p>\n<p><img itemprop=\"image\" class=\"aligncenter size-full wp-image-39914\" data-src=\"https:\/\/static.chefnini.com\/wp-content\/uploads\/2021\/03\/creme-caramel-pomme2.jpg\" alt=\"\" width=\"500\" height=\"750\" srcset=\"https:\/\/static.chefnini.com\/wp-content\/uploads\/2021\/03\/creme-caramel-pomme2.jpg 500w, https:\/\/static.chefnini.com\/wp-content\/uploads\/2021\/03\/creme-caramel-pomme2-200x300.jpg 200w\" sizes=\"(max-width: 500px) 100vw, 500px\"\/><img itemprop=\"image\" class=\"aligncenter size-full wp-image-39915\" data-src=\"https:\/\/static.chefnini.com\/wp-content\/uploads\/2021\/03\/creme-caramel-pomme3.jpg\" alt=\"\" width=\"500\" height=\"750\" srcset=\"https:\/\/static.chefnini.com\/wp-content\/uploads\/2021\/03\/creme-caramel-pomme3.jpg 500w, https:\/\/static.chefnini.com\/wp-content\/uploads\/2021\/03\/creme-caramel-pomme3-200x300.jpg 200w\" sizes=\"(max-width: 500px) 100vw, 500px\"\/><\/p>\n<p><img itemprop=\"image\" class=\"aligncenter size-full wp-image-39918\" data-src=\"https:\/\/static.chefnini.com\/wp-content\/uploads\/2021\/03\/creme-caramel-pomme6.jpg\" alt=\"\" width=\"500\" height=\"750\" srcset=\"https:\/\/static.chefnini.com\/wp-content\/uploads\/2021\/03\/creme-caramel-pomme6.jpg 500w, https:\/\/static.chefnini.com\/wp-content\/uploads\/2021\/03\/creme-caramel-pomme6-200x300.jpg 200w\" sizes=\"(max-width: 500px) 100vw, 500px\"\/><\/p>\n<h3 itemprop=\"recipeYield\">Pour 2 bocaux :<\/h3>\n<ul>\n<li itemprop=\"ingredients\">300 g de chair de pommes (environ 4 pommes moyennes)<\/li>\n<li itemprop=\"ingredients\">200 g de sucre en poudre<\/li>\n<li itemprop=\"ingredients\">20 cl de cr\u00e8me liquide<\/li>\n<li itemprop=\"ingredients\">30 g de beurre<\/li>\n<\/ul>\n<div itemprop=\"recipeInstructions\">\n<p><img itemprop=\"image\" class=\"aligncenter size-full wp-image-39916\" data-src=\"https:\/\/static.chefnini.com\/wp-content\/uploads\/2021\/03\/creme-caramel-pomme4.jpg\" alt=\"\" width=\"730\" height=\"487\" srcset=\"https:\/\/static.chefnini.com\/wp-content\/uploads\/2021\/03\/creme-caramel-pomme4.jpg 730w, https:\/\/static.chefnini.com\/wp-content\/uploads\/2021\/03\/creme-caramel-pomme4-300x200.jpg 300w, https:\/\/static.chefnini.com\/wp-content\/uploads\/2021\/03\/creme-caramel-pomme4-450x300.jpg 450w\" sizes=\"(max-width: 730px) 100vw, 730px\"\/><\/p>\n<p>1- Coupez la chair des pommes en d\u00e9s.<\/p>\n<p>2- Faites fondre 10 g de beurre dans une po\u00eale et faites cuire les pommes 15 minutes. Ajoutez la cr\u00e8me liquide et mixez.<\/p>\n<p>3- Faites chauffer le tout sur feu doux.<\/p>\n<p>4- Pendant ce temps, faites fondre le sucre dans une casserole \u00e0 feu doux pour obtenir un caramel ambr\u00e9.<\/p>\n<p>5- Ajoutez le m\u00e9lange cr\u00e8me\/pomme tout doucement en m\u00e9langeant sans cesse.<\/p>\n<p>6- Sur feu fort, laissez fr\u00e9mir quelques minutes tout en m\u00e9langeant.<\/p>\n<p>7- Retirez du feu puis ajoutez le beurre restant.<\/p>\n<p>8- Versez dans des pot \u00e0 confiture, laissez refroidir et r\u00e9servez au frais jusqu\u2019\u00e0 utilisation.<\/p>\n<p><img itemprop=\"image\" class=\"aligncenter size-full wp-image-39917\" data-src=\"https:\/\/static.chefnini.com\/wp-content\/uploads\/2021\/03\/creme-caramel-pomme5.jpg\" alt=\"\" width=\"500\" height=\"750\" srcset=\"https:\/\/static.chefnini.com\/wp-content\/uploads\/2021\/03\/creme-caramel-pomme5.jpg 500w, https:\/\/static.chefnini.com\/wp-content\/uploads\/2021\/03\/creme-caramel-pomme5-200x300.jpg 200w\" sizes=\"(max-width: 500px) 100vw, 500px\"\/><\/p>\n<\/div>\n<p> <!-- recipeInstructions --> \t\t\t\t\t\t\t\t\t<\/div>\n<p>&#13;<\/p>\n<p>\t\t&#13;\n\t\t\t\t\t\t\t\t\t\t<\/p><\/div>\n<p>[ad_2]<br \/>\n<br \/><a href=\"https:\/\/www.chefnini.com\/creme-caramel-aux-pommes\/\">Source link <\/a><\/p>\n","protected":false},"excerpt":{"rendered":"<p>[ad_1] &#13; &#13; Voil\u00e0 une d\u00e9licieuse recette de cr\u00e8me caramel qui rendra vos petits d\u00e9jeuners encore plus gourmands. J\u2019ai ajout\u00e9 &hellip; <a href=\"https:\/\/www.affinite.fr\/index.php\/2021\/03\/02\/creme-caramel-aux-pommes-chefnini\/\" class=\"more-link\">Plus <span class=\"screen-reader-text\">Cr\u00e8me caramel aux pommes &#8211; chefNini<\/span> <span class=\"meta-nav\">&rarr;<\/span><\/a><\/p>\n","protected":false},"author":1,"featured_media":6012,"comment_status":"open","ping_status":"open","sticky":false,"template":"","format":"standard","meta":{"_sitemap_exclude":false,"_sitemap_priority":"","_sitemap_frequency":"","footnotes":""},"categories":[1],"tags":[],"class_list":["post-6011","post","type-post","status-publish","format-standard","has-post-thumbnail","hentry","category-tous"],"_links":{"self":[{"href":"https:\/\/www.affinite.fr\/index.php\/wp-json\/wp\/v2\/posts\/6011"}],"collection":[{"href":"https:\/\/www.affinite.fr\/index.php\/wp-json\/wp\/v2\/posts"}],"about":[{"href":"https:\/\/www.affinite.fr\/index.php\/wp-json\/wp\/v2\/types\/post"}],"author":[{"embeddable":true,"href":"https:\/\/www.affinite.fr\/index.php\/wp-json\/wp\/v2\/users\/1"}],"replies":[{"embeddable":true,"href":"https:\/\/www.affinite.fr\/index.php\/wp-json\/wp\/v2\/comments?post=6011"}],"version-history":[{"count":0,"href":"https:\/\/www.affinite.fr\/index.php\/wp-json\/wp\/v2\/posts\/6011\/revisions"}],"wp:featuredmedia":[{"embeddable":true,"href":"https:\/\/www.affinite.fr\/index.php\/wp-json\/wp\/v2\/media\/6012"}],"wp:attachment":[{"href":"https:\/\/www.affinite.fr\/index.php\/wp-json\/wp\/v2\/media?parent=6011"}],"wp:term":[{"taxonomy":"category","embeddable":true,"href":"https:\/\/www.affinite.fr\/index.php\/wp-json\/wp\/v2\/categories?post=6011"},{"taxonomy":"post_tag","embeddable":true,"href":"https:\/\/www.affinite.fr\/index.php\/wp-json\/wp\/v2\/tags?post=6011"}],"curies":[{"name":"wp","href":"https:\/\/api.w.org\/{rel}","templated":true}]}}