{"id":5955,"date":"2021-02-15T19:44:12","date_gmt":"2021-02-15T19:44:12","guid":{"rendered":"https:\/\/www.affinite.fr\/index.php\/2021\/02\/15\/chiffres-en-hausse-dernier-bilan\/"},"modified":"2021-02-15T19:44:12","modified_gmt":"2021-02-15T19:44:12","slug":"chiffres-en-hausse-dernier-bilan","status":"publish","type":"post","link":"https:\/\/www.affinite.fr\/index.php\/2021\/02\/15\/chiffres-en-hausse-dernier-bilan\/","title":{"rendered":"chiffres en hausse, dernier bilan"},"content":{"rendered":"<p> [ad_1]<br \/>\n<\/p>\n<p>\n                CORONAVIRUS DIRECT &#8211; L&rsquo;\u00e9pid\u00e9mie progresse. Le nombre de personnes hospitalis\u00e9es augmente. 412\u00a0nouveaux d\u00e9c\u00e8s et 4\u00a0376\u00a0nouveaux cas sont enregistr\u00e9s en 24\u00a0heures. La situation \u00e9pid\u00e9mique s&rsquo;est aggrav\u00e9e en Moselle. Nombre de cas en r\u00e9gions, derniers chiffres et actualit\u00e9s.            <\/p>\n<div>\n<aside class=\"ccmsummary marqueur_module ccmcss_cms_summary ccmcss_cms_summary--right\">\n<p>\u00a0Sommaire<\/p>\n<\/aside>\n<p><strong>[Mis\u00a0\u00e0 jour le lundi 15 f\u00e9vrier \u00e0 20h30<\/strong><b>] <\/b>La propagation des variants inqui\u00e8te en France, surtout en <strong>Moselle<\/strong> o\u00f9 30 000 doses de vaccins suppl\u00e9mentaires vont \u00eatres allou\u00e9es.\u00a0Une circulaire du\u00a0minist\u00e8re de la Sant\u00e9 a demand\u00e9 aux h\u00f4pitaux de\u00a0passer en \u00ab\u00a0organisation de crise\u00a0\u00bb d&rsquo;ici le jeudi 18 f\u00e9vrier, rapporte le <em>Journal du Dimanche<\/em>, le 14 f\u00e9vrier. Cela passe notamment par l&rsquo;augmentation des lits en r\u00e9animation et en soins intensifs ainsi que la d\u00e9programmation de certains actes non urgents.\u00a0A date<span style=\"font-weight: 600;\">, <\/span><strong>pr\u00e8s de 3,5 millions de personnes\u00a0<\/strong>ont \u00e9t\u00e9 contamin\u00e9es par la Covid-19, selon Sant\u00e9 Publique France.<strong> 4 376\u00a0nouveaux cas<\/strong> et <strong>412 d\u00e9c\u00e8s<\/strong> ont \u00e9t\u00e9 rapport\u00e9s au cours des derni\u00e8res 24 heures. Face \u00e0 cette flamb\u00e9e inqui\u00e9tante, les\u00a0mesures sanitaires sont renforc\u00e9es dans plusieurs d\u00e9partements, notamment dans le Nord. A Dunkerque, \u00e0 partir de\u00a0ce lundi 15 f\u00e9vrier, l&rsquo;arriv\u00e9e et la sortie des classes,\u00a0dans les \u00e9coles maternelles et primaires,\u00a0s&rsquo;effectueront en horaires d\u00e9cal\u00e9s. Pendant ce temps, la campagne de vaccination se poursuit.\u00a0Au 14 f\u00e9vrier, <span style=\"font-size: 1rem;\"><strong>2\u00a0254\u00a0688\u00a0personnes<\/strong> ont re\u00e7u la premi\u00e8re injection de vaccin. <\/span>Les m\u00e9decins g\u00e9n\u00e9ralistes pourront bient\u00f4t vacciner leurs patients \u00e2g\u00e9s de 50\u00a0\u00e0\u00a064\u00a0ans.\u00a0700\u00a0000\u00a0doses du vaccin AstraZeneca, jusque-l\u00e0 r\u00e9serv\u00e9 aux personnels de sant\u00e9, seront livr\u00e9es en France le 17 f\u00e9vrier.\u00a0Quelles sont les <strong>derni\u00e8res\u00a0annonces du gouvernement<\/strong>\u00a0?\u00a0Que disent les\u00a0<a data-auth=\"NotApplicable\" href=\"https:\/\/sante.journaldesfemmes.fr\/fiches-maladies\/2667643-carte-covid-19-france-zone-rouge-departement-region-ile-de-france-europe-monde-temps-reel\/\" rel=\"noopener noreferrer\" target=\"_blank\">cartes<\/a> de suivi de l&rsquo;\u00e9pid\u00e9mie ? Quelles sont les r\u00e9gions sous tension hospitali\u00e8re ?\u00a0<a data-auth=\"NotApplicable\" href=\"https:\/\/sante.journaldesfemmes.fr\/fiches-maladies\/2629823-taux-de-reproduction-covid-france-coronavirus-r0-r-effectif-calcul-evolution-aujourd-hui-definition\/\" rel=\"noopener noreferrer\" target=\"_blank\">Quel est le taux de R0 du coronavirus en France<\/a>\u00a0? Quand est-on contagieux ? Que sait-on des\u00a0<a href=\"https:\/\/sante.journaldesfemmes.fr\/fiches-maladies\/2620433-vaccin-coronavirus-covid-19-europe-pfizer-moderna-sanofi-astrazeneca-russe-chinois\/\" target=\"_blank\" rel=\"noopener noreferrer\">vaccins<\/a>\u00a0? Des\u00a0<a href=\"https:\/\/sante.journaldesfemmes.fr\/fiches-maladies\/2686947-effets-secondaires-indesirable-vaccin-covid-ansm-france-pfizer-moderna-astrazeneca-deces-paralysie\/\" target=\"_blank\" rel=\"noopener noreferrer\">effets secondaires<\/a>\u00a0apr\u00e8s la vaccination ? Chiffres et infos du jour.<\/p>\n<ul>\n<li><strong>Fermeture des\u00a0mus\u00e9es \u00e0 Perpignan. <\/strong>La justice a suspendu lundi la r\u00e9ouverture de 4 mus\u00e9es perpignanais qui avaient rouvert \u00e0 l&rsquo;encontre des directives sanitaires du gouvernement.<\/li>\n<li><strong>Premi\u00e8re r\u00e9infection en France.<\/strong>\u00a0Dans un <a href=\"https:\/\/www.aphp.fr\/contenu\/covid-19-lhopital-louis-mourier-ap-hp-rapporte-le-premier-cas-de-reinfection-grave-par-le\" target=\"_blank\" rel=\"noopener noreferrer\">communiqu\u00e9 du 12 f\u00e9vrier<\/a>, l&rsquo;h\u00f4pital Louis-Mourier AP-HP rapporte le premier cas de r\u00e9infection grave par le variant sud-africain (501Y.V2)<strong>\u00a0<\/strong>quatre mois apr\u00e8s une premi\u00e8re infection \u00e0 la Covid-19.\u00a0Ce premier cas de r\u00e9infection par le variant Sud-Africain a fait l&rsquo;objet d&rsquo;une publication le 10\u00a0f\u00e9vrier 2021\u00a0dans la revue\u00a0<a href=\"https:\/\/academic.oup.com\/cid\/advance-article\/doi\/10.1093\/cid\/ciab129\/6132402?guestAccessKey=1ea2d3d0-a649-45b2-a882-98183bd03afa\" target=\"_blank\" rel=\"noopener noreferrer\">Clinical Infectious Diseases<\/a>.<\/li>\n<\/ul>\n<ul>\n<li><strong>Retard du vaccin Sanofi.<\/strong>\u00a0Le groupe pharmaceutique fran\u00e7ais a indiqu\u00e9 dans un entretien au Journal du Dimanche que son vaccin \u00e0 ARN messager d\u00e9velopp\u00e9 par Sanofi avec l&rsquo;am\u00e9ricain Translate Bio\u00a0\u00ab\u00a0<em>ne sera pas pr\u00eat cette ann\u00e9e, mais il pourrait s&rsquo;av\u00e9rer utile plus tard, surtout si le combat contre les variants devait se poursuivre\u00a0\u00bb<\/em>, explique le directeur g\u00e9n\u00e9ral de Sanofi, Paul Hudson.<\/li>\n<li><strong>D\u00e9pistage \u00e0 Mulhouse.<\/strong>\u00a0L&rsquo;Agence r\u00e9gionale de Sant\u00e9 Grand Est a annonc\u00e9 dans <a href=\"https:\/\/www.grand-est.ars.sante.fr\/communique-depistages-preventifs-mulhouse-pour-cause-de-rassemblements\" target=\"_blank\" rel=\"noopener noreferrer\">un communiqu\u00e9<\/a> que suite \u00e0 deux <strong>rassemblements organis\u00e9s \u00e0 Mulhouse<\/strong> entre les 4\u00a0et 8\u00a0f\u00e9vrier 2021, <strong>un d\u00e9pistage pr\u00e9ventif individuel <\/strong>est organis\u00e9, d\u00e8s ce samedi 13\u00a0f\u00e9vrier, pour rechercher les personnes positives au Covid-19.\u00a0<\/li>\n<li><strong>Protocole au travail.<\/strong>\u00a0Un <a href=\"https:\/\/www.legifrance.gouv.fr\/jorf\/id\/JORFTEXT000043131008\" target=\"_blank\" rel=\"noopener noreferrer\">d\u00e9cret<\/a> publi\u00e9 dimanche 14\u00a0f\u00e9vrier au Journal Officiel autorise les salari\u00e9s \u00e0 prendre leur repas dans les locaux d\u00e9di\u00e9s au travail, autrement dit depuis leur bureau. L&rsquo;objectif : limiter les risques de contamination dans les caf\u00e9t\u00e9rias et restaurants d&rsquo;entreprise.\u00a0<\/li>\n<li><strong>Vaccination en Moselle.<\/strong> Le pr\u00e9sident du conseil d&rsquo;orientation de la strat\u00e9gie vaccinale, Alain Fischer, recommande, dans un entretien accord\u00e9 au Journal du Dimanche,\u00a0de vacciner rapidement tous les professionnels de sant\u00e9 du d\u00e9partement de la\u00a0Moselle, avec des vaccins ARN\u00a0(Pfizer-BioNTech, Moderna) \u00e0 cause de la propagation intense des variants. Plus de 30\u00a0000\u00a0nouvelles doses du vaccin Pfizer vont \u00eatre d\u00e9di\u00e9es au\u00a0d\u00e9partement avant la fin de la semaine prochaine, selon une information de LCI.\u00a0<\/li>\n<li><strong>Vaccination chez son m\u00e9decin.\u00a0<\/strong>\u00ab\u00a0<em>On pourra vacciner chez les g\u00e9n\u00e9ralistes les plus de 65\u00a0ans avec des comorbidit\u00e9s, et ensuite, assez rapidement, on esp\u00e8re que la vaccination puisse s&rsquo;\u00e9tendre aux pharmacies comme pour les syndromes grippaux<\/em>\u00ab\u00a0, a indiqu\u00e9 le Pr Alain Fischer, ce lundi matin.\u00a0\u00a0<\/li>\n<li><strong>Aides prolong\u00e9es.\u00a0<\/strong>Elisabeth Borne, la ministre du Travail, a annonc\u00e9 ce lundi que l&rsquo;aide de 900\u00a0euros, accord\u00e9e \u00e0 400\u00a0000 personnes en France, sera prolong\u00e9e de 3 mois, soit jusqu&rsquo;\u00e0 la fin du mois de mai.\u00a0<\/li>\n<li><strong>Quarantaine au Royaume-Uni.<\/strong>\u00a0A partir de ce lundi, toute personne arrivant en Angleterre en provenance d&rsquo;un pays class\u00e9 \u00e0 risque par les autorit\u00e9s sanitaires devra d\u00e9sormais respecter une quarantaine obligatoire \u00e0 l&rsquo;h\u00f4tel.<\/li>\n<li><strong>Renforcement des mesures \u00e0 Dunkerque. <\/strong>A partir du lundi 15\u00a0f\u00e9vrier, l&rsquo;arriv\u00e9e et la sortie des classes,\u00a0dans les \u00e9coles maternelles et \u00e9l\u00e9mentaires, s&rsquo;effectueront en horaires d\u00e9cal\u00e9s.\u00a0Face \u00e0 la progression du variant anglais, la pr\u00e9fecture du Nord a annonc\u00e9\u00a0le renforcement des mesures sanitaires dans un <a href=\"https:\/\/www.nord.gouv.fr\/Actualites\/Actualites\/Covid-19-renforcement-des-mesures-dans-le-dunkerquois#\" target=\"_blank\" rel=\"noopener noreferrer\">communiqu\u00e9 de presse<\/a>, samedi 13\u00a0f\u00e9vrier. L&rsquo;obligation du port du masque dans l&rsquo;espace public\u00a0est \u00e9tendue \u00e0 toute la m\u00e9tropole.\u00a0<\/li>\n<li><strong>\u00ab\u00a0Organisation de crise\u00a0\u00bb dans les h\u00f4pitaux. <\/strong>Le minist\u00e8re de la Sant\u00e9 aurait demand\u00e9 aux agences r\u00e9gionales de sant\u00e9 (ARS) de passer en \u00ab\u00a0organisation de crise\u00a0\u00bb \u00e0 partir de jeudi 18 f\u00e9vrier. Des informations figurant\u00a0sur une\u00a0circulaire dat\u00e9e du 12\u00a0f\u00e9vrier que <a href=\"https:\/\/www.lejdd.fr\/Societe\/Sante\/info-jdd-covid-19-les-hopitaux-passent-en-organisation-de-crise-4025058\"><em>le Journal du Dimanche<\/em><\/a> s&rsquo;est procur\u00e9e.\u00a0\u00ab\u00a0<em>Cette organisation de crise<\/em>\u00ab\u00a0, qui implique d&rsquo;augmenter le nombre de lits et de mobiliser tout le personnel m\u00e9dical disponibles, \u00ab\u00a0<em>doit \u00eatre mise en oeuvre dans chaque r\u00e9gion, quel que soit le niveau de tension hospitali\u00e8re\u00a0\u00bb<\/em>, indique ce document de la Direction g\u00e9n\u00e9rale de la Sant\u00e9, cit\u00e9 par le JDD.\u00a0<\/li>\n<li><strong>Vaccination des 50-64\u00a0ans.<\/strong> Le 17\u00a0f\u00e9vrier, 700\u00a0000\u00a0doses du vaccin AstraZeneca, jusque-l\u00e0 r\u00e9serv\u00e9 aux personnels de sant\u00e9, sont attendues en France. La\u00a0Direction g\u00e9n\u00e9rale de la Sant\u00e9 avait annonc\u00e9, samedi 13\u00a0f\u00e9vrier, que les m\u00e9decins g\u00e9n\u00e9ralistes\u00a0pourraient commencer \u00e0 vacciner\u00a0leurs patients de moins de 65\u00a0ans d\u00e8s le 25\u00a0f\u00e9vrier.\u00a0Sont concern\u00e9s ceux pr\u00e9sentant\u00a0des facteurs de risque\u00a0:\u00a0ob\u00e9sit\u00e9, diab\u00e8te, cancer ou encore maladie respiratoire.\u00a0<\/li>\n<li><strong>Renfort en Moselle.\u00a0<\/strong>Les marins pompiers de Marseille vont intervenir en Moselle pour d\u00e9ployer leurs techniques d&rsquo;analyse des eaux us\u00e9es afin de mieux lutter contre la propagation des variants du coronavirus, rapporte\u00a0<a href=\"https:\/\/www.francebleu.fr\/infos\/sante-sciences\/les-pompiers-de-marseille-interviennent-en-moselle-pour-detecter-les-traces-de-covid-dans-les-eaux-1613298148\">France Bleu<\/a>\u00a0ce dimanche 14\u00a0f\u00e9vrier.\u00a0Les premi\u00e8res conclusions de s\u00e9quen\u00e7age mettent en \u00e9vidence\u00a0une progression en Moselle du variant sud-africain.<\/li>\n<\/ul>\n<p><a id=\"nouvelles-mesures-covid-france\" name=\"nouvelles-mesures-covid-france\" style=\"font-size: 1.125rem; background-color: rgb(255, 255, 255);\">Quelles sont les nouvelles mesures anti Covid-19 en France ?<\/a><\/p>\n<p>Toute la France est sous<strong>\u00a0couvre-feu \u00e0 18 heures<\/strong> depuis le\u00a0samedi 16 janvier 2021. A date, les mesures de restrictions sont maintenues :<\/p>\n<ul>\n<li><a href=\"http:\/\/www.legifrance.gouv.fr\/download\/pdf?id=z9Xex3BhyHCobGlKyQ5aprEvwG8fGin5VW86ro4rsr0=\">Les centres commerciaux non-alimentaires<\/a> de plus de 20\u00a0000 m<sup>2\u00a0<\/sup>sont ferm\u00e9s\u00a0pour au moins quatre\u00a0semaines (magasins de bricolage, de pr\u00eat-\u00e0-porter, de d\u00e9coration\u2026).<\/li>\n<li>La pratique sportive ou la promenade en plein air est interdite pendant les horaires de couvre-feu\u00a0;<\/li>\n<li>Pendant la journ\u00e9e, les d\u00e9placements sont autoris\u00e9s et l&rsquo;attestation n&rsquo;est pas n\u00e9cessaire\u00a0;<\/li>\n<li>Les d\u00e9placements entre r\u00e9gions sont autoris\u00e9s\u00a0;<\/li>\n<li>Les d\u00e9placements en provenance ou \u00e0 destination d&rsquo;un pays ext\u00e9rieur \u00e0 l&rsquo;Union europ\u00e9enne sont interdits, sauf motif imp\u00e9rieux<\/li>\n<li>Les lieux de culte doivent respecter une certaine jauge\u00a0\u00a0;<\/li>\n<li>Les salles de cin\u00e9ma, les th\u00e9\u00e2tres et les mus\u00e9es restent ferm\u00e9s ;<\/li>\n<li>L&rsquo;accueil du public dans les enceintes sportives, dans les cirques, les parcs zoologiques ou encore les salles de jeux et les casinos est interdit\u00a0;<\/li>\n<li>Les restaurants et les caf\u00e9s sont ferm\u00e9s ;<\/li>\n<li>Le t\u00e9l\u00e9travail doit se poursuivre quand il est possible.\u00a0<\/li>\n<li><b>Fermeture des\u00a0<\/b><span style=\"font-weight: 600;\">fronti\u00e8res<\/span><b>. <\/b>Depuis dimanche 31\u00a0janvier \u00e0 minuit, la France a ferm\u00e9 ses fronti\u00e8res\u00a0aux pays ext\u00e9rieurs \u00e0 l&rsquo;Union europ\u00e9enne, sauf pour \u00ab\u00a0<em>motif imp\u00e9rieux\u00a0\u00bb<\/em>.\u00a0Le Premier ministre\u00a0Jean Castex l&rsquo;avait\u00a0annonc\u00e9 vendredi 29\u00a0janvier\u00a0\u00e0\u00a0l&rsquo;issue du\u00a0Conseil de d\u00e9fense \u00e0 l&rsquo;Elys\u00e9e.\u00a0<\/li>\n<\/ul>\n<p><a href=\"https:\/\/twitter.com\/Sante_Gouv\/status\/1359922777159966720\" target=\"_blank\" rel=\"noopener noreferrer\">Olivier V\u00e9ran,\u00a0ministre de la Sant\u00e9 a pr\u00e9cis\u00e9 jeudi 11 f\u00e9vrier au soir<\/a>\u00a0la situation sanitaire. Il a fait part\u00a0des inqui\u00e9tudes du gouvernement sur la pr\u00e9sence en France de 3\u00a0variants.\u00a0<\/p>\n<p>\u2192\u00a0Le variant britannique serait responsable de 20\u00a0\u00e0 25% des infections au coronavirus en France. La proportion des variants sud-africain et br\u00e9silien serait de 4\u00a0\u00e0 5% dans le pays.<\/p>\n<p>\u2192 Les 3\u00a0variants sont plus contagieux, procurent les m\u00eames sympt\u00f4mes et touchent les m\u00eames personnes.<\/p>\n<p>\u2192 Les <strong>vaccins seraient efficaces sur le variant britannique<\/strong>, confirme le ministre de la sant\u00e9.<\/p>\n<p>\u2192 Les variants sud-africain et br\u00e9silien peuvent entrainer des r\u00e9infections\u00a0: \u00ab\u00a0<em>Le virus contourne les anticorps chez les personnes qui ont d\u00e9j\u00e0 \u00e9t\u00e9 contamin\u00e9es, et sont moins sensibles \u00e0 certains vaccins disponibles\u00a0\u00bb<\/em>, indique Olivier V\u00e9ran.<\/p>\n<p>\u2192 Le d\u00e9pistage des variants\u00a0est syst\u00e9matiquement r\u00e9alis\u00e9 sur tout test antig\u00e9nique ou PCR donnant un r\u00e9sultat positif pour d\u00e9terminer s&rsquo;il s&rsquo;agit d&rsquo;une contamination par l&rsquo;un de ces variants. Le test est alors soumis \u00e0 un <strong>test multiplex par criblage.\u00a0<\/strong><\/p>\n<p>\u2192 la situation est \u00ab\u00a0<em>inqui\u00e9tante en <strong>Dordogne <\/strong>o\u00f9 pr\u00e8s de 40\u00a0cas de variants ont \u00e9t\u00e9 identifi\u00e9s sur les 4\u00a0derniers jours\u00a0\u00bb ; et \u00ab\u00a0en <strong>Moselle<\/strong> ou la situation est la plus inqui\u00e9tante\u00a0: + de 300\u00a0cas de mutation au variant sur-africain et br\u00e9silien ont \u00e9t\u00e9 identifi\u00e9s<\/em>\u00ab\u00a0, indique le ministre.<\/p>\n<p>Un couvre-feu national est en vigueur en France depuis le\u00a016 janvier 2021.\u00a0<strong>En chiffres :<\/strong> Sant\u00e9 Publique France indique dans son <a href=\"https:\/\/www.santepubliquefrance.fr\/maladies-et-traumatismes\/maladies-et-infections-respiratoires\/infection-a-coronavirus\/documents\/bulletin-national\/covid-19-point-epidemiologique-du-4-fevrier-2021\" target=\"_blank\" rel=\"noopener noreferrer\">point hebdomadaire du 4 f\u00e9vrier<\/a>\u00a0une <strong>\u00e9volution plus favorable en semaine 4 (25-31 janvier)<\/strong>, avec une l\u00e9g\u00e8re inversion de la tendance dans les premiers d\u00e9partements sous couvre-feu anticip\u00e9 (groupes 1\u00a0et 2) et une stabilisation dans les autres.\u00a0En semaine 03, l&rsquo;analyse des indicateurs montrait une d\u00e9gradation de la situation \u00e9pid\u00e9miologique sur les 7\u00a0derniers jours (18\u00a0au 24\u00a0janvier), notamment dans le groupe des d\u00e9partements o\u00f9 le couvre-feu anticip\u00e9 aurait pu commencer \u00e0 produire un effet. Ces \u00e9l\u00e9ments n&rsquo;\u00e9taient donc pas en faveur d&rsquo;un impact positif du couvre-feu anticip\u00e9.<\/p>\n<p><strong>Les d\u00e9partements ont \u00e9t\u00e9 class\u00e9s en trois groupes\u00a0<\/strong>: Groupe 1\u00a0: 15\u00a0d\u00e9partements avec couvre-feu d\u00e8s 18h \u00e0 partir du 2\u00a0janvier 2021\u00a0; Groupe 2\u00a0: 10\u00a0d\u00e9partements avec couvre-feu d\u00e8s 18h \u00e0 partir des 10\u00a0et 12\u00a0janvier 2021\u00a0; Groupe 3\u00a0: 61\u00a0d\u00e9partements avec couvre-feu d\u00e8s 18h \u00e0 partir du 16\u00a0janvier 2021.<\/p>\n<h3 style=\"text-align: center;\">\u00c9volution du taux d&rsquo;incidence sur 7\u00a0jours glissants par groupe de d\u00e9partements, du 27\u00a0juin 2020\u00a0au 31 janvier 2021, France m\u00e9tropolitaine (donn\u00e9es au 3 f\u00e9vrier 2021)<\/h3>\n<div style=\"text-align:center\">\n<figure class=\"image\" style=\"display:inline-block\"><a class=\"fancy\" href=\"https:\/\/img-3.journaldesfemmes.fr\/e5S3HF6DXTRGWOQO9FaYvW8B_So=\/1080x\/smart\/ac03d9fa191242de90dae4ddca914a3b\/ccmcms-jdf\/22146152.jpg\"><img decoding=\"async\" alt=\"\u00e9volution du taux d'incidence du coronavirus par d\u00e9partement sous couvre-feu en France\" src=\"https:\/\/img-3.journaldesfemmes.fr\/Zffz2zRZ_Ff28wjbmM8D9hIwqqM=\/600x\/smart\/ac03d9fa191242de90dae4ddca914a3b\/ccmcms-jdf\/22146152.jpg\"\/><\/a><figcaption data-credit=\"Sant\u00e9 Publique France\" data-legend=\"\u00c9volution du taux d\u2019incidence sur 7 jours glissants par groupe de d\u00e9partements, du 27 juin 2020 au 31 janvier 2021, France m\u00e9tropolitaine (donn\u00e9es au 3 f\u00e9vrier 2021)\">\u00c9volution du taux d\u2019incidence sur 7 jours glissants par groupe de d\u00e9partements, du 27 juin 2020 au 31 janvier 2021, France m\u00e9tropolitaine (donn\u00e9es au 3 f\u00e9vrier 2021) <small>\u00a9\u00a0Sant\u00e9 Publique France<\/small><\/figcaption><\/figure>\n<\/div>\n<p><strong>D\u00e9placements autoris\u00e9s apr\u00e8s 18 heures sur <a href=\"https:\/\/www.interieur.gouv.fr\/Actualites\/L-actu-du-Ministere\/Attestations-de-deplacement-couvre-feu\" target=\"_blank\" rel=\"noopener noreferrer\">attestation<\/a> :<\/strong><\/p>\n<ul>\n<li>se rendre ou revenir de son lieu de travail, \u00e0 une <a href=\"https:\/\/www.affinite.fr\/index.php\/2022\/11\/09\/formation-de-glacier-apprenez-le-metier-de-glacier-et-changez-votre-vie\/\">formation<\/a> professionnelle, effectuer un d\u00e9placement professionnel ne pouvant \u00eatre report\u00e9\u00a0;<\/li>\n<li>des motifs familiaux imp\u00e9rieux, pour l&rsquo;assistance aux personnes vuln\u00e9rables et pr\u00e9caires, notamment aux personnes en situation de handicap ou pour la garde d&rsquo;enfants\u00a0;<\/li>\n<li>des motifs m\u00e9dicaux\u00a0: aller \u00e0 l&rsquo;h\u00f4pital, examens et soins ne pouvant \u00eatre assur\u00e9s \u00e0 distance et achat de m\u00e9dicaments\u00a0;<\/li>\n<li>participer \u00e0 des missions d&rsquo;int\u00e9r\u00eat g\u00e9n\u00e9ral sur demande de l&rsquo;autorit\u00e9 administrative (maraudes des associations de lutte contre la pauvret\u00e9 ou distributions d&rsquo;aides alimentaires \u00e0 domicile)\u00a0;<\/li>\n<li>les personnes en situation de handicap et leur accompagnant\u00a0;<\/li>\n<li>promener un animal domestique autour de son domicile.<\/li>\n<\/ul>\n<blockquote>\n<p>Les formes graves surviennent avec un d\u00e9calage d&rsquo;une \u00e0 deux semaines apr\u00e8s le d\u00e9but des signes.<\/p>\n<\/blockquote>\n<p>Selon les derniers chiffres publi\u00e9s par <a href=\"https:\/\/www.santepubliquefrance.fr\/dossiers\/coronavirus-covid-19\/coronavirus-chiffres-cles-et-evolution-de-la-covid-19-en-france-et-dans-le-monde\" target=\"_blank\" rel=\"noopener noreferrer\">Sant\u00e9 publique France<\/a>, au lundi\u00a015\u00a0f\u00e9vrier, en France\u00a0:<\/p>\n<p>\u2022 3 469 539 personnes ont \u00e9t\u00e9 contamin\u00e9es par le coronavirus\u00a0<strong>(+4 376\u00a0<\/strong><strong>en 24\u00a0heures)<\/strong><\/p>\n<p>\u2022 82 226 personnes sont d\u00e9c\u00e9d\u00e9es en France\u00a0<strong>(+167\u00a0en 24\u00a0heures),<\/strong><strong>\u00a0<\/strong>dont 58 227 \u00e0 l&rsquo;h\u00f4pital, auxquels se sont ajout\u00e9s 328 d\u00e9c\u00e8s en Ephad et ESMS entre le 9\u00a0et le 12\u00a0f\u00e9vrier.<\/p>\n<p>\u2022 3 381 patients Covid-19 sont en r\u00e9animation (+72).<\/p>\n<p>\u2022 26 522 patients Covid-19 sont hospitalis\u00e9s (+77).<\/p>\n<blockquote>\n<p style=\"text-align: right;\">\u00a0<\/p>\n<\/blockquote>\n<blockquote>\n<p style=\"text-align: right;\">\u00a0<\/p>\n<\/blockquote>\n<p>La circulation du virus SARS-CoV2\u00a0persiste \u00e0 un niveau tr\u00e8s haut en France, avec en moyenne de<strong> 19 858 nouveaux cas confirm\u00e9s chaque jour <\/strong>entre le 1er et le 7 f\u00e9vrier\u00a0(derniers chiffres de Sant\u00e9 Publique France).<\/p>\n<ul>\n<li>Le taux hebdomadaire d&rsquo;hospitalisation\u00a0\u00e9tait stable pour la deuxi\u00e8me semaine cons\u00e9cutive.<\/li>\n<li>Une <strong>stabilisation du taux des nouvelles admissions en r\u00e9animation<\/strong> \u00e9tait observ\u00e9e, apr\u00e8s quatre semaines cons\u00e9cutives d&rsquo;augmentation.<\/li>\n<li>Les estimations du R-effectif\u00a0\u00e9taient\u00a0inf\u00e9rieures \u00e0 1\u00a0pour deux des trois sources de donn\u00e9es\u00a0: 0,98\u00a0pour les donn\u00e9es virologiques (tests RT-PCR et tests antig\u00e9niques, SI-DEP), 0,95\u00a0pour les hospitalisations pour COVID-19\u00a0(SI-VIC).<\/li>\n<li><strong>Les personnes de 75\u00a0ans et plus restent les plus touch\u00e9es par le SARS-CoV-2<\/strong>, m\u00eame si le nombre de cas confirm\u00e9s dans cette classe d&rsquo;\u00e2ge est stable depuis 2\u00a0semaines.<\/li>\n<li>Les<strong> r\u00e9gions les plus touch\u00e9es <\/strong>\u00e9taient les r\u00e9gions Provence-Alpes-C\u00f4te d&rsquo;Azur, \u00cele-de-France, Hauts-de-France et Auvergne-Rh\u00f4ne-Alpes. Ces r\u00e9gions pr\u00e9sentaient en semaine 05 (1-7 f\u00e9vrier) les plus forts taux d&rsquo;incidence et de positivit\u00e9, ainsi que les taux d&rsquo;hospitalisation parmi les plus \u00e9lev\u00e9s en m\u00e9tropole.<\/li>\n<\/ul>\n<div style=\"text-align:center\">\n<figure class=\"image\" style=\"display:inline-block\"><a class=\"fancy\" href=\"https:\/\/img-3.journaldesfemmes.fr\/I-arUmscyloQ_AXnoatE33xOUdc=\/1080x\/smart\/6849e99116b540ef999f11877ff12c60\/ccmcms-jdf\/22353634.png\"><img decoding=\"async\" alt=\"Nombre de nouvelles personnes positives au Sars-Cov-2 (PCR\/antig\u00e9nique) sur une semaine glissante, pour la premi\u00e8re fois depuis plus de 60 jours, rapport\u00e9 \u00e0 la taille de la population, au 10 f\u00e9vrier \" src=\"https:\/\/img-3.journaldesfemmes.fr\/2aV05zKoZ31slEUECcwp95f0n-w=\/450x\/smart\/6849e99116b540ef999f11877ff12c60\/ccmcms-jdf\/22353634.png\"\/><\/a><figcaption data-credit=\"Gouvernement.fr\" data-legend=\"Nombre de nouvelles personnes positives au Sars-Cov-2 (PCR\/antig\u00e9nique) sur une semaine glissante, pour la premi\u00e8re fois depuis plus de 60 jours, rapport\u00e9 \u00e0 la taille de la population, au 11 f\u00e9vrier \">Nombre de nouvelles personnes positives au Sars-Cov-2 (PCR\/antig\u00e9nique) sur une semaine glissante, pour la premi\u00e8re fois depuis plus de 60 jours, rapport\u00e9 \u00e0 la taille de la population, au 11 f\u00e9vrier <small>\u00a9\u00a0Gouvernement.fr<\/small><\/figcaption><\/figure>\n<\/div>\n<p>Le gouvernement suit \u00e9galement l&rsquo;\u00e9volution du taux d&rsquo;occupation des lits en r\u00e9animation par des patients Covid-19 (sur les capacit\u00e9s initiales). Ce taux met en lumi\u00e8re une \u00e9ventuelle tension hospitali\u00e8re.\u00a0La tension hospitali\u00e8re est actuellement mod\u00e9r\u00e9e et stable.<\/p>\n<div style=\"text-align:center\">\n<figure class=\"image\" style=\"display:inline-block\"><a class=\"fancy\" href=\"https:\/\/img-3.journaldesfemmes.fr\/n5mY9H2PiFqYq46Ol2YxfjlHxz8=\/1080x\/smart\/5d6e1111582e424b93194c3ef24895e2\/ccmcms-jdf\/22353633.png\"><img decoding=\"async\" alt=\"Taux d'occupation des lits en r\u00e9animation au 10 f\u00e9vrier par des patients Covid-19\" src=\"https:\/\/img-3.journaldesfemmes.fr\/GWxjNgIcfiV2CxByKIiySoaWlmA=\/450x\/smart\/5d6e1111582e424b93194c3ef24895e2\/ccmcms-jdf\/22353633.png\"\/><\/a><figcaption data-credit=\"Gouvernement.fr\" data-legend=\"Taux d'occupation des lits en r\u00e9animation au 11 f\u00e9vrier par des patients Covid-19\">Taux d&rsquo;occupation des lits en r\u00e9animation au 11 f\u00e9vrier par des patients Covid-19 <small>\u00a9\u00a0Gouvernement.fr<\/small><\/figcaption><\/figure>\n<\/div>\n<p>Le\u00a0<strong>pic \u00e9pid\u00e9mique<\/strong>\u00a0de la premi\u00e8re vague a \u00e9t\u00e9 observ\u00e9 la\u00a0<strong>semaine du 6\u00a0au 12\u00a0avril<\/strong>, soit 15\u00a0jours\u00a0apr\u00e8s la mise en \u0153uvre des mesures de confinement de la population g\u00e9n\u00e9rale, le 17\u00a0mars 2020. Le <strong>pic de la deuxi\u00e8me vague <\/strong>a eu lieu\u00a0du <strong>16\u00a0au 20\u00a0novembre,\u00a0<\/strong>trois semaines apr\u00e8s le deuxi\u00e8me confinement.<\/p>\n<p>Au lundi 15\u00a0f\u00e9vrier 2021, un total de<strong>\u00a03 469 539\u00a0<\/strong><strong>cas\u00a0confirm\u00e9s\u00a0<\/strong>de coronavirus est rapport\u00e9 depuis le d\u00e9but de la pand\u00e9mie.\u00a0Sur la semaine du 1er au 7 f\u00e9vrier, Sant\u00e9 Publique France rapporte un taux\u00a0d&rsquo;incidence\u00a0de 207 cas pour 100\u00a0000\u00a0habitants, en l\u00e9g\u00e8re diminution\u00a0par rapport \u00e0 la semaine pr\u00e9c\u00e9dente (215 cas\/100 000). <strong>19\u00a0858 cas ont \u00e9t\u00e9 confirm\u00e9s en moyenne chaque jour.\u00a0<\/strong>Les <strong>personnes de 75\u00a0ans et plus restent\u00a0les plus touch\u00e9es par le SARS-CoV-2.<\/strong><\/p>\n<h3 style=\"text-align: center;\">Nombre incident de cas confirm\u00e9s de Covid-19\u00a0par semaine, rapport\u00e9s \u00e0 Sant\u00e9 publique France, du 11\u00a0mai au 7 f\u00e9vrier 2021, France enti\u00e8re (donn\u00e9es au 10 f\u00e9vrier)<\/h3>\n<div style=\"text-align:center\">\n<figure class=\"image\" style=\"display:inline-block\"><a class=\"fancy\" href=\"https:\/\/img-3.journaldesfemmes.fr\/QxEULEWe9zdaM0jIfsvvTZttpvE=\/1080x\/smart\/68bafeeaf10847c4854653156fb13250\/ccmcms-jdf\/22319021.jpg\"><img decoding=\"async\" alt=\"cas confirm\u00e9 covid\" src=\"https:\/\/img-3.journaldesfemmes.fr\/Moxs2HxeJ2BcS57xExwK2sTLAPA=\/600x\/smart\/68bafeeaf10847c4854653156fb13250\/ccmcms-jdf\/22319021.jpg\"\/><\/a><figcaption data-credit=\"Sant\u00e9 Publique France\" data-legend=\"Nombre incident de cas confirm\u00e9s de COVID-19 par semaine (date de pr\u00e9l\u00e8vement), rapport\u00e9s \u00e0 Sant\u00e9 publique France du 11 mai 2020 au 7 f\u00e9vrier 2021, France (donn\u00e9es au 10 f\u00e9vrier 2021)\">Nombre incident de cas confirm\u00e9s de COVID-19 par semaine (date de pr\u00e9l\u00e8vement), rapport\u00e9s \u00e0 Sant\u00e9 publique France du 11 mai 2020 au 7 f\u00e9vrier 2021, France (donn\u00e9es au 10 f\u00e9vrier 2021) <small>\u00a9\u00a0Sant\u00e9 Publique France<\/small><\/figcaption><\/figure>\n<\/div>\n<h3 style=\"text-align: center;\">Nombre de cas confirm\u00e9s de COVID-19\u00a0chez les r\u00e9sidents et le personnel en ESMS (\u00e9tablissements sociaux et m\u00e9dico-sociaux)\u00a0par semaine calendaire, du 20\u00a0juillet au 7 f\u00e9vrier\u00a02021, en France<\/h3>\n<div style=\"text-align:center\">\n<figure class=\"image\" style=\"display:inline-block\"><a class=\"fancy\" href=\"https:\/\/img-3.journaldesfemmes.fr\/94B98tllO5M1doUqLxAKydKIkp4=\/1080x\/smart\/a4f83357809842dab70f19f3cdf6d6e1\/ccmcms-jdf\/22319025.jpg\"><img decoding=\"async\" alt=\"courbe cas de covid en france dans les ESMS dont Ehpad\" src=\"https:\/\/img-3.journaldesfemmes.fr\/EzUgDrsJfvSl9-Isy1gU8KU6r8s=\/600x\/smart\/a4f83357809842dab70f19f3cdf6d6e1\/ccmcms-jdf\/22319025.jpg\"\/><\/a><figcaption data-credit=\"Sant\u00e9 Publique France\" data-legend=\"Nombre de cas confirm\u00e9s de COVID-19 chez les r\u00e9sidents et le personnel en ESMS par semaine calendaire, du 20 juillet au 7 f\u00e9vrier 2021, en France \">Nombre de cas confirm\u00e9s de COVID-19 chez les r\u00e9sidents et le personnel en ESMS par semaine calendaire, du 20 juillet au 7 f\u00e9vrier 2021, en France <small>\u00a9\u00a0Sant\u00e9 Publique France<\/small><\/figcaption><\/figure>\n<\/div>\n<p>Lundi 15 f\u00e9vrier,<strong>\u00a0+4 376 nouvelles personnes<\/strong>\u00a0ont re\u00e7u un test positif au Covid-19 par rapport \u00e0 la veille.<\/p>\n<div style=\"text-align:center\">\n<figure class=\"image\" style=\"display:inline-block\"><a class=\"fancy\" href=\"https:\/\/img-3.journaldesfemmes.fr\/m1jJag3V5iX7xQ-1VWix25PurZY=\/1080x\/smart\/227abc0cd6c144e7ad16516022439f8a\/ccmcms-jdf\/22298927.jpg\"><img decoding=\"async\" alt=\"courbe variation cas covid par jour en france\" src=\"https:\/\/img-3.journaldesfemmes.fr\/W1QOESgdnH4EpfQP1cdPG2UoBWg=\/600x\/smart\/227abc0cd6c144e7ad16516022439f8a\/ccmcms-jdf\/22298927.jpg\"\/><\/a><figcaption data-credit=\"Gouvernement.fr\" data-legend=\"Courbe de variation quotidienne des cas de Covid-19 en France jusqu'au 10 f\u00e9vrier 2021.\">Courbe de variation quotidienne des cas de Covid-19 en France jusqu&rsquo;au 10 f\u00e9vrier 2021. <small>\u00a9\u00a0Gouvernement.fr<\/small><\/figcaption><\/figure>\n<\/div>\n<p>Les nombres\u00a0d&rsquo;hospitalisations et d&rsquo;admissions en r\u00e9animation de patients Covid restent \u00e0 un niveau toujours tr\u00e8s \u00e9lev\u00e9, souligne Sant\u00e9 Publique France dans son bilan hebdomadaire du 11 f\u00e9vrier. La tension est persistante sur le\u00a0syst\u00e8me hospitalier. Apr\u00e8s avoir augment\u00e9 entre les semaines 01\u00a0et 04, le nombre de d\u00e9clarations de nouvelles admissions en services de r\u00e9animation s&rsquo;est stabilis\u00e9 en semaine 05 (1-7 f\u00e9vrier) : 1\u00a0767\u00a0nouvelles admissions en services de r\u00e9animation ont \u00e9t\u00e9 d\u00e9clar\u00e9es\u00a0contre 1\u00a0800\u00a0en S04, soit <strong>-2%<\/strong>.<\/p>\n<p>\u2192 Lundi 15\u00a0f\u00e9vrier,<b>\u00a03 381\u00a0<\/b>personnes sont\u00a0hospitalis\u00e9es\u00a0en\u00a0r\u00e9animation (+72\u00a0en 24 heures).\u00a0<\/p>\n<div style=\"text-align:center\">\n<figure class=\"image\" style=\"display:inline-block\"><a class=\"fancy\" href=\"https:\/\/img-3.journaldesfemmes.fr\/Aljgh5wlzAXxyb9VaNy678U-QQE=\/1080x\/smart\/dc2b1df6007642d588449ad721db7f17\/ccmcms-jdf\/22319118.jpg\"><img decoding=\"async\" alt=\"courbe r\u00e9animation covid-19\" src=\"https:\/\/img-3.journaldesfemmes.fr\/pARi17WFlla5lWPlSKxCLNaTIYw=\/600x\/smart\/dc2b1df6007642d588449ad721db7f17\/ccmcms-jdf\/22319118.jpg\"\/><\/a><figcaption data-credit=\"Sant\u00e9 Publique France\" data-legend=\" Nombre hebdomadaire de patients COVID-19 admis en service de r\u00e9animation pendant leur hospitalisation, par semaine d\u2019admission en r\u00e9animation, depuis le 24 f\u00e9vrier 2020, France, donn\u00e9es au 9 f\u00e9vrier\">Nombre hebdomadaire de patients COVID-19 admis en service de r\u00e9animation pendant leur hospitalisation, par semaine d\u2019admission en r\u00e9animation, depuis le 24 f\u00e9vrier 2020, France, donn\u00e9es au 9 f\u00e9vrier <small>\u00a9\u00a0Sant\u00e9 Publique France<\/small><\/figcaption><\/figure>\n<\/div>\n<p>\u2192 En semaine 05 (1-7 f\u00e9vrier), le taux hebdomadaire de nouvelles admissions en services de r\u00e9animation a <strong>augment\u00e9 dans les r\u00e9gions \u00cele-de-France (+12%), Occitanie (+12%), Hauts-de-France (+11%) et Bourgogne-Franche-Comt\u00e9 <\/strong>(+10%). Il est rest\u00e9 stable ou a diminu\u00e9 dans les autres r\u00e9gions de France m\u00e9tropolitaine.<\/p>\n<p>\u2192 Les <strong>plus forts taux hebdomadaires d&rsquo;admissions en services de r\u00e9animation<\/strong> \u00e9taient rapport\u00e9s en<strong> Provence-Alpes-C\u00f4te d&rsquo;Azur<\/strong> (4,5\/100\u00a0000\u00a0habitants)<strong>, \u00cele-de-France<\/strong> (3,4), <strong>Bourgogne-Franche-Comt\u00e9 <\/strong>(3,2), Occitanie (2,9), Hauts-de-France (2,8) et Grand Est (2,7). Les autres r\u00e9gions de France m\u00e9tropolitaine rapportaient des taux inf\u00e9rieurs \u00e0 2,6\u00a0pour 100\u00a0000\u00a0habitants.<\/p>\n<p>\u2192 Entre le 05\u00a0octobre 2020\u00a0et le 9 f\u00e9vrier\u00a02021, parmi les 6315 patients signal\u00e9s avec un diagnostic confirm\u00e9 de COVID-19, <strong>71% \u00e9taient des hommes <\/strong>; l&rsquo;<strong>\u00e2ge m\u00e9dian des patients \u00e9tait de 68\u00a0ans\u00a0<\/strong>et 62% \u00e9taient \u00e2g\u00e9s de 65\u00a0ans et plus.<\/p>\n<p>\u2192 La surveillance sp\u00e9cifique des cas graves de COVID-19\u00a0admis en r\u00e9animation<strong> lors de la deuxi\u00e8me vague<\/strong> indiquait une proportion \u00e9lev\u00e9e d&rsquo;hommes (72%), de personnes de 65\u00a0ans et plus (63%) et de cas pr\u00e9sentant une comorbidit\u00e9 (89%), dont les plus fr\u00e9quentes \u00e9taient l&rsquo;hypertension art\u00e9rielle, l&rsquo;ob\u00e9sit\u00e9 et le diab\u00e8te. Pour 43% des patients hospitalis\u00e9s en r\u00e9animation pour COVID-19, un recours \u00e0 la ventilation invasive avait \u00e9t\u00e9 n\u00e9cessaire.<\/p>\n<p>Selon les <a href=\"https:\/\/www.gouvernement.fr\/info-coronavirus\/carte-et-donnees\" target=\"_blank\" rel=\"noopener noreferrer\">chiffres communiqu\u00e9s par le gouvernement<\/a>, consolid\u00e9s avec l&rsquo;Agence Sant\u00e9 Publique France et\u00a0les ARS (Agences r\u00e9gionales de Sant\u00e9), voici l&rsquo;\u00e9volution des hospitalisations (dont la r\u00e9animation) et des d\u00e9c\u00e8s\u00a0en France par r\u00e9gion.<\/p>\n<h3 style=\"text-align: center;\"><a id=\"cas-covid-19-tableau-par-region\" name=\"cas-covid-19-tableau-par-region\">Evolution des hospitalisations (dont en r\u00e9animation) et d\u00e9c\u00e8s \u00e0 l&rsquo;h\u00f4pital du Covid-19\u00a0par r\u00e9gion au 15\u00a0f\u00e9vrier<\/a><\/h3>\n<table border=\"1\" cellpadding=\"1\" cellspacing=\"1\" style=\"width:100%;\">\n<thead>\n<tr>\n<th scope=\"col\" style=\"width: 199px;\">R\u00e9gions<\/th>\n<th scope=\"col\" style=\"width: 162px; text-align: center;\">Hospitalisations en cours<\/th>\n<th scope=\"col\" style=\"width: 143px; text-align: center;\">Evolution des nouveaux patients sur les\u00a0 derni\u00e8res 24\u00a0H<\/th>\n<th scope=\"col\" style=\"width: 149px; text-align: center;\">R\u00e9animation Soins intensif<\/th>\n<th scope=\"col\" style=\"width: 155px; text-align: center;\">Evolution des nouveaux patients sur les\u00a0 derni\u00e8res 24\u00a0H<\/th>\n<th scope=\"col\" style=\"width: 220px; text-align: center;\">D\u00e9c\u00e8s<\/th>\n<\/tr>\n<tr>\n<td style=\"width: 199px;\"><b>\u00cele-de-France<\/b><\/td>\n<td style=\"width: 162px;\">5 090<\/td>\n<td style=\"width: 143px;\">+103<\/td>\n<td style=\"width: 149px;\">741<\/td>\n<td style=\"width: 155px;\">+11<\/td>\n<td style=\"width: 220px;\">14 196<\/td>\n<\/tr>\n<tr>\n<td style=\"width: 199px;\"><strong>Grand Est<\/strong><\/td>\n<td style=\"width: 162px;\">2 532<\/td>\n<td style=\"width: 143px;\">+45<\/td>\n<td style=\"width: 149px;\">298<\/td>\n<td style=\"width: 155px;\">+4<\/td>\n<td style=\"width: 220px;\">7 713<\/td>\n<\/tr>\n<tr>\n<td style=\"width: 199px;\"><strong>Auvergne-Rh\u00f4ne-Alpes<\/strong><\/td>\n<td style=\"width: 162px;\">3 618<\/td>\n<td style=\"width: 143px;\">+147<\/td>\n<td style=\"width: 149px;\">419<\/td>\n<td style=\"width: 155px;\">+52<\/td>\n<td style=\"width: 220px;\">8 614<\/td>\n<\/tr>\n<tr>\n<td style=\"width: 199px;\"><strong>Hauts-de-France<\/strong><\/td>\n<td style=\"width: 162px;\">2 610<\/td>\n<td style=\"width: 143px;\">+143<\/td>\n<td style=\"width: 149px;\">318<\/td>\n<td style=\"width: 155px;\">+33<\/td>\n<td style=\"width: 220px;\">5 768<\/td>\n<\/tr>\n<tr>\n<td style=\"width: 199px;\"><strong>Bourgogne-Franche-Comt\u00e9<\/strong><\/td>\n<td style=\"width: 162px;\">1 595<\/td>\n<td style=\"width: 143px;\">+36<\/td>\n<td style=\"width: 149px;\">\n<p>155<\/p>\n<\/td>\n<td style=\"width: 155px;\">+3<\/td>\n<td style=\"width: 220px;\">3 607<\/td>\n<\/tr>\n<tr>\n<td style=\"width: 199px;\"><strong>Provence-Alpes-C\u00f4te d&rsquo;Azur<\/strong><\/td>\n<td style=\"width: 162px;\">3 489<\/td>\n<td style=\"width: 143px;\">+113<\/td>\n<td style=\"width: 149px;\">438<\/td>\n<td style=\"width: 155px;\">+26<\/td>\n<td style=\"width: 220px;\">5 220<\/td>\n<\/tr>\n<tr>\n<td style=\"width: 199px;\"><strong>Occitanie<\/strong><\/td>\n<td style=\"width: 162px;\">1 760<\/td>\n<td style=\"width: 143px;\">+27<\/td>\n<td style=\"width: 149px;\">285<\/td>\n<td style=\"width: 155px;\">+18<\/td>\n<td style=\"width: 220px;\">3 005<\/td>\n<\/tr>\n<tr>\n<td style=\"width: 199px;\"><strong>Bretagne<\/strong><\/td>\n<td style=\"width: 162px;\">722<\/td>\n<td style=\"width: 143px;\">+28<\/td>\n<td style=\"width: 149px;\">57<\/td>\n<td style=\"width: 155px;\">+3<\/td>\n<td style=\"width: 220px;\">1 042<\/td>\n<\/tr>\n<tr>\n<td style=\"width: 199px;\"><strong>Nouvelle-Aquitaine<\/strong><\/td>\n<td style=\"width: 162px;\">1 477<\/td>\n<td style=\"width: 143px;\">+21<\/td>\n<td style=\"width: 149px;\">198<\/td>\n<td style=\"width: 155px;\">+7<\/td>\n<td style=\"width: 220px;\">2 609<\/td>\n<\/tr>\n<tr>\n<td style=\"width: 199px;\"><strong><a href=\"https:\/\/www.affinite.fr\/index.php\/2024\/11\/21\/construire-votre-maison-en-normandie\/\">Normandie<\/a><\/strong><\/td>\n<td style=\"width: 162px;\">1 279<\/td>\n<td style=\"width: 143px;\">\n<p>+52<\/p>\n<\/td>\n<td style=\"width: 149px;\">141<\/td>\n<td style=\"width: 155px;\">+13<\/td>\n<td style=\"width: 220px;\">2 109<\/td>\n<\/tr>\n<tr>\n<td style=\"width: 199px;\"><strong>Centre Val-de-Loire<\/strong><\/td>\n<td style=\"width: 162px;\">1 044<\/td>\n<td style=\"width: 143px;\">+24<\/td>\n<td style=\"width: 149px;\">131<\/td>\n<td style=\"width: 155px;\">+10<\/td>\n<td style=\"width: 220px;\">1 852<\/td>\n<\/tr>\n<tr>\n<td style=\"width: 199px;\"><strong>Pays de la Loire<\/strong><\/td>\n<td style=\"width: 162px;\">898<\/td>\n<td style=\"width: 143px;\">+23<\/td>\n<td style=\"width: 149px;\">100<\/td>\n<td style=\"width: 155px;\">+2<\/td>\n<td style=\"width: 220px;\">1 913<\/td>\n<\/tr>\n<tr>\n<td style=\"width: 199px;\"><strong>Corse<\/strong><\/td>\n<td style=\"width: 162px;\">52<\/td>\n<td style=\"width: 143px;\">+1<\/td>\n<td style=\"width: 149px;\">11<\/td>\n<td style=\"width: 155px;\">-1<\/td>\n<td style=\"width: 220px;\">138<\/td>\n<\/tr>\n<tr>\n<td style=\"width: 199px;\"><strong>Martinique<\/strong><\/td>\n<td style=\"width: 162px;\">8<\/td>\n<td style=\"width: 143px;\">NC<\/td>\n<td style=\"width: 149px;\">2<\/td>\n<td style=\"width: 155px;\">NC<\/td>\n<td style=\"width: 220px;\">45<\/td>\n<\/tr>\n<tr>\n<td style=\"width: 199px;\"><strong>Guadeloupe<\/strong><\/td>\n<td style=\"width: 162px;\">31<\/td>\n<td style=\"width: 143px;\">NC<\/td>\n<td style=\"width: 149px;\">6<\/td>\n<td style=\"width: 155px;\">NC<\/td>\n<td style=\"width: 220px;\">174<\/td>\n<\/tr>\n<tr>\n<td style=\"width: 199px;\"><strong>La R\u00e9union<\/strong><\/td>\n<td style=\"width: 162px;\">81<\/td>\n<td style=\"width: 143px;\">+1<\/td>\n<td style=\"width: 149px;\">32<\/td>\n<td style=\"width: 155px;\">+5<\/td>\n<td style=\"width: 220px;\">57<\/td>\n<\/tr>\n<tr>\n<td style=\"width: 199px;\"><strong>Guyane<\/strong><\/td>\n<td style=\"width: 162px;\">26<\/td>\n<td style=\"width: 143px;\">+2<\/td>\n<td style=\"width: 149px;\">\n<p>9<\/p>\n<\/td>\n<td style=\"width: 155px;\">NC<\/td>\n<td style=\"width: 220px;\">77<\/td>\n<\/tr>\n<tr>\n<td style=\"width: 199px;\"><strong>Mayotte<\/strong><\/td>\n<td style=\"width: 162px;\">166<\/td>\n<td style=\"width: 143px;\">+14<\/td>\n<td style=\"width: 149px;\">30<\/td>\n<td style=\"width: 155px;\">\n<p>+7<\/p>\n<\/td>\n<td style=\"width: 220px;\">62<\/td>\n<\/tr>\n<tr>\n<td style=\"width: 199px;\"><strong>TOTAL<\/strong><\/td>\n<td style=\"width: 162px;\"><strong>26 522<\/strong><\/td>\n<td style=\"width: 143px;\">+777<\/td>\n<td style=\"width: 149px;\"><b>3 381<\/b><\/td>\n<td style=\"width: 155px;\">+193<\/td>\n<td style=\"width: 220px;\">\n<p><span style=\"font-weight: 600;\">58 227<\/span><\/p>\n<\/td>\n<\/tr>\n<\/thead>\n<\/table>\n<p>En France, depuis le d\u00e9but de l&rsquo;\u00e9pid\u00e9mie, 1\u00a0personne sur 1000\u00a0est morte du fait de la Covid-19, indique la <a href=\"https:\/\/www.has-sante.fr\/jcms\/p_3234447\/fr\/covid-19-se-vacciner-decider-avec-son-medecin\" target=\"_blank\" rel=\"noopener noreferrer\">Haute Autorit\u00e9 de Sant\u00e9<\/a> le 29 janvier.\u00a0Les personnes les plus gravement touch\u00e9es par cette \u00e9pid\u00e9mie restent les personnes \u00e2g\u00e9es de 65\u00a0ans et plus ainsi que celles pr\u00e9sentant des comorbidit\u00e9s. Les personnes \u00e2g\u00e9es de<strong> 65\u00a0ans et plus <\/strong>repr\u00e9sentaient<strong> 91% des personnes d\u00e9c\u00e9d\u00e9es de la COVID-19\u00a0<\/strong>\u00e0 l&rsquo;h\u00f4pital depuis le 1er mars 2020, et 64% des personnes hospitalis\u00e9es en r\u00e9animation le 09\u00a0f\u00e9vrier 2021.\u00a0<\/p>\n<p><strong>\u2192 82 226 d\u00e9c\u00e8s ont \u00e9t\u00e9 comptabilis\u00e9s sur la p\u00e9riode du 1er mars 2020\u00a0au 15\u00a0f\u00e9vrier\u00a02021,\u00a0<\/strong>dont 58 227 \u00e0 l&rsquo;h\u00f4pital\u00a0(<strong>+412\u00a0<\/strong>en 24h), auxquels se sont ajout\u00e9s\u00a0328 nouveaux d\u00e9c\u00e8s en Ehpad et \u00e9tablissements sociaux et m\u00e9dico-sociaux entre le 9\u00a0et le 12\u00a0f\u00e9vrier.\u00a0\u00a0<strong>54% sont des hommes.<\/strong><\/p>\n<p><strong>\u2192 2\u00a0574 personnes sont d\u00e9c\u00e9d\u00e9es de la Covid-19 au cours de la semaine 5<\/strong> (1-7 f\u00e9vrier 2021).<\/p>\n<p><strong>\u2192<\/strong>\u00a0<strong>Sur la semaine 5 (1-7 f\u00e9vrier) : <\/strong>les plus forts taux de d\u00e9c\u00e8s dus \u00e0 la COVID-19\u00a0par r\u00e9gion\u00a0\u00e9taient toujours observ\u00e9s en <strong>Provence-Alpes-C\u00f4te d&rsquo;Azur<\/strong>, Bourgogne-Franche-Comt\u00e9, Grand Est et <strong>Centre-Val de Loire.<\/strong><\/p>\n<p>La France a franchi la barre des 40 000 morts samedi 7 novembre,\u00a0celle des 50 000 le 24 novembre et celle des 60 000 le 18 d\u00e9cembre.\u00a0<strong>Un pic de mortalit\u00e9 a \u00e9t\u00e9 atteint\u00a0le 7\u00a0novembre <\/strong>(40\u00a0169\u00a0morts).\u00a0<\/p>\n<div style=\"text-align:center\">\n<figure class=\"image\" style=\"display:inline-block\"><a class=\"fancy\" href=\"https:\/\/img-3.journaldesfemmes.fr\/0nh4KEIvqKXMKM5pdV8ueQJyy6g=\/1080x\/smart\/692f8d0d372645298078b8d18230519a\/ccmcms-jdf\/22319150.jpg\"><img decoding=\"async\" alt=\"courbe deces covid hopital france\" src=\"https:\/\/img-3.journaldesfemmes.fr\/Y854xVlL9Ml1EUfCAXs2KWu9Deo=\/600x\/smart\/692f8d0d372645298078b8d18230519a\/ccmcms-jdf\/22319150.jpg\"\/><\/a><figcaption data-credit=\"Sant\u00e9 Publique France\" data-legend=\"Nombre hebdomadaire de d\u00e9c\u00e8s \u00e0 l\u2019h\u00f4pital de patients COVID-19 par semaine de d\u00e9c\u00e8s, depuis le 02 mars 2020, France (donn\u00e9es au 09 f\u00e9vrier 2021)\">Nombre hebdomadaire de d\u00e9c\u00e8s \u00e0 l\u2019h\u00f4pital de patients COVID-19 par semaine de d\u00e9c\u00e8s, depuis le 02 mars 2020, France (donn\u00e9es au 09 f\u00e9vrier 2021) <small>\u00a9\u00a0Sant\u00e9 Publique France<\/small><\/figcaption><\/figure>\n<\/div>\n<p><iframe loading=\"lazy\" height=\"1000\" src=\"https:\/\/mapthenews.maps.arcgis.com\/apps\/opsdashboard\/index.html#\/bae8aaa7a0b14261b4621c31db410c44\" style=\"border: 0px\" width=\"600\"><\/iframe><\/p>\n<p>Les<strong> r\u00e9gions les plus touch\u00e9es<\/strong> en semaine 5 (1-7 f\u00e9vrier)\u00a0\u00e9taient les r\u00e9gions <strong>Provence-Alpes-C\u00f4te d&rsquo;Azur, \u00cele-de-France, Hauts-de-France et Auvergne-Rh\u00f4ne-Alpes<\/strong>. Ces r\u00e9gions pr\u00e9sentaient les plus forts taux d&rsquo;incidence et de positivit\u00e9, ainsi que les taux d&rsquo;hospitalisation parmi les plus \u00e9lev\u00e9s en m\u00e9tropole.\u00a0Au 8\u00a0f\u00e9vrier<strong>, 100<\/strong>\u00a0<strong>d\u00e9partements <\/strong>ont un nombre de cas de Covid-19\u00a0au-dessus du seuil d&rsquo;alerte de <a href=\"tel:50\/100%20000\" target=\"_blank\" rel=\"noopener noreferrer\">50\/100\u00a0000<\/a> habitants et sont en niveau de vuln\u00e9rabilit\u00e9 \u00ab\u00a0\u00e9lev\u00e9\u00a0\u00bb.\u00a0<\/p>\n<aside id=\"NL_1383363947\" class=\"newsletter_subscription jNlBlock\"><noscript><br \/>\n            <\/noscript><\/p>\n<h3 class=\"newsletter_subscription-title\">Newsletter <\/h3>\n<p><a href=\"\/\/mailing.ccmbg.com\/archive\/last-85\" target=\"_blank\" class=\"a_hover\" rel=\"noopener noreferrer\">Voir un exemple<\/a><\/p>\n<\/aside>\n<p>\u2192\u00a0<strong>En \u00cele-de-France,<\/strong> les indicateurs \u00e9pid\u00e9miologiques \u00e9taient \u00e0 un niveau \u00e9lev\u00e9 et continuaient d&rsquo;<strong>augmenter<\/strong>\u00a0: le taux d&rsquo;incidence \u00e9tait en hausse (238\/100\u00a0000\u00a0hab. vs 229\u00a0en S04, soit +4%). Le taux d&rsquo;hospitalisation \u00e9tait de 17,3\u00a0(vs 15,5\u00a0en S04\u00a0soit +11%) et celui des admissions en <strong>r\u00e9animation <\/strong>de 3,4\u00a0(vs 3,1\u00a0en S04, soit <strong>+12%<\/strong>). Le taux de <strong>d\u00e9c\u00e8s <\/strong>\u00e9tait aussi en augmentation par rapport \u00e0 la semaine pr\u00e9c\u00e9dente (<strong>+9%<\/strong>).<\/p>\n<p><iframe loading=\"lazy\" height=\"600\" src=\"https:\/\/geodes.santepubliquefrance.fr\/?view=map1&amp;indics=sp_pe_tb_heb.tx_pe_hebdo&amp;serie=2020-S42&amp;f1code=0&amp;lang=fr&amp;iframe=1\" width=\"600\"><\/iframe><\/p>\n<section>\n<blockquote>\n<p style=\"text-align: right;\">\u00a0<\/p>\n<\/blockquote>\n<p>Sur la semaine 5 (1-7 f\u00e9vrier), l&rsquo;estimation du nombre de reproduction effectif en France m\u00e9tropolitaine est <strong>en-dessous de 1<\/strong>\u00a0de fa\u00e7on significative dans deux des trois sources de donn\u00e9es, rapporte Sant\u00e9 Publique France. Preuve que l&rsquo;\u00e9pid\u00e9mie recule l\u00e9g\u00e8rement en comparaison aux derni\u00e8res semaines. Les taux de reproduction du virus appel\u00e9s \u00ab\u00a0R-effectifs\u00a0\u00bb ou \u00ab\u00a0Reff\u00a0\u00bb\u00a0permettent de d\u00e9crire la dynamique de l&rsquo;\u00e9pid\u00e9mie\u00a0: lorsque le Reff est significativement sup\u00e9rieur \u00e0 1, ceci signifie que l&rsquo;\u00e9pid\u00e9mie est en progression, lorsqu&rsquo;il est \u00e9gal \u00e0 1, l&rsquo;\u00e9pid\u00e9mie se stabilise, lorsqu&rsquo;il est significativement inf\u00e9rieur \u00e0 1, l&rsquo;\u00e9pid\u00e9mie r\u00e9gresse.\u00a0<\/p>\n<p>Le d\u00e9pistage du Covid-19 est r\u00e9alis\u00e9 en France par RT-PCT et par tests antig\u00e9niques. Depuis le 11 f\u00e9vrier, les tests salivaires sont d\u00e9ploy\u00e9s dans les\u00a0\u00e9tablissements scolaires et peuvent \u00eatre utilis\u00e9s en premi\u00e8re intention pour d\u00e9pister la Covid-19, conform\u00e9ment aux recommandations de la <a href=\"https:\/\/www.has-sante.fr\/jcms\/p_3237053\/fr\/tests-rt-pcr-salivaires-la-has-etend-leur-utilisation-et-definit-les-modalites-pratiques-de-realisation\" target=\"_blank\" rel=\"noopener noreferrer\">HAS<\/a>. Au 11\u00a0f\u00e9vrier, le taux de positivit\u00e9 national s&rsquo;\u00e9tablit \u00e0 6,21<strong>\u00a0%.<\/strong>\u00a0<em>\u00ab\u00a0Il reste d\u00e9terminant que chaque personne pr\u00e9sentant des sympt\u00f4mes \u00e9vocateurs de COVID-19\u00a0s&rsquo;isole imm\u00e9diatement et r\u00e9alise un test diagnostique dans les plus brefs d\u00e9lais\u00a0\u00bb<\/em> rappelle Sant\u00e9 Publique France dans ses bulletins hebdomadaires.<\/p>\n<p>Si au d\u00e9but, on ne parlait que de fi\u00e8vre, toux s\u00e8che, rhume, \u00e9tat grippal et de fatigue, les sympt\u00f4mes de l&rsquo;infection par le coronavirus ont \u00e9volu\u00e9. On sait d\u00e9sormais que le virus peut avoir des <strong>effets sur la peau<\/strong> (urticaire, l\u00e9sions inflammatoires sur les orteils), la sph\u00e8re digestive (vomissements, diarrh\u00e9es&#8230;), <strong>l&rsquo;odorat<\/strong>, le <strong>go\u00fbt <\/strong>et m\u00eame le cerveau.<em> \u00ab\u00a0Sur 100 personnes atteintes du coronavirus, 90 ne vont pas d\u00e9velopper de sympt\u00f4mes\u00a0\u00bb<\/em> avait inform\u00e9 le ministre de la Sant\u00e9 le 5 novembre. La consigne des autorit\u00e9s est inchang\u00e9e :\u00a0chaque personne pr\u00e9sentant des sympt\u00f4mes \u00e9vocateurs de COVID-19 doit s&rsquo;isoler imm\u00e9diatement et r\u00e9aliser un test diagnostique dans les plus brefs d\u00e9lais.<\/p>\n<div class=\"ccminsert\">\n<aside class=\"app_widget_fo app_widget_fo--list app_widget_fo--list-2-col\">\n<ul>\n<li>\n<h3>\n                    <a href=\"https:\/\/sante.journaldesfemmes.fr\/fiches-maladies\/2696267-covid-long-c-est-quoi-symptomes-contagieux-fatigue-prise-en-charge-france-has\/\" class=\"jGTMWidgetGAEventClick\" data-gtmwidgetgaeventaction=\"clickWidgetListOnTwoColumns\" data-gtmwidgetgaeventlabel=\"Covid long\u00a0: c'est quoi, sympt\u00f4mes, est-on contagieux\u00a0?\"><br \/>\n                        Covid long\u00a0: c&rsquo;est quoi, sympt\u00f4mes, est-on contagieux\u00a0?<br \/>\n                    <\/a><br \/>\n                <\/h3>\n<\/li>\n<li>\n<h3>\n                    <a href=\"https:\/\/sante.journaldesfemmes.fr\/fiches-maladies\/2661241-rhume-ou-covid-19-coronavirus-rhinopharyngite-comment-savoir-symptomes-tableau-difference-test\/\" class=\"jGTMWidgetGAEventClick\" data-gtmwidgetgaeventaction=\"clickWidgetListOnTwoColumns\" data-gtmwidgetgaeventlabel=\"Rhume ou Covid-19\u00a0: diff\u00e9rences, sympt\u00f4mes, comment savoir\u00a0?\"><br \/>\n                        Rhume ou Covid-19\u00a0: diff\u00e9rences, sympt\u00f4mes, comment savoir\u00a0?<br \/>\n                    <\/a><br \/>\n                <\/h3>\n<\/li>\n<li>\n<h3>\n                    <a href=\"https:\/\/sante.journaldesfemmes.fr\/fiches-maladies\/2683439-symptomes-covid-19-coronavirus-boutons-visage-corps-dermatologiques-peau-bras-pieds-engelure\/\" class=\"jGTMWidgetGAEventClick\" data-gtmwidgetgaeventaction=\"clickWidgetListOnTwoColumns\" data-gtmwidgetgaeventlabel=\"Sympt\u00f4mes Covid sur la peau\u00a0: engelures, boutons, quand consulter\u00a0?\"><br \/>\n                        Sympt\u00f4mes Covid sur la peau\u00a0: engelures, boutons, quand consulter\u00a0?<br \/>\n                    <\/a><br \/>\n                <\/h3>\n<\/li>\n<li>\n<h3>\n                    <a href=\"https:\/\/sante.journaldesfemmes.fr\/fiches-maladies\/2630069-coronavirus-covid-19-cerveau-symptomes-sequelles-odorat-effet-lesion-attaque\/\" class=\"jGTMWidgetGAEventClick\" data-gtmwidgetgaeventaction=\"clickWidgetListOnTwoColumns\" data-gtmwidgetgaeventlabel=\"Coronavirus\u00a0et cerveau\u00a0: effets, quels sympt\u00f4mes\u00a0?\"><br \/>\n                        Coronavirus\u00a0et cerveau\u00a0: effets, quels sympt\u00f4mes\u00a0?<br \/>\n                    <\/a><br \/>\n                <\/h3>\n<\/li>\n<li>\n<h3>\n                    <a href=\"https:\/\/sante.journaldesfemmes.fr\/fiches-sante-du-quotidien\/2627657-perte-odorat-anosmie-symptome-covid-19-covidanosmie-duree-rhume-definition-cause-traitement\/\" class=\"jGTMWidgetGAEventClick\" data-gtmwidgetgaeventaction=\"clickWidgetListOnTwoColumns\" data-gtmwidgetgaeventlabel=\"Perte de l'odorat\u00a0(anosmie)\u00a0: sympt\u00f4mes du Covid, dur\u00e9e, r\u00e9\u00e9ducation\"><br \/>\n                        Perte de l&rsquo;odorat\u00a0(anosmie)\u00a0: sympt\u00f4mes du Covid, dur\u00e9e, r\u00e9\u00e9ducation<br \/>\n                    <\/a><br \/>\n                <\/h3>\n<\/li>\n<li>\n<h3>\n                    <a href=\"https:\/\/sante.journaldesfemmes.fr\/fiches-maladies\/2679367-diarrhee-covid-coronavirus-symptome-digestif-intestinaux-duree-que-faire-vomissement-traitement-bebe-jeune\/\" class=\"jGTMWidgetGAEventClick\" data-gtmwidgetgaeventaction=\"clickWidgetListOnTwoColumns\" data-gtmwidgetgaeventlabel=\"Diarrh\u00e9e et Covid-19\u00a0: dur\u00e9e, que faire, un vrai sympt\u00f4me\u00a0?\"><br \/>\n                        Diarrh\u00e9e et Covid-19\u00a0: dur\u00e9e, que faire, un vrai sympt\u00f4me\u00a0?<br \/>\n                    <\/a><br \/>\n                <\/h3>\n<\/li>\n<li>\n<h3>\n                    <a href=\"https:\/\/sante.journaldesfemmes.fr\/fiches-maladies\/2676955-covid-19-ou-gastro-enterite-difference-symptomes-fievre-diarrhee-que-faire-complications\/\" class=\"jGTMWidgetGAEventClick\" data-gtmwidgetgaeventaction=\"clickWidgetListOnTwoColumns\" data-gtmwidgetgaeventlabel=\"Covid-19\u00a0ou gastro-ent\u00e9rite\u00a0: sympt\u00f4mes, quelles diff\u00e9rences\u00a0?\"><br \/>\n                        Covid-19\u00a0ou gastro-ent\u00e9rite\u00a0: sympt\u00f4mes, quelles diff\u00e9rences\u00a0?<br \/>\n                    <\/a><br \/>\n                <\/h3>\n<\/li>\n<li>\n<h3>\n                    <a href=\"https:\/\/sante.journaldesfemmes.fr\/fiches-maladies\/2665621-angine-ou-covid-19-points-communs-symptome-fievre-mal-gorge-test-difference-contagion-qui-consulter\/\" class=\"jGTMWidgetGAEventClick\" data-gtmwidgetgaeventaction=\"clickWidgetListOnTwoColumns\" data-gtmwidgetgaeventlabel=\"Angine ou Covid-19\u00a0: sympt\u00f4mes, diff\u00e9rences, test\"><br \/>\n                        Angine ou Covid-19\u00a0: sympt\u00f4mes, diff\u00e9rences, test<br \/>\n                    <\/a><br \/>\n                <\/h3>\n<\/li>\n<li>\n<h3>\n                    <a href=\"https:\/\/sante.journaldesfemmes.fr\/fiches-maladies\/2626825-coronavirus-allergie-pollen-asthme-symptomes-traitement-recommandation-conseil\/\" class=\"jGTMWidgetGAEventClick\" data-gtmwidgetgaeventaction=\"clickWidgetListOnTwoColumns\" data-gtmwidgetgaeventlabel=\"Coronavirus ou allergie\u00a0: sympt\u00f4mes, conseils pratiques\"><br \/>\n                        Coronavirus ou allergie\u00a0: sympt\u00f4mes, conseils pratiques<br \/>\n                    <\/a><br \/>\n                <\/h3>\n<\/li>\n<li>\n<h3>\n                    <a href=\"https:\/\/sante.journaldesfemmes.fr\/fiches-maladies\/2619471-grippe-ou-covid-19-coronavirus-differences-symptomes-incubation-transmission-vaccin\/\" class=\"jGTMWidgetGAEventClick\" data-gtmwidgetgaeventaction=\"clickWidgetListOnTwoColumns\" data-gtmwidgetgaeventlabel=\"Grippe ou Covid-19\u00a0: sympt\u00f4mes, comment faire la diff\u00e9rence\u00a0?\"><br \/>\n                        Grippe ou Covid-19\u00a0: sympt\u00f4mes, comment faire la diff\u00e9rence\u00a0?<br \/>\n                    <\/a><br \/>\n                <\/h3>\n<\/li>\n<\/ul>\n<\/aside>\n<\/div>\n<ul>\n<li><strong>Si vous pr\u00e9sentez des\u00a0sympt\u00f4mes (toux, fi\u00e8vre, mal de t\u00eate) : <\/strong>\u00e9vitez\u00a0les contacts, restez\u00a0\u00e0 domicile, prenez du parac\u00e9tamol si besoin, appelez\u00a0un m\u00e9decin pour prendre rendez-vous dans l&rsquo;\u00e9ventualit\u00e9 qu&rsquo;il vous fasse passer un test de d\u00e9pistage.\u00a0<\/li>\n<li><strong>Appeler le\u00a015 en cas de\u00a0difficult\u00e9s respiratoires : \u00ab\u00a0<\/strong><em>Si cette toux et cette fi\u00e8vre s&rsquo;accompagnent d&rsquo;une g\u00eane respiratoire qui devient permanente avec souffle court, difficult\u00e9 \u00e0 inspirer et \u00e0 expirer, d&rsquo;une aggravation importante de la toux, cela peut signifier une \u00e9volution de la maladie sous la forme d&rsquo;une pneumopathie. Il s&rsquo;agit alors d&rsquo;une urgence respiratoire potentielle et comme dans tous les cas d&rsquo;urgence, il faut alors appeler le 15\u00a0qui prendra les meilleures dispositions pour r\u00e9pondre \u00e0 la situation\u00a0\u00bb, <\/em>pr\u00e9vient le Dr\u00a0Patrick Aub\u00e9, m\u00e9decin g\u00e9n\u00e9raliste. \u00a0<\/li>\n<\/ul>\n<p>La vaccination contre la Covid-19 se poursuit en France avec<strong>\u00a02 294 208\u00a0<\/strong><strong>premi\u00e8res injections <\/strong>de vaccin (soit 3,4% de la population totale) et <strong>720 249<\/strong>\u00a0deuxi\u00e8mes injections ont \u00e9t\u00e9 r\u00e9alis\u00e9es au 15\u00a0f\u00e9vrier, selon le <a href=\"https:\/\/solidarites-sante.gouv.fr\/actualites\/presse\/communiques-de-presse\/article\/vaccination-contre-la-covid-en-france-au-15-fevrier-2021-plus-de-3-014-000\" target=\"_blank\" rel=\"noopener noreferrer\">minist\u00e8re de la Sant\u00e9<\/a>. La vaccination est r\u00e9alis\u00e9e avec les vaccins Pfizer-BionTech et Moderna pour le grand public, AstraZeneca \u00e9tant r\u00e9serv\u00e9 aux professionnels de sant\u00e9 de moins de 65 ans pour l&rsquo;instant. La prise de<strong> rendez-vous<\/strong> est ouverte<b> <\/b>sur les sites Internet <strong>Doctolib, Maiia et KelDoc<\/strong> et peut aussi se faire en contactant par t\u00e9l\u00e9phone le <strong>centre de vaccination<\/strong> le plus proche de chez soi (liste disponible sur\u00a0<a href=\"https:\/\/www.sante.fr\/centres-vaccination-covid.html\" target=\"_blank\" rel=\"noopener noreferrer\">Sante.fr<\/a>).<i>\u00a0<\/i><\/p>\n<p>Depuis le dimanche 31\u00a0janvier,\u00a0les fronti\u00e8res sont ferm\u00e9es aux pays hors UE. Les d\u00e9placements sont interdits sauf motif imp\u00e9rieux.<br \/>Depuis le dimanche 24\u00a0janvier, tous les voyageurs entrant en France et venant d&rsquo;un pays europ\u00e9en doivent pr\u00e9senter avant leur d\u00e9part pour l&rsquo;Hexagone un test PCR n\u00e9gatif de moins de 72\u00a0heures. Depuis le 18 janvier, les voyageurs entrant en France en provenance d&rsquo;un pays hors Union-Europ\u00e9enne doivent\u00a0pr\u00e9senter un test PCR n\u00e9gatif\u00a0 et s&rsquo;isoler pendant 7\u00a0jours une fois arriv\u00e9s en France et faire un 2<sup>e<\/sup>\u00a0test \u00e0 l&rsquo;issue de cette p\u00e9riode. Les personnes n&rsquo;ayant pu r\u00e9aliser un test dans leur pays de d\u00e9part auront la possibilit\u00e9 de se faire tester \u00e0 leur arriv\u00e9e en France et seront contraintes de s&rsquo;isoler 7\u00a0jours dans un lieu d&rsquo;h\u00e9bergement d\u00e9sign\u00e9 par les autorit\u00e9s publiques (Le test n\u00e9gatif est d\u00e9j\u00e0 exig\u00e9 pour les voyageurs venant du Royaume-Uni).<\/p>\n<p><\/p>\n<table border=\"1\" cellpadding=\"1\" cellspacing=\"1\" style=\"width:100%;\">\n<thead>\n<tr>\n<th scope=\"col\" style=\"text-align: center;\"><strong>DATES CL\u00c9S DE L&rsquo;\u00c9PID\u00c9MIE EN FRANCE<\/strong><\/th>\n<\/tr>\n<\/thead>\n<tbody>\n<tr>\n<td>\n<ul>\n<li><strong>31\u00a0d\u00e9cembre 2019,<\/strong> l&rsquo;Organisation mondiale de la Sant\u00e9 en Chine est inform\u00e9e de plusieurs cas de pneumonies dans la ville de Wuhan. 44\u00a0personnes sont infect\u00e9es entre cette date et le 3\u00a0janvier 2020.<\/li>\n<li><strong>7\u00a0janvier 2020, <\/strong>les autorit\u00e9s chinoises identifient un \u00ab\u00a0nouveau type de coronavirus\u00a0\u00bb.<\/li>\n<li><strong>13\u00a0janvier, <\/strong>un cas import\u00e9 est recens\u00e9 en Tha\u00eflande.<\/li>\n<li><strong>15\u00a0janvier<\/strong>, le virus cause\u00a0la mort d&rsquo;<strong>une premi\u00e8re\u00a0personne \u00e0 Wuhan<\/strong>, un homme de 69\u00a0ans.\u00a0<\/li>\n<li><strong>23\u00a0janvier,<\/strong> trois villes chinoises dont Wuhan sont plac\u00e9es en quarantaine.<\/li>\n<li><strong>25\u00a0janvier, trois personnes\u00a0contamin\u00e9es sont recens\u00e9es en France<\/strong>, deux \u00e0 Paris et une Bordeaux. Ce sont les premiers cas enregistr\u00e9s sur le continent europ\u00e9en.<\/li>\n<li><strong>30\u00a0janvier, <\/strong>l&rsquo;Organisation mondiale de la Sant\u00e9 <strong>d\u00e9cr\u00e8te\u00a0l&rsquo;<a href=\"https:\/\/sante.journaldesfemmes.fr\/fiches-maladies\/2608035-urgence-de-sante-publique-de-portee-internationale-definition-oms-coronavirus\/\" target=\"_blank\" rel=\"noopener noreferrer\">urgence de sant\u00e9 mondiale<\/a><\/strong>.\u00a0Cette mesure n&rsquo;avait \u00e9t\u00e9 d\u00e9cr\u00e9t\u00e9e que 5\u00a0fois depuis sa cr\u00e9ation (pour Ebola (deux fois), la grippe H1N1, Zika et la poliomy\u00e9lite).\u00a0<\/li>\n<li><strong>23\u00a0f\u00e9vrier, <\/strong>la France d\u00e9clenche le <a href=\"https:\/\/sante.journaldesfemmes.fr\/fiches-maladies\/2622449-plan-orsan-reb-definition-signification-qui-declenche-coronavirus-definition-duree\/\" target=\"_blank\" rel=\"noopener noreferrer\">plan ORSAN<\/a>, un dispositif exceptionnel d&rsquo;organisation des soins.<\/li>\n<li><strong>28\u00a0f\u00e9vrier,<\/strong> la France passe en stade 2\u00a0de l&rsquo;\u00e9pid\u00e9mie.<\/li>\n<li><strong>11\u00a0mars, <\/strong>l&rsquo;OMS classifie de <strong>pand\u00e9mie <\/strong>la diffusion de la maladie \u00e0 coronavirus Covid-19\u00a0dans le monde.<\/li>\n<li><strong>12\u00a0mars<\/strong>, le pr\u00e9sident de la R\u00e9publique Emmanuel Macron annonce la fermeture nationale des cr\u00e8ches et \u00e9tablissements scolaires de France \u00e0 compter du 16\u00a0mars et \u00ab\u00a0jusqu&rsquo;\u00e0 nouvel ordre\u00a0\u00bb.<\/li>\n<li><strong>14\u00a0mars<\/strong>, la France passe au <a href=\"https:\/\/sante.journaldesfemmes.fr\/fiches-maladies\/2625289-coronavirus-covid-19-stade-1-2-3-4-duree-mesure-france-signification-quand\/\" target=\"_blank\" rel=\"noopener noreferrer\"><strong>stade 3 <\/strong><\/a>de l&rsquo;\u00e9pid\u00e9mie.<\/li>\n<li><strong>16\u00a0mars\u00a0:<\/strong>\u00a0la France met en place un dispositif de confinement interdisant les d\u00e9placements.<\/li>\n<li><strong>18\u00a0mars<\/strong> le premier transfert de patients Covid-19\u00a0en France est r\u00e9alis\u00e9\u00a0gr\u00e2ce \u00e0 l&rsquo;Arm\u00e9e, par voie terrestre et a\u00e9rienne.\u00a0<\/li>\n<li><strong>26\u00a0mars<\/strong>, un premier cas jeune meurt en France, une adolescente de 16\u00a0ans, en Ile-de-France originaire de Morsang-sur-Orge.<\/li>\n<li><strong>27\u00a0mars,<\/strong> le confinement de la population fran\u00e7aise est renouvel\u00e9 jusqu&rsquo;au 15\u00a0avril.<\/li>\n<li><strong>13\u00a0avril,<\/strong> Emmanuel Macron annonce le prolongement du confinement jusqu&rsquo;au 11\u00a0mai.<\/li>\n<li><strong>11\u00a0mai, <\/strong>la France commence son d\u00e9confinement.<\/li>\n<li><strong>\u00a015\u00a0juin<\/strong>, toute la France passe en zone verte, sauf Mayotte et la Guyane. \u00c0\u00a0Paris, les restaurants et bars peuvent rouvrir compl\u00e8tement.<\/li>\n<li><strong>22\u00a0juin, <\/strong>les \u00e9coles sont de nouveaux obligatoires en France pour tous les \u00e9l\u00e8ves. Les cin\u00e9mas, salles de jeux, casinos rouvrent. Les sports collectifs peuvent \u00eatre autoris\u00e9s tout en respectant certaines conditions sanitaires.<\/li>\n<li><strong>10\u00a0juillet<\/strong>, la <strong>France <\/strong>a franchi la barre des 30\u00a0000\u00a0morts. Dans la nuit du 10\u00a0au 11\u00a0juillet \u00e0 minuit, l&rsquo;\u00e9tat d&rsquo;urgence sanitaire prend fin en France.<\/li>\n<li><strong>\u00a020\u00a0juillet,<\/strong>\u00a0le <strong>port du masque est obligatoire <\/strong>dans les lieux publics clos en France.<\/li>\n<li><strong>8 octobre, <\/strong>le<strong> plan blanc est r\u00e9activ\u00e9 <\/strong>dans les h\u00f4pitaux d&rsquo;Ile-de-France.<\/li>\n<li><strong>17 octobre \u00e0 0h01<\/strong>, la France repasse en \u00e9tat d&rsquo;urgence sanitaire et un <strong>couvre-feu <\/strong>est instaur\u00e9 dans 9 territoires\u00a0(Paris-Ile-de-France, Rouen, Grenoble, Lille, Lyon, Aix-Marseille, Montpellier, Saint-Etienne, Toulouse).<\/li>\n<li><strong>24 octobre \u00e0 0h01 :<\/strong> extension des mesures de couvre-feu \u00e0 38 nouveaux d\u00e9partements fran\u00e7ais.<\/li>\n<li><strong>29 octobre \u00e0 0h01<\/strong> : reconfinement national pour 4 semaines, jusqu&rsquo;au 1er d\u00e9cembre au minimum.<\/li>\n<li><strong>28 novembre : <\/strong>premi\u00e8re \u00e9tape d&rsquo;all\u00e8gement du confinement avec la r\u00e9ouverture des commerces non essentiels.<\/li>\n<li><strong>15 d\u00e9cembre : <\/strong>seconde \u00e9tape\u00a0d&rsquo;all\u00e8gement du confinement avec le passage \u00e0 un couvre-feu de 20 heures \u00e0 6 heures du matin.<\/li>\n<li><strong>31 d\u00e9cembre<\/strong> : couvre-feu impos\u00e9 le soir du 31 d\u00e9cembre, de 20 heures \u00e0 6 heures du matin.<\/li>\n<li><strong>21 d\u00e9cembre<\/strong> : autorisation du vaccin Pfizer en Europe.<\/li>\n<li><strong>24 d\u00e9cembre<\/strong> : autorisation du vaccin Pfizer BioNTech en France.<\/li>\n<li><strong>27 d\u00e9cembre :<\/strong> d\u00e9but de la vaccination en France et dans l&rsquo;Union europ\u00e9enne avec le vaccin Pfizer BioNTech.<\/li>\n<li><strong>8 janvier 2021<\/strong> :\u00a0autorisation du vaccin Moderna en France.<\/li>\n<li><strong>24 janvier 2021<\/strong> : un test PCR n\u00e9gatif est obligatoire pour rentrer en France par avion pour les voyageurs venant d&rsquo;un pays europ\u00e9en (sauf pour les travailleurs transfrontaliers et le transport terrestre).<\/li>\n<li><strong>31 janvier 2021<\/strong> : fermeture des fronti\u00e8res en France aux pays ext\u00e9rieurs \u00e0 l&rsquo;Union europ\u00e9enne<\/li>\n<li><strong>2 f\u00e9vrier 2021<\/strong> :\u00a0autorisation du vaccin de l&rsquo;Universit\u00e9 d&rsquo;Oxford et AstraZeneca en France, uniquement pour les personnes \u00e2g\u00e9es de moins de 65\u00a0ans.<\/li>\n<li><strong>9 f\u00e9vrier 2021 :<\/strong> la France franchit le cap des 80 000 d\u00e9c\u00e8s.\u00a0<\/li>\n<li><strong>11 f\u00e9vrier : <\/strong>d\u00e9ploiement des tests salivaires dans les \u00e9tablissements scolaires.<\/li>\n<\/ul>\n<\/td>\n<\/tr>\n<\/tbody>\n<\/table>\n<p><em>Cet article est mis \u00e0 jour quotidiennement par <a href=\"https:\/\/www.journaldesfemmes.fr\/account\/ablaize-11409696\" target=\"_blank\" rel=\"noopener noreferrer\">Aur\u00e9lie Blaize<\/a>, <a href=\"https:\/\/www.journaldesfemmes.fr\/account\/anaisthiebaux-10573564\" target=\"_blank\" rel=\"noopener noreferrer\">Ana\u00efs Thi\u00e9baux<\/a> et <a href=\"https:\/\/www.journaldesfemmes.fr\/account\/samanthapages-11598093\" target=\"_blank\" rel=\"noopener noreferrer\">Samantha Pag\u00e8s<\/a>.\u00a0<\/em><\/p>\n<\/section>\n<\/div>\n<p><script async src=\"http:\/\/platform.twitter.com\/widgets.js\" charset=\"utf-8\"><\/script><br \/>\n<br \/>[ad_2]<br \/>\n<br \/><a href=\"https:\/\/sante.journaldesfemmes.fr\/fiches-maladies\/2605417-covid-19-france-coronavirus-chiffres-cas-nombre-nouveaux-morts-deces-vaccination-bilan-moselle\/\">Source link <\/a><\/p>\n","protected":false},"excerpt":{"rendered":"<p>[ad_1] CORONAVIRUS DIRECT &#8211; L&rsquo;\u00e9pid\u00e9mie progresse. Le nombre de personnes hospitalis\u00e9es augmente. 412\u00a0nouveaux d\u00e9c\u00e8s et 4\u00a0376\u00a0nouveaux cas sont enregistr\u00e9s en &hellip; <a href=\"https:\/\/www.affinite.fr\/index.php\/2021\/02\/15\/chiffres-en-hausse-dernier-bilan\/\" class=\"more-link\">Plus <span class=\"screen-reader-text\">chiffres en hausse, dernier bilan<\/span> <span class=\"meta-nav\">&rarr;<\/span><\/a><\/p>\n","protected":false},"author":1,"featured_media":5956,"comment_status":"open","ping_status":"open","sticky":false,"template":"","format":"standard","meta":{"_sitemap_exclude":false,"_sitemap_priority":"","_sitemap_frequency":"","footnotes":""},"categories":[1],"tags":[],"class_list":["post-5955","post","type-post","status-publish","format-standard","has-post-thumbnail","hentry","category-tous"],"_links":{"self":[{"href":"https:\/\/www.affinite.fr\/index.php\/wp-json\/wp\/v2\/posts\/5955"}],"collection":[{"href":"https:\/\/www.affinite.fr\/index.php\/wp-json\/wp\/v2\/posts"}],"about":[{"href":"https:\/\/www.affinite.fr\/index.php\/wp-json\/wp\/v2\/types\/post"}],"author":[{"embeddable":true,"href":"https:\/\/www.affinite.fr\/index.php\/wp-json\/wp\/v2\/users\/1"}],"replies":[{"embeddable":true,"href":"https:\/\/www.affinite.fr\/index.php\/wp-json\/wp\/v2\/comments?post=5955"}],"version-history":[{"count":0,"href":"https:\/\/www.affinite.fr\/index.php\/wp-json\/wp\/v2\/posts\/5955\/revisions"}],"wp:featuredmedia":[{"embeddable":true,"href":"https:\/\/www.affinite.fr\/index.php\/wp-json\/wp\/v2\/media\/5956"}],"wp:attachment":[{"href":"https:\/\/www.affinite.fr\/index.php\/wp-json\/wp\/v2\/media?parent=5955"}],"wp:term":[{"taxonomy":"category","embeddable":true,"href":"https:\/\/www.affinite.fr\/index.php\/wp-json\/wp\/v2\/categories?post=5955"},{"taxonomy":"post_tag","embeddable":true,"href":"https:\/\/www.affinite.fr\/index.php\/wp-json\/wp\/v2\/tags?post=5955"}],"curies":[{"name":"wp","href":"https:\/\/api.w.org\/{rel}","templated":true}]}}