{"id":5942,"date":"2021-02-13T19:42:14","date_gmt":"2021-02-13T19:42:14","guid":{"rendered":"https:\/\/www.affinite.fr\/index.php\/2021\/02\/13\/leuthanasie-de-son-pere-ce-quil-reproche-a-jenifer\/"},"modified":"2021-02-13T19:42:14","modified_gmt":"2021-02-13T19:42:14","slug":"leuthanasie-de-son-pere-ce-quil-reproche-a-jenifer","status":"publish","type":"post","link":"https:\/\/www.affinite.fr\/index.php\/2021\/02\/13\/leuthanasie-de-son-pere-ce-quil-reproche-a-jenifer\/","title":{"rendered":"l&rsquo;euthanasie de son p\u00e8re, ce qu&rsquo;il reproche \u00e0 Jenifer&#8230;"},"content":{"rendered":"<p> [ad_1]<br \/>\n<br \/><img decoding=\"async\" src=\"https:\/\/img-3.journaldesfemmes.fr\/kYNqm6vh-rgfGz-pvHtWS74nkOo=\/1280x\/smart\/93f05d5b247e4a26ba2de0a00b6c19c4\/ccmcms-jdf\/22301551.jpg\" \/><\/p>\n<p>\n                Mario Barravecchia a racont\u00e9, au bord des larmes, ce sinistre jour o\u00f9 il a aid\u00e9 son p\u00e8re \u00e0 mourir, dans \u00ab\u00a0Non Stop Peope\u00a0\u00bb. L&rsquo;ancien candidat de la Star Ac&rsquo; a \u00e9galement lanc\u00e9 une pique \u00e0 Jenifer et ses anciens camarades&#8230;            <\/p>\n<div>\n<p><strong>Mario Barravecchia <\/strong>a \u00e9t\u00e9 confront\u00e9 \u00e0 l&rsquo;impensable.\u00a0Son p\u00e8re \u00e9tait atteint de la <a href=\"https:\/\/sante.journaldesfemmes.fr\/fiches-maladies\/2512601-maladie-de-charcot-marie-tooth-premiers-symptomes-age\/\" title=\"Scl\u00e9rose lat\u00e9rale amyotrophique\">maladie de Charcot<\/a> et ses <strong>souffrances <\/strong>\u00e9taient telles qu&rsquo;il souhaitait mourir. Hospitalis\u00e9 en Belgique, o\u00f9 le<strong> droit \u00e0 l&rsquo;euthanasie <\/strong>est en vigueur, le p\u00e8re de l&rsquo;ancien chanteur lui a demand\u00e9 de signer l&rsquo;accord lui permettant de <strong>mourir dignement<\/strong>.\u00a0\u00ab\u00a0<em>Il ne savait plus parler, il ne savait plus rien faire. J&rsquo;ai sign\u00e9 pour lui faire plaisir\u00a0\u00bb<\/em>, s&rsquo;est-il souvenu, boulevers\u00e9, dans <em>Non Stop People. <\/em><br \/>L&rsquo;ex-finaliste de la premi\u00e8re \u00e9dition de la<em> Star Academy <\/em>a racont\u00e9 la<strong> sc\u00e8ne terrible\u00a0<\/strong>: \u00ab\u00a0<em>J&rsquo;\u00e9tais devant lui quand \u00e7a s&rsquo;est fait. Il a voulu mourir \u00e0 la maison<\/em> (&#8230;) <em>Je ne voulais pas lui injecter moi-m\u00eame le produit, parce que j&rsquo;avais l&rsquo;impression de donner la mort \u00e0 mon p\u00e8re <\/em>(&#8230;.) I<em>l m&rsquo;avait dit que s&rsquo;il devait respirer avec une machine, il faudrait d\u00e9brancher la machine. Donc, j<strong>&lsquo;ai juste d\u00e9branch\u00e9 la machine<\/strong>&#8230; Il a respir\u00e9 quelque temps, et puis il est parti<\/em>\u00ab\u00a0.\u00a0<\/p>\n<h2>Mario Barravecchia : son grand regret<\/h2>\n<p>C&rsquo;est \u00e9galement lui qui a g\u00e9r\u00e9 les <strong>obs\u00e8ques de son p\u00e8re <\/strong>et a chant\u00e9 \u00e0 l&rsquo;\u00e9glise pour lui rendre hommage.<\/p>\n<p>Au bord des larmes, Mario Barravecchia\u00a0a admis qu&rsquo;il<strong>\u00a0regrettait<\/strong> de ne pas avoir pass\u00e9 plus de temps \u00e0 ses c\u00f4t\u00e9s:\u00a0\u00ab\u00a0<em>Je n&rsquo;ai pas fait tout ce que j&rsquo;aurais voulu faire avec lui<\/em>\u00ab\u00a0.\u00a0<\/p>\n<p>\u00ab\u00a0<em>Mon p\u00e8re \u00e9tait un peu plus r\u00eaveur que ma maman. Il avait une <strong>fiert\u00e9 pour moi<\/strong>, de m&rsquo;accompagner. C&rsquo;\u00e9tait incroyable. On le comprend un peu trop tard parce que quand on est jeune et adolescent, on est parfois un peu c**\u00a0\u00bb,<\/em>\u00a0a-t-il d\u00e9plor\u00e9.<\/p>\n<p>A jamais reconnaissant envers celui qui l&rsquo;a \u00e9lev\u00e9, l&rsquo;ex-chanteur, d\u00e9sormais <strong>papa de Matteo et Lily<\/strong>, n\u00e9s d&rsquo;un ancien mariage, et <strong>Andrea<\/strong>, fruit de son amour avec Jessica,\u00a0sait qu&rsquo;il <strong>lui doit sa carri\u00e8re<\/strong>. Son p\u00e8re l&rsquo;avait pouss\u00e9 \u00e0 participer \u00e0 des concours de chant \u00e9tant adolescent&#8230; le menant tout droit vers la <strong>Star Academy<\/strong>.\u00a0<\/p>\n<h2>Mario Barravecchia : sa relation avec Jenifer<\/h2>\n<p>Si <strong>l&rsquo;ancien concurrent de <a href=\"https:\/\/www.journaldesfemmes.fr\/people\/personnalites\/2560164-jenifer\/\" title=\"Jenifer\">Jenifer<\/a> \u00e0 la Star Ac&rsquo;<\/strong> garde d&rsquo;excellents souvenirs de son passage au ch\u00e2teau de Dammarie-Les-Lys, en 2001,\u00a0il regrette que les ex-candidats de sa saison aient <strong>perdu contact<\/strong>.<\/p>\n<p>Pourtant, Mario Barravecchia a bien tent\u00e9 de<strong> lancer des retrouvailles<\/strong> :\u00a0\u00ab\u00a0<em>J&rsquo;ai essay\u00e9 d&rsquo;organiser un d\u00eener avec tous les anciens de la Star Ac 1. Je n&rsquo;ai eu que <strong>tr\u00e8s peu de retours<\/strong>.<\/em>\u00a0<em>Quand je vois l&rsquo;ambiance et l&rsquo;amiti\u00e9 entre les candidats de la saison 4, \u00e7a me fait plaisir pour eux, mais \u00e7a me fait de la peine pour nous parce que c&rsquo;est tellement <strong>dommage d&rsquo;avoir coup\u00e9 les liens<\/strong><\/em>\u00ab\u00a0.<\/p>\n<p><iframe loading=\"lazy\" allow=\"accelerometer; autoplay; clipboard-write; encrypted-media; gyroscope; picture-in-picture\" allowfullscreen=\"\" frameborder=\"0\" height=\"315\" src=\"https:\/\/www.youtube.com\/embed\/QcPfJ8BZMJw\" width=\"560\"><\/iframe><\/p>\n<p>\u00ab\u00a0<strong><em>Jenifer, vous avez des nouvelles pour moi\u00a0?<\/em><\/strong>\u00ab\u00a0, a-t-il demand\u00e9 avec une pointe de sarcasme\u00a0\u00e0 Jordan De Luxe, toujours dans <em>Non Stop People. <\/em><\/p>\n<aside id=\"NL_544215211\" class=\"newsletter_subscription jNlBlock\"><noscript><br \/>\n            <\/noscript><\/p>\n<h3 class=\"newsletter_subscription-title\">Newsletter <\/h3>\n<p><a href=\"\/\/mailing.ccmbg.com\/archive\/last-85\" target=\"_blank\" class=\"a_hover\" rel=\"noopener noreferrer\">Voir un exemple<\/a><\/p>\n<\/aside>\n<p>Et de conclure : <em>\u00ab\u00a0J&rsquo;esp\u00e8re que je vais la revoir pour les <strong>20\u00a0ans de la Star Academy.<\/strong> Je vais \u00eatre tr\u00e8s \u00e9mu quand je vais la voir. Je suis tr\u00e8s heureux pour elle. La derni\u00e8re fois que nous avons \u00e9chang\u00e9, c&rsquo;\u00e9tait il y a 10\u00a0ans!\u00a0\u00bb<\/em>. Jenifer r\u00e9pondra-t-elle \u00e0 cet appel lanc\u00e9 ?<\/p>\n<\/p><\/div>\n<p>[ad_2]<br \/>\n<br \/><a href=\"https:\/\/www.journaldesfemmes.fr\/people\/magazine\/2696367-mario-barravecchia-jenifer-star-academy-mort-pere-famille\/\">Source link <\/a><\/p>\n","protected":false},"excerpt":{"rendered":"<p>[ad_1] Mario Barravecchia a racont\u00e9, au bord des larmes, ce sinistre jour o\u00f9 il a aid\u00e9 son p\u00e8re \u00e0 mourir, &hellip; <a href=\"https:\/\/www.affinite.fr\/index.php\/2021\/02\/13\/leuthanasie-de-son-pere-ce-quil-reproche-a-jenifer\/\" class=\"more-link\">Plus <span class=\"screen-reader-text\">l&rsquo;euthanasie de son p\u00e8re, ce qu&rsquo;il reproche \u00e0 Jenifer&#8230;<\/span> <span class=\"meta-nav\">&rarr;<\/span><\/a><\/p>\n","protected":false},"author":1,"featured_media":5943,"comment_status":"open","ping_status":"open","sticky":false,"template":"","format":"standard","meta":{"_sitemap_exclude":false,"_sitemap_priority":"","_sitemap_frequency":"","footnotes":""},"categories":[1],"tags":[],"class_list":["post-5942","post","type-post","status-publish","format-standard","has-post-thumbnail","hentry","category-tous"],"_links":{"self":[{"href":"https:\/\/www.affinite.fr\/index.php\/wp-json\/wp\/v2\/posts\/5942"}],"collection":[{"href":"https:\/\/www.affinite.fr\/index.php\/wp-json\/wp\/v2\/posts"}],"about":[{"href":"https:\/\/www.affinite.fr\/index.php\/wp-json\/wp\/v2\/types\/post"}],"author":[{"embeddable":true,"href":"https:\/\/www.affinite.fr\/index.php\/wp-json\/wp\/v2\/users\/1"}],"replies":[{"embeddable":true,"href":"https:\/\/www.affinite.fr\/index.php\/wp-json\/wp\/v2\/comments?post=5942"}],"version-history":[{"count":0,"href":"https:\/\/www.affinite.fr\/index.php\/wp-json\/wp\/v2\/posts\/5942\/revisions"}],"wp:featuredmedia":[{"embeddable":true,"href":"https:\/\/www.affinite.fr\/index.php\/wp-json\/wp\/v2\/media\/5943"}],"wp:attachment":[{"href":"https:\/\/www.affinite.fr\/index.php\/wp-json\/wp\/v2\/media?parent=5942"}],"wp:term":[{"taxonomy":"category","embeddable":true,"href":"https:\/\/www.affinite.fr\/index.php\/wp-json\/wp\/v2\/categories?post=5942"},{"taxonomy":"post_tag","embeddable":true,"href":"https:\/\/www.affinite.fr\/index.php\/wp-json\/wp\/v2\/tags?post=5942"}],"curies":[{"name":"wp","href":"https:\/\/api.w.org\/{rel}","templated":true}]}}