{"id":5890,"date":"2021-02-03T14:34:35","date_gmt":"2021-02-03T14:34:35","guid":{"rendered":"https:\/\/www.affinite.fr\/index.php\/2021\/02\/03\/creer-une-chape-sur-plancher-deforme\/"},"modified":"2021-02-03T14:34:35","modified_gmt":"2021-02-03T14:34:35","slug":"creer-une-chape-sur-plancher-deforme","status":"publish","type":"post","link":"https:\/\/www.affinite.fr\/index.php\/2021\/02\/03\/creer-une-chape-sur-plancher-deforme\/","title":{"rendered":"Cr\u00e9er une chape sur plancher d\u00e9form\u00e9"},"content":{"rendered":"<p> [ad_1]<br \/>\n<\/p>\n<div>\n<p itemprop=\"description\">Avec les solutions sol Fermacell, rattrapez vos planchers d\u00e9form\u00e9s et cr\u00e9ez une nouvelle chape solide et robuste sans aucun apport d\u2019eau et un poids tr\u00e8s faible : id\u00e9ale pour pr\u00e9server les anciens planchers bois. En 14 \u00e9tapes illustr\u00e9es, suivez ce pas \u00e0 pas pour r\u00e9aliser une chape sur un plancher ancien et d\u00e9form\u00e9.<\/p>\n<figure>\n<div class=\"cover\"><img loading=\"lazy\" decoding=\"async\" src=\"https:\/\/maison1.advcdn.net\/images\/medias\/000\/054\/000054804\/660.jpg\" alt=\"Apr\u00e8s les travaux, le plancher \u00e0 niveau est maintenant parfaitement plan et stable, et s\u2019av\u00e8re compatible avec tous les types de rev\u00eatements de sol. Dans notre cas il s\u2019agit d\u2019une peinture pour sol.\" title=\"Apr\u00e8s les travaux, le plancher \u00e0 niveau est maintenant parfaitement plan et stable, et s\u2019av\u00e8re compatible avec tous les types de rev\u00eatements de sol. Dans notre cas il s\u2019agit d\u2019une peinture pour sol.\" width=\"430\" height=\"242\" itemprop=\"image\"\/><\/div>\n<p>&#13;<\/p>\n<div class=\"gallery\">\n<p>\t\t\t\t\t\t\t\t<a href=\"https:\/\/www.maison.com\/brico-travaux\/sols\/creer-chape-sur-plancher-deforme-9730\/galerie\/\" class=\"more\">Afficher la galerie<\/a><figcaption>&#13;<br \/>\n\t\t\t\t\t\t\t\t\tApr\u00e8s les travaux, le plancher \u00e0 niveau est maintenant parfaitement plan et stable, et s\u2019av\u00e8re compatible avec tous les types de rev\u00eatements de sol. Dans notre cas il s\u2019agit d\u2019une peinture pour sol.\t\t\t\t\t\t\t\t\t<br \/>&#13;<br \/>\n\t\t\t\t\t\t\t\t\t\u00a9Michel Balic\t\t\t\t\t\t\t\t<\/figcaption><\/div>\n<p>&#13;<br \/>\n\t\t\t\t\t\t<\/figure>\n<p><!--\n\n<div class=\"arrow\"><\/div>\n\n--><a href=\"https:\/\/www.maison.com\/brico-travaux\/sols\/creer-chape-sur-plancher-deforme-9730\/galerie\/54803\/\" alt=\"Photo pr\u00e9c\u00e9dente\" title=\"Photo pr\u00e9c\u00e9dente\" class=\"previmg\"\/><br \/>\n\t\t\t\t\t\t<a href=\"https:\/\/www.maison.com\/brico-travaux\/sols\/creer-chape-sur-plancher-deforme-9730\/galerie\/54805\/\" alt=\"Photo suivante\" title=\"Photo suivante\" class=\"nextimg\"\/>\n\t\t\t\t\t<\/div>\n<div itemprop=\"articleBody\">\n<p>\n  En outre, les plaques Fermacell sont adapt\u00e9es aux locaux humides \u00e0 usage privatif\u00a0! Le <strong>petit format des plaques (500&#215;1500 mm) permet d\u2019acc\u00e9der aux \u00e9tages et aux endroits difficiles<\/strong> d\u2019acc\u00e8s sans aucune difficult\u00e9. Aucun mat\u00e9riel lourd\u00a0ne sera n\u00e9cessaire : une simple scie circulaire ou une scie \u00e9go\u00efne, un jeu de r\u00e8gles pour tirer la granule ou de simples tasseaux.\n<\/p>\n<p>\n  Gr\u00e2ce \u00e0 <strong>ce pas \u00e0 pas illustr\u00e9, apprenez \u00e0 remettre \u00e0 niveau des sols irr\u00e9guliers et rattraper des hauteurs de 1 \u00e0 12 cm<\/strong> gr\u00e2ce \u00e0 la granule d\u2019\u00e9galisation Fermacell (billes de b\u00e9ton cellulaire autobloquantes) et comment r\u00e9aliser une chape de dressage isolante acoustiquement et thermiquement sans aucun apport d\u2019eau\u00a0!\n<\/p>\n<p>\n  Quelques conseils avant de d\u00e9buter\u00a0:\n<\/p>\n<p>\n  Assurez-vous simplement <strong>que le sol soit porteur\u00a0!<\/strong> En cas d\u2019irr\u00e9gularit\u00e9s (trous dans le plancher\u2026), il vous faudra au pr\u00e9alable appliquer la protection anti-fluage Fermacell sur plancher bois ou un polyane sur dalle b\u00e9ton avant de verser les granules.\n<\/p>\n<p>\n  <strong>Les bandes r\u00e9silientes permettent, entre autres, le d\u00e9couplage phonique<\/strong> en d\u00e9solidarisant la chape s\u00e8che des \u00e9l\u00e9ments de construction avoisinants pour un confort acoustique suppl\u00e9mentaire. Au besoin, elles sont \u00e0 poser en p\u00e9riph\u00e9rie des cloisons apr\u00e8s avoir tir\u00e9 les granules et avant la pose des plaques de sol.\n<\/p>\n<p>\n  <span style=\"text-decoration: underline\">Pour plus d\u2019informations<\/span>\u00a0: <a href=\"http:\/\/www.fermacell.fr\/\">www.fermacell.fr<\/a>\n<\/p>\n<\/p><\/div>\n<p><script async defer crossorigin=\"anonymous\" src=\"https:\/\/connect.facebook.net\/fr_FR\/sdk.js#xfbml=1&#038;version=v6.0&#038;appId=252025098257546&#038;autoLogAppEvents=1\"><\/script><br \/>\n<br \/>[ad_2]<br \/>\n<br \/><a href=\"http:\/\/feedproxy.google.com\/~r\/maison-actus\/~3\/F3qjvC5W09s\/\">Source link <\/a><\/p>\n","protected":false},"excerpt":{"rendered":"<p>[ad_1] Avec les solutions sol Fermacell, rattrapez vos planchers d\u00e9form\u00e9s et cr\u00e9ez une nouvelle chape solide et robuste sans aucun &hellip; <a href=\"https:\/\/www.affinite.fr\/index.php\/2021\/02\/03\/creer-une-chape-sur-plancher-deforme\/\" class=\"more-link\">Plus <span class=\"screen-reader-text\">Cr\u00e9er une chape sur plancher d\u00e9form\u00e9<\/span> <span class=\"meta-nav\">&rarr;<\/span><\/a><\/p>\n","protected":false},"author":1,"featured_media":5891,"comment_status":"open","ping_status":"open","sticky":false,"template":"","format":"standard","meta":{"_sitemap_exclude":false,"_sitemap_priority":"","_sitemap_frequency":"","footnotes":""},"categories":[1],"tags":[],"class_list":["post-5890","post","type-post","status-publish","format-standard","has-post-thumbnail","hentry","category-tous"],"_links":{"self":[{"href":"https:\/\/www.affinite.fr\/index.php\/wp-json\/wp\/v2\/posts\/5890"}],"collection":[{"href":"https:\/\/www.affinite.fr\/index.php\/wp-json\/wp\/v2\/posts"}],"about":[{"href":"https:\/\/www.affinite.fr\/index.php\/wp-json\/wp\/v2\/types\/post"}],"author":[{"embeddable":true,"href":"https:\/\/www.affinite.fr\/index.php\/wp-json\/wp\/v2\/users\/1"}],"replies":[{"embeddable":true,"href":"https:\/\/www.affinite.fr\/index.php\/wp-json\/wp\/v2\/comments?post=5890"}],"version-history":[{"count":0,"href":"https:\/\/www.affinite.fr\/index.php\/wp-json\/wp\/v2\/posts\/5890\/revisions"}],"wp:featuredmedia":[{"embeddable":true,"href":"https:\/\/www.affinite.fr\/index.php\/wp-json\/wp\/v2\/media\/5891"}],"wp:attachment":[{"href":"https:\/\/www.affinite.fr\/index.php\/wp-json\/wp\/v2\/media?parent=5890"}],"wp:term":[{"taxonomy":"category","embeddable":true,"href":"https:\/\/www.affinite.fr\/index.php\/wp-json\/wp\/v2\/categories?post=5890"},{"taxonomy":"post_tag","embeddable":true,"href":"https:\/\/www.affinite.fr\/index.php\/wp-json\/wp\/v2\/tags?post=5890"}],"curies":[{"name":"wp","href":"https:\/\/api.w.org\/{rel}","templated":true}]}}