{"id":5870,"date":"2021-01-30T19:28:12","date_gmt":"2021-01-30T19:28:12","guid":{"rendered":"https:\/\/www.affinite.fr\/index.php\/2021\/01\/30\/reconfinement-reporte-couvre-feu-renforce-4-annonces\/"},"modified":"2021-01-30T19:28:12","modified_gmt":"2021-01-30T19:28:12","slug":"reconfinement-reporte-couvre-feu-renforce-4-annonces","status":"publish","type":"post","link":"https:\/\/www.affinite.fr\/index.php\/2021\/01\/30\/reconfinement-reporte-couvre-feu-renforce-4-annonces\/","title":{"rendered":"Reconfinement\u00a0report\u00e9, Couvre-feu renforc\u00e9\u00a0: 4\u00a0annonces"},"content":{"rendered":"<p> [ad_1]<br \/>\n<\/p>\n<p>\n                L&rsquo;ex\u00e9cutif \u00e9tudie de nouvelles restrictions contre l&rsquo;\u00e9pid\u00e9mie, avec un possible reconfinement \u00e0 la cl\u00e9. L&rsquo;incertitude ronge, Macron tergiverse, Castex durcit le couvre-feu, le rejet d&rsquo;un 3e Confinement est sous-jacent&#8230; Serons-nous reconfin\u00e9s\u00a0? Quand\u00a0? Pour combien de temps\u00a0? Ecole, Travail, Commerces, Attestations, D\u00e9placements&#8230; Quelles seront les modalit\u00e9s\u00a0des remparts contre la Covid-19\u00a0et le variant anglais? Voici en direct les Annonces du gouvernement, Mesures, Restrictions, R\u00e8gles et Dates-cl\u00e9s.            <\/p>\n<div>\n<aside class=\"ccmsummary marqueur_module ccmcss_cms_summary ccmcss_cms_summary--right\">\n<p>Sommaire<\/p>\n<\/aside>\n<p><strong>[Mis \u00e0 jour samedi 30\u00a0janvier \u00e0 19h44] <\/strong>Le Premier ministre <strong>Jean Castex a annonc\u00e9\u00a0vendredi 29 janvier au soir un <a href=\"https:\/\/www.journaldesfemmes.fr\/societe\/actu\/2667169-couvre-feu-6h-18h-castex-droit-attestation-permis-autorise-courses-ecole-travail\/\" title=\"Couvre Feu\">couvre-feu<\/a> renforc\u00e9 et de nouvelles mesures <\/strong>pour contrer la 3e vague de coronavirus\u00a0\u00e0 l&rsquo;issue d&rsquo;un Conseil de d\u00e9fense sanitaire.<strong> Rien sur l&rsquo;\u00e9cole et les vacances d&rsquo;hiver.<\/strong><br \/>Cette prise de parole du chef du gouvernement depuis l&rsquo;Elys\u00e9e intervient alors que l&rsquo;ex\u00e9cutif \u00e9tudie de nouvelles restrictions contre l&rsquo;\u00e9pid\u00e9mie, avec un possible reconfinement \u00e0 la cl\u00e9.\u00a0<em>\u00ab\u00a0Si la situation sanitaire reste mieux ma\u00eetris\u00e9e en France que chez nos voisins, elle est pr\u00e9occupante\u00a0\u00bb<\/em>, a d\u00e9clar\u00e9 Castex \u00e0 20h40 avant de saluer\u00a0l&rsquo;engagement des soignants.<br \/><strong><em>\u00ab\u00a0Nous pouvons encore nous donner une chance d&rsquo;\u00e9viter un confinement\u00a0\u00bb<\/em><\/strong>, a-t-il pr\u00e9venu\u00a0avant d&rsquo;annoncer:\u00a0<em>\u00ab\u00a0En compl\u00e9ment des mesures de couvre-feu, nous avons d\u00e9cid\u00e9 de prendre sans d\u00e9lai les mesures suivantes\u00a0\u00bb:<\/em><\/p>\n<h2>Fermeture des fronti\u00e8res<\/h2>\n<p>&#8211; Toute entr\u00e9e ou sortie du territoire en provenance ou \u00e0 destination de pays ext\u00e9rieur \u00e0 l&rsquo;Union europ\u00e9enne sera interdite, sauf motif imp\u00e9rieux, \u00e0 partir de dimanche 0h00.<\/p>\n<p>&#8211; Toute entr\u00e9e en France \u00e0 partir d&rsquo;un pays de l&rsquo;UE sera conditionn\u00e9e \u00e0 la pr\u00e9sentation d&rsquo;un <a href=\"https:\/\/sante.journaldesfemmes.fr\/fiches-maladies\/2635621-test-pcr-covid-sans-ordonnance-prix-signification-fiabilite-resultats-coronavirus-covid-quand-faire\/\" title=\"Test RT-PCR\">test PCR<\/a>, \u00e0 l&rsquo;exception des travailleurs transfrontaliers.<\/p>\n<p>&#8211; Tous les voyages vers les territoires ultramarins seront soumis \u00e0 un motif imp\u00e9rieux.<\/p>\n<p><em><strong>\u00ab\u00a0Les prochains jours seront d\u00e9terminants pour \u00e9viter un nouveau confinement(&#8230;)\u00a0<\/strong>La question d&rsquo;un confinement se pose l\u00e9gitimement mais nous en connaissons l&rsquo;impact tr\u00e8s lourd pour les Fran\u00e7ais sur tous les plans. Ce soir, nous consid\u00e9rons au regard des chiffres des derniers jours que nous pouvons encore nous donner une chance de l&rsquo;\u00e9viter\u00a0\u00bb\u200b<\/em>, a expliqu\u00e9 le Premier ministre.<\/p>\n<h2>Magasins ouverts sauf&#8230;<\/h2>\n<p>Pas de baisse de rideau g\u00e9n\u00e9rale,\u00a0les petits commerces sont pour le moment \u00e9pargn\u00e9s mais l<strong>es centres commerciaux non-alimentaires de plus de 20.000\u00a0m2\u00a0\u00ab\u00a0qui favorisent le plus de brassage\u00a0\u00bb\u00a0seront ferm\u00e9s d\u00e8s dimanche.<\/strong><\/p>\n<p>Jean Castex a d\u00e9clar\u00e9\u00a0un <strong><em>\u00ab\u00a0renforcement des jauges\u00a0\u00bb <\/em><\/strong>dans les magasins qui restent ouverts.\u00a0<em>\u00ab\u00a0Sur les 835\u00a0centres commerciaux que compte la France, la moiti\u00e9 ont une surface sup\u00e9rieure \u00e0 20.000\u00a0m\u00b2.\u00a0Aucun n&rsquo;a \u00e9t\u00e9 reconnu comme ayant constitu\u00e9 un cluster depuis le d\u00e9but de la crise sanitaire\u00a0\u00bb, <\/em>a\u00a0r\u00e9agi sur <em>RTL<\/em> le Conseil national des centres commerciaux (CNCC). \u00a0<em>\u00ab\u00a0Ce qui avait \u00e9t\u00e9 envisag\u00e9\u00a0\u00bb lors des discussions avec le gouvernement, \u00ab\u00a0c&rsquo;\u00e9tait de passer d&rsquo;un client pour 8\u00a0m2\u00a0\u00e0 un client pour 10\u00a0m2<\/em>\u00ab\u00a0, a pr\u00e9cis\u00e9 le pr\u00e9sident de la FCD.<\/p>\n<p>Concr\u00e8tement, d\u00e8s le 31 janvier, dans\u00a0les grands centres commerciaux, seuls les supermarch\u00e9s, hypermarch\u00e9s et magasins alimentaires pr\u00e9sents dans la galerie pourront rester ouverts.<\/p>\n<h2>T\u00e9l\u00e9travail privil\u00e9gi\u00e9<\/h2>\n<p>Le<em> \u00a0\u00bbquoi qu&rsquo;il en co\u00fbte\u00a0\u00bb<\/em>, pr\u00eats garantis par l&rsquo;Etat, fonds de solidarit\u00e9, ch\u00f4mage partiel, s&rsquo;appliquera bien s\u00fbr pour tous les salari\u00e9s et les entreprises concern\u00e9s.<\/p>\n<p><strong><em>\u00ab\u00a0Dans toutes les entreprises o\u00f9 cela est possible, le recours effectif au t\u00e9l\u00e9travail devra \u00eatre renforc\u00e9\u00a0\u00bb,<\/em><\/strong> a indiqu\u00e9 le Premier ministre.\u00a0Une mesure qui s&rsquo;applique aussi aux administrations publiques.<\/p>\n<h2><strong>Contr\u00f4les renforc\u00e9s<\/strong><\/h2>\n<p><em>\u00ab\u00a0Les\u00a0d\u00e9rives de quelques-uns ne sauraient ruiner les efforts de tous\u00a0\u00bb.\u00a0<\/em>Une<em> \u00ab\u00a0consigne de particuli\u00e8re fermet\u00e9 sera appliqu\u00e9e pour ceux qui fraudent les r\u00e8gles en vigueur\u00a0\u00bb<\/em>, a soulign\u00e9 Jean\u00a0Castex.<br \/><em><strong>\u00ab\u00a0Les policiers et les gendarmes\u00a0seront mobilis\u00e9s <\/strong>pour contr\u00f4ler le non-respect du couvre-feu, l&rsquo;organisation de f\u00eates clandestines\u00a0et l&rsquo;ouverture ill\u00e9gale de restaurants dans des proportions renforc\u00e9es\u00a0\u00bb,<\/em> a-t-il affirm\u00e9.<\/p>\n<div class=\"ccminsert\">\n<blockquote class=\"twitter-tweet\">\n<p dir=\"ltr\" lang=\"fr\">Jai confiance en nous. Les heures que nous vivons sont cruciales. Faisons tout pour freiner l\u00e9pid\u00e9mie ensemble.<\/p>\n<p>\u2014 Emmanuel Macron (@EmmanuelMacron) <a href=\"https:\/\/twitter.com\/EmmanuelMacron\/status\/1355563430795735041?ref_src=twsrc%5Etfw\">January 30, 2021<\/a><\/p><\/blockquote>\n<\/div>\n<h2>Allocution de Macron<\/h2>\n<h3><strong>Emmanuel Macron\u00a0prendra-t-il la parole afin de nous annoncer les mesures restrictives \u00e0 venir la premi\u00e8re semaine de f\u00e9vrier ?<\/strong><\/h3>\n<p>Le pr\u00e9sident de la R\u00e9publique souhaitait attendre deux semaines apr\u00e8s le durcissement du couvre-feu \u00e0 18h, soit samedi 30 janvier, afin d&rsquo;observer ses effets sur la courbe des contaminations \u00e0 la Covid-19.<\/p>\n<p>Une fois ce d\u00e9lai pass\u00e9, le chef de l&rsquo;Etat devrait s&rsquo;exprimer rapidement pour mettre en place de <strong>nouvelles mesures le plus t\u00f4t possible<\/strong>.<br \/>D&rsquo;apr\u00e8s\u00a0<em>CNews<\/em> et <em>BFMTV<\/em>, la date la plus probable pour <strong>une allocution pr\u00e9sidentielle devait\u00a0donc \u00eatre dimanche 31\u00a0janvier <\/strong>(voire au plus tard lundi 1er f\u00e9vrier)<strong>. <\/strong>\u00ab\u00a0<em>C&rsquo;est la plus grosse exposition pour lui<\/em>\u00ab\u00a0, a assur\u00e9 un conseiller. En outre, prendre la parole en semaine retarderait davantage la mise en place d&rsquo;un<strong> \u00e9ventuel reconfinement<\/strong>, alors que\u00a0l&rsquo;augmentation des contaminations au variant britannique \u00ab\u00a0<em>ne permet\u00a0pas ce luxe<\/em>\u00ab\u00a0.\u00a0<br \/><strong>Le reconfinement au parlement.<\/strong> Jean Castex\u00a0a expliqu\u00e9 qu&rsquo;un d\u00e9bat et un vote se tiendraient \u00e0 l&rsquo;Assembl\u00e9e Nationale et au S\u00e9nat dans le courant de la semaine prochaine, si un 3e\u00a0confinement \u00e9tait d\u00e9cid\u00e9.<\/p>\n<h2>Un confinement \u00ab\u00a0fort\u00a0\u00bb, \u00ab\u00a0clair\u00a0\u00bb et \u00ab\u00a0bref\u00a0\u00bb ?<\/h2>\n<p>Si les modalit\u00e9s d&rsquo;un <strong>nouveau confinement <\/strong>n&rsquo;ont pas encore \u00e9t\u00e9 d\u00e9finies, certains scientifiques plaident pour un confinement le plus t\u00f4t possible et relativement strict.\u00a0<\/p>\n<p>Sur <em>BFM TV<\/em>, le professeur Daniel Levy-Bruhl, \u00e9pid\u00e9miologiste \u00e0 Sant\u00e9 Publique France, a demand\u00e9 \u00ab\u00a0<em>un<strong> confinement fort<\/strong><\/em>\u00ab\u00a0, qui aurait \u00ab\u00a0<em>l&rsquo;avantage de la <strong>clart\u00e9<\/strong> mais aussi de la <strong>bri\u00e8vet\u00e9<\/strong><\/em>\u00ab\u00a0.\u00a0<\/p>\n<p>Et d&rsquo;expliquer : \u00ab\u00a0<em>On sait bien qu&rsquo;un<strong> demi-confinement <\/strong>ne fait pas le job et qu&rsquo;on est oblig\u00e9 de prolonger, de rajouter des mesures compl\u00e9mentaires derri\u00e8re alors que le<strong> confinement a montr\u00e9 qu&rsquo;il \u00e9tait efficace<\/strong> (&#8230;) Avec un demi-confinement, au bout de trois semaines-un mois, on nous dirait qu&rsquo;on y est pas<\/em>\u00ab\u00a0.<\/p>\n<p>Apr\u00e8s l&rsquo;hypoth\u00e8se d&rsquo;un <strong>confinement \u00ab\u00a0<em>tr\u00e8s serr\u00e9<\/em>\u00ab\u00a0<\/strong>, c&rsquo;est celle d&rsquo;un <strong>confinement \u00ab\u00a0<em>hybride<\/em>\u00a0\u00bb <\/strong>qui est mise sur la table.\u00a0\u00ab\u00a0<em>Les enseignements des deux premiers confinements ont \u00e9t\u00e9 tir\u00e9s. Il faut aller vers une <strong>formule hybride<\/strong>, sans changer notre doctrine\u00a0\u00bb<\/em>, a d\u00e9clar\u00e9 un proche de l&rsquo;Elys\u00e9e \u00e0 <em>BFM TV<\/em>.<\/p>\n<h3>Mais concr\u00e8tement, qu&rsquo;est-ce que cela signifie-t-il ?\u00a0<\/h3>\n<p>La question qui inqui\u00e8te particuli\u00e8rement les parents d&rsquo;\u00e9l\u00e8ves et est sur toutes les bouches : la <strong>fermeture (ou non) des \u00e9coles<\/strong>. Comme \u00e9voqu\u00e9e plusieurs fois depuis ces derni\u00e8res semaines, un<strong> allongement des vacances scolaires de f\u00e9vrier <\/strong>pourrait \u00eatre mis en place, afin de ne pas se r\u00e9soudre \u00e0 une fermeture pure et simple des \u00e9tablissements.<\/p>\n<p>Quant aux <strong>\u00e9tudiants<\/strong>, ils pourraient \u00eatre relativement \u00e9pargn\u00e9s. Fin janvier, <a href=\"https:\/\/www.journaldesfemmes.fr\/people\/emmanuel-macron\/\" title=\"Emmanuel Macron\">Emmanuel Macron<\/a> leur avait promis qu&rsquo;ils pourraient d\u00e8s le 1er f\u00e9vrier, au m\u00eame titre que les salari\u00e9s, assister aux <strong>cours en pr\u00e9sentiel une fois par semaine<\/strong>. \u00ab\u00a0<em>R\u00e9\u00e9quilibrer en faveur des jeunes, c&rsquo;est bien l&rsquo;id\u00e9e<\/em>\u00ab\u00a0, a expliqu\u00e9 un proche du chef de l&rsquo;Etat \u00e0 <em>RTL<\/em>.<\/p>\n<p>Quid des <strong>commerces non-essentiels<\/strong> ?\u00a0Ceux-ci ne fermeraient pas totalement, en cas de confinement hybride, mais des <strong>cr\u00e9neaux d&rsquo;ouverture ou des prises de rendez-vous pour les clients<\/strong> pourraient \u00eatre mis en place.<\/p>\n<p>Toutefois, le<strong> bien-fond\u00e9 d&rsquo;un tel syst\u00e8me<\/strong> pourrait \u00eatre remis en question.\u00a0\u00ab\u00a0<em>Comment expliquer aux parents que leurs enfants doivent rester \u00e0 la maison mais qu&rsquo;on peut toujours se rendre chez le coiffeur ?<\/em>\u00ab\u00a0, s&rsquo;est interrog\u00e9 un conseiller selon <em>BFM TV<\/em>.<\/p>\n<p>Malgr\u00e9 tout, il s&rsquo;agit pour le chef de l&rsquo;Etat de tenter de combiner<strong> mesures fortes et protection<\/strong> (tant que faire se peut) de <strong>la sant\u00e9 mentale<\/strong> des Fran\u00e7ais, qui sont de plus en plus nombreux \u00e0 appeler \u00e0 la d\u00e9sob\u00e9issance civile.\u00a0<\/p>\n<p>\u00ab\u00a0<em>Emmanuel Macron est plus inquiet que jamais des<strong> impacts psychologiques<\/strong> d&rsquo;un troisi\u00e8me confinement<\/em>\u00ab\u00a0, a expliqu\u00e9 un proche du pr\u00e9sident de la R\u00e9publique, selon <em>BFM TV.<\/em><\/p>\n<p>Quoiqu&rsquo;il en soit, la plupart des scientifiques appellent \u00e0 prendre des mesures restrictives fortes et surtout, rapidement.\u00a0Le pr\u00e9sident de la Ligue nationale contre le cancer <strong>Axel Kahn<\/strong> a d\u00e9clar\u00e9 sur <em>BFM TV<\/em> et <em>RMC<\/em> : \u00ab\u00a0<em>Plus on prend des <strong>d\u00e9cisions tardivement<\/strong>, plus ce sera<strong> long<\/strong><\/em>\u00ab\u00a0, a-t-il d\u00e9clar\u00e9.<\/p>\n<p>Et d&rsquo;alerter : \u00ab\u00a0<em>Il y a urgence, nous sommes encore dans le<strong> 2e pic \u00e9pid\u00e9mique<\/strong> qui n&rsquo;a jamais baiss\u00e9<\/em>\u00ab\u00a0.<\/p>\n<h2>Le couvre-feu, un \u00e9chec ?<\/h2>\n<p>Olivier V\u00e9ran le reconna\u00eet : <strong>l&rsquo;efficacit\u00e9 du couvre-feu \u00ab\u00a0<em>s&rsquo;estompe<\/em>\u00a0\u00bb <\/strong>en France depuis quelques semaines et \u00ab\u00a0<em>ne suffit pas \u00e0 faire reculer le virus<\/em>\u00ab\u00a0. Pourtant, \u00ab\u00a0<em>il y a eu un effet r\u00e9el<\/em>\u00a0\u00bb sur la courbe de contaminations du pays lorsqu&rsquo;il a \u00e9t\u00e9 <strong>durci au mois de janvier<\/strong> pour une partie des d\u00e9partements, a-t-il assur\u00e9 lors de sa conf\u00e9rence de presse le 28 janvier.\u00a0<\/p>\n<p>Et le ministre de la Sant\u00e9 d&rsquo;ajouter\u00a0: \u00ab\u00a0<em>Nous ne sommes pas \u00e0 proprement parl\u00e9 dans une vague \u00e9pid\u00e9mique mais le\u00a0<strong data-insertor-excluded=\"1\">virus circule \u00e0 un niveau \u00e9lev\u00e9<\/strong>\u00a0et circule un peu plus vite chaque semaine<\/em>\u00ab\u00a0, avant d&rsquo;annoncer\u00a0<strong><em data-insertor-excluded=\"1\">\u00ab\u00a0des d\u00e9cisions seront prises dans quelques jours.\u00a0\u00bb<\/em><\/strong><\/p>\n<p>La France sera-t-elle\u00a0sous cloche une troisi\u00e8me fois ?<strong> Emmanuel Macron\u00a0<\/strong>devrait trancher samedi et prendre la parole dimanche voire lundi.<br \/>\u00ab\u00a0<em>C&rsquo;est un tsunami qui arrive<\/em>\u00ab\u00a0, a d\u00e9clar\u00e9 un proche du chef de l&rsquo;Etat selon <em>Europe 1<\/em>.\u00a0Plusieurs sc\u00e9narios sont \u00e0 l&rsquo;\u00e9tude, dont l&rsquo;un est particuli\u00e8rement dur&#8230;<br \/>Le terme a \u00e9t\u00e9 l\u00e2ch\u00e9 par Gabriel Attal le 27 janvier, apr\u00e8s le Conseil des ministres : un \u00ab\u00a0<strong><em>confinement tr\u00e8s serr\u00e9<\/em><\/strong>\u00a0\u00bb pourrait finalement \u00eatre envisag\u00e9<strong>.<\/strong>\u00a0Mais que veut donc dire le porte-parole du gouvernement ?\u00a0\u00ab\u00a0<em>Cela veut dire un confinement qui a des <strong>effets rapides et efficaces <\/strong>pour freiner la circulation du virus. On tire des enseignements.\u00a0C&rsquo;est pas des d\u00e9cisions qui se prennent au pifom\u00e8tre. Notre objectif, c&rsquo;est l&rsquo;\u00e9quilibre le plus juste entre la <strong>limitation du virus et la vie des Fran\u00e7ais<\/strong>. J&rsquo;entends parfaitement que c&rsquo;est anxiog\u00e8ne, et que les Fran\u00e7ais ont envie de savoir<\/em>\u00ab\u00a0, a-t-il pr\u00e9cis\u00e9 au micro de France Inter, le 28 janvier.<br \/>Tout porte \u00e0 croire donc, qu&rsquo;en cas de \u00ab\u00a0<strong><em>confinement tr\u00e8s serr\u00e9<\/em><\/strong>\u00ab\u00a0, les<strong> \u00e9coles et commerces non-essentiels<\/strong> seraient ferm\u00e9s \u00e0 l&rsquo;instar du confinement de printemps.<\/p>\n<div class=\"ccminsert\">\n<blockquote class=\"twitter-tweet\">\n<p dir=\"ltr\" lang=\"fr\">.<a href=\"https:\/\/twitter.com\/GabrielAttal?ref_src=twsrc%5Etfw\">@GabrielAttal<\/a> : le \u00ab\u00a0confinement tr\u00e8s serr\u00e9\u00a0\u00bb serait \u00ab\u00a0un confinement qui a des effets rapides et efficaces pour freiner davantage la circulation du virus. On tire des enseignements [des confinements pass\u00e9s]. C&rsquo;est pas des d\u00e9cisions qui se prennent au pifom\u00e8tre\u00a0\u00bb <a href=\"https:\/\/twitter.com\/hashtag\/le79Inter?src=hash&amp;ref_src=twsrc%5Etfw\">#le79Inter<\/a> <a href=\"https:\/\/t.co\/w7cZY6cpAq\">pic.twitter.com\/w7cZY6cpAq<\/a><\/p>\n<p>\u2014 France Inter (@franceinter) <a href=\"https:\/\/twitter.com\/franceinter\/status\/1354684319185432576?ref_src=twsrc%5Etfw\">January 28, 2021<\/a><\/p><\/blockquote>\n<\/div>\n<h2>Un \u00ab\u00a0<em>entre-deux<\/em>\u00a0\u00bb ou des mesures fortes ?\u00a0<\/h2>\n<p>Pour le d\u00e9put\u00e9 LR Eric Ciotti, la<strong> situation de \u00ab\u00a0<em>l&rsquo;entre-deux<\/em>\u00ab\u00a0<\/strong> n&rsquo;est plus tenable en France dans ce contexte sanitaire, alors que de plus en plus de<strong> contaminations au variant britannique<\/strong> sont recens\u00e9es.<\/p>\n<p>Sur <em>CNews<\/em>, il a fustig\u00e9 \u00ab\u00a0<em>les atermoiements<\/em>\u00a0\u00bb du pr\u00e9sident de la R\u00e9publique, estimant que celui-ci n&rsquo;osait pas prendre de <strong>mesures restrictives assez fortes <\/strong>pour emp\u00eacher la propagation du Covid-19.<\/p>\n<p>Eric Ciotti a donc appel\u00e9\u00a0\u00e0 <strong><em>\u00ab\u00a0marquer un coup tr\u00e8s fort<\/em><\/strong>\u00a0\u00bb et a d\u00e9clar\u00e9 : \u00ab\u00a0<em>On est dans le <strong>en m\u00eame temps sanitaire<\/strong>, ces atermoiements d\u00e9stabilisent aujourd&rsquo;hui beaucoup notre pays, les Fran\u00e7ais n&rsquo;y comprennent plus rien<\/em> (&#8230;)<em> s&rsquo;il\u00a0faut prendre des mesures pour prot\u00e9ger les Fran\u00e7ais, il faut le faire<\/em>\u00ab\u00a0.<\/p>\n<p>Le conseiller d\u00e9partemental des Alpes-Maritimes a demand\u00e9\u00a0de la \u00ab\u00a0<strong><em>clart\u00e9\u00a0\u00bb<\/em><\/strong> et des d\u00e9cisions, \u00ab\u00a0<em>m\u00eame si c&rsquo;est <strong>extr\u00eamement douloureux<\/strong>. \u00c9largir la plage des vacances de f\u00e9vrier est sans doute une solution<\/em>\u00ab\u00a0.<\/p>\n<p>Quant aux <strong>vacances scolaires de f\u00e9vrier<\/strong>, pourraient-elles finalement \u00eatre rallong\u00e9es, alors que Jean-Michel Blanquer avait exclu cette possibilit\u00e9 ?\u00a0<\/p>\n<p>\u00ab\u00a0<em>Depuis le d\u00e9but on a fait le choix de <strong>maintenir le plus possible les \u00e9coles ouvertes<\/strong>. On a toujours comme boussole de permettre \u00e0 nos enfants d&rsquo;aller \u00e0 l&rsquo;\u00e9cole autant que c&rsquo;est possible. Maintenant on est dans une situation particuli\u00e8re, rien n&rsquo;est exclu\u00a0\u00bb<\/em>, a admis Gabriel Attal. Et d&rsquo;ajouter :<em>\u00ab\u00a0Il est possible de r\u00e9fl\u00e9chir \u00e0<strong> allonger les vacances <\/strong>d&rsquo;un c\u00f4t\u00e9 ou de l&rsquo;autre.<\/em> Aucun sc\u00e9nario n&rsquo;est donc exclu, face \u00e0 l&rsquo;augmentation des cas de contaminations au variant britannique&#8230;<\/p>\n<p>Jean-Fran\u00e7ois Delfraissy avait d\u00e9clar\u00e9, quelques jours plus t\u00f4t, sur <em>BFM TV<\/em>: \u00ab\u00a0<em>On peut <strong>adapter les vacances scolaires<\/strong>\u00a0: ce n&rsquo;est pas remettre en cause l&rsquo;ouverture des \u00e9coles, c&rsquo;est admettre qu&rsquo;on peut avoir des vacances scolaires d&rsquo;une semaine de plus, peut-\u00eatre en les regroupant<\/em>\u00ab\u00a0. <strong>F\u00e9vrier serait donc un mois \u00ab\u00a0<em>sans \u00e9cole<\/em>\u00ab\u00a0.<\/strong><\/p>\n<p>Une autre piste mise sur la table serait un <strong>confinement le week-end<\/strong>. Une telle mesure permettrait de pr\u00e9server au maximum l&rsquo;\u00e9conomie et ainsi \u00e9viter les<strong> d\u00e9placements \u00ab\u00a0<em>loisirs<\/em>\u00ab\u00a0<\/strong>, les contacts entre amis, parfois sans <a href=\"https:\/\/sante.journaldesfemmes.fr\/fiches-maladies\/2609189-masque-covid-19-coronavirus-transparent-chirurgical-jetable-lavable-tissu-ffp2-achat-afnor-prix-norme\/\" title=\"Masque anti-virus\">masque<\/a> et sans respect des distanciations, et qui sont\u00a0logiquement plus nombreux le week-end, selon <em>Le Parisien<\/em>.<\/p>\n<h3>Le couvre-feu n&rsquo;est pas assez efficace<\/h3>\n<p>Le <strong>couvre-feu durci <\/strong>\u00e0 18\u00a0heures <em>\u00ab\u00a0a une efficacit\u00e9 relativ<\/em>e\u00a0\u00bb et \u00ab\u00a0<em>ne freine pas suffisamment<\/em>\u00a0\u00bb la hausse des cas de coronavirus, avait annonc\u00e9 Gabriel Attal, apr\u00e8s le Conseil des ministres qui a suivi le Conseil de D\u00e9fense sanitaire, le 27\u00a0janvier.<\/p>\n<p>Alors qu&rsquo;Emmanuel Macron s&rsquo;\u00e9tait donn\u00e9 <strong>15\u00a0jours apr\u00e8s la mise en place du couvre-feu \u00e0 18h <\/strong>(soit samedi 30\u00a0janvier) pour trancher et d\u00e9cider (ou non) d&rsquo;un reconfinement, il semblerait que la d\u00e9cision soit presque d\u00e9j\u00e0 prise.<\/p>\n<p>Toutefois,<strong>\u00a0\u00ab\u00a0<em>diff\u00e9rents sc\u00e9narios<\/em>\u00a0\u00bb <\/strong>sont encore \u00e0 l&rsquo;\u00e9tude pour d\u00e9terminer lequel est le plus efficace et permet au maximum de pr\u00e9server l&rsquo;\u00e9conomie. Ces pistes\u00a0doivent faire l&rsquo;objet d&rsquo;une <strong>concertation avec le Parlement et les syndicats<\/strong>. Quoiqu&rsquo;il en soit, un statut quo ne semble pas \u00eatre \u00e0 l&rsquo;ordre du jour selon le porte-parole du gouvernement, qui a d\u00e9clar\u00e9:\u00a0\u00ab\u00a0<em>Le maintien du couvre-feu \u00e0 18h para\u00eet tr\u00e8s peu probable<\/em>\u00ab\u00a0.<\/p>\n<p>Le Premier ministre, qui avait\u00a0bloqu\u00e9 un cr\u00e9neau dans son agenda le 28\u00a0janvier pour \u00e9ventuellement intervenir lors de la<strong> conf\u00e9rence de presse d&rsquo;Olivier V\u00e9ran <\/strong>\u00e0 18h, ne <strong>compte finalement pas s&rsquo;exprimer<\/strong>.\u00a0Pour cette semaine, aucune mesure restrictive suppl\u00e9mentaire n&rsquo;est donc \u00e0 pr\u00e9sager.<\/p>\n<h2>Des exceptions pour les \u00e9tudiants\u00a0?<\/h2>\n<p>Le 16\u00a0janvier, Jean Castex a contact\u00e9 Gaspard, un <strong>\u00e9tudiant q<\/strong>ui avait diffus\u00e9 sur les r\u00e9seaux sociaux une vid\u00e9o sur la <strong>d\u00e9tresse <\/strong>qu&rsquo;il ressentait face aux mesures restrictives, et qui a fait le buzz.\u00a0Sur Instagram, il a publi\u00e9 une partie de son \u00e9change t\u00e9l\u00e9phonique avec le Premier ministre.<\/p>\n<p>\u00ab\u00a0<em>J&rsquo;ai regard\u00e9 ta vid\u00e9o et je voulais te dire qu&rsquo;elle m&rsquo;a beaucoup \u00e9mu<\/em>\u00ab\u00a0, a d&rsquo;abord d\u00e9clar\u00e9 Jean Castex.<\/p>\n<p>Le Premier ministre a laiss\u00e9 entendre que, m\u00eame <strong>en cas de reconfinement<\/strong>, les \u00e9tudiants pourraient faire l&rsquo;objet<strong> d&rsquo;exceptions<\/strong>.\u00a0\u00ab\u00a0<em>M\u00eame quand on est confin\u00e9, on a pu parfois, <strong>pr\u00e9voir un certain nombre d&rsquo;exceptions<\/strong>. L\u00e0 aussi, est-ce que compte tenu de la r\u00e9alit\u00e9 des \u00e9tudiants, on les fait entrer dans les exceptions? \u00e0 quel moment? Ces questions restent ouvertes<\/em>\u00ab\u00a0, a-t-il d\u00e9clar\u00e9.\u00a0<\/p>\n<h2>Macron et Castex, en d\u00e9saccord ?<\/h2>\n<p><strong>Confinera, confinera pas&#8230;<\/strong>\u00a0Les scientifiques appellent \u00e0 un rapide<strong> reconfinement<\/strong> depuis plusieurs semaines, et Jean Castex adopte un discours qui va plut\u00f4t dans leur sens.\u00a0\u00ab\u00a0<em><strong>Des d\u00e9cisions seront prises cette semaine<\/strong> (&#8230;), il ne s&rsquo;agit pas de baisser la garde<\/em>\u00ab\u00a0, avait pr\u00e9venu le Premier ministre\u00a0lors d&rsquo;une visite \u00e0 l&rsquo;Agence r\u00e9gionale de Sant\u00e9 d&rsquo;Ile-de-France \u00e0 Saint-Denis, le 25\u00a0janvier.<\/p>\n<p>Mais\u00a0<strong>Emmanuel Macron<\/strong>, lui,\u00a0cherche \u00e0 \u00e9viter \u00e0 tout prix un reconfinement&#8230;\u00a0ou au moins, \u00e0 gagner du temps.\u00a0\u00ab\u00a0<em>Il voit que le syst\u00e8me atteint sa limite. Il est dans une r\u00e9flexion qui pourrait l&rsquo;amener \u00e0 <strong>prendre quelques risques sanitaires<\/strong>,<strong> <\/strong>contre son premier ministre et les scientifiques<\/em>\u00ab\u00a0, rapporte une source au <em>Figaro<\/em>.<\/p>\n<p>A-t-on retrouv\u00e9 une configuration dans laquelle<strong> le pr\u00e9sident de la R\u00e9publique et son Premier ministre sont en d\u00e9saccord<\/strong> sur la marche \u00e0 suivre ? Il n&rsquo;y a pas si longtemps, c&rsquo;est Edouard Philippe qui \u00e9tait en opposition avec le chef de l&rsquo;Etat.<br \/>Une dissidence qui a abouti \u00e0 son d\u00e9part du gouvernement&#8230;<\/p>\n<h3>Mais pourquoi ces tergiversations et ce r\u00e9trop\u00e9dalage ?<\/h3>\n<p>Les\u00a0questions de l&rsquo;acceptabilit\u00e9 sociale d&rsquo;un 3e Confinement et des effets sur la sant\u00e9 mentale se posent.<\/p>\n<p>Les Fran\u00e7ais ont le moral en berne et se braquent \u00e0 la perspective de nouvelles restrictions. Ils veulent \u00eatre associ\u00e9s \u00e0 cette d\u00e9cision et mieux accompagn\u00e9s.<\/p>\n<h2>Les Fran\u00e7ais ne veulent plus de confinement<\/h2>\n<p>Emmanuel Macron sait bien que l&rsquo;\u00e9ventuelle<strong> (re)mise sous cloche du pays <\/strong>serait difficile \u00e0 faire accepter. Alors qu&rsquo;ils \u00e9taient\u00a085% \u00e0 applaudir le confinement en mars, les Fran\u00e7ais ne sont d\u00e9sormais\u00a0que <strong>40% \u00e0 \u00eatre favorables<\/strong> \u00e0 un reconfinement, d&rsquo;apr\u00e8s le <em>Figaro<\/em>.\u00a0<\/p>\n<h3>Certains appellent d\u00e9j\u00e0 \u00e0 la <strong>fronde<\/strong><\/h3>\n<p>\u00ab\u00a0<em>Si on dit \u00e0 des gens de ne pas sortir mais qu&rsquo;ils sortent quand m\u00eame, on sera d\u00e9sarm\u00e9s. Aujourd&rsquo;hui, <strong>plus personne n&rsquo;accepterait un reconfinement complet<\/strong>, \u00e0 moins qu&rsquo;il y ait des milliers de morts chaque jour<\/em>\u00ab\u00a0, a averti une ministre aupr\u00e8s du <em>Parisien<\/em>.<\/p>\n<h2>Macron va-t-il reconfiner ?<\/h2>\n<p>Pour Bruno Le Maire, il n&rsquo;y a gu\u00e8re\u00a0de n\u00e9cessit\u00e9 de<strong> reconfiner <\/strong>pour l&rsquo;instant. \u00ab\u00a0<em>J&rsquo;entends certains qui nous disent\u00a0: &lsquo;Allez, maintenant il faut <strong>imm\u00e9diatement reconfiner<\/strong>.&rsquo; Mais regardons d&rsquo;abord, sereinement, calmement, est-ce que le couvre-feu \u00e0 18\u00a0h a donn\u00e9 les r\u00e9sultats que nous esp\u00e9rions<\/em>\u00ab\u00a0, a-t-il d\u00e9clar\u00e9 au micro de <em>Radio Classique<\/em>.\u00a0<\/p>\n<p>Selon <em>La D\u00e9p\u00eache<\/em>, si plusieurs informations contradictoires\u00a0ont fuit\u00e9, ce serait \u00e0 cause des nombreuses divergences sur le sujet au sein m\u00eame du gouvernement.\u00a0<\/p>\n<p><strong>Agn\u00e8s Pannier-Runacher<\/strong>, ministre d\u00e9l\u00e9gu\u00e9e charg\u00e9e de l&rsquo;Industrie, a confirm\u00e9 que l&rsquo;ex\u00e9cutif souhaitait <strong>se laisser du temps <\/strong>avant de d\u00e9cider ou non d&rsquo;un reconfinement.\u00a0\u00ab\u00a0<em>Avant samedi, \u00e0 ma connaissance, et sur la base des donn\u00e9es dont nous disponsons,<strong> il n&rsquo;y a pas de raison de d\u00e9cider d&rsquo;un confinement<\/strong>. Nous prenons des d\u00e9cisions proportionn\u00e9es \u00e0 la situation du virus en France. Et c&rsquo;est \u00e7a peut-\u00eatre\u00a0qui fait que nous sommes relativement \u00e9pargn\u00e9s en France\u00a0\u00bb<\/em>, a-t-elle d\u00e9clar\u00e9 sur <em>BFM TV<\/em>.<\/p>\n<h2>Pays-Bas : inqui\u00e9tude face aux \u00e9meutes\u00a0<\/h2>\n<p>Aux<strong> Pays-Bas<\/strong>, une <strong>deuxi\u00e8me nuit d&rsquo;\u00e9meutes <\/strong>a eu lieu le 25 janvier, en protestation au <strong>couvre-feu<\/strong> instaur\u00e9 entre 21h et 4h30.\u00a0Des vitrines de magasins ont \u00e9t\u00e9 bris\u00e9es, des voitures ont \u00e9t\u00e9 br\u00fbl\u00e9es et\u00a0des poubelles incendi\u00e9es \u00e0 Amsterdam et Rotterdam.\u00a0Un mouvement de protestation qui inqui\u00e8te Emmanuel Macron, en France&#8230;<\/p>\n<h2>Confinement : y&rsquo;a-t-il \u00ab\u00a0urgence\u00a0\u00bb ?<\/h2>\n<p>Faut-il reconfiner \u00e0 tout prix dans les prochains jours ?\u00a0\u00ab\u00a0<em>Nous ne sommes pas dans<strong> l&rsquo;extr\u00eame urgence<\/strong>, nous ne sommes pas \u00e0 une semaine pr\u00e8s<\/em>\u00ab\u00a0, a d\u00e9clar\u00e9 Jean-Fran\u00e7ois Delfraissy\u00a0\u00e0 <em>Lib\u00e9ration<\/em>, le 26 janvier.\u00a0<\/p>\n<p>Pourtant, \u00e0 peine deux jours plus t\u00f4t sur <em>BFM TV<\/em>, le pr\u00e9sident du conseil scientifique avait adopt\u00e9 une<strong> posture alarmiste<\/strong>, assurant qu&rsquo;il y avait <strong>\u00ab\u00a0<em>urgence<\/em>\u00a0\u00bb \u00e0 reconfiner<\/strong>. \u00ab\u00a0<em>Les mesures interm\u00e9diaires n&rsquo;ont pas suffisamment march\u00e9 pour les variants, mais le confinement en Angleterre et en Irlande montre un d\u00e9but de diminution de la courbe. Cet outil tr\u00e8s barbare a une activit\u00e9 sur la circulation du virus et du variant<\/em>\u00ab\u00a0, avait-il notamment d\u00e9clar\u00e9.\u00a0<\/p>\n<p>Qu&rsquo;est-ce qui explique ces<strong> discours en apparence contradictoires<\/strong> ? Le pr\u00e9sident du conseil scientifique s&rsquo;est justifi\u00e9, sur <em>BFM TV<\/em>, le 26\u00a0janvier :\u00a0\u00ab\u00a0<em>Je n&rsquo;ai pas chang\u00e9 d&rsquo;un iota entre dimanche et aujourd&rsquo;hui&#8230; On est toujours dans l&rsquo;urgence, mais<strong> pas \u00e0 3\u00a0jours pr\u00e8s<\/strong><\/em>\u00ab\u00a0.<\/p>\n<p>Une v\u00e9ritable cacophonie m\u00e9diatique qui instaure\u00a0davantage de confusion chez les Fran\u00e7ais&#8230; Mais si un nouveau confinement \u00e9tait mis en place, quelle forme prendrait-il ? La question de<strong> l&rsquo;ouverture ou non des commerces <\/strong>en cas d&rsquo;assignation \u00e0 domicile reste primordiale.<\/p>\n<p>\u00ab\u00a0<em>On veut \u00e9viter \u00e0 tout prix les contraintes qui p\u00e8sent \u00e9conomiquement<\/em>\u00ab\u00a0, a d\u00e9clar\u00e9 un proche du pr\u00e9sident de la R\u00e9publique selon <em>BFM TV<\/em>. D&rsquo;autant que les <strong>soldes<\/strong> n&rsquo;ont d\u00e9but\u00e9 que le 20 janvier.\u00a0<\/p>\n<p>Quant \u00e0 Bruno Le Maire, le ministre de l&rsquo;Economie, il a d\u00e9clar\u00e9 sur\u00a0<em>Bloomberg TV <\/em>que si un <strong>troisi\u00e8me confinement <\/strong>\u00e9tait annonc\u00e9, il serait tr\u00e8s difficile\u00a0pour la France d&rsquo;atteindre l&rsquo;objectif de <strong>6% de croissance<\/strong> en 2021.\u00a0\u00ab\u00a0<em>Le virus ne se diffuse pas dans les commerces, donc il n&rsquo;y a pas besoin de les fermer<\/em>\u00ab\u00a0, a rassur\u00e9 un conseiller minist\u00e9riel, selon <em>BFM TV<\/em>.<\/p>\n<h2>Partir en vacances&#8230; ou pas ?<\/h2>\n<p>Pourrons-nous<strong> partir en vacances en f\u00e9vrier<\/strong> ? Alors que Jean-Yves Le Drian,\u00a0ministre des Affaires Etrang\u00e8res, a demand\u00e9 express\u00e9ment et avec autorit\u00e9 aux Fran\u00e7ais\u00a0de <strong>NE\u00a0PAS\u00a0<a href=\"https:\/\/www.affinite.fr\/index.php\/2023\/07\/29\/changer-de-vie-voyager-complement-de-retraite-devenez-vendeur-de-glace-a-litalienne\/\">voyager<\/a> durant les vacances de f\u00e9vrier<\/strong>, Jean-Baptiste Djebbari, ministre des Transports, a expliqu\u00e9 sur <em>Franceinfo<\/em>:\u00a0\u00ab\u00a0<em>C&rsquo;est un appel \u00e0 la responsabilit\u00e9. Les Fran\u00e7ais ont peu r\u00e9serv\u00e9, ils vont s\u00fbrement faire comme en \u00e9t\u00e9 et attendre les cinq, six derniers jours avant de r\u00e9server si la situation le permet.<\/em>\u00a0\u00bb \u00ab\u00a0<em>On a environ <strong>50% de r\u00e9servations en moins<\/strong><\/em>\u00ab\u00a0, a-t-il ajout\u00e9.<\/p>\n<p>Quoiqu&rsquo;il en soit, le ministre a tenu \u00e0 faire savoir qu&rsquo;<strong>en cas de reconfinement <\/strong>ou d\u00e9gradation de la situation sanitaire, les Fran\u00e7ais pourraient annuler en toute s\u00e9r\u00e9nit\u00e9 les billets qu&rsquo;ils ont r\u00e9serv\u00e9s:\u00a0\u00ab\u00a0<em>Nous avons demand\u00e9 aux diff\u00e9rentes compagnies a\u00e9riennes et \u00e0 la SNCF de faire en sorte que les billets qui ont d\u00e9j\u00e0 \u00e9t\u00e9 achet\u00e9s soient \u00e9changeables, annulables, jusqu&rsquo;\u00e0 trois jours avant le d\u00e9part pour la SNCF<\/em>\u00ab\u00a0.<\/p>\n<p>Le pr\u00e9sident du conseil scientifique Jean-Fran\u00e7ois Delfraissy a estim\u00e9 sur <em>BFM TV <\/em>qu&rsquo;il \u00e9tait n\u00e9cessaire pour les<strong> personnes \u00e0 risque<\/strong> \u00ab\u00a0<em>d&rsquo;aller vers une forme <strong>d&rsquo;auto-isolement volontaire<\/strong>, pour se prot\u00e9ger en attendant qu&rsquo;elles soient vaccin\u00e9es<\/em>\u00ab\u00a0, pendant les deux prochains mois.<\/p>\n<p>L&rsquo;infectiologue et membre du comit\u00e9 vaccin Covid-19\u00a0Odile Launay avait \u00e9galement recommand\u00e9 cette solution le 21\u00a0janvier. Une proposition que la ministre a balay\u00e9e d&rsquo;un revers de main. \u00ab\u00a0<em>Les personnes qui se sentent vuln\u00e9rables <strong>s&rsquo;auto-confinent<\/strong><\/em>\u00ab\u00a0, a-t-elle expliqu\u00e9.<\/p>\n<p>Le <strong>confinement cibl\u00e9<\/strong> des personnes \u00ab\u00a0<em>fragiles n&rsquo;a<strong> jamais \u00e9t\u00e9 envisag\u00e9<\/strong><\/em>\u00ab\u00a0, avait expliqu\u00e9 la\u00a0ministre de l&rsquo;Enseignement sup\u00e9rieur Fr\u00e9d\u00e9rique Vidal, sur le plateau de <em>BFM TV<\/em>, le 22\u00a0janvier.<\/p>\n<h2>Les Fran\u00e7ais, pr\u00eats \u00e0 se reconfiner<\/h2>\n<p>Mais les Fran\u00e7ais sont-ils<strong> pr\u00eats \u00e0 \u00eatre reconfin\u00e9s <\/strong>?<strong>\u00a072\u00a0% d&rsquo;entre eux<\/strong> estiment qu'\u00a0\u00bb<em>un nouveau confinement aura lieu prochainement<\/em>\u00ab\u00a0, selon un sondage OpinionWay-Square publi\u00e9 18\u00a0janvier par <em>Les \u00c9chos<\/em> .\u00a0Les Fran\u00e7ais sont r\u00e9sign\u00e9s, mais cette\u00a0perspective ne les r\u00e9jouit toutefois pas, puisqu&rsquo;ils ne sont que quatre sur dix (41%) \u00e0 souhaiter ce troisi\u00e8me confinement.<\/p>\n<p>Pour <strong>Brigitte Macron<\/strong>, un<strong> reconfinement n&rsquo;est pas \u00e0 exclure.<\/strong> \u00ab\u00a0<em>Clairement, je ne l&rsquo;esp\u00e8re pas<\/em>\u00ab\u00a0, a-t-elle toutefois d\u00e9clar\u00e9, l&rsquo;air grave, au micro de <em>RTL<\/em>, le 20\u00a0janvier.<\/p>\n<p>Les <strong>remont\u00e9es m\u00e9caniques <\/strong>resteront ferm\u00e9es jusqu&rsquo;au<strong> 1er f\u00e9vrier<\/strong>, a minima, a annonc\u00e9 le gouvernement aux professionnels de la montagne \u00e0 l&rsquo;occasion d&rsquo;un \u00e9change en visioconf\u00e9rence, le 20\u00a0janvier.<\/p>\n<p>Jean-Baptiste Lemoyne, S\u00e9cr\u00e9taire d&rsquo;\u00c9tat charg\u00e9 du Tourisme, a pr\u00e9cis\u00e9\u00a0qu&rsquo;une r\u00e9ouverture des remont\u00e9es m\u00e9caniques \u00e0 la mi-f\u00e9vrier \u00e9tait \u00ab\u00a0<em>hautement improbable<\/em>\u00ab\u00a0. Selon lui, tout porte \u00e0 croire qu&rsquo;elles\u00a0devraient rester <strong>hors-service tout l&rsquo;hiver<\/strong>.<\/p>\n<p><strong>Quant aux restaurants<\/strong>, ils\u00a0ne devraient pas rouvrir avant&#8230; P\u00e2ques. Selon <em>Le Point<\/em> et des sources de l&rsquo;\u00c9lys\u00e9e, Matignon et Bercy, les \u00e9tablissements de restauration devraient rouvrir leurs portes <strong>au plus t\u00f4t le\u00a06\u00a0avril.<\/strong><br \/>En ce qui concerne les <strong>bars et caf\u00e9s,<\/strong> certains parlent m\u00eame d&rsquo;une r\u00e9ouverture en juin!\u00a0Siroter un verre en terrasse et partager un repas gastronomique entre amis, ce n&rsquo;est pas pour demain&#8230;<\/p>\n<p>Jean Castex avait d\u00e9j\u00e0 \u00e9voqu\u00e9 un renforcement des\u00a0<strong>contr\u00f4les des fronti\u00e8res<\/strong>\u00a0lors de sa derni\u00e8re conf\u00e9rence de presse.\u00a0Tous les voyageurs qui souhaitent entrer en France,\u00a0doivent d\u00e9sormais\u00a0attester d&rsquo;un test n\u00e9gatif au <a href=\"https:\/\/sante.journaldesfemmes.fr\/fiches-maladies\/2605417-covid-19-france-coronavirus-chiffres-nombre-nouveaux-cas-mort-bilan-actu-annonces-castex-confinement\/\" title=\"Covid-19\">coronavirus<\/a>, r\u00e9alis\u00e9 au moins 72 heures avant le d\u00e9part, ainsi qu&rsquo;une quarantaine de sept jours et un second test apr\u00e8s la septaine.<\/p>\n<p>Quant aux <strong>voyageurs europ\u00e9ens<\/strong>,\u00a0ils doivent d\u00e9sormais pr\u00e9senter un test n\u00e9gatif au coronavirus pour entrer en France.<\/p>\n<h3>Les DOM-TOM, plus difficiles d&rsquo;acc\u00e8s<\/h3>\n<p>Quant \u00e0 la<strong> Martinique, la Guadeloupe et la R\u00e9union<\/strong>, ils durcissent aussi leurs conditions d&rsquo;entr\u00e9e et exigent un test PCR n\u00e9gatif ainsi qu&rsquo;un <strong>isolement de 7\u00a0jours<\/strong> pour les voyageurs en provenance de France m\u00e9tropolitaine.\u00a0<\/p>\n<p>Quant \u00e0 ceux qui viennent de<strong> Guyane et Mayotte<\/strong>, ils ne peuvent se rendre en Martinique, Guadeloupe ou \u00e0 la R\u00e9union qu&rsquo;en cas de motif imp\u00e9rieux.<\/p>\n<h2>Couvre-feu \u00e0 18h pour tous<\/h2>\n<p><strong>Le couvre-feu \u00e0 18h pour toute la France a \u00e9t\u00e9 mis en application\u00a0samedi\u00a016 janvier pour \u00ab\u00a0<em>au moins 15 jours<\/em>\u00ab\u00a0<\/strong> et\u00a0devrait permettre de r\u00e9duire la propagation du virus tout en maintenant une vie \u00e9conomique.<\/p>\n<p>Tous les commerces sont ferm\u00e9s \u00e0 18h et\u00a0les d\u00e9rogations sont <em>\u00ab\u00a0les m\u00eames que celles applicables pour le couvre-feu \u00e0 20h<\/em>\u00ab\u00a0, a pr\u00e9cis\u00e9 le Premier ministre.<\/p>\n<p>Des <strong>d\u00e9rogations<\/strong> sont \u00e9galement possibles pour les travailleurs qui rentrent \u00e0 leur domicile ainsi que\u00a0les parents allant chercher leurs enfants \u00e0 l&rsquo;\u00e9cole.<\/p>\n<p>En ce qui concerne les universit\u00e9s, les <strong>travaux dirig\u00e9s<\/strong> en premi\u00e8re ann\u00e9e peuvent reprendre par<strong> demi-groupe<\/strong> d\u00e8s le 25 janvier, \u00e0 pr\u00e9cis\u00e9 Fr\u00e9d\u00e9rique Vidal, ministre de l&rsquo;Enseignement sup\u00e9rieur. Une mesure qui pourra \u00eatre \u00e9tendue aux \u00e9l\u00e8ves des niveaux sup\u00e9rieurs si la situation sanitaire s&rsquo;am\u00e9liore.<\/p>\n<p>Emmanuel Macron a \u00e9galement pr\u00e9cis\u00e9 aux \u00e9tudiants, le 21 janvier, qu&rsquo;ils pourraient <strong>revenir \u00e0 l&rsquo;universit\u00e9 un jour par semaine<\/strong> s&rsquo;ils en ressentent le besoin, au m\u00eame titre que les salari\u00e9s.<\/p>\n<p>Quant aux entreprises, il sera possible \u00e0 celles\u00a0qui le souhaitent\u00a0 de diff\u00e9rer \u00ab\u00a0d<em>&lsquo;une ann\u00e9e suppl\u00e9mentaire le <strong>remboursement de leur pr\u00eat<\/strong> garanti par l&rsquo;Etat<\/em>\u00ab\u00a0. Bruno Le Maire a pr\u00e9cis\u00e9 que les <strong>co\u00fbts fixes des entreprises ferm\u00e9es<\/strong> restaient pris en charge \u00e0 70 %. Enfin, le ministre de l&rsquo;Economie a promis que les<strong> imp\u00f4ts des Fran\u00e7ais <\/strong>n&rsquo;augmenteraient pas.<\/p>\n<div class=\"ccminsert\">\n<blockquote class=\"twitter-tweet\">\n<p dir=\"ltr\" lang=\"fr\">Pour les entreprises totalement ou partiellement ferm\u00e9es, Elisabeth Borne annonce que l&rsquo;\u00c9tat continuera de prendre en charge \u00ab\u00a0100% des r\u00e9mun\u00e9rations vers\u00e9es aux salari\u00e9s jusqu&rsquo;\u00e0 fin f\u00e9vrier\u00a0\u00bb <a href=\"https:\/\/t.co\/85b2WUZ45w\">pic.twitter.com\/85b2WUZ45w<\/a><\/p>\n<p>\u2014 BFMTV (@BFMTV) <a href=\"https:\/\/twitter.com\/BFMTV\/status\/1349781139762933763?ref_src=twsrc%5Etfw\">January 14, 2021<\/a><\/p><\/blockquote>\n<\/div>\n<p>Les<strong> lieux culturels <\/strong>restent ferm\u00e9s pour l&rsquo;instant, a fait savoir la ministre de la Culture le 14 janvier, ajoutant que la plupart des pays voisins avaient eux aussi<strong> ferm\u00e9 leurs cin\u00e9mas et autres salles de spectacle<\/strong>. Roselyne Bachelot a pr\u00e9cis\u00e9 que les dispositifs sp\u00e9cifiques mis en place pour le secteur culturel seraient\u00a0maintenus. Elle a rappel\u00e9 que les tournages, captations sans public et r\u00e9p\u00e9titions \u00e9taient toujours possibles.<\/p>\n<h2>Couvre-feu ou reconfinement ?\u00a0Ce que les Fran\u00e7ais pr\u00e9f\u00e8rent<\/h2>\n<p>Les Fran\u00e7ais, eux, semblent \u00eatre convaincus de l&rsquo;\u00e9ventualit\u00e9 d&rsquo;un prochain\u00a0reconfinement. D&rsquo;apr\u00e8s un sondage Elabe, ils sont 83% \u00e0 penser qu&rsquo;un <strong>troisi\u00e8me confinement<\/strong> aura lieu \u00ab\u00a0<em>dans les prochaines semaines<\/em>\u00ab\u00a0.<\/p>\n<p>Parmi les options les plus supportables, c&rsquo;est le reconfinement qui est privil\u00e9gi\u00e9 par les Fran\u00e7ais avec <strong>52\u00a0% d&rsquo;opinions favorables<\/strong> devant le couvre-feu national \u00e0 18\u00a0h (47% d&rsquo;opinions favorables). Quant \u00e0 la combinaison du\u00a0<strong>couvre-feu \u00e0 18\u00a0h <\/strong>et du <strong>confinement le week-end<\/strong>, elle est la moins favoris\u00e9e par les fran\u00e7ais (44 %).<\/p>\n<h2>Castex, fier de l&rsquo;attitude des Fran\u00e7ais \u00e0 No\u00ebl et au Nouvel An<\/h2>\n<p>Jean Castex, satisfait du respect des gestes barri\u00e8res et r\u00e8gles sanitaires en cette fin d&rsquo;ann\u00e9e ? Le chef du gouvernement\u00a0\u00a0a adopt\u00e9 un discours <strong>rassurant<\/strong>.\u00a0Lors de la r\u00e9union de rentr\u00e9e des d\u00e9put\u00e9s LREM, le Premier ministre a d\u00e9clar\u00e9 : \u00ab\u00a0<em>Je crois qu&rsquo;on pourra dire que les <strong>Fran\u00e7ais se sont bien comport\u00e9s<\/strong><\/em>\u00a0\u00bb pendant les f\u00eates.<br \/>Et de constater : \u00ab\u00a0<em>Nos r\u00e9sultats ne sont pas brillants mais sont parmi les <strong>meilleurs d&rsquo;Europe<\/strong>. Nous n&rsquo;avons pas \u00e0 rougir des ces r\u00e9sultats<\/em>\u00ab\u00a0.<\/p>\n<h2>Confinement tr\u00e8s strict au Liban<\/h2>\n<p>Alors que l&rsquo;Angleterre et l&rsquo;Allemagne ont d&rsquo;ores et d\u00e9j\u00e0 serr\u00e9 la vis, au <strong>Liban<\/strong>, un <strong>confinement de 10 jours, 24h sur 24h, sans sortie m\u00eame pour les courses<\/strong>, o\u00f9 m\u00eame les magasins d&rsquo;alimentation seront ferm\u00e9s, doit \u00eatre mis en place d\u00e8s le 14 janvier.\u00a0<\/p>\n<h2>Allemagne : confinement jusqu&rsquo;en avril ?<\/h2>\n<p>Alors qu&rsquo;un confinement a \u00e9t\u00e9 mis en place jusqu&rsquo;au 31 janvier en Allemagne, <strong><a href=\"https:\/\/www.journaldesfemmes.fr\/people\/angela-merkel\/\" title=\"Angela Merkel\">Angela Merkel<\/a> <\/strong>a d\u00e9j\u00e0 pr\u00e9venu la population : ces mesures restrictives pourraient \u00eatre en vigueur jusqu&rsquo;en avril.<\/p>\n<p>\u00a0\u00ab\u00a0<em>Si nous ne parvenons pas \u00e0 arr\u00eater ce virus britannique, nous aurons 10\u00a0fois plus de cas d&rsquo;ici \u00e0 P\u00e2ques. Nous avons besoin de <strong>huit \u00e0 dix semaines suppl\u00e9mentaires<\/strong> de mesures strictes<\/em>\u00ab\u00a0, a d\u00e9clar\u00e9 la chanceli\u00e8re allemande selon <em>Bild<\/em>.<\/p>\n<p>Selon un sondage effectu\u00e9 par Kantar,\u00a056\u00a0% des Allemands jugent ces<strong> mesures restrictives<\/strong> adapt\u00e9es \u00e0 la situation, 25\u00a0% consid\u00e8rent\u00a0qu&rsquo;elles ne vont pas assez loin. Seulement 16\u00a0% de la population trouvent ce<strong> confinement trop\u00a0strict.<\/strong><\/p>\n<h2>Fermeture des lieux culturels : l&rsquo;exp\u00e9rience qui change tout ?<\/h2>\n<p>Une exp\u00e9rience espagnole a remis en cause la n\u00e9cessit\u00e9 de fermer les salles de <strong>spectacle, cin\u00e9mas, et autres mus\u00e9es<\/strong>. La Fondation de lutte contre le sida et les maladies infectieuses et\u00a0l&rsquo;h\u00f4pital universitaire allemand Trias i Pujol de Barcelone ont r\u00e9uni\u00a0<strong>463 personnes<\/strong>, \u00e2g\u00e9es de 18 \u00e0 59 ans. Celles-ci\u00a0ont <strong>assist\u00e9 \u00e0 un concert <\/strong>qui s&rsquo;est d\u00e9roul\u00e9 le 12\u00a0d\u00e9cembre dans une grande salle de Barcelone.<\/p>\n<p>Toutes \u00e9taient masqu\u00e9es et respectaient, dans la mesure du possible les r\u00e8gles de <strong>distanciation sociale<\/strong>.\u00a0Un <strong>espace pour fumeurs <\/strong>avait \u00e9galement \u00e9t\u00e9 mis en place, mais le nombre de personnes pouvant s&rsquo;y rendre \u00e9tait limit\u00e9. Le<strong> syst\u00e8me de ventilation <\/strong>\u00e9tait\u00a0adapt\u00e9 \u00e0 la situation et \u00ab\u00a0<em>des mesures ont \u00e9t\u00e9 mises en place pour \u00e9viter les files d&rsquo;attente dans les toilettes et \u00e0 l&rsquo;entr\u00e9e et \u00e0 la sortie du concert<\/em>\u00ab\u00a0, lit-on dans l&rsquo;\u00e9tude.<\/p>\n<p>R\u00e9sultat ?\u00a0<strong>Aucune <\/strong>de ces personnes <strong>n&rsquo;a \u00e9t\u00e9 test\u00e9e positive au coronavirus<\/strong> apr\u00e8s le concert.\u00a0<\/p>\n<p>Qu&rsquo;en pense donc notre\u00a0ministre de la Culture\u00a0?\u00a0\u00ab\u00a0<em>Je regarde cette exp\u00e9rimentation avec beaucoup de soin<\/em>\u00ab\u00a0, a d\u00e9clar\u00e9 <strong>Roselyne Bachelot<\/strong>, au micro de <em>France Info<\/em>. Et d&rsquo;ajouter : \u00ab\u00a0O<em>n va en parler avec les professionnels<\/em>\u00ab\u00a0.<\/p>\n<h2>Un arr\u00eat de travail imm\u00e9diat en cas de contamination<\/h2>\n<p>D\u00e8s le 10\u00a0janvier, un travailleur\u00a0qui constate des sympt\u00f4mes ou qui a \u00e9t\u00e9 en contact avec un ou plusieurs contamin\u00e9s au coronavirus, pourra s&rsquo;inscrire sur le site de l&rsquo;Assurance maladie pour obtenir un arr\u00eat de travail \u00ab\u00a0<em>imm\u00e9diat<\/em>\u00a0\u00bb indemnis\u00e9 sans jour de carence, a annonc\u00e9 le Premier ministre.<\/p>\n<p>D\u00e8s le 20\u00a0janvier, chaque personne d\u00e9clar\u00e9e positive pourra b\u00e9n\u00e9ficier d&rsquo;une visite \u00e0 domicile par un infirmier.<\/p>\n<p>Et d&rsquo;ajouter : \u00ab\u00a0<em>L&rsquo;Assurance maladie proc\u00e8dera \u00e0 un suivi syst\u00e9matique avec deux \u00e0 trois appels t\u00e9l\u00e9phoniques sur 7\u00a0jours<\/em>\u00ab\u00a0.<\/p>\n<h2>L&rsquo;\u00e9tat d&rsquo;urgence sanitaire prolong\u00e9 ?<\/h2>\n<p>Le gouvernement devrait proposer\u00a0en Conseil des ministres du 13 janvier un texte de loi qui prolongerait <strong>l&rsquo;\u00e9tat d&rsquo;urgence sanitaire au 1er juin 2021\u00a0<\/strong>(au lieu du 16\u00a0f\u00e9vrier initialement vot\u00e9) . Le r\u00e9gime transitoire devrait, lui, \u00eatre fix\u00e9 jusqu&rsquo;au\u00a0au <strong>31\u00a0d\u00e9cembre 2021,<\/strong> contre la date du 1er avril initialement propos\u00e9e.<\/p>\n<p>La nouvelle version du protocole sanitaire en entreprise, d\u00e9voil\u00e9e le 6\u00a0janvier, permet aux salari\u00e9s volontaires, dont les t\u00e2ches peuvent \u00eatre t\u00e9l\u00e9travaill\u00e9es, de retourner au bureau une fois par semaine. \u00ab\u00a0<em>Pour les salari\u00e9s en t\u00e9l\u00e9travail \u00e0 100%, un retour en pr\u00e9sentiel est possible un jour par semaine au maximum lorsqu&rsquo;ils en expriment le besoin, avec l&rsquo;accord de leur employeur<\/em>\u00ab\u00a0, lit-on dans cette nouvelle version du protocole sanitaire. Une mesure prise pour soulager les salari\u00e9s dont la sant\u00e9 mentale est en jeu.\u00a0<\/p>\n<p>\u00ab\u00a0<em>Le t\u00e9l\u00e9travail pour ceux qui le peuvent reste la r\u00e8gle. Mais j&rsquo;entends les salari\u00e9s qui sont en t\u00e9l\u00e9travail 5j\/5\u00a0depuis 2\u00a0mois et qui souffrent d&rsquo;isolement<\/em>\u00ab\u00a0, a expliqu\u00e9 la ministre du Travail Elisabeth Borne, sur Twitter.\u00a0<\/p>\n<h2>F\u00eates clandestines au Nouvel An<\/h2>\n<p>Pour le <strong><a href=\"https:\/\/www.journaldesfemmes.fr\/maman\/guide-sorties-en-famille\/2678323-nouvel-an-rave-party-troisieme-vague-covid\/\" title=\"Saint-Sylvestre\">Nouvel An<\/a><\/strong>, plusieurs f\u00eates clandestines ont rassembl\u00e9 des milliers de personnes en France. Une<strong> rave-party en Ille-et-Vilaine,<\/strong> en Bretagne, a m\u00eame r\u00e9uni <strong>2500 f\u00eatards<\/strong> pendant 36h, dans des hangars d\u00e9saffect\u00e9s.\u00a0Le 6 janvier, quatre personnes ont \u00e9t\u00e9 interpell\u00e9es et plac\u00e9es <strong>en garde \u00e0 vue<\/strong>. Elles sont soup\u00e7onn\u00e9es d&rsquo;avoir particip\u00e9 \u00e0 l&rsquo;organisation de la f\u00eate.<\/p>\n<p>G\u00e9rald Darmanin avait annonc\u00e9 que\u00a0<strong>6.650\u00a0personnes<\/strong> avaient \u00e9t\u00e9 verbalis\u00e9es au total, pour non respect du couvre-feu le soir du 31 d\u00e9cembre. 662\u00a0personnes ont \u00e9t\u00e9 interpell\u00e9es et 407 ont \u00e9t\u00e9 plac\u00e9es en garde \u00e0 vue. Au total, les forces de l&rsquo;ordre ont proc\u00e9d\u00e9 \u00e0 plus de <strong>45.000\u00a0contr\u00f4les <\/strong>le soir du r\u00e9veillon.\u00a0<\/p>\n<h2>Question du jour : Que\u00a0risque-t-on\u00a0s&rsquo;il on est\u00a0bloqu\u00e9 dans les embouteillages en plein couvre-feu ?<\/h2>\n<p>\u00c0 18h, sauf motif imp\u00e9rieux, vous devez \u00eatre arriv\u00e9 chez vous. Mais suis-je en tort si je suis encore <strong>bloqu\u00e9 dans les embouteillages<\/strong> alors que le couvre-feu a d\u00e9j\u00e0 commenc\u00e9 ?\u00a0\u00a0Selon <em>La Voix du Nord<\/em>, qui a interrog\u00e9 la pr\u00e9fecture du Nord et du Pas-de-Calais, \u00ab\u00a0<em>chacun est invit\u00e9 \u00e0 prendre ses pr\u00e9cautions pour pouvoir arriver \u00e0 l&rsquo;heure chez soi<\/em> \u00ab\u00a0, mais en cas de<strong> r\u00e9els embouteillages<\/strong> \u00ab\u00a0<em>les forces de l&rsquo;ordre pourront faire preuve de discernement et \u00e9tudier chaque situation au cas par cas\u00a0\u00bb.<\/em>\u00a0<\/p>\n<p>Pour les <strong>travailleurs <\/strong>qui n&rsquo;auraient pas r\u00e9ussi \u00e0 rentrer chez eux dans les temps,\u00a0\u00ab\u00a0<em>il conviendra de pr\u00e9senter le<strong> justificatif de d\u00e9placement professionnel<\/strong>, compl\u00e9t\u00e9 par l&#8217;employeur<\/em>\u00ab\u00a0, lit-on.<\/p>\n<h2>L&rsquo;\u00e9conomie, moins touch\u00e9e par le confinement de novembre<\/h2>\n<p>L&rsquo;activit\u00e9 a beaucoup mieux r\u00e9sist\u00e9 au confinement de novembre qu&rsquo;\u00e0 celui du\u00a0printemps,\u00a0selon une \u00e9tude de la Dares publi\u00e9e le 23 d\u00e9cembre. Pour le <strong>reconfinement<\/strong>, moins de\u00a0salari\u00e9s \u00e9taient en <strong>ch\u00f4mage partiel.<\/strong><\/p>\n<p>En novembre, <strong>39% des entreprises<\/strong> \u00e9taient en perte d&rsquo;activit\u00e9 (contre 80\u00a0% en avril) et <strong>4% \u00e9taient en arr\u00eat\u00a0<\/strong>(contre 12% d&rsquo;arr\u00eat au premier confinement), selon des statistiques du minist\u00e8re du Travail.\u00a0<\/p>\n<p>Les secteurs les plus touch\u00e9s par le confinement de novembre sont rest\u00e9s <strong>l&rsquo;h\u00e9bergement-restauration<\/strong> ainsi que\u00a0les \u00ab\u00a0<strong><em>autres activit\u00e9s de service<\/em><\/strong>\u00ab\u00a0, notamment le secteur des arts.<\/p>\n<p>En outre,<strong> 2,9\u00a0millions de salari\u00e9s<\/strong> \u00e9taient en activit\u00e9 partielle, contre 8,4 millions en avril.<\/p>\n<p>Depuis le 15 d\u00e9cembre, nous pouvons de nouveau <strong>nous d\u00e9placer dans les rues<\/strong> sans attestation, mais il faut\u00a0continuer \u00e0 respecter certaines mesures restrictives, comme l&rsquo;a annonc\u00e9 le Premier ministre le 10 d\u00e9cembre.<\/p>\n<p><strong>Qu&rsquo;avons-nous le droit de faire ou pas depuis\u00a0le 15 d\u00e9cembre ?<\/strong><\/p>\n<h3>Se d\u00e9placer sans attestation en journ\u00e9e<\/h3>\n<p>Il vous est d\u00e9sormais permis de <strong>vous d\u00e9placer sans attestation<\/strong>, sauf entre 18h et 6 du matin o\u00f9 le couvre-feu sera en vigueur. Il vous faudra alors une attestation de d\u00e9placement d\u00e9rogatoire si vous devez vous d\u00e9placer en cas de motifs imp\u00e9rieux.\u00a0<\/p>\n<h3>Rendre visite \u00e0 des amis ou voisins<\/h3>\n<p>Vous pouvez rendre visite \u00e0 des amis ou voisins jusqu&rsquo;\u00e0 18h.\u00a0<\/p>\n<h3>Se d\u00e9placer entre les r\u00e9gions<\/h3>\n<p>Vous pouvez d\u00e9sormais vous d\u00e9placer entre les r\u00e9gions sans limite de distance.<\/p>\n<h3>Se rendre sur les territoires d&rsquo;Outre-Mer<\/h3>\n<p>Il vous est possible de vous <strong>rendre sur les territoires d&rsquo;Outre-Mer,<\/strong> mais \u00ab\u00a0<em>le contr\u00f4le sanitaire fait l&rsquo;objet de mesures diff\u00e9renci\u00e9es selon les d\u00e9partements<\/em>\u00ab\u00a0, lit-on sur le site de la pr\u00e9fecture de la R\u00e9union. Un test PCR n\u00e9gatif est obligatoire pour se rendre en Guyane,\u00a0\u00e0 la R\u00e9union, ou en Martinique, par exemple.\u00a0<\/p>\n<h3>Voyager \u00e0 l&rsquo;\u00e9tranger<\/h3>\n<p>Il vous est possible de<strong> voyager \u00e0 l&rsquo;\u00e9tranger<\/strong>, en th\u00e9orie. Toutefois, le quai d&rsquo;Orsay pr\u00e9cise : \u00ab\u00a0<em>Compte tenu de l&rsquo;\u00e9volution rapide de la pand\u00e9mie dans le monde, il sera indispensable de se tenir inform\u00e9 avant d&rsquo;envisager tout d\u00e9placement, en consultant les conseils aux voyageurs du minist\u00e8re des Affaires \u00e9trang\u00e8res<\/em>\u00ab\u00a0. Certains pays n&rsquo;autorisent pas, pour l&rsquo;instant, l&rsquo;acc\u00e8s aux voyageurs \u00e9trangers ou leur imposent une quatorzaine.<\/p>\n<h3>Se rendre dans un lieu de culte<\/h3>\n<p>Vous pouvez vous rendre dans les lieux de culte, mais mais deux si\u00e8ges doivent rester libres entre chaque personne ou entit\u00e9 familiale etseule une rang\u00e9e sur deux doit \u00eatre\u00a0occup\u00e9e.<\/p>\n<p>Les r\u00e8gles des<strong> lieux de culte<\/strong> ne seront pas revues \u00e0 la hausse pour l&rsquo;instant, afin de r\u00e9duire les brassages et concentrations de public.\u00a0<\/p>\n<h3>Se d\u00e9placer entre 18h\u00a0et 6h du matin, sauf&#8230;<\/h3>\n<p>Il ne vous est pas permis de vous d\u00e9placer pendant les heures du couvre-feu, sauf motif imp\u00e9rieux, \u00e0 savoir les\u00a0motifs professionnels, motifs familiaux, raisons m\u00e9dicales, pour r\u00e9aliser des missions d&rsquo;int\u00e9r\u00eat g\u00e9n\u00e9ral, pour les personnes en situation de handicap et leur accompagnants, et pour promener son animal domestique.<\/p>\n<h3>Faire son jogging le soir<\/h3>\n<p>La <strong>pratique sportive<\/strong>\u00a0ne repr\u00e9sente\u00a0pas un motif d\u00e9rogatoire au couvre-feu, puisqu&rsquo;elle est possible en journ\u00e9e.<\/p>\n<h3>Se rendre dans un cin\u00e9ma, salle de spectacle, casino&#8230;<\/h3>\n<p>Les cin\u00e9mas, th\u00e9\u00e2tres, salles de spectacle, mus\u00e9es, ne rouvriront\u00a0pas leurs portes pour l&rsquo;instant.\u00a0L&rsquo;accueil du public dans les cirques, salles de jeu, casinos, et autres rencontres sportives est \u00e9galement interdit.\u00a0<\/p>\n<h3>Se rendre au restaurant ou dans un bar<\/h3>\n<p>Jean Castex a affirm\u00e9 que la <strong>situation des restaurants et bars <\/strong>demeurait inchang\u00e9e pour l&rsquo;instant.\u00a0<\/p>\n<h3>Se rendre dans une salle de sport<\/h3>\n<p>Les salles de sport restent ferm\u00e9es pour l&rsquo;instant.<\/p>\n<p><strong>L&rsquo;attestation de d\u00e9placement d\u00e9rogatoire <\/strong>n&rsquo;est plus en vigueur, sauf entre 20h (ou 18h pour les d\u00e9partements susmention\u00e9s)\u00a0et 6h du matin.\u00a0<\/p>\n<p>Les<strong> d\u00e9rogations au couvre-feu seront possibles<\/strong> en cas de motifs professionnels, motifs familiaux, raisons m\u00e9dicales, pour r\u00e9aliser des missions d&rsquo;int\u00e9r\u00eat g\u00e9n\u00e9ral, pour les personnes en situation de handicap et leur accompagnants, et pour promener son animal domestique.<\/p>\n<p>En cas de voyage, notamment pour les d\u00e9parts en vacances, vous pourrez pr\u00e9senter votre<strong> billet de train ou d&rsquo;avion,\u00a0<\/strong>par exemple, afin de pouvoir vous <strong>d\u00e9placer <\/strong>ou\u00a0vous rendre jusqu&rsquo;\u00e0 votre destination<strong> apr\u00e8s 20h. Le titre de transport fait foi en cas de contr\u00f4le de Police.<\/strong><\/p>\n<h3>Puis-je me rendre chez des amis ou voisins apr\u00e8s ?\u00a0<\/h3>\n<p>Vous aurez tout \u00e0 fait le droit de vous rendre chez des amis ou voisins en journ\u00e9e. Toutefois, \u00e0 18h, vous devrez avoir regagn\u00e9 votre domicile, sauf en cas de d\u00e9rogations.<\/p>\n<h3>Dois-je me d\u00e9placer avec une attestation ?\u00a0<\/h3>\n<p>Vous n&rsquo;\u00eates plus dans l&rsquo;obligation d&rsquo;\u00eatre muni d&rsquo;une attestation pour vous d\u00e9placer, sauf entre 18h et 6 du matin. Attention, l&rsquo;attestation de d\u00e9placement d\u00e9rogatoire pendant le couvre-feu sera diff\u00e9rente de celle du confinement.<\/p>\n<h3>Faut-il se faire tester avant d&rsquo;aller voir ses proches\u00a0?<\/h3>\n<p>Cela n&rsquo;est pas une obligation.\u00a0\u00ab\u00a0<em>Vous pouvez \u00e9videmment vous faire tester, mais, s&rsquo;il vous pla\u00eet, n&rsquo;utilisez pas le test comme une sorte de totem d&rsquo;immunit\u00e9<\/em>\u00a0\u00bb , a pr\u00e9cis\u00e9\u00a0Olivier V\u00e9ran, qui a alert\u00e9 face aux probabilit\u00e9s de\u00a0\u00ab\u00a0<em>faux n\u00e9gatifs<\/em>\u00ab\u00a0.<\/p>\n<h3>Peut-on voyager apr\u00e8s 18h pendant le couvre- feu\u00a0?<\/h3>\n<p>En ce qui concerne les\u00a0voyages en train ou en avion apr\u00e8s 20\u00a0heures, ils sont autoris\u00e9s pendant le couvre-feu. Mais vous devez pouvoir pr\u00e9senter votre billet de transport en cas de contr\u00f4le.<\/p>\n<p>\u00ab\u00a0<em>Bien \u00e9videmment que les forces de l&rsquo;ordre, si vous \u00eates \u00e0 quelques dizaines de kilom\u00e8tres de votre lieu de destination et si vous pouvez \u00e9videmment le prouver par votre attestation, vous laisseront rejoindre votre lieu de vacances<\/em>\u00ab\u00a0, a ajout\u00e9 G\u00e9rald Darmanin durant la conf\u00e9rence de presse.<\/p>\n<h3>Puis-je sortir faire un jogging pendant le couvre-feu ?<\/h3>\n<p>Non, il ne vous sera pas possible de sortir pendant le couvre-feu pour pratiquer un sport, dans la mesure o\u00f9 c&rsquo;est d\u00e9j\u00e0 permis pendant la journ\u00e9e, a expliqu\u00e9 Jean Castex.\u00a0<\/p>\n<h2>\u00c9changes et remboursements sans frais \u00e0 la SNCF<\/h2>\n<p>La SNCF\u00a0a annonc\u00e9 que les <strong>\u00e9changes et annulations sans frais <\/strong>pour les trajets grandes lignes pourraient \u00eatre prolong\u00e9s jusqu&rsquo;au 7 mars.\u00a0Alain Krakovitch, directeur g\u00e9n\u00e9ral de Voyages SNCF, a indiqu\u00e9 sur Twitter, le 7 d\u00e9cembre : \u00ab\u00a0<em>Une bonne nouvelle pour d\u00e9marrer cette semaine: les \u00e9changes et remboursements pour les trajets du 5\u00a0janvier au 7\u00a0mars 2021\u00a0avec TGV Inoui, Ouigo et Intercit\u00e9s resteront sans frais, jusqu&rsquo;\u00e0 3\u00a0jours inclus avant le d\u00e9part\u00a0\u00bb<\/em>.<\/p>\n<h2>Vacances d&rsquo;hiver : exit le ski, place \u00e0 la mer et \u00e0 la campagne !<\/h2>\n<p>Le coronavirus a totalement perturb\u00e9 nos vacances d&rsquo;hiver&#8230; En novembre, les Fran\u00e7ais ont d\u00e9couvert que les remont\u00e9es m\u00e9caniques des <strong>stations de ski <\/strong>ne rouvriraient pas pour les f\u00eates de fin d&rsquo;ann\u00e9e&#8230; et ont donc totalement modifi\u00e9 leurs<strong> projets de vacances <\/strong>!\u00a0<\/p>\n<p>Abritel, expert de la location de vacances pour les familles, a remarqu\u00e9 que les <strong>destinations les plus recherch\u00e9es <\/strong>sur leur plateforme \u00e9taient, dans l&rsquo;ordre,\u00a0le <strong>Morbihan, les Bouches-du-Rh\u00f4ne, les Pyr\u00e9n\u00e9es-Atlantiques, le Vaucluse ou encore le Finist\u00e8re<\/strong>. Conclusion\u00a0?\u00a0Les destinations montagnardes restent demand\u00e9es, mais contrairement aux vacances de fin d&rsquo;ann\u00e9e habituelles, l&rsquo;int\u00e9r\u00eat pour les <strong>destinations r\u00e9put\u00e9es estivales<\/strong> est presque aussi fort.<\/p>\n<p>Timoth\u00e9e de Roux, directeur g\u00e9n\u00e9ral d&rsquo;Abritel, a toutefois remarqu\u00e9\u00a0: \u00ab\u00a0<em>Parmi les massifs fran\u00e7ais, les <strong>Vosges <\/strong>semblent mieux r\u00e9sister que les Alpes car les pratiques sportives locales sont moins d\u00e9pendantes des remont\u00e9es m\u00e9caniques et des infrastructures qui pourraient rester ferm\u00e9es pendant les vacances de No\u00ebl<\/em>\u00ab\u00a0.<\/p>\n<h2>Un confinement moins difficile gr\u00e2ce \u00e0 nos boules de poils ?<\/h2>\n<p>Selon le chercheur en neuroscience, Christophe Rodo, vous pouvez passer un confinement plus agr\u00e9able gr\u00e2ce \u00e0&#8230; votre<strong> animal de compagnie<\/strong> !<\/p>\n<p>C&rsquo;est la conclusion d&rsquo;une \u00e9tude de\u00a0plusieurs chercheurs anglais, qui ont compar\u00e9 les <strong>effets du confinement sur la sant\u00e9 mentale<\/strong>, en fonction de plusieurs param\u00e8tres.\u00a0<\/p>\n<p>Il en ressort qu&rsquo;avoir \u00e0 ses c\u00f4t\u00e9s un matou, un toutou ou un gentil perroquet aurait des <strong>effets b\u00e9n\u00e9fiques sur le moral<\/strong> et permettrait donc de vivre le confinement de mani\u00e8re moins difficile, a expliqu\u00e9 le scientifique dans le podcast de <em>Ouest-France<\/em>, <em>La T\u00eate Dans Le Cerveau<\/em>.<\/p>\n<h2>Insolite du jour\u00a0: Joseph, 92\u00a0ans, ermite et aficionado de pizza<\/h2>\n<p>Joseph, 92\u00a0ans, habite Suc\u00e9-sur-Erdre, pr\u00e8s de Nantes, et passe son confinement&#8230; \u00e0 <strong>savourer des pizzas<\/strong> ! Avant l&rsquo;assignation \u00e0 domicile, il cassait la cro\u00fbte dans le restaurant favori de sa ville. Mais depuis le confinement, il ne met plus le nez dehors, a d\u00e9couvert <strong>la livraison \u00e0 domicile<\/strong> et commande donc tous les jours une pizza, son <strong>unique repas de la journ\u00e9e<\/strong> (assortie de canettes de Coca-Cola).<\/p>\n<p>Le menu du restaurant\u00a0? Il ne le consulte m\u00eame pas\u00a0! \u00ab\u00a0<em>Ce qu&rsquo;il y a dedans ne m&rsquo;int\u00e9resse pas<\/em>\u00ab\u00a0, a-t-il confi\u00e9 \u00e0 <em>Ouest-France<\/em>.<\/p>\n<p>Il s&rsquo;agit d\u00e9sormais de son<strong> 34e jour de pizza<\/strong>. \u00ab\u00a0<em>C&rsquo;est une exp\u00e9rience qui me convient. Je peux manger la m\u00eame chose toute ma vie et ne pas sortir. J&rsquo;ai \u00e9t\u00e9 marin. J&rsquo;aurais fait un tr\u00e8s bon prisonnier de guerre<\/em>\u00ab\u00a0, a expliqu\u00e9 celui qui n&rsquo;a jamais rempli d&rsquo;attestation de d\u00e9placement&#8230;\u00a0<\/p>\n<p>Pour ce fervent croyant qui vit reclus, la<strong> r\u00e9ouverture des lieux de culte<\/strong> n&rsquo;est pas une n\u00e9cessit\u00e9\u00a0:\u00a0\u00ab\u00a0<em>La messe n&rsquo;a jamais \u00e9t\u00e9 vraiment indispensable aux chr\u00e9tiens. La plupart des saints ont v\u00e9cu comme des ermites et ils avaient la nature pour \u00e9glise<\/em>\u00ab\u00a0.<\/p>\n<h2>(Encore) Une f\u00eate qui d\u00e9g\u00e9n\u00e8re<\/h2>\n<p>Une quarantaine de personnes ont<strong> c\u00e9l\u00e9br\u00e9 un anniversaire\u00a0<\/strong>au Pellerin sur une parcelle proche de la Loire, dans la nuit du 28\u00a0au 29\u00a0novembre, selon <em>Ouest-France<\/em>.<\/p>\n<p>La f\u00eate s&rsquo;\u00e9tait tenue sur un terrain, en ext\u00e9rieur, et les participants \u00e9taient \u00e2g\u00e9s de <strong>20\u00a0\u00e0 25\u00a0ans<\/strong>, en moyenne. Les gendarmes sont intervenus dans la matin\u00e9e, et ont dress\u00e9 <strong>31\u00a0verbalisations<\/strong>, dont une qui incluait la d\u00e9tention de stup\u00e9fiants et conduite sous stup\u00e9fiants.<\/p>\n<p>Quant \u00e0 l&rsquo;organisateur de la soir\u00e9e, il va faire l&rsquo;objet d&rsquo;une proc\u00e9dure judiciaire pour\u00a0 <strong>mise en danger de la vie d&rsquo;autrui<\/strong>.<\/p>\n<p>Jean Castex a annonc\u00e9 la mise en place de <strong>contr\u00f4les al\u00e9atoires aux fronti\u00e8res<\/strong>. Les personnes se faisant contr\u00f4ler devraient \u00eatre test\u00e9es, et dans le cas o\u00f9 elles seraient <strong>positives au coronavirus<\/strong>, seraient imm\u00e9diatement plac\u00e9es en quarantaine pendant<strong> sept jours<\/strong>.\u00a0\u00ab\u00a0<em>L&rsquo;id\u00e9e, c&rsquo;est d&#8217;emp\u00eacher les Fran\u00e7ais d&rsquo;aller <strong>se contaminer dans les stations<\/strong><\/em>\u00a0\u00bb de Suisse ou d&rsquo;Espagne, qui, elles, ne sont pas ferm\u00e9es, a expliqu\u00e9 le Premier ministre sur <em>RMC<\/em> et <em>BFM<\/em>, face \u00e0 Jean-Jacques Bourdin. Il a toutefois pr\u00e9cis\u00e9 que les tentatives d&rsquo;<strong>harmonisation des mesures europ\u00e9ennes<\/strong> \u00e9taient toujours en cours.<\/p>\n<h2>Une rave-party en plein confinement<\/h2>\n<p>Encore une f\u00eate en plein confinement&#8230; Le confinement n&rsquo;a pas emp\u00each\u00e9 200 personnes de se r\u00e9unir pour une<strong> rave-party, \u00e0 Saint-Marcellin, en Is\u00e8re<\/strong>, dans la nuit du 28 au 29 novembre. Ils s&rsquo;\u00e9taient rassembl\u00e9s dans un b\u00e2timent d\u00e9saffect\u00e9 du centre-ville.\u00a0Ils auraient m\u00eame proc\u00e9d\u00e9 par deux fois \u00e0 des <strong>tirs de feux d&rsquo;artifice<\/strong>.<\/p>\n<p>Ce sont les <strong>voisins <\/strong>qui, perturb\u00e9s par les <strong>nuisances sonores<\/strong>, ont pr\u00e9venu les gendarmes.\u00a0Ceux-ci se sont rapidement rendus sur place. Ils ont d&rsquo;abord surveill\u00e9 le d\u00e9roulement de la soir\u00e9e, et ont attendu avant d&rsquo;agir, afin de pouvoir\u00a0\u00ab\u00a0<em>\u00e9vacuer dans de bonnes conditions de s\u00e9curit\u00e9<\/em>\u00ab\u00a0, selon<em> France 3<\/em>.<\/p>\n<p>Puis, ils\u00a0ont <strong>verbalis\u00e9<\/strong> les f\u00eatards inv\u00e9t\u00e9r\u00e9s pour non-respect du confinement, dans la matin\u00e9e du 29\u00a0novembre. Certains \u00e9taient \u00e9galement coupables de <strong>conduite sous l&#8217;emprise de l&rsquo;alcool ou de stup\u00e9fiants<\/strong>. Le propri\u00e9taire des lieux, qui n&rsquo;\u00e9tait pas au courant de cette f\u00eate clandestine, a <strong>port\u00e9 plainte<\/strong>.\u00a0<\/p>\n<h2>Les Fran\u00e7ais ont-ils quitt\u00e9 leur r\u00e9sidence principale ?<\/h2>\n<p>Pour ce <strong>deuxi\u00e8me confinement,\u00a0<\/strong>10 % de Fran\u00e7ais ont quitt\u00e9 leur<strong> r\u00e9sidence principale<\/strong>, selon un sondage Odoxa-CGI pour <em>Franceinfo<\/em> et <em>France Bleu<\/em>. Concr\u00e8tement, cela repr\u00e9sente <strong>cinq millions de Fran\u00e7ais<\/strong>, soit <strong>un million de plus<\/strong> que lors du premier confinement. Parmi eux, 14\u00a0% viennent d&rsquo;\u00eele-de-France, 13\u00a0%, des Hauts-de-France, et 11 %, d&rsquo;Occitanie.\u00a0\u00a0<\/p>\n<p>Bien que ce confinement ait \u00e9t\u00e9 moins strict que le pr\u00e9c\u00e9dent, la <strong>sant\u00e9 mentale <\/strong>des Fran\u00e7ais est plus inqui\u00e9tante qu&rsquo;au printemps. Selon le m\u00eame sondage, <strong>62 %<\/strong> des des habitants de l&rsquo;Hexagone gardent le moral&#8230;\u00a0ce qui repr\u00e9sente<strong> 13 points de moins<\/strong> que lors du premier confinement.<\/p>\n<h2>Librairies : un bilan (relativement) positif<\/h2>\n<p>Les librairies ont enfin pu rouvrir le 28 novembre. D\u00e9sormais, l&rsquo;heure est au rattrapage du chiffre d&rsquo;affaires perdu pendant ce mois de confinement. Toutefois, gr\u00e2ce au syst\u00e8me du \u00ab\u00a0Click &amp; Collect\u00a0\u00bb et \u00e0 la livraison \u00e0 domicile, beaucoup d&rsquo;entre eux\u00a0ont pu <strong>poursuivre les ventes<\/strong>.<\/p>\n<p>R\u00e9sultat ? En moyenne, les librairies ont r\u00e9alis\u00e9 <strong>40\u00a0% de leur chiffre d&rsquo;affaires habituel<\/strong>, selon le syndicat de la librairie fran\u00e7aise. Un chiffre qui n&rsquo;est pas si catastrophique, notamment compar\u00e9 au confinement de novembre.\u00a0<\/p>\n<p>Il semble que les Fran\u00e7ais aient \u00e9t\u00e9 port\u00e9s par un \u00e9lan de solidarit\u00e9 qui les a pouss\u00e9s \u00e0 soutenir les livres et les libraires !<\/p>\n<div class=\"ccminsert\">\n<blockquote class=\"twitter-tweet\">\n<p dir=\"ltr\" lang=\"fr\">Les librairies ont r\u00e9sist\u00e9 en novembre: au terme de ces quatre semaines in\u00e9dites, la situation est finalement moins mauvaise que pr\u00e9vu <a href=\"https:\/\/t.co\/C07wKZl5NU\">pic.twitter.com\/C07wKZl5NU<\/a><\/p>\n<p>\u2014 BFM Business (@bfmbusiness) <a href=\"https:\/\/twitter.com\/bfmbusiness\/status\/1333302500816982018?ref_src=twsrc%5Etfw\">November 30, 2020<\/a><\/p><\/blockquote>\n<\/div>\n<h2><strong>Ces messages commerciaux qui agacent <\/strong><\/h2>\n<p><strong>En ces deux\u00a0confinements<\/strong>,<strong>\u00a0<\/strong>les marques ont tenu \u00e0 <strong>exprimer leur soutien <\/strong>aupr\u00e8s des consommateurs afin de les fid\u00e9liser. Une d\u00e9marche qui a \u00e9t\u00e9 appr\u00e9ci\u00e9e par 48\u00a0% des consommateurs, selon une enqu\u00eate de\u00a0Selligent Marketing Cloud, mais que 25\u00a0% ont consid\u00e9r\u00e9e comme une perte de temps. Certains <strong>messages scand\u00e9s par les marques <\/strong>ont m\u00eame particuli\u00e8rement agac\u00e9 certains. Le slogan\u00a0\u00ab\u00a0<strong><em>on est tous ensemble<\/em><\/strong>\u00a0\u00bb a par exemple irrit\u00e9 un bon nombre de consommateurs (20\u00a0%), suivi de pr\u00e8s par l&rsquo;expression\u00a0\u00ab\u00a0<strong><em>face \u00e0 ces temps incertains<\/em><\/strong>\u00a0\u00bb (18\u00a0%), et le message \u00ab\u00a0<strong><em>nous sommes l\u00e0 pour vous<\/em><\/strong>\u00ab\u00a0.\u00a0<br \/>Une tentative de cr\u00e9er un lien avec le consommateur qui fait souvent un flop. Les principaux int\u00e9ress\u00e9s sont <strong>54\u00a0% \u00e0 pr\u00e9f\u00e9rer une communication plus concr\u00e8te<\/strong>, par le biais d&rsquo;offres et r\u00e9ductions\u00a0!\u00a0<\/p>\n<h2>L&#8217;empreinte carbone en baisse, mais pas la consommation<\/h2>\n<p><strong>L&#8217;empreinte carbone des Fran\u00e7ais <\/strong>a chut\u00e9 d&rsquo;environ <strong>36\u00a0%\u00a0<\/strong>durant les deux premi\u00e8res semaines d&rsquo;assignation \u00e0 domicile, par rapport \u00e0 la moyenne hors-confinement, selon une \u00e9tude Greenly. Il s&rsquo;agit tout de m\u00eame une baisse moins importante que durant les deux premi\u00e8res semaines du\u00a0<strong>confinement de printemps<\/strong>, o\u00f9 l&#8217;empreinte carbone des Fran\u00e7ais avait <strong>diminu\u00e9 de 65\u00a0%<\/strong>.<\/p>\n<p>Dans le d\u00e9tail, <strong>l&#8217;empreinte carbone des transports<\/strong> a baiss\u00e9 de <strong>67\u00a0%<\/strong>\u00a0pour cette deuxi\u00e8me vague, par rapport \u00e0 une p\u00e9riode hors-confinement.\u00a0<\/p>\n<p>Quant \u00e0 la <strong>consommation des Fran\u00e7ais<\/strong>, elle reste stable, selon l&rsquo;\u00e9tude, sauf en ce qui concerne <strong>l&rsquo;habillement<\/strong>. Les habitants de l&rsquo;Hexagone avaient <strong>achet\u00e9 en masse<\/strong> des v\u00eatements durant la p\u00e9riode qui a pr\u00e9c\u00e9d\u00e9 le couvre-feu, mais la consommation en habillement a ensuite remarquablement baiss\u00e9.\u00a0<\/p>\n<h2>Confinement = tapage nocturne&#8230; CQFD ?<\/h2>\n<p>Cons\u00e9quence directe du (non-respect du) confinement ? Les<strong> verbalisations pour tapage nocturne<\/strong> ont augment\u00e9 significativement \u00e0 Paris depuis le 22 septembre, soit l&rsquo;annonce de la fermeture des bars \u00e0 22h, selon <em>20 Minutes<\/em>.<\/p>\n<h2>Une baisse des suicides malgr\u00e9 tout&#8230;<\/h2>\n<p>M\u00eame si les chiffres montrent que la <strong>sant\u00e9 mentale des Fran\u00e7ais<\/strong> en a pris un coup avec ce deuxi\u00e8me confinement, il semblerait que le <strong>nombre de suicides<\/strong> n&rsquo;ait pas augment\u00e9 dans l&rsquo;Hexagone.\u00a0<\/p>\n<p>\u00ab\u00a0<em>On n&rsquo;a pas aujourd&rsquo;hui une vague suicidaire. On assiste m\u00eame plut\u00f4t au contraire\u00a0: selon les remont\u00e9es de terrain que j&rsquo;ai, nous sommes en dessous des chiffres de 2019, un peu partout en France<\/em>\u00ab\u00a0, a confirm\u00e9 au <em>Monde<\/em>\u00a0Guillaume Vaiva,\u00a0vice-pr\u00e9sident du Groupement d&rsquo;\u00e9tudes et de pr\u00e9vention du suicide.<\/p>\n<h2>Enferm\u00e9s&#8230; sous les U.V<\/h2>\n<p>Cette ann\u00e9e a \u00e9t\u00e9 \u00e9prouvante pour moult Fran\u00e7ais, mais au moins, <strong>le soleil a brill\u00e9 sur l&rsquo;Hexagone<\/strong>&#8230; et m\u00eame sur la capitale ! Selon des donn\u00e9es relev\u00e9es par la station M\u00e9t\u00e9o-France du parc Montsouris, la barre des<strong> 2.000\u00a0heures d&rsquo;ensoleillement<\/strong> \u00e0 Paris a \u00e9t\u00e9 d\u00e9pass\u00e9e sur 2020, ce qui n&rsquo;\u00e9tait pas arriv\u00e9 depuis 1959\u00a0!\u00a0<\/p>\n<p>Plus de <strong>2.023\u00a0heures de soleil <\/strong>ont \u00e9t\u00e9 pour l&rsquo;instant relev\u00e9es \u00e0 Paris, depuis le 1er janvier. \u00c0 titre de comparaison, chaque ann\u00e9e, le soleil brille en moyenne pendant <strong>1600 heures<\/strong> dans la Ville Lumi\u00e8re (qui porte bien son nom, cette ann\u00e9e).<\/p>\n<h2>La jeunesse, g\u00e9n\u00e9ration sacrifi\u00e9e ?<\/h2>\n<p>Pour 75 % des Fran\u00e7ais, les jeunes d&rsquo;aujourd&rsquo;hui sont une <strong>g\u00e9n\u00e9ration sacrifi\u00e9e<\/strong>, selon un sondage Odoxa pour <em>Le Figaro<\/em> et <em>France Info<\/em>.<\/p>\n<p>Environ 65\u00a0%\u00a0des sond\u00e9s estiment que la <strong>jeunesse<\/strong> est \u00ab\u00a0<em>celle qui est actuellement la plus p\u00e9nalis\u00e9e par la crise sanitaire et ses cons\u00e9quences<\/em>\u00a0\u00bb et 85\u00a0% consid\u00e8rent qu&rsquo;elle \u00ab\u00a0<em>sera plus encore \u00e0 l&rsquo;avenir p\u00e9nalis\u00e9e par les cons\u00e9quences \u00e9conomiques de cette crise sanitaire<\/em>\u00ab\u00a0.<\/p>\n<p>Quant aux principaux int\u00e9ress\u00e9s, les jeunes, ils sont 75\u00a0%\u00a0\u00e0 d\u00e9clarer qu&rsquo;ils subissent \u00ab\u00a0<em>des<strong> pr\u00e9judices importants<\/strong><\/em>\u00ab\u00a0, depuis le d\u00e9but de la <a href=\"https:\/\/sante.journaldesfemmes.fr\/fiches-maladies\/2619795-pandemie-coronavirus-covid-19-definition-signification-difference-epidemie-exemple-monde\/\" title=\"Pand\u00e9mie\">pand\u00e9mie<\/a>, que ce soit sur le plan professionnel, \u00e9conomique ou sentimental.<\/p>\n<p>Ils sont 57\u00a0% \u00e0 avoir du mal \u00e0 supporter le confinement, mais 46\u00a0% d&rsquo;entre eux sont <strong>inquiets<\/strong> pour leur sant\u00e9, et 80\u00a0%\u00a0<strong>craignent pour celle de leur proche<\/strong>.<\/p>\n<p>D&rsquo;un autre c\u00f4t\u00e9, un Fran\u00e7ais sur deux estime que la jeunesse est en grande partie <strong>responsable<\/strong> \u00ab\u00a0<em>de la situation sanitaire actuelle car c&rsquo;est elle qui a le plus propag\u00e9 l&rsquo;\u00e9pid\u00e9mie<\/em>\u00ab\u00a0.\u00a0<\/p>\n<h2>Plus de Blablabus avant mars 2021\u00a0<\/h2>\n<p>Les <strong>Blablabus ne circuleront plus en Europe<\/strong> avant le printemps 2021.\u00a0\u00ab\u00a0<em>On veut \u00e9viter de faire le yo-yo\u00a0: relancer pour No\u00ebl, refermer d\u00e9but janvier<\/em>\u00ab\u00a0, a expliqu\u00e9 Nicolas Brusson, directeur g\u00e9n\u00e9ral du groupe.<\/p>\n<p>Et de pr\u00e9ciser que d&rsquo;ici mars, le groupe esp\u00e8re que l&rsquo;on \u00ab\u00a0<em>aura quitt\u00e9 le stop &amp; go, le confinement\/d\u00e9confinement. Les annonces de ces derniers jours sur les vaccins ont l&rsquo;air d&rsquo;aller dans ce sens<\/em>\u00ab\u00a0.<\/p>\n<p>Quant aux billets d\u00e9j\u00e0 vendus, ils <strong>seront rembours\u00e9s<\/strong>.<\/p>\n<h2>D\u00e9pression : les Fran\u00e7ais confin\u00e9s, 2 fois plus touch\u00e9s\u00a0<\/h2>\n<p><span style=\"font-size: 1rem;\">Enfermement, isolement, limitation des d\u00e9placements, des contacts sociaux, des achats&#8230; Depuis un mois, une <\/span><strong style=\"font-size: 1rem;\">nouvelle vague de d\u00e9pression<\/strong><span style=\"font-size: 1rem;\"> est observ\u00e9e en France. <\/span><\/p>\n<p><span style=\"font-size: 1rem;\">Le nombre de personnes consid\u00e9r\u00e9es comme \u00ab\u00a0<\/span><em style=\"font-size: 1rem;\">en \u00e9tat d\u00e9pressif\u00a0\u00bb<\/em><span style=\"font-size: 1rem;\"> a presque doubl\u00e9 entre la fin septembre et le d\u00e9but novembre, passant de 11\u00a0% \u00e0 21\u00a0%\u00a0comme l&rsquo;a pr\u00e9cis\u00e9 le directeur g\u00e9n\u00e9ral de la Sant\u00e9, J\u00e9r\u00f4me Salomon. <\/span><\/p>\n<p><span style=\"font-size: 1rem;\">Manifestement, outre le ph\u00e9nom\u00e8ne de la d\u00e9pression saisonni\u00e8re, le <\/span><strong style=\"font-size: 1rem;\">couvre-feu et le deuxi\u00e8me confinement<\/strong><span style=\"font-size: 1rem;\"> ont pes\u00e9\u00a0lourd sur la <\/span><strong style=\"font-size: 1rem;\">sant\u00e9 mentale des Fran\u00e7ais<\/strong><span style=\"font-size: 1rem;\">. <\/span><\/p>\n<h3><span style=\"font-size: 1rem;\">Solitude et tristesse<\/span><\/h3>\n<p><span style=\"font-size: 1rem;\">\u00ab\u00a0<\/span><em style=\"font-size: 1rem;\">La crise sanitaire du Covid-19\u00a0a r\u00e9v\u00e9l\u00e9 la vuln\u00e9rabilit\u00e9 psychique de nombreux Fran\u00e7ais<\/em><span style=\"font-size: 1rem;\">\u00ab\u00a0, a comment\u00e9 le directeur g\u00e9n\u00e9ral de la sant\u00e9. Parmi les plus touch\u00e9s, on trouve les jeunes de 18\u00a0\u00e0 24\u00a0ans, les inactifs, les seniors et les personnes en difficult\u00e9 financi\u00e8re.<\/span><\/p>\n<h2>Un homme se fait contr\u00f4ler sans attestation&#8230; et se retrouve en prison<\/h2>\n<p>Un habitant de Dunkerque, dans le Nord, \u00e2g\u00e9 de 22\u00a0ans, s&rsquo;est fait <strong>contr\u00f4ler trois fois<\/strong> depuis le 1er novembre, alors qu&rsquo;il se d\u00e9pla\u00e7ait&#8230; sans attestation. Il a d&rsquo;abord \u00e9cop\u00e9 d&rsquo;une <strong>amende de 135 euros, puis de 200 euros<\/strong>. Mais la troisi\u00e8me fois qu&rsquo;il s&rsquo;est fait prendre la main dans le sac, le 14 novembre, vers 1h du matin, il a \u00e9t\u00e9 <strong>directement interpell\u00e9<\/strong>, raconte le site <em>Actu.fr<\/em>.<\/p>\n<p>Il est m\u00eame pass\u00e9 devant un juge, puis a \u00e9t\u00e9, ni plus ni moins, incarc\u00e9r\u00e9. Verdict ? <strong>Deux mois de prison <a href=\"https:\/\/www.affinite.fr\/index.php\/2022\/10\/22\/la-creme-glacee-la-nouvelle-culture-commerciale\/\">ferme<\/a><\/strong>, auxquels se sont ajout\u00e9s six mois suppl\u00e9mentaires de prison ferme pour <strong>deux peines<\/strong> qu&rsquo;il n&rsquo;avait pas purg\u00e9es.<\/p>\n<p>Il faut dire que\u00a0G\u00e9rald Darmanin avait somm\u00e9 les pr\u00e9fets de faire preuve de <strong>davantage de fermet\u00e9<\/strong> face au non-respect du confinement&#8230;<\/p>\n<h2>Plus d&rsquo;arr\u00eats de travail longs ?<\/h2>\n<p>Difficile pour certains de pouvoir se rendre au travail en s\u00e9r\u00e9nit\u00e9, lorsqu&rsquo;ils ne peuvent t\u00e9l\u00e9travailler, qu&rsquo;ils ont des enfants \u00e0 charge ou qu&rsquo;ils vivent avec des personnes \u00e0 risque. Selon le Barom\u00e8tre Absent\u00e9isme annuel de Malakoff Humanis, la quantit\u00e9\u00a0de longs arr\u00eats de travail a augment\u00e9 de 33\u00a0% en 2020. Cette ann\u00e9e,\u00a0les arr\u00eats de travail dus au Covid-19\u00a0ont repr\u00e9sent\u00e9 6% de l&rsquo;ensemble des arr\u00eats de travail. Ils constituent 12\u00a0% des arr\u00eats maladie, contre 9\u00a0% l&rsquo;ann\u00e9e pr\u00e9c\u00e9dente et s&rsquo;\u00e9l\u00e8vent en moyenne \u00e0 94 jours.<\/p>\n<h2>Le (d\u00e9but) de la\u00a0fin du r\u00e8gne d&rsquo;Amazon ?<\/h2>\n<p>Les Fran\u00e7ais en ont soup\u00e9 de <strong>l&rsquo;h\u00e9g\u00e9monie Amazon<\/strong>. Le 16 novembre, une p\u00e9tition sign\u00e9e par 120\u00a0politiques, syndicalistes et \u00e9diteurs a demand\u00e9 \u00e0 ce que le g\u00e9ant du net soit<strong> tax\u00e9 lourdement<\/strong>. En outre, les habitants de l&rsquo;Hexagone ont <strong>r\u00e9duit leur consommation sur Amazon<\/strong> ces derni\u00e8res semaines, selon une information d&rsquo;\u00c9douard Natt\u00e9e, PDG de Foxintelligence, aupr\u00e8s de <em>France Info<\/em>.<\/p>\n<h2>Faits (insolites)\u00a0: P\u00e9nurie de raclette et courses en slip\u00a0:<\/h2>\n<h2>Dix \u00e0 table\u00a0? Calculez le risque d&rsquo;attraper\u00a0le coronavirus<\/h2>\n<p><strong>Conna\u00eetre votre risque d&rsquo;attraper le Coronavirus<\/strong> en fonction de la taille des \u00e9v\u00e9nements auxquels vous souhaitez participer, <strong>c&rsquo;est d\u00e9sormais possible<\/strong>\u00a0! Mis en ligne mi-juillet, le site\u00a0<em><a href=\"https:\/\/covid19risk.biosci.gatech.edu\/\">Covid-19 Event Risk Assessment Planning Tool<\/a><\/em> le calcule pour vous !\u00a0<\/p>\n<p>Vous souhaitez participer \u00e0 un diner <strong>de dix personnes dans les Yvelines<\/strong>\u00a0? Vous avez <strong>32\u00a0% <\/strong>de risque d&rsquo;attraper le Covid-19. Vous souhaitez c\u00e9l\u00e9brer votre anniversaire <strong>avec quinze de vos amis dans le Bas-Rhin<\/strong>\u00a0? <strong>Risqu\u00e9<\/strong>, puisque vous avez <strong>56\u00a0%<\/strong> de chance d&rsquo;\u00eatre contamin\u00e9. Vous avez pr\u00e9vu d&rsquo;organiser votre mariage <strong>recensant 80\u00a0invit\u00e9s en Vend\u00e9e<\/strong>\u00a0? Vous devriez envisager de reporter car vous avez <strong>77\u00a0% de chance d&rsquo;attraper le Coronavirus<\/strong>.\u00a0<\/p>\n<p>Des statistiques fiables qui se basent sur <strong>le raisonnement de chercheurs de l&rsquo;universit\u00e9 Georgia Tech<\/strong> dont le travail a r\u00e9cemment \u00e9t\u00e9 valid\u00e9 par une publication dans l&rsquo;une des prestigieuses revues scientifiques <i>Nature<\/i>.\u00a0<\/p>\n<p><strong>Alors comment \u00e7a fonctionne\u00a0? <\/strong>Pour proc\u00e9der \u00e0 leurs calculs, les chercheurs se basent sur <strong>les nombres officiels des contaminations par d\u00e9partement<\/strong>. Un recensement auquel s&rsquo;ajoute l&rsquo;hypoth\u00e8se selon laquelle les contaminations r\u00e9elles seraient <strong>cinq \u00e0 dix fois sup\u00e9rieures <\/strong>que<strong>\u00a0<\/strong>les chiffres officiels ne l&rsquo;indiquent. Ainsi, les pr\u00e9c\u00e9dentes estimations se sont bas\u00e9es sur l&rsquo;id\u00e9e que seul un cas sur dix \u00e9tait d\u00e9tect\u00e9.\u00a0<\/p>\n<div style=\"text-align:center\">\n<figure class=\"image\" style=\"display:inline-block\"><img decoding=\"async\" alt=\"\" src=\"https:\/\/img-3.journaldesfemmes.fr\/gIOCdRY9cYlgEiZC1SqG3ahihuQ=\/600x\/smart\/f3e468d1b2bf4511952cd902f4af89fe\/ccmcms-jdf\/20074670.png\"\/><figcaption data-credit=\"Capture d'\u00e9cran du site Covid-19 Event Risk Assessment Planning Tool\"><small>\u00a9\u00a0Capture d&rsquo;\u00e9cran du site Covid-19 Event Risk Assessment Planning Tool<\/small><\/figcaption><\/figure>\n<\/div>\n<p>A noter que,\u00a0selon les propos tenus par son cr\u00e9ateur, Joshua Weitz\u00a0\u00e0 l&rsquo;AFP, l&rsquo;outil\u00a0base ses calculs sur l&rsquo;id\u00e9e qu&rsquo;<strong>une personne positive reste contagieuse pendant dix jours<\/strong>. Une pr\u00e9vision qui\u00a0s&rsquo;\u00e9l\u00e8ve pourtant plut\u00f4t \u00e0 <strong>cinq-six jours<\/strong>. Le cas de figure de <strong>l&rsquo;isolement des personnes contamin\u00e9es<\/strong> n&rsquo;est pas non plus pris en compte. Mais, le site souligne tout de m\u00eame que la plupart des contaminations proviennent de personnes qui n&rsquo;ont <strong>pas ou peu de sympt\u00f4mes.\u00a0<\/strong><\/p>\n<p>Une <strong>approche qui poursuit un objectif <\/strong>selon les confidences de Joshua Weitz\u00a0: <i>\u00ab\u00a0Nous esp\u00e9rons que ces informations conduiront les gens \u00e0 ne pas organiser ou \u00e0 remettre en question leur participation \u00e0 de grands \u00e9v\u00e9nements, ainsi qu&rsquo;\u00e0 un renforcement du port du masque.\u00a0\u00bb<\/i>\u00a0<\/p>\n<h2>Un confinement altern\u00e9 permettrait de r\u00e9duire le risque de contamination par 4<\/h2>\n<h3><strong>Se confiner une semaine sur deux<\/strong>.<\/h3>\n<p>C&rsquo;est ce que propose une \u00e9quipe de chercheurs majoritairement isra\u00e9liens dont le travail vient d&rsquo;\u00eatre pr\u00e9-publi\u00e9 dans la rue <em>Nature Communications<\/em>.<br \/>Leur <strong>id\u00e9e<\/strong> est simple\u00a0: <strong>permettre \u00e0 seulement 50\u00a0% de la population<\/strong> de sortir en m\u00eame temps. Un stratag\u00e8me qui permettrait de <strong>r\u00e9duire le risque de contamination par quatre,<\/strong> \u00e0 en croire leurs recherches. \u00ab\u00a0<em>Une personne reste chez elle une semaine sur deux, ce qui divise par deux la chance d&rsquo;\u00eatre contamin\u00e9e par des gens \u00e0 l&rsquo;ext\u00e9rieur<\/em>, d\u00e9taille \u00e0 <em>Sciences et <a href=\"https:\/\/www.affinite.fr\/index.php\/2024\/12\/08\/chere-maman-et-si-ce-noel-vous-offriez-a-votre-ado-un-avenir-%f0%9f%8e%84%e2%9c%a8\/\">Avenir<\/a><\/em>\u00a0la chercheuse fran\u00e7aise Navi Schulmann, qui a particip\u00e9 aux recherches.\u00a0<em>La semaine o\u00f9 elle sort, elle ne rencontre que la moiti\u00e9 de la population qu&rsquo;elle a l&rsquo;habitude de rencontrer, ce qui divise encore une fois par deux les chances de contamination<\/em>.\u00a0\u00bb\u00a0<br \/>Tout en \u00e9tant <strong>presque aussi efficace<\/strong> selon les scientifiques, cette solution pourrait permettre d&rsquo;<strong>\u00e9viter de recourir au confinement total<\/strong>.\u00a0\u00ab\u00a0<em>On voit que notre m\u00e9thode [&#8230;] est comparable au confinement classique de 75\u00a0\u00e0 80% de la population<\/em>\u00ab\u00a0, pr\u00e9cise Nava Schulmann,\u00a0dont le travail consistait \u00e0 effectuer\u00a0les simulations num\u00e9rique d&rsquo;un confinement altern\u00e9.\u00a0\u00a0<\/p>\n<p><strong>Une solution pour autant compliqu\u00e9e\u00a0\u00e0 mettre en oeuvre<\/strong>, comme a tenu \u00e0 le souligner l&rsquo;urgentiste Patrick Pelloux sur le plateau de <em>BFM-TV<\/em>: \u00ab\u00a0<em>La gestion d&rsquo;un peuple doit \u00eatre simple et pas contraignante<\/em>\u00ab\u00a0, a-t-il indiqu\u00e9.<\/p>\n<p>Et pour cause\u00a0: la mise en place d&rsquo;une telle solution demanderait \u00e0 ce que <strong>chaque personne appartenant au m\u00eame foyer fasse partie du m\u00eame groupe <\/strong>de sortie afin d&rsquo;\u00e9viter la multiplication des contacts avec l&rsquo;autre groupe.Un v\u00e9ritable casse-t\u00eate !\u00a0<\/p>\n<h2>Faits du jour\u00a0:<\/h2>\n<section>\n<h2>Des envies d&rsquo;\u00e9vasion (contrari\u00e9es)<\/h2>\n<\/section>\n<h2>Les Fran\u00e7ais d\u00e9pensent beaucoup et stockent toujours<\/h2>\n<h2>Une amende pour les personnes atteintes de Covid-19\u00a0qui ne respectent pas l&rsquo;isolement\u00a0?<\/h2>\n<p>D&rsquo;apr\u00e8s les informations d&rsquo;<em>Europe 1<\/em>, <strong>le gouvernement fran\u00e7ais r\u00e9fl\u00e9chit \u00e0 rendre obligatoire l&rsquo;isolement des personnes atteintes du Covid-19. <\/strong>Les personnes infect\u00e9es\u00a0pourraient alors \u00eatre contr\u00f4l\u00e9es de pr\u00e8s, avec des amendes en cas de manquement. Des patients test\u00e9s positifs choisissent, en effet, de ne pas \u00e9bruiter leur \u00e9tat de sant\u00e9 pour continuer \u00e0 travailler et ne pas s&rsquo;isoler une semaine, au risque de continuer \u00e0 propager le virus. Au cours de\u00a0son allocution le 28\u00a0octobre dernier, pour annoncer le reconfinement, Emmanuel Macron avait appel\u00e9 \u00e0 un isolement plus efficace des p\u00e9riodes positives pour pouvoir sortir efficacement du confinement.\u00a0En Suisse, au Royaume-Uni et dans de nombreux pays d&rsquo;Asie, les patients contamin\u00e9s peuvent d\u00e9j\u00e0 se voir infliger une lourde contravention s&rsquo;ils sortent de chez eux avant la fin du d\u00e9lai impos\u00e9 par les autorit\u00e9s sanitaires.<\/p>\n<h2><b data-original-fontsize=\"19px\" data-original-lineheight=\"30px\">Pas de confinement cibl\u00e9\u00a0pour les personnes \u00e2g\u00e9es<\/b><\/h2>\n<p>Le porte-parole du gouvernement Gabriel Attal \u00e9carte un confinement impos\u00e9 pour les seniors.\u00a0<em>\u00ab\u00a0D&rsquo;abord parce qu&rsquo;\u00e9thiquement, ce serait objectivement compliqu\u00e9\u00a0\u00bb, <\/em>a-t-il soulign\u00e9 sur <em>Europe1<\/em>.\u00a0<em>\u00ab\u00a0Ensuite parce que c&rsquo;est parfois m\u00e9conna\u00eetre la situation de beaucoup de personnes \u00e2g\u00e9es qui ne vivent pas seules et qui vivent avec parfois plusieurs g\u00e9n\u00e9rations de la m\u00eame famille dans le m\u00eame appartement\u00a0\u00bb<\/em>, a-t-il ajout\u00e9.<\/p>\n<p><strong><em>\u00ab\u00a0Aujourd&rsquo;hui, il n&rsquo;y a pas un pays qui ait mis un confinement pour les personnes fragiles. Aujourd&rsquo;hui, la strat\u00e9gie qui fonctionne, c&rsquo;est celle d&rsquo;un confinement g\u00e9n\u00e9ralis\u00e9\u00a0\u00bb,<\/em><\/strong> a martel\u00e9 Olivier V\u00e9ran ce dimanche sur <em>France Inter<\/em>. Le ministre de la Sant\u00e9 a \u00e9galement not\u00e9\u00a0<em>\u00ab\u00a0un ralentissement de la progression de l&rsquo;\u00e9pid\u00e9mie\u00a0\u00bb<\/em> gr\u00e2ce au respect de l&rsquo;isolement par les Fran\u00e7ais.<\/p>\n<p>L&rsquo;ex\u00e9cutif avait r\u00e9fl\u00e9chi\u00a0\u00e0 un possible <strong>confinement\u00a0des personnes \u00e0 risques<\/strong>, selon les informations du <em>Monde <\/em>du 6\u00a0novembre.\u00a0\u00ab\u00a0<em>On travaille dessus, si l&rsquo;\u00e9pid\u00e9mie r\u00e9duit<\/em>\u00ab\u00a0, aurait-on d\u00e9clar\u00e9 dans l&rsquo;entourage d&rsquo;Emmanuel Macron. Le 26\u00a0octobre, le conseil scientifique avait estim\u00e9 \u00e0 <strong>22\u00a0millions<\/strong> le nombre de personnes dites vuln\u00e9rables, en France. Un chiffre qui comprend les <strong>seniors,<\/strong> mais aussi des <strong>jeunes<\/strong> avec \u00ab\u00a0<em><strong>facteurs de comorbidit\u00e9<\/strong> (diab\u00e8te, surpoids, insuffisance r\u00e9nale, cancer)<\/em>\u00ab\u00a0.<\/p>\n<p>Toutefois, pour le conseil scientifique, ce type de confinement \u00ab\u00a0<em><strong>ne pourrait \u00eatre obligatoire<\/strong>, pour des raisons \u00e0 la fois \u00e9thiques, sociales et sans doute juridiques (rupture d&rsquo;\u00e9galit\u00e9)<\/em>\u00ab\u00a0. \u00ab\u00a0<em>Cela serait penser que les jeunes ne sont pas touch\u00e9s par la maladie<\/em>\u00ab\u00a0, avait d\u00e9j\u00e0 mod\u00e9r\u00e9 un membre du minist\u00e8re.<\/p>\n<h2>Le coup de gueule d&rsquo;Olivier V\u00e9ran<\/h2>\n<p>Les d\u00e9put\u00e9s de l&rsquo;Opposition sont parvenus le 4 novembre \u00e0 voter pour le prolongement de <strong>l&rsquo;\u00e9tat d&rsquo;urgence sanitaire<\/strong> jusqu&rsquo;au 14\u00a0<strong>d\u00e9cembre<\/strong>, alors que la Majorit\u00e9 souhaitait le maintenir jusqu&rsquo;\u00e0 <strong>f\u00e9vrier<\/strong>.\u00a0Scandalis\u00e9 par ce coup politique\u00a0et las des <strong>critiques<\/strong>\u00a0face aux mesures restrictives du gouvernement, <strong>Olivier V\u00e9ran a pouss\u00e9 un v\u00e9ritable coup de gueule<\/strong> \u00e0 l&rsquo;Assembl\u00e9e Nationale.<\/p>\n<p>Le ministre de la Sant\u00e9 a expliqu\u00e9 qu&rsquo;il venait de visiter le service de r\u00e9animation d&rsquo;un\u00a0h\u00f4pital de Corbeil-Essonnes, en \u00cele-de-France&#8230; et\u00a0a <strong>perdu son sang froid<\/strong>, en interpellant ceux qui ne mesuraient pas la <strong>gravit\u00e9 du coronavirus<\/strong>: \u00ab\u00a0<em>Dans la premi\u00e8re chambre, il y avait un jeune homme de 28\u00a0ans, dans le coma, intub\u00e9 et ventil\u00e9 avec pas loin de dix pousse-seringue pour pouvoir \u00e0 la fois l&rsquo;alimenter et lui fournir les m\u00e9dicaments essentiels pour le maintenir en vie<\/em>\u00ab\u00a0. Laissant la col\u00e8re monter, il a martel\u00e9: \u00ab\u00a0<em>Dans la deuxi\u00e8me chambre, il y avait un homme de 35\u00a0ans en surpoids. C&rsquo;est \u00e7a la r\u00e9alit\u00e9, mesdames et messieurs les d\u00e9put\u00e9s. <strong>Si vous ne voulez pas l&rsquo;entendre, sortez d&rsquo;ici<\/strong><\/em>\u00ab\u00a0.<\/p>\n<p><a name=\"confinement-aides-gouvernement\"><br \/>Quelles sont les aides du gouvernement ?<\/a><\/p>\n<p>Pour faire face \u00e0 l<strong>&lsquo;impact \u00e9conomique d&rsquo;une telle mesure<\/strong>, le ministre de l&rsquo;Economie Bruno le Maire a d\u00e9clar\u00e9 que l&rsquo;aide \u00e9conomique serait plus importante que lors du premier confinement. Il a pr\u00e9sent\u00e9 une batterie de mesures de soutien aux entreprises, pour un montant de <strong>15\u00a0milliards d&rsquo;euros<\/strong> par mois\u00a0:<\/p>\n<ul>\n<li>\u00a0\u00ab\u00a0<em>Toutes les entreprises et tous les commerces qui sont ferm\u00e9s par d\u00e9cision administrative pourront recevoir une <strong>indemnisation allant jusqu&rsquo;\u00e0 10\u00a0000\u00a0euros<\/strong><\/em>\u00ab\u00a0, et ce, \u00ab\u00a0<em>peu importe le secteur d&rsquo;activit\u00e9, peu importe le secteur g\u00e9ographique<\/em>.\u00a0\u00bb Il a annonc\u00e9 l&rsquo;activation d&rsquo;un fonds de solidarit\u00e9 de 6\u00a0milliards d&rsquo;euros par mois de confinement.<\/li>\n<li><strong>Exon\u00e9ration totale des cotisation sociales <\/strong>pour toutes les entreprises de moins de 50\u00a0salari\u00e9s ferm\u00e9es administrativement.<\/li>\n<li>Les <strong>pr\u00eats garantis<\/strong> par l&rsquo;Etat et les pr\u00eats directs de l&rsquo;Etat seront renforc\u00e9s.\u00a0<\/li>\n<li>Un<strong> cr\u00e9dit d&rsquo;imp\u00f4t<\/strong> incitant les bailleurs \u00e0 annuler une partie des loyers sera ajout\u00e9\u00a0dans le projet de loi de finances pour 2021.<\/li>\n<li>Le<strong> ch\u00f4mage partiel<\/strong> pour les salari\u00e9s et les employeurs qui ne pourront pas travailler.<\/li>\n<\/ul>\n<aside id=\"NL_1334931623\" class=\"newsletter_subscription jNlBlock\"><noscript><br \/>\n            <\/noscript><\/p>\n<h3 class=\"newsletter_subscription-title\">Newsletter <\/h3>\n<p><a href=\"\/\/mailing.ccmbg.com\/archive\/last-85\" target=\"_blank\" class=\"a_hover\" rel=\"noopener noreferrer\">Voir un exemple<\/a><\/p>\n<\/aside>\n<p>Le pr\u00e9sident de la R\u00e9publique avait\u00a0annonc\u00e9 qu&rsquo;un <strong>plan sp\u00e9cial <\/strong>pour les ind\u00e9pendants, les commer\u00e7ants, les tr\u00e8s petites et moyennes entreprises serait pens\u00e9. \u00ab\u00a0<em>Je le sais, [ils] redoutent plus que tout les prochaines semaines<\/em>\u00ab\u00a0, a-t-il d\u00e9clar\u00e9.<\/p>\n<\/p><\/div>\n<p><script async src=\"http:\/\/platform.twitter.com\/widgets.js\" charset=\"utf-8\"><\/script><br \/>\n<br \/>[ad_2]<br \/>\n<br \/><a href=\"https:\/\/www.journaldesfemmes.fr\/societe\/actu\/2670599-confinement-reconfinement-couvre-feu-renforce-annonces-mesures-commerces-frontieres-controles-teletravail-castex-macron\/\">Source link <\/a><\/p>\n","protected":false},"excerpt":{"rendered":"<p>[ad_1] L&rsquo;ex\u00e9cutif \u00e9tudie de nouvelles restrictions contre l&rsquo;\u00e9pid\u00e9mie, avec un possible reconfinement \u00e0 la cl\u00e9. L&rsquo;incertitude ronge, Macron tergiverse, Castex &hellip; <a href=\"https:\/\/www.affinite.fr\/index.php\/2021\/01\/30\/reconfinement-reporte-couvre-feu-renforce-4-annonces\/\" class=\"more-link\">Plus <span class=\"screen-reader-text\">Reconfinement\u00a0report\u00e9, Couvre-feu renforc\u00e9\u00a0: 4\u00a0annonces<\/span> <span class=\"meta-nav\">&rarr;<\/span><\/a><\/p>\n","protected":false},"author":1,"featured_media":5871,"comment_status":"open","ping_status":"open","sticky":false,"template":"","format":"standard","meta":{"_sitemap_exclude":false,"_sitemap_priority":"","_sitemap_frequency":"","footnotes":""},"categories":[1],"tags":[],"class_list":["post-5870","post","type-post","status-publish","format-standard","has-post-thumbnail","hentry","category-tous"],"_links":{"self":[{"href":"https:\/\/www.affinite.fr\/index.php\/wp-json\/wp\/v2\/posts\/5870"}],"collection":[{"href":"https:\/\/www.affinite.fr\/index.php\/wp-json\/wp\/v2\/posts"}],"about":[{"href":"https:\/\/www.affinite.fr\/index.php\/wp-json\/wp\/v2\/types\/post"}],"author":[{"embeddable":true,"href":"https:\/\/www.affinite.fr\/index.php\/wp-json\/wp\/v2\/users\/1"}],"replies":[{"embeddable":true,"href":"https:\/\/www.affinite.fr\/index.php\/wp-json\/wp\/v2\/comments?post=5870"}],"version-history":[{"count":0,"href":"https:\/\/www.affinite.fr\/index.php\/wp-json\/wp\/v2\/posts\/5870\/revisions"}],"wp:featuredmedia":[{"embeddable":true,"href":"https:\/\/www.affinite.fr\/index.php\/wp-json\/wp\/v2\/media\/5871"}],"wp:attachment":[{"href":"https:\/\/www.affinite.fr\/index.php\/wp-json\/wp\/v2\/media?parent=5870"}],"wp:term":[{"taxonomy":"category","embeddable":true,"href":"https:\/\/www.affinite.fr\/index.php\/wp-json\/wp\/v2\/categories?post=5870"},{"taxonomy":"post_tag","embeddable":true,"href":"https:\/\/www.affinite.fr\/index.php\/wp-json\/wp\/v2\/tags?post=5870"}],"curies":[{"name":"wp","href":"https:\/\/api.w.org\/{rel}","templated":true}]}}