{"id":5783,"date":"2021-01-09T19:07:15","date_gmt":"2021-01-09T19:07:15","guid":{"rendered":"https:\/\/www.affinite.fr\/index.php\/2021\/01\/09\/chiffres-en-direct-vaccin-etats-unis\/"},"modified":"2021-01-09T19:07:15","modified_gmt":"2021-01-09T19:07:15","slug":"chiffres-en-direct-vaccin-etats-unis","status":"publish","type":"post","link":"https:\/\/www.affinite.fr\/index.php\/2021\/01\/09\/chiffres-en-direct-vaccin-etats-unis\/","title":{"rendered":"chiffres en direct, vaccin, Etats-Unis"},"content":{"rendered":"<p> [ad_1]<br \/>\n<\/p>\n<p>\n                COVID MONDE DIRECT &#8211; L&rsquo;\u00e9pid\u00e9mie de Covid progresse dans le Monde. Nouveau record de cas aux Etats-Unis, premier cas du variant sud-africain au Canada&#8230; Bilan, chiffres, courbes et actualit\u00e9s en direct.            <\/p>\n<div>\n<aside class=\"ccmsummary marqueur_module ccmcss_cms_summary ccmcss_cms_summary--right\">\n<p>Sommaire<\/p>\n<\/aside>\n<p><b>[Mise \u00e0 jour du samedi 9\u00a0janvier 2021\u00a0\u00e0 16h14]<\/b>\u00a0Face \u00e0 une pand\u00e9mie qui ne faiblit pas, plusieurs pays durcissent leurs restrictions contre la Covid-19 : la Chine instaure notamment de nouvelles mesures sanitaires dans deux villes du sud de P\u00e9kin. Alors qu&rsquo;aux Etats-Unis un nouveau record de contaminations est enregistr\u00e9,\u00a0avec pr\u00e8s de 290\u00a0000\u00a0cas en 24h, les campagnes de vaccination continuent de s&rsquo;intensifier aux quatre coins du monde.\u00a0A date<strong>, plus de 89\u00a0millions de personnes ont \u00e9t\u00e9 contamin\u00e9es <\/strong>dans le monde et 1,9\u00a0millions sont mortes du nouveau coronavirus d\u00e9couvert il y a un an. Les <strong>foyers majeurs<\/strong> de l&rsquo;\u00e9pid\u00e9mie se situent actuellement dans la zone Am\u00e9riques et en <strong>Europe<\/strong>, \u00e0 l&rsquo;origine respectivement de 47% et 38% des cas de Covid-19\u00a0rapport\u00e9s, et de <strong>42% et 43% des d\u00e9c\u00e8s<\/strong>\u00a0sur la semaine du 28 d\u00e9cembre au 3 janvier. Les <strong>pays qui d\u00e9crivent le plus grand nombre de cas <\/strong>sur les 7\u00a0derniers jours (28 au 3 janvier) sont\u00a0: \u00c9tats-Unis, le<strong> Royaume-Uni, <\/strong>le Br\u00e9sil, la Russie, l&rsquo;Inde et l&rsquo;<strong>Allemagne. <\/strong>Plusieurs pays acc\u00e9l\u00e8rent la vaccination de la population pour tenter d&rsquo;enrayer cette crise sanitaire mondiale. Chiffres, tableau, courbes d&rsquo;\u00e9volution de l&rsquo;\u00e9pid\u00e9mie et point de situation en direct.<\/p>\n<p><strong>Derni\u00e8res infos dans le monde\u00a0:<\/strong><\/p>\n<ul>\n<li><b data-original-fontsize=\"19px\" data-original-lineheight=\"30px\">Record de cas aux\u00a0Etats-Unis en 24h.\u00a0<\/b>Les Etats-Unis ont enregistr\u00e9 un nouveau record de contaminations sur 24\u00a0heures, avec pr\u00e8s de 290\u00a0000\u00a0cas de Covid-19, selon les chiffres de l&rsquo;universit\u00e9 Johns Hopkins.\u00a0Le pays est le plus endeuill\u00e9 du monde avec 368\u00a0947 d\u00e9c\u00e8s depuis le d\u00e9but de la pand\u00e9mie et jusqu&rsquo;au 9\u00a0janvier.<\/li>\n<li><strong>Situation critique \u00e0 Londres. <\/strong>Ce samedi 9\u00a0janvier, dans la capitale britannique, plus de 7\u00a0000\u00a0personnes sont hospitalis\u00e9es \u00e0 cause du\u00a0Covid-19, soit 35\u00a0% de plus que durant le pic de la premi\u00e8re vague en avril, selon un communiqu\u00e9 de presse de la mairie de Londres.\u00a0\u00ab\u00a0<em>Nous manquerons de lits dans les deux prochaines semaines si la propagation du virus ne ralentit pas drastiquement<\/em>\u00ab\u00a0, alerte Sadiq Khan le maire de la ville. Il a d\u00e9clar\u00e9 l&rsquo;\u00e9tat \u00ab\u00a0<em>d&rsquo;incident majeur<\/em>\u00ab\u00a0, qui permet de mobiliser l&rsquo;ensemble du service public.\u00a0<\/li>\n<li><b data-original-fontsize=\"19px\" data-original-lineheight=\"30px\">Nouvelles restrictions dans deux villes chinoises.<\/b><b data-original-fontsize=\"19px\" data-original-lineheight=\"30px\">\u00a0<\/b>La\u00a0ville de\u00a0Shijiazhuang a suspendu ce samedi 9\u00a0janvier le trafic du m\u00e9tro afin \u00ab\u00a0<em>d&rsquo;aider \u00e0 la pr\u00e9vention et au contr\u00f4le de l&rsquo;\u00e9pid\u00e9mie<\/em>\u00ab\u00a0, ont indiqu\u00e9 les autorit\u00e9s. Celle\u00a0de Xingtai a interdit \u00e0 ses habitants de quitter leur domicile pendant une semaine. Au total\u00a018\u00a0millions de personnes de la province du Hebei sont en quarantaine apr\u00e8s l&rsquo;apparition de plusieurs cas ces derniers jours.\u00a0<\/li>\n<li><strong>L&rsquo;OMS appelle \u00e0 la solidarit\u00e9 internationale<\/strong><strong>.\u00a0<\/strong>L&rsquo;Organisation mondiale de la sant\u00e9 (OMS) a demand\u00e9, ce vendredi 8 janvier, aux pays riches de cesser de conclure des \u00ab\u00a0<em>accords bilat\u00e9raux<\/em>\u00a0\u00bb avec les laboratoires pharmaceutiques.\u00a0<em style=\"font-size: 1rem;\">\u00ab\u00a0Je demande instamment aux fabricants de donner la priorit\u00e9 au d\u00e9ploiement<\/em><em style=\"font-size: 1rem;\">\u00ab\u00a0<\/em><span style=\"font-size: 1rem;\">\u00a0des vaccins par le biais du m\u00e9canisme Covax, mis en place par l&rsquo;Organisation mondiale de la sant\u00e9 et ses partenaires, a d\u00e9clar\u00e9 le chef de l&rsquo;agence de l&rsquo;ONU, Tedros Adhanom Ghebreyesus, lors d&rsquo;une\u00a0conf\u00e9rence de presse. Il a expliqu\u00e9 que ces accords bilat\u00e9raux\u00a0risquent\u00a0<\/span><em style=\"font-size: 1rem;\">\u00ab\u00a0de faire grimper le prix\u00a0\u00bb<\/em><span style=\"font-size: 1rem;\">\u00a0des vaccins, au d\u00e9triment de tous.<\/span><\/li>\n<li><strong>Un premier cas du variant sud-africain au Canada.\u00a0<\/strong>Un cas de contamination a \u00e9t\u00e9 d\u00e9tect\u00e9 en Alberta, a r\u00e9v\u00e9l\u00e9 ce vendredi 8\u00a0janvier\u00a0Dr Deena Hinshaw,\u00a0la cheffe de la sant\u00e9 publique de cette province de l&rsquo;ouest canadien. \u00ab\u00a0<em>Rien ne permet de dire \u00e0 l&rsquo;heure actuelle que le virus a contamin\u00e9 d&rsquo;autres personnes<\/em>\u00ab\u00a0, a-t-elle indiqu\u00e9 sur <a href=\"https:\/\/twitter.com\/CMOH_Alberta\">Twitter.<\/a> La responsable a fait savoir que l&rsquo;homme avait \u00e9t\u00e9 plac\u00e9 en quarantaine.\u00a0<\/li>\n<li><b>Des vaccins pour l&rsquo;Union Europ\u00e9enne.<\/b>\u00a0L&rsquo;Europe\u00a0pr\u00e9pare l&rsquo;autorisation prochaine d&rsquo;un troisi\u00e8me vaccin au sein de ses pays membres\u00a0: celui d&rsquo;AstraZeneca\/Oxford (apr\u00e8s ceux de Pfizer\/BioNTech et de Moderna). Sous la pression des Etats membres, l&rsquo;Agence europ\u00e9enne des m\u00e9dicaments a indiqu\u00e9 ce vendredi 8 janvier qu&rsquo;une d\u00e9cision concernant ce vaccin devrait \u00eatre prise fin janvier.\u00a0La Commission europ\u00e9enne a \u00e9galement\u00a0annonc\u00e9\u00a0la conclusion d&rsquo;un nouveau contrat avec Pfizer et BioNTech pour la livraison de 300\u00a0millions de doses suppl\u00e9mentaires de leur vaccin contre le Covid-19.\u00a0<em>\u00ab\u00a0Nous avons d\u00e9sormais s\u00e9curis\u00e9 l&rsquo;achat de suffisamment de doses pour vacciner 380\u00a0millions d&rsquo;Europ\u00e9ens, soit 80\u00a0% de la population, et d&rsquo;autres vaccins vont suivre dans les semaines et mois \u00e0 venir\u00a0\u00bb<\/em>, a d\u00e9clar\u00e9 Ursula von der Leyen, la pr\u00e9sidente de la Commission.<\/li>\n<li><strong>Record d&rsquo;hospitalisations au Mexique.\u00a0<\/strong>La ville de Mexico fait face \u00e0 son \u00ab\u00a0<em>plus haut niveau d&rsquo;occupation des lits d&rsquo;hospitalisation depuis le d\u00e9but de la pand\u00e9mie<\/em>\u00ab\u00a0, a d\u00e9clar\u00e9 vendredi 8 janvier la maire Claudia Sheinbaum qui prolonge l&rsquo;\u00e9tat d&rsquo;urgence instaur\u00e9 jusqu&rsquo;au 10\u00a0janvier.<\/li>\n<li><b data-original-fontsize=\"19px\" data-original-lineheight=\"30px\">C<\/b><b data-original-fontsize=\"19px\" data-original-lineheight=\"30px\">onfinement \u00e0 Brisbane.<\/b>\u00a0En Australie, la ville de Brisbane a d\u00e9but\u00e9 ce samedi 9\u00a0janvier son premier jour de confinement. La troisi\u00e8me ville d&rsquo;Australie\u00a0va \u00eatre confin\u00e9e pour trois jours. Cette d\u00e9cision survient apr\u00e8s qu&rsquo;un employ\u00e9 d&rsquo;un h\u00f4tel accueillant des personnes plac\u00e9es en quarantaine a contract\u00e9 la souche du Covid-19\u00a0d\u00e9couverte au Royaume-Uni.\u00a0<\/li>\n<li><b data-original-fontsize=\"19px\" data-original-lineheight=\"30px\">L<\/b><b data-original-fontsize=\"19px\" data-original-lineheight=\"30px\">a Hongrie prolonge les restrictions. <\/b>Face \u00e0 l&rsquo;ampleur de l&rsquo;\u00e9pid\u00e9mie, la Hongrie prolonge les mesures de confinement partiel jusqu&rsquo;au 1er f\u00e9vrier. L&rsquo;Etat d&rsquo;urgence sanitaire est en place depuis le 11\u00a0novembre et implique : un couvre-feu nocturne,\u00a0le port obligatoire d&rsquo;un masque en public, la fermeture des lyc\u00e9es et des universit\u00e9s et l&rsquo;interdiction des rassemblements.<\/li>\n<li><b data-original-fontsize=\"19px\" data-original-lineheight=\"30px\">La Colombie renforce ses restrictions.<\/b>\u00a0Le pays\u00a0a instaur\u00e9 un confinement\u00a0renforc\u00e9 dans 32 d\u00e9partements et les trois villes principales (Bogota, Cali et Medellin)\u00a0pour cinq jours pour tenter de contrer la\u00a0propagation du nouveau coronavirus.\u00a0<\/li>\n<p><\/p>\n<li>\u00a0<\/li>\n<\/ul>\n<p style=\"text-align: center;\"><strong>Nombre de cas de Covid-19\u00a0dans les 10\u00a0pays du monde les plus affect\u00e9s (nombre de cas), au 9\u00a0janvier 2021<\/strong><\/p>\n<div style=\"text-align:center\">\n<figure class=\"image\" style=\"display:inline-block\"><a class=\"fancy\" href=\"https:\/\/img-3.journaldesfemmes.fr\/JDz-NlvJyA4-4EEHf7N9R_KFrvs=\/1080x\/smart\/4a441ec92e584b548beb25fb67fce8b3\/ccmcms-jdf\/21446617.png\"><img decoding=\"async\" alt=\"courbe-cas-covid-monde\" src=\"https:\/\/img-3.journaldesfemmes.fr\/JDz-NlvJyA4-4EEHf7N9R_KFrvs=\/1080x\/smart\/4a441ec92e584b548beb25fb67fce8b3\/ccmcms-jdf\/21446617.png\"\/><\/a><figcaption data-credit=\"Universit\u00e9 Johns Hopkins\" data-legend=\"Nombre de cas de Covid-19 dans les 10 pays les plus touch\u00e9s du monde, au 9 janvier 2021.\">Nombre de cas de Covid-19 dans les 10 pays les plus touch\u00e9s du monde, au 9 janvier 2021. <small>\u00a9\u00a0Universit\u00e9 Johns Hopkins<\/small><\/figcaption><\/figure>\n<\/div>\n<p>Le nombre de cas de coronavirus continue d&rsquo;augmenter chaque jour dans le monde. Au 9\u00a0janvier\u00a02021, plus de <strong>89\u00a0millions\u00a0de personnes ont \u00e9t\u00e9 test\u00e9es positives<\/strong> au virus selon les comptages de l&rsquo;<a href=\"https:\/\/gisanddata.maps.arcgis.com\/apps\/opsdashboard\/index.html#\/bda7594740fd40299423467b48e9ecf6\" target=\"_blank\" rel=\"noopener noreferrer\">Universit\u00e9 Johns Hopkins<\/a>\u00a0(89\u00a0001\u00a0543).\u00a0Pour le\u00a0<a href=\"https:\/\/www.ecdc.europa.eu\/en\/geographical-distribution-2019-ncov-cases\" target=\"_blank\" rel=\"noopener noreferrer\">Centre europ\u00e9en de pr\u00e9vention et de contr\u00f4le des maladies<\/a>,\u00a0<strong>84\u00a0532\u00a0824<\/strong> cas ont \u00e9t\u00e9 confirm\u00e9s en semaine 53\u00a0(28 d\u00e9cembre 2020 au 3 janvier 2021), depuis le 31 d\u00e9cembre 2019.\u00a0Ces chiffres varient\u00a0selon les d\u00e9finitions de cas appliqu\u00e9es dans chaque pays et leurs strat\u00e9gies de d\u00e9pistage. \u00a0<\/p>\n<table border=\"1\" cellpadding=\"1\" cellspacing=\"1\">\n<caption>\n<h3 style=\"text-align: center;\">Nombre de cas de Covid-19\u00a0par continent du\u00a031\u00a0d\u00e9cembre 2019\u00a0au 3 janvier 2021 (source\u00a0: Ecdc.Europa.eu \/ Ined.fr)<\/h3>\n<\/caption>\n<tbody>\n<tr>\n<td style=\"width: 105px;\">\u00a0<\/td>\n<td style=\"width: 347px;\">\n<p><strong>Nombre de cas positifs au Covid-19\u00a0<\/strong><\/p>\n<\/td>\n<td style=\"width: 544px;\">\n<p><strong>Pourcentage de la population positive au Covid-19<\/strong><\/p>\n<\/td>\n<\/tr>\n<tr>\n<td style=\"width: 105px;\">\n<p><strong>Am\u00e9rique<\/strong><\/p>\n<\/td>\n<td style=\"width: 347px;\">37\u00a0144\u00a0796\u00a0<\/td>\n<td style=\"width: 544px;\">3,63%<\/td>\n<\/tr>\n<tr>\n<td style=\"width: 105px;\">\n<p><strong>Europe<\/strong><\/p>\n<\/td>\n<td style=\"width: 347px;\">26\u00a0399\u00a0030<\/td>\n<td style=\"width: 544px;\">\n<p>3,53%<\/p>\n<\/td>\n<\/tr>\n<tr>\n<td style=\"width: 105px;\">\n<p><strong>Asie<\/strong><\/p>\n<\/td>\n<td style=\"width: 347px;\">18\u00a0099\u00a0566\u00a0<\/td>\n<td style=\"width: 544px;\">0,39%<\/td>\n<\/tr>\n<tr>\n<td style=\"width: 105px;\">\n<p><strong>Afrique<\/strong><\/p>\n<\/td>\n<td style=\"width: 347px;\">2\u00a0832\u00a0753<\/td>\n<td style=\"width: 544px;\">\n<p>0,21%<\/p>\n<\/td>\n<\/tr>\n<tr>\n<td style=\"width: 105px;\">\n<p><strong>Oc\u00e9anie<\/strong><\/p>\n<\/td>\n<td style=\"width: 347px;\">55\u00a0974<\/td>\n<td style=\"width: 544px;\">\n<p>0,13%<\/p>\n<\/td>\n<\/tr>\n<tr>\n<td style=\"width: 105px;\">\n<p><strong>Autres<\/strong><\/p>\n<\/td>\n<td style=\"width: 347px;\">\n<p>705<\/p>\n<\/td>\n<td style=\"width: 544px;\">\n<p>\u2248 0%<\/p>\n<\/td>\n<\/tr>\n<tr>\n<td style=\"width: 105px;\">\n<p><strong>Total\u00a0<\/strong><\/p>\n<\/td>\n<td style=\"width: 347px;\"><strong>84\u00a0532\u00a0824<\/strong><\/td>\n<td style=\"width: 544px;\">\n<p>1,08%<\/p>\n<\/td>\n<\/tr>\n<\/tbody>\n<\/table>\n<table border=\"1\" cellpadding=\"1\" cellspacing=\"1\">\n<caption>\n<h3 style=\"text-align: center;\">Les 10\u00a0pays recensant le plus grand nombre de cas de Covid-19\u00a0dans le monde au 9\u00a0janvier\u00a02021\u00a0(Sources\u00a0: Universit\u00e9 Johns Hopkins)<\/h3>\n<\/caption>\n<thead>\n<tr>\n<th scope=\"col\" style=\"width: 144px;\">\n<p>Pays<\/p>\n<\/th>\n<th scope=\"col\" style=\"width: 208px;\">\n<p>Nombre de cas confirm\u00e9s<\/p>\n<\/th>\n<th scope=\"col\" style=\"width: 254px;\">\n<p>Nombre total d&rsquo;habitants (en millions)<\/p>\n<\/th>\n<th scope=\"col\" style=\"width: 290px;\">\n<p>Pourcentage de la population infect\u00e9e<\/p>\n<\/th>\n<\/tr>\n<\/thead>\n<tbody>\n<tr>\n<td style=\"width: 144px;\">\n<p><strong>Etats-Unis <\/strong><\/p>\n<\/td>\n<td style=\"width: 208px;\">\n<h5><strong>21 872<\/strong>\u00a0264<\/h5>\n<\/td>\n<td style=\"width: 254px;\">\n<p>328,2<\/p>\n<\/td>\n<td style=\"width: 290px;\">\n<p>6,66%<\/p>\n<\/td>\n<\/tr>\n<tr>\n<td style=\"width: 144px;\">\n<p><strong>Inde<\/strong><\/p>\n<\/td>\n<td style=\"width: 208px;\">\n<p>10 431\u00a0639<\/p>\n<\/td>\n<td style=\"width: 254px;\">\n<p>1\u00a0353<\/p>\n<\/td>\n<td style=\"width: 290px;\">\n<p>0,77%<\/p>\n<\/td>\n<\/tr>\n<tr>\n<td style=\"width: 144px;\">\n<p><strong>Br\u00e9sil<\/strong><\/p>\n<\/td>\n<td style=\"width: 208px;\">\n<p>8\u00a0013\u00a0708\u00a0<\/p>\n<\/td>\n<td style=\"width: 254px;\">\n<p>209.5<\/p>\n<\/td>\n<td style=\"width: 290px;\">\n<p>3,83%<\/p>\n<\/td>\n<\/tr>\n<tr>\n<td style=\"width: 144px;\">\n<p><strong>Russie<\/strong><\/p>\n<\/td>\n<td style=\"width: 208px;\">3 344 175<\/td>\n<td style=\"width: 254px;\">144,5<\/td>\n<td style=\"width: 290px;\">\n<p>2,31%\u00a0<strong>\u00a0<\/strong><\/p>\n<\/td>\n<\/tr>\n<tr>\n<td style=\"width: 144px;\">\n<p><b>Royaume-Uni<\/b><\/p>\n<\/td>\n<td style=\"width: 208px;\">\n<h5><strong>2\u00a0966<\/strong>\u00a0244<\/h5>\n<\/td>\n<td style=\"width: 254px;\">66,65<\/td>\n<td style=\"width: 290px;\">\n<p>4,45%<\/p>\n<\/td>\n<\/tr>\n<tr>\n<td style=\"width: 144px;\"><b>France<\/b><\/td>\n<td style=\"width: 208px;\">\n<h5><strong>2\u00a0804<\/strong>\u00a0888<\/h5>\n<\/td>\n<td style=\"width: 254px;\"><strong>66,9<\/strong><\/td>\n<td style=\"width: 290px;\"><strong>4,19%<\/strong><\/td>\n<\/tr>\n<tr>\n<td style=\"width: 144px;\"><b>Turquie<\/b><\/td>\n<td style=\"width: 208px;\">2 307\u00a0581<\/td>\n<td style=\"width: 254px;\">84,3<\/td>\n<td style=\"width: 290px;\">2,74%<\/td>\n<\/tr>\n<tr>\n<td style=\"width: 144px;\">\n<p><b>Italie<\/b><\/p>\n<\/td>\n<td style=\"width: 208px;\">2 237\u00a0890<\/td>\n<td style=\"width: 254px;\">\n<p>60,4<\/p>\n<\/td>\n<td style=\"width: 290px;\">\n<p>3,71%<\/p>\n<\/td>\n<\/tr>\n<tr>\n<td style=\"width: 144px;\"><strong>Espagne<\/strong><\/td>\n<td style=\"width: 208px;\">2 050\u00a0360<\/td>\n<td style=\"width: 254px;\">\n<p>\t\t\t47<\/p>\n<\/td>\n<td style=\"width: 290px;\">\n<p>4,36%<\/p>\n<\/td>\n<\/tr>\n<tr>\n<td style=\"width: 144px;\">\n<p><strong>Allemagne<\/strong><\/p>\n<\/td>\n<td style=\"width: 208px;\">\n<h5><strong>1\u00a0906<\/strong>\u00a0505<\/h5>\n<\/td>\n<td style=\"width: 254px;\">\n<p>83,1<\/p>\n<\/td>\n<td style=\"width: 290px;\">\n<p>2,29%<\/p>\n<\/td>\n<\/tr>\n<\/tbody>\n<\/table>\n<h3>&gt; <strong><a href=\"https:\/\/gisanddata.maps.arcgis.com\/apps\/opsdashboard\/index.html#\/bda7594740fd40299423467b48e9ecf6\" target=\"_blank\" rel=\"noopener noreferrer\">Voir le nombre de cas des autres pays\u00a0<\/a><\/strong><\/h3>\n<h3 style=\"text-align: center;\">R\u00e9partition g\u00e9ographique du nombre cumulatif de cas de COVID-19\u00a0signal\u00e9s pour 100\u00a0000\u00a0habitants, dans le monde, sur les 14\u00a0derniers jours, pour les semaines 52-53 (28 d\u00e9cembre-3 janvier 2021)<\/h3>\n<div style=\"text-align:center\">\n<figure class=\"image\" style=\"display:inline-block\"><a class=\"fancy\" href=\"https:\/\/img-3.journaldesfemmes.fr\/E-Xc9szjCkXDDQFo166zumZLOtE=\/1080x\/smart\/c446d71e642545fa8e3bfef9a4d15ff5\/ccmcms-jdf\/21389453.jpg\"><img decoding=\"async\" alt=\"carte-covid-monde-cas\" src=\"https:\/\/img-3.journaldesfemmes.fr\/ZzwJqdKHJrgFZLviu-QCxp6fbEA=\/600x\/smart\/c446d71e642545fa8e3bfef9a4d15ff5\/ccmcms-jdf\/21389453.jpg\"\/><\/a><figcaption data-credit=\"Ecdc.europa.eu\" data-legend=\"R\u00e9partition g\u00e9ographique du nombre cumulatif de cas de COVID-19\u00a0signal\u00e9s pour 100\u00a0000\u00a0habitants, dans le monde, sur les 14\u00a0derniers jours, pour les semaines 52-53 (28 d\u00e9cembre-3 janvier)\">R\u00e9partition g\u00e9ographique du nombre cumulatif de cas de COVID-19\u00a0signal\u00e9s pour 100\u00a0000\u00a0habitants, dans le monde, sur les 14\u00a0derniers jours, pour les semaines 52-53 (28 d\u00e9cembre-3 janvier) <small>\u00a9\u00a0Ecdc.europa.eu<\/small><\/figcaption><\/figure>\n<\/div>\n<p>Apr\u00e8s l&rsquo;apparition du virus en Chine en d\u00e9cembre 2019, l&rsquo;Europe est rapidement devenue l&rsquo;\u00e9picentre de l&rsquo;\u00e9pid\u00e9mie obligeant plusieurs pays \u00e0 confiner les populations d\u00e8s le mois de mars. Puis le virus s&rsquo;est propag\u00e9 aux\u00a0Etats-Unis, en Am\u00e9rique du Sud et en\u00a0Inde.\u00a0Au 7 janvier, selon <a href=\"https:\/\/www.santepubliquefrance.fr\/maladies-et-traumatismes\/maladies-et-infections-respiratoires\/infection-a-coronavirus\/documents\/bulletin-national\/covid-19-point-epidemiologique-du-7-janvier-2021\" target=\"_blank\" rel=\"noopener noreferrer\">Sant\u00e9 publique France<\/a>, les <strong>Am\u00e9riques et l&rsquo;Europe demeurent les<\/strong> <strong>deux foyers majeurs de l&rsquo;\u00e9pid\u00e9mie<\/strong>, avec respectivement <strong>47% <\/strong>et<strong>\u00a038%<\/strong> des nouveaux cas rapport\u00e9s au niveau mondial et de 42% et 43% des d\u00e9c\u00e8s par Covid-19, entre le 28 d\u00e9cembre et le 3 janvier (semaine 53).\u00a0Comparativement \u00e0 la semaine 52, toutes les r\u00e9gions OMS observent une <strong>baisse du nombre de cas en semaine 53<\/strong>, sauf l&rsquo;Afrique o\u00f9 ce nombre est en hausse (+13%) et le Pacifique Ouest o\u00f9 il est stable. Le nombre de d\u00e9c\u00e8s est en augmentation en Afrique (+28%) et en r\u00e9gion Pacifique Ouest (+10%), ainsi qu&rsquo;en Europe (+3%) et en Am\u00e9rique (+3%).\u00a0L<strong>es pays qui d\u00e9crivent le plus grand nombre de cas<\/strong> en semaine 53\u00a0sont\u00a0: les \u00c9tats-Unis (+1\u00a0325\u00a0424\u00a0nouveaux cas), le Royaume-Uni (+343\u00a0784), le Br\u00e9sil (+252\u00a0018), la Russie (+186\u00a0539), l&rsquo;Inde (+136\u00a0115) et l&rsquo;Allemagne (+124\u00a0808), suivis de l&rsquo;Italie, la Turquie, l&rsquo;Afrique du Sud, la France, la Colombie et la R\u00e9publique tch\u00e8que.<\/p>\n<p style=\"text-align: center;\"><span style=\"font-size: 1rem; font-weight: 700; text-align: center;\">Courbe d&rsquo;\u00e9volution des cas journaliers du Covid-19\u00a0dans le monde jusqu&rsquo;au 9\u00a0janvier 2021<\/span><\/p>\n<div style=\"text-align:center\">\n<figure class=\"image\" style=\"display:inline-block\"><a class=\"fancy\" href=\"https:\/\/img-3.journaldesfemmes.fr\/6dp-s6kEEgrzQ5Ds7tsZKvJAjxc=\/1080x\/smart\/89d94278bb89452ab6eca060206e79a8\/ccmcms-jdf\/21446607.png\"><img decoding=\"async\" alt=\"courbe-cas-covid-monde-par-jour\" src=\"https:\/\/img-3.journaldesfemmes.fr\/6dp-s6kEEgrzQ5Ds7tsZKvJAjxc=\/1080x\/smart\/89d94278bb89452ab6eca060206e79a8\/ccmcms-jdf\/21446607.png\"\/><\/a><figcaption data-credit=\"Universit\u00e9 Johns Hopkins\" data-legend=\"Courbe d'\u00e9volution des cas journaliers du covid-19 dans le monde jusqu'au 9 janvier 2021\">Courbe d&rsquo;\u00e9volution des cas journaliers du covid-19 dans le monde jusqu&rsquo;au 9 janvier 2021 <small>\u00a9\u00a0Universit\u00e9 Johns Hopkins<\/small><\/figcaption><\/figure>\n<\/div>\n<p><strong>Dans son bilan international, Sant\u00e9 publique France rapporte le 7 janvier 2021\u00a0:\u00a0<\/strong><\/p>\n<p>\u25ba <strong>Europe\u00a0: <\/strong>En semaine 53 la r\u00e9gion a signal\u00e9\u00a0un <strong>grand nombre de cas<\/strong>, avec plus de 1,5\u00a0million de nouveaux cas et 32\u00a0898\u00a0nouveaux d\u00e9c\u00e8s, soit une <strong>diminution de 3% des cas et une augmentation de 3% des d\u00e9c\u00e8s <\/strong>par rapport \u00e0 la semaine 52. Les nouveaux cas hebdomadaires ont diminu\u00e9 au cours des deux derni\u00e8res semaines. La r\u00e9gion Europe a signal\u00e9, en semaine 53, la <strong>proportion la plus \u00e9lev\u00e9e de nouveaux d\u00e9c\u00e8s dans le monde<\/strong> (43%) parmi toutes les r\u00e9gions. En semaine 53, les pays ayant signal\u00e9 le plus grand nombre de nouveaux cas \u00e9taient le <strong>Royaume-Uni<\/strong>, la Russie et l&rsquo;Allemagne, suivis de l&rsquo;Italie, la France, la Turquie, l&rsquo;Espagne, la R\u00e9publique tch\u00e8que, la Pologne et les Pays-Bas. Le plus grand nombre de d\u00e9c\u00e8s a \u00e9t\u00e9 signal\u00e9 dans les trois m\u00eames pays\u00a0: en Allemagne,\u00a0au Royaume-Uni et en Russie.<\/p>\n<p>\u25ba <strong>Am\u00e9rique<\/strong>\u00a0: Le nombre de nouveaux cas hebdomadaires a d\u00e9pass\u00e9 1\u00a0935\u00a0000\u00a0et on compte 32\u00a0283\u00a0nouveaux d\u00e9c\u00e8s, ce qui repr\u00e9sente respectivement une <strong>diminution de 1% et une hausse de 3% par rapport \u00e0 la semaine pr\u00e9c\u00e9dente (S52).<\/strong> Le nombre le plus \u00e9lev\u00e9 de nouveaux cas et de d\u00e9c\u00e8s a \u00e9t\u00e9 signal\u00e9 aux \u00c9tats-Unis d&rsquo;Am\u00e9rique, au Br\u00e9sil et en Colombie.\u00a0Les plus <strong>grands nombres de nouveaux d\u00e9c\u00e8s<\/strong> ont \u00e9t\u00e9 signal\u00e9s aux \u00c9tats-Unis d&rsquo;Am\u00e9rique au Br\u00e9sil et au Mexique. Les \u00c9tats-Unis repr\u00e9sentaient 68% de tous les nouveaux cas et 53% des d\u00e9c\u00e8s dans la r\u00e9gion des Am\u00e9riques<\/p>\n<p>\u25ba <strong>Moyen-Orient :<\/strong>\u00a0Plus de 154\u00a0000\u00a0nouveaux cas et plus de 3\u00a0000\u00a0nouveaux d\u00e9c\u00e8s ont \u00e9t\u00e9 notifi\u00e9s, soit une diminution de 1% et 12% respectivement par rapport \u00e0 la semaine 52. <strong>Les cas et les d\u00e9c\u00e8s ont diminu\u00e9 dans cette r\u00e9gion pour la sixi\u00e8me semaine cons\u00e9cutive. <\/strong>Le plus grand nombre de nouveaux cas a \u00e9t\u00e9 signal\u00e9 en R\u00e9publique islamique d&rsquo;Iran, au Liban et au Pakistan. Ces trois pays repr\u00e9sentaient pr\u00e8s de la moiti\u00e9 des cas (48%) observ\u00e9s au cours de la semaine 53\u00a0dans la r\u00e9gion. Le plus grand nombre de nouveaux d\u00e9c\u00e8s a \u00e9t\u00e9 signal\u00e9 en R\u00e9publique islamique d&rsquo;Iran et au Pakistan.<\/p>\n<p>\u25ba<strong> Asie\u00a0:<\/strong>\u00a0Les indicateurs de l&rsquo;\u00e9pid\u00e9mie continuent d&rsquo;\u00eatre en d\u00e9clin, une tendance observ\u00e9e depuis mi-septembre. Les nombres de nouveaux cas les plus \u00e9lev\u00e9s ont \u00e9t\u00e9 signal\u00e9s en Inde, en Indon\u00e9sie, au Japon, en Malaisie et aux Philippines. Les pays ayant signal\u00e9 le plus grand de nombre de nouveaux d\u00e9c\u00e8s au cours de la semaine 53\u00a0\u00e9taient l&rsquo;Inde, l&rsquo;Indon\u00e9sie, le Japon, les Philippines, le Bangladesh et la Cor\u00e9e du Sud. En Asie du Sud-Est, pr\u00e8s de 208\u00a0592\u00a0nouveaux cas ont \u00e9t\u00e9 signal\u00e9s la semaine derni\u00e8re, soit une <strong>baisse de 10%<\/strong> par rapport \u00e0 la semaine pr\u00e9c\u00e9dente ; les nouveaux d\u00e9c\u00e8s \u00e9taient l\u00e9g\u00e8rement en baisse (-3%).<\/p>\n<p>\u25ba <strong>Afrique\u00a0:<\/strong>\u00a0En semaine 53, plus de 130\u00a0000\u00a0nouveaux cas ont \u00e9t\u00e9 signal\u00e9s (soit +13% par rapport \u00e0 la semaine pr\u00e9c\u00e9dente) et plus de 3\u00a0000\u00a0d\u00e9c\u00e8s (+4% par rapport \u00e0 la semaine pr\u00e9c\u00e9dente). L&rsquo;Afrique du Sud continue de repr\u00e9senter la plus grande proportion (72%) des nouveaux cas hebdomadaires, en partie en lien avec l&rsquo;<strong>\u00e9mergence du nouveau variant 501Y.V2.<\/strong>\u00a0Les autres pays rapportant le plus grand nombre de cas sont la Tunisie, le Maroc, l&rsquo;Egypte et le Nigeria, ce dernier rapportant une 2e vague et une acc\u00e9l\u00e9ration du nombre de cas depuis 3\u00a0semaines. Les nombres les plus \u00e9lev\u00e9s de nouveaux d\u00e9c\u00e8s ont \u00e9t\u00e9 signal\u00e9s en Afrique du Sud, en Mauritanie\u00a0et au Royaume d&rsquo;Eswatini.<\/p>\n<p>\u25ba <strong>Oc\u00e9anie : <\/strong>Le nombre de nouveaux cas est stable. En Australie et en Nouvelle-Z\u00e9lande 166\u00a0et 37\u00a0nouveaux cas ont \u00e9t\u00e9 respectivement recens\u00e9s au cours de la semaine 53.<\/p>\n<p>L&rsquo;\u00e9pid\u00e9mie de coronavirus continue de faire des morts. Samedi 9\u00a0janvier, plus d&rsquo;<strong>1,9\u00a0million\u00a0de d\u00e9c\u00e8s<\/strong> sont d\u00e9plor\u00e9s,\u00a0selon les comptages de l&rsquo;<a href=\"https:\/\/gisanddata.maps.arcgis.com\/apps\/opsdashboard\/index.htm\" target=\"_blank\" rel=\"noopener noreferrer\">Universit\u00e9 Johns Hopkins<\/a>\u00a0\u00a0(1\u00a0916\u00a0091)\u00a0et du\u00a0<a href=\"https:\/\/www.ecdc.europa.eu\/en\/geographical-distribution-2019-ncov-cases\" target=\"_blank\" rel=\"noopener noreferrer\">Centre europ\u00e9en de pr\u00e9vention et de contr\u00f4le des maladies<\/a>\u00a0(<strong>1 845 597\u00a0<\/strong>dans la semaine 53, depuis d\u00e9cembre 2019).\u00a0<\/p>\n<table border=\"1\" cellpadding=\"1\" cellspacing=\"1\">\n<caption>\n<h3 style=\"text-align: center;\"><strong>Nombre de morts du Covid-19\u00a0par continent <\/strong>du\u00a031\u00a0d\u00e9cembre 2019\u00a0au 3 janvier 2021<strong>\u00a0(source\u00a0: Ecdc.Europa.eu)<\/strong><\/h3>\n<\/caption>\n<tbody>\n<tr>\n<td>\u00a0<\/td>\n<td>\n<p><strong>Nombre de d\u00e9c\u00e8s Covid-19<\/strong><\/p>\n<\/td>\n<td>\n<p><strong>Pourcentage de la population d\u00e9c\u00e9d\u00e9e du Covid-19<\/strong><\/p>\n<\/td>\n<\/tr>\n<tr>\n<td>\n<p><strong>Am\u00e9rique<\/strong><\/p>\n<\/td>\n<td>881\u00a0142\u00a0<\/td>\n<td>\n<p>0.08%<\/p>\n<\/td>\n<\/tr>\n<tr>\n<td>\n<p><strong>Europe<\/strong><\/p>\n<\/td>\n<td>584\u00a0454<\/td>\n<td>\n<p>0.07%<\/p>\n<\/td>\n<\/tr>\n<tr>\n<td>\n<p><strong>Asie<\/strong><\/p>\n<\/td>\n<td>311\u00a0534<\/td>\n<td>0,01%<\/td>\n<\/tr>\n<tr>\n<td>\n<p><strong>Afrique<\/strong><\/p>\n<\/td>\n<td>67\u00a0277<\/td>\n<td>\n<p>&lt; 0.01%<\/p>\n<\/td>\n<\/tr>\n<tr>\n<td>\n<p><strong>Oc\u00e9anie<\/strong><\/p>\n<\/td>\n<td>1\u00a0184<\/td>\n<td>\n<p>&lt; 0.01%<\/p>\n<\/td>\n<\/tr>\n<tr>\n<td>\n<p><strong>Autres<\/strong><\/p>\n<\/td>\n<td>\n<p>6<\/p>\n<\/td>\n<td>\n<p>0%<\/p>\n<\/td>\n<\/tr>\n<tr>\n<td>\n<p><strong>Total<\/strong><\/p>\n<\/td>\n<td>1\u00a0845\u00a0597<\/td>\n<td>\n<p>0.02%<\/p>\n<\/td>\n<\/tr>\n<\/tbody>\n<\/table>\n<table border=\"1\" cellpadding=\"1\" cellspacing=\"1\">\n<caption>\n<h3 style=\"text-align: center;\">Les 10\u00a0pays recensant le plus grand nombre de d\u00e9c\u00e8s par Covid-19\u00a0dans le monde au 9\u00a0janvier 2021 (Source\u00a0: Johns Hopkins Universit\u00e9)<\/h3>\n<\/caption>\n<thead>\n<tr>\n<th scope=\"col\">\n<p>Pays<\/p>\n<\/th>\n<th scope=\"col\">\n<p>Nombre de d\u00e9c\u00e8s<\/p>\n<\/th>\n<th scope=\"col\">\n<p>Pourcentage de la population d\u00e9c\u00e9d\u00e9e<\/p>\n<\/th>\n<\/tr>\n<\/thead>\n<tbody>\n<tr>\n<td>\n<p><strong>Etats-Unis<\/strong><\/p>\n<\/td>\n<td>368\u00a0947<\/td>\n<td>\n<p>0.11%<\/p>\n<\/td>\n<\/tr>\n<tr>\n<td>\n<p><strong>Br\u00e9sil<\/strong><\/p>\n<\/td>\n<td>201\u00a0460<\/td>\n<td>\n<p>0.10%<\/p>\n<\/td>\n<\/tr>\n<tr>\n<td>\n<p><strong>Inde<\/strong><\/p>\n<\/td>\n<td>150\u00a0798<\/td>\n<td>\n<p>0.01%<\/p>\n<\/td>\n<\/tr>\n<tr>\n<td>\n<p><strong>Mexique<\/strong><\/p>\n<\/td>\n<td>132\u00a0069<\/td>\n<td>\n<p>0.10%<\/p>\n<\/td>\n<\/tr>\n<tr>\n<td><strong>Royaume-Uni<\/strong><\/td>\n<td>79\u00a0965<\/td>\n<td>\n<p>0.12%<\/p>\n<\/td>\n<\/tr>\n<tr>\n<td>\n<p><strong>Italie<\/strong><\/p>\n<\/td>\n<td>77 911<\/td>\n<td>\n<p>0.13%<\/p>\n<\/td>\n<\/tr>\n<tr>\n<td>\n<p><strong>France<\/strong><\/p>\n<\/td>\n<td><strong>67\u00a0567<\/strong><\/td>\n<td>\n<p><strong>0.10%<\/strong><\/p>\n<\/td>\n<\/tr>\n<tr>\n<td>\n<p><b>Russie<\/b><\/p>\n<\/td>\n<td>60 523<\/td>\n<td>0.04%<\/td>\n<\/tr>\n<tr>\n<td>\n<p><strong>Iran<\/strong><\/p>\n<\/td>\n<td>56 100<\/td>\n<td>0.07%<\/td>\n<\/tr>\n<tr>\n<td><strong>Espagne<\/strong><\/td>\n<td>51 874<\/td>\n<td>\n<p>0,11%<\/p>\n<\/td>\n<\/tr>\n<\/tbody>\n<\/table>\n<h3>&gt; <strong><a href=\"https:\/\/gisanddata.maps.arcgis.com\/apps\/opsdashboard\/index.html#\/bda7594740fd40299423467b48e9ecf6\" target=\"_blank\" rel=\"noopener noreferrer\">Voir le nombre de d\u00e9c\u00e8s\u00a0des autres pays\u00a0<\/a><\/strong><\/h3>\n<h3>\u2022 <a id=\"courbe-evolution-deces-coronavirus-monde\" name=\"courbe-evolution-deces-coronavirus-monde\">Evolution des d\u00e9c\u00e8s du\u00a0Covid-19\u00a0dans le monde, globale et\u00a0par continent, de\u00a0d\u00e9cembre 2019 au 3 janvier 2021\u00a0(semaine 53)<\/a><br \/>\u00a0<\/h3>\n<div style=\"text-align:center\">\n<figure class=\"image\" style=\"display:inline-block\"><a class=\"fancy\" href=\"https:\/\/img-3.journaldesfemmes.fr\/PjlFB1Erkrq6HBMgYiL0TIiSE_U=\/1080x\/smart\/d6c088f2c5d74f5e8589235323c934f7\/ccmcms-jdf\/21389510.jpg\"><img decoding=\"async\" alt=\"courbe-evolution-covid-monde\" src=\"https:\/\/img-3.journaldesfemmes.fr\/PjlFB1Erkrq6HBMgYiL0TIiSE_U=\/1080x\/smart\/d6c088f2c5d74f5e8589235323c934f7\/ccmcms-jdf\/21389510.jpg\"\/><\/a><figcaption data-credit=\"Ecdc.europa.eu\" data-legend=\"Evolution des d\u00e9c\u00e8s du Covid-19 dans le monde, globale et par continent, de d\u00e9cembre 2019 au 3 janvier 2021\">Evolution des d\u00e9c\u00e8s du Covid-19 dans le monde, globale et par continent, de d\u00e9cembre 2019 au 3 janvier 2021 <small>\u00a9\u00a0Ecdc.europa.eu<\/small><\/figcaption><\/figure>\n<\/div>\n<p>L&rsquo;Europe a continu\u00e9 de signaler en semaine 53\u00a0un <strong>grand nombre de cas, avec plus de 1,5\u00a0million de nouveaux cas<\/strong> et 32\u00a0898\u00a0nouveaux d\u00e9c\u00e8s, soit une diminution de 3% des cas et une augmentation de 3% des d\u00e9c\u00e8s par rapport \u00e0 la semaine 52.\u00a0En semaine 53, les pays ayant signal\u00e9 le plus grand nombre de nouveaux cas \u00e9taient le Royaume-Uni, la Russie et l&rsquo;Allemagne, suivis de l&rsquo;Italie, la France, la Turquie, l&rsquo;Espagne, la R\u00e9publique tch\u00e8que, la Pologne et les Pays-Bas. Le plus grand nombre de d\u00e9c\u00e8s a \u00e9t\u00e9 signal\u00e9 dans les trois m\u00eames pays\u00a0: en Allemagne, au Royaume-Uni et en Russie.<\/p>\n<p style=\"text-align: center;\"><strong>R\u00e9partition g\u00e9ographique du nombre cumulatif de cas de COVID-19\u00a0signal\u00e9s pour 100\u00a0000\u00a0habitants, en Europe, sur les semaines du 21 d\u00e9cembre 2020 au 3 janvier 2021<\/strong><\/p>\n<div style=\"text-align:center\">\n<figure class=\"image\" style=\"display:inline-block\"><a class=\"fancy\" href=\"https:\/\/img-3.journaldesfemmes.fr\/aGab5fJ8Yw33zIFc3krtvK3yVLk=\/1080x\/smart\/929c9e2a8196424da0b18120049fff5c\/ccmcms-jdf\/21389585.jpg\"><img decoding=\"async\" alt=\"carte-europe-covid\" src=\"https:\/\/img-3.journaldesfemmes.fr\/a9ScbKFRUcmyljV4awiQTjLhVzE=\/600x\/smart\/929c9e2a8196424da0b18120049fff5c\/ccmcms-jdf\/21389585.jpg\"\/><\/a><figcaption data-credit=\"Ecdc.europa.eu\" data-legend=\"R\u00e9partition g\u00e9ographique du nombre cumulatif de cas de COVID-19\u00a0signal\u00e9s pour 100\u00a0000\u00a0habitants, en Europe, sur les semaines du 21 d\u00e9cembre 2020 au 3 janvier 2021\">R\u00e9partition g\u00e9ographique du nombre cumulatif de cas de COVID-19\u00a0signal\u00e9s pour 100\u00a0000\u00a0habitants, en Europe, sur les semaines du 21 d\u00e9cembre 2020 au 3 janvier 2021 <small>\u00a9\u00a0Ecdc.europa.eu<\/small><\/figcaption><\/figure>\n<\/div>\n<h3><u>Parmi les derni\u00e8res infos :<\/u><\/h3>\n<ul>\n<li><strong>Situation critique \u00e0 Londres. <\/strong>Ce samedi 9\u00a0janvier, dans la capitale britannique, plus de 7\u00a0000\u00a0personnes sont hospitalis\u00e9es, avec le Covid-19, soit 35\u00a0% de plus que durant le pic de la premi\u00e8re vague en avril, selon un communiqu\u00e9 de presse de la mairie de Londres.\u00a0\u00ab\u00a0<em>Nous manquerons de lits dans les deux prochaines semaines si la propagation du virus ne ralentit pas drastiquement<\/em>\u00ab\u00a0, alerte Sadiq Khan le maire de la ville. Il a d\u00e9clar\u00e9 l&rsquo;\u00e9tat \u00ab\u00a0d&rsquo;incident majeur\u00a0\u00bb, qui permet de mobiliser l&rsquo;ensemble du service public.\u00a0<\/li>\n<li><b data-original-fontsize=\"19px\" data-original-lineheight=\"30px\">L<\/b><b data-original-fontsize=\"19px\" data-original-lineheight=\"30px\">a Hongrie prolonge les restrictions. <\/b>Face \u00e0 l&rsquo;ampleur de l&rsquo;\u00e9pid\u00e9mie, la Hongrie prolonge les mesures de confinement partiel jusqu&rsquo;au 1er f\u00e9vrier. L&rsquo;Etat d&rsquo;urgence sanitaire est en place depuis le 11\u00a0novembre et implique\u00a0: un couvre-feu nocturne,\u00a0le port obligatoire d&rsquo;un masque en public, la fermeture des lyc\u00e9es et des universit\u00e9s et l&rsquo;interdiction des rassemblements.<\/li>\n<\/ul>\n<ul>\n<li><b>Des vaccins pour l&rsquo;Union Europ\u00e9enne.<\/b>\u00a0L&rsquo;UE a command\u00e9 300\u00a0millions de doses du vaccin Pfizer-BioNTech, soit une commande deux fois plus important que la premi\u00e8re. L&rsquo;UE avait\u00a0\u00e9galement command\u00e9 160\u00a0millions de doses du vaccin r\u00e9cemment autoris\u00e9 par l&rsquo;Agence Europ\u00e9enne du m\u00e9dicament, celui d\u00e9velopp\u00e9 par Moderna.\u00a0<em>\u00a0\u00bb Nous avons d\u00e9sormais s\u00e9curis\u00e9 l&rsquo;achat de suffisamment de doses pour vacciner 380\u00a0millions d&rsquo;Europ\u00e9ens, soit 80\u00a0% de la population europ\u00e9enne, et d&rsquo;autres vaccins vont suivre dans les semaines et mois \u00e0 venir\u00a0\u00ab\u00a0<\/em>, s&rsquo;est r\u00e9jouie la pr\u00e9sidente de la Commission Europ\u00e9enne, Ursula von der Leyen.<\/li>\n<\/ul>\n<p>L&rsquo;Espagne compte <strong>2 050<\/strong>\u00a0<strong>360\u00a0cas de Covid-19<\/strong> et 51\u00a0874 morts au 9\u00a0janvier 2021, selon les donn\u00e9es de\u00a0l&rsquo;universit\u00e9\u00a0Johns Hopkins, et l&rsquo;\u00e9pid\u00e9mie reprend de l&rsquo;ampleur avec peut-\u00eatre une troisi\u00e8me vague \u00e0 venir. La vaccination a d\u00e9but\u00e9 le 27 d\u00e9cembre. Le gouvernement espagnol a annonc\u00e9 lundi 28 d\u00e9cembre\u00a0qu&rsquo;il allait\u00a0<strong>recenser les personnes refusant de se faire vacciner contre la\u00a0Covid<\/strong>-19. Un registre sera partag\u00e9 avec d&rsquo;autres pays europ\u00e9ens mais ne sera pas rendu public, a pr\u00e9cis\u00e9 le\u00a0ministre espagnol de la Sant\u00e9.\u00a0Le gouvernement espagnol a d\u00e9cr\u00e9t\u00e9, pour l&rsquo;ensemble du territoire national \u00e0 l&rsquo;exception des Canaries, un nouvel <strong>\u00e9tat d&rsquo;alerte sanitaire jusqu&rsquo;au 9\u00a0mai 2021.\u00a0<\/strong><\/p>\n<p><strong>\u2192 Pour <a href=\"https:\/\/www.affinite.fr\/index.php\/2023\/07\/29\/changer-de-vie-voyager-complement-de-retraite-devenez-vendeur-de-glace-a-litalienne\/\">voyager<\/a> en Espagne : <\/strong>Depuis le\u00a023\u00a0novembre, un test PCR effectu\u00e9 moins de 72h avant l&rsquo;arriv\u00e9e et dont le r\u00e9sultat est n\u00e9gatif, est exig\u00e9\u00a0\u00e0 l&rsquo;entr\u00e9e du territoire espagnol par voie a\u00e9rienne (a\u00e9roports) ou maritime (ports).\u00a0Les enfants \u00e2g\u00e9s de moins de six ans et les voyageurs en transit ne sont pas concern\u00e9s par cette mesure. Celle-ci s&rsquo;applique aux voyageurs, quelle que soit leur nationalit\u00e9 et le motif de leur entr\u00e9e en Espagne, venant d&rsquo;un pays class\u00e9 \u00ab\u00a0\u00e0 risque\u00a0\u00bb, c&rsquo;est-\u00e0-dire enregistrant un taux d&rsquo;incidence \u00e9gal ou sup\u00e9rieur \u00e0 150\u00a0cas pour 100\u00a0000\u00a0habitants.\u00a0Les voyageurs en provenance de France sont donc concern\u00e9s par cette obligation.\u00a0Une p\u00e9nalit\u00e9 financi\u00e8re dissuasive est pr\u00e9vue en cas de non pr\u00e9sentation de test PCR n\u00e9gatif \u00e0 l&rsquo;arriv\u00e9e. Le document pr\u00e9sentant le r\u00e9sultat du test PCR doit \u00eatre r\u00e9dig\u00e9 en espagnol, en fran\u00e7ais, en allemand ou en anglais.<\/p>\n<p><strong>L&rsquo;ensemble du territoire espagnol est soumis aux r\u00e8gles suivantes<\/strong>\u00a0:<\/p>\n<ul>\n<li><strong>le port du masque obligatoire pour toute personne de plus de 6\u00a0ans, dans les espaces publics ou dans les lieux recevant du public<\/strong>, y compris les h\u00f4tels et les commerces, lorsqu&rsquo;une distance d&rsquo;un m\u00e8tre cinquante ne peut \u00eatre respect\u00e9e entre deux personnes\u00a0;<\/li>\n<\/ul>\n<ul>\n<li><strong>le port du masque obligatoire dans les v\u00e9hicules, si les passagers ne r\u00e9sident pas dans le m\u00eame foyer<\/strong>\u00a0;<\/li>\n<\/ul>\n<ul>\n<li>le respect des gestes barri\u00e8res\u00a0;<\/li>\n<\/ul>\n<ul>\n<li><strong>la tenue de registres de passagers par les op\u00e9rateurs de transports, conserv\u00e9s pendant quatre semaines<\/strong>.<\/li>\n<\/ul>\n<p style=\"text-align: center;\"><strong>Evolution des cas de Covid-19 en Espagne, par jour au 9\u00a0janvier.<\/strong><\/p>\n<div style=\"text-align:center\">\n<figure class=\"image\" style=\"display:inline-block\"><a class=\"fancy\" href=\"https:\/\/img-3.journaldesfemmes.fr\/PRYMp0S5xTM28CpxmA6XApW-Z68=\/1080x\/smart\/c25b0711f0db40be8cf5dc1c8ebf20a0\/ccmcms-jdf\/21446924.png\"><img decoding=\"async\" alt=\"courbe-covid-espagne\" src=\"https:\/\/img-3.journaldesfemmes.fr\/SWVw-JF56FbiQEZLh-1Ony0AU-4=\/450x\/smart\/c25b0711f0db40be8cf5dc1c8ebf20a0\/ccmcms-jdf\/21446924.png\"\/><\/a><figcaption data-credit=\"Universit\u00e9 Johns Hopkins\" data-legend=\"Evolution des nouveaux cas de Covid-19\u00a0en Espagne, par jour.\">Evolution des nouveaux cas de Covid-19\u00a0en Espagne, par jour. <small>\u00a9\u00a0Universit\u00e9 Johns Hopkins<\/small><\/figcaption><\/figure>\n<\/div>\n<p>L&rsquo;Italie compte<strong> 2\u00a0237 890\u00a0cas de Covid-19\u00a0<\/strong>et <strong>77 911\u00a0<\/strong><strong>morts<\/strong> selon l&rsquo;Universit\u00e9 Johns Hopkins, samedi 9\u00a0janvier. L&rsquo;ouverture des lyc\u00e9es\u00a0pr\u00e9vue le 7 janvier a \u00e9t\u00e9 repouss\u00e9e\u00a0au 11\u00a0janvier face \u00e0 la recrudescence de l&rsquo;\u00e9pid\u00e9mie de Covid-19. Des mesures sp\u00e9cifiques ont \u00e9t\u00e9 mises en place jusqu&rsquo;au 15\u00a0janvier face \u00e0 la propagation de l&rsquo;\u00e9pid\u00e9mie :<\/p>\n<ol>\n<li>Interdiction d&rsquo;accueillir plus de 2\u00a0personnes n&rsquo;appartenant pas au noyau familial (hors enfants de moins de 14\u00a0ans)<\/li>\n<li>les 9\u00a0et 10\u00a0janvier 2021,<strong> tout le territoire national sera en zone dite \u00ab\u00a0orange\u00a0\u00bb.<\/strong><\/li>\n<\/ol>\n<p><strong>Un\u00a0d\u00e9cret-loi en vigueur du 4\u00a0d\u00e9cembre au 15 janvier <\/strong>instaure trois cat\u00e9gories de risque de transmission du virus selon les r\u00e9gions italiennes, comme d\u00e9taill\u00e9 sur le site <a href=\"https:\/\/www.diplomatie.gouv.fr\/fr\/conseils-aux-voyageurs\/conseils-par-pays-destination\/italie\/#\" target=\"_blank\" rel=\"noopener noreferrer\">France-Diplomatie<\/a> :<\/p>\n<p>Le placement d&rsquo;une r\u00e9gion dans l&rsquo;une de ces trois cat\u00e9gories sera d\u00e9cid\u00e9 par le ministre de la Sant\u00e9, en tenant compte de nombreux indicateurs. Chaque r\u00e9gion peut moduler \u00e0 la hausse ou \u00e0 la baisse les mesures restrictives (au niveau des provinces voire des communes).<\/p>\n<ul>\n<li><strong>zone rouge pour un risque maximal<\/strong>\u00a0;<\/li>\n<li><strong>zone orange pour un risque \u00e9lev\u00e9<\/strong>\u00a0;<\/li>\n<li><strong>zone jaune pour un risque mod\u00e9r\u00e9<\/strong>.<\/li>\n<\/ul>\n<p><u><strong>Au niveau national<\/strong>, des restrictions s&rsquo;appliquent dans les 3\u00a0zones (rouge, orange ou jaune)\u00a0:<\/u><\/p>\n<ol>\n<li>un couvre-feu de 22h00\u00a0\u00e0 5h00\u00a0du matin (saufs pour des raisons professionnelles, de sant\u00e9 ou de n\u00e9cessit\u00e9).<\/li>\n<li>la fermeture des mus\u00e9es et expositions, des spectacles, des congr\u00e8s, des salles de sport et piscines\u00a0;<\/li>\n<li>la fermeture des services de restauration sur place (bars, pubs, restaurants, glaciers,\u2026) \u00e0 18h00\u00a0; la vente \u00e0 emporter restant autoris\u00e9e jusqu&rsquo;\u00e0 22h\u00a0;<\/li>\n<li>l&rsquo;obligation de porter un masque en permanence\u00a0: dans les lieux ferm\u00e9s accessibles au public, mais aussi dans les lieux ferm\u00e9s autres que les domiciles priv\u00e9s, et \u00e0 l&rsquo;ext\u00e9rieur\u00a0;<\/li>\n<li>l&rsquo;interdiction des festivit\u00e9s en int\u00e9rieur ou en ext\u00e9rieur, \u00e0 l&rsquo;exception de celles li\u00e9es \u00e0 des c\u00e9r\u00e9monies civiles ou religieuses (max. 30\u00a0personnes)\u00a0;<\/li>\n<li>la recommandation d&rsquo;\u00e9viter les festivit\u00e9s dans les domiciles priv\u00e9s et de s&rsquo;abstenir de recevoir des personnes ext\u00e9rieures au foyer (max. 6\u00a0personnes).<\/li>\n<\/ol>\n<p><u>Dans les zones orange et rouge des restrictions suppl\u00e9mentaires, notamment en mati\u00e8re de d\u00e9placements, sont impos\u00e9es\u00a0:<\/u><br \/><strong>Zones orange\u00a0:<\/strong><\/p>\n<ol>\n<li><strong>interdiction des d\u00e9placements<\/strong> \u00e0 partir de et vers ces zones (saufs pour des raisons professionnelles, de sant\u00e9 ou de n\u00e9cessit\u00e9), ainsi que les d\u00e9placements entre les communes de ces zones\u00a0;<\/li>\n<li><strong>fermeture des services de restauration<\/strong> (bars, pubs, restaurants, glaciers,\u2026).<\/li>\n<\/ol>\n<p><strong>Zones rouge\u00a0:<\/strong><\/p>\n<ol>\n<li><strong>fermeture des services de restauration<\/strong> (bars, pubs, restaurants, glaciers,\u2026) ainsi que des commerces (hormis ceux alimentaires ou de premi\u00e8re n\u00e9cessit\u00e9) et activit\u00e9s de service aux personnes\u00a0;<\/li>\n<li>interdiction des d\u00e9placements \u00e0 partir de, vers et \u00e0 l&rsquo;int\u00e9rieur de ces zones (saufs pour des raisons professionnelles, de sant\u00e9 ou de n\u00e9cessit\u00e9).<\/li>\n<\/ol>\n<p style=\"text-align: center;\"><strong>Evolution des nouveaux cas de Covid-19\u00a0en Italie, par jour, au 9\u00a0janvier<\/strong><\/p>\n<div style=\"text-align:center\">\n<figure class=\"image\" style=\"display:inline-block\"><a class=\"fancy\" href=\"https:\/\/img-3.journaldesfemmes.fr\/mYhxdXSGskbL7FLTJbqsgKwWU9Q=\/1080x\/smart\/a10614b310434fcb88bb28ce7e6d1aab\/ccmcms-jdf\/21446925.png\"><img decoding=\"async\" alt=\"courbe-covid-italie\" src=\"https:\/\/img-3.journaldesfemmes.fr\/_lcBa8yctjMrnthynt-POOf7MGU=\/450x\/smart\/a10614b310434fcb88bb28ce7e6d1aab\/ccmcms-jdf\/21446925.png\"\/><\/a><figcaption data-credit=\"Universit\u00e9 Johns Hopkins\" data-legend=\"Evolution des nouveaux cas de Covid-19\u00a0en Italie, par jour. \">Evolution des nouveaux cas de Covid-19\u00a0en Italie, par jour. <small>\u00a9\u00a0Universit\u00e9 Johns Hopkins<\/small><\/figcaption><\/figure>\n<\/div>\n<p>L&rsquo;Allemagne totalise <strong>1\u00a0906 505\u00a0cas de\u00a0Covid-19<\/strong>\u00a0et\u00a0<strong>40<\/strong>\u00a0<strong>170 morts<\/strong> au 9\u00a0janvier, selon l&rsquo;universit\u00e9 Johns Hopkins. La chanceli\u00e8re Angela Merkel a annonc\u00e9, mardi 5\u00a0janvier, que les <strong>cr\u00e8ches, les \u00e9coles et les commerces non essentiels resteraient ferm\u00e9s au moins jusqu&rsquo;au 31\u00a0janvier. <\/strong>Les salles de sport, cin\u00e9mas, restaurants et bars restent\u00a0ferm\u00e9s.\u00a0De plus, les <strong>d\u00e9placements vont \u00eatre limit\u00e9s\u00a0\u00e0 un rayon de 15\u00a0kilom\u00e8tres<\/strong> autour du domicile dans les arrondissements\u00a0<em>(Landkreise)<\/em>\u00a0o\u00f9 le taux d&rsquo;incidence est sup\u00e9rieur \u00e0 200\u00a0cas pour 100\u00a0000\u00a0habitants. Il est aussi d\u00e9sormais <strong>interdit aux Allemands de recevoir chez eux plus d&rsquo;une personne ext\u00e9rieure \u00e0 son propre foyer.<\/strong> Jusque-l\u00e0, le seuil \u00e9tait fix\u00e9 \u00e0 cinq personnes appartenant \u00e0 deux foyers diff\u00e9rents.\u00a0<\/p>\n<p><strong>Jusqu&rsquo;au 31\u00a0janvier 2021, sont interdits sur tout le territoire f\u00e9d\u00e9ral\u00a0:<\/strong><\/p>\n<ol>\n<li>Les rassemblements de plus de 1\u00a0foyer plus 1\u00a0personne maximum\u00a0;<\/li>\n<li>Les nuit\u00e9es touristiques (les d\u00e9placements priv\u00e9s non imp\u00e9rieux sont fortement d\u00e9conseill\u00e9s, y compris pour rendre visite \u00e0 la famille)\u00a0;<\/li>\n<li>Les d\u00e9placements sup\u00e9rieurs \u00e0 15\u00a0km autour de la ville de r\u00e9sidence dans les districts (Landkreis) o\u00f9 le taux d&rsquo;incidence d\u00e9passe 200\u00a0nouvelles contaminations cumul\u00e9es en 7\u00a0jours pour 100\u00a0000\u00a0habitants (sauf deux motifs imp\u00e9rieux\u00a0: activit\u00e9s professionnelles et RDV m\u00e9dicaux).<\/li>\n<\/ol>\n<p><strong>Jusqu&rsquo;au 31\u00a0janvier 2021, sont ferm\u00e9s sur tout le territoire f\u00e9d\u00e9ral\u00a0:<\/strong>\u00a0les commerces non essentiels, les lieux de spectacles (dont les th\u00e9\u00e2tres, op\u00e9ras, salles de concert, cin\u00e9mas), les lieux de loisirs (dont les mus\u00e9es, salles de jeux, foires, parcs d&rsquo;attraction, discoth\u00e8ques, maisons closes), les lieux de sports (dont les piscines, bains, saunas, centres de fitness), les lieux de restauration (dont les bars, clubs, restaurants), les lieux de soins corporels (dont les salons de beaut\u00e9, cabinets de massage, studios de tatouage).<\/p>\n<p>Depuis le\u00a011\u00a0janvier 2021, l&rsquo;Allemagne a d\u00e9cid\u00e9 de<strong> renforcer\u00a0les r\u00e8gles de quarantaine<\/strong>\u00a0auxquelles doivent se soumettre les voyageurs en provenance de zone \u00e0 risque. Les changements majeurs pr\u00e9vus sont en particulier\u00a0:<\/p>\n<p>Toute personne entrant sur le territoire allemand (par voie a\u00e9rienne, maritime, fluviale, ferroviaire ou routi\u00e8re) ayant s\u00e9journ\u00e9 ou transit\u00e9 dans les 10\u00a0derniers jours dans une zone class\u00e9e comme \u00a0\u00bb\u00a0\u00e0 risque\u00a0\u00a0\u00bb par les autorit\u00e9s sanitaires allemandes devra se conformer \u00e0 quatre principales obligations\u00a0:<\/p>\n<ol>\n<li><strong>Mesure 1\u00a0:<\/strong>\u00a0Informer les autorit\u00e9s sanitaires locales de son entr\u00e9e sur le territoire allemand<\/li>\n<li><strong>Mesure 2\u00a0:<\/strong>\u00a0: Obligation de passer un test soit au minimum 48\u00a0heures avant l&rsquo;arriv\u00e9e en Allemagne, soit juste apr\u00e8s l&rsquo;entr\u00e9e sur le territoire allemand<\/li>\n<li><strong>Mesure 3\u00a0:<\/strong>\u00a0Observer une quarantaine de 10\u00a0jours \u00e0 son domicile, sans y recevoir de visite (hors autres membres du domicile)\u00a0; cette quarantaine peut \u00eatre r\u00e9duite \u00e0 5\u00a0jours sur pr\u00e9sentation d&rsquo;un second test PCR n\u00e9gatif r\u00e9alis\u00e9 en Allemagne au plus t\u00f4t 5\u00a0jours apr\u00e8s l&rsquo;entr\u00e9e sur le territoire allemand<\/li>\n<li><strong>Mesure 4\u00a0:<\/strong>\u00a0Informer les autorit\u00e9s sanitaires de toute apparition de sympt\u00f4mes.<\/li>\n<\/ol>\n<h3 style=\"text-align: center;\">Evolution des nouveaux cas de Covid-19\u00a0en Allemagne, par jour au 9\u00a0janvier<\/h3>\n<div style=\"text-align:center\">\n<figure class=\"image\" style=\"display:inline-block\"><a class=\"fancy\" href=\"https:\/\/img-3.journaldesfemmes.fr\/cfn-YVc6mQCam-lexa1bzjVY4jg=\/1080x\/smart\/5e0b5da67c1144bd9a89fe076d0dbb8a\/ccmcms-jdf\/21446995.png\"><img decoding=\"async\" alt=\"courbe-covid-allemagne-cas\" src=\"https:\/\/img-3.journaldesfemmes.fr\/5YW609xIzfKIqKKKsZsPo23V5tE=\/450x\/smart\/5e0b5da67c1144bd9a89fe076d0dbb8a\/ccmcms-jdf\/21446995.png\"\/><\/a><figcaption data-credit=\"Universit\u00e9 Johns Hopkins\" data-legend=\"Evolution des nouveaux cas de Covid-19 en Allemagne, par jour. \">Evolution des nouveaux cas de Covid-19 en Allemagne, par jour. <small>\u00a9\u00a0Universit\u00e9 Johns Hopkins<\/small><\/figcaption><\/figure>\n<\/div>\n<p>Les \u00c9tats-Unis sont le<b>\u00a0pays le plus lourdement affect\u00e9 au monde\u00a0<\/b>par la pand\u00e9mie de coronavirus en chiffres absolus (cas et d\u00e9c\u00e8s). Samedi 9\u00a0janvier, le pays enregistre plus\u00a0de <strong>21,8<\/strong><b><strong>\u00a0<\/strong>millions de personnes contamin\u00e9es <\/b><strong>(21\u00a0872 264)<\/strong><b>\u00a0<\/b>et a pass\u00e9\u00a0le cap des\u00a0<strong>368\u00a0000<\/strong><strong>\u00a0<\/strong><b>morts <\/b><strong>(368<\/strong>\u00a0<strong>947)<\/strong>. Le 7 janvier, le pays enregistrait\u00a0<strong>un nouveau record de d\u00e9c\u00e8s sur 24\u00a0heures, en atteignant quasiment la barre des 4000\u00a0morts.\u00a0<\/strong>Le 14\u00a0d\u00e9cembre,<strong> le pays avait commenc\u00e9 \u00e0 administrer\u00a0le vaccin<\/strong> d\u00e9velopp\u00e9 par Pfizer et BioNTech. Un comit\u00e9 consultatif d&rsquo;experts a vot\u00e9 le 18 d\u00e9cembre,\u00a0pour\u00a0recommander l&rsquo;autorisation d&rsquo;urgence aux Etats-Unis du vaccin Moderna.\u00a0<\/p>\n<p>Les mesures adopt\u00e9es par les autorit\u00e9s am\u00e9ricaines sont \u00e9volutives et le plus souvent d&rsquo;<b>application imm\u00e9diate<\/b>, pr\u00e9vient le site\u00a0<a href=\"https:\/\/www.diplomatie.gouv.fr\/fr\/conseils-aux-voyageurs\/conseils-par-pays-destination\/etats-unis\/#\" target=\"_blank\" rel=\"noopener noreferrer\">France Diplomatie<\/a>. En fonction de l&rsquo;\u00e9volution de la situation sanitaire, les autorit\u00e9s am\u00e9ricaines sont susceptibles de<b>\u00a0modifier, avec un tr\u00e8s court pr\u00e9avis, la liste des pays et des voyageurs faisant l&rsquo;objet de mesures sp\u00e9cifiques<\/b>\u00a0\u00e0 l&rsquo;arriv\u00e9e aux \u00c9tats-Unis. Le premier cas de Covid-19\u00a0avait \u00e9t\u00e9 rapport\u00e9 le 22\u00a0janvier 2020.<\/p>\n<h3 style=\"text-align: center;\">Evolution des nouveaux cas de Covid-19\u00a0aux Etats-Unis, par jour au 9\u00a0janvier<\/h3>\n<div style=\"text-align:center\">\n<figure class=\"image\" style=\"display:inline-block\"><a class=\"fancy\" href=\"https:\/\/img-3.journaldesfemmes.fr\/-w_L6XR_2hBOnbO0RUJXYQEuewk=\/1080x\/smart\/267a2a8b6c26405498005e4fcb0edbb9\/ccmcms-jdf\/21447030.png\"><img decoding=\"async\" alt=\"courbe-covid-usa-etats-unis\" src=\"https:\/\/img-3.journaldesfemmes.fr\/t53TiNX19JFsbIN9OsbEnhF7wqI=\/450x\/smart\/267a2a8b6c26405498005e4fcb0edbb9\/ccmcms-jdf\/21447030.png\"\/><\/a><figcaption data-credit=\"Universit\u00e9 Johns Hopkins\" data-legend=\"Evolution des nouveaux cas de Covid-19\u00a0aux Etats-Unis, par jour. \">Evolution des nouveaux cas de Covid-19\u00a0aux Etats-Unis, par jour. <small>\u00a9\u00a0Universit\u00e9 Johns Hopkins<\/small><\/figcaption><\/figure>\n<\/div>\n<aside id=\"NL_1085427322\" class=\"newsletter_subscription jNlBlock\"><noscript><br \/>\n            <\/noscript><\/p>\n<h3 class=\"newsletter_subscription-title\">Newsletter <\/h3>\n<p><a href=\"\/\/mailing.ccmbg.com\/archive\/last-85\" target=\"_blank\" class=\"a_hover\" rel=\"noopener noreferrer\">Voir un exemple<\/a><\/p>\n<\/aside>\n<p>Les fronti\u00e8res ext\u00e9rieures \u00e0 l&rsquo;Union Europ\u00e9enne sont ferm\u00e9es. Les Fran\u00e7ais de l&rsquo;\u00e9tranger\u00a0restent\u00a0libres de regagner le territoire national.\u00a0Un test n\u00e9gatif de moins de 72h est obligatoire pour entrer sur le territoire fran\u00e7ais \u00e0 compter du 28 octobre. Par ailleurs dans les ports et les a\u00e9roports des tests rapides antig\u00e9niques sont d\u00e9ploy\u00e9s pour toutes les arriv\u00e9es.\u00a0<\/p>\n<table border=\"1\" cellpadding=\"1\" cellspacing=\"1\">\n<thead>\n<tr>\n<th scope=\"col\" style=\"text-align: center;\">\n<h3><strong>DATES CL\u00c9S DE L&rsquo;\u00c9PID\u00c9MIE DANS LE MONDE<\/strong><\/h3>\n<\/th>\n<\/tr>\n<tr>\n<td>\n<ul>\n<li><strong>Le 31\u00a0d\u00e9cembre 2019,<\/strong> l&rsquo;Organisation mondiale de la Sant\u00e9 en Chine est inform\u00e9e de plusieurs cas de pneumonies dans la ville de Wuhan. 44\u00a0personnes sont infect\u00e9es entre cette date et le 3\u00a0janvier 2020.<\/li>\n<li><strong>Le 7\u00a0janvier 2020, <\/strong>les autorit\u00e9s chinoises identifient un \u00ab\u00a0nouveau type de coronavirus\u00a0\u00bb.<\/li>\n<li><strong>Le 13\u00a0janvier, <\/strong>un cas import\u00e9 est recens\u00e9 en Tha\u00eflande.<\/li>\n<li><strong>Le 15\u00a0janvier<\/strong>, le virus cause\u00a0la mort d&rsquo;<strong>une premi\u00e8re\u00a0personne \u00e0 Wuhan<\/strong>, un homme de 69\u00a0ans.\u00a0<\/li>\n<li><strong>Le 23\u00a0janvier,<\/strong> trois villes chinoises dont Wuhan sont plac\u00e9es en quarantaine.<\/li>\n<li><strong>Le 25\u00a0janvier, trois personnes\u00a0contamin\u00e9es sont recens\u00e9es en France<\/strong>, deux \u00e0 Paris et une Bordeaux. Ce sont les premiers cas enregistr\u00e9s sur le continent europ\u00e9en.<\/li>\n<li><strong>Le 30\u00a0janvier, <\/strong>l&rsquo;Organisation mondiale de la Sant\u00e9 <strong>d\u00e9cr\u00e8te\u00a0l&rsquo;<a href=\"https:\/\/sante.journaldesfemmes.fr\/fiches-maladies\/2608035-urgence-de-sante-publique-de-portee-internationale-definition-oms-coronavirus\/\" target=\"_blank\" rel=\"noopener noreferrer\">urgence de sant\u00e9 mondiale<\/a><\/strong>.\u00a0Cette mesure n&rsquo;avait \u00e9t\u00e9 d\u00e9cr\u00e9t\u00e9e que 5\u00a0fois depuis sa cr\u00e9ation (pour Ebola (deux fois), la grippe H1N1, Zika et la poliomy\u00e9lite).\u00a0<\/li>\n<li><strong>Le 11\u00a0mars, <\/strong>l&rsquo;OMS classifie de <strong>pand\u00e9mie <\/strong>la diffusion de la maladie \u00e0 coronavirus Covid-19\u00a0dans le monde.<\/li>\n<li><strong>Le 13\u00a0mars<\/strong>, l&rsquo;OMS d\u00e9signe d\u00e9sormais l&rsquo;Europe comme \u00e9picentre.<\/li>\n<li><strong>Le 16\u00a0mars, <\/strong>l&rsquo;Europe <a href=\"https:\/\/www.affinite.fr\/index.php\/2022\/10\/22\/la-creme-glacee-la-nouvelle-culture-commerciale\/\">ferme<\/a> ses fronti\u00e8res ainsi que celles de l&rsquo;espace Schengen. La France met en place un dispositif de confinement interdisant les d\u00e9placements.<\/li>\n<li><strong>Le 2\u00a0avril,<\/strong>\u00a0le <strong>million de cas<\/strong> de coronavirus dans le monde est d\u00e9pass\u00e9, et plus de 51.000\u00a0morts, selon le d\u00e9compte de l&rsquo;h\u00f4pital am\u00e9ricain de r\u00e9f\u00e9rence Johns-Hopkins.<\/li>\n<li><strong>Le 28\u00a0juin,<\/strong> le cap des<strong> 10\u00a0millions de cas <\/strong>de coronavirus est franchi\u00a0dans le monde, et les\u00a0<strong>500\u00a0000\u00a0d\u00e9c\u00e8s <\/strong>ont \u00e9t\u00e9 atteints dans la nuit du 28\u00a0au 29\u00a0juin 2020, selon les chiffres de l&rsquo;h\u00f4pital am\u00e9ricain de r\u00e9f\u00e9rence Johns-Hopkins.<\/li>\n<li><strong>Le 11\u00a0ao\u00fbt<\/strong>,\u00a0le cap des<strong>\u00a020\u00a0millions de cas <\/strong>de coronavirus est franchi\u00a0dans le monde, et les <strong>730\u00a0000\u00a0d\u00e9c\u00e8s <\/strong>ont \u00e9t\u00e9 atteints, selon les chiffres de l&rsquo;h\u00f4pital am\u00e9ricain de r\u00e9f\u00e9rence Johns-Hopkins.<\/li>\n<li><strong>Le 30\u00a0ao\u00fbt, <\/strong>le cap\u00a0des <strong>25\u00a0millions de cas<\/strong> de\u00a0Covid-19\u00a0a \u00e9t\u00e9 officiellement franchi \u00e0 travers le monde dans la nuit de samedi \u00e0\u00a0dimanche, dont plus de la moiti\u00e9 en Am\u00e9rique, selon un comptage r\u00e9alis\u00e9\u00a0par l&rsquo;AFP.<\/li>\n<li><strong>Le 18\u00a0septembre<\/strong>, le cap des <strong>30\u00a0millions de cas<\/strong> de coronavirus est franchi dans le monde, et 947\u00a0000\u00a0d\u00e9c\u00e8s sont d\u00e9clar\u00e9s, selon les chiffres de l&rsquo;h\u00f4pital am\u00e9ricain de r\u00e9f\u00e9rence Johns-Hopkins.<\/li>\n<li><strong>Au 1er octobre<\/strong>, le cap du million de morts du Covid-19 dans le monde est franchi.<\/li>\n<li><strong>Au 9 novembre,<\/strong> plus de <strong>50 millions <\/strong>de personnes sont contamin\u00e9es par la Covid-19 dans le monde.\u00a0<\/li>\n<li><strong>Au<\/strong> <strong>10 novembre,<\/strong> les Etats-Unis ont d\u00e9pass\u00e9 les 10 millions de cas.<\/li>\n<li><strong>Au 15 novembre<\/strong>, le Mexique a d\u00e9pass\u00e9 le million de cas de Covid-19.<\/li>\n<li><strong>Au 17 novembre<\/strong>, la France a d\u00e9pass\u00e9 les 2 millions de cas Covid-19.\u00a0<\/li>\n<li><strong>Au 19 novembre,<\/strong> les Etats-Unis d\u00e9plorent plus de 250 000 morts de la Covid-19.<\/li>\n<li><strong>Au 26 novembre<\/strong>, plus de <strong>60 millions de personnes<\/strong> sont contamin\u00e9es dans le monde.<\/li>\n<li><strong>Le 9 d\u00e9cembre,<\/strong> les Etats-Unis franchissent le cap des <strong>15 millions de cas Covid-19.<\/strong>\u00a0<\/li>\n<li><strong>Le 14 d\u00e9cembre,<\/strong> plus de <strong>72 millions<\/strong> de personnes sont infect\u00e9es par la Covid-19 dans le monde.\u00a0<\/li>\n<\/ul>\n<\/td>\n<\/tr>\n<\/thead>\n<\/table>\n<h3><u>Sources :<\/u><\/h3>\n<h3>&#8211;\u00a0<a href=\"https:\/\/systems.jhu.edu\/research\/public-health\/ncov\/\" target=\"_blank\" rel=\"noopener noreferrer\">Universit\u00e9 John Hopkins<\/a><\/h3>\n<h3>&#8211;\u00a0<a href=\"https:\/\/www.ecdc.europa.eu\/en\/covid-19-pandemic\" target=\"_blank\" rel=\"noopener noreferrer\">ECDC<\/a><\/h3>\n<h3>&#8211; Flamb\u00e9e de maladie \u00e0 coronavirus 2019 ( Covid-19), <a href=\"https:\/\/www.who.int\/fr\/emergencies\/diseases\/novel-coronavirus-2019\" target=\"_blank\" rel=\"noopener noreferrer\">OMS\u00a0<\/a><\/h3>\n<\/p><\/div>\n<p><script async src=\"http:\/\/platform.twitter.com\/widgets.js\" charset=\"utf-8\"><\/script><br \/>\n<br \/>[ad_2]<br \/>\n<br \/><a href=\"https:\/\/sante.journaldesfemmes.fr\/fiches-maladies\/2657799-coronavirus-monde-covid-mort-carte-courbe-chiffre-bilan-vaccin-europe-etats-unis-canada-direct\/\">Source link <\/a><\/p>\n","protected":false},"excerpt":{"rendered":"<p>[ad_1] COVID MONDE DIRECT &#8211; L&rsquo;\u00e9pid\u00e9mie de Covid progresse dans le Monde. Nouveau record de cas aux Etats-Unis, premier cas &hellip; <a href=\"https:\/\/www.affinite.fr\/index.php\/2021\/01\/09\/chiffres-en-direct-vaccin-etats-unis\/\" class=\"more-link\">Plus <span class=\"screen-reader-text\">chiffres en direct, vaccin, Etats-Unis<\/span> <span class=\"meta-nav\">&rarr;<\/span><\/a><\/p>\n","protected":false},"author":1,"featured_media":5784,"comment_status":"open","ping_status":"open","sticky":false,"template":"","format":"standard","meta":{"_sitemap_exclude":false,"_sitemap_priority":"","_sitemap_frequency":"","footnotes":""},"categories":[1],"tags":[],"class_list":["post-5783","post","type-post","status-publish","format-standard","has-post-thumbnail","hentry","category-tous"],"_links":{"self":[{"href":"https:\/\/www.affinite.fr\/index.php\/wp-json\/wp\/v2\/posts\/5783"}],"collection":[{"href":"https:\/\/www.affinite.fr\/index.php\/wp-json\/wp\/v2\/posts"}],"about":[{"href":"https:\/\/www.affinite.fr\/index.php\/wp-json\/wp\/v2\/types\/post"}],"author":[{"embeddable":true,"href":"https:\/\/www.affinite.fr\/index.php\/wp-json\/wp\/v2\/users\/1"}],"replies":[{"embeddable":true,"href":"https:\/\/www.affinite.fr\/index.php\/wp-json\/wp\/v2\/comments?post=5783"}],"version-history":[{"count":0,"href":"https:\/\/www.affinite.fr\/index.php\/wp-json\/wp\/v2\/posts\/5783\/revisions"}],"wp:featuredmedia":[{"embeddable":true,"href":"https:\/\/www.affinite.fr\/index.php\/wp-json\/wp\/v2\/media\/5784"}],"wp:attachment":[{"href":"https:\/\/www.affinite.fr\/index.php\/wp-json\/wp\/v2\/media?parent=5783"}],"wp:term":[{"taxonomy":"category","embeddable":true,"href":"https:\/\/www.affinite.fr\/index.php\/wp-json\/wp\/v2\/categories?post=5783"},{"taxonomy":"post_tag","embeddable":true,"href":"https:\/\/www.affinite.fr\/index.php\/wp-json\/wp\/v2\/tags?post=5783"}],"curies":[{"name":"wp","href":"https:\/\/api.w.org\/{rel}","templated":true}]}}