{"id":5755,"date":"2021-01-03T19:00:52","date_gmt":"2021-01-03T19:00:52","guid":{"rendered":"https:\/\/www.affinite.fr\/index.php\/2021\/01\/03\/rentree-du-4-janvier-faut-il-sen-inquieter\/"},"modified":"2021-01-03T19:00:52","modified_gmt":"2021-01-03T19:00:52","slug":"rentree-du-4-janvier-faut-il-sen-inquieter","status":"publish","type":"post","link":"https:\/\/www.affinite.fr\/index.php\/2021\/01\/03\/rentree-du-4-janvier-faut-il-sen-inquieter\/","title":{"rendered":"rentr\u00e9e du 4\u00a0janvier, faut-il s&rsquo;en inqui\u00e9ter\u00a0?"},"content":{"rendered":"<p> [ad_1]<br \/>\n<\/p>\n<p>\n                Scientifiques et parents d&rsquo;\u00e9l\u00e8ves s&rsquo;inqui\u00e8tent de la rentr\u00e9e scolaire apr\u00e8s les f\u00eates de fin d&rsquo;ann\u00e9e. Face \u00e0 la nouvelle souche de Covid-19, J\u00e9r\u00f4me Salomon a pr\u00e9cis\u00e9 que le gouvernement resterait attentif au milieu scolaire et universitaire. Quant \u00e0 Jean-Michel Blanquer, il confirme que la rentr\u00e9e ne sera pas report\u00e9e.            <\/p>\n<div>\n<aside class=\"ccmsummary marqueur_module ccmcss_cms_summary ccmcss_cms_summary--right\">\n<p>Sommaire<\/p>\n<\/aside>\n<p><strong>[Mise \u00e0 jour du 3 d\u00e9cembre \u00e0 19h41].<\/strong>\u00a0Les \u00e9l\u00e8ves font bien leur<strong> <a href=\"https:\/\/www.journaldesfemmes.fr\/maman\/guide-des-parents\/2547720-rentree-scolaire-2021-ecole\/\" title=\"Rentr\u00e9e scolaire\">rentr\u00e9e des classes<\/a> ce 4 janvier<\/strong>. Mais apr\u00e8s les f\u00eates de fin d&rsquo;ann\u00e9e et la<strong> nouvelle souche de Covid-19<\/strong> apparue au Royaume-Uni, de nombreux scientifiques et parents d&rsquo;\u00e9l\u00e8ves s&rsquo;inqui\u00e8tent \u00e0 l&rsquo;approche de cette nouvelle<strong> rentr\u00e9e scolaire<\/strong>. <em>\u00ab\u00a0\u00c0 ce jour, dans les classes et dans les cantines, le caract\u00e8re facultatif de la distanciation physique, le protocole d&rsquo;a\u00e9ration et la limitation du brassage insuffisants, ne permettent pas de pr\u00e9venir la <strong>contamination en milieu scolaire<\/strong><\/em>\u00a0\u00bb estime le collectif\u00a0<em>Ecoles et familles oubli\u00e9es<\/em>.\u00a0Le collectif Les Stylos Rouges, qui r\u00e9unit des enseignants, compare la France aux autres pays comme Londres, l&rsquo;Irlande ou encore l&rsquo;Allemagne, qui ont choisi de fermer leurs \u00e9coles pour freiner l&rsquo;\u00e9pid\u00e9mie de Covid. <strong>En Gr\u00e8ce, aux\u00a0Pays-Bas et en Allemagne, la rentr\u00e9e scolaire a m\u00eame \u00e9t\u00e9 report\u00e9e<\/strong>.<\/p>\n<p><strong>Le directeur g\u00e9n\u00e9ral de la Sant\u00e9 J\u00e9r\u00f4me Salomon <\/strong>s&rsquo;inqui\u00e8te lui aussi du brassage des \u00e9l\u00e8ves \u00e0 l&rsquo;occasion de la<strong> rentr\u00e9e scolaire ce 4 janvier<\/strong>.\u00a0<em>\u00ab\u00a0Les enfants reviennent de diff\u00e9rents endroits, en France ou \u00e0 l&rsquo;\u00e9tranger, \u00e7a peut rebattre les cartes de la situation \u00e9pid\u00e9miologique\u00a0\u00bb<\/em> a-t-il d\u00e9clar\u00e9 ce 3 janvier au Journal du Dimanche. En outre, les variantes du Covid-19 apparues au Royaume-Uni et en Afrique du Sud \u00ab\u00a0<em>ne sont pas forc\u00e9ment plus dangereuses mais elles sont nettement plus contagieuses. Elles toucheraient aussi davantage les jeunes (&#8230;) <strong>Il faut donc qu&rsquo;on soit tr\u00e8s attentif au milieu scolaire et universitaire<\/strong><\/em><strong>\u00ab\u00a0<\/strong>, pr\u00e9vient-il.\u00a0<\/p>\n<p>Ce 3 janvier, le ministre de l&rsquo;Education nationale a confirm\u00e9 sur BFMTV que <strong>la rentr\u00e9e des classes aura bien lieu ce lundi 4 janvier<\/strong>. <strong>\u00ab\u00a0<\/strong><em><strong>Les enfants iront \u00e0 l&rsquo;\u00e9cole demain comme pr\u00e9vu.<\/strong> Les pays qui ont report\u00e9 <\/em>(la rentr\u00e9e) <em>connaissent une vague \u00e9pid\u00e9mique particuli\u00e8re, notamment l&rsquo;Angleterre dont on sait qu&rsquo;elle traverse une p\u00e9riode particuli\u00e8rement difficile<\/em>\u00a0\u00bb a d\u00e9clar\u00e9 Jean-Michel Blanquer. Il rappelle que le <strong>taux de contamination dans les \u00e9tablissements scolaires <\/strong>s&rsquo;\u00e9levait \u00e0 0,3% avant les vacances scolaires de No\u00ebl, et que l&rsquo;application du <strong>protocole sanitaire renforc\u00e9<\/strong> dans les \u00e9coles permettait aux \u00e9l\u00e8ves de faire leur rentr\u00e9e.\u00a0<strong>Davantage de tests seront n\u00e9anmoins d\u00e9ploy\u00e9s dans les lyc\u00e9es<\/strong> : <em>\u00ab\u00a0ce protocole va continuer \u00e0 fonctionner et nous allons d\u00e9ployer encore plus fortement les tests, notamment dans les lyc\u00e9es qui maintiennent en majorit\u00e9 un syst\u00e8me hybride comme c&rsquo;est le cas depuis le d\u00e9but du mois de novembre\u00a0\u00bb <\/em>a pr\u00e9cis\u00e9 Jean-Michel Blanquer.<\/p>\n<h3>Reprise des universit\u00e9s \u00e0 partir du 4\u00a0janvier 2021\u00a0<\/h3>\n<p>Ce 17\u00a0d\u00e9cembre, la ministre de l&rsquo;Enseignement sup\u00e9rieur a donn\u00e9 des pr\u00e9cisions concernant le<strong> retour partiel des \u00e9tudiants dans les universit\u00e9s d\u00e9but janvier<\/strong>. \u00ab\u00a0<em>L&rsquo;objectif est qu&rsquo;on puisse reprendre le pr\u00e9sentiel <strong>d\u00e8s d\u00e9but janvier, entre le 4\u00a0et le 11\u00a0janvier (\u2026) mais pas pour tout le monde, pas \u00e0 100%<\/strong><\/em><strong>\u00ab\u00a0<\/strong>, a expliqu\u00e9 Fr\u00e9d\u00e9rique Vidal sur <em>RMC <\/em>qui ajoute que la priorit\u00e9 sera donn\u00e9e \u00ab\u00a0<em>aux publics les plus fragiles<\/em>\u00ab\u00a0. \u00ab\u00a0<em>Les autres resteront \u00e0 la maison<\/em>\u00ab\u00a0, indique\u00a0aussi la ministre qui tient \u00e0 pr\u00e9ciser qu&rsquo;il faut rester \u00ab\u00a0<em>extr\u00eamement vigilants vis-\u00e0-vis de l&rsquo;\u00e9pid\u00e9mie de Covid-19<\/em>\u00ab\u00a0. Ce 4\u00a0d\u00e9cembre, Emmanuel Macron a indiqu\u00e9, lors d&rsquo;une interview accord\u00e9e au m\u00e9dia en ligne Brut qu&rsquo;il serait possible d&rsquo;organiser<em>\u00a0<strong>\u00ab\u00a0davantage de TD en pr\u00e9sentiel<\/strong>, de reprendre peut-\u00eatre, si les chiffres sont bons, <strong>des cours d\u00e9but janvier, mais en demi-amphi\u00a0\u00bb<\/strong>,<\/em> a expliqu\u00e9 le chef de l&rsquo;Etat qui ne regrette pas d&rsquo;avoir initialement retard\u00e9 cette r\u00e9ouverture. \u00ab\u00a0<em>Les universit\u00e9s sont des lieux de tr\u00e8s grande circulation avec beaucoup de lieux de vie commune (\u2026), on est plus grand (\u2026) et on peut donc mieux <a href=\"https:\/\/www.affinite.fr\/index.php\/2022\/11\/09\/formation-de-glacier-apprenez-le-metier-de-glacier-et-changez-votre-vie\/\">apprendre<\/a> en non-pr\u00e9sentiel\u00a0\u00bb<\/em>, a expliqu\u00e9 Emmanuel Macron.\u00a0Ce 10\u00a0d\u00e9cembre, Jean Castex a apport\u00e9 des pr\u00e9cisions lors d&rsquo;une conf\u00e9rence de presse. \u00ab\u00a0<em>Nous avons d\u00e9cid\u00e9 de travailler, sauf s&rsquo;il y a une situation \u00e9pid\u00e9mique \u00e9pouvantable<strong> d\u00e8s le d\u00e9but du mois de janvier \u00e0 pouvoir reprendre<\/strong>, \u00e9videmment dans le cadre de protocole sanitaire renforc\u00e9<strong>, l&rsquo;enseignement en pr\u00e9sentiel (&#8230;) pour des \u00e9tudiants cibl\u00e9s, notamment des premi\u00e8re\u00a0et deuxi\u00e8me ann\u00e9es<\/strong>, mais beaucoup d&rsquo;<strong>\u00e9tudiants \u00e9trangers ou internationaux<\/strong><\/em>\u00ab\u00a0, a pr\u00e9cis\u00e9\u00a0le Premier Ministre.\u00a0Jean Castex s&rsquo;est aussi dit \u00ab\u00a0<em>tr\u00e8s attentif<\/em>\u00a0\u00bb concernant les \u00e9tudiants qui se trouvent \u00ab\u00a0<em>dans une situation psychologique tr\u00e8s difficile<\/em>\u00ab\u00a0<\/p>\n<h3>Retour au lyc\u00e9e \u00e0 partir du 20\u00a0janvier<\/h3>\n<p>Jean Castex avait pr\u00e9cis\u00e9, ce 26\u00a0novembre, que\u00a0les lyc\u00e9ens, qui \u00e9taient\u00a0parfois \u00e0 distance, pourront \u00eatre accueillis comme d&rsquo;habitude <strong>\u00e0\u00a0partir du 20\u00a0janvier.<\/strong>\u00a0<em>\u00ab\u00a0<\/em><strong><em>Les lyc\u00e9es\u00a0 pourront de nouveau accueillir la totalit\u00e9 des \u00e9l\u00e8ves<\/em>\u00ab\u00a0<\/strong>\u00a0avait-il indiqu\u00e9.\u00a0<\/p>\n<ul>\n<li>La situation sanitaire est donc \u00ab\u00a0pr\u00e9occupante\u00a0\u00bb et le gouvernement a d\u00e9j\u00e0 plac\u00e9 <strong>15\u00a0d\u00e9partements en couvre-feu d\u00e8s 18h<\/strong> pour limiter la propagation de l&rsquo;\u00e9pid\u00e9mie en France.\u00a0\u00ab\u00a0<em>Si la situation \u00e9tait amen\u00e9e \u00e0 se d\u00e9grader davantage dans certains territoires, on prendra les d\u00e9cisions qui s&rsquo;imposent\u00a0\u00bb <\/em>avait annonc\u00e9 ce 1er janvier\u00a0sur TF1\u00a0Gabriel Attal, porte-parole du gouvernement. La situation sera de nouveau \u00e9valu\u00e9e le 7\u00a0janvier prochain.<\/li>\n<li><strong>Avec le couvre-feu, une<\/strong> <strong><a href=\"https:\/\/www.interieur.gouv.fr\/Actualites\/L-actu-du-Ministere\/Attestations-de-deplacement\" target=\"_blank\" rel=\"noopener noreferrer\">attestation scolaire<\/a> est\u00a0n\u00e9cessaire\u00a0<\/strong>pour les parents qui d\u00e9posent ou vont\u00a0chercher leurs enfants \u00e0 l&rsquo;\u00e9cole ou \u00e0 leurs activit\u00e9s p\u00e9riscolaires en dehors des horaires de sorties autoris\u00e9es, notamment dans les d\u00e9partements o\u00f9 le couvre-feu a \u00e9t\u00e9 avanc\u00e9 \u00e0 18h depuis ce 2\u00a0janvier.<\/li>\n<li><a id=\"transmission-covid-ecole\" name=\"transmission-covid-ecole\" target=\"_blank\" rel=\"noopener noreferrer\">Quels risques de transmission du Covid \u00e0 l&rsquo;\u00e9cole\u00a0?<\/a>\u00a0<a href=\"https:\/\/www.pasteur.fr\/fr\/file\/37907\/download\" target=\"_blank\" rel=\"noopener noreferrer\">L&rsquo;\u00e9tude Comcor de l&rsquo;Institut Pasteur<\/a> publi\u00e9e ce 17\u00a0d\u00e9cembre a donn\u00e9 des pr\u00e9cisions sur les<strong>\u00a0risques de transmission du coronavirus dans une famille lorsqu&rsquo;un ou des enfants sont scolaris\u00e9s<\/strong>. L&rsquo;enqu\u00eate, men\u00e9e durant la p\u00e9riode de couvre-feu (du 17\u00a0au 30\u00a0octobre) et lors du confinement partiel depuis le 30\u00a0octobre,\u00a0pr\u00e9cise\u00a0que<strong> le risque de contagion est\u00a0plus \u00e9lev\u00e9 avec un enfant\u00a0en cr\u00e8che, en maternelle, au coll\u00e8ge ou au lyc\u00e9e<\/strong>. \u00ab\u00a0<em>Il est plus fr\u00e9quent que des personnes\u00a0prennent dans leurs bras <\/em>(des enfants en cr\u00e8che ou en\u00a0maternelle)\u00a0\u00bb, a expliqu\u00e9\u00a0le Dr Arnaud Fontanet lors d&rsquo;une conf\u00e9rence de presse en ligne organis\u00e9e par l&rsquo;Institut Pasteur. \u00ab\u00a0<em>Il est difficile d&rsquo;interpr\u00e9ter l&rsquo;absence de sur-risque associ\u00e9 aux <strong>enfants scolaris\u00e9s dans le primaire.<\/strong> Il pourrait s&rsquo;agir de la <strong>moindre contagiosit\u00e9 \u00e9voqu\u00e9e pour les enfants de moins de 10\u00a0ans <\/strong>compar\u00e9s aux adolescents, moindre contagiosit\u00e9 qui n&rsquo;op\u00e8re pas chez les touts petits avec lesquels les contacts physiques avec leurs parents sont probablement plus \u00e9troits<\/em>\u00ab\u00a0, pr\u00e9cise l&rsquo;\u00e9tude.\u00a0En revanche, le fait d&rsquo;avoir <strong>des enfants de plus de 11\u00a0ans au coll\u00e8ge et au lyc\u00e9e accro\u00eet le risque de transmission de coronavirus au sein du foyer. <\/strong>Quant aux<strong>\u00a0<\/strong>\u00e9tudiants de plus de 18\u00a0ans, le risque d&rsquo;infection est plus faible, pour autant, l&rsquo;enseignement \u00e0 distance \u00e9tait privil\u00e9gi\u00e9 et les universit\u00e9s ferm\u00e9es. \u00ab\u00a0<em>Cela s&rsquo;explique sans doute par le fait que les \u00e9tudiants suivent en grande majorit\u00e9 les cours \u00e0 distance<\/em>\u00ab\u00a0, indique le Dr Arnaud Fontanet. Enfin, selon le rapport, \u00ab\u00a0<strong>les enseignants et instituteurs arrivent \u00e0 se prot\u00e9ger efficacement contre les risques d&rsquo;infection <\/strong>dans leur environnement professionnel\u00a0\u00bb.<\/li>\n<\/ul>\n<ul>\n<li><strong>Combien de classes et d&rsquo;\u00e9coles ferm\u00e9es en France\u00a0?\u00a0<\/strong>Selon le minist\u00e8re de l&rsquo;Education nationale, \u00e0\u00a0la date du 17\u00a0d\u00e9cembre \u00e0 13h, 34\u00a0structures scolaires (25\u00a0\u00e9coles, 7\u00a0coll\u00e8ges et 2\u00a0lyc\u00e9es) sont ferm\u00e9es ainsi que 146\u00a0classes. Il pr\u00e9cise \u00e9galement, dans un communiqu\u00e9 du 18\u00a0d\u00e9cembre, que 5264\u00a0\u00e9l\u00e8ves ont \u00e9t\u00e9 test\u00e9s positifs au Covid-19\u00a0ces 7\u00a0derniers jours, soit 687\u00a0en 24\u00a0heures. Par ailleurs, 904\u00a0membres du personnel des \u00e9tablissements scolaires ont \u00e9t\u00e9 test\u00e9s positifs ces 7\u00a0derniers jours soit 144\u00a0en 24\u00a0heures. Pour Jean-Michel Blanquer, ces chiffres sont relativement stables compte tenu de nombre de classes en France.<\/li>\n<\/ul>\n<div style=\"text-align:center\">\n<figure class=\"image\" style=\"display:inline-block\"><a class=\"fancy\" href=\"https:\/\/img-3.journaldesfemmes.fr\/fkaZXFvmeAPegrVqJCkHZEfxcgg=\/1080x\/smart\/a4b8df5383de4c68847c3701f8708619\/ccmcms-jdf\/20889944.png\" target=\"_blank\" rel=\"noopener noreferrer\"><img decoding=\"async\" alt=\"Fermeture-classes-academie\" src=\"https:\/\/img-3.journaldesfemmes.fr\/atbrMOwbgjt3EQOIniXj25Yigkk=\/450x\/smart\/a4b8df5383de4c68847c3701f8708619\/ccmcms-jdf\/20889944.png\"\/><\/a><figcaption data-credit=\"Minist\u00e8re de l'Education Nationale, de la Jeunesse et des Sports\" data-legend=\"Fermetures de classes par acad\u00e9mie\">Fermetures de classes par acad\u00e9mie <small>\u00a9\u00a0Minist\u00e8re de l&rsquo;Education Nationale, de la Jeunesse et des Sports<\/small><\/figcaption><\/figure>\n<\/div>\n<ul>\n<li><strong>La crise a-t-elle \u00e9t\u00e9 bien g\u00e9r\u00e9e \u00e0 l&rsquo;\u00e9cole\u00a0?<\/strong> La F\u00e9d\u00e9ration syndicale unitaire (FSU) a d\u00e9voil\u00e9\u00a0<a href=\"https:\/\/www.franceinter.fr\/societe\/professeurs-et-parents-d-eleves-jugent-severement-l-action-de-jean-michel-blanquer-selon-un-sondage\" target=\"_blank\" rel=\"noopener noreferrer\">une enqu\u00eate IPSOS pour France Inter <\/a>sur la satisfaction des parents et du personnel de l&rsquo;\u00c9ducation nationale quant \u00e0 la <strong>gestion de la crise sanitaire \u00e0 l&rsquo;\u00e9cole<\/strong>. R\u00e9alis\u00e9e en novembre aupr\u00e8s de 850\u00a0enseignants, 150\u00a0personnels de l&rsquo;\u00c9ducation nationale non-enseignants et 500\u00a0parents d&rsquo;\u00e9l\u00e8ves, celle-ci r\u00e9v\u00e8le que pour trois quarts d&rsquo;entre eux, les actions men\u00e9es par les professeurs ont \u00e9t\u00e9 globalement satisfaisantes. \u00c0 l&rsquo;inverse, <strong>ils sont seulement 29% des enseignants et 45% des parents \u00e0 avoir la m\u00eame opinion pour le ministre Jean-Michel Blanquer.<\/strong> En cause\u00a0: leur inqui\u00e9tude commune, pour 77% des enseignants et 60% des parents, quant \u00e0 l&rsquo;impact de la crise sur le niveau scolaire. La sant\u00e9 des \u00e9l\u00e8ves, ainsi que\u00a0leur propre sant\u00e9 est aussi au c\u0153ur des pr\u00e9occupations. Beno\u00eet Teste, secr\u00e9taire g\u00e9n\u00e9ral de FSU, conclut\u00a0: \u00ab\u00a0<em>On note une <strong>forte insatisfaction par rapport au fonctionnement du syst\u00e8me<\/strong>, mais une forte reconnaissance du fait que les personnels font ce qu&rsquo;ils peuvent dans des conditions parfois d\u00e9grad\u00e9es<\/em>\u00ab\u00a0.<\/li>\n<li><strong>500\u00a0000\u00a0masques transparents pour les cr\u00e8ches et\u00a0Maisons d&rsquo;assistants maternels. <\/strong>Dans un communiqu\u00e9 du 17\u00a0novembre, la CNAF a annonc\u00e9 le financement, \u00ab\u00a0\u00e0 titre exceptionnel\u00a0\u00bb de trois<strong> masques\u00a0transparents pour chaque professionnel des cr\u00e8ches, micro-cr\u00e8ches, et maisons d&rsquo;assistants maternels<\/strong>. \u00ab\u00a0L&rsquo;\u00e9pid\u00e9mie n&rsquo;est pas encore derri\u00e8re nous, je remercie la CNAF d&rsquo;avoir r\u00e9pondu pr\u00e9sent \u00e0 l&rsquo;invitation du Gouvernement. Acc\u00e9der aux visages et aux \u00e9motions des adultes qui les entourent au quotidien est un facteur cl\u00e9 du bon d\u00e9veloppement des jeunes enfants. Aux employeurs d\u00e9sormais de poursuivre cette dynamique\u00a0\u00bb a d\u00e9clar\u00e9 Adrien Taquet.\u00a0<\/li>\n<\/ul>\n<ul>\n<li><strong>Revalorisation des professeurs.<\/strong>\u00a0Dans un communiqu\u00e9 du 16\u00a0novembre, le minist\u00e8re de l&rsquo;Education a confirm\u00e9 la revalorisation du m\u00e9tier et du salaire des enseignants, dans le cadre du Grenelle de l&rsquo;\u00e9ducation. Parmi les principales mesures\u00a0: une prime d&rsquo;activit\u00e9 \u00e0 hauteur de 100\u00a0euros pour les professeurs d\u00e9butants, 150\u00a0euros de prime d&rsquo;\u00e9quipement informatique, et une augmentation des directeurs d&rsquo;\u00e9coles de 450\u00a0euros.\u00a0<\/li>\n<\/ul>\n<ul>\n<li><strong>Une aide pour les classes de d\u00e9couvertes.<\/strong>\u00a0Pour soutenir les\u00a0organisateurs de classes de d\u00e9couverte face \u00e0 la crise,\u00a0un fond\u00a0d&rsquo;urgence de 15\u00a0millions d&rsquo;euros est mis en place. \u00ab\u00a03\u00a0000\u00a0structures pourront ainsi \u00eatre aid\u00e9es\u00a0\u00bb annonce dans un communiqu\u00e9 du 17\u00a0novembre\u00a0Sarah El Ha\u00efry, secr\u00e9taire d&rsquo;\u00c9tat aupr\u00e8s du ministre de l&rsquo;\u00c9ducation nationale. Les dossiers sont \u00e0 envoyer par mail\u00a0\u00e0 fondsdesoutien@education.gouv.fr avant le 18\u00a0d\u00e9cembre, pour des aides vers\u00e9es d&rsquo;ici au 15\u00a0janvier 2021. \u00ab\u00a0Pour \u00eatre \u00e9ligibles, les associations gestionnaires d&rsquo;un ou plusieurs centres devront employer au moins deux salari\u00e9s permanents sur l&rsquo;ann\u00e9e et avoir enregistr\u00e9 une perte d&rsquo;activit\u00e9 de 50% ou plus par rapport \u00e0 2019. Le montant du soutien accord\u00e9 d\u00e9pendra du nombre d&rsquo;\u00e9tablissements g\u00e9r\u00e9s (de 5\u00a0000\u00a0\u00e0 20\u00a0000\u00a0euros). Les associations organisatrices mais non gestionnaires de centre recevront quant \u00e0 elles une aide forfaitaire de 1\u00a0500\u00a0euros\u00a0\u00bb.<\/li>\n<li style=\"text-align: justify;\"><strong>Tests de d\u00e9pistage\u00a0\u00e0 l&rsquo;\u00e9cole.<\/strong>\u00a0Jean-Michel Blanquer confirme qu&rsquo;il y aura davantage de d\u00e9pistages du personnel dans les \u00e9coles et \u00e9tablissements scolaires.\u00a0Les personnels sont prioritaires pour l&rsquo;acc\u00e8s des tests PCR.\u00a0Pr\u00e8s de 1,2\u00a0million\u00a0de <a href=\"https:\/\/www.journaldesfemmes.fr\/maman\/enfant\/2675071-tests-antigeniques-ecoles-depistage-lycees-ile-de-france\/\" target=\"_blank\" rel=\"noopener noreferrer\"><strong>tests antig\u00e9niques <\/strong><\/a>seront mis \u00e0 disposition des \u00e9tablissements scolaires. Aussi, certaines zones plus expos\u00e9es au virus seront prioritaires.\u00a0<\/li>\n<li style=\"text-align: justify;\"><strong>Aide aux \u00e9tudiants.<\/strong>\u00a0Chacune des 800\u00a0cit\u00e9s universitaires de France va disposer de deux r\u00e9f\u00e9rents \u00e9tudiants qui viendront renforcer le travail des services des Crous, notamment pour accompagner les \u00e9tudiants de premi\u00e8re ann\u00e9e et ceux qui sont les plus en difficult\u00e9. Pr\u00e8s de 1500\u00a0emplois \u00e9tudiants seront ainsi cr\u00e9\u00e9s en novembre, d\u00e9cembre et janvier, dans un contexte o\u00f9 l&#8217;emploi \u00e9tudiant est difficile.\u00a0Le plan \u00ab\u00a0un jeune, une solution\u00a0\u00bb continuera \u00e0 \u00eatre d\u00e9ploy\u00e9.\u00a0Il mobilise une part importante des plans de relance, pr\u00e9cise le Premier ministre.<\/li>\n<\/ul>\n<p>Face \u00e0 la deuxi\u00e8me vague, le protocole sanitaire a\u00a0\u00e9t\u00e9\u00a0<a href=\"https:\/\/www.journaldesfemmes.fr\/maman\/enfant\/2638931-protocole-sanitaire-ecole-novembre-castex-blanquer\/\" target=\"_blank\" rel=\"noopener noreferrer\">durci\u00a0depuis le 2\u00a0novembre<\/a>, avec la limitation du brassage des \u00e9l\u00e8ves, la g\u00e9n\u00e9ralisation du <a href=\"https:\/\/www.journaldesfemmes.fr\/maman\/enfant\/2633929-masque-obligatoire-ecole-6-ans-cp-transparent\/\" target=\"_blank\" rel=\"noopener noreferrer\">port du masque pour tous les \u00e9l\u00e8ves d\u00e8s le CP<\/a>, l&rsquo;a\u00e9ration, la d\u00e9sinfection plus fr\u00e9quente des locaux. Jean-Michel Blanquer a reconnu\u00a0que certains \u00e9tablissements ont rencontr\u00e9 des difficult\u00e9s \u00e0 s&rsquo;adapter face \u00e0 ces nouvelles mesures et que <strong>dans les lyc\u00e9es, la limitation du brassage des \u00e9l\u00e8ves est plus complexe \u00e0 organiser<\/strong> notamment en raison de la taille des \u00e9tablissements, et du fait des d\u00e9placements plus nombreux des \u00e9l\u00e8ves.\u00a0Suite \u00e0 de nombreux <strong>blocages de lyc\u00e9es<\/strong>, et \u00e0 la gr\u00e8ve lanc\u00e9e par les syndicats enseignants d\u00e9non\u00e7ant le non-respect du protocole sanitaire dans les \u00e9coles et \u00e9tablissements scolaires, le gouvernement a laiss\u00e9 plus de souplesse aux lyc\u00e9ens. \u00ab\u00a0<em>Nous avons \u00e9tabli cela avec les chefs d&rsquo;\u00e9tablissements, les partenaires sociaux et ce cadrage pr\u00e9cise que <strong>dans la mesure o\u00f9 un lyc\u00e9e peut encore le faire (lyc\u00e9es avec peu d&rsquo;\u00e9l\u00e8ves par exemple), la pr\u00e9sence \u00e0 100%\u00a0des \u00e9l\u00e8ves reste souhaitable<\/strong>\u00ab\u00a0<\/em>.\u00a0En revanche, s&rsquo;il n&rsquo;est pas possible pour un \u00e9tablissement d&rsquo;assurer les conditions sanitaires requises lorsque tous les \u00e9l\u00e8ves sont pr\u00e9sents, <strong>des solutions hybrides sont alors propos\u00e9es.<\/strong>\u00a0Jean-Michel Blanquer souhaite qu<strong>&lsquo;au minimum, 50% du temps scolaire de l&rsquo;\u00e9l\u00e8ve se d\u00e9roule en pr\u00e9sentiel d&rsquo;ici la fin de l&rsquo;ann\u00e9e civile <\/strong>pour garantir le maintien d&rsquo;un lien fort avec la classe. Chaque lyc\u00e9e devra \u00e9galement \u00e9tablir, avec le soutien de chaque rectorat, un plan pr\u00e9cis de suivi et de continuit\u00e9 p\u00e9dagogique qui d\u00e9taille les modalit\u00e9s de l&rsquo;<a href=\"https:\/\/www.journaldesfemmes.fr\/maman\/guide-des-parents\/2626571-ecole-a-la-maison-cned-ma-classe-a-la-maison\/\" target=\"_blank\" rel=\"noopener noreferrer\">enseignement \u00e0 distance.<\/a><\/p>\n<aside id=\"NL_234784830\" class=\"newsletter_subscription jNlBlock\"><noscript><br \/>\n            <\/noscript><\/p>\n<h3 class=\"newsletter_subscription-title\">Newsletter <\/h3>\n<p><a href=\"\/\/mailing.ccmbg.com\/archive\/last-85\" target=\"_blank\" class=\"a_hover\" rel=\"noopener noreferrer\">Voir un exemple<\/a><\/p>\n<\/aside>\n<p><strong>Le baccalaur\u00e9at 2020-2021\u00a0est cette ann\u00e9e encore am\u00e9nag\u00e9<\/strong>, \u00ab\u00a0aussi bien pour le <strong>contr\u00f4le continu\u00a0que pour les \u00e9preuves de sp\u00e9cialit\u00e9s\u00a0\u00bb<\/strong>, pr\u00e9cise le ministre de l&rsquo;Education.\u00a0Concr\u00e8tement, les <strong>\u00e9valuations communes n&rsquo;auront pas lieu et se passeront en contr\u00f4le continu<\/strong>, avec la moyenne des bulletins scolaires des \u00e9l\u00e8ves de Premi\u00e8re et de Terminale.\u00a0\u00ab\u00a0<em>En pratique, cette mesure concerne l&rsquo;histoire-g\u00e9ographie, les langues vivantes, et la sp\u00e9cialit\u00e9 qui n&rsquo;est pas poursuivie en terminale, ainsi que les math\u00e9matiques pour la voie technologique et l&rsquo;enseignement scientifique pour la voie g\u00e9n\u00e9rale. Elle concerne les \u00e9l\u00e8ves en terminale, inscrits pour la session 2021, comme les \u00e9l\u00e8ves en premi\u00e8re inscrits \u00e0 la session 2022, pour les \u00e9valuations communes pr\u00e9vues cette ann\u00e9e scolaire<\/em>\u00a0\u00bb pr\u00e9cise le ministre de l&rsquo;Education dans un communiqu\u00e9 du 5\u00a0novembre.<\/p>\n<ul>\n<li><strong>Les \u00e9preuves de terminales sur les enseignements de sp\u00e9cialit\u00e9<\/strong> sont maintenues en mars 2021, mais elles seront \u00e9galement adapt\u00e9es face \u00e0 la crise sanitaire.\u00a0Deux sujets ou des exercices au choix seront propos\u00e9s pour chaque \u00e9preuve et l&rsquo;un des deux sujets devra avoir \u00e9t\u00e9 \u00e9tudi\u00e9 en cours par l&rsquo;\u00e9l\u00e8ve. Enfin, le minist\u00e8re rappelle que <a href=\"https:\/\/www.journaldesfemmes.fr\/maman\/guide-des-parents\/1880884-parcoursup-2021-ouverture-calendrier-etapes-covid\/\" target=\"_blank\" rel=\"noopener noreferrer\"><strong>le calendrier de Parcoursup reste inchang\u00e9<\/strong><\/a>.\u00a0<\/li>\n<li><strong>Lyc\u00e9es, universit\u00e9s et confinement\u00a0: Pour les BTS, IUT et pr\u00e9pas<\/strong>, les cours se tiennent\u00a0\u00e0 distance. En revanche, les travaux pratiques se feront en pr\u00e9sentiel, a pr\u00e9cis\u00e9 Gabriel Attal ce 29\u00a0octobre.<\/li>\n<li><strong>Les modalit\u00e9s du baccalaur\u00e9at pourront de nouveau \u00eatre adapt\u00e9es<\/strong> jusqu&rsquo;\u00e0 2 semaines avant le d\u00e9but des \u00e9preuves selon une ordonnance parue au Journal Officiel.<\/li>\n<\/ul>\n<\/div>\n<p>[ad_2]<br \/>\n<br \/><a href=\"https:\/\/www.journaldesfemmes.fr\/maman\/enfant\/1849367-covid-ecole-college-lycee-rentree-du-4-janvier-blanquer\/\">Source link <\/a><\/p>\n","protected":false},"excerpt":{"rendered":"<p>[ad_1] Scientifiques et parents d&rsquo;\u00e9l\u00e8ves s&rsquo;inqui\u00e8tent de la rentr\u00e9e scolaire apr\u00e8s les f\u00eates de fin d&rsquo;ann\u00e9e. Face \u00e0 la nouvelle &hellip; <a href=\"https:\/\/www.affinite.fr\/index.php\/2021\/01\/03\/rentree-du-4-janvier-faut-il-sen-inquieter\/\" class=\"more-link\">Plus <span class=\"screen-reader-text\">rentr\u00e9e du 4\u00a0janvier, faut-il s&rsquo;en inqui\u00e9ter\u00a0?<\/span> <span class=\"meta-nav\">&rarr;<\/span><\/a><\/p>\n","protected":false},"author":1,"featured_media":5756,"comment_status":"open","ping_status":"open","sticky":false,"template":"","format":"standard","meta":{"_sitemap_exclude":false,"_sitemap_priority":"","_sitemap_frequency":"","footnotes":""},"categories":[1],"tags":[],"class_list":["post-5755","post","type-post","status-publish","format-standard","has-post-thumbnail","hentry","category-tous"],"_links":{"self":[{"href":"https:\/\/www.affinite.fr\/index.php\/wp-json\/wp\/v2\/posts\/5755"}],"collection":[{"href":"https:\/\/www.affinite.fr\/index.php\/wp-json\/wp\/v2\/posts"}],"about":[{"href":"https:\/\/www.affinite.fr\/index.php\/wp-json\/wp\/v2\/types\/post"}],"author":[{"embeddable":true,"href":"https:\/\/www.affinite.fr\/index.php\/wp-json\/wp\/v2\/users\/1"}],"replies":[{"embeddable":true,"href":"https:\/\/www.affinite.fr\/index.php\/wp-json\/wp\/v2\/comments?post=5755"}],"version-history":[{"count":0,"href":"https:\/\/www.affinite.fr\/index.php\/wp-json\/wp\/v2\/posts\/5755\/revisions"}],"wp:featuredmedia":[{"embeddable":true,"href":"https:\/\/www.affinite.fr\/index.php\/wp-json\/wp\/v2\/media\/5756"}],"wp:attachment":[{"href":"https:\/\/www.affinite.fr\/index.php\/wp-json\/wp\/v2\/media?parent=5755"}],"wp:term":[{"taxonomy":"category","embeddable":true,"href":"https:\/\/www.affinite.fr\/index.php\/wp-json\/wp\/v2\/categories?post=5755"},{"taxonomy":"post_tag","embeddable":true,"href":"https:\/\/www.affinite.fr\/index.php\/wp-json\/wp\/v2\/tags?post=5755"}],"curies":[{"name":"wp","href":"https:\/\/api.w.org\/{rel}","templated":true}]}}