{"id":5731,"date":"2020-12-29T18:55:52","date_gmt":"2020-12-29T18:55:52","guid":{"rendered":"https:\/\/www.affinite.fr\/index.php\/2020\/12\/29\/olivier-veran-au-20h-chiffres-du-jour\/"},"modified":"2020-12-29T18:55:52","modified_gmt":"2020-12-29T18:55:52","slug":"olivier-veran-au-20h-chiffres-du-jour","status":"publish","type":"post","link":"https:\/\/www.affinite.fr\/index.php\/2020\/12\/29\/olivier-veran-au-20h-chiffres-du-jour\/","title":{"rendered":"Olivier V\u00e9ran au 20h, chiffres du jour"},"content":{"rendered":"<p> [ad_1]<br \/>\n<\/p>\n<p>\n                CORONAVIRUS DIRECT &#8211; 11\u00a0395\u00a0nouveaux cas et 384\u00a0d\u00e9c\u00e8s ont \u00e9t\u00e9 enregistr\u00e9s ces derni\u00e8res 24\u00a0heures. Le nombre de personnes hospitalis\u00e9es continue de monter. Le ministre de la sant\u00e9 s&rsquo;exprimera mardi \u00e0 20h sur France 2, un reconfinement n&rsquo;est pas exclu. Chiffres et infos du jour.            <\/p>\n<div>\n<aside class=\"ccmsummary marqueur_module ccmcss_cms_summary ccmcss_cms_summary--right\">\n<p>\u00a0Sommaire<\/p>\n<\/aside>\n<p><strong>[Mise \u00e0 jour mardi 29\u00a0d\u00e9cembre \u00e0 19h52<\/strong><b>]<\/b> La situation \u00e9pid\u00e9mique se d\u00e9grade en France, notamment dans les Alpes-Maritimes, le Grand-Est et en Bourgogne-France-Comt\u00e9. En cons\u00e9quence, le gouvernement s&rsquo;est r\u00e9uni\u00a0mardi matin en\u00a0Conseil de d\u00e9fense. <strong>Un reconfinement n&rsquo;est pas exclu\u00a0<\/strong>par le ministre de la sant\u00e9, Olivier V\u00e9ran qui s&rsquo;exprime mardi soir \u00e0 20 heures sur France 2 : \u00ab\u00a0<em>Nous prendrons les mesures n\u00e9cessaires si la situation devait s&rsquo;aggraver car on ne peut pas laisser flamber l&rsquo;\u00e9pid\u00e9mie \u00e0 nouveau<\/em>\u00ab\u00a0, a-t-il affirm\u00e9 dimanche dans une interview\u00a0accord\u00e9e\u00a0au\u00a0<em>JDD<\/em>.\u00a0Seul \u00ab\u00a0arme\u00a0\u00bb\u00a0contre le virus : le vaccin dont la campagne de vaccination a d\u00e9marr\u00e9 dimanche 27 d\u00e9cembre en France et dans toute l&rsquo;Union europ\u00e9enne. Elle concerne en\u00a0priorit\u00e9\u00a0<strong>les personnes \u00e2g\u00e9es, vuln\u00e9rables et le personnel soignant<\/strong>. Les Fran\u00e7ais restent <strong>sceptiques face\u00a0\u00e0 la vaccination, <\/strong>56% d&rsquo;entre eux d\u00e9clarent ne pas vouloir se faire vacciner. \u00ab\u00a0<em>Certains redoutent que nous la rendions obligatoire<\/em>, a expliqu\u00e9 le ministre de la Sant\u00e9 dans les colonnes du <em>JDD<\/em> dimanche 27\u00a0d\u00e9cembre,<strong><em> il n&rsquo;a jamais \u00e9t\u00e9 dans les intentions du gouvernement de rendre la vaccination contre le Covid obligatoire<\/em><\/strong>\u00ab\u00a0. Le bilan \u00e9pid\u00e9miologique du mardi 29\u00a0d\u00e9cembre fait \u00e9tat de<strong>\u00a011 395\u00a0nouveaux cas<\/strong> ces derni\u00e8res 24\u00a0heures et<strong> 384 nouveaux d\u00e9c\u00e8s \u00e0 l&rsquo;h\u00f4pital<\/strong>, auxquels s&rsquo;ajoutent 585 d\u00e9c\u00e8s en Ephad et \u00e9tablissements sociaux et m\u00e9dico-sociaux entre le 22 et le 29 d\u00e9cembre.\u00a0Depuis le d\u00e9but de l&rsquo;\u00e9pid\u00e9mie en France,<strong> 64 078\u00a0<\/strong>personnes sont d\u00e9c\u00e9d\u00e9es du Covid-19.\u00a0Toujours sous <strong>couvre-feu<\/strong>, la France impose la pr\u00e9sentation d&rsquo;une\u00a0<a data-auth=\"NotApplicable\" href=\"https:\/\/media.interieur.gouv.fr\/attestation-couvre-feu-covid-19\/\" rel=\"noopener noreferrer\" target=\"_blank\">attestation<\/a>\u00a0pour justifier tout d\u00e9placement entre 20\u00a0heures et 6\u00a0heures du matin. Nombre de cas de Covid-19\u00a0en France, \u00e9volution sur 24\u00a0heures, d\u00e9c\u00e8s,\u00a0<a data-auth=\"NotApplicable\" href=\"https:\/\/sante.journaldesfemmes.fr\/fiches-maladies\/2667643-carte-covid-19-france-zone-rouge-departement-ile-de-france-temps-reel-monde-couleur-alerte-europe-region\/\" rel=\"noopener noreferrer\" target=\"_blank\">cartes pour suivre l&rsquo;\u00e9pid\u00e9mie par d\u00e9partement et r\u00e9gion<\/a>,\u00a0<a data-auth=\"NotApplicable\" href=\"https:\/\/sante.journaldesfemmes.fr\/fiches-maladies\/2636717-cluster-covid-19-coronavirus-france-definition-c-est-quoi-liste-nouveaux\/\" rel=\"noopener noreferrer\" target=\"_blank\">clusters<\/a>,\u00a0<a data-auth=\"NotApplicable\" href=\"https:\/\/sante.journaldesfemmes.fr\/fiches-maladies\/2629823-taux-de-reproduction-covid-france-coronavirus-r0-r-effectif-calcul-carte-evolution-aujourd-hui-region-definition\/\" rel=\"noopener noreferrer\" target=\"_blank\">R0\u00a0en France<\/a>,\u00a0<a data-auth=\"NotApplicable\" href=\"https:\/\/sante.journaldesfemmes.fr\/fiches-maladies\/2679521-contagion-covid-19-combien-de-temps-jours-duree-asymptomatique-symptomes-incubation-contagieux\/\" rel=\"noopener noreferrer\" target=\"_blank\">contagion du coronavirus<\/a>,\u00a0<a data-auth=\"NotApplicable\" href=\"https:\/\/sante.journaldesfemmes.fr\/fiches-maladies\/2620433-vaccin-coronavirus-covid-19-europe-sanofi-pfizer-arn-moderna-france-astrazeneca-effet-secondaire-obligatoire-voyager\/\" rel=\"noopener noreferrer\" target=\"_blank\">strat\u00e9gie vaccinale<\/a>&#8230; Chiffres et infos du jour.<\/p>\n<ul>\n<li><strong>Point mardi \u00e0 20 heures.<\/strong> Le ministre de la sant\u00e9 Olivier V\u00e9ran s&rsquo;exprimera mardi \u00e0 20 heures sur <em>France 2. <\/em>L&rsquo;allocution t\u00e9l\u00e9vis\u00e9e du ministre fait suite au dernier\u00a0Conseil de d\u00e9fense qui s&rsquo;est tenu dans la matin\u00e9e sur la situation sanitaire. Il pourrait annoncer\u00a0des mesures plus restrictives, comme il l&rsquo;a laiss\u00e9 entendre dimanche dans les colonnes du JDD :\u00a0\u00ab\u00a0<em>nous n&rsquo;excluons jamais des mesures qui pourraient \u00eatre n\u00e9cessaires pour prot\u00e9ger des populations<\/em>\u00ab\u00a0. Le ministre avait alors indiqu\u00e9 : \u00ab\u00a0<em>Le meilleur moyen de c\u00e9l\u00e9brer l&rsquo;entr\u00e9e dans la nouvelle ann\u00e9e, c&rsquo;est de <strong>ne pas la c\u00e9l\u00e9brer<\/strong>\u00a0!<\/em>\u00ab\u00a0<\/li>\n<li><strong>Vaccination en janvier en PACA.<\/strong> La r\u00e9gion Provence-Alpes-C\u00f4te d&rsquo;Azur se pr\u00e9pare \u00e0 vacciner 60\u00a0000 r\u00e9sidents en\u00a0Ehpad \u00e0 partir de janvier, dans 800 \u00e9tablissements\u00a0publics ou priv\u00e9s\u00a0pr\u00e9alablement identifi\u00e9s,\u00a0et r\u00e9partis sur l&rsquo;ensemble du territoire r\u00e9gional, a\u00a0indiqu\u00e9 mardi l&rsquo;Agence r\u00e9gionale de Sant\u00e9 (ARS) dans un communiqu\u00e9.<\/li>\n<li><strong>Sondage sur la vaccination.\u00a0<\/strong>Alors que la campagne de vaccination vient de commencer en France, 40% des Fran\u00e7ais accepteraient de se faire vacciner contre le Covid-19, selon une \u00e9tude Ipsos Global Advisor en partenariat avec le Forum \u00e9conomique mondial. Un pourcentage en baisse par rapport \u00e0 la\u00a0pr\u00e9c\u00e9dente \u00e9tude publi\u00e9e en octobre, o\u00f9 54% des sond\u00e9s se disaient enclins \u00e0 se faire vacciner, ils \u00e9taient 59%\u00a0en ao\u00fbt.<\/li>\n<li><strong>Information sur les vaccins. <\/strong>Sant\u00e9 publique France lance une page d&rsquo;informations sur le site<a href=\"https:\/\/vaccination-info-service.fr\/Les-maladies-et-leurs-vaccins\/COVID-19\" target=\"_blank\" rel=\"noopener noreferrer\"> Vaccination-info-service.fr<\/a>. Le site rassemble les caract\u00e9ristiques des diff\u00e9rents vaccins contre le Covid-19, ainsi que les principales recommandations des autorit\u00e9s de sant\u00e9.<\/li>\n<li><strong>Analyse de la situation. <\/strong>Un\u00a0Conseil de d\u00e9fense se r\u00e9unit\u00a0mardi, en visioconf\u00e9rence, a annonc\u00e9 lundi\u00a0l&rsquo;\u00c9lys\u00e9e. Il est question d&rsquo;examiner\u00a0la situation \u00e9pid\u00e9mique du pays et notamment dans les Alpes-Maritimes, le Grand Est et en\u00a0Bourgogne-France-Comt\u00e9, o\u00f9 les indicateurs inqui\u00e8tent le ministre de la sant\u00e9, Olivier V\u00e9ran qui n&rsquo;a pas exclu l&rsquo;hypoth\u00e8se d&rsquo;un troisi\u00e8me confinement de la population dans les colonnes du <em>Journal du Dimanche.<\/em><\/li>\n<li><strong>Reconfinement\u00a0? <\/strong>Le maire de Nancy, Mathieu Klein, a jug\u00e9 lundi\u00a0\u00ab\u00a0in\u00e9luctable\u00a0\u00bb un reconfinement local de la population face au rebond de l&rsquo;\u00e9pid\u00e9mie de Covid-19\u00a0dans la r\u00e9gion\u00a0Grand Est. Interrog\u00e9 sur la situation dans sa r\u00e9gion sur\u00a0<em>France Info<\/em>, le maire a souhait\u00e9 une acc\u00e9l\u00e9ration de la campagne de vaccination dans les r\u00e9gions les plus touch\u00e9es.\u00a0<\/li>\n<li><strong>Vaccination en Indre-et-Loire.<\/strong> La campagne de vaccination se poursuit \u00e0 Jou\u00e9-les-Tours\u00a0en Indre-et-Loire :\u00a010 r\u00e9sidents d&rsquo;un Ehpad ont \u00e9t\u00e9 vaccin\u00e9es. Jacques Collineau, r\u00e9sident \u00e2g\u00e9 de 75\u00a0ans \u00e0 l&rsquo;Ehpad Debrou, a \u00e9t\u00e9 le premier \u00e0 recevoir\u00a0le vaccin Pfizer.\u00a0\u00ab\u00a0<em>D&rsquo;\u00eatre le premier, je m&rsquo;en moque, mais d&rsquo;\u00eatre vaccin\u00e9 est essentiel pour moi<\/em>\u00ab\u00a0, a d\u00e9clar\u00e9 le septuag\u00e9naire\u00a0\u00e0 <em>l&rsquo;AFP<\/em>.<\/li>\n<li><strong>Vaccination dans le Nord.<\/strong> La campagne de vaccination contre le Covid 19 a d\u00e9but\u00e9\u00a0\u00e0 Lille lundi, apr\u00e8s Sevran et Dijon dimanche. Une douzaine de r\u00e9sidents de l&rsquo;Ehpad\u00a0des Bateliers sur les\u00a0330\u00a0pensionnaires,\u00a0ont \u00e9t\u00e9 vaccin\u00e9s en priorit\u00e9.\u00a0<\/li>\n<\/ul>\n<p><a id=\"nouvelles-mesures-covid-france\" name=\"nouvelles-mesures-covid-france\">Quelles sont les mesures pour freiner\u00a0l&rsquo;\u00e9pid\u00e9mie Covid-19 en France ?<\/a><\/p>\n<p>Pour freiner la deuxi\u00e8me vague de l&rsquo;\u00e9pid\u00e9mie de Covid-19 en France, Emmanuel Macron a annonc\u00e9 un<strong>\u00a0deuxi\u00e8me confinement<\/strong>\u00a0(apr\u00e8s celui du mois de mars) 29 octobre au 15\u00a0d\u00e9cembre. Face \u00e0 une l\u00e9g\u00e8re am\u00e9lioration de la situation, le confinement a \u00e9t\u00e9 lev\u00e9 et remplac\u00e9 par un <strong>couvre-feu de 20 heures \u00e0 6 heures du matin<\/strong>, sans date de fin pour l&rsquo;instant indiqu\u00e9 par le gouvernement. Le ministre de la Sant\u00e9 Olivier V\u00e9ran a d\u00e9clench\u00e9 <strong>le\u00a0plan blanc\u00a0au niveau national<\/strong>\u00a0le 29 octobre. Cela implique la d\u00e9programmation des hospitalisations non-urgentes dans tous les h\u00f4pitaux. Samedi 7 novembre, les d\u00e9put\u00e9s ont adopt\u00e9 la prolongation de l&rsquo;<a href=\"https:\/\/sante.journaldesfemmes.fr\/fiches-maladies\/2627081-etat-urgence-sanitaire-france-covid-fin-prolongation-loi-decret-assemblee-senat-constitution-mesures\/\" target=\"_blank\" rel=\"noopener noreferrer\">\u00e9tat d&rsquo;urgence sanitaire<\/a>\u00a0jusqu&rsquo;au <strong>16\u00a0f\u00e9vrier 2021.<\/strong><\/p>\n<p>\u25ba\u00a0<strong>Depuis le 15 d\u00e9cembre :<\/strong><\/p>\n<ul>\n<li>les\u00a0d\u00e9placements\u00a0sont \u00e0 nouveau\u00a0autoris\u00e9s en journ\u00e9e\u00a0sur l&rsquo;ensemble du territoire sans obligation de fournir une attestation de d\u00e9placement.<\/li>\n<li>un couvre-feu national est mis en place, de<strong> 20h<\/strong> (et non pas 21h comme initialement envisag\u00e9) <strong>\u00e0 6h du matin<\/strong>. Une exception est pr\u00e9vue pour la nuit du 24 au 25 d\u00e9cembre\u00a02020, o\u00f9 la circulation sera libre\u00a0; en revanche, contrairement \u00e0 ce qui avait \u00e9t\u00e9 initialement pr\u00e9vu, il n&rsquo;y aura pas d&rsquo;exception pour la soir\u00e9e du 31\u00a0d\u00e9cembre\u00a02020 (Nouvel An). Lors\u00a0des\u00a0f\u00eates de fin d&rsquo;ann\u00e9e, il sera important de limiter le nombre de convives \u00e0 table (pas plus de six adultes ensemble).<\/li>\n<li>la pratique sportive ou la promenade en plein air est interdite de 20\u00a0h \u00e0 6h du matin\u00a0;<\/li>\n<li>les d\u00e9placements entre r\u00e9gions sont autoris\u00e9s\u00a0;<\/li>\n<li>la jauge dans les lieux de culte\u00a0n&rsquo;est pas revue \u00e0 la hausse\u00a0;<\/li>\n<li>les salles de cin\u00e9ma, les th\u00e9\u00e2tres et les mus\u00e9es restent ferm\u00e9s au moins 3\u00a0semaines suppl\u00e9mentaires soit jusqu&rsquo;au 6\u00a0janvier\u00a02021 inclus ;<\/li>\n<li>l&rsquo;accueil du public dans les enceintes sportives, dans les cirques, les parcs zoologiques ou encore les salles de jeux et les casinos reste\u00a0interdit\u00a0;<\/li>\n<li>les restaurants et les caf\u00e9s restent ferm\u00e9s comme pr\u00e9vu jusqu&rsquo;au 20\u00a0janvier\u00a02021\u00a0;<\/li>\n<li>le t\u00e9l\u00e9travail doit se poursuivre quand il est possible.<\/li>\n<li>les\u00a0stations de ski\u00a0sont accessibles aux touristes\u00a0 pendant les vacances scolaires de No\u00ebl mais les remont\u00e9es m\u00e9caniques restent ferm\u00e9es<\/li>\n<\/ul>\n<div style=\"text-align:center\">\n<figure class=\"image\" style=\"display:inline-block\"><a class=\"fancy\" href=\"https:\/\/img-3.journaldesfemmes.fr\/7oolX4nxBOMh4Qv-urnyk3OUq9w=\/1080x\/smart\/78a8ad69d7b74c6ebddec1a6b6c73fd5\/ccmcms-jdf\/20696899.png\" target=\"_blank\" rel=\"noopener noreferrer\"><img decoding=\"async\" alt=\"d\u00e9confinement etape france covid\" src=\"https:\/\/img-3.journaldesfemmes.fr\/9TYl0btUrBeB5BOm8X1WrvCKBUg=\/600x\/smart\/78a8ad69d7b74c6ebddec1a6b6c73fd5\/ccmcms-jdf\/20696899.png\"\/><\/a><figcaption data-credit=\"Twitter Jean Castex\" data-legend=\"Etapes du d\u00e9confinement de la France pr\u00e9sent\u00e9es par Jean Castex le 10 d\u00e9cembre\">Etapes du d\u00e9confinement de la France pr\u00e9sent\u00e9es par Jean Castex le 10\u00a0d\u00e9cembre <small>\u00a9\u00a0Twitter Jean Castex<\/small><\/figcaption><\/figure>\n<\/div>\n<p>\u25ba <strong>7 janvier :<\/strong> r\u00e9ouverture des th\u00e9\u00e2tres, mus\u00e9es, cin\u00e9mas si la situation sanitaire le permet.<\/p>\n<p>\u25ba<strong>\u00a0A partir du 20 janvier\u00a0<\/strong><strong>:\u00a0<\/strong><em>\u00ab\u00a0Si le nombre de contaminations demeure en-dessous de 5\u00a0000\u00a0cas par jour, alors\u00a0les salles de sport et les restaurants pourront rouvrir, et le couvre-feu pourra \u00eatre d\u00e9cal\u00e9. Les lyc\u00e9es pourront \u00eatre pleinement rouverts (et non plus par moiti\u00e9 des effectifs)\u00a0avec la totalit\u00e9 des \u00e9l\u00e8ves pr\u00e9sents durant les cours. Quinze jours plus tard, ce sont les universit\u00e9s qui pourront reprendre les cours, avec, l\u00e0 aussi, une pr\u00e9sence physique de tous les \u00e9l\u00e8ves<\/em>\u00a0\u00bb a annonc\u00e9 le chef de l&rsquo;Etat.<\/p>\n<p>Un couvre-feu national est mis en place depuis le 15 d\u00e9cembre dans toute la France,\u00a0de 20h \u00e0 6h. Une exception est pr\u00e9vue pour la soir\u00e9e du 24\u00a0d\u00e9cembre\u00a02020, o\u00f9 la circulation sera libre\u00a0; en revanche, contrairement \u00e0 ce qui avait \u00e9t\u00e9 initialement pr\u00e9vu, il n&rsquo;y aura pas d&rsquo;exception pour la soir\u00e9e du 31\u00a0d\u00e9cembre\u00a02020.<br \/>Pendant ce couvre-feu, seuls certains d\u00e9placements sont possibles, \u00e0 condition de se munir d&rsquo;une <strong>attestation <\/strong>notamment\u00a0:<\/p>\n<ul>\n<li>se rendre ou revenir de son lieu de travail, \u00e0 une <a href=\"https:\/\/www.affinite.fr\/index.php\/2022\/11\/09\/formation-de-glacier-apprenez-le-metier-de-glacier-et-changez-votre-vie\/\">formation<\/a> professionnelle, effectuer un d\u00e9placement professionnel ne pouvant \u00eatre report\u00e9\u00a0;<\/li>\n<li>des motifs familiaux imp\u00e9rieux, pour l&rsquo;assistance aux personnes vuln\u00e9rables et pr\u00e9caires, notamment aux personnes en situation de handicap ou pour la garde d&rsquo;enfants\u00a0;<\/li>\n<li>des motifs m\u00e9dicaux\u00a0: aller \u00e0 l&rsquo;h\u00f4pital, examens et soins ne pouvant \u00eatre assur\u00e9s \u00e0 distance et achat de m\u00e9dicaments\u00a0;<\/li>\n<li>participer \u00e0 des missions d&rsquo;int\u00e9r\u00eat g\u00e9n\u00e9ral sur demande de l&rsquo;autorit\u00e9 administrative (maraudes des associations de lutte contre la pauvret\u00e9 ou distributions d&rsquo;aides alimentaires \u00e0 domicile)\u00a0;<\/li>\n<li>les personnes en situation de handicap et leur accompagnant\u00a0;<\/li>\n<li>promener un animal domestique autour de son domicile.<\/li>\n<\/ul>\n<p>La crainte d&rsquo;un rebond \u00e9pid\u00e9mique suite aux rassemblements des f\u00eates est redout\u00e9e par les pouvoirs politiques et les m\u00e9decins.<em> \u00ab\u00a0La stabilisation des contaminations \u00e0 un niveau pr\u00e9occupant fait courir le risque d&rsquo;une reprise si nous ne sommes pas prudents\u00a0\u00bb<\/em> pr\u00e9venait Olivier V\u00e9ran lors de la conf\u00e9rence de presse du 10 d\u00e9cembre. Certains professionnels de sant\u00e9 comme\u00a0le\u00a0professeur Djillali Annane, chef du service de r\u00e9animation de l&rsquo;h\u00f4pital Raymond Poincar\u00e9 \u00e0 Garche interrog\u00e9 par FranceInfo le 21 d\u00e9cembre estime\u00a0qu&rsquo; \u00ab\u00a0<em>il serait <strong>n\u00e9cessaire de reconfiner d\u00e8s le 26\u00a0d\u00e9cembre<\/strong> \u00e0 l&rsquo;image de nos voisins pour\u00a0remettre un couvercle sur le virus\u00a0\u00bb. <\/em>Des maires notamment \u00e0 Reims et Nancy demandent aussi le reconfinement. Mais le ministre de la Sant\u00e9 a indiqu\u00e9 sur TF1 mardi 22 d\u00e9cembre que cela n&rsquo;\u00e9tait pas envisag\u00e9 par le gouvernement\u00a0<em>: \u00ab\u00a0Toutes les solutions sont dans les tuyaux,<\/em> a-t-il expliqu\u00e9<em>, mais elles ne sont pas fonction de l&rsquo;appel d&rsquo;un maire ou d&rsquo;un autre, elles sont fonction de la situation sanitaire. Aujourd&rsquo;hui, il y a trop de cas (..) mais\u00a0nous ne sommes pas en flamb\u00e9e \u00e9pid\u00e9mique. En France nous avons pris des d\u00e9cisions t\u00f4t pour \u00e9viter un reconfinement tel qu&rsquo;il est constat\u00e9 chez nos voisins.\u00a0\u00bb\u00a0<\/em>Une \u00e9tude du Centre hospitalier r\u00e9gional et universitaire de Nancy (CHRU) et de la F\u00e9d\u00e9ration Hospitali\u00e8re de France (FHF), publi\u00e9e le dimanche 20\u00a0d\u00e9cembre dans le<a href=\"https:\/\/www.lejdd.fr\/Societe\/Sante\/exclusif-covid-19-une-etude-pointe-un-risque-de-troisieme-vague-hospitaliere-des-le-7-janvier-4013659\" target=\"_blank\" rel=\"noopener noreferrer\"> Journal du Dimanche<\/a> a annonc\u00e9\u00a0une<strong> troisi\u00e8me vague hospitali\u00e8re \u00e0 partir du 7\u00a0janvier.<\/strong>\u00a0<em>\u00ab\u00a0D\u00e8s les prochains jours, les h\u00f4pitaux pourraient avoir\u00a0des difficult\u00e9s \u00e0 faire face car la pression va inexorablement autour de No\u00ebl. Le probl\u00e8me c&rsquo;est que les r\u00e9as sont d\u00e9j\u00e0 en tension malgr\u00e9 des lits suppl\u00e9mentaires\u00a0\u00bb, <\/em>expliquait le Pr Rabaud, infectiologue, au Journal du Dimanche.\u00a0<\/p>\n<p>Selon les derniers chiffres publi\u00e9s par <a href=\"https:\/\/www.santepubliquefrance.fr\/dossiers\/coronavirus-covid-19\/coronavirus-chiffres-cles-et-evolution-de-la-covid-19-en-france-et-dans-le-monde\" target=\"_blank\" rel=\"noopener noreferrer\">Sant\u00e9 Publique France<\/a> au mardi 29\u00a0d\u00e9cembre 2020, en France :\u00a0<\/p>\n<p>\u2022 2 574 041 personnes ont \u00e9t\u00e9 contamin\u00e9es par le coronavirus <strong>(+11 395\u00a0en 24 heures)<\/strong><\/p>\n<p>\u2022 64 078\u00a0personnes sont d\u00e9c\u00e9d\u00e9es en France <strong>(+384 en 24 heures \u00e0 l&rsquo;h\u00f4pital),<\/strong><strong>\u00a0<\/strong>dont 44 298\u00a0\u00e0 l&rsquo;h\u00f4pital,\u00a0auxquels s&rsquo;ajoutent 585\u00a0d\u00e9c\u00e8s en Ephad et \u00e9tablissements sociaux et m\u00e9dico-sociaux entre le 22\u00a0et le 29\u00a0d\u00e9cembre.\u00a0<\/p>\n<p>\u2022 2 675 patients Covid-19 sont en r\u00e9animation <strong>(-28\u00a0en 24 heures<\/strong><strong>)<\/strong>.<\/p>\n<p>\u2022 24 776 patients Covid-19 sont hospitalis\u00e9s\u00a0<strong>(+98\u00a0en 24 heures)<\/strong>.<\/p>\n<blockquote>\n<p style=\"text-align: right;\">\u00a0<\/p>\n<\/blockquote>\n<blockquote>\n<p style=\"text-align: right;\">\u00a0<\/p>\n<\/blockquote>\n<p><em>\u00ab\u00a0La situation \u00e9pid\u00e9mique en France demeure fragile parce que<strong> le virus circule encore trop et que \u00e7a ne baisse plus<\/strong>. La pression sanitaire reste \u00e9lev\u00e9e. La 2\u00e8me vague n&rsquo;est pas encore derri\u00e8re nous\u00a0\u00bb <\/em>a expliqu\u00e9 Olivier V\u00e9ran sur Europe 1, lundi 21\u00a0d\u00e9cembre.\u00a0Sur la semaine du 7\u00a0au 13\u00a0d\u00e9cembre, les indicateurs de suivi de l&rsquo;\u00e9pid\u00e9mie montrent une augmentation de la circulation du SARS-CoV-2, indique Sant\u00e9 Publique France dans son <a href=\"https:\/\/www.santepubliquefrance.fr\/maladies-et-traumatismes\/maladies-et-infections-respiratoires\/infection-a-coronavirus\/documents\/bulletin-national\/covid-19-point-epidemiologique-du-17-decembre-2020\" target=\"_blank\" rel=\"noopener noreferrer\">point du 17 d\u00e9cembre<\/a>.\u00a0Le nombre de <strong>personnes test\u00e9es a augment\u00e9<\/strong> de 14% par rapport \u00e0 la semaine pr\u00e9c\u00e9dente,\u00a0le nombre hebdomadaire de nouvelles <strong>hospitalisations <\/strong>pour COVID-19\u00a0s&rsquo;est <strong>stabilis\u00e9<\/strong>, apr\u00e8s plusieurs semaines de diminution. Le nombre de nouvelles admissions en <strong>r\u00e9animation<\/strong>, apr\u00e8s avoir fortement diminu\u00e9 depuis la semaine 46, s&rsquo;est aussi stabilis\u00e9. Le <strong>taux de reproduction<\/strong> du virus <strong>repasse au-dessus de 1 <\/strong>( 1.03), preuve que l&rsquo;\u00e9pid\u00e9mie repart. Les d\u00e9c\u00e8s ont diminu\u00e9 sur la semaine du 7 au 13 d\u00e9cembre mais on sait qu&rsquo;il y a un d\u00e9lai entre un pic de contaminations et la r\u00e9percussion sur la mortalit\u00e9 deux \u00e0 trois semaines plus tard.<\/p>\n<p>\u2192 L&rsquo;indicateur utilis\u00e9 pour suivre l&rsquo;\u00e9volution de l&rsquo;\u00e9pid\u00e9mie de coronavirus en France est le<strong> taux d&rsquo;incidence<\/strong> soit le nombre de patients ayant un test PCR positif pour 100 000 habitants par semaine sur les 7 derniers jours. Au 18 d\u00e9cembre, ce taux est\u00a0<strong>remont\u00e9 <\/strong>\u00e0 139,52 (contre 108.73 le 10 d\u00e9cembre et 86 le 7 d\u00e9cembre).\u00a0<\/p>\n<div style=\"text-align:center\">\n<figure class=\"image\" style=\"display:inline-block\"><a class=\"fancy\" href=\"https:\/\/img-3.journaldesfemmes.fr\/AXC6BpYiK3XPPdw3ka_rpUgHGOY=\/1080x\/smart\/5b126ca30c784d35b4c2abac3872ba53\/ccmcms-jdf\/21008226.jpg\"><img decoding=\"async\" alt=\"contamination covid courbe\" src=\"https:\/\/img-3.journaldesfemmes.fr\/2y5WNVIi_bAhEEmhxcbjCBve-wM=\/450x\/smart\/5b126ca30c784d35b4c2abac3872ba53\/ccmcms-jdf\/21008226.jpg\"\/><\/a><figcaption data-credit=\"Twitter Jean Castex\" data-legend=\"Nombre de nouvelles personnes positives au Sars-Cov-2 rapport\u00e9 \u00e0 la taille de la population, au 18 d\u00e9cembre.\">Nombre de nouvelles personnes positives au Sars-Cov-2 rapport\u00e9 \u00e0 la taille de la population, au 18 d\u00e9cembre. <small>\u00a9\u00a0Twitter Jean Castex<\/small><\/figcaption><\/figure>\n<\/div>\n<p>Le gouvernement suit \u00e9galement l&rsquo;\u00e9volution du taux d&rsquo;occupation des lits en r\u00e9animation par des patients Covid-19 (sur les capacit\u00e9s initiales).<\/p>\n<div style=\"text-align:center\">\n<figure class=\"image\" style=\"display:inline-block\"><a class=\"fancy\" href=\"https:\/\/img-3.journaldesfemmes.fr\/yiaKVUpRmxROrPvu_6jyVmM0lkg=\/1080x\/smart\/a880d463a47842589cebbd77c84baa3e\/ccmcms-jdf\/21144386.png\"><img decoding=\"async\" alt=\"Taux d'occupation des lits en r\u00e9animation au 28 d\u00e9cembre par des patients Covid-19 \" src=\"https:\/\/img-3.journaldesfemmes.fr\/jOMZkNzJ3wIfzyvwOPaSQLtccPM=\/450x\/smart\/a880d463a47842589cebbd77c84baa3e\/ccmcms-jdf\/21144386.png\"\/><\/a><figcaption data-credit=\"Gouvernement.fr\" data-legend=\"Taux d'occupation des lits en r\u00e9animation au 28 d\u00e9cembre par des patients Covid-19 \">Taux d&rsquo;occupation des lits en r\u00e9animation au 28 d\u00e9cembre par des patients Covid-19 <small>\u00a9\u00a0Gouvernement.fr<\/small><\/figcaption><\/figure>\n<\/div>\n<p>Mardi 29\u00a0d\u00e9cembre, Sant\u00e9 publique France rapporte\u00a0un total de<strong>\u00a02 574 041<\/strong>\u00a0<strong>cas\u00a0confirm\u00e9s\u00a0<\/strong>de coronavirus depuis le d\u00e9but de la pand\u00e9mie. Invit\u00e9 du journal t\u00e9l\u00e9vis\u00e9 sur TF1\u00a0mardi 22 d\u00e9cembre, le ministre de la sant\u00e9 Olivier V\u00e9ran a confirm\u00e9 qu&rsquo; \u00ab\u00a0<em>il y a trop de cas, mais <strong>nous ne sommes pas dans une flamb\u00e9e \u00e9pid\u00e9mique\u00a0\u00bb <\/strong><\/em>comme d&rsquo;autres voisins europ\u00e9ens (Allemagne, Pays-Bas&#8230;). Dans son bulletin \u00e9pid\u00e9miologique du 17 d\u00e9cembre, Sant\u00e9 Publique France rapporte une hausse de 10% des nouveaux cas confirm\u00e9s par test RT-PCR ou antig\u00e9nique sur la semaine du 7 au 13 d\u00e9cembre, en comparaison \u00e0 la semaine pr\u00e9c\u00e9dente. Le\u00a0<strong>pic \u00e9pid\u00e9mique<\/strong>\u00a0de la premi\u00e8re vague a \u00e9t\u00e9 observ\u00e9 la\u00a0<strong>semaine du 6\u00a0au 12 avril<\/strong>, soit 15\u00a0jours\u00a0apr\u00e8s la mise en \u0153uvre des mesures de confinement de la population g\u00e9n\u00e9rale, le 17\u00a0mars 2020. Le <strong>pic de la deuxi\u00e8me vague <\/strong>est pass\u00e9, indique Emmanuel Macron le 24\u00a0novembre dans son allocution t\u00e9l\u00e9vis\u00e9e, trois semaines apr\u00e8s le reconfinement, soit du <strong>16 au 20 novembre<\/strong>.\u00a0<\/p>\n<h3 style=\"text-align: center;\">Nombre incident de cas confirm\u00e9s de Covid-19\u00a0par semaine, rapport\u00e9s \u00e0 Sant\u00e9 publique France, du 11\u00a0mai au 13 d\u00e9cembre, France enti\u00e8re<\/h3>\n<div style=\"text-align:center\">\n<figure class=\"image\" style=\"display:inline-block\"><a class=\"fancy\" href=\"https:\/\/img-3.journaldesfemmes.fr\/9YUUnqECvnHvN_IZXhg2_atVnGw=\/1080x\/smart\/f5f6db99edf64146bc74ad0b3dd10fca\/ccmcms-jdf\/20890408.jpg\"><img decoding=\"async\" alt=\"cas confirm\u00e9 covid\" src=\"https:\/\/img-3.journaldesfemmes.fr\/GaNCBDheGm6PKBJzbbZJnFCzBtE=\/600x\/smart\/f5f6db99edf64146bc74ad0b3dd10fca\/ccmcms-jdf\/20890408.jpg\"\/><\/a><figcaption data-credit=\"Sant\u00e9 Publique France\" data-legend=\"Nombre incident de cas confirm\u00e9s de COVID-19 par semaine, rapport\u00e9s \u00e0 Sant\u00e9 publique France, du 11 mai au 13 d\u00e9cembre 2020, France enti\u00e8re\">Nombre incident de cas confirm\u00e9s de COVID-19 par semaine, rapport\u00e9s \u00e0 Sant\u00e9 publique France, du 11 mai au 13 d\u00e9cembre 2020, France enti\u00e8re <small>\u00a9\u00a0Sant\u00e9 Publique France<\/small><\/figcaption><\/figure>\n<\/div>\n<h3 style=\"text-align: center;\">Nombre de cas confirm\u00e9s de COVID-19\u00a0chez les r\u00e9sidents et le personnel en ESMS (\u00e9tablissements sociaux et m\u00e9dico-sociaux)\u00a0par semaine calendaire, du 20\u00a0juillet au 13 d\u00e9cembre, en France<\/h3>\n<div style=\"text-align:center\">\n<figure class=\"image\" style=\"display:inline-block\"><a class=\"fancy\" href=\"https:\/\/img-3.journaldesfemmes.fr\/Ihpj_i2bEr6LIIcSoWw98KXyOQ0=\/1080x\/smart\/cddf5ee3501246a8808d2b385aed0ae4\/ccmcms-jdf\/20890412.jpg\"><img decoding=\"async\" alt=\"Nombre de cas confirm\u00e9s de COVID-19 chez les r\u00e9sidents et le personnel en ESMS par semaine calendaire, du 20 juillet au 13 d\u00e9cembre 2020, en France \" src=\"https:\/\/img-3.journaldesfemmes.fr\/VeNmeAcBGFw9uxfWnL3F5vykX5Q=\/600x\/smart\/cddf5ee3501246a8808d2b385aed0ae4\/ccmcms-jdf\/20890412.jpg\"\/><\/a><figcaption data-credit=\"Sant\u00e9 Publique France\" data-legend=\"Nombre de cas confirm\u00e9s de COVID-19 chez les r\u00e9sidents et le personnel en ESMS par semaine calendaire, du 20 juillet au 13 d\u00e9cembre 2020, en France \">Nombre de cas confirm\u00e9s de COVID-19 chez les r\u00e9sidents et le personnel en ESMS par semaine calendaire, du 20 juillet au 13 d\u00e9cembre 2020, en France <small>\u00a9\u00a0Sant\u00e9 Publique France<\/small><\/figcaption><\/figure>\n<\/div>\n<p>Mardi\u00a029\u00a0d\u00e9cembre,<strong>\u00a011 395\u00a0nouvelles personnes<\/strong> ont re\u00e7u un test positif au Covid-19 sur les derni\u00e8res\u00a024\u00a0heures.\u00a0<\/p>\n<div style=\"text-align:center\">\n<figure class=\"image\" style=\"display:inline-block\"><a class=\"fancy\" href=\"https:\/\/img-3.journaldesfemmes.fr\/5J4WQ-sJTwf1U1XHWsz89v7nhk0=\/1080x\/smart\/b571462d4b034778a9335257f93c0e5c\/ccmcms-jdf\/21068151.png\"><img decoding=\"async\" alt=\"cas positifs en France par jour\" src=\"https:\/\/img-3.journaldesfemmes.fr\/qOYeQ0TgI91o7PBp2nmDwK4amWk=\/600x\/smart\/b571462d4b034778a9335257f93c0e5c\/ccmcms-jdf\/21068151.png\"\/><\/a><figcaption data-credit=\"CovidTracker\" data-legend=\"Courbe des cas positifs en France par jour du 13 novembre au 22 d\u00e9cembre 2020 \u00a9\u00a0CovidTracker\">Courbe des cas positifs en France par jour du 13 novembre au 22 d\u00e9cembre 2020 \u00a9\u00a0CovidTracker <small>\u00a9\u00a0CovidTracker<\/small><\/figcaption><\/figure>\n<\/div>\n<p>Mardi 29\u00a0d\u00e9cembre,<b>\u00a02 675\u00a0<\/b>personnes sont\u00a0hospitalis\u00e9es\u00a0en\u00a0r\u00e9animation (-28\u00a0en 24 heures).\u00a0Le nombre hebdomadaire de nouvelles hospitalisations s&rsquo;est stabilis\u00e9, apr\u00e8s plusieurs semaines de diminution, en semaine 50 (7 au 13 d\u00e9cembre). Le nombre de nouvelles admissions en r\u00e9animation,<strong> apr\u00e8s avoir fortement diminu\u00e9<\/strong> depuis la semaine 46, <strong>s&rsquo;est aussi stabilis\u00e9,<\/strong> rapporte Sant\u00e9 Publique France. Le <a href=\"https:\/\/sante.journaldesfemmes.fr\/fiches-maladies\/2624681-plan-blanc-hopital-ile-de-france-paris-aphp-definition-covid-niveau-1-2-elargi\/\" target=\"_blank\" rel=\"noopener noreferrer\">plan blanc<\/a>\u00a0est r\u00e9activ\u00e9 sur tout le territoire national depuis le 29 octobre. Le temps de doublement du nombre hebdomadaire d&rsquo;admissions en r\u00e9animation est de<strong> 30 jours.<\/strong><\/p>\n<div style=\"text-align:center\">\n<figure class=\"image\" style=\"display:inline-block\"><a class=\"fancy\" href=\"https:\/\/img-3.journaldesfemmes.fr\/x8hSWKhBgyCkjxkF3QB41mRdNao=\/1080x\/smart\/01b588210ea844489f997ac34acf4242\/ccmcms-jdf\/20890559.jpg\"><img decoding=\"async\" alt=\"courbe r\u00e9animation covid-19\" src=\"https:\/\/img-3.journaldesfemmes.fr\/DZ2l91ukxjFQJaiVdRShbTDF0wY=\/600x\/smart\/01b588210ea844489f997ac34acf4242\/ccmcms-jdf\/20890559.jpg\"\/><\/a><figcaption data-credit=\"Sant\u00e9 Publique France\" data-legend=\" Nombre hebdomadaire de patients COVID-19 admis en service de r\u00e9animation pendant leur hospitalisation, par semaine d\u2019admission en r\u00e9animation, depuis le 24 f\u00e9vrier 2020, France, donn\u00e9es au 13 d\u00e9cembre\">Nombre hebdomadaire de patients COVID-19 admis en service de r\u00e9animation pendant leur hospitalisation, par semaine d\u2019admission en r\u00e9animation, depuis le 24 f\u00e9vrier 2020, France, donn\u00e9es au 13 d\u00e9cembre <small>\u00a9\u00a0Sant\u00e9 Publique France<\/small><\/figcaption><\/figure>\n<\/div>\n<p>\u2192 Le taux de<strong> nouvelles admissions en r\u00e9animation <\/strong>a <strong>augment\u00e9 en Centre-Val de Loire<\/strong> (+39%), Grand Est (+35%), \u00cele-de-France (+22%) et Pays de la Loire (+9%). Il se stabilisait en Bourgogne-Franche-Comt\u00e9, Auvergne-Rh\u00f4ne-Alpes et Hauts-de-France, et il a diminu\u00e9 dans les autres r\u00e9gions de France m\u00e9tropolitaine.<\/p>\n<p>\u2192<strong> <\/strong>Les<strong> plus forts taux hebdomadaires d&rsquo;admission en r\u00e9animation<\/strong> \u00e9taient rapport\u00e9s en Bourgogne-Franche-Comt\u00e9 (3,0\/100\u00a0000\u00a0habitants), Auvergne-Rh\u00f4ne-Alpes (2,6), Grand Est (2,3), Provence-Alpes C\u00f4te d&rsquo;Azur (2,2), \u00cele-de-France (2,1) et Hauts-de-France (2,1).<\/p>\n<p>\u2192 <strong>Profil des personnes admises en ce moment en r\u00e9animation :<\/strong> 71% sont des hommes, l&rsquo;\u00e2ge m\u00e9dian est de 68 ans.\u00a089% des patients pr\u00e9sentent au moins une comorbidit\u00e9. L&rsquo;\u00e2ge m\u00e9dian des personnes d\u00e9c\u00e9d\u00e9es est de 74 ans.<\/p>\n<p><iframe loading=\"lazy\" height=\"600\" src=\"https:\/\/geodes.santepubliquefrance.fr\/?view=map1&amp;indics=covid_hospit.rea&amp;serie=2020-11-08&amp;f1code=0&amp;lang=fr&amp;iframe=1\" width=\"600\"><\/iframe><\/p>\n<p>Selon les <a href=\"https:\/\/www.gouvernement.fr\/info-coronavirus\/carte-et-donnees\" target=\"_blank\" rel=\"noopener noreferrer\">chiffres communiqu\u00e9s par le gouvernement<\/a>, consolid\u00e9s avec l&rsquo;Agence Sant\u00e9 Publique France et\u00a0les ARS (Agences r\u00e9gionales de Sant\u00e9), voici l&rsquo;\u00e9volution des hospitalisations (dont la r\u00e9animation) et des d\u00e9c\u00e8s\u00a0en France par r\u00e9gion.<\/p>\n<h3 style=\"text-align: center;\">Evolution des hospitalisations (dont en r\u00e9animation) et d\u00e9c\u00e8s \u00e0 l&rsquo;h\u00f4pital du Covid-19\u00a0par r\u00e9gion au 28 d\u00e9cembre (source\u00a0: Sant\u00e9 publique France)<strong>.<\/strong><\/h3>\n<table border=\"1\" cellpadding=\"1\" cellspacing=\"1\" style=\"width:100%;\">\n<thead>\n<tr>\n<th scope=\"col\" style=\"width: 210px;\">R\u00e9gions<\/th>\n<th scope=\"col\" style=\"width: 169px; text-align: center;\">Hospitalisations en cours<\/th>\n<th scope=\"col\" style=\"width: 143px; text-align: center;\">Evolution des nouveaux patients sur les\u00a0 derni\u00e8res 24\u00a0H<\/th>\n<th scope=\"col\" style=\"width: 149px; text-align: center;\">R\u00e9animation Soins intensif<\/th>\n<th scope=\"col\" style=\"width: 155px; text-align: center;\">Evolution des nouveaux patients sur les\u00a0 derni\u00e8res 24\u00a0H<\/th>\n<th scope=\"col\" style=\"width: 220px; text-align: center;\">D\u00e9c\u00e8s<\/th>\n<\/tr>\n<tr>\n<td style=\"width: 210px;\"><b>\u00cele-de-France<\/b><\/td>\n<td style=\"width: 169px;\">4 834<\/td>\n<td style=\"width: 143px;\">+93<\/td>\n<td style=\"width: 149px;\">576<\/td>\n<td style=\"width: 155px;\">+18<\/td>\n<td style=\"width: 220px;\">12 008<\/td>\n<\/tr>\n<tr>\n<td style=\"width: 210px;\"><strong>Grand Est<\/strong><\/td>\n<td style=\"width: 169px;\">2 987<\/td>\n<td style=\"width: 143px;\">+60<\/td>\n<td style=\"width: 149px;\">301<\/td>\n<td style=\"width: 155px;\">+9<\/td>\n<td style=\"width: 220px;\">5 856<\/td>\n<\/tr>\n<tr>\n<td style=\"width: 210px;\"><strong>Auvergne-Rh\u00f4ne-Alpes<\/strong><\/td>\n<td style=\"width: 169px;\">4 189<\/td>\n<td style=\"width: 143px;\">+119<\/td>\n<td style=\"width: 149px;\">429<\/td>\n<td style=\"width: 155px;\">+14<\/td>\n<td style=\"width: 220px;\">6 580<\/td>\n<\/tr>\n<tr>\n<td style=\"width: 210px;\"><strong>Hauts-de-France<\/strong><\/td>\n<td style=\"width: 169px;\">2 362<\/td>\n<td style=\"width: 143px;\">+41<\/td>\n<td style=\"width: 149px;\">244<\/td>\n<td style=\"width: 155px;\">+22<\/td>\n<td style=\"width: 220px;\">4 363<\/td>\n<\/tr>\n<tr>\n<td style=\"width: 210px;\"><strong>Bourgogne-Franche-Comt\u00e9<\/strong><\/td>\n<td style=\"width: 169px;\">1 811<\/td>\n<td style=\"width: 143px;\">+62<\/td>\n<td style=\"width: 149px;\">179<\/td>\n<td style=\"width: 155px;\">+8<\/td>\n<td style=\"width: 220px;\">2 558<\/td>\n<\/tr>\n<tr>\n<td style=\"width: 210px;\"><strong>Provence-Alpes-C\u00f4te d&rsquo;Azur<\/strong><\/td>\n<td style=\"width: 169px;\">2 425<\/td>\n<td style=\"width: 143px;\">+80<\/td>\n<td style=\"width: 149px;\">288<\/td>\n<td style=\"width: 155px;\">+17<\/td>\n<td style=\"width: 220px;\">3 462<\/td>\n<\/tr>\n<tr>\n<td style=\"width: 210px;\"><strong>Occitanie<\/strong><\/td>\n<td style=\"width: 169px;\">1 206<\/td>\n<td style=\"width: 143px;\">+39<\/td>\n<td style=\"width: 149px;\">179<\/td>\n<td style=\"width: 155px;\">+8<\/td>\n<td style=\"width: 220px;\">2 091<\/td>\n<\/tr>\n<tr>\n<td style=\"width: 210px;\"><strong>Bretagne<\/strong><\/td>\n<td style=\"width: 169px;\">556<\/td>\n<td style=\"width: 143px;\">+8<\/td>\n<td style=\"width: 149px;\">47<\/td>\n<td style=\"width: 155px;\">+3<\/td>\n<td style=\"width: 220px;\">708<\/td>\n<\/tr>\n<tr>\n<td style=\"width: 210px;\"><strong>Nouvelle-Aquitaine<\/strong><\/td>\n<td style=\"width: 169px;\">1 142<\/td>\n<td style=\"width: 143px;\">+25<\/td>\n<td style=\"width: 149px;\">157<\/td>\n<td style=\"width: 155px;\">+7<\/td>\n<td style=\"width: 220px;\">1 691<\/td>\n<\/tr>\n<tr>\n<td style=\"width: 210px;\"><strong><a href=\"https:\/\/www.affinite.fr\/index.php\/2024\/11\/21\/construire-votre-maison-en-normandie\/\">Normandie<\/a><\/strong><\/td>\n<td style=\"width: 169px;\">1 136<\/td>\n<td style=\"width: 143px;\">+35<\/td>\n<td style=\"width: 149px;\">89<\/td>\n<td style=\"width: 155px;\">+2<\/td>\n<td style=\"width: 220px;\">1 484<\/td>\n<\/tr>\n<tr>\n<td style=\"width: 210px;\"><strong>Centre Val-de-Loire<\/strong><\/td>\n<td style=\"width: 169px;\">877<\/td>\n<td style=\"width: 143px;\">+28<\/td>\n<td style=\"width: 149px;\">103<\/td>\n<td style=\"width: 155px;\">+12<\/td>\n<td style=\"width: 220px;\">1 295<\/td>\n<\/tr>\n<tr>\n<td style=\"width: 210px;\"><strong>Pays de la Loire<\/strong><\/td>\n<td style=\"width: 169px;\">947<\/td>\n<td style=\"width: 143px;\">+34<\/td>\n<td style=\"width: 149px;\">74<\/td>\n<td style=\"width: 155px;\">+1<\/td>\n<td style=\"width: 220px;\">1 309<\/td>\n<\/tr>\n<tr>\n<td style=\"width: 210px;\"><strong>Corse<\/strong><\/td>\n<td style=\"width: 169px;\">17<\/td>\n<td style=\"width: 143px;\">NC<\/td>\n<td style=\"width: 149px;\">3<\/td>\n<td style=\"width: 155px;\">NC<\/td>\n<td style=\"width: 220px;\">115<\/td>\n<\/tr>\n<tr>\n<td style=\"width: 210px;\"><strong>Martinique<\/strong><\/td>\n<td style=\"width: 169px;\">22<\/td>\n<td style=\"width: 143px;\">0<\/td>\n<td style=\"width: 149px;\">6<\/td>\n<td style=\"width: 155px;\">0<\/td>\n<td style=\"width: 220px;\">42<\/td>\n<\/tr>\n<tr>\n<td style=\"width: 210px;\"><strong>Guadeloupe<\/strong><\/td>\n<td style=\"width: 169px;\">50<\/td>\n<td style=\"width: 143px;\">0<\/td>\n<td style=\"width: 149px;\">3<\/td>\n<td style=\"width: 155px;\">0<\/td>\n<td style=\"width: 220px;\">167<\/td>\n<\/tr>\n<tr>\n<td style=\"width: 210px;\"><strong>La R\u00e9union<\/strong><\/td>\n<td style=\"width: 169px;\">45<\/td>\n<td style=\"width: 143px;\">+1<\/td>\n<td style=\"width: 149px;\">8<\/td>\n<td style=\"width: 155px;\">+1<\/td>\n<td style=\"width: 220px;\">51<\/td>\n<\/tr>\n<tr>\n<td style=\"width: 210px;\"><strong>Guyane<\/strong><\/td>\n<td style=\"width: 169px;\">29<\/td>\n<td style=\"width: 143px;\">+1<\/td>\n<td style=\"width: 149px;\">6<\/td>\n<td style=\"width: 155px;\">-1<\/td>\n<td style=\"width: 220px;\">67<\/td>\n<\/tr>\n<tr>\n<td style=\"width: 210px;\"><strong>Mayotte<\/strong><\/td>\n<td style=\"width: 169px;\">10<\/td>\n<td style=\"width: 143px;\">+2<\/td>\n<td style=\"width: 149px;\">2<\/td>\n<td style=\"width: 155px;\">+1<\/td>\n<td style=\"width: 220px;\">41<\/td>\n<\/tr>\n<tr>\n<td style=\"width: 210px;\"><strong>TOTAL<\/strong><\/td>\n<td style=\"width: 169px;\"><strong>24 678<\/strong><\/td>\n<td style=\"width: 143px;\">+623<\/td>\n<td style=\"width: 149px;\"><b>2 703<\/b><\/td>\n<td style=\"width: 155px;\">+122<\/td>\n<td style=\"width: 220px;\">\n<p><b>43<\/b><strong>\u00a0914<\/strong><\/p>\n<\/td>\n<\/tr>\n<\/thead>\n<\/table>\n<p>La mortalit\u00e9 est\u00a0\u00e9lev\u00e9e de la Covid-19 en France au 17 d\u00e9cembre, selon le bulletin de Sant\u00e9 Publique France. Un exc\u00e8s de mortalit\u00e9 <strong><em>\u00ab\u00a0tr\u00e8s \u00e9lev\u00e9 en Auvergne-Rh\u00f4ne-Alpes\u00a0\u00bb<\/em><\/strong> est par ailleurs rapport\u00e9 par l&rsquo;agence.<em>\u00a0<\/em>Le nombre hebdomadaire de d\u00e9c\u00e8s a diminu\u00e9 en semaine 49\u00a0et semble continuer de diminuer en S50 (7-13 d\u00e9cembre). Au 29 d\u00e9cembre<strong>, 64 078\u00a0<\/strong>personnes sont d\u00e9c\u00e9d\u00e9es du coronavirus depuis le d\u00e9but de l&rsquo;\u00e9pid\u00e9mie (<strong>+384\u00a0<\/strong>en 24h \u00e0 l&rsquo;h\u00f4pital, auxquels s&rsquo;ajoutent 585\u00a0d\u00e9c\u00e8s en Ephad et \u00e9tablissements sociaux et m\u00e9dico-sociaux entre le 22\u00a0et le 29\u00a0d\u00e9cembre).\u00a0<strong>93% ont 65 ans ou plus<\/strong>, <strong>55% sont des hommes<\/strong>. La France a franchi la barre des 40 000 morts samedi 7 novembre,\u00a0celle des 50 000 le 24 novembre et celle des 60 000 le 18 d\u00e9cembre.\u00a0<strong>Un pic de mortalit\u00e9 a \u00e9t\u00e9 atteint en France le 7\u00a0novembre<\/strong>. La France enregistrait \u00e0 cette date 40\u00a0169\u00a0morts du Covid-19\u00a0depuis le d\u00e9but de l&rsquo;\u00e9pid\u00e9mie.\u00a0<\/p>\n<p><strong>\u2192 <\/strong>Les plus <strong>forts taux de d\u00e9c\u00e8s de patients Covid-19\u00a0par r\u00e9gion<\/strong> rapport\u00e9s \u00e0 la population (\/100\u00a0000\u00a0habitants) sur la premi\u00e8re semaine de d\u00e9cembre\u00a0sont\u00a0observ\u00e9s en Auvergne-Rh\u00f4ne-Alpes, Bourgogne-Franche-Comt\u00e9 et Grand Est.<\/p>\n<h3 style=\"text-align: center;\">Nombre hebdomadaire de d\u00e9c\u00e8s certifi\u00e9s par voie \u00e9lectronique avec une mention de COVID-19\u00a0dans les causes m\u00e9dicales de d\u00e9c\u00e8s, du 1er mars au 13 d\u00e9cembre 2020, France (donn\u00e9es au 08\u00a0d\u00e9cembre 2020)<\/h3>\n<div style=\"text-align:center\">\n<figure class=\"image\" style=\"display:inline-block\"><a class=\"fancy\" href=\"https:\/\/img-3.journaldesfemmes.fr\/DS5K0vxY103BMHUnJ-lnfKMVRRQ=\/1080x\/smart\/1dae38ce49c947268e63dd267d9f5e8e\/ccmcms-jdf\/20890666.jpg\"><img decoding=\"async\" alt=\"courbe d\u00e9c\u00e8s covid france\" src=\"https:\/\/img-3.journaldesfemmes.fr\/rWd1u28hiwrktvQ5rePJzlkDP8I=\/600x\/smart\/1dae38ce49c947268e63dd267d9f5e8e\/ccmcms-jdf\/20890666.jpg\"\/><\/a><figcaption data-credit=\"Sant\u00e9 Publique France\" data-legend=\"Nombre hebdomadaire de d\u00e9c\u00e8s certifi\u00e9s par voie \u00e9lectronique, avec une mention de COVID-19 dans les causes m\u00e9dicales de d\u00e9c\u00e8s, en France, du 1er mars au 13 d\u00e9cembre 2020 (donn\u00e9es au 8 d\u00e9cembre 2020) \">Nombre hebdomadaire de d\u00e9c\u00e8s certifi\u00e9s par voie \u00e9lectronique, avec une mention de COVID-19 dans les causes m\u00e9dicales de d\u00e9c\u00e8s, en France, du 1er mars au 13 d\u00e9cembre 2020 (donn\u00e9es au 8 d\u00e9cembre 2020) <small>\u00a9\u00a0Sant\u00e9 Publique France<\/small><\/figcaption><\/figure>\n<\/div>\n<p><iframe loading=\"lazy\" height=\"1000\" src=\"https:\/\/mapthenews.maps.arcgis.com\/apps\/opsdashboard\/index.html#\/bae8aaa7a0b14261b4621c31db410c44\" style=\"border: 0px\" width=\"600\"><\/iframe><\/p>\n<p>Si l&rsquo;ensemble des r\u00e9gions m\u00e9tropolitaines \u00e9tait encore fortement touch\u00e9 par l&rsquo;\u00e9pid\u00e9mie en semaine 50 (7-13 d\u00e9cembre), les r\u00e9gions <strong>Bourgogne-Franche-Comt\u00e9, Auvergne-Rh\u00f4ne-Alpes et Grand Est <\/strong>restaient les plus impact\u00e9es et pr\u00e9sentaient les plus forts taux d&rsquo;incidence et taux de positivit\u00e9 des pr\u00e9l\u00e8vements.\u00a0<\/p>\n<p><iframe loading=\"lazy\" height=\"600\" src=\"https:\/\/geodes.santepubliquefrance.fr\/?view=map1&amp;indics=sp_pe_tb_heb.tx_pe_hebdo&amp;serie=2020-S42&amp;f1code=0&amp;lang=fr&amp;iframe=1\" width=\"600\"><\/iframe><\/p>\n<aside id=\"NL_756667445\" class=\"newsletter_subscription jNlBlock\"><noscript><br \/>\n            <\/noscript><\/p>\n<h3 class=\"newsletter_subscription-title\">Newsletter <\/h3>\n<p><a href=\"\/\/mailing.ccmbg.com\/archive\/last-85\" target=\"_blank\" class=\"a_hover\" rel=\"noopener noreferrer\">Voir un exemple<\/a><\/p>\n<\/aside>\n<p>Au 28\u00a0d\u00e9cembre<strong>, 100<\/strong>\u00a0<strong>d\u00e9partements <\/strong>ont un nombre de cas de Covid-19 au-dessus du seuil d&rsquo;alerte de 50\/100 000 habitants et sont en niveau de vuln\u00e9rabilit\u00e9 \u00ab\u00a0\u00e9lev\u00e9\u00a0\u00bb.\u00a0Les d\u00e9partements pr\u00e9sentant les taux d&rsquo;incidence les plus \u00e9lev\u00e9s sur la premi\u00e8re semaine de d\u00e9cembre \u00e9taient les Ardennes (229\/100\u00a0000\u00a0habitants), la Haute-Savoie (224), le Doubs (223), les Hautes-Pyr\u00e9n\u00e9es (216), l&rsquo;Yonne (199). Dans ces d\u00e9partements, ces taux \u00e9taient toutefois en diminution par rapport \u00e0 la semaine pr\u00e9c\u00e9dente.<\/p>\n<h3 style=\"text-align: center;\">Niveau de vuln\u00e9rabilit\u00e9 par d\u00e9partement et \u00e9volution, France, au 28\u00a0d\u00e9cembre\u00a020208<\/h3>\n<section>\n<blockquote>\n<p style=\"text-align: right;\">\u00a0<\/p>\n<\/blockquote>\n<p>Les taux de reproduction du virus appel\u00e9s \u00ab\u00a0R-effectifs\u00a0\u00bb ou \u00ab\u00a0Reff\u00a0\u00bb\u00a0permettent de d\u00e9crire la dynamique de l&rsquo;\u00e9pid\u00e9mie\u00a0: lorsque le Reff est significativement sup\u00e9rieur \u00e0 1, ceci signifie que l&rsquo;\u00e9pid\u00e9mie est en progression, lorsqu&rsquo;il est \u00e9gal \u00e0 1, l&rsquo;\u00e9pid\u00e9mie se stabilise, lorsqu&rsquo;il est significativement inf\u00e9rieur \u00e0 1, l&rsquo;\u00e9pid\u00e9mie r\u00e9gresse. Au 12 d\u00e9cembre, le<strong> R effectif est repass\u00e9 au-dessus de 1 (1.03).<\/strong>\u00a0Comment ce nombre est-il calcul\u00e9\u00a0?\u00a0<\/p>\n<p>Le d\u00e9pistage du Covid-19 est r\u00e9alis\u00e9 en France par RT-PCT et par tests antig\u00e9niques. Au 28\u00a0d\u00e9cembre, le taux de positivit\u00e9 est toujours en baisse et s&rsquo;\u00e9tablit \u00e0<strong>\u00a02,8\u00a0%.<\/strong>\u00a0<strong>590 laboratoires<\/strong> testent par PCR les Fran\u00e7ais sur l&rsquo;ensemble du territoire et sont soutenus\u00a0par les pharmacies (pour les tests antig\u00e9niques).<em> \u00ab\u00a0Il reste d\u00e9terminant que chaque personne pr\u00e9sentant des sympt\u00f4mes \u00e9vocateurs de COVID-19\u00a0s&rsquo;isole imm\u00e9diatement et r\u00e9alise un test diagnostique dans les plus brefs d\u00e9lais\u00a0\u00bb<\/em> rappelle Sant\u00e9 Publique France dans ses bulletins hebdomadaires.<\/p>\n<p>Si au d\u00e9but, on ne parlait que de fi\u00e8vre, toux s\u00e8che, rhume, \u00e9tat grippal et de fatigue, les sympt\u00f4mes de l&rsquo;infection par le coronavirus ont \u00e9volu\u00e9. On sait d\u00e9sormais que le virus peut avoir des <strong>effets sur la peau<\/strong> (urticaire, l\u00e9sions inflammatoires sur les orteils), la sph\u00e8re digestive (vomissements, diarrh\u00e9es&#8230;), <strong>l&rsquo;odorat<\/strong>, le <strong>go\u00fbt <\/strong>et m\u00eame le cerveau.<em> \u00ab\u00a0Sur 100 personnes atteintes du coronavirus, 90 ne vont pas d\u00e9velopper de sympt\u00f4mes\u00a0\u00bb<\/em> a inform\u00e9 le ministre de la Sant\u00e9 le 5 novembre.<\/p>\n<div class=\"ccminsert\">\n<aside class=\"app_widget_fo app_widget_fo--list app_widget_fo--list-2-col\">\n<ul>\n<li>\n<h3>\n                    <a href=\"https:\/\/sante.journaldesfemmes.fr\/fiches-maladies\/2679367-diarrhee-covid-coronavirus-symptome-digestif-intestinaux-duree-que-faire-vomissement-traitement-bebe-jeune\/\" class=\"jGTMWidgetGAEventClick\" data-gtmwidgetgaeventaction=\"clickWidgetListOnTwoColumns\" data-gtmwidgetgaeventlabel=\"Diarrh\u00e9e et Covid-19\u00a0: dur\u00e9e, que faire, un vrai sympt\u00f4me\u00a0?\"><br \/>\n                        Diarrh\u00e9e et Covid-19\u00a0: dur\u00e9e, que faire, un vrai sympt\u00f4me\u00a0?<br \/>\n                    <\/a><br \/>\n                <\/h3>\n<\/li>\n<li>\n<h3>\n                    <a href=\"https:\/\/sante.journaldesfemmes.fr\/fiches-maladies\/2676955-covid-19-ou-gastro-enterite-difference-symptomes-fievre-diarrhee-que-faire-complications\/\" class=\"jGTMWidgetGAEventClick\" data-gtmwidgetgaeventaction=\"clickWidgetListOnTwoColumns\" data-gtmwidgetgaeventlabel=\"Covid-19\u00a0ou gastro-ent\u00e9rite\u00a0: sympt\u00f4mes, quelles diff\u00e9rences\u00a0?\"><br \/>\n                        Covid-19\u00a0ou gastro-ent\u00e9rite\u00a0: sympt\u00f4mes, quelles diff\u00e9rences\u00a0?<br \/>\n                    <\/a><br \/>\n                <\/h3>\n<\/li>\n<li>\n<h3>\n                    <a href=\"https:\/\/sante.journaldesfemmes.fr\/fiches-maladies\/2661241-rhume-ou-covid-19-rhinopharyngite-difference-comment-savoir-fievre-ecole-test-tableau-symptomes\/\" class=\"jGTMWidgetGAEventClick\" data-gtmwidgetgaeventaction=\"clickWidgetListOnTwoColumns\" data-gtmwidgetgaeventlabel=\"Rhume ou Covid-19\u00a0: tableau des diff\u00e9rences, sympt\u00f4me, comment savoir\u00a0?\"><br \/>\n                        Rhume ou Covid-19\u00a0: tableau des diff\u00e9rences, sympt\u00f4me, comment savoir\u00a0?<br \/>\n                    <\/a><br \/>\n                <\/h3>\n<\/li>\n<li>\n<h3>\n                    <a href=\"https:\/\/sante.journaldesfemmes.fr\/fiches-sante-du-quotidien\/2627657-perte-odorat-anosmie-symptome-coronavirus-covid-duree-rhume-definition-cause-traitement\/\" class=\"jGTMWidgetGAEventClick\" data-gtmwidgetgaeventaction=\"clickWidgetListOnTwoColumns\" data-gtmwidgetgaeventlabel=\"Perte de l'odorat\u00a0(anosmie)\u00a0: sympt\u00f4mes du Covid-19\u00a0ou du rhume, dur\u00e9e\"><br \/>\n                        Perte de l&rsquo;odorat\u00a0(anosmie)\u00a0: sympt\u00f4mes du Covid-19\u00a0ou du rhume, dur\u00e9e<br \/>\n                    <\/a><br \/>\n                <\/h3>\n<\/li>\n<li>\n<h3>\n                    <a href=\"https:\/\/sante.journaldesfemmes.fr\/fiches-maladies\/2665621-angine-ou-covid-19-points-communs-symptome-fievre-mal-gorge-test-difference-contagion-qui-consulter\/\" class=\"jGTMWidgetGAEventClick\" data-gtmwidgetgaeventaction=\"clickWidgetListOnTwoColumns\" data-gtmwidgetgaeventlabel=\"Angine ou Covid-19\u00a0: sympt\u00f4mes, diff\u00e9rences, test\"><br \/>\n                        Angine ou Covid-19\u00a0: sympt\u00f4mes, diff\u00e9rences, test<br \/>\n                    <\/a><br \/>\n                <\/h3>\n<\/li>\n<li>\n<h3>\n                    <a href=\"https:\/\/sante.journaldesfemmes.fr\/fiches-maladies\/2626825-coronavirus-allergie-pollen-asthme-symptomes-traitement-recommandation-conseil\/\" class=\"jGTMWidgetGAEventClick\" data-gtmwidgetgaeventaction=\"clickWidgetListOnTwoColumns\" data-gtmwidgetgaeventlabel=\"Coronavirus ou allergie\u00a0: sympt\u00f4mes, conseils pratiques\"><br \/>\n                        Coronavirus ou allergie\u00a0: sympt\u00f4mes, conseils pratiques<br \/>\n                    <\/a><br \/>\n                <\/h3>\n<\/li>\n<li>\n<h3>\n                    <a href=\"https:\/\/sante.journaldesfemmes.fr\/fiches-maladies\/2619471-grippe-ou-covid-19-coronavirus-differences-symptomes-incubation-transmission-vaccin\/\" class=\"jGTMWidgetGAEventClick\" data-gtmwidgetgaeventaction=\"clickWidgetListOnTwoColumns\" data-gtmwidgetgaeventlabel=\"Grippe ou Covid-19\u00a0: sympt\u00f4mes, comment faire la diff\u00e9rence\u00a0?\"><br \/>\n                        Grippe ou Covid-19\u00a0: sympt\u00f4mes, comment faire la diff\u00e9rence\u00a0?<br \/>\n                    <\/a><br \/>\n                <\/h3>\n<\/li>\n<li>\n<h3>\n                    <a href=\"https:\/\/sante.journaldesfemmes.fr\/fiches-maladies\/2630069-coronavirus-covid-19-cerveau-symptomes-sequelles-odorat-atteinte-lesion-attaque\/\" class=\"jGTMWidgetGAEventClick\" data-gtmwidgetgaeventaction=\"clickWidgetListOnTwoColumns\" data-gtmwidgetgaeventlabel=\"Coronavirus\u00a0et cerveau\u00a0: quels sympt\u00f4mes\u00a0?\"><br \/>\n                        Coronavirus\u00a0et cerveau\u00a0: quels sympt\u00f4mes\u00a0?<br \/>\n                    <\/a><br \/>\n                <\/h3>\n<\/li>\n<li>\n<h3>\n                    <a href=\"https:\/\/sante.journaldesfemmes.fr\/fiches-maladies\/2644147-symptomes-coronavirus-qui-reviennent-durent-syndrome-post-covid-que-faire\/\" class=\"jGTMWidgetGAEventClick\" data-gtmwidgetgaeventaction=\"clickWidgetListOnTwoColumns\" data-gtmwidgetgaeventlabel=\"Syndrome post-Covid\u00a0: que faire quand les sympt\u00f4mes reviennent\u00a0?\"><br \/>\n                        Syndrome post-Covid\u00a0: que faire quand les sympt\u00f4mes reviennent\u00a0?<br \/>\n                    <\/a><br \/>\n                <\/h3>\n<\/li>\n<li>\n<h3>\n                    <a href=\"https:\/\/sante.journaldesfemmes.fr\/fiches-sante-du-quotidien\/2627543-perte-sens-gout-agueusie-symptome-coronavirus-covid-19-cause-traitement\/\" class=\"jGTMWidgetGAEventClick\" data-gtmwidgetgaeventaction=\"clickWidgetListOnTwoColumns\" data-gtmwidgetgaeventlabel=\"Perte du go\u00fbt (agueusie)\u00a0: causes et comment le retrouver\u00a0?\"><br \/>\n                        Perte du go\u00fbt (agueusie)\u00a0: causes et comment le retrouver\u00a0?<br \/>\n                    <\/a><br \/>\n                <\/h3>\n<\/li>\n<\/ul>\n<\/aside>\n<\/div>\n<ul>\n<li><strong>Si vous pr\u00e9sentez des\u00a0sympt\u00f4mes (toux, fi\u00e8vre, mal de t\u00eate) : <\/strong>\u00e9vitez\u00a0les contacts, restez\u00a0\u00e0 domicile, prenez du parac\u00e9tamol si besoin, appelez\u00a0un m\u00e9decin pour prendre rendez-vous dans l&rsquo;\u00e9ventualit\u00e9 qu&rsquo;il vous fasse passer un test de d\u00e9pistage.\u00a0<\/li>\n<li><strong>Appeler le\u00a015 en cas de\u00a0difficult\u00e9s respiratoires : \u00ab\u00a0<\/strong><em>Si cette toux et cette fi\u00e8vre s&rsquo;accompagnent d&rsquo;une g\u00eane respiratoire qui devient permanente avec souffle court, difficult\u00e9 \u00e0 inspirer et \u00e0 expirer, d&rsquo;une aggravation importante de la toux, cela peut signifier une \u00e9volution de la maladie sous la forme d&rsquo;une pneumopathie. Il s&rsquo;agit alors d&rsquo;une urgence respiratoire potentielle et comme dans tous les cas d&rsquo;urgence, il faut alors appeler le 15\u00a0qui prendra les meilleures dispositions pour r\u00e9pondre \u00e0 la situation\u00a0\u00bb, <\/em>pr\u00e9vient le Dr\u00a0Patrick Aub\u00e9, m\u00e9decin g\u00e9n\u00e9raliste. \u00a0<\/li>\n<\/ul>\n<p>Le vaccin Pfizer est autoris\u00e9 dans l&rsquo;Europe le 21 d\u00e9cembre. <strong>La vaccination a commenc\u00e9\u00a0en France dimanche 27 d\u00e9cembre.<\/strong>\u00a0Samedi 26 d\u00e9cembre, <strong>les premi\u00e8res doses du vaccin Pfizer\/BioNtech sont arriv\u00e9es en France<\/strong>, en provenance de Puurs (Belgique). Le plan de vaccination des Fran\u00e7ais contre l&rsquo;infection Covid-19\u00a0a \u00e9t\u00e9 pr\u00e9sent\u00e9 par Jean Castex et Olivier V\u00e9ran\u00a0le 16\u00a0d\u00e9cembre \u00e0 l&rsquo;Assembl\u00e9e. Il suit les recommandations de la Haute Autorit\u00e9 de Sant\u00e9 pour l&rsquo;ordre des personnes \u00e0 vacciner. Apr\u00e8s avoir donn\u00e9 la possibilit\u00e9 \u00e0\u00a01\u00a0million de personnes dans les Ehpad de se vacciner en janvier (pensionnaires et personnel soignant), \u00ab\u00a0<em>il y aura ensuite la <strong>deuxi\u00e8me \u00e9tape, <\/strong>selon le rythme de livraison des vaccins. Elle va concerner les gens par cat\u00e9gories d&rsquo;\u00e2ge (&#8230;) les <strong>plus de 75\u00a0ans, puis les plus de 65\u00a0ans <\/strong>et enfin les plus de 50\u00a0ans avec les personnels de sant\u00e9 et du secteur m\u00e9dico-social lorsqu&rsquo;ils sont \u00e2g\u00e9s de 50\u00a0ans et plus ou qu&rsquo;ils pr\u00e9sentent des comorbidit\u00e9s\u00a0\u00bb<\/em>, a pr\u00e9cis\u00e9 le ministre. Au <strong>printemps<\/strong>, \u00ab\u00a0<em>nous pourrons \u00e9tendre progressivement la strat\u00e9gie da vaccination au <strong>grand public.\u00a0\u00bb<\/strong><\/em><\/p>\n<table border=\"1\" cellpadding=\"1\" cellspacing=\"1\" style=\"width:100%;\">\n<thead>\n<tr>\n<th scope=\"col\" style=\"text-align: center;\"><strong>DATES CL\u00c9S DE L&rsquo;\u00c9PID\u00c9MIE EN FRANCE<\/strong><\/th>\n<\/tr>\n<\/thead>\n<tbody>\n<tr>\n<td>\n<ul>\n<li><strong>31\u00a0d\u00e9cembre 2019,<\/strong> l&rsquo;Organisation mondiale de la Sant\u00e9 en Chine est inform\u00e9e de plusieurs cas de pneumonies dans la ville de Wuhan. 44\u00a0personnes sont infect\u00e9es entre cette date et le 3\u00a0janvier 2020.<\/li>\n<li><strong>7\u00a0janvier 2020, <\/strong>les autorit\u00e9s chinoises identifient un \u00ab\u00a0nouveau type de coronavirus\u00a0\u00bb.<\/li>\n<li><strong>13\u00a0janvier, <\/strong>un cas import\u00e9 est recens\u00e9 en Tha\u00eflande.<\/li>\n<li><strong>15\u00a0janvier<\/strong>, le virus cause\u00a0la mort d&rsquo;<strong>une premi\u00e8re\u00a0personne \u00e0 Wuhan<\/strong>, un homme de 69\u00a0ans.\u00a0<\/li>\n<li><strong>23\u00a0janvier,<\/strong> trois villes chinoises dont Wuhan sont plac\u00e9es en quarantaine.<\/li>\n<li><strong>25\u00a0janvier, trois personnes\u00a0contamin\u00e9es sont recens\u00e9es en France<\/strong>, deux \u00e0 Paris et une Bordeaux. Ce sont les premiers cas enregistr\u00e9s sur le continent europ\u00e9en.<\/li>\n<li><strong>30\u00a0janvier, <\/strong>l&rsquo;Organisation mondiale de la Sant\u00e9 <strong>d\u00e9cr\u00e8te\u00a0l&rsquo;<a href=\"https:\/\/sante.journaldesfemmes.fr\/fiches-maladies\/2608035-urgence-de-sante-publique-de-portee-internationale-definition-oms-coronavirus\/\" target=\"_blank\" rel=\"noopener noreferrer\">urgence de sant\u00e9 mondiale<\/a><\/strong>.\u00a0Cette mesure n&rsquo;avait \u00e9t\u00e9 d\u00e9cr\u00e9t\u00e9e que 5\u00a0fois depuis sa cr\u00e9ation (pour Ebola (deux fois), la grippe H1N1, Zika et la poliomy\u00e9lite).\u00a0<\/li>\n<li><strong>23\u00a0f\u00e9vrier, <\/strong>la France d\u00e9clenche le <a href=\"https:\/\/sante.journaldesfemmes.fr\/fiches-maladies\/2622449-plan-orsan-reb-definition-signification-qui-declenche-coronavirus-definition-duree\/\" target=\"_blank\" rel=\"noopener noreferrer\">plan ORSAN<\/a>, un dispositif exceptionnel d&rsquo;organisation des soins.<\/li>\n<li><strong>28\u00a0f\u00e9vrier,<\/strong> la France passe en stade 2\u00a0de l&rsquo;\u00e9pid\u00e9mie.<\/li>\n<li><strong>11\u00a0mars, <\/strong>l&rsquo;OMS classifie de <strong>pand\u00e9mie <\/strong>la diffusion de la maladie \u00e0 coronavirus Covid-19\u00a0dans le monde.<\/li>\n<li><strong>12\u00a0mars<\/strong>, le pr\u00e9sident de la R\u00e9publique Emmanuel Macron annonce la fermeture nationale des cr\u00e8ches et \u00e9tablissements scolaires de France \u00e0 compter du 16\u00a0mars et \u00ab\u00a0jusqu&rsquo;\u00e0 nouvel ordre\u00a0\u00bb.<\/li>\n<li><strong>14\u00a0mars<\/strong>, la France passe au <a href=\"https:\/\/sante.journaldesfemmes.fr\/fiches-maladies\/2625289-coronavirus-covid-19-stade-1-2-3-4-duree-mesure-france-signification-quand\/\" target=\"_blank\" rel=\"noopener noreferrer\"><strong>stade 3 <\/strong><\/a>de l&rsquo;\u00e9pid\u00e9mie.<\/li>\n<li><strong>16\u00a0mars\u00a0:<\/strong>\u00a0la France met en place un dispositif de confinement interdisant les d\u00e9placements.<\/li>\n<li><strong>18\u00a0mars<\/strong> le premier transfert de patients Covid-19\u00a0en France est r\u00e9alis\u00e9\u00a0gr\u00e2ce \u00e0 l&rsquo;Arm\u00e9e, par voie terrestre et a\u00e9rienne.\u00a0<\/li>\n<li><strong>26\u00a0mars<\/strong>, un premier cas jeune meurt en France, une adolescente de 16\u00a0ans, en Ile-de-France originaire de Morsang-sur-Orge.<\/li>\n<li><strong>27\u00a0mars,<\/strong> le confinement de la population fran\u00e7aise est renouvel\u00e9 jusqu&rsquo;au 15\u00a0avril.<\/li>\n<li><strong>13\u00a0avril,<\/strong> Emmanuel Macron annonce le prolongement du confinement jusqu&rsquo;au 11\u00a0mai.<\/li>\n<li><strong>11\u00a0mai, <\/strong>la France commence son d\u00e9confinement.<\/li>\n<li><strong>\u00a015\u00a0juin<\/strong>, toute la France passe en zone verte, sauf Mayotte et la Guyane. \u00c0\u00a0Paris, les restaurants et bars peuvent rouvrir compl\u00e8tement.<\/li>\n<li><strong>22\u00a0juin, <\/strong>les \u00e9coles sont de nouveaux obligatoires en France pour tous les \u00e9l\u00e8ves. Les cin\u00e9mas, salles de jeux, casinos rouvrent. Les sports collectifs peuvent \u00eatre autoris\u00e9s tout en respectant certaines conditions sanitaires.<\/li>\n<li><strong>10\u00a0juillet<\/strong>, la <strong>France <\/strong>a franchi la barre des 30\u00a0000\u00a0morts. Dans la nuit du 10\u00a0au 11\u00a0juillet \u00e0 minuit, l&rsquo;\u00e9tat d&rsquo;urgence sanitaire prend fin en France.<\/li>\n<li><strong>\u00a020\u00a0juillet,<\/strong>\u00a0le <strong>port du masque est obligatoire <\/strong>dans les lieux publics clos en France.<\/li>\n<li><strong>8 octobre, <\/strong>le<strong> plan blanc est r\u00e9activ\u00e9 <\/strong>dans les h\u00f4pitaux d&rsquo;Ile-de-France.<\/li>\n<li><strong>17 octobre \u00e0 0h01<\/strong>, la France repasse en \u00e9tat d&rsquo;urgence sanitaire et un <strong>couvre-feu <\/strong>est instaur\u00e9 dans 9 territoires\u00a0(Paris-Ile-de-France, Rouen, Grenoble, Lille, Lyon, Aix-Marseille, Montpellier, Saint-Etienne, Toulouse).<\/li>\n<li><strong>24 octobre \u00e0 0h01 :<\/strong> extension des mesures de couvre-feu \u00e0 38 nouveaux d\u00e9partements fran\u00e7ais.<\/li>\n<li><strong>29 octobre \u00e0 0h01<\/strong> : reconfinement national pour 4 semaines, jusqu&rsquo;au 1er d\u00e9cembre au minimum.<\/li>\n<li><strong>28 novembre : <\/strong>premi\u00e8re \u00e9tape d&rsquo;all\u00e8gement du confinement avec la r\u00e9ouverture des commerces non essentiels.<\/li>\n<li><strong>15 d\u00e9cembre : <\/strong>seconde \u00e9tape\u00a0d&rsquo;all\u00e8gement du confinement avec le passage \u00e0 un couvre-feu de 20 heures \u00e0 6 heures du matin.<\/li>\n<li><strong>31 d\u00e9cembre<\/strong> : couvre-feu impos\u00e9 le soir du 31 d\u00e9cembre, de 20 heures \u00e0 6 heures du matin.<\/li>\n<li><strong>21 d\u00e9cembre<\/strong> : autorisation du vaccin Pfizer en Europe.<\/li>\n<li><strong>24 d\u00e9cembre<\/strong> : autorisation du vaccin Pfizer BioNTech en France.<\/li>\n<li><strong>27 d\u00e9cembre :<\/strong> d\u00e9but de la vaccination en France et dans l&rsquo;Union europ\u00e9enne avec le vaccin Pfizer BioNTech.<\/li>\n<\/ul>\n<\/td>\n<\/tr>\n<\/tbody>\n<\/table>\n<p><em>Cet article est mis \u00e0 jour quotidiennement par <a href=\"https:\/\/www.journaldesfemmes.fr\/account\/ablaize-11409696\" target=\"_blank\" rel=\"noopener noreferrer\">Aur\u00e9lie Blaize<\/a>, <a href=\"https:\/\/www.journaldesfemmes.fr\/account\/anaisthiebaux-10573564\" target=\"_blank\" rel=\"noopener noreferrer\">Ana\u00efs Thi\u00e9baux<\/a> et <a href=\"https:\/\/www.journaldesfemmes.fr\/account\/samanthapages-11598093\" target=\"_blank\" rel=\"noopener noreferrer\">Samantha Pag\u00e8s<\/a>.\u00a0<\/em><\/p>\n<\/section>\n<\/div>\n<p>[ad_2]<br \/>\n<br \/><a href=\"https:\/\/sante.journaldesfemmes.fr\/fiches-maladies\/2605417-covid-19-france-coronavirus-direct-chiffres-nombre-nouveau-cas-nombre-morts-deces-bilan-reconfinement-veran\/\">Source link <\/a><\/p>\n","protected":false},"excerpt":{"rendered":"<p>[ad_1] CORONAVIRUS DIRECT &#8211; 11\u00a0395\u00a0nouveaux cas et 384\u00a0d\u00e9c\u00e8s ont \u00e9t\u00e9 enregistr\u00e9s ces derni\u00e8res 24\u00a0heures. Le nombre de personnes hospitalis\u00e9es continue &hellip; <a href=\"https:\/\/www.affinite.fr\/index.php\/2020\/12\/29\/olivier-veran-au-20h-chiffres-du-jour\/\" class=\"more-link\">Plus <span class=\"screen-reader-text\">Olivier V\u00e9ran au 20h, chiffres du jour<\/span> <span class=\"meta-nav\">&rarr;<\/span><\/a><\/p>\n","protected":false},"author":1,"featured_media":5732,"comment_status":"open","ping_status":"open","sticky":false,"template":"","format":"standard","meta":{"_sitemap_exclude":false,"_sitemap_priority":"","_sitemap_frequency":"","footnotes":""},"categories":[1],"tags":[],"class_list":["post-5731","post","type-post","status-publish","format-standard","has-post-thumbnail","hentry","category-tous"],"_links":{"self":[{"href":"https:\/\/www.affinite.fr\/index.php\/wp-json\/wp\/v2\/posts\/5731"}],"collection":[{"href":"https:\/\/www.affinite.fr\/index.php\/wp-json\/wp\/v2\/posts"}],"about":[{"href":"https:\/\/www.affinite.fr\/index.php\/wp-json\/wp\/v2\/types\/post"}],"author":[{"embeddable":true,"href":"https:\/\/www.affinite.fr\/index.php\/wp-json\/wp\/v2\/users\/1"}],"replies":[{"embeddable":true,"href":"https:\/\/www.affinite.fr\/index.php\/wp-json\/wp\/v2\/comments?post=5731"}],"version-history":[{"count":0,"href":"https:\/\/www.affinite.fr\/index.php\/wp-json\/wp\/v2\/posts\/5731\/revisions"}],"wp:featuredmedia":[{"embeddable":true,"href":"https:\/\/www.affinite.fr\/index.php\/wp-json\/wp\/v2\/media\/5732"}],"wp:attachment":[{"href":"https:\/\/www.affinite.fr\/index.php\/wp-json\/wp\/v2\/media?parent=5731"}],"wp:term":[{"taxonomy":"category","embeddable":true,"href":"https:\/\/www.affinite.fr\/index.php\/wp-json\/wp\/v2\/categories?post=5731"},{"taxonomy":"post_tag","embeddable":true,"href":"https:\/\/www.affinite.fr\/index.php\/wp-json\/wp\/v2\/tags?post=5731"}],"curies":[{"name":"wp","href":"https:\/\/api.w.org\/{rel}","templated":true}]}}