{"id":5709,"date":"2020-12-25T14:03:02","date_gmt":"2020-12-25T14:03:02","guid":{"rendered":"https:\/\/www.affinite.fr\/index.php\/2020\/12\/25\/la-belle-et-la-bete-connaissez-vous-le-prenom-de-la-bete-actus-cine\/"},"modified":"2020-12-25T14:03:02","modified_gmt":"2020-12-25T14:03:02","slug":"la-belle-et-la-bete-connaissez-vous-le-prenom-de-la-bete-actus-cine","status":"publish","type":"post","link":"https:\/\/www.affinite.fr\/index.php\/2020\/12\/25\/la-belle-et-la-bete-connaissez-vous-le-prenom-de-la-bete-actus-cine\/","title":{"rendered":"La Belle et la B\u00eate : connaissez-vous le pr\u00e9nom de la B\u00eate ? &#8211; Actus Cin\u00e9"},"content":{"rendered":"<p> [ad_1]<br \/>\n<\/p>\n<div id=\"article-container\">\n<p class=\"article-lead\">Avant d&rsquo;\u00eatre transform\u00e9 en monstre hybride, le Prince de \u00ab\u00a0La Belle et la B\u00eate\u00a0\u00bb avait une apparence humaine et, on l&rsquo;imagine, un pr\u00e9nom. M\u00eame si cela n&rsquo;est jamais mentionn\u00e9 dans le film, certaines rumeurs avancent qu&rsquo;il s&rsquo;appelle en r\u00e9alit\u00e9 Adam.<\/p>\n<div id=\"article-content\">\n<figure class=\"article-figure article-main-figure\"><img loading=\"lazy\" decoding=\"async\" class=\"article-figure-img\" width=\"640\" height=\"360\" src=\"https:\/\/fr.web.img6.acsta.net\/r_640_360\/newsv7\/20\/12\/18\/12\/39\/1256753.png\"\/><figcaption class=\"article-figcaption-copy\">Walt Disney Pictures<\/figcaption><\/figure>\n<p>Pendant 1h30 dans le classique Disney de 1991, et un peu plus de 2 heures dans la nouvelle adaptation de <a title=\"Bill Condon (U.S.A.) (R\u00e9alisateur,Sc\u00e9nariste,Producteur d\u00e9l\u00e9gu\u00e9)\" href=\"http:\/\/www.allocine.fr\/personne\/fichepersonne_gen_cpersonne=22170.html\">Bill Condon<\/a>, on l&rsquo;entend parler, grogner ou m\u00eame rugir. Mais \u00e0 aucun moment la B\u00eate ne nous d\u00e9voile son v\u00e9ritable pr\u00e9nom. Pourtant, on l&rsquo;imagine, avant sa transformation, le Prince devait forc\u00e9ment s&rsquo;appeler autrement. Et m\u00eame si dans le long m\u00e9trage, le choix est fait de ne jamais mentionner son nom, certaines rumeurs notamment bas\u00e9es sur des produits d\u00e9riv\u00e9s de <a title=\"La Belle et la B\u00eate (U.S.A.) - 1991 (Animation,Famille,Romance)\" href=\"http:\/\/www.allocine.fr\/film\/fichefilm_gen_cfilm=7229.html\">La Belle et la B\u00eate<\/a>\u00a0pr\u00e9tendent qu&rsquo;il se pr\u00e9nomme&#8230; Adam.\u00a0<\/p>\n<p>En effet, m\u00eame si ce nom n&rsquo;a jamais \u00e9t\u00e9 officiellement attribu\u00e9 au personnage par Disney au cin\u00e9ma, la B\u00eate se fait bel et bien appeler ainsi dans des jeux vid\u00e9o tels que <i>The D Quiz<\/i> (d\u00e9velopp\u00e9 par Cyberflix en 1998), dans la licence <i>Kingdom Hearts<\/i>, ainsi que dans la com\u00e9die musicale de Broadway.\u00a0<\/p>\n<div class=\"article-figure-holder\">\n<figure class=\"article-figure mceNonEditable\"><img loading=\"lazy\" decoding=\"async\" class=\"article-figure-img\" src=\"data:image\/gif;base64,R0lGODlhAgABAPAAAAAAAAAAACH5BAEAAAAAIf8LSW1hZ2VNYWdpY2sNZ2FtbWE9MC40NTQ1NQAsAAAAAAIAAQAAAgIECgA7\" data-src=\"https:\/\/fr.web.img6.acsta.net\/r_640_256\/newsv7\/17\/03\/24\/15\/53\/466271.jpg\" width=\"640\" height=\"320\"\/><span class=\"article-figcaption-copy\">Disney \/ Cyberflix<\/span><figcaption class=\"article-figcaption\">\n            Le Prince Adam dans le jeu \u00ab\u00a0The D Show\u00a0\u00bb<br \/>\n        <\/figcaption><\/figure>\n<\/div>\n<p>La rumeur, bien que r\u00e9cus\u00e9e par le superviseur du personnage <a title=\"Glen Keane (Ind\u00e9fini) (Animateur,Directeur de l'animation,R\u00e9alisateur)\" href=\"http:\/\/www.allocine.fr\/personne\/fichepersonne_gen_cpersonne=208680.html\">Glen Keane<\/a>, veut que ce pr\u00e9nom ait \u00e9t\u00e9 donn\u00e9 \u00e0 la B\u00eate pendant la production du film, comme une sorte de \u00ab\u00a0nom de code\u00a0\u00bb ou de \u00ab\u00a0nom de travail\u00a0\u00bb, ainsi que l&rsquo;avait expliqu\u00e9 l&rsquo;actrice <a title=\"Paige O'Hara (Ind\u00e9fini) (Acteur)\" href=\"http:\/\/www.allocine.fr\/personne\/fichepersonne_gen_cpersonne=68064.html\">Paige O&rsquo;Hara<\/a>\u00a0qui doublait Belle en version originale lors d&rsquo;une session de Q&amp;A.\u00a0<\/p>\n<p>M\u00eame si Glen Keane a assur\u00e9 en interview qu&rsquo;il avait toujours fait r\u00e9f\u00e9rence au personnage uniquement en l&rsquo;appelant \u00ab\u00a0La B\u00eate\u00a0\u00bb, d&rsquo;autres th\u00e9ories avanc\u00e9es sur Internet pr\u00e9tendent que le pr\u00e9nom Adam pourrait faire r\u00e9f\u00e9rence au premier homme cr\u00e9\u00e9 par Dieu dans la Gen\u00e8se, et ainsi concorder avec les influences bibliques de Glen Keane durant la production du film, notamment pour la s\u00e9quence finale dans laquelle la B\u00eate se transforme \u00e0 nouveau en Prince, ainsi que l&rsquo;expliquait lui-m\u00eame l&rsquo;animateur dans les bonus DVD du dessin anim\u00e9 :<\/p>\n<div class=\"article-figure-holder\">\n<figure class=\"article-figure mceNonEditable\"><img loading=\"lazy\" decoding=\"async\" class=\"article-figure-img\" src=\"data:image\/gif;base64,R0lGODlhAgABAPAAAAAAAAAAACH5BAEAAAAAIf8LSW1hZ2VNYWdpY2sNZ2FtbWE9MC40NTQ1NQAsAAAAAAIAAQAAAgIECgA7\" data-src=\"https:\/\/fr.web.img5.acsta.net\/r_640_256\/newsv7\/17\/03\/24\/16\/22\/568915.jpg\" width=\"640\" height=\"320\"\/><span class=\"article-figcaption-copy\">Walt Disney Pictures<\/span><\/p>\n<\/figure>\n<\/div>\n<blockquote class=\"article-quote\"><p>Il s\u2019agit vraiment d\u2019une transformation int\u00e9rieure spirituelle pour la B\u00eate.<\/p><\/blockquote>\n<p><i>\u00ab\u00a0Lorsque j\u2019ai commenc\u00e9 \u00e0 animer cette sc\u00e8ne, je me suis rendu compte que, pour moi, il s\u2019agissait vraiment d\u2019une expression de ma vie spirituelle. Il y a un verset dans la Bible qui dit : \u2018Si quelqu&rsquo;un est en Christ, il est une nouvelle cr\u00e9ature. Les choses anciennes sont pass\u00e9es ; voici, toutes choses sont devenues nouvelles.\u2019 Et j\u2019ai \u00e9crit ces mots sur ma fiche d\u2019exposition alors que je dessinais cette sc\u00e8ne car il s\u2019agit vraiment d\u2019une transformation int\u00e9rieure spirituelle pour la B\u00eate. J\u2019ai vu \u00e7a comme une parabole de ma propre vie,\u00a0\u00bb<\/i> raconte Glen Keane.\u00a0<\/p>\n<p><span><strong>(Re)d\u00e9couvrez la transformation d'\u00a0\u00bbAdam\u00a0\u00bb en tr\u00e8s bonne place de ce Top 5&#8230;<\/strong><\/span><\/p>\n<p>\u00a0<\/p>\n<\/p><\/div>\n<\/p><\/div>\n<p>[ad_2]<br \/>\n<br \/><a href=\"http:\/\/rss.allocine.fr\/~r\/ac\/actualites\/~3\/LJNMCbO1CCQ\/fichearticle_gen_carticle=18695513.html\">Source link <\/a><\/p>\n","protected":false},"excerpt":{"rendered":"<p>[ad_1] Avant d&rsquo;\u00eatre transform\u00e9 en monstre hybride, le Prince de \u00ab\u00a0La Belle et la B\u00eate\u00a0\u00bb avait une apparence humaine et, &hellip; <a href=\"https:\/\/www.affinite.fr\/index.php\/2020\/12\/25\/la-belle-et-la-bete-connaissez-vous-le-prenom-de-la-bete-actus-cine\/\" class=\"more-link\">Plus <span class=\"screen-reader-text\">La Belle et la B\u00eate : connaissez-vous le pr\u00e9nom de la B\u00eate ? &#8211; Actus Cin\u00e9<\/span> <span class=\"meta-nav\">&rarr;<\/span><\/a><\/p>\n","protected":false},"author":1,"featured_media":5710,"comment_status":"open","ping_status":"open","sticky":false,"template":"","format":"standard","meta":{"_sitemap_exclude":false,"_sitemap_priority":"","_sitemap_frequency":"","footnotes":""},"categories":[1],"tags":[],"class_list":["post-5709","post","type-post","status-publish","format-standard","has-post-thumbnail","hentry","category-tous"],"_links":{"self":[{"href":"https:\/\/www.affinite.fr\/index.php\/wp-json\/wp\/v2\/posts\/5709"}],"collection":[{"href":"https:\/\/www.affinite.fr\/index.php\/wp-json\/wp\/v2\/posts"}],"about":[{"href":"https:\/\/www.affinite.fr\/index.php\/wp-json\/wp\/v2\/types\/post"}],"author":[{"embeddable":true,"href":"https:\/\/www.affinite.fr\/index.php\/wp-json\/wp\/v2\/users\/1"}],"replies":[{"embeddable":true,"href":"https:\/\/www.affinite.fr\/index.php\/wp-json\/wp\/v2\/comments?post=5709"}],"version-history":[{"count":0,"href":"https:\/\/www.affinite.fr\/index.php\/wp-json\/wp\/v2\/posts\/5709\/revisions"}],"wp:featuredmedia":[{"embeddable":true,"href":"https:\/\/www.affinite.fr\/index.php\/wp-json\/wp\/v2\/media\/5710"}],"wp:attachment":[{"href":"https:\/\/www.affinite.fr\/index.php\/wp-json\/wp\/v2\/media?parent=5709"}],"wp:term":[{"taxonomy":"category","embeddable":true,"href":"https:\/\/www.affinite.fr\/index.php\/wp-json\/wp\/v2\/categories?post=5709"},{"taxonomy":"post_tag","embeddable":true,"href":"https:\/\/www.affinite.fr\/index.php\/wp-json\/wp\/v2\/tags?post=5709"}],"curies":[{"name":"wp","href":"https:\/\/api.w.org\/{rel}","templated":true}]}}