{"id":5661,"date":"2020-12-16T18:42:12","date_gmt":"2020-12-16T18:42:12","guid":{"rendered":"https:\/\/www.affinite.fr\/index.php\/2020\/12\/16\/deplacements-en-famille-quelles-regles-en-couvre-feu\/"},"modified":"2020-12-16T18:42:12","modified_gmt":"2020-12-16T18:42:12","slug":"deplacements-en-famille-quelles-regles-en-couvre-feu","status":"publish","type":"post","link":"https:\/\/www.affinite.fr\/index.php\/2020\/12\/16\/deplacements-en-famille-quelles-regles-en-couvre-feu\/","title":{"rendered":"D\u00e9placements en famille\u00a0: quelles r\u00e8gles en couvre-feu\u00a0?"},"content":{"rendered":"<p> [ad_1]<br \/>\n<br \/><img decoding=\"async\" src=\"https:\/\/img-3.journaldesfemmes.fr\/ne8xAe_izQ0brYPgAJy_0SQPpUY=\/1280x\/smart\/450a03d62f274837bcbf5359331d08a8\/ccmcms-jdf\/20844341.jpg\" \/><\/p>\n<p>\n                Fin de l&rsquo;attestation scolaire, reprises des activit\u00e9s sportives pour enfants, nouvelle attestation, retrouvailles pour No\u00ebl&#8230; On fait le point sur les d\u00e9placements en famille durant la p\u00e9riode de couvre-feu.            <\/p>\n<div>\n<aside class=\"ccmsummary marqueur_module ccmcss_cms_summary ccmcss_cms_summary--right\">\n<p>Sommaire<\/p>\n<\/aside>\n<p><strong>[Mise \u00e0 jour du 16 d\u00e9cembre \u00e0 19h36].<\/strong>\u00a0Depuis le 15 d\u00e9cembre, le <a href=\"https:\/\/www.journaldesfemmes.fr\/societe\/actu\/2670599-confinement-deconfinement-autoconfinement-attestation-covid-sorties-vacances-noel-nouvel-an-couvre-feu\/\" title=\"Confin\u00e9\">confinement<\/a> a laiss\u00e9 place au <strong>couvre-feu.<\/strong>\u00a0Vous pouvez donc circuler librement (sans autorisation) avec vos enfants de<strong> 6h du matin \u00e0 20h <\/strong>sur tout le territoire. Seule exception, le soir du 24 d\u00e9cembre, qui ne sera pas soumis au <a href=\"https:\/\/www.journaldesfemmes.fr\/societe\/actu\/2667169-couvre-feu-20h-6h-noel-nouvel-an-reveillon-attestation\/\" title=\"Couvre Feu\">couvre-feu<\/a> pour permettre aux familles de se retrouver pour le <strong>r\u00e9veillon de No\u00ebl.<\/strong> Le gouvernement autorise m\u00eame les <strong>d\u00e9placements entre les r\u00e9gions<\/strong> pour permettre aux Fran\u00e7ais de passer des <strong>f\u00eates de No\u00ebl en famille<\/strong>.\u00a0En dehors de ces cr\u00e9neaux <em>\u00ab\u00a0le syst\u00e8me de l&rsquo;attestation reste en vigueur\u00a0\u00bb<\/em> et<a href=\"http:\/\/media.interieur.gouv.fr\/deplacement-covid-19\/\"> <strong>l&rsquo;attestation de d\u00e9placement<\/strong> est mise \u00e0 jour sur le site du gouvernement<\/a>.\u00a0La pratique d&rsquo;<strong>activit\u00e9s extra-scolaires en plein air et en int\u00e9rieur est<\/strong>\u00a0\u00e9galement \u00e0 nouveau autoris\u00e9e\u00a0depuis le 15\u00a0d\u00e9cembre. Pour se rendre au<strong> cin\u00e9ma, dans un th\u00e9\u00e2tre ou un mus\u00e9e<\/strong>, ou encore dans une station de ski,\u00a0il faudra patienter jusqu&rsquo;au 7 janvier 2021. Enfin, en ce qui concerne\u00a0l&rsquo;ouverture des bars et des restaurants, pas de r\u00e9ouverture pr\u00e9vue avant le 20 janvier et si toutefois\u00a0les conditions sanitaires le permettent.\u00a0<\/p>\n<p><a id=\"attestation-scolaire-couvre-feu\" name=\"attestation-scolaire-couvre-feu\" target=\"_blank\" rel=\"noopener noreferrer\"><span style=\"font-size: 1.125rem; font-weight: 700;\">A-t-on encore besoin de l&rsquo;attestation scolaire pour aller chercher les enfants \u00e0 l&rsquo;\u00e9cole ?<\/span><\/a><\/p>\n<p>Non.\u00a0La fin du confinement a sonn\u00e9 la<strong> fin de l&rsquo;attestation scolaire <\/strong>que l&rsquo;on devait obligatoirement avoir sur soi pour accompagner ou r\u00e9cup\u00e9rer les enfants \u00e0 l&rsquo;\u00e9cole.\u00a0<\/p>\n<h2\/>\n<p>Depuis le 15\u00a0d\u00e9cembre, toutes <strong>les activit\u00e9s sportives et extra-scolaires pour les enfants (moins de 18\u00a0ans) peuvent d\u00e9sormais reprendre, \u00e0 l&rsquo;ext\u00e9rieur comme en salles<\/strong> (danse, piscine, etc.) \u00e0 l&rsquo;exception des sports de contact, mais elles doivent respecter des r\u00e8gles sanitaires strictes. Idem pour les <strong>sorties scolaires et p\u00e9riscolaires<\/strong> qui sont \u00e0 nouveau\u00a0autoris\u00e9es. Le tout <em>\u00ab\u00a0dans le respect des horaires du couvre-feu\u00a0\u00bb<\/em>, comme l&rsquo;a sp\u00e9cifi\u00e9\u00a0le gouvernement.\u00a0<\/p>\n<p>En cas de besoin de vous d\u00e9placer pour raisons professionnelles, de sant\u00e9 (vous rendre chez le m\u00e9decin, \u00e0 l&rsquo;h\u00f4pital ou \u00e0 la pharmacie) ou motif familial imp\u00e9rieux, en dehors des horaires du couvre-feu, il vous faudra vous munir d&rsquo;une\u00a0<strong>attestation de d\u00e9placement d\u00e9rogatoire<\/strong>\u00a0en\u00a0version en papier ou num\u00e9rique pr\u00e9cisant la raison de cette\u00a0sortie.<\/p>\n<h3>Garde altern\u00e9e, nounous : des motifs familiaux\u00a0imp\u00e9rieux<\/h3>\n<p>Les <strong>enfants de parents s\u00e9par\u00e9s et\/ou\u00a0en garde altern\u00e9e<\/strong> qui habitent loin de l&rsquo;autre parent peuvent \u00eatre raccompagn\u00e9s en dehors de ces horaires moyennant un attestation le justifiant.\u00a0De m\u00eame,<strong> <\/strong>si vous faites appel \u00e0 <strong>une baby-sitter ou \u00e0 une nounou\u00a0pour garder vos enfants \u00e0 domicile<\/strong>, en cas de besoin l\u00e9gitime, c&rsquo;est \u00e9galement le motif familial imp\u00e9rieux qu&rsquo;il vous faut\u00a0renseigner et fournir un<strong> justificatif de d\u00e9placement professionnel <\/strong>\u00e0 la nounou afin qu&rsquo;elle puisse venir et rentrer chez elle en dehors des horaires impos\u00e9s par le couvre-feu. Ce justificatif devra alors s&rsquo;accompagner de l&rsquo;attestation de d\u00e9placement d\u00e9rogatoire.<\/p>\n<p>Depuis le 28\u00a0novembre, les commerces ont pu rouvrir leurs portes mais doivent respecter la<strong> jauge de 8\u00a0m\u00b2 par client<\/strong>. Vous faites vos courses en famille\u00a0? Sachez que, selon le site de l&rsquo;administration fran\u00e7aise,\u00a0<strong>un couple ou un parent avec son enfant\u00a0 comptent\u00a0comme une seule personne<\/strong>. Si vous faites vos achats avec votre conjoint et vos deux enfants, vous serez alors comptabilis\u00e9s comme 2\u00a0entrants.<\/p>\n<aside id=\"NL_1105977600\" class=\"newsletter_subscription jNlBlock\"><noscript><br \/>\n            <\/noscript><\/p>\n<h3 class=\"newsletter_subscription-title\">Newsletter <\/h3>\n<p><a href=\"\/\/mailing.ccmbg.com\/archive\/last-85\" target=\"_blank\" class=\"a_hover\" rel=\"noopener noreferrer\">Voir un exemple<\/a><\/p>\n<\/aside>\n<p>Oui, mais en faisant preuve de prudence. Ce 26 novembre, Jean Castex a pr\u00e9cis\u00e9 qu&rsquo;\u00e0 No\u00ebl, <strong><a href=\"https:\/\/sante.journaldesfemmes.fr\/fiches-maladies\/2608487-voyager-covid-19-vacances-france-etranger-europe-test-noel-ski-guadeloupe-outre-mer-condition-test-corse\/\" target=\"_blank\" rel=\"noopener noreferrer\">les Fran\u00e7ais pourront se d\u00e9placer entre r\u00e9gions<\/a> afin de passer les f\u00eates en famille<\/strong>. Ils pourront aussi <strong>partir \u00e0 l&rsquo;\u00e9tranger<\/strong> sous conditions et en fonction de leurs destinations. \u00ab\u00a0<em>Il faudra se tenir inform\u00e9\u00a0avant tout voyage \u00e0 l&rsquo;\u00e9tranger en consultant les conseils propos\u00e9s sur le site du minist\u00e8re des affaires \u00e9trang\u00e8res<\/em>\u00ab\u00a0, a indiqu\u00e9 le Premier Ministre.<\/p>\n<\/p><\/div>\n<p>[ad_2]<br \/>\n<br \/><a href=\"https:\/\/www.journaldesfemmes.fr\/maman\/enfant\/2626129-deplacements-en-famille-sorties-enfants-attestation-couvre-feu\/\">Source link <\/a><\/p>\n","protected":false},"excerpt":{"rendered":"<p>[ad_1] Fin de l&rsquo;attestation scolaire, reprises des activit\u00e9s sportives pour enfants, nouvelle attestation, retrouvailles pour No\u00ebl&#8230; On fait le point &hellip; <a href=\"https:\/\/www.affinite.fr\/index.php\/2020\/12\/16\/deplacements-en-famille-quelles-regles-en-couvre-feu\/\" class=\"more-link\">Plus <span class=\"screen-reader-text\">D\u00e9placements en famille\u00a0: quelles r\u00e8gles en couvre-feu\u00a0?<\/span> <span class=\"meta-nav\">&rarr;<\/span><\/a><\/p>\n","protected":false},"author":1,"featured_media":5662,"comment_status":"open","ping_status":"open","sticky":false,"template":"","format":"standard","meta":{"_sitemap_exclude":false,"_sitemap_priority":"","_sitemap_frequency":"","footnotes":""},"categories":[1],"tags":[],"class_list":["post-5661","post","type-post","status-publish","format-standard","has-post-thumbnail","hentry","category-tous"],"_links":{"self":[{"href":"https:\/\/www.affinite.fr\/index.php\/wp-json\/wp\/v2\/posts\/5661"}],"collection":[{"href":"https:\/\/www.affinite.fr\/index.php\/wp-json\/wp\/v2\/posts"}],"about":[{"href":"https:\/\/www.affinite.fr\/index.php\/wp-json\/wp\/v2\/types\/post"}],"author":[{"embeddable":true,"href":"https:\/\/www.affinite.fr\/index.php\/wp-json\/wp\/v2\/users\/1"}],"replies":[{"embeddable":true,"href":"https:\/\/www.affinite.fr\/index.php\/wp-json\/wp\/v2\/comments?post=5661"}],"version-history":[{"count":0,"href":"https:\/\/www.affinite.fr\/index.php\/wp-json\/wp\/v2\/posts\/5661\/revisions"}],"wp:featuredmedia":[{"embeddable":true,"href":"https:\/\/www.affinite.fr\/index.php\/wp-json\/wp\/v2\/media\/5662"}],"wp:attachment":[{"href":"https:\/\/www.affinite.fr\/index.php\/wp-json\/wp\/v2\/media?parent=5661"}],"wp:term":[{"taxonomy":"category","embeddable":true,"href":"https:\/\/www.affinite.fr\/index.php\/wp-json\/wp\/v2\/categories?post=5661"},{"taxonomy":"post_tag","embeddable":true,"href":"https:\/\/www.affinite.fr\/index.php\/wp-json\/wp\/v2\/tags?post=5661"}],"curies":[{"name":"wp","href":"https:\/\/api.w.org\/{rel}","templated":true}]}}