{"id":566,"date":"2020-03-12T18:36:22","date_gmt":"2020-03-12T18:36:22","guid":{"rendered":"https:\/\/www.affinite.fr\/index.php\/2020\/03\/12\/une-sirene-a-paris-le-realisateur-mathias-malzieu-nous-parle-de-son-conte-moderne-actus-cine\/"},"modified":"2020-03-12T18:36:22","modified_gmt":"2020-03-12T18:36:22","slug":"une-sirene-a-paris-le-realisateur-mathias-malzieu-nous-parle-de-son-conte-moderne-actus-cine","status":"publish","type":"post","link":"https:\/\/www.affinite.fr\/index.php\/2020\/03\/12\/une-sirene-a-paris-le-realisateur-mathias-malzieu-nous-parle-de-son-conte-moderne-actus-cine\/","title":{"rendered":"Une Sir\u00e8ne \u00e0 Paris : le r\u00e9alisateur Mathias Malzieu nous parle de son conte moderne &#8211; Actus Cin\u00e9"},"content":{"rendered":"<p> [ad_1]<br \/>\n<\/p>\n<p>Rencontre avec Mathias Malzieu \u00e0 l&rsquo;occasion de la sortie de son conte moderne \u00ab\u00a0Une Sir\u00e8ne \u00e0 Paris\u00a0\u00bb, emmen\u00e9 par Nicolas Duvauchelle et Marilyn Lima.<\/p>\n<div id=\"article-content\">\n<figure class=\"article-figure article-main-figure\"><img loading=\"lazy\" decoding=\"async\" class=\"article-figure-img\" width=\"640\" height=\"360\" src=\"http:\/\/fr.web.img4.acsta.net\/r_640_360\/newsv7\/20\/03\/05\/16\/30\/5175663.jpg\"\/><figcaption class=\"article-figcaption-copy\">Thibault Grabherr \/ Sony Pictures Entertainment France<\/figcaption><\/figure>\n<p><span>Rencontre avec <a title=\"Mathias Malzieu (France) (Sc\u00e9nariste,Compositeur,R\u00e9alisateur)\" href=\"http:\/\/www.allocine.fr\/personne\/fichepersonne_gen_cpersonne=213745.html\">Mathias Malzieu<\/a>\u00a0\u00e0 l&rsquo;occasion de la sortie de son conte moderne <a title=\"Une Sir\u00e8ne \u00e0 Paris (France) - 2019 (Fantastique,Drame)\" href=\"http:\/\/www.allocine.fr\/film\/fichefilm_gen_cfilm=269232.html\">Une Sir\u00e8ne \u00e0 Paris<\/a>, emmen\u00e9 par <a title=\"Nicolas Duvauchelle (France) (Acteur)\" href=\"http:\/\/www.allocine.fr\/personne\/fichepersonne_gen_cpersonne=31695.html\">Nicolas Duvauchelle<\/a>\u00a0et <a title=\"Marilyn Lima (France) (Acteur)\" href=\"http:\/\/www.allocine.fr\/personne\/fichepersonne_gen_cpersonne=745435.html\">Marilyn Lima<\/a>,\u00a0<\/span>une <i>\u00ab\u00a0histoire d&rsquo;amour impossible entre une sir\u00e8ne au chant mortel et un chanteur rock&rsquo;n&rsquo;roll\u00a0\u00bb.<\/i><\/p>\n<p><strong>AlloCin\u00e9 : Pouvez-vous nous pr\u00e9senter bri\u00e8vement le film ? Comment est n\u00e9e l&rsquo;id\u00e9e de cette histoire d&rsquo;amour atypique entre un homme\u00a0et une sir\u00e8ne ?<\/strong><\/p>\n<p><strong><span class=\"ACrL3BACrlcnNvbm5lL2ZpY2hlcGVyc29ubmVfZ2VuX2NwZXJzb25uZT0yMTM3NDUuaHRtbA==\" title=\"Mathias Malzieu (France) (Sc\u00e9nariste,Compositeur,R\u00e9alisateur)\">Mathias Malzieu<\/span>\u00a0:<\/strong> J\u2019ai r\u00eav\u00e9 ce film longtemps avant de l\u2019\u00e9crire. J\u2019en en r\u00eav\u00e9 si fort que j\u2019ai \u00e9crit en m\u00eame temps le script, le roman et les chansons du personnage principal. Cette histoire d\u2019amour impossible entre une sir\u00e8ne au chant mortel et un chanteur de rock&rsquo;n&rsquo;roll me hante depuis plus de quatre ans. J\u2019ai eu envie et besoin de cr\u00e9er tout un monde autour des personnages. De cuisiner le r\u00eave et la r\u00e9alit\u00e9, dont le dosage est au c\u0153ur du film. Tout est m\u00e9taphoriquement autobiographique, avec un d\u00e9sir de re-enchanter Paris dans un contexte post-attentat douloureux.<\/p>\n<p><strong>Quelles ont \u00e9t\u00e9 les influences pour ce film, qui semble creuser un peu plus le sillon de votre univers onirico-musical ?<\/strong><\/p>\n<p>La premi\u00e8re influence fut ma d\u00e9sastreuse situation amoureuse. L\u2019imagination et le rock&rsquo;n&rsquo;roll m\u2019ont toujours beaucoup aid\u00e9 \u00e0 surmonter les p\u00e9riodes de deuil. C\u2019est de l\u00e0 que l\u2019histoire est n\u00e9e. Dans un d\u00e9sir de retour \u00e0 la joie de combat, \u00e0 l\u2019enchantement et au panache.\u00a0J\u2019ai convoqu\u00e9 mes fant\u00f4mes pr\u00e9f\u00e9r\u00e9s : <a title=\"Johnny Cash (U.S.A.) (Acteur,Producteur,Sc\u00e9nariste)\" href=\"http:\/\/www.allocine.fr\/personne\/fichepersonne_gen_cpersonne=69103.html\">Johnny Cash<\/a>, la musique Mariachi, les muses, les westerns, les contes de f\u00e9e, le r\u00e9alisme magique.<\/p>\n<p><strong>Pouvez-vous nous dire deux mots sur le choix des com\u00e9diens et notamment celui de Marilyn Lima pour le r\u00f4le, peu commun, de la sir\u00e8ne ?<\/strong><\/p>\n<p><span class=\"ACrL3BACrlcnNvbm5lL2ZpY2hlcGVyc29ubmVfZ2VuX2NwZXJzb25uZT0zMTY5NS5odG1s\" title=\"Nicolas Duvauchelle (France) (Acteur)\">Nicolas Duvauchelle<\/span>\u00a0m\u2019a toujours beaucoup touch\u00e9. Sa pr\u00e9sence physique d\u2019\u00e9corch\u00e9 vif et cette tendresse folle qui le rendent si attachant. Il \u00e9tait le personnage, le miroir fonctionnait, il ne restait plus qu\u2019\u00e0 transposer. Il avait tr\u00e8s envie de montrer un c\u00f4t\u00e9 plus lumineux et ludique. Son \u00e9nergie brute sert le personnage et sert le film.<\/p>\n<p><span class=\"ACrL3BACrlcnNvbm5lL2ZpY2hlcGVyc29ubmVfZ2VuX2NwZXJzb25uZT03NDU0MzUuaHRtbA==\" title=\"Marilyn Lima (France) (Acteur)\">Marilyn Lima<\/span>\u00a0est une sir\u00e8ne. Une vraie. Tout au moins une cr\u00e9ature. Ses tr\u00e8s grands yeux donnent \u00e0 sa beaut\u00e9 une forme d\u2019\u00e9tranget\u00e9. Une fragilit\u00e9, un myst\u00e8re. Une amie m\u2019avait envoy\u00e9 une photo d\u2019elle en me disant <i>\u00ab\u00a0Regarde ! On dirait qu\u2019elle sort d\u2019un de tes livres\u00a0\u00bb<\/i>. Quand je l\u2019ai rencontr\u00e9, son hypersensibilit\u00e9 a fait \u00e9cho au personnage. Comme Nicolas pour Gaspard, il y avait une forme d\u2019\u00e9vidence. En plus, l\u2019un comme l\u2019autre ont accept\u00e9 de relever le challenge de chanter dans le film, ce qui augmente encore le pouvoir d\u2019incarnation.<\/p>\n<p><i>Propos recueillis \u00e0 Paris le 15 janvier 2020<\/i><\/p>\n<p><span><strong>L&rsquo;album \u00ab\u00a0Surprisier\u00a0\u00bb de Dionysos (le groupe de Mathias Malzieu), avec des morceaux du film \u00ab\u00a0Une Sir\u00e8ne \u00e0 Paris\u00a0\u00bb :<\/strong><\/span><\/p>\n<p><iframe loading=\"lazy\" src=\"https:\/\/open.spotify.com\/embed\/album\/5ZZQn9yj5Cqc1kvvBEM1am\" width=\"300\" height=\"380\" frameborder=\"0\" allowtransparency=\"true\" allow=\"encrypted-media\"><\/iframe><\/p>\n<\/p><\/div>\n<p>[ad_2]<br \/>\n<br \/><a href=\"http:\/\/rss.allocine.fr\/~r\/ac\/actualites\/~3\/9ZBDekyWfuA\/fichearticle_gen_carticle=18688241.html\">Source link <\/a><\/p>\n","protected":false},"excerpt":{"rendered":"<p>[ad_1] Rencontre avec Mathias Malzieu \u00e0 l&rsquo;occasion de la sortie de son conte moderne \u00ab\u00a0Une Sir\u00e8ne \u00e0 Paris\u00a0\u00bb, emmen\u00e9 par &hellip; <a href=\"https:\/\/www.affinite.fr\/index.php\/2020\/03\/12\/une-sirene-a-paris-le-realisateur-mathias-malzieu-nous-parle-de-son-conte-moderne-actus-cine\/\" class=\"more-link\">Plus <span class=\"screen-reader-text\">Une Sir\u00e8ne \u00e0 Paris : le r\u00e9alisateur Mathias Malzieu nous parle de son conte moderne &#8211; Actus Cin\u00e9<\/span> <span class=\"meta-nav\">&rarr;<\/span><\/a><\/p>\n","protected":false},"author":1,"featured_media":567,"comment_status":"open","ping_status":"open","sticky":false,"template":"","format":"standard","meta":{"_sitemap_exclude":false,"_sitemap_priority":"","_sitemap_frequency":"","footnotes":""},"categories":[1],"tags":[],"class_list":["post-566","post","type-post","status-publish","format-standard","has-post-thumbnail","hentry","category-tous"],"_links":{"self":[{"href":"https:\/\/www.affinite.fr\/index.php\/wp-json\/wp\/v2\/posts\/566"}],"collection":[{"href":"https:\/\/www.affinite.fr\/index.php\/wp-json\/wp\/v2\/posts"}],"about":[{"href":"https:\/\/www.affinite.fr\/index.php\/wp-json\/wp\/v2\/types\/post"}],"author":[{"embeddable":true,"href":"https:\/\/www.affinite.fr\/index.php\/wp-json\/wp\/v2\/users\/1"}],"replies":[{"embeddable":true,"href":"https:\/\/www.affinite.fr\/index.php\/wp-json\/wp\/v2\/comments?post=566"}],"version-history":[{"count":0,"href":"https:\/\/www.affinite.fr\/index.php\/wp-json\/wp\/v2\/posts\/566\/revisions"}],"wp:featuredmedia":[{"embeddable":true,"href":"https:\/\/www.affinite.fr\/index.php\/wp-json\/wp\/v2\/media\/567"}],"wp:attachment":[{"href":"https:\/\/www.affinite.fr\/index.php\/wp-json\/wp\/v2\/media?parent=566"}],"wp:term":[{"taxonomy":"category","embeddable":true,"href":"https:\/\/www.affinite.fr\/index.php\/wp-json\/wp\/v2\/categories?post=566"},{"taxonomy":"post_tag","embeddable":true,"href":"https:\/\/www.affinite.fr\/index.php\/wp-json\/wp\/v2\/tags?post=566"}],"curies":[{"name":"wp","href":"https:\/\/api.w.org\/{rel}","templated":true}]}}